{"id":5941,"date":"2021-08-31T00:01:00","date_gmt":"2021-08-30T23:01:00","guid":{"rendered":"https:\/\/lasentinelle.dz\/?p=5941"},"modified":"2021-08-30T17:08:50","modified_gmt":"2021-08-30T16:08:50","slug":"coronavirus-loms-salarme-de-la-hausse-des-morts-en-europe","status":"publish","type":"post","link":"https:\/\/lasentinelle.dz\/index.php\/2021\/08\/31\/coronavirus-loms-salarme-de-la-hausse-des-morts-en-europe\/","title":{"rendered":"Coronavirus : L&rsquo;OMS s&rsquo;alarme de la hausse des morts en Europe"},"content":{"rendered":"\n<p>La pand\u00e9mie de Covid-19 a fait au moins 4,5 millions de morts dans le monde depuis fin d\u00e9cembre 2019, selon un bilan \u00e9tabli lundi vers les 10H00 GMT par l&rsquo;AFP \u00e0 partir de sources officielles.Avec 1.290 d\u00e9c\u00e8s quotidiens en moyenne ces 7 derniers jours, les \u00c9tats-Unis sont redevenus le pays d\u00e9plorant le plus de nouveaux d\u00e9c\u00e8s dans le monde.Les Etats-Unis sont \u00e9galement le pays le plus touch\u00e9 au monde depuis le d\u00e9but de la pand\u00e9mie, avec 637.539 morts, devant le Br\u00e9sil (579.308), l&rsquo;Inde (438.210), le Mexique (258.165) et le P\u00e9rou (198.167).L&rsquo;OMS estime, en prenant en compte la surmortalit\u00e9 directement et indirectement li\u00e9e au Covid-19, que le bilan de la pand\u00e9mie pourrait \u00eatre deux \u00e0 trois fois plus \u00e9lev\u00e9 que celui qui est calcul\u00e9 \u00e0 partir des chiffres officiels.<\/p>\n\n\n\n<p>L&rsquo;Organisation mondiale de la sant\u00e9 (OMS) redoute que la pand\u00e9mie de Covid-19 fasse 236.000 morts suppl\u00e9mentaires en Europe d&rsquo;ici le 1er d\u00e9cembre, se d\u00e9clarant hier pr\u00e9occup\u00e9e par la r\u00e9cente \u00ab\u00a0stagnation\u00a0\u00bb du rythme des vaccinations sur le continent.\u00a0\u00bbLa semaine derni\u00e8re, le nombre de morts dans la r\u00e9gion a augment\u00e9 de 11%, avec une projection fiable pr\u00e9voyant 236.000 morts en Europe d&rsquo;ici au 1er d\u00e9cembre\u00a0\u00bb, s&rsquo;ajoutant au 1,3 million de d\u00e9c\u00e8s d\u00e9j\u00e0 provoqu\u00e9s par la pand\u00e9mie sur le Vieux continent, a d\u00e9clar\u00e9 le directeur de l&rsquo;OMS Europe, Hans Kluge, lors d&rsquo;une conf\u00e9rence de presse.Les pays de la r\u00e9gion ont vu les taux d&rsquo;infection augmenter \u00e0 mesure que l&rsquo;ancrage du variant Delta, plus contagieux, s&rsquo;affirme, en particulier chez les personnes non vaccin\u00e9es. Sur les 53 \u00e9tats membres de la r\u00e9gion, 33 ont signal\u00e9 une hausse sup\u00e9rieure \u00e0 10% de l&rsquo;incidence des cas sur deux semaines, a soulign\u00e9 M. Kluge.Outre la forte transmissibilit\u00e9 du variant Delta, un \u00ab\u00a0assouplissement exag\u00e9r\u00e9\u00a0\u00bb des restrictions et une augmentation des voyages cet \u00e9t\u00e9 est \u00e0 l&rsquo;origine de la hausse des cas. D&rsquo;autant que le rythme des vaccinations a ralenti. \u00ab\u00a0Au cours des six derni\u00e8res semaines, le taux a chut\u00e9 de 14%, en raison d&rsquo;un manque d&rsquo;acc\u00e8s aux vaccins dans certains pays et d&rsquo;un manque d&rsquo;acceptation des vaccins dans d&rsquo;autres\u00a0\u00bb, a relev\u00e9 M. Kluge, appelant \u00e0 augmenter la capacit\u00e9 de production et \u00e0 d\u00e9passer les tentations nationalistes en partageant les doses.Si trois quarts des soignants dans l&rsquo;ensemble de l&rsquo;Europe sont vaccin\u00e9s, dans certains pays europ\u00e9ens ils ne sont qu&rsquo;un sur 10, selon l&rsquo;organisation onusienne.En Europe, seuls 6% des habitants des pays \u00e0 revenu faible et \u00e0 revenu interm\u00e9diaire inf\u00e9rieur sont enti\u00e8rement vaccin\u00e9s, a-t-il indiqu\u00e9, rappelant que l&rsquo;OMS recommandait une couverture vaccinale de 80% pour tourner la page de la pand\u00e9mie.Selon des donn\u00e9es de l&rsquo;OMS, en huit mois, pr\u00e8s de 850 millions de doses ont \u00e9t\u00e9 administr\u00e9es dans la r\u00e9gion qui s&rsquo;\u00e9tend \u00e0 l&rsquo;Asie centrale. Au niveau mondial, 5,239 milliards de doses ont \u00e9t\u00e9 distribu\u00e9es. Au total, au moins 216,3 millions de personnes ont \u00e9t\u00e9 malades du Covid-19 dans le monde et au moins 4,5 millions sont d\u00e9c\u00e9d\u00e9es depuis fin d\u00e9cembre 2019, selon un bilan \u00e9tabli lundi par l&rsquo;AFP \u00e0 partir de sources officielles.<\/p>\n\n\n\n<p>R.I. avec AFP<\/p>\n","protected":false},"excerpt":{"rendered":"<p>La pand\u00e9mie de Covid-19 a fait au moins 4,5 millions de morts dans le monde depuis fin d\u00e9cembre 2019, selon<\/p>\n","protected":false},"author":3,"featured_media":5949,"comment_status":"open","ping_status":"closed","sticky":false,"template":"","format":"standard","meta":{"colormag_page_container_layout":"default_layout","colormag_page_sidebar_layout":"default_layout","om_disable_all_campaigns":false,"_monsterinsights_skip_tracking":false,"_monsterinsights_sitenote_active":false,"_monsterinsights_sitenote_note":"","_monsterinsights_sitenote_category":0,"footnotes":"","_wpscppro_dont_share_socialmedia":false,"_wpscppro_custom_social_share_image":0,"_facebook_share_type":"","_twitter_share_type":"","_linkedin_share_type":"","_pinterest_share_type":"","_linkedin_share_type_page":"","_instagram_share_type":"","_medium_share_type":"","_threads_share_type":"","_google_business_share_type":"","_selected_social_profile":[],"_wpsp_enable_custom_social_template":false,"_wpsp_social_scheduling":{"enabled":false,"datetime":null,"platforms":[],"status":"template_only","dateOption":"today","timeOption":"now","customDays":"","customHours":"","customDate":"","customTime":"","schedulingType":"absolute"},"_wpsp_active_default_template":true},"categories":[37],"tags":[],"class_list":["post-5941","post","type-post","status-publish","format-standard","has-post-thumbnail","hentry","category-monde"],"aioseo_notices":[],"yoast_head":"<!-- This site is optimized with the Yoast SEO plugin v27.5 - https:\/\/yoast.com\/product\/yoast-seo-wordpress\/ -->\n<title>Coronavirus : L&#039;OMS s&#039;alarme de la hausse des morts en Europe - La Sentinelle<\/title>\n<meta name=\"robots\" content=\"index, follow, max-snippet:-1, max-image-preview:large, max-video-preview:-1\" \/>\n<link rel=\"canonical\" href=\"https:\/\/lasentinelle.dz\/index.php\/2021\/08\/31\/coronavirus-loms-salarme-de-la-hausse-des-morts-en-europe\/\" \/>\n<meta property=\"og:locale\" content=\"fr_FR\" \/>\n<meta property=\"og:type\" content=\"article\" \/>\n<meta property=\"og:title\" content=\"Coronavirus : L&#039;OMS s&#039;alarme de la hausse des morts en Europe - La Sentinelle\" \/>\n<meta property=\"og:description\" content=\"La pand\u00e9mie de Covid-19 a fait au moins 4,5 millions de morts dans le monde depuis fin d\u00e9cembre 2019, selon\" \/>\n<meta property=\"og:url\" content=\"https:\/\/lasentinelle.dz\/index.php\/2021\/08\/31\/coronavirus-loms-salarme-de-la-hausse-des-morts-en-europe\/\" \/>\n<meta property=\"og:site_name\" content=\"La Sentinelle\" \/>\n<meta property=\"article:publisher\" content=\"https:\/\/www.facebook.com\/La-Sentinelle-104059864394773\" \/>\n<meta property=\"article:published_time\" content=\"2021-08-30T23:01:00+00:00\" \/>\n<meta property=\"og:image\" content=\"https:\/\/lasentinelle.dz\/wp-content\/uploads\/2021\/08\/image_2021-08-30_170834.png\" \/>\n\t<meta property=\"og:image:width\" content=\"1280\" \/>\n\t<meta property=\"og:image:height\" content=\"720\" \/>\n\t<meta property=\"og:image:type\" content=\"image\/png\" \/>\n<meta name=\"author\" content=\"La Sentinelle\" \/>\n<meta name=\"twitter:card\" content=\"summary_large_image\" \/>\n<meta name=\"twitter:label1\" content=\"\u00c9crit par\" \/>\n\t<meta name=\"twitter:data1\" content=\"La Sentinelle\" \/>\n\t<meta name=\"twitter:label2\" content=\"Dur\u00e9e de lecture estim\u00e9e\" \/>\n\t<meta name=\"twitter:data2\" content=\"3 minutes\" \/>\n<script type=\"application\/ld+json\" class=\"yoast-schema-graph\">{\"@context\":\"https:\\\/\\\/schema.org\",\"@graph\":[{\"@type\":\"Article\",\"@id\":\"https:\\\/\\\/lasentinelle.dz\\\/index.php\\\/2021\\\/08\\\/31\\\/coronavirus-loms-salarme-de-la-hausse-des-morts-en-europe\\\/#article\",\"isPartOf\":{\"@id\":\"https:\\\/\\\/lasentinelle.dz\\\/index.php\\\/2021\\\/08\\\/31\\\/coronavirus-loms-salarme-de-la-hausse-des-morts-en-europe\\\/\"},\"author\":{\"name\":\"La Sentinelle\",\"@id\":\"https:\\\/\\\/lasentinelle.dz\\\/#\\\/schema\\\/person\\\/d865044e22e70a75174ce8bcad3acfb3\"},\"headline\":\"Coronavirus : L&rsquo;OMS s&rsquo;alarme de la hausse des morts en Europe\",\"datePublished\":\"2021-08-30T23:01:00+00:00\",\"mainEntityOfPage\":{\"@id\":\"https:\\\/\\\/lasentinelle.dz\\\/index.php\\\/2021\\\/08\\\/31\\\/coronavirus-loms-salarme-de-la-hausse-des-morts-en-europe\\\/\"},\"wordCount\":563,\"commentCount\":0,\"publisher\":{\"@id\":\"https:\\\/\\\/lasentinelle.dz\\\/#organization\"},\"image\":{\"@id\":\"https:\\\/\\\/lasentinelle.dz\\\/index.php\\\/2021\\\/08\\\/31\\\/coronavirus-loms-salarme-de-la-hausse-des-morts-en-europe\\\/#primaryimage\"},\"thumbnailUrl\":\"https:\\\/\\\/lasentinelle.dz\\\/wp-content\\\/uploads\\\/2021\\\/08\\\/image_2021-08-30_170834.png\",\"articleSection\":[\"Monde\"],\"inLanguage\":\"fr-FR\",\"potentialAction\":[{\"@type\":\"CommentAction\",\"name\":\"Comment\",\"target\":[\"https:\\\/\\\/lasentinelle.dz\\\/index.php\\\/2021\\\/08\\\/31\\\/coronavirus-loms-salarme-de-la-hausse-des-morts-en-europe\\\/#respond\"]}]},{\"@type\":\"WebPage\",\"@id\":\"https:\\\/\\\/lasentinelle.dz\\\/index.php\\\/2021\\\/08\\\/31\\\/coronavirus-loms-salarme-de-la-hausse-des-morts-en-europe\\\/\",\"url\":\"https:\\\/\\\/lasentinelle.dz\\\/index.php\\\/2021\\\/08\\\/31\\\/coronavirus-loms-salarme-de-la-hausse-des-morts-en-europe\\\/\",\"name\":\"Coronavirus : L'OMS s'alarme de la hausse des morts en Europe - La Sentinelle\",\"isPartOf\":{\"@id\":\"https:\\\/\\\/lasentinelle.dz\\\/#website\"},\"primaryImageOfPage\":{\"@id\":\"https:\\\/\\\/lasentinelle.dz\\\/index.php\\\/2021\\\/08\\\/31\\\/coronavirus-loms-salarme-de-la-hausse-des-morts-en-europe\\\/#primaryimage\"},\"image\":{\"@id\":\"https:\\\/\\\/lasentinelle.dz\\\/index.php\\\/2021\\\/08\\\/31\\\/coronavirus-loms-salarme-de-la-hausse-des-morts-en-europe\\\/#primaryimage\"},\"thumbnailUrl\":\"https:\\\/\\\/lasentinelle.dz\\\/wp-content\\\/uploads\\\/2021\\\/08\\\/image_2021-08-30_170834.png\",\"datePublished\":\"2021-08-30T23:01:00+00:00\",\"breadcrumb\":{\"@id\":\"https:\\\/\\\/lasentinelle.dz\\\/index.php\\\/2021\\\/08\\\/31\\\/coronavirus-loms-salarme-de-la-hausse-des-morts-en-europe\\\/#breadcrumb\"},\"inLanguage\":\"fr-FR\",\"potentialAction\":[{\"@type\":\"ReadAction\",\"target\":[\"https:\\\/\\\/lasentinelle.dz\\\/index.php\\\/2021\\\/08\\\/31\\\/coronavirus-loms-salarme-de-la-hausse-des-morts-en-europe\\\/\"]}]},{\"@type\":\"ImageObject\",\"inLanguage\":\"fr-FR\",\"@id\":\"https:\\\/\\\/lasentinelle.dz\\\/index.php\\\/2021\\\/08\\\/31\\\/coronavirus-loms-salarme-de-la-hausse-des-morts-en-europe\\\/#primaryimage\",\"url\":\"https:\\\/\\\/lasentinelle.dz\\\/wp-content\\\/uploads\\\/2021\\\/08\\\/image_2021-08-30_170834.png\",\"contentUrl\":\"https:\\\/\\\/lasentinelle.dz\\\/wp-content\\\/uploads\\\/2021\\\/08\\\/image_2021-08-30_170834.png\",\"width\":1280,\"height\":720},{\"@type\":\"BreadcrumbList\",\"@id\":\"https:\\\/\\\/lasentinelle.dz\\\/index.php\\\/2021\\\/08\\\/31\\\/coronavirus-loms-salarme-de-la-hausse-des-morts-en-europe\\\/#breadcrumb\",\"itemListElement\":[{\"@type\":\"ListItem\",\"position\":1,\"name\":\"Accueil\",\"item\":\"https:\\\/\\\/lasentinelle.dz\\\/\"},{\"@type\":\"ListItem\",\"position\":2,\"name\":\"Coronavirus : L&rsquo;OMS s&rsquo;alarme de la hausse des morts en Europe\"}]},{\"@type\":\"WebSite\",\"@id\":\"https:\\\/\\\/lasentinelle.dz\\\/#website\",\"url\":\"https:\\\/\\\/lasentinelle.dz\\\/\",\"name\":\"La Sentinelle\",\"description\":\"Quotidien national d&#039;information\",\"publisher\":{\"@id\":\"https:\\\/\\\/lasentinelle.dz\\\/#organization\"},\"potentialAction\":[{\"@type\":\"SearchAction\",\"target\":{\"@type\":\"EntryPoint\",\"urlTemplate\":\"https:\\\/\\\/lasentinelle.dz\\\/?s={search_term_string}\"},\"query-input\":{\"@type\":\"PropertyValueSpecification\",\"valueRequired\":true,\"valueName\":\"search_term_string\"}}],\"inLanguage\":\"fr-FR\"},{\"@type\":\"Organization\",\"@id\":\"https:\\\/\\\/lasentinelle.dz\\\/#organization\",\"name\":\"Quotidien La Sentinelle\",\"url\":\"https:\\\/\\\/lasentinelle.dz\\\/\",\"logo\":{\"@type\":\"ImageObject\",\"inLanguage\":\"fr-FR\",\"@id\":\"https:\\\/\\\/lasentinelle.dz\\\/#\\\/schema\\\/logo\\\/image\\\/\",\"url\":\"https:\\\/\\\/lasentinelle.dz\\\/wp-content\\\/uploads\\\/2021\\\/09\\\/logo-sentinelleSLOGAN-1.png\",\"contentUrl\":\"https:\\\/\\\/lasentinelle.dz\\\/wp-content\\\/uploads\\\/2021\\\/09\\\/logo-sentinelleSLOGAN-1.png\",\"width\":615,\"height\":142,\"caption\":\"Quotidien La Sentinelle\"},\"image\":{\"@id\":\"https:\\\/\\\/lasentinelle.dz\\\/#\\\/schema\\\/logo\\\/image\\\/\"},\"sameAs\":[\"https:\\\/\\\/www.facebook.com\\\/La-Sentinelle-104059864394773\"]},{\"@type\":\"Person\",\"@id\":\"https:\\\/\\\/lasentinelle.dz\\\/#\\\/schema\\\/person\\\/d865044e22e70a75174ce8bcad3acfb3\",\"name\":\"La Sentinelle\",\"image\":{\"@type\":\"ImageObject\",\"inLanguage\":\"fr-FR\",\"@id\":\"https:\\\/\\\/secure.gravatar.com\\\/avatar\\\/57de8e5d4b15d43fb361a71fbb36338450fe67865b528a43dd10ef7c51a20392?s=96&d=mm&r=g\",\"url\":\"https:\\\/\\\/secure.gravatar.com\\\/avatar\\\/57de8e5d4b15d43fb361a71fbb36338450fe67865b528a43dd10ef7c51a20392?s=96&d=mm&r=g\",\"contentUrl\":\"https:\\\/\\\/secure.gravatar.com\\\/avatar\\\/57de8e5d4b15d43fb361a71fbb36338450fe67865b528a43dd10ef7c51a20392?s=96&d=mm&r=g\",\"caption\":\"La Sentinelle\"},\"sameAs\":[\"http:\\\/\\\/www.lasentinelle.dz\"],\"url\":\"https:\\\/\\\/lasentinelle.dz\\\/author\\\/redaction\\\/\"}]}<\/script>\n<!-- \/ Yoast SEO plugin. -->","yoast_head_json":{"title":"Coronavirus : L'OMS s'alarme de la hausse des morts en Europe - La Sentinelle","robots":{"index":"index","follow":"follow","max-snippet":"max-snippet:-1","max-image-preview":"max-image-preview:large","max-video-preview":"max-video-preview:-1"},"canonical":"https:\/\/lasentinelle.dz\/index.php\/2021\/08\/31\/coronavirus-loms-salarme-de-la-hausse-des-morts-en-europe\/","og_locale":"fr_FR","og_type":"article","og_title":"Coronavirus : L'OMS s'alarme de la hausse des morts en Europe - La Sentinelle","og_description":"La pand\u00e9mie de Covid-19 a fait au moins 4,5 millions de morts dans le monde depuis fin d\u00e9cembre 2019, selon","og_url":"https:\/\/lasentinelle.dz\/index.php\/2021\/08\/31\/coronavirus-loms-salarme-de-la-hausse-des-morts-en-europe\/","og_site_name":"La Sentinelle","article_publisher":"https:\/\/www.facebook.com\/La-Sentinelle-104059864394773","article_published_time":"2021-08-30T23:01:00+00:00","og_image":[{"width":1280,"height":720,"url":"https:\/\/lasentinelle.dz\/wp-content\/uploads\/2021\/08\/image_2021-08-30_170834.png","type":"image\/png"}],"author":"La Sentinelle","twitter_card":"summary_large_image","twitter_misc":{"\u00c9crit par":"La Sentinelle","Dur\u00e9e de lecture estim\u00e9e":"3 minutes"},"schema":{"@context":"https:\/\/schema.org","@graph":[{"@type":"Article","@id":"https:\/\/lasentinelle.dz\/index.php\/2021\/08\/31\/coronavirus-loms-salarme-de-la-hausse-des-morts-en-europe\/#article","isPartOf":{"@id":"https:\/\/lasentinelle.dz\/index.php\/2021\/08\/31\/coronavirus-loms-salarme-de-la-hausse-des-morts-en-europe\/"},"author":{"name":"La Sentinelle","@id":"https:\/\/lasentinelle.dz\/#\/schema\/person\/d865044e22e70a75174ce8bcad3acfb3"},"headline":"Coronavirus : L&rsquo;OMS s&rsquo;alarme de la hausse des morts en Europe","datePublished":"2021-08-30T23:01:00+00:00","mainEntityOfPage":{"@id":"https:\/\/lasentinelle.dz\/index.php\/2021\/08\/31\/coronavirus-loms-salarme-de-la-hausse-des-morts-en-europe\/"},"wordCount":563,"commentCount":0,"publisher":{"@id":"https:\/\/lasentinelle.dz\/#organization"},"image":{"@id":"https:\/\/lasentinelle.dz\/index.php\/2021\/08\/31\/coronavirus-loms-salarme-de-la-hausse-des-morts-en-europe\/#primaryimage"},"thumbnailUrl":"https:\/\/lasentinelle.dz\/wp-content\/uploads\/2021\/08\/image_2021-08-30_170834.png","articleSection":["Monde"],"inLanguage":"fr-FR","potentialAction":[{"@type":"CommentAction","name":"Comment","target":["https:\/\/lasentinelle.dz\/index.php\/2021\/08\/31\/coronavirus-loms-salarme-de-la-hausse-des-morts-en-europe\/#respond"]}]},{"@type":"WebPage","@id":"https:\/\/lasentinelle.dz\/index.php\/2021\/08\/31\/coronavirus-loms-salarme-de-la-hausse-des-morts-en-europe\/","url":"https:\/\/lasentinelle.dz\/index.php\/2021\/08\/31\/coronavirus-loms-salarme-de-la-hausse-des-morts-en-europe\/","name":"Coronavirus : L'OMS s'alarme de la hausse des morts en Europe - La Sentinelle","isPartOf":{"@id":"https:\/\/lasentinelle.dz\/#website"},"primaryImageOfPage":{"@id":"https:\/\/lasentinelle.dz\/index.php\/2021\/08\/31\/coronavirus-loms-salarme-de-la-hausse-des-morts-en-europe\/#primaryimage"},"image":{"@id":"https:\/\/lasentinelle.dz\/index.php\/2021\/08\/31\/coronavirus-loms-salarme-de-la-hausse-des-morts-en-europe\/#primaryimage"},"thumbnailUrl":"https:\/\/lasentinelle.dz\/wp-content\/uploads\/2021\/08\/image_2021-08-30_170834.png","datePublished":"2021-08-30T23:01:00+00:00","breadcrumb":{"@id":"https:\/\/lasentinelle.dz\/index.php\/2021\/08\/31\/coronavirus-loms-salarme-de-la-hausse-des-morts-en-europe\/#breadcrumb"},"inLanguage":"fr-FR","potentialAction":[{"@type":"ReadAction","target":["https:\/\/lasentinelle.dz\/index.php\/2021\/08\/31\/coronavirus-loms-salarme-de-la-hausse-des-morts-en-europe\/"]}]},{"@type":"ImageObject","inLanguage":"fr-FR","@id":"https:\/\/lasentinelle.dz\/index.php\/2021\/08\/31\/coronavirus-loms-salarme-de-la-hausse-des-morts-en-europe\/#primaryimage","url":"https:\/\/lasentinelle.dz\/wp-content\/uploads\/2021\/08\/image_2021-08-30_170834.png","contentUrl":"https:\/\/lasentinelle.dz\/wp-content\/uploads\/2021\/08\/image_2021-08-30_170834.png","width":1280,"height":720},{"@type":"BreadcrumbList","@id":"https:\/\/lasentinelle.dz\/index.php\/2021\/08\/31\/coronavirus-loms-salarme-de-la-hausse-des-morts-en-europe\/#breadcrumb","itemListElement":[{"@type":"ListItem","position":1,"name":"Accueil","item":"https:\/\/lasentinelle.dz\/"},{"@type":"ListItem","position":2,"name":"Coronavirus : L&rsquo;OMS s&rsquo;alarme de la hausse des morts en Europe"}]},{"@type":"WebSite","@id":"https:\/\/lasentinelle.dz\/#website","url":"https:\/\/lasentinelle.dz\/","name":"La Sentinelle","description":"Quotidien national d&#039;information","publisher":{"@id":"https:\/\/lasentinelle.dz\/#organization"},"potentialAction":[{"@type":"SearchAction","target":{"@type":"EntryPoint","urlTemplate":"https:\/\/lasentinelle.dz\/?s={search_term_string}"},"query-input":{"@type":"PropertyValueSpecification","valueRequired":true,"valueName":"search_term_string"}}],"inLanguage":"fr-FR"},{"@type":"Organization","@id":"https:\/\/lasentinelle.dz\/#organization","name":"Quotidien La Sentinelle","url":"https:\/\/lasentinelle.dz\/","logo":{"@type":"ImageObject","inLanguage":"fr-FR","@id":"https:\/\/lasentinelle.dz\/#\/schema\/logo\/image\/","url":"https:\/\/lasentinelle.dz\/wp-content\/uploads\/2021\/09\/logo-sentinelleSLOGAN-1.png","contentUrl":"https:\/\/lasentinelle.dz\/wp-content\/uploads\/2021\/09\/logo-sentinelleSLOGAN-1.png","width":615,"height":142,"caption":"Quotidien La Sentinelle"},"image":{"@id":"https:\/\/lasentinelle.dz\/#\/schema\/logo\/image\/"},"sameAs":["https:\/\/www.facebook.com\/La-Sentinelle-104059864394773"]},{"@type":"Person","@id":"https:\/\/lasentinelle.dz\/#\/schema\/person\/d865044e22e70a75174ce8bcad3acfb3","name":"La Sentinelle","image":{"@type":"ImageObject","inLanguage":"fr-FR","@id":"https:\/\/secure.gravatar.com\/avatar\/57de8e5d4b15d43fb361a71fbb36338450fe67865b528a43dd10ef7c51a20392?s=96&d=mm&r=g","url":"https:\/\/secure.gravatar.com\/avatar\/57de8e5d4b15d43fb361a71fbb36338450fe67865b528a43dd10ef7c51a20392?s=96&d=mm&r=g","contentUrl":"https:\/\/secure.gravatar.com\/avatar\/57de8e5d4b15d43fb361a71fbb36338450fe67865b528a43dd10ef7c51a20392?s=96&d=mm&r=g","caption":"La Sentinelle"},"sameAs":["http:\/\/www.lasentinelle.dz"],"url":"https:\/\/lasentinelle.dz\/author\/redaction\/"}]}},"_links":{"self":[{"href":"https:\/\/lasentinelle.dz\/index.php\/wp-json\/wp\/v2\/posts\/5941","targetHints":{"allow":["GET"]}}],"collection":[{"href":"https:\/\/lasentinelle.dz\/index.php\/wp-json\/wp\/v2\/posts"}],"about":[{"href":"https:\/\/lasentinelle.dz\/index.php\/wp-json\/wp\/v2\/types\/post"}],"author":[{"embeddable":true,"href":"https:\/\/lasentinelle.dz\/index.php\/wp-json\/wp\/v2\/users\/3"}],"replies":[{"embeddable":true,"href":"https:\/\/lasentinelle.dz\/index.php\/wp-json\/wp\/v2\/comments?post=5941"}],"version-history":[{"count":1,"href":"https:\/\/lasentinelle.dz\/index.php\/wp-json\/wp\/v2\/posts\/5941\/revisions"}],"predecessor-version":[{"id":5950,"href":"https:\/\/lasentinelle.dz\/index.php\/wp-json\/wp\/v2\/posts\/5941\/revisions\/5950"}],"wp:featuredmedia":[{"embeddable":true,"href":"https:\/\/lasentinelle.dz\/index.php\/wp-json\/wp\/v2\/media\/5949"}],"wp:attachment":[{"href":"https:\/\/lasentinelle.dz\/index.php\/wp-json\/wp\/v2\/media?parent=5941"}],"wp:term":[{"taxonomy":"category","embeddable":true,"href":"https:\/\/lasentinelle.dz\/index.php\/wp-json\/wp\/v2\/categories?post=5941"},{"taxonomy":"post_tag","embeddable":true,"href":"https:\/\/lasentinelle.dz\/index.php\/wp-json\/wp\/v2\/tags?post=5941"}],"curies":[{"name":"wp","href":"https:\/\/api.w.org\/{rel}","templated":true}]}}