{"id":59418,"date":"2024-11-17T12:05:18","date_gmt":"2024-11-17T11:05:18","guid":{"rendered":"https:\/\/lasentinelle.dz\/?p=59418"},"modified":"2024-11-17T12:05:18","modified_gmt":"2024-11-17T11:05:18","slug":"can-2025-u20-les-jeunes-verts-a-lheure-de-verite","status":"publish","type":"post","link":"https:\/\/lasentinelle.dz\/index.php\/2024\/11\/17\/can-2025-u20-les-jeunes-verts-a-lheure-de-verite\/","title":{"rendered":"CAN-2025 (U20): Les jeunes Verts \u00e0 l&rsquo;heure de v\u00e9rit\u00e9"},"content":{"rendered":"\n<p>Les espoirs du football nationale seront \u00e0 l&rsquo;\u00e9preuve aujourd\u2019hui en \u00c9gypte, alors que deux s\u00e9lections nationales de jeunes jouent leur avenir dans les qualifications pour la Coupe d&rsquo;Afrique des Nations 2025. Les U20 entament leur parcours pendant que les U17 jouent d\u00e9j\u00e0 leur va-tout.<\/p>\n\n\n\n<p>C&rsquo;est un rendez-vous crucial qui attend la s\u00e9lection nationale des moins de 20 ans ce dimanche \u00e0 19h00 au stade de Suez. Face \u00e0 l&rsquo;\u00c9gypte, pays h\u00f4te du tournoi qualificatif de l&rsquo;Union nord-africaine (UNAF), les hommes de Yacine Mana\u00e2 feront leurs premiers pas dans une comp\u00e9tition o\u00f9 l&rsquo;enjeu est consid\u00e9rable : d\u00e9crocher l&rsquo;un des deux tickets qualificatifs pour la CAN-2025. Le s\u00e9lectionneur national affiche d&rsquo;ailleurs une confiance sans d\u00e9tour : \u00ab\u00a0Je vais \u00eatre franc et assumer toutes mes responsabilit\u00e9s, il n&rsquo;y aura aucune excuse pour rater ce rendez-vous\u00a0\u00bb, d\u00e9clare-t-il avec assurance. \u00ab\u00a0Nous nous sommes bien pr\u00e9par\u00e9s pour ce tournoi et notre \u00e9quipe poss\u00e8de le talent n\u00e9cessaire pour d\u00e9crocher la qualification \u00e0 la CAN. Nous allons donc jouer nos chances \u00e0 fond pour atteindre cet objectif.\u00a0\u00bb<\/p>\n\n\n\n<p>Cette confiance n&rsquo;est pas sans fondement. Le Directeur technique national, Ameur Mansoul, souligne une pr\u00e9paration sans pr\u00e9c\u00e9dent : \u00ab\u00a0Pour la premi\u00e8re fois dans l&rsquo;histoire des jeunes cat\u00e9gories de l&rsquo;\u00e9quipe nationale, les joueurs ont effectu\u00e9 un nombre important de stages et jou\u00e9 plusieurs matchs amicaux.\u00a0\u00bb L&rsquo;effectif de 20 joueurs, dont six \u00e9voluant en Europe, repr\u00e9sente un m\u00e9lange prometteur de talents locaux et expatri\u00e9s. Les Verts auront l&rsquo;avantage d&rsquo;affronter une \u00e9quipe \u00e9gyptienne qui a d\u00e9j\u00e0 tr\u00e9buch\u00e9 lors de son premier match, s&rsquo;inclinant 2-1 jeudi. Dans ce tournoi \u00e0 cinq \u00e9quipes incluant \u00e9galement la Tunisie, la Libye et le Maroc, chaque point comptera pour esp\u00e9rer une septi\u00e8me participation historique \u00e0 la CAN des U20.<\/p>\n\n\n\n<p><strong>Les U17 pour l&rsquo;honneur<\/strong><\/p>\n\n\n\n<p>La situation est plus d\u00e9licate pour les U17, qui disputeront leur troisi\u00e8me match du tournoi qualificatif ce dimanche \u00e0 20h00 \u00e0 Casablanca face \u00e0 la Libye. Apr\u00e8s deux d\u00e9faites cons\u00e9cutives contre la Tunisie (1-0) et l&rsquo;\u00c9gypte (2-1), les chances de qualification sont d\u00e9sormais quasi nulles. Le match contre l&rsquo;\u00c9gypte laisse particuli\u00e8rement des regrets. Menant au score avant la pause gr\u00e2ce \u00e0 Charaf-Eddine Cherfaoui, les jeunes Alg\u00e9riens ont c\u00e9d\u00e9 en seconde p\u00e9riode face \u00e0 la sup\u00e9riorit\u00e9 technique des Pharaons. L&rsquo;\u00e9quipe du s\u00e9lectionneur Aziz Lahoussine tentera n\u00e9anmoins de sauver l&rsquo;honneur face \u00e0 une Libye \u00e9galement mal en point apr\u00e8s sa d\u00e9faite contre la Tunisie (2-1). Ces qualifications repr\u00e9sentent un v\u00e9ritable test pour le football alg\u00e9rien des jeunes, qui peine \u00e0 retrouver son lustre d&rsquo;antan. Pour les U17, dont les seules participations \u00e0 la CAN remontent aux \u00e9ditions 2009 et 2023 organis\u00e9es en Alg\u00e9rie, comme pour les U20, absents de la derni\u00e8re \u00e9dition 2023 remport\u00e9e par le S\u00e9n\u00e9gal, l&rsquo;heure est venue de prouver que le travail de formation porte ses fruits. La derni\u00e8re participation des U20 \u00e0 une phase finale remonte \u00e0 2013, lors d&rsquo;une CAN organis\u00e9e \u00e0 Alger qui s&rsquo;\u00e9tait sold\u00e9e par une \u00e9limination d\u00e8s la phase de groupes. Dix ans plus tard, la nouvelle g\u00e9n\u00e9ration a l&rsquo;opportunit\u00e9 d&rsquo;\u00e9crire sa propre histoire, \u00e0 condition de n\u00e9gocier parfaitement son entr\u00e9e en lice face \u00e0 l&rsquo;\u00c9gypte ce dimanche. La route vers la CAN-2025 s&rsquo;annonce ardue, mais les jeunes Verts semblent arm\u00e9s pour relever le d\u00e9fi, particuli\u00e8rement les U20 qui b\u00e9n\u00e9ficient d&rsquo;une pr\u00e9paration optimale. Le football alg\u00e9rien attend maintenant de voir si ces espoirs se concr\u00e9tiseront sur le terrain.<\/p>\n\n\n\n<p><strong>M. Dahleb<\/strong><\/p>\n","protected":false},"excerpt":{"rendered":"<p>Les espoirs du football nationale seront \u00e0 l&rsquo;\u00e9preuve aujourd\u2019hui en \u00c9gypte, alors que deux s\u00e9lections nationales de jeunes jouent leur<\/p>\n","protected":false},"author":6,"featured_media":59419,"comment_status":"open","ping_status":"closed","sticky":false,"template":"","format":"standard","meta":{"colormag_page_container_layout":"default_layout","colormag_page_sidebar_layout":"default_layout","om_disable_all_campaigns":false,"_monsterinsights_skip_tracking":false,"_monsterinsights_sitenote_active":false,"_monsterinsights_sitenote_note":"","_monsterinsights_sitenote_category":0,"footnotes":"","_wpscppro_dont_share_socialmedia":false,"_wpscppro_custom_social_share_image":0,"_facebook_share_type":"default","_twitter_share_type":"default","_linkedin_share_type":"default","_pinterest_share_type":"default","_linkedin_share_type_page":"","_instagram_share_type":"default","_medium_share_type":"default","_threads_share_type":"","_google_business_share_type":"","_selected_social_profile":[],"_wpsp_enable_custom_social_template":false,"_wpsp_social_scheduling":{"enabled":false,"datetime":null,"platforms":[],"status":"template_only","dateOption":"today","timeOption":"now","customDays":"","customHours":"","customDate":"","customTime":"","schedulingType":"absolute"},"_wpsp_active_default_template":true},"categories":[33],"tags":[],"class_list":["post-59418","post","type-post","status-publish","format-standard","has-post-thumbnail","hentry","category-sports"],"aioseo_notices":[],"yoast_head":"<!-- This site is optimized with the Yoast SEO plugin v27.5 - https:\/\/yoast.com\/product\/yoast-seo-wordpress\/ -->\n<title>CAN-2025 (U20): Les jeunes Verts \u00e0 l&rsquo;heure de v\u00e9rit\u00e9 - La Sentinelle<\/title>\n<meta name=\"robots\" content=\"index, follow, max-snippet:-1, max-image-preview:large, max-video-preview:-1\" \/>\n<link rel=\"canonical\" href=\"https:\/\/lasentinelle.dz\/index.php\/2024\/11\/17\/can-2025-u20-les-jeunes-verts-a-lheure-de-verite\/\" \/>\n<meta property=\"og:locale\" content=\"fr_FR\" \/>\n<meta property=\"og:type\" content=\"article\" \/>\n<meta property=\"og:title\" content=\"CAN-2025 (U20): Les jeunes Verts \u00e0 l&rsquo;heure de v\u00e9rit\u00e9 - La Sentinelle\" \/>\n<meta property=\"og:description\" content=\"Les espoirs du football nationale seront \u00e0 l&rsquo;\u00e9preuve aujourd\u2019hui en \u00c9gypte, alors que deux s\u00e9lections nationales de jeunes jouent leur\" \/>\n<meta property=\"og:url\" content=\"https:\/\/lasentinelle.dz\/index.php\/2024\/11\/17\/can-2025-u20-les-jeunes-verts-a-lheure-de-verite\/\" \/>\n<meta property=\"og:site_name\" content=\"La Sentinelle\" \/>\n<meta property=\"article:publisher\" content=\"https:\/\/www.facebook.com\/La-Sentinelle-104059864394773\" \/>\n<meta property=\"article:published_time\" content=\"2024-11-17T11:05:18+00:00\" \/>\n<meta property=\"og:image\" content=\"https:\/\/lasentinelle.dz\/wp-content\/uploads\/2024\/11\/U20-2.jpeg\" \/>\n\t<meta property=\"og:image:width\" content=\"2126\" \/>\n\t<meta property=\"og:image:height\" content=\"1535\" \/>\n\t<meta property=\"og:image:type\" content=\"image\/jpeg\" \/>\n<meta name=\"author\" content=\"admin\" \/>\n<meta name=\"twitter:card\" content=\"summary_large_image\" \/>\n<meta name=\"twitter:label1\" content=\"\u00c9crit par\" \/>\n\t<meta name=\"twitter:data1\" content=\"admin\" \/>\n\t<meta name=\"twitter:label2\" content=\"Dur\u00e9e de lecture estim\u00e9e\" \/>\n\t<meta name=\"twitter:data2\" content=\"4 minutes\" \/>\n<script type=\"application\/ld+json\" class=\"yoast-schema-graph\">{\"@context\":\"https:\\\/\\\/schema.org\",\"@graph\":[{\"@type\":\"Article\",\"@id\":\"https:\\\/\\\/lasentinelle.dz\\\/index.php\\\/2024\\\/11\\\/17\\\/can-2025-u20-les-jeunes-verts-a-lheure-de-verite\\\/#article\",\"isPartOf\":{\"@id\":\"https:\\\/\\\/lasentinelle.dz\\\/index.php\\\/2024\\\/11\\\/17\\\/can-2025-u20-les-jeunes-verts-a-lheure-de-verite\\\/\"},\"author\":{\"name\":\"admin\",\"@id\":\"https:\\\/\\\/lasentinelle.dz\\\/#\\\/schema\\\/person\\\/729ee0024f24e0b8c5ec17232f8e8b41\"},\"headline\":\"CAN-2025 (U20): Les jeunes Verts \u00e0 l&rsquo;heure de v\u00e9rit\u00e9\",\"datePublished\":\"2024-11-17T11:05:18+00:00\",\"mainEntityOfPage\":{\"@id\":\"https:\\\/\\\/lasentinelle.dz\\\/index.php\\\/2024\\\/11\\\/17\\\/can-2025-u20-les-jeunes-verts-a-lheure-de-verite\\\/\"},\"wordCount\":631,\"commentCount\":0,\"publisher\":{\"@id\":\"https:\\\/\\\/lasentinelle.dz\\\/#organization\"},\"image\":{\"@id\":\"https:\\\/\\\/lasentinelle.dz\\\/index.php\\\/2024\\\/11\\\/17\\\/can-2025-u20-les-jeunes-verts-a-lheure-de-verite\\\/#primaryimage\"},\"thumbnailUrl\":\"https:\\\/\\\/lasentinelle.dz\\\/wp-content\\\/uploads\\\/2024\\\/11\\\/U20-2.jpeg\",\"articleSection\":[\"Sports\"],\"inLanguage\":\"fr-FR\",\"potentialAction\":[{\"@type\":\"CommentAction\",\"name\":\"Comment\",\"target\":[\"https:\\\/\\\/lasentinelle.dz\\\/index.php\\\/2024\\\/11\\\/17\\\/can-2025-u20-les-jeunes-verts-a-lheure-de-verite\\\/#respond\"]}]},{\"@type\":\"WebPage\",\"@id\":\"https:\\\/\\\/lasentinelle.dz\\\/index.php\\\/2024\\\/11\\\/17\\\/can-2025-u20-les-jeunes-verts-a-lheure-de-verite\\\/\",\"url\":\"https:\\\/\\\/lasentinelle.dz\\\/index.php\\\/2024\\\/11\\\/17\\\/can-2025-u20-les-jeunes-verts-a-lheure-de-verite\\\/\",\"name\":\"CAN-2025 (U20): Les jeunes Verts \u00e0 l&rsquo;heure de v\u00e9rit\u00e9 - La Sentinelle\",\"isPartOf\":{\"@id\":\"https:\\\/\\\/lasentinelle.dz\\\/#website\"},\"primaryImageOfPage\":{\"@id\":\"https:\\\/\\\/lasentinelle.dz\\\/index.php\\\/2024\\\/11\\\/17\\\/can-2025-u20-les-jeunes-verts-a-lheure-de-verite\\\/#primaryimage\"},\"image\":{\"@id\":\"https:\\\/\\\/lasentinelle.dz\\\/index.php\\\/2024\\\/11\\\/17\\\/can-2025-u20-les-jeunes-verts-a-lheure-de-verite\\\/#primaryimage\"},\"thumbnailUrl\":\"https:\\\/\\\/lasentinelle.dz\\\/wp-content\\\/uploads\\\/2024\\\/11\\\/U20-2.jpeg\",\"datePublished\":\"2024-11-17T11:05:18+00:00\",\"breadcrumb\":{\"@id\":\"https:\\\/\\\/lasentinelle.dz\\\/index.php\\\/2024\\\/11\\\/17\\\/can-2025-u20-les-jeunes-verts-a-lheure-de-verite\\\/#breadcrumb\"},\"inLanguage\":\"fr-FR\",\"potentialAction\":[{\"@type\":\"ReadAction\",\"target\":[\"https:\\\/\\\/lasentinelle.dz\\\/index.php\\\/2024\\\/11\\\/17\\\/can-2025-u20-les-jeunes-verts-a-lheure-de-verite\\\/\"]}]},{\"@type\":\"ImageObject\",\"inLanguage\":\"fr-FR\",\"@id\":\"https:\\\/\\\/lasentinelle.dz\\\/index.php\\\/2024\\\/11\\\/17\\\/can-2025-u20-les-jeunes-verts-a-lheure-de-verite\\\/#primaryimage\",\"url\":\"https:\\\/\\\/lasentinelle.dz\\\/wp-content\\\/uploads\\\/2024\\\/11\\\/U20-2.jpeg\",\"contentUrl\":\"https:\\\/\\\/lasentinelle.dz\\\/wp-content\\\/uploads\\\/2024\\\/11\\\/U20-2.jpeg\",\"width\":2126,\"height\":1535},{\"@type\":\"BreadcrumbList\",\"@id\":\"https:\\\/\\\/lasentinelle.dz\\\/index.php\\\/2024\\\/11\\\/17\\\/can-2025-u20-les-jeunes-verts-a-lheure-de-verite\\\/#breadcrumb\",\"itemListElement\":[{\"@type\":\"ListItem\",\"position\":1,\"name\":\"Accueil\",\"item\":\"https:\\\/\\\/lasentinelle.dz\\\/\"},{\"@type\":\"ListItem\",\"position\":2,\"name\":\"CAN-2025 (U20): Les jeunes Verts \u00e0 l&rsquo;heure de v\u00e9rit\u00e9\"}]},{\"@type\":\"WebSite\",\"@id\":\"https:\\\/\\\/lasentinelle.dz\\\/#website\",\"url\":\"https:\\\/\\\/lasentinelle.dz\\\/\",\"name\":\"La Sentinelle\",\"description\":\"Quotidien national d&#039;information\",\"publisher\":{\"@id\":\"https:\\\/\\\/lasentinelle.dz\\\/#organization\"},\"potentialAction\":[{\"@type\":\"SearchAction\",\"target\":{\"@type\":\"EntryPoint\",\"urlTemplate\":\"https:\\\/\\\/lasentinelle.dz\\\/?s={search_term_string}\"},\"query-input\":{\"@type\":\"PropertyValueSpecification\",\"valueRequired\":true,\"valueName\":\"search_term_string\"}}],\"inLanguage\":\"fr-FR\"},{\"@type\":\"Organization\",\"@id\":\"https:\\\/\\\/lasentinelle.dz\\\/#organization\",\"name\":\"Quotidien La Sentinelle\",\"url\":\"https:\\\/\\\/lasentinelle.dz\\\/\",\"logo\":{\"@type\":\"ImageObject\",\"inLanguage\":\"fr-FR\",\"@id\":\"https:\\\/\\\/lasentinelle.dz\\\/#\\\/schema\\\/logo\\\/image\\\/\",\"url\":\"https:\\\/\\\/lasentinelle.dz\\\/wp-content\\\/uploads\\\/2021\\\/09\\\/logo-sentinelleSLOGAN-1.png\",\"contentUrl\":\"https:\\\/\\\/lasentinelle.dz\\\/wp-content\\\/uploads\\\/2021\\\/09\\\/logo-sentinelleSLOGAN-1.png\",\"width\":615,\"height\":142,\"caption\":\"Quotidien La Sentinelle\"},\"image\":{\"@id\":\"https:\\\/\\\/lasentinelle.dz\\\/#\\\/schema\\\/logo\\\/image\\\/\"},\"sameAs\":[\"https:\\\/\\\/www.facebook.com\\\/La-Sentinelle-104059864394773\"]},{\"@type\":\"Person\",\"@id\":\"https:\\\/\\\/lasentinelle.dz\\\/#\\\/schema\\\/person\\\/729ee0024f24e0b8c5ec17232f8e8b41\",\"name\":\"admin\",\"image\":{\"@type\":\"ImageObject\",\"inLanguage\":\"fr-FR\",\"@id\":\"https:\\\/\\\/secure.gravatar.com\\\/avatar\\\/4c81fed838786e9b53f540bf46533e750f5d292099ae3b66cfc6fb1982e29df7?s=96&d=mm&r=g\",\"url\":\"https:\\\/\\\/secure.gravatar.com\\\/avatar\\\/4c81fed838786e9b53f540bf46533e750f5d292099ae3b66cfc6fb1982e29df7?s=96&d=mm&r=g\",\"contentUrl\":\"https:\\\/\\\/secure.gravatar.com\\\/avatar\\\/4c81fed838786e9b53f540bf46533e750f5d292099ae3b66cfc6fb1982e29df7?s=96&d=mm&r=g\",\"caption\":\"admin\"},\"description\":\"admin\",\"url\":\"https:\\\/\\\/lasentinelle.dz\\\/author\\\/admin\\\/\"}]}<\/script>\n<!-- \/ Yoast SEO plugin. -->","yoast_head_json":{"title":"CAN-2025 (U20): Les jeunes Verts \u00e0 l&rsquo;heure de v\u00e9rit\u00e9 - La Sentinelle","robots":{"index":"index","follow":"follow","max-snippet":"max-snippet:-1","max-image-preview":"max-image-preview:large","max-video-preview":"max-video-preview:-1"},"canonical":"https:\/\/lasentinelle.dz\/index.php\/2024\/11\/17\/can-2025-u20-les-jeunes-verts-a-lheure-de-verite\/","og_locale":"fr_FR","og_type":"article","og_title":"CAN-2025 (U20): Les jeunes Verts \u00e0 l&rsquo;heure de v\u00e9rit\u00e9 - La Sentinelle","og_description":"Les espoirs du football nationale seront \u00e0 l&rsquo;\u00e9preuve aujourd\u2019hui en \u00c9gypte, alors que deux s\u00e9lections nationales de jeunes jouent leur","og_url":"https:\/\/lasentinelle.dz\/index.php\/2024\/11\/17\/can-2025-u20-les-jeunes-verts-a-lheure-de-verite\/","og_site_name":"La Sentinelle","article_publisher":"https:\/\/www.facebook.com\/La-Sentinelle-104059864394773","article_published_time":"2024-11-17T11:05:18+00:00","og_image":[{"width":2126,"height":1535,"url":"https:\/\/lasentinelle.dz\/wp-content\/uploads\/2024\/11\/U20-2.jpeg","type":"image\/jpeg"}],"author":"admin","twitter_card":"summary_large_image","twitter_misc":{"\u00c9crit par":"admin","Dur\u00e9e de lecture estim\u00e9e":"4 minutes"},"schema":{"@context":"https:\/\/schema.org","@graph":[{"@type":"Article","@id":"https:\/\/lasentinelle.dz\/index.php\/2024\/11\/17\/can-2025-u20-les-jeunes-verts-a-lheure-de-verite\/#article","isPartOf":{"@id":"https:\/\/lasentinelle.dz\/index.php\/2024\/11\/17\/can-2025-u20-les-jeunes-verts-a-lheure-de-verite\/"},"author":{"name":"admin","@id":"https:\/\/lasentinelle.dz\/#\/schema\/person\/729ee0024f24e0b8c5ec17232f8e8b41"},"headline":"CAN-2025 (U20): Les jeunes Verts \u00e0 l&rsquo;heure de v\u00e9rit\u00e9","datePublished":"2024-11-17T11:05:18+00:00","mainEntityOfPage":{"@id":"https:\/\/lasentinelle.dz\/index.php\/2024\/11\/17\/can-2025-u20-les-jeunes-verts-a-lheure-de-verite\/"},"wordCount":631,"commentCount":0,"publisher":{"@id":"https:\/\/lasentinelle.dz\/#organization"},"image":{"@id":"https:\/\/lasentinelle.dz\/index.php\/2024\/11\/17\/can-2025-u20-les-jeunes-verts-a-lheure-de-verite\/#primaryimage"},"thumbnailUrl":"https:\/\/lasentinelle.dz\/wp-content\/uploads\/2024\/11\/U20-2.jpeg","articleSection":["Sports"],"inLanguage":"fr-FR","potentialAction":[{"@type":"CommentAction","name":"Comment","target":["https:\/\/lasentinelle.dz\/index.php\/2024\/11\/17\/can-2025-u20-les-jeunes-verts-a-lheure-de-verite\/#respond"]}]},{"@type":"WebPage","@id":"https:\/\/lasentinelle.dz\/index.php\/2024\/11\/17\/can-2025-u20-les-jeunes-verts-a-lheure-de-verite\/","url":"https:\/\/lasentinelle.dz\/index.php\/2024\/11\/17\/can-2025-u20-les-jeunes-verts-a-lheure-de-verite\/","name":"CAN-2025 (U20): Les jeunes Verts \u00e0 l&rsquo;heure de v\u00e9rit\u00e9 - La Sentinelle","isPartOf":{"@id":"https:\/\/lasentinelle.dz\/#website"},"primaryImageOfPage":{"@id":"https:\/\/lasentinelle.dz\/index.php\/2024\/11\/17\/can-2025-u20-les-jeunes-verts-a-lheure-de-verite\/#primaryimage"},"image":{"@id":"https:\/\/lasentinelle.dz\/index.php\/2024\/11\/17\/can-2025-u20-les-jeunes-verts-a-lheure-de-verite\/#primaryimage"},"thumbnailUrl":"https:\/\/lasentinelle.dz\/wp-content\/uploads\/2024\/11\/U20-2.jpeg","datePublished":"2024-11-17T11:05:18+00:00","breadcrumb":{"@id":"https:\/\/lasentinelle.dz\/index.php\/2024\/11\/17\/can-2025-u20-les-jeunes-verts-a-lheure-de-verite\/#breadcrumb"},"inLanguage":"fr-FR","potentialAction":[{"@type":"ReadAction","target":["https:\/\/lasentinelle.dz\/index.php\/2024\/11\/17\/can-2025-u20-les-jeunes-verts-a-lheure-de-verite\/"]}]},{"@type":"ImageObject","inLanguage":"fr-FR","@id":"https:\/\/lasentinelle.dz\/index.php\/2024\/11\/17\/can-2025-u20-les-jeunes-verts-a-lheure-de-verite\/#primaryimage","url":"https:\/\/lasentinelle.dz\/wp-content\/uploads\/2024\/11\/U20-2.jpeg","contentUrl":"https:\/\/lasentinelle.dz\/wp-content\/uploads\/2024\/11\/U20-2.jpeg","width":2126,"height":1535},{"@type":"BreadcrumbList","@id":"https:\/\/lasentinelle.dz\/index.php\/2024\/11\/17\/can-2025-u20-les-jeunes-verts-a-lheure-de-verite\/#breadcrumb","itemListElement":[{"@type":"ListItem","position":1,"name":"Accueil","item":"https:\/\/lasentinelle.dz\/"},{"@type":"ListItem","position":2,"name":"CAN-2025 (U20): Les jeunes Verts \u00e0 l&rsquo;heure de v\u00e9rit\u00e9"}]},{"@type":"WebSite","@id":"https:\/\/lasentinelle.dz\/#website","url":"https:\/\/lasentinelle.dz\/","name":"La Sentinelle","description":"Quotidien national d&#039;information","publisher":{"@id":"https:\/\/lasentinelle.dz\/#organization"},"potentialAction":[{"@type":"SearchAction","target":{"@type":"EntryPoint","urlTemplate":"https:\/\/lasentinelle.dz\/?s={search_term_string}"},"query-input":{"@type":"PropertyValueSpecification","valueRequired":true,"valueName":"search_term_string"}}],"inLanguage":"fr-FR"},{"@type":"Organization","@id":"https:\/\/lasentinelle.dz\/#organization","name":"Quotidien La Sentinelle","url":"https:\/\/lasentinelle.dz\/","logo":{"@type":"ImageObject","inLanguage":"fr-FR","@id":"https:\/\/lasentinelle.dz\/#\/schema\/logo\/image\/","url":"https:\/\/lasentinelle.dz\/wp-content\/uploads\/2021\/09\/logo-sentinelleSLOGAN-1.png","contentUrl":"https:\/\/lasentinelle.dz\/wp-content\/uploads\/2021\/09\/logo-sentinelleSLOGAN-1.png","width":615,"height":142,"caption":"Quotidien La Sentinelle"},"image":{"@id":"https:\/\/lasentinelle.dz\/#\/schema\/logo\/image\/"},"sameAs":["https:\/\/www.facebook.com\/La-Sentinelle-104059864394773"]},{"@type":"Person","@id":"https:\/\/lasentinelle.dz\/#\/schema\/person\/729ee0024f24e0b8c5ec17232f8e8b41","name":"admin","image":{"@type":"ImageObject","inLanguage":"fr-FR","@id":"https:\/\/secure.gravatar.com\/avatar\/4c81fed838786e9b53f540bf46533e750f5d292099ae3b66cfc6fb1982e29df7?s=96&d=mm&r=g","url":"https:\/\/secure.gravatar.com\/avatar\/4c81fed838786e9b53f540bf46533e750f5d292099ae3b66cfc6fb1982e29df7?s=96&d=mm&r=g","contentUrl":"https:\/\/secure.gravatar.com\/avatar\/4c81fed838786e9b53f540bf46533e750f5d292099ae3b66cfc6fb1982e29df7?s=96&d=mm&r=g","caption":"admin"},"description":"admin","url":"https:\/\/lasentinelle.dz\/author\/admin\/"}]}},"_links":{"self":[{"href":"https:\/\/lasentinelle.dz\/index.php\/wp-json\/wp\/v2\/posts\/59418","targetHints":{"allow":["GET"]}}],"collection":[{"href":"https:\/\/lasentinelle.dz\/index.php\/wp-json\/wp\/v2\/posts"}],"about":[{"href":"https:\/\/lasentinelle.dz\/index.php\/wp-json\/wp\/v2\/types\/post"}],"author":[{"embeddable":true,"href":"https:\/\/lasentinelle.dz\/index.php\/wp-json\/wp\/v2\/users\/6"}],"replies":[{"embeddable":true,"href":"https:\/\/lasentinelle.dz\/index.php\/wp-json\/wp\/v2\/comments?post=59418"}],"version-history":[{"count":2,"href":"https:\/\/lasentinelle.dz\/index.php\/wp-json\/wp\/v2\/posts\/59418\/revisions"}],"predecessor-version":[{"id":59421,"href":"https:\/\/lasentinelle.dz\/index.php\/wp-json\/wp\/v2\/posts\/59418\/revisions\/59421"}],"wp:featuredmedia":[{"embeddable":true,"href":"https:\/\/lasentinelle.dz\/index.php\/wp-json\/wp\/v2\/media\/59419"}],"wp:attachment":[{"href":"https:\/\/lasentinelle.dz\/index.php\/wp-json\/wp\/v2\/media?parent=59418"}],"wp:term":[{"taxonomy":"category","embeddable":true,"href":"https:\/\/lasentinelle.dz\/index.php\/wp-json\/wp\/v2\/categories?post=59418"},{"taxonomy":"post_tag","embeddable":true,"href":"https:\/\/lasentinelle.dz\/index.php\/wp-json\/wp\/v2\/tags?post=59418"}],"curies":[{"name":"wp","href":"https:\/\/api.w.org\/{rel}","templated":true}]}}