{"id":59430,"date":"2024-11-17T12:10:24","date_gmt":"2024-11-17T11:10:24","guid":{"rendered":"https:\/\/lasentinelle.dz\/?p=59430"},"modified":"2024-11-17T12:10:25","modified_gmt":"2024-11-17T11:10:25","slug":"lutte-contre-le-terrorisme-en-afrique-lalgerie-partage-son-expertise","status":"publish","type":"post","link":"https:\/\/lasentinelle.dz\/index.php\/2024\/11\/17\/lutte-contre-le-terrorisme-en-afrique-lalgerie-partage-son-expertise\/","title":{"rendered":"Lutte contre le terrorisme en Afrique: L\u2019Alg\u00e9rie partage son expertise"},"content":{"rendered":"\n<p>L&rsquo;Alg\u00e9rie r\u00e9affirme son engagement dans la lutte contre le terrorisme en Afrique \u00e0 travers une initiative majeure r\u00e9unissant plus de 200 \u00e9tudiants issus de 40 pays africains. Une rencontre entrant dans le cadre du \u00ab\u00a0Programme annuel de la jeunesse africaine contre le terrorisme\u00a0\u00bb, a \u00e9t\u00e9 organis\u00e9e hier \u00e0 Alger, marque une nouvelle \u00e9tape dans le partage de l&rsquo;expertise alg\u00e9rienne en mati\u00e8re de lutte antiterroriste. Cette manifestation, fruit d&rsquo;une collaboration entre le R\u00e9seau associatif pour le dialogue et le bon voisinage alg\u00e9ro-africain, l&rsquo;Observatoire national de la soci\u00e9t\u00e9 civile (ONSC) et le Centre africain d&rsquo;\u00e9tudes et de recherche sur le terrorisme (CAERT), vise \u00e0 examiner les d\u00e9fis et les solutions innovantes en mati\u00e8re de pr\u00e9vention et de lutte contre le terrorisme. Dans son allocution d&rsquo;ouverture, le pr\u00e9sident de l&rsquo;ONSC, Noureddine Benbrahem, a mis en avant l&rsquo;exp\u00e9rience alg\u00e9rienne comme mod\u00e8le d&rsquo;\u00e9tude pour comprendre les effets du terrorisme et \u00e9laborer des solutions pr\u00e9ventives adapt\u00e9es au contexte africain. Cette approche s&rsquo;inscrit dans la continuit\u00e9 des efforts d\u00e9ploy\u00e9s par l&rsquo;\u00c9tat alg\u00e9rien sous la conduite du pr\u00e9sident Abdelmadjid Tebboune pour renforcer la paix et la s\u00e9curit\u00e9 \u00e0 travers le continent. Le pr\u00e9sident du R\u00e9seau associatif pour le dialogue et le bon voisinage alg\u00e9ro-africain, Ali Sahel, a soulign\u00e9 l&rsquo;importance de cette rencontre entre la soci\u00e9t\u00e9 civile et la jeunesse africaine dans le d\u00e9veloppement d&rsquo;une strat\u00e9gie sp\u00e9cifique de lutte contre le terrorisme. L&rsquo;\u00e9v\u00e9nement, qui r\u00e9unit \u00e9galement des repr\u00e9sentants d&rsquo;ambassades de pays africains en Alg\u00e9rie, met l&rsquo;accent sur le r\u00f4le crucial des nouvelles technologies, notamment l&rsquo;Intelligence artificielle, dans la lutte antiterroriste. Hassan Osman, repr\u00e9sentant du CAERT, a appel\u00e9 \u00e0 mettre en place une approche urgente et innovante pour faire face aux d\u00e9fis croissants du terrorisme et de l&rsquo;extr\u00e9misme violent \u00e0 travers le continent africain, en s&rsquo;appuyant sur la jeunesse et la soci\u00e9t\u00e9 civile comme force de soutien et d&rsquo;accompagnement. Le programme pr\u00e9voit plusieurs ateliers th\u00e9matiques portant sur les strat\u00e9gies de pr\u00e9vention et de lutte contre l&rsquo;extr\u00e9misme, le renforcement de la coop\u00e9ration r\u00e9gionale en mati\u00e8re de lutte contre le terrorisme, et la contribution de la soci\u00e9t\u00e9 civile \u00e0 la lutte contre l&rsquo;extr\u00e9misme. Cette initiative t\u00e9moigne de la volont\u00e9 de l&rsquo;Alg\u00e9rie de capitaliser sur son exp\u00e9rience dans la lutte antiterroriste pour contribuer \u00e0 la stabilit\u00e9 r\u00e9gionale, tout en impliquant activement la nouvelle g\u00e9n\u00e9ration dans cet effort continental.<\/p>\n\n\n\n<p>Samir Benisid<\/p>\n","protected":false},"excerpt":{"rendered":"<p>L&rsquo;Alg\u00e9rie r\u00e9affirme son engagement dans la lutte contre le terrorisme en Afrique \u00e0 travers une initiative majeure r\u00e9unissant plus de<\/p>\n","protected":false},"author":6,"featured_media":59431,"comment_status":"open","ping_status":"closed","sticky":false,"template":"","format":"standard","meta":{"colormag_page_container_layout":"default_layout","colormag_page_sidebar_layout":"default_layout","om_disable_all_campaigns":false,"_monsterinsights_skip_tracking":false,"_monsterinsights_sitenote_active":false,"_monsterinsights_sitenote_note":"","_monsterinsights_sitenote_category":0,"footnotes":"","_wpscppro_dont_share_socialmedia":false,"_wpscppro_custom_social_share_image":0,"_facebook_share_type":"default","_twitter_share_type":"default","_linkedin_share_type":"default","_pinterest_share_type":"default","_linkedin_share_type_page":"","_instagram_share_type":"default","_medium_share_type":"default","_threads_share_type":"","_google_business_share_type":"","_selected_social_profile":[],"_wpsp_enable_custom_social_template":false,"_wpsp_social_scheduling":{"enabled":false,"datetime":null,"platforms":[],"status":"template_only","dateOption":"today","timeOption":"now","customDays":"","customHours":"","customDate":"","customTime":"","schedulingType":"absolute"},"_wpsp_active_default_template":true},"categories":[27],"tags":[],"class_list":["post-59430","post","type-post","status-publish","format-standard","has-post-thumbnail","hentry","category-actualite"],"aioseo_notices":[],"yoast_head":"<!-- This site is optimized with the Yoast SEO plugin v27.5 - https:\/\/yoast.com\/product\/yoast-seo-wordpress\/ -->\n<title>Lutte contre le terrorisme en Afrique: L\u2019Alg\u00e9rie partage son expertise - La Sentinelle<\/title>\n<meta name=\"robots\" content=\"index, follow, max-snippet:-1, max-image-preview:large, max-video-preview:-1\" \/>\n<link rel=\"canonical\" href=\"https:\/\/lasentinelle.dz\/index.php\/2024\/11\/17\/lutte-contre-le-terrorisme-en-afrique-lalgerie-partage-son-expertise\/\" \/>\n<meta property=\"og:locale\" content=\"fr_FR\" \/>\n<meta property=\"og:type\" content=\"article\" \/>\n<meta property=\"og:title\" content=\"Lutte contre le terrorisme en Afrique: L\u2019Alg\u00e9rie partage son expertise - La Sentinelle\" \/>\n<meta property=\"og:description\" content=\"L&rsquo;Alg\u00e9rie r\u00e9affirme son engagement dans la lutte contre le terrorisme en Afrique \u00e0 travers une initiative majeure r\u00e9unissant plus de\" \/>\n<meta property=\"og:url\" content=\"https:\/\/lasentinelle.dz\/index.php\/2024\/11\/17\/lutte-contre-le-terrorisme-en-afrique-lalgerie-partage-son-expertise\/\" \/>\n<meta property=\"og:site_name\" content=\"La Sentinelle\" \/>\n<meta property=\"article:publisher\" content=\"https:\/\/www.facebook.com\/La-Sentinelle-104059864394773\" \/>\n<meta property=\"article:published_time\" content=\"2024-11-17T11:10:24+00:00\" \/>\n<meta property=\"article:modified_time\" content=\"2024-11-17T11:10:25+00:00\" \/>\n<meta property=\"og:image\" content=\"https:\/\/lasentinelle.dz\/wp-content\/uploads\/2024\/11\/467308077_570664355546461_529245673372073569_n.jpg\" \/>\n\t<meta property=\"og:image:width\" content=\"1600\" \/>\n\t<meta property=\"og:image:height\" content=\"1066\" \/>\n\t<meta property=\"og:image:type\" content=\"image\/jpeg\" \/>\n<meta name=\"author\" content=\"admin\" \/>\n<meta name=\"twitter:card\" content=\"summary_large_image\" \/>\n<meta name=\"twitter:label1\" content=\"\u00c9crit par\" \/>\n\t<meta name=\"twitter:data1\" content=\"admin\" \/>\n\t<meta name=\"twitter:label2\" content=\"Dur\u00e9e de lecture estim\u00e9e\" \/>\n\t<meta name=\"twitter:data2\" content=\"3 minutes\" \/>\n<script type=\"application\/ld+json\" class=\"yoast-schema-graph\">{\"@context\":\"https:\\\/\\\/schema.org\",\"@graph\":[{\"@type\":\"Article\",\"@id\":\"https:\\\/\\\/lasentinelle.dz\\\/index.php\\\/2024\\\/11\\\/17\\\/lutte-contre-le-terrorisme-en-afrique-lalgerie-partage-son-expertise\\\/#article\",\"isPartOf\":{\"@id\":\"https:\\\/\\\/lasentinelle.dz\\\/index.php\\\/2024\\\/11\\\/17\\\/lutte-contre-le-terrorisme-en-afrique-lalgerie-partage-son-expertise\\\/\"},\"author\":{\"name\":\"admin\",\"@id\":\"https:\\\/\\\/lasentinelle.dz\\\/#\\\/schema\\\/person\\\/729ee0024f24e0b8c5ec17232f8e8b41\"},\"headline\":\"Lutte contre le terrorisme en Afrique: L\u2019Alg\u00e9rie partage son expertise\",\"datePublished\":\"2024-11-17T11:10:24+00:00\",\"dateModified\":\"2024-11-17T11:10:25+00:00\",\"mainEntityOfPage\":{\"@id\":\"https:\\\/\\\/lasentinelle.dz\\\/index.php\\\/2024\\\/11\\\/17\\\/lutte-contre-le-terrorisme-en-afrique-lalgerie-partage-son-expertise\\\/\"},\"wordCount\":457,\"commentCount\":0,\"publisher\":{\"@id\":\"https:\\\/\\\/lasentinelle.dz\\\/#organization\"},\"image\":{\"@id\":\"https:\\\/\\\/lasentinelle.dz\\\/index.php\\\/2024\\\/11\\\/17\\\/lutte-contre-le-terrorisme-en-afrique-lalgerie-partage-son-expertise\\\/#primaryimage\"},\"thumbnailUrl\":\"https:\\\/\\\/lasentinelle.dz\\\/wp-content\\\/uploads\\\/2024\\\/11\\\/467308077_570664355546461_529245673372073569_n.jpg\",\"articleSection\":[\"Actualit\u00e9\"],\"inLanguage\":\"fr-FR\",\"potentialAction\":[{\"@type\":\"CommentAction\",\"name\":\"Comment\",\"target\":[\"https:\\\/\\\/lasentinelle.dz\\\/index.php\\\/2024\\\/11\\\/17\\\/lutte-contre-le-terrorisme-en-afrique-lalgerie-partage-son-expertise\\\/#respond\"]}]},{\"@type\":\"WebPage\",\"@id\":\"https:\\\/\\\/lasentinelle.dz\\\/index.php\\\/2024\\\/11\\\/17\\\/lutte-contre-le-terrorisme-en-afrique-lalgerie-partage-son-expertise\\\/\",\"url\":\"https:\\\/\\\/lasentinelle.dz\\\/index.php\\\/2024\\\/11\\\/17\\\/lutte-contre-le-terrorisme-en-afrique-lalgerie-partage-son-expertise\\\/\",\"name\":\"Lutte contre le terrorisme en Afrique: L\u2019Alg\u00e9rie partage son expertise - La Sentinelle\",\"isPartOf\":{\"@id\":\"https:\\\/\\\/lasentinelle.dz\\\/#website\"},\"primaryImageOfPage\":{\"@id\":\"https:\\\/\\\/lasentinelle.dz\\\/index.php\\\/2024\\\/11\\\/17\\\/lutte-contre-le-terrorisme-en-afrique-lalgerie-partage-son-expertise\\\/#primaryimage\"},\"image\":{\"@id\":\"https:\\\/\\\/lasentinelle.dz\\\/index.php\\\/2024\\\/11\\\/17\\\/lutte-contre-le-terrorisme-en-afrique-lalgerie-partage-son-expertise\\\/#primaryimage\"},\"thumbnailUrl\":\"https:\\\/\\\/lasentinelle.dz\\\/wp-content\\\/uploads\\\/2024\\\/11\\\/467308077_570664355546461_529245673372073569_n.jpg\",\"datePublished\":\"2024-11-17T11:10:24+00:00\",\"dateModified\":\"2024-11-17T11:10:25+00:00\",\"breadcrumb\":{\"@id\":\"https:\\\/\\\/lasentinelle.dz\\\/index.php\\\/2024\\\/11\\\/17\\\/lutte-contre-le-terrorisme-en-afrique-lalgerie-partage-son-expertise\\\/#breadcrumb\"},\"inLanguage\":\"fr-FR\",\"potentialAction\":[{\"@type\":\"ReadAction\",\"target\":[\"https:\\\/\\\/lasentinelle.dz\\\/index.php\\\/2024\\\/11\\\/17\\\/lutte-contre-le-terrorisme-en-afrique-lalgerie-partage-son-expertise\\\/\"]}]},{\"@type\":\"ImageObject\",\"inLanguage\":\"fr-FR\",\"@id\":\"https:\\\/\\\/lasentinelle.dz\\\/index.php\\\/2024\\\/11\\\/17\\\/lutte-contre-le-terrorisme-en-afrique-lalgerie-partage-son-expertise\\\/#primaryimage\",\"url\":\"https:\\\/\\\/lasentinelle.dz\\\/wp-content\\\/uploads\\\/2024\\\/11\\\/467308077_570664355546461_529245673372073569_n.jpg\",\"contentUrl\":\"https:\\\/\\\/lasentinelle.dz\\\/wp-content\\\/uploads\\\/2024\\\/11\\\/467308077_570664355546461_529245673372073569_n.jpg\",\"width\":1600,\"height\":1066},{\"@type\":\"BreadcrumbList\",\"@id\":\"https:\\\/\\\/lasentinelle.dz\\\/index.php\\\/2024\\\/11\\\/17\\\/lutte-contre-le-terrorisme-en-afrique-lalgerie-partage-son-expertise\\\/#breadcrumb\",\"itemListElement\":[{\"@type\":\"ListItem\",\"position\":1,\"name\":\"Accueil\",\"item\":\"https:\\\/\\\/lasentinelle.dz\\\/\"},{\"@type\":\"ListItem\",\"position\":2,\"name\":\"Lutte contre le terrorisme en Afrique: L\u2019Alg\u00e9rie partage son expertise\"}]},{\"@type\":\"WebSite\",\"@id\":\"https:\\\/\\\/lasentinelle.dz\\\/#website\",\"url\":\"https:\\\/\\\/lasentinelle.dz\\\/\",\"name\":\"La Sentinelle\",\"description\":\"Quotidien national d&#039;information\",\"publisher\":{\"@id\":\"https:\\\/\\\/lasentinelle.dz\\\/#organization\"},\"potentialAction\":[{\"@type\":\"SearchAction\",\"target\":{\"@type\":\"EntryPoint\",\"urlTemplate\":\"https:\\\/\\\/lasentinelle.dz\\\/?s={search_term_string}\"},\"query-input\":{\"@type\":\"PropertyValueSpecification\",\"valueRequired\":true,\"valueName\":\"search_term_string\"}}],\"inLanguage\":\"fr-FR\"},{\"@type\":\"Organization\",\"@id\":\"https:\\\/\\\/lasentinelle.dz\\\/#organization\",\"name\":\"Quotidien La Sentinelle\",\"url\":\"https:\\\/\\\/lasentinelle.dz\\\/\",\"logo\":{\"@type\":\"ImageObject\",\"inLanguage\":\"fr-FR\",\"@id\":\"https:\\\/\\\/lasentinelle.dz\\\/#\\\/schema\\\/logo\\\/image\\\/\",\"url\":\"https:\\\/\\\/lasentinelle.dz\\\/wp-content\\\/uploads\\\/2021\\\/09\\\/logo-sentinelleSLOGAN-1.png\",\"contentUrl\":\"https:\\\/\\\/lasentinelle.dz\\\/wp-content\\\/uploads\\\/2021\\\/09\\\/logo-sentinelleSLOGAN-1.png\",\"width\":615,\"height\":142,\"caption\":\"Quotidien La Sentinelle\"},\"image\":{\"@id\":\"https:\\\/\\\/lasentinelle.dz\\\/#\\\/schema\\\/logo\\\/image\\\/\"},\"sameAs\":[\"https:\\\/\\\/www.facebook.com\\\/La-Sentinelle-104059864394773\"]},{\"@type\":\"Person\",\"@id\":\"https:\\\/\\\/lasentinelle.dz\\\/#\\\/schema\\\/person\\\/729ee0024f24e0b8c5ec17232f8e8b41\",\"name\":\"admin\",\"image\":{\"@type\":\"ImageObject\",\"inLanguage\":\"fr-FR\",\"@id\":\"https:\\\/\\\/secure.gravatar.com\\\/avatar\\\/4c81fed838786e9b53f540bf46533e750f5d292099ae3b66cfc6fb1982e29df7?s=96&d=mm&r=g\",\"url\":\"https:\\\/\\\/secure.gravatar.com\\\/avatar\\\/4c81fed838786e9b53f540bf46533e750f5d292099ae3b66cfc6fb1982e29df7?s=96&d=mm&r=g\",\"contentUrl\":\"https:\\\/\\\/secure.gravatar.com\\\/avatar\\\/4c81fed838786e9b53f540bf46533e750f5d292099ae3b66cfc6fb1982e29df7?s=96&d=mm&r=g\",\"caption\":\"admin\"},\"description\":\"admin\",\"url\":\"https:\\\/\\\/lasentinelle.dz\\\/author\\\/admin\\\/\"}]}<\/script>\n<!-- \/ Yoast SEO plugin. -->","yoast_head_json":{"title":"Lutte contre le terrorisme en Afrique: L\u2019Alg\u00e9rie partage son expertise - La Sentinelle","robots":{"index":"index","follow":"follow","max-snippet":"max-snippet:-1","max-image-preview":"max-image-preview:large","max-video-preview":"max-video-preview:-1"},"canonical":"https:\/\/lasentinelle.dz\/index.php\/2024\/11\/17\/lutte-contre-le-terrorisme-en-afrique-lalgerie-partage-son-expertise\/","og_locale":"fr_FR","og_type":"article","og_title":"Lutte contre le terrorisme en Afrique: L\u2019Alg\u00e9rie partage son expertise - La Sentinelle","og_description":"L&rsquo;Alg\u00e9rie r\u00e9affirme son engagement dans la lutte contre le terrorisme en Afrique \u00e0 travers une initiative majeure r\u00e9unissant plus de","og_url":"https:\/\/lasentinelle.dz\/index.php\/2024\/11\/17\/lutte-contre-le-terrorisme-en-afrique-lalgerie-partage-son-expertise\/","og_site_name":"La Sentinelle","article_publisher":"https:\/\/www.facebook.com\/La-Sentinelle-104059864394773","article_published_time":"2024-11-17T11:10:24+00:00","article_modified_time":"2024-11-17T11:10:25+00:00","og_image":[{"width":1600,"height":1066,"url":"https:\/\/lasentinelle.dz\/wp-content\/uploads\/2024\/11\/467308077_570664355546461_529245673372073569_n.jpg","type":"image\/jpeg"}],"author":"admin","twitter_card":"summary_large_image","twitter_misc":{"\u00c9crit par":"admin","Dur\u00e9e de lecture estim\u00e9e":"3 minutes"},"schema":{"@context":"https:\/\/schema.org","@graph":[{"@type":"Article","@id":"https:\/\/lasentinelle.dz\/index.php\/2024\/11\/17\/lutte-contre-le-terrorisme-en-afrique-lalgerie-partage-son-expertise\/#article","isPartOf":{"@id":"https:\/\/lasentinelle.dz\/index.php\/2024\/11\/17\/lutte-contre-le-terrorisme-en-afrique-lalgerie-partage-son-expertise\/"},"author":{"name":"admin","@id":"https:\/\/lasentinelle.dz\/#\/schema\/person\/729ee0024f24e0b8c5ec17232f8e8b41"},"headline":"Lutte contre le terrorisme en Afrique: L\u2019Alg\u00e9rie partage son expertise","datePublished":"2024-11-17T11:10:24+00:00","dateModified":"2024-11-17T11:10:25+00:00","mainEntityOfPage":{"@id":"https:\/\/lasentinelle.dz\/index.php\/2024\/11\/17\/lutte-contre-le-terrorisme-en-afrique-lalgerie-partage-son-expertise\/"},"wordCount":457,"commentCount":0,"publisher":{"@id":"https:\/\/lasentinelle.dz\/#organization"},"image":{"@id":"https:\/\/lasentinelle.dz\/index.php\/2024\/11\/17\/lutte-contre-le-terrorisme-en-afrique-lalgerie-partage-son-expertise\/#primaryimage"},"thumbnailUrl":"https:\/\/lasentinelle.dz\/wp-content\/uploads\/2024\/11\/467308077_570664355546461_529245673372073569_n.jpg","articleSection":["Actualit\u00e9"],"inLanguage":"fr-FR","potentialAction":[{"@type":"CommentAction","name":"Comment","target":["https:\/\/lasentinelle.dz\/index.php\/2024\/11\/17\/lutte-contre-le-terrorisme-en-afrique-lalgerie-partage-son-expertise\/#respond"]}]},{"@type":"WebPage","@id":"https:\/\/lasentinelle.dz\/index.php\/2024\/11\/17\/lutte-contre-le-terrorisme-en-afrique-lalgerie-partage-son-expertise\/","url":"https:\/\/lasentinelle.dz\/index.php\/2024\/11\/17\/lutte-contre-le-terrorisme-en-afrique-lalgerie-partage-son-expertise\/","name":"Lutte contre le terrorisme en Afrique: L\u2019Alg\u00e9rie partage son expertise - La Sentinelle","isPartOf":{"@id":"https:\/\/lasentinelle.dz\/#website"},"primaryImageOfPage":{"@id":"https:\/\/lasentinelle.dz\/index.php\/2024\/11\/17\/lutte-contre-le-terrorisme-en-afrique-lalgerie-partage-son-expertise\/#primaryimage"},"image":{"@id":"https:\/\/lasentinelle.dz\/index.php\/2024\/11\/17\/lutte-contre-le-terrorisme-en-afrique-lalgerie-partage-son-expertise\/#primaryimage"},"thumbnailUrl":"https:\/\/lasentinelle.dz\/wp-content\/uploads\/2024\/11\/467308077_570664355546461_529245673372073569_n.jpg","datePublished":"2024-11-17T11:10:24+00:00","dateModified":"2024-11-17T11:10:25+00:00","breadcrumb":{"@id":"https:\/\/lasentinelle.dz\/index.php\/2024\/11\/17\/lutte-contre-le-terrorisme-en-afrique-lalgerie-partage-son-expertise\/#breadcrumb"},"inLanguage":"fr-FR","potentialAction":[{"@type":"ReadAction","target":["https:\/\/lasentinelle.dz\/index.php\/2024\/11\/17\/lutte-contre-le-terrorisme-en-afrique-lalgerie-partage-son-expertise\/"]}]},{"@type":"ImageObject","inLanguage":"fr-FR","@id":"https:\/\/lasentinelle.dz\/index.php\/2024\/11\/17\/lutte-contre-le-terrorisme-en-afrique-lalgerie-partage-son-expertise\/#primaryimage","url":"https:\/\/lasentinelle.dz\/wp-content\/uploads\/2024\/11\/467308077_570664355546461_529245673372073569_n.jpg","contentUrl":"https:\/\/lasentinelle.dz\/wp-content\/uploads\/2024\/11\/467308077_570664355546461_529245673372073569_n.jpg","width":1600,"height":1066},{"@type":"BreadcrumbList","@id":"https:\/\/lasentinelle.dz\/index.php\/2024\/11\/17\/lutte-contre-le-terrorisme-en-afrique-lalgerie-partage-son-expertise\/#breadcrumb","itemListElement":[{"@type":"ListItem","position":1,"name":"Accueil","item":"https:\/\/lasentinelle.dz\/"},{"@type":"ListItem","position":2,"name":"Lutte contre le terrorisme en Afrique: L\u2019Alg\u00e9rie partage son expertise"}]},{"@type":"WebSite","@id":"https:\/\/lasentinelle.dz\/#website","url":"https:\/\/lasentinelle.dz\/","name":"La Sentinelle","description":"Quotidien national d&#039;information","publisher":{"@id":"https:\/\/lasentinelle.dz\/#organization"},"potentialAction":[{"@type":"SearchAction","target":{"@type":"EntryPoint","urlTemplate":"https:\/\/lasentinelle.dz\/?s={search_term_string}"},"query-input":{"@type":"PropertyValueSpecification","valueRequired":true,"valueName":"search_term_string"}}],"inLanguage":"fr-FR"},{"@type":"Organization","@id":"https:\/\/lasentinelle.dz\/#organization","name":"Quotidien La Sentinelle","url":"https:\/\/lasentinelle.dz\/","logo":{"@type":"ImageObject","inLanguage":"fr-FR","@id":"https:\/\/lasentinelle.dz\/#\/schema\/logo\/image\/","url":"https:\/\/lasentinelle.dz\/wp-content\/uploads\/2021\/09\/logo-sentinelleSLOGAN-1.png","contentUrl":"https:\/\/lasentinelle.dz\/wp-content\/uploads\/2021\/09\/logo-sentinelleSLOGAN-1.png","width":615,"height":142,"caption":"Quotidien La Sentinelle"},"image":{"@id":"https:\/\/lasentinelle.dz\/#\/schema\/logo\/image\/"},"sameAs":["https:\/\/www.facebook.com\/La-Sentinelle-104059864394773"]},{"@type":"Person","@id":"https:\/\/lasentinelle.dz\/#\/schema\/person\/729ee0024f24e0b8c5ec17232f8e8b41","name":"admin","image":{"@type":"ImageObject","inLanguage":"fr-FR","@id":"https:\/\/secure.gravatar.com\/avatar\/4c81fed838786e9b53f540bf46533e750f5d292099ae3b66cfc6fb1982e29df7?s=96&d=mm&r=g","url":"https:\/\/secure.gravatar.com\/avatar\/4c81fed838786e9b53f540bf46533e750f5d292099ae3b66cfc6fb1982e29df7?s=96&d=mm&r=g","contentUrl":"https:\/\/secure.gravatar.com\/avatar\/4c81fed838786e9b53f540bf46533e750f5d292099ae3b66cfc6fb1982e29df7?s=96&d=mm&r=g","caption":"admin"},"description":"admin","url":"https:\/\/lasentinelle.dz\/author\/admin\/"}]}},"_links":{"self":[{"href":"https:\/\/lasentinelle.dz\/index.php\/wp-json\/wp\/v2\/posts\/59430","targetHints":{"allow":["GET"]}}],"collection":[{"href":"https:\/\/lasentinelle.dz\/index.php\/wp-json\/wp\/v2\/posts"}],"about":[{"href":"https:\/\/lasentinelle.dz\/index.php\/wp-json\/wp\/v2\/types\/post"}],"author":[{"embeddable":true,"href":"https:\/\/lasentinelle.dz\/index.php\/wp-json\/wp\/v2\/users\/6"}],"replies":[{"embeddable":true,"href":"https:\/\/lasentinelle.dz\/index.php\/wp-json\/wp\/v2\/comments?post=59430"}],"version-history":[{"count":1,"href":"https:\/\/lasentinelle.dz\/index.php\/wp-json\/wp\/v2\/posts\/59430\/revisions"}],"predecessor-version":[{"id":59432,"href":"https:\/\/lasentinelle.dz\/index.php\/wp-json\/wp\/v2\/posts\/59430\/revisions\/59432"}],"wp:featuredmedia":[{"embeddable":true,"href":"https:\/\/lasentinelle.dz\/index.php\/wp-json\/wp\/v2\/media\/59431"}],"wp:attachment":[{"href":"https:\/\/lasentinelle.dz\/index.php\/wp-json\/wp\/v2\/media?parent=59430"}],"wp:term":[{"taxonomy":"category","embeddable":true,"href":"https:\/\/lasentinelle.dz\/index.php\/wp-json\/wp\/v2\/categories?post=59430"},{"taxonomy":"post_tag","embeddable":true,"href":"https:\/\/lasentinelle.dz\/index.php\/wp-json\/wp\/v2\/tags?post=59430"}],"curies":[{"name":"wp","href":"https:\/\/api.w.org\/{rel}","templated":true}]}}