{"id":59433,"date":"2024-11-17T12:15:32","date_gmt":"2024-11-17T11:15:32","guid":{"rendered":"https:\/\/lasentinelle.dz\/?p=59433"},"modified":"2024-11-17T12:15:32","modified_gmt":"2024-11-17T11:15:32","slug":"sahara-occidental-des-milliers-de-personnes-manifestent-a-madrid-pour-reclamer-lautodetermination-du-peuple-sahraoui","status":"publish","type":"post","link":"https:\/\/lasentinelle.dz\/index.php\/2024\/11\/17\/sahara-occidental-des-milliers-de-personnes-manifestent-a-madrid-pour-reclamer-lautodetermination-du-peuple-sahraoui\/","title":{"rendered":"Sahara occidental: Des milliers de personnes manifestent \u00e0 Madrid pour r\u00e9clamer l&rsquo;autod\u00e9termination du peuple sahraoui"},"content":{"rendered":"\n<p>Des milliers de personnes ont manifest\u00e9, samedi \u00e0 Madrid, pour exiger du gouvernement de Pedro Sanchez une position \u00ab\u00a0claire et ferme\u00a0\u00bb d\u00e9non\u00e7ant l&rsquo;occupation du Sahara Occidental par le Maroc et pour r\u00e9clamer l&rsquo;autod\u00e9termination du peuple sahraoui. Selon les organisateurs, plus de 3000 personnes des diff\u00e9rents comit\u00e9s, associations et organisations de solidarit\u00e9 avec le peuple sahraoui se sont rassembl\u00e9s devant la gare d&rsquo;Atocha pour afficher leur soutien au peuple sahraoui et appeler au respect du droit international au Sahara occidental. Le cort\u00e8ge s&rsquo;est \u00e9branl\u00e9 en d\u00e9but d&rsquo;apr\u00e8s-midi et des groupes importants de manifestants ont converg\u00e9 de diverses r\u00e9gions d&rsquo;Espagne vers la Place Puerta del Sol. Organis\u00e9e \u00e0 l&rsquo;appel de la Coordination des associations de solidarit\u00e9 avec le Sahara occidental (CEAS Sahara), la manifestation a attir\u00e9 des hommes politiques, des repr\u00e9sentants du monde de la Culture et de la Soci\u00e9t\u00e9 civile qui ont march\u00e9 aux c\u00f4t\u00e9s du repr\u00e9sentant du Front Polisario en Espagne, Abdullah Alarabi. La manifestation a \u00e9t\u00e9 men\u00e9e par le secr\u00e9taire g\u00e9n\u00e9ral d'\u00a0\u00bbIzquierda Unida\u00a0\u00bb, Enrique Santiago, la parlementaire Estrella Galan et l&rsquo;eurod\u00e9put\u00e9e Isa Serra qui ont d\u00e9fil\u00e9 derri\u00e8re une grande banderole r\u00e9clamant \u00ab\u00a0l&rsquo;autod\u00e9termination du peuple sahraoui\u00a0\u00bb et le \u00ab\u00a0respect des arr\u00eats de la Cour de justice de l&rsquo;UE\u00a0\u00bb. Les manifestants ont battu le pav\u00e9 aux cris de \u00ab\u00a0Non aux accords de Madrid\u00a0\u00bb, \u00ab\u00a0Stop aux violations des droits de l&rsquo;homme au Sahara occidental\u00a0\u00bb, appelant au \u00ab\u00a0respect des r\u00e9solutions de l&rsquo;ONU\u00a0\u00bb et \u00e0 \u00ab\u00a0l&rsquo;organisation du r\u00e9f\u00e9rendum d&rsquo;autod\u00e9termination\u00a0\u00bb au Sahara occidental. Les participants \u00e0 la manifestation, venus des quatre coins d&rsquo;Espagne, ont scand\u00e9 \u00e9galement des slogans d\u00e9non\u00e7ant le \u00ab\u00a0pillage\u00a0\u00bb des richesses naturelles du Sahara occidental et ont lev\u00e9 des banderoles demandant le respect du principe de la souverainet\u00e9 permanente des peuples sur leurs ressources naturelles. Ils ont exig\u00e9, en outre, de l&rsquo;Union europ\u00e9enne (UE) de se conformer aux arr\u00eats de sa Cour de Justice concernant le Sahara occidental. La haute juridiction europ\u00e9enne a invalid\u00e9, d\u00e9but octobre, deux accords commerciaux entre l&rsquo;UE et le Maroc, pr\u00e9cisant que les ressources naturelles du Sahara occidental ne peuvent \u00eatre exploit\u00e9es sans le consentement du peuple sahraoui, l\u00e9gitimement repr\u00e9sent\u00e9 par le Front Polisario. \u00ab\u00a0Cette d\u00e9cision de justice r\u00e9affirme que le Sahara occidental n&rsquo;est pas un territoire marocain et ne peut donc \u00eatre inclus dans des accords sans violer le droit international\u00a0\u00bb, avait soulign\u00e9 la CEAS Sahara, dans son appel \u00e0 manifester. La \u00ab\u00a0forte mobilisation\u00a0\u00bb de ce samedi \u00e0 Madrid, des d\u00e9fenseurs de la cause sahraouie vient aussi \u00ab\u00a0rappeler au gouvernement espagnol et \u00e0 la communaut\u00e9 internationale que la juste revendication du peuple sahraoui \u00e0 son autod\u00e9termination est un droit inali\u00e9nable et imprescriptible\u00a0\u00bb, ont fait remarquer les organisateurs, r\u00e9it\u00e9rant leur rejet des accords de Madrid, qui ont \u00ab\u00a0condamn\u00e9 le peuple sahraoui \u00e0 plus de quatre d\u00e9cennies d&rsquo;exode et de souffrance\u00a0\u00bb. Ces accords sign\u00e9s le 14 novembre 1975 \u00e0 Madrid par l&rsquo;Espagne, le Maroc et la Mauritanie, \u00e9tablissent les conditions du retrait espagnol du Sahara occidental et la partition du territoire entre le Maroc et la Mauritanie. Mais cette derni\u00e8re a abandonn\u00e9 toute revendication sur la r\u00e9gion depuis ao\u00fbt 1979.<\/p>\n\n\n\n<p>APS<\/p>\n","protected":false},"excerpt":{"rendered":"<p>Des milliers de personnes ont manifest\u00e9, samedi \u00e0 Madrid, pour exiger du gouvernement de Pedro Sanchez une position \u00ab\u00a0claire et<\/p>\n","protected":false},"author":6,"featured_media":59434,"comment_status":"open","ping_status":"closed","sticky":false,"template":"","format":"standard","meta":{"colormag_page_container_layout":"default_layout","colormag_page_sidebar_layout":"default_layout","om_disable_all_campaigns":false,"_monsterinsights_skip_tracking":false,"_monsterinsights_sitenote_active":false,"_monsterinsights_sitenote_note":"","_monsterinsights_sitenote_category":0,"footnotes":"","_wpscppro_dont_share_socialmedia":false,"_wpscppro_custom_social_share_image":0,"_facebook_share_type":"default","_twitter_share_type":"default","_linkedin_share_type":"default","_pinterest_share_type":"default","_linkedin_share_type_page":"","_instagram_share_type":"default","_medium_share_type":"default","_threads_share_type":"","_google_business_share_type":"","_selected_social_profile":[],"_wpsp_enable_custom_social_template":false,"_wpsp_social_scheduling":{"enabled":false,"datetime":null,"platforms":[],"status":"template_only","dateOption":"today","timeOption":"now","customDays":"","customHours":"","customDate":"","customTime":"","schedulingType":"absolute"},"_wpsp_active_default_template":true},"categories":[27],"tags":[],"class_list":["post-59433","post","type-post","status-publish","format-standard","has-post-thumbnail","hentry","category-actualite"],"aioseo_notices":[],"yoast_head":"<!-- This site is optimized with the Yoast SEO plugin v27.5 - https:\/\/yoast.com\/product\/yoast-seo-wordpress\/ -->\n<title>Sahara occidental: Des milliers de personnes manifestent \u00e0 Madrid pour r\u00e9clamer l&rsquo;autod\u00e9termination du peuple sahraoui - La Sentinelle<\/title>\n<meta name=\"robots\" content=\"index, follow, max-snippet:-1, max-image-preview:large, max-video-preview:-1\" \/>\n<link rel=\"canonical\" href=\"https:\/\/lasentinelle.dz\/index.php\/2024\/11\/17\/sahara-occidental-des-milliers-de-personnes-manifestent-a-madrid-pour-reclamer-lautodetermination-du-peuple-sahraoui\/\" \/>\n<meta property=\"og:locale\" content=\"fr_FR\" \/>\n<meta property=\"og:type\" content=\"article\" \/>\n<meta property=\"og:title\" content=\"Sahara occidental: Des milliers de personnes manifestent \u00e0 Madrid pour r\u00e9clamer l&rsquo;autod\u00e9termination du peuple sahraoui - La Sentinelle\" \/>\n<meta property=\"og:description\" content=\"Des milliers de personnes ont manifest\u00e9, samedi \u00e0 Madrid, pour exiger du gouvernement de Pedro Sanchez une position \u00ab\u00a0claire et\" \/>\n<meta property=\"og:url\" content=\"https:\/\/lasentinelle.dz\/index.php\/2024\/11\/17\/sahara-occidental-des-milliers-de-personnes-manifestent-a-madrid-pour-reclamer-lautodetermination-du-peuple-sahraoui\/\" \/>\n<meta property=\"og:site_name\" content=\"La Sentinelle\" \/>\n<meta property=\"article:publisher\" content=\"https:\/\/www.facebook.com\/La-Sentinelle-104059864394773\" \/>\n<meta property=\"article:published_time\" content=\"2024-11-17T11:15:32+00:00\" \/>\n<meta property=\"og:image\" content=\"https:\/\/lasentinelle.dz\/wp-content\/uploads\/2024\/11\/manif-madrid.jpg\" \/>\n\t<meta property=\"og:image:width\" content=\"580\" \/>\n\t<meta property=\"og:image:height\" content=\"350\" \/>\n\t<meta property=\"og:image:type\" content=\"image\/jpeg\" \/>\n<meta name=\"author\" content=\"admin\" \/>\n<meta name=\"twitter:card\" content=\"summary_large_image\" \/>\n<meta name=\"twitter:label1\" content=\"\u00c9crit par\" \/>\n\t<meta name=\"twitter:data1\" content=\"admin\" \/>\n\t<meta name=\"twitter:label2\" content=\"Dur\u00e9e de lecture estim\u00e9e\" \/>\n\t<meta name=\"twitter:data2\" content=\"3 minutes\" \/>\n<script type=\"application\/ld+json\" class=\"yoast-schema-graph\">{\"@context\":\"https:\\\/\\\/schema.org\",\"@graph\":[{\"@type\":\"Article\",\"@id\":\"https:\\\/\\\/lasentinelle.dz\\\/index.php\\\/2024\\\/11\\\/17\\\/sahara-occidental-des-milliers-de-personnes-manifestent-a-madrid-pour-reclamer-lautodetermination-du-peuple-sahraoui\\\/#article\",\"isPartOf\":{\"@id\":\"https:\\\/\\\/lasentinelle.dz\\\/index.php\\\/2024\\\/11\\\/17\\\/sahara-occidental-des-milliers-de-personnes-manifestent-a-madrid-pour-reclamer-lautodetermination-du-peuple-sahraoui\\\/\"},\"author\":{\"name\":\"admin\",\"@id\":\"https:\\\/\\\/lasentinelle.dz\\\/#\\\/schema\\\/person\\\/729ee0024f24e0b8c5ec17232f8e8b41\"},\"headline\":\"Sahara occidental: Des milliers de personnes manifestent \u00e0 Madrid pour r\u00e9clamer l&rsquo;autod\u00e9termination du peuple sahraoui\",\"datePublished\":\"2024-11-17T11:15:32+00:00\",\"mainEntityOfPage\":{\"@id\":\"https:\\\/\\\/lasentinelle.dz\\\/index.php\\\/2024\\\/11\\\/17\\\/sahara-occidental-des-milliers-de-personnes-manifestent-a-madrid-pour-reclamer-lautodetermination-du-peuple-sahraoui\\\/\"},\"wordCount\":580,\"commentCount\":0,\"publisher\":{\"@id\":\"https:\\\/\\\/lasentinelle.dz\\\/#organization\"},\"image\":{\"@id\":\"https:\\\/\\\/lasentinelle.dz\\\/index.php\\\/2024\\\/11\\\/17\\\/sahara-occidental-des-milliers-de-personnes-manifestent-a-madrid-pour-reclamer-lautodetermination-du-peuple-sahraoui\\\/#primaryimage\"},\"thumbnailUrl\":\"https:\\\/\\\/lasentinelle.dz\\\/wp-content\\\/uploads\\\/2024\\\/11\\\/manif-madrid.jpg\",\"articleSection\":[\"Actualit\u00e9\"],\"inLanguage\":\"fr-FR\",\"potentialAction\":[{\"@type\":\"CommentAction\",\"name\":\"Comment\",\"target\":[\"https:\\\/\\\/lasentinelle.dz\\\/index.php\\\/2024\\\/11\\\/17\\\/sahara-occidental-des-milliers-de-personnes-manifestent-a-madrid-pour-reclamer-lautodetermination-du-peuple-sahraoui\\\/#respond\"]}]},{\"@type\":\"WebPage\",\"@id\":\"https:\\\/\\\/lasentinelle.dz\\\/index.php\\\/2024\\\/11\\\/17\\\/sahara-occidental-des-milliers-de-personnes-manifestent-a-madrid-pour-reclamer-lautodetermination-du-peuple-sahraoui\\\/\",\"url\":\"https:\\\/\\\/lasentinelle.dz\\\/index.php\\\/2024\\\/11\\\/17\\\/sahara-occidental-des-milliers-de-personnes-manifestent-a-madrid-pour-reclamer-lautodetermination-du-peuple-sahraoui\\\/\",\"name\":\"Sahara occidental: Des milliers de personnes manifestent \u00e0 Madrid pour r\u00e9clamer l&rsquo;autod\u00e9termination du peuple sahraoui - La Sentinelle\",\"isPartOf\":{\"@id\":\"https:\\\/\\\/lasentinelle.dz\\\/#website\"},\"primaryImageOfPage\":{\"@id\":\"https:\\\/\\\/lasentinelle.dz\\\/index.php\\\/2024\\\/11\\\/17\\\/sahara-occidental-des-milliers-de-personnes-manifestent-a-madrid-pour-reclamer-lautodetermination-du-peuple-sahraoui\\\/#primaryimage\"},\"image\":{\"@id\":\"https:\\\/\\\/lasentinelle.dz\\\/index.php\\\/2024\\\/11\\\/17\\\/sahara-occidental-des-milliers-de-personnes-manifestent-a-madrid-pour-reclamer-lautodetermination-du-peuple-sahraoui\\\/#primaryimage\"},\"thumbnailUrl\":\"https:\\\/\\\/lasentinelle.dz\\\/wp-content\\\/uploads\\\/2024\\\/11\\\/manif-madrid.jpg\",\"datePublished\":\"2024-11-17T11:15:32+00:00\",\"breadcrumb\":{\"@id\":\"https:\\\/\\\/lasentinelle.dz\\\/index.php\\\/2024\\\/11\\\/17\\\/sahara-occidental-des-milliers-de-personnes-manifestent-a-madrid-pour-reclamer-lautodetermination-du-peuple-sahraoui\\\/#breadcrumb\"},\"inLanguage\":\"fr-FR\",\"potentialAction\":[{\"@type\":\"ReadAction\",\"target\":[\"https:\\\/\\\/lasentinelle.dz\\\/index.php\\\/2024\\\/11\\\/17\\\/sahara-occidental-des-milliers-de-personnes-manifestent-a-madrid-pour-reclamer-lautodetermination-du-peuple-sahraoui\\\/\"]}]},{\"@type\":\"ImageObject\",\"inLanguage\":\"fr-FR\",\"@id\":\"https:\\\/\\\/lasentinelle.dz\\\/index.php\\\/2024\\\/11\\\/17\\\/sahara-occidental-des-milliers-de-personnes-manifestent-a-madrid-pour-reclamer-lautodetermination-du-peuple-sahraoui\\\/#primaryimage\",\"url\":\"https:\\\/\\\/lasentinelle.dz\\\/wp-content\\\/uploads\\\/2024\\\/11\\\/manif-madrid.jpg\",\"contentUrl\":\"https:\\\/\\\/lasentinelle.dz\\\/wp-content\\\/uploads\\\/2024\\\/11\\\/manif-madrid.jpg\",\"width\":580,\"height\":350},{\"@type\":\"BreadcrumbList\",\"@id\":\"https:\\\/\\\/lasentinelle.dz\\\/index.php\\\/2024\\\/11\\\/17\\\/sahara-occidental-des-milliers-de-personnes-manifestent-a-madrid-pour-reclamer-lautodetermination-du-peuple-sahraoui\\\/#breadcrumb\",\"itemListElement\":[{\"@type\":\"ListItem\",\"position\":1,\"name\":\"Accueil\",\"item\":\"https:\\\/\\\/lasentinelle.dz\\\/\"},{\"@type\":\"ListItem\",\"position\":2,\"name\":\"Sahara occidental: Des milliers de personnes manifestent \u00e0 Madrid pour r\u00e9clamer l&rsquo;autod\u00e9termination du peuple sahraoui\"}]},{\"@type\":\"WebSite\",\"@id\":\"https:\\\/\\\/lasentinelle.dz\\\/#website\",\"url\":\"https:\\\/\\\/lasentinelle.dz\\\/\",\"name\":\"La Sentinelle\",\"description\":\"Quotidien national d&#039;information\",\"publisher\":{\"@id\":\"https:\\\/\\\/lasentinelle.dz\\\/#organization\"},\"potentialAction\":[{\"@type\":\"SearchAction\",\"target\":{\"@type\":\"EntryPoint\",\"urlTemplate\":\"https:\\\/\\\/lasentinelle.dz\\\/?s={search_term_string}\"},\"query-input\":{\"@type\":\"PropertyValueSpecification\",\"valueRequired\":true,\"valueName\":\"search_term_string\"}}],\"inLanguage\":\"fr-FR\"},{\"@type\":\"Organization\",\"@id\":\"https:\\\/\\\/lasentinelle.dz\\\/#organization\",\"name\":\"Quotidien La Sentinelle\",\"url\":\"https:\\\/\\\/lasentinelle.dz\\\/\",\"logo\":{\"@type\":\"ImageObject\",\"inLanguage\":\"fr-FR\",\"@id\":\"https:\\\/\\\/lasentinelle.dz\\\/#\\\/schema\\\/logo\\\/image\\\/\",\"url\":\"https:\\\/\\\/lasentinelle.dz\\\/wp-content\\\/uploads\\\/2021\\\/09\\\/logo-sentinelleSLOGAN-1.png\",\"contentUrl\":\"https:\\\/\\\/lasentinelle.dz\\\/wp-content\\\/uploads\\\/2021\\\/09\\\/logo-sentinelleSLOGAN-1.png\",\"width\":615,\"height\":142,\"caption\":\"Quotidien La Sentinelle\"},\"image\":{\"@id\":\"https:\\\/\\\/lasentinelle.dz\\\/#\\\/schema\\\/logo\\\/image\\\/\"},\"sameAs\":[\"https:\\\/\\\/www.facebook.com\\\/La-Sentinelle-104059864394773\"]},{\"@type\":\"Person\",\"@id\":\"https:\\\/\\\/lasentinelle.dz\\\/#\\\/schema\\\/person\\\/729ee0024f24e0b8c5ec17232f8e8b41\",\"name\":\"admin\",\"image\":{\"@type\":\"ImageObject\",\"inLanguage\":\"fr-FR\",\"@id\":\"https:\\\/\\\/secure.gravatar.com\\\/avatar\\\/4c81fed838786e9b53f540bf46533e750f5d292099ae3b66cfc6fb1982e29df7?s=96&d=mm&r=g\",\"url\":\"https:\\\/\\\/secure.gravatar.com\\\/avatar\\\/4c81fed838786e9b53f540bf46533e750f5d292099ae3b66cfc6fb1982e29df7?s=96&d=mm&r=g\",\"contentUrl\":\"https:\\\/\\\/secure.gravatar.com\\\/avatar\\\/4c81fed838786e9b53f540bf46533e750f5d292099ae3b66cfc6fb1982e29df7?s=96&d=mm&r=g\",\"caption\":\"admin\"},\"description\":\"admin\",\"url\":\"https:\\\/\\\/lasentinelle.dz\\\/author\\\/admin\\\/\"}]}<\/script>\n<!-- \/ Yoast SEO plugin. -->","yoast_head_json":{"title":"Sahara occidental: Des milliers de personnes manifestent \u00e0 Madrid pour r\u00e9clamer l&rsquo;autod\u00e9termination du peuple sahraoui - La Sentinelle","robots":{"index":"index","follow":"follow","max-snippet":"max-snippet:-1","max-image-preview":"max-image-preview:large","max-video-preview":"max-video-preview:-1"},"canonical":"https:\/\/lasentinelle.dz\/index.php\/2024\/11\/17\/sahara-occidental-des-milliers-de-personnes-manifestent-a-madrid-pour-reclamer-lautodetermination-du-peuple-sahraoui\/","og_locale":"fr_FR","og_type":"article","og_title":"Sahara occidental: Des milliers de personnes manifestent \u00e0 Madrid pour r\u00e9clamer l&rsquo;autod\u00e9termination du peuple sahraoui - La Sentinelle","og_description":"Des milliers de personnes ont manifest\u00e9, samedi \u00e0 Madrid, pour exiger du gouvernement de Pedro Sanchez une position \u00ab\u00a0claire et","og_url":"https:\/\/lasentinelle.dz\/index.php\/2024\/11\/17\/sahara-occidental-des-milliers-de-personnes-manifestent-a-madrid-pour-reclamer-lautodetermination-du-peuple-sahraoui\/","og_site_name":"La Sentinelle","article_publisher":"https:\/\/www.facebook.com\/La-Sentinelle-104059864394773","article_published_time":"2024-11-17T11:15:32+00:00","og_image":[{"width":580,"height":350,"url":"https:\/\/lasentinelle.dz\/wp-content\/uploads\/2024\/11\/manif-madrid.jpg","type":"image\/jpeg"}],"author":"admin","twitter_card":"summary_large_image","twitter_misc":{"\u00c9crit par":"admin","Dur\u00e9e de lecture estim\u00e9e":"3 minutes"},"schema":{"@context":"https:\/\/schema.org","@graph":[{"@type":"Article","@id":"https:\/\/lasentinelle.dz\/index.php\/2024\/11\/17\/sahara-occidental-des-milliers-de-personnes-manifestent-a-madrid-pour-reclamer-lautodetermination-du-peuple-sahraoui\/#article","isPartOf":{"@id":"https:\/\/lasentinelle.dz\/index.php\/2024\/11\/17\/sahara-occidental-des-milliers-de-personnes-manifestent-a-madrid-pour-reclamer-lautodetermination-du-peuple-sahraoui\/"},"author":{"name":"admin","@id":"https:\/\/lasentinelle.dz\/#\/schema\/person\/729ee0024f24e0b8c5ec17232f8e8b41"},"headline":"Sahara occidental: Des milliers de personnes manifestent \u00e0 Madrid pour r\u00e9clamer l&rsquo;autod\u00e9termination du peuple sahraoui","datePublished":"2024-11-17T11:15:32+00:00","mainEntityOfPage":{"@id":"https:\/\/lasentinelle.dz\/index.php\/2024\/11\/17\/sahara-occidental-des-milliers-de-personnes-manifestent-a-madrid-pour-reclamer-lautodetermination-du-peuple-sahraoui\/"},"wordCount":580,"commentCount":0,"publisher":{"@id":"https:\/\/lasentinelle.dz\/#organization"},"image":{"@id":"https:\/\/lasentinelle.dz\/index.php\/2024\/11\/17\/sahara-occidental-des-milliers-de-personnes-manifestent-a-madrid-pour-reclamer-lautodetermination-du-peuple-sahraoui\/#primaryimage"},"thumbnailUrl":"https:\/\/lasentinelle.dz\/wp-content\/uploads\/2024\/11\/manif-madrid.jpg","articleSection":["Actualit\u00e9"],"inLanguage":"fr-FR","potentialAction":[{"@type":"CommentAction","name":"Comment","target":["https:\/\/lasentinelle.dz\/index.php\/2024\/11\/17\/sahara-occidental-des-milliers-de-personnes-manifestent-a-madrid-pour-reclamer-lautodetermination-du-peuple-sahraoui\/#respond"]}]},{"@type":"WebPage","@id":"https:\/\/lasentinelle.dz\/index.php\/2024\/11\/17\/sahara-occidental-des-milliers-de-personnes-manifestent-a-madrid-pour-reclamer-lautodetermination-du-peuple-sahraoui\/","url":"https:\/\/lasentinelle.dz\/index.php\/2024\/11\/17\/sahara-occidental-des-milliers-de-personnes-manifestent-a-madrid-pour-reclamer-lautodetermination-du-peuple-sahraoui\/","name":"Sahara occidental: Des milliers de personnes manifestent \u00e0 Madrid pour r\u00e9clamer l&rsquo;autod\u00e9termination du peuple sahraoui - La Sentinelle","isPartOf":{"@id":"https:\/\/lasentinelle.dz\/#website"},"primaryImageOfPage":{"@id":"https:\/\/lasentinelle.dz\/index.php\/2024\/11\/17\/sahara-occidental-des-milliers-de-personnes-manifestent-a-madrid-pour-reclamer-lautodetermination-du-peuple-sahraoui\/#primaryimage"},"image":{"@id":"https:\/\/lasentinelle.dz\/index.php\/2024\/11\/17\/sahara-occidental-des-milliers-de-personnes-manifestent-a-madrid-pour-reclamer-lautodetermination-du-peuple-sahraoui\/#primaryimage"},"thumbnailUrl":"https:\/\/lasentinelle.dz\/wp-content\/uploads\/2024\/11\/manif-madrid.jpg","datePublished":"2024-11-17T11:15:32+00:00","breadcrumb":{"@id":"https:\/\/lasentinelle.dz\/index.php\/2024\/11\/17\/sahara-occidental-des-milliers-de-personnes-manifestent-a-madrid-pour-reclamer-lautodetermination-du-peuple-sahraoui\/#breadcrumb"},"inLanguage":"fr-FR","potentialAction":[{"@type":"ReadAction","target":["https:\/\/lasentinelle.dz\/index.php\/2024\/11\/17\/sahara-occidental-des-milliers-de-personnes-manifestent-a-madrid-pour-reclamer-lautodetermination-du-peuple-sahraoui\/"]}]},{"@type":"ImageObject","inLanguage":"fr-FR","@id":"https:\/\/lasentinelle.dz\/index.php\/2024\/11\/17\/sahara-occidental-des-milliers-de-personnes-manifestent-a-madrid-pour-reclamer-lautodetermination-du-peuple-sahraoui\/#primaryimage","url":"https:\/\/lasentinelle.dz\/wp-content\/uploads\/2024\/11\/manif-madrid.jpg","contentUrl":"https:\/\/lasentinelle.dz\/wp-content\/uploads\/2024\/11\/manif-madrid.jpg","width":580,"height":350},{"@type":"BreadcrumbList","@id":"https:\/\/lasentinelle.dz\/index.php\/2024\/11\/17\/sahara-occidental-des-milliers-de-personnes-manifestent-a-madrid-pour-reclamer-lautodetermination-du-peuple-sahraoui\/#breadcrumb","itemListElement":[{"@type":"ListItem","position":1,"name":"Accueil","item":"https:\/\/lasentinelle.dz\/"},{"@type":"ListItem","position":2,"name":"Sahara occidental: Des milliers de personnes manifestent \u00e0 Madrid pour r\u00e9clamer l&rsquo;autod\u00e9termination du peuple sahraoui"}]},{"@type":"WebSite","@id":"https:\/\/lasentinelle.dz\/#website","url":"https:\/\/lasentinelle.dz\/","name":"La Sentinelle","description":"Quotidien national d&#039;information","publisher":{"@id":"https:\/\/lasentinelle.dz\/#organization"},"potentialAction":[{"@type":"SearchAction","target":{"@type":"EntryPoint","urlTemplate":"https:\/\/lasentinelle.dz\/?s={search_term_string}"},"query-input":{"@type":"PropertyValueSpecification","valueRequired":true,"valueName":"search_term_string"}}],"inLanguage":"fr-FR"},{"@type":"Organization","@id":"https:\/\/lasentinelle.dz\/#organization","name":"Quotidien La Sentinelle","url":"https:\/\/lasentinelle.dz\/","logo":{"@type":"ImageObject","inLanguage":"fr-FR","@id":"https:\/\/lasentinelle.dz\/#\/schema\/logo\/image\/","url":"https:\/\/lasentinelle.dz\/wp-content\/uploads\/2021\/09\/logo-sentinelleSLOGAN-1.png","contentUrl":"https:\/\/lasentinelle.dz\/wp-content\/uploads\/2021\/09\/logo-sentinelleSLOGAN-1.png","width":615,"height":142,"caption":"Quotidien La Sentinelle"},"image":{"@id":"https:\/\/lasentinelle.dz\/#\/schema\/logo\/image\/"},"sameAs":["https:\/\/www.facebook.com\/La-Sentinelle-104059864394773"]},{"@type":"Person","@id":"https:\/\/lasentinelle.dz\/#\/schema\/person\/729ee0024f24e0b8c5ec17232f8e8b41","name":"admin","image":{"@type":"ImageObject","inLanguage":"fr-FR","@id":"https:\/\/secure.gravatar.com\/avatar\/4c81fed838786e9b53f540bf46533e750f5d292099ae3b66cfc6fb1982e29df7?s=96&d=mm&r=g","url":"https:\/\/secure.gravatar.com\/avatar\/4c81fed838786e9b53f540bf46533e750f5d292099ae3b66cfc6fb1982e29df7?s=96&d=mm&r=g","contentUrl":"https:\/\/secure.gravatar.com\/avatar\/4c81fed838786e9b53f540bf46533e750f5d292099ae3b66cfc6fb1982e29df7?s=96&d=mm&r=g","caption":"admin"},"description":"admin","url":"https:\/\/lasentinelle.dz\/author\/admin\/"}]}},"_links":{"self":[{"href":"https:\/\/lasentinelle.dz\/index.php\/wp-json\/wp\/v2\/posts\/59433","targetHints":{"allow":["GET"]}}],"collection":[{"href":"https:\/\/lasentinelle.dz\/index.php\/wp-json\/wp\/v2\/posts"}],"about":[{"href":"https:\/\/lasentinelle.dz\/index.php\/wp-json\/wp\/v2\/types\/post"}],"author":[{"embeddable":true,"href":"https:\/\/lasentinelle.dz\/index.php\/wp-json\/wp\/v2\/users\/6"}],"replies":[{"embeddable":true,"href":"https:\/\/lasentinelle.dz\/index.php\/wp-json\/wp\/v2\/comments?post=59433"}],"version-history":[{"count":2,"href":"https:\/\/lasentinelle.dz\/index.php\/wp-json\/wp\/v2\/posts\/59433\/revisions"}],"predecessor-version":[{"id":59436,"href":"https:\/\/lasentinelle.dz\/index.php\/wp-json\/wp\/v2\/posts\/59433\/revisions\/59436"}],"wp:featuredmedia":[{"embeddable":true,"href":"https:\/\/lasentinelle.dz\/index.php\/wp-json\/wp\/v2\/media\/59434"}],"wp:attachment":[{"href":"https:\/\/lasentinelle.dz\/index.php\/wp-json\/wp\/v2\/media?parent=59433"}],"wp:term":[{"taxonomy":"category","embeddable":true,"href":"https:\/\/lasentinelle.dz\/index.php\/wp-json\/wp\/v2\/categories?post=59433"},{"taxonomy":"post_tag","embeddable":true,"href":"https:\/\/lasentinelle.dz\/index.php\/wp-json\/wp\/v2\/tags?post=59433"}],"curies":[{"name":"wp","href":"https:\/\/api.w.org\/{rel}","templated":true}]}}