{"id":5948,"date":"2021-08-31T00:01:00","date_gmt":"2021-08-30T23:01:00","guid":{"rendered":"https:\/\/lasentinelle.dz\/?p=5948"},"modified":"2021-08-30T17:09:49","modified_gmt":"2021-08-30T16:09:49","slug":"lonu-reaffirme-son-engagement-a-interdire-les-essais-nucleaires","status":"publish","type":"post","link":"https:\/\/lasentinelle.dz\/index.php\/2021\/08\/31\/lonu-reaffirme-son-engagement-a-interdire-les-essais-nucleaires\/","title":{"rendered":"L\u2019ONU r\u00e9affirme son engagement \u00e0 interdire les essais nucl\u00e9aires"},"content":{"rendered":"\n<p>Le secr\u00e9taire g\u00e9n\u00e9ral des Nations Unies, Antonio Guterres a r\u00e9affirm\u00e9 dimanche son engagement \u00e0 interdire les essais nucl\u00e9aires, affirmant qu'\u00a0\u00bbil n&rsquo;y a aucune excuse\u00a0\u00bb pour atteindre cet objectif.\u00a0\u00bbLes essais nucl\u00e9aires ont caus\u00e9 d&rsquo;\u00e9normes d\u00e9g\u00e2ts environnementaux et des cons\u00e9quences terribles sur la sant\u00e9 des personnes vivant dans les zones touch\u00e9es. Il est temps d&rsquo;interdire tous les essais nucl\u00e9aires, par n&rsquo;importe qui, n&rsquo;importe o\u00f9\u00a0\u00bb, a d\u00e9clar\u00e9 M. Guterres sur Twitter \u00e0 l\u2019occasion de la Journ\u00e9e internationale contre les essais nucl\u00e9aires, c\u00e9l\u00e9br\u00e9e dimanche.La date du 29 ao\u00fbt marque le 30e anniversaire de la fermeture du site d\u2019essais nucl\u00e9aires de Semipalatinsk au Kazakhstan, le plus grand du genre dans l\u2019ex-Union sovi\u00e9tique, o\u00f9 plus de 450 engins nucl\u00e9aires ont explos\u00e9 en quatre d\u00e9cennies.La fermeture du site d\u2019essais de Semipalatinsk a marqu\u00e9 la fin de l\u2019\u00e8re des essais nucl\u00e9aires effr\u00e9n\u00e9s. Peu de temps apr\u00e8s, les pays ont commenc\u00e9 \u00e0 n\u00e9gocier le Trait\u00e9 d&rsquo;interdiction compl\u00e8te des essais nucl\u00e9aires (TICE). Le trait\u00e9 interdit tous les essais d\u2019armes nucl\u00e9aires explosives n\u2019importe o\u00f9, par n\u2019importe quel pays.Le TICE a \u00e9t\u00e9 adopt\u00e9 en 1996 et a \u00e9t\u00e9 sign\u00e9 par 185 pays et ratifi\u00e9 par 170, dont trois Etats dot\u00e9s d\u2019armes nucl\u00e9aires. Cependant, il doit \u00eatre sign\u00e9 et ratifi\u00e9 par 44 pays d\u00e9tenteurs de technologie nucl\u00e9aire avant de pouvoir entrer en vigueur.M\u00eame si le monde a \u00e9t\u00e9 t\u00e9moin du d\u00e9veloppement progressif d\u2019une norme contre les essais nucl\u00e9aires au cours des trois d\u00e9cennies qui ont suivi la fermeture du site de Semipalatinsk, l&rsquo;ONU a d\u00e9plor\u00e9 que le plein potentiel du TICE n\u2019ait pas \u00e9t\u00e9 r\u00e9alis\u00e9.En effet, malgr\u00e9 son acceptation quasi universelle par les pays, il n\u2019est pas encore entr\u00e9 en vigueur.<\/p>\n\n\n\n<p>APS<\/p>\n","protected":false},"excerpt":{"rendered":"<p>Le secr\u00e9taire g\u00e9n\u00e9ral des Nations Unies, Antonio Guterres a r\u00e9affirm\u00e9 dimanche son engagement \u00e0 interdire les essais nucl\u00e9aires, affirmant qu&rsquo;\u00a0\u00bbil<\/p>\n","protected":false},"author":3,"featured_media":5951,"comment_status":"open","ping_status":"closed","sticky":false,"template":"","format":"standard","meta":{"colormag_page_container_layout":"default_layout","colormag_page_sidebar_layout":"default_layout","om_disable_all_campaigns":false,"_monsterinsights_skip_tracking":false,"_monsterinsights_sitenote_active":false,"_monsterinsights_sitenote_note":"","_monsterinsights_sitenote_category":0,"footnotes":"","_wpscppro_dont_share_socialmedia":false,"_wpscppro_custom_social_share_image":0,"_facebook_share_type":"","_twitter_share_type":"","_linkedin_share_type":"","_pinterest_share_type":"","_linkedin_share_type_page":"","_instagram_share_type":"","_medium_share_type":"","_threads_share_type":"","_google_business_share_type":"","_selected_social_profile":[],"_wpsp_enable_custom_social_template":false,"_wpsp_social_scheduling":{"enabled":false,"datetime":null,"platforms":[],"status":"template_only","dateOption":"today","timeOption":"now","customDays":"","customHours":"","customDate":"","customTime":"","schedulingType":"absolute"},"_wpsp_active_default_template":true},"categories":[37],"tags":[],"class_list":["post-5948","post","type-post","status-publish","format-standard","has-post-thumbnail","hentry","category-monde"],"aioseo_notices":[],"yoast_head":"<!-- This site is optimized with the Yoast SEO plugin v27.5 - https:\/\/yoast.com\/product\/yoast-seo-wordpress\/ -->\n<title>L\u2019ONU r\u00e9affirme son engagement \u00e0 interdire les essais nucl\u00e9aires - La Sentinelle<\/title>\n<meta name=\"robots\" content=\"index, follow, max-snippet:-1, max-image-preview:large, max-video-preview:-1\" \/>\n<link rel=\"canonical\" href=\"https:\/\/lasentinelle.dz\/index.php\/2021\/08\/31\/lonu-reaffirme-son-engagement-a-interdire-les-essais-nucleaires\/\" \/>\n<meta property=\"og:locale\" content=\"fr_FR\" \/>\n<meta property=\"og:type\" content=\"article\" \/>\n<meta property=\"og:title\" content=\"L\u2019ONU r\u00e9affirme son engagement \u00e0 interdire les essais nucl\u00e9aires - La Sentinelle\" \/>\n<meta property=\"og:description\" content=\"Le secr\u00e9taire g\u00e9n\u00e9ral des Nations Unies, Antonio Guterres a r\u00e9affirm\u00e9 dimanche son engagement \u00e0 interdire les essais nucl\u00e9aires, affirmant qu&#039;\u00a0\u00bbil\" \/>\n<meta property=\"og:url\" content=\"https:\/\/lasentinelle.dz\/index.php\/2021\/08\/31\/lonu-reaffirme-son-engagement-a-interdire-les-essais-nucleaires\/\" \/>\n<meta property=\"og:site_name\" content=\"La Sentinelle\" \/>\n<meta property=\"article:publisher\" content=\"https:\/\/www.facebook.com\/La-Sentinelle-104059864394773\" \/>\n<meta property=\"article:published_time\" content=\"2021-08-30T23:01:00+00:00\" \/>\n<meta property=\"og:image\" content=\"https:\/\/lasentinelle.dz\/wp-content\/uploads\/2021\/08\/image_2021-08-30_170944.png\" \/>\n\t<meta property=\"og:image:width\" content=\"289\" \/>\n\t<meta property=\"og:image:height\" content=\"174\" \/>\n\t<meta property=\"og:image:type\" content=\"image\/png\" \/>\n<meta name=\"author\" content=\"La Sentinelle\" \/>\n<meta name=\"twitter:card\" content=\"summary_large_image\" \/>\n<meta name=\"twitter:label1\" content=\"\u00c9crit par\" \/>\n\t<meta name=\"twitter:data1\" content=\"La Sentinelle\" \/>\n\t<meta name=\"twitter:label2\" content=\"Dur\u00e9e de lecture estim\u00e9e\" \/>\n\t<meta name=\"twitter:data2\" content=\"2 minutes\" \/>\n<script type=\"application\/ld+json\" class=\"yoast-schema-graph\">{\"@context\":\"https:\\\/\\\/schema.org\",\"@graph\":[{\"@type\":\"Article\",\"@id\":\"https:\\\/\\\/lasentinelle.dz\\\/index.php\\\/2021\\\/08\\\/31\\\/lonu-reaffirme-son-engagement-a-interdire-les-essais-nucleaires\\\/#article\",\"isPartOf\":{\"@id\":\"https:\\\/\\\/lasentinelle.dz\\\/index.php\\\/2021\\\/08\\\/31\\\/lonu-reaffirme-son-engagement-a-interdire-les-essais-nucleaires\\\/\"},\"author\":{\"name\":\"La Sentinelle\",\"@id\":\"https:\\\/\\\/lasentinelle.dz\\\/#\\\/schema\\\/person\\\/d865044e22e70a75174ce8bcad3acfb3\"},\"headline\":\"L\u2019ONU r\u00e9affirme son engagement \u00e0 interdire les essais nucl\u00e9aires\",\"datePublished\":\"2021-08-30T23:01:00+00:00\",\"mainEntityOfPage\":{\"@id\":\"https:\\\/\\\/lasentinelle.dz\\\/index.php\\\/2021\\\/08\\\/31\\\/lonu-reaffirme-son-engagement-a-interdire-les-essais-nucleaires\\\/\"},\"wordCount\":338,\"commentCount\":0,\"publisher\":{\"@id\":\"https:\\\/\\\/lasentinelle.dz\\\/#organization\"},\"image\":{\"@id\":\"https:\\\/\\\/lasentinelle.dz\\\/index.php\\\/2021\\\/08\\\/31\\\/lonu-reaffirme-son-engagement-a-interdire-les-essais-nucleaires\\\/#primaryimage\"},\"thumbnailUrl\":\"https:\\\/\\\/lasentinelle.dz\\\/wp-content\\\/uploads\\\/2021\\\/08\\\/image_2021-08-30_170944.png\",\"articleSection\":[\"Monde\"],\"inLanguage\":\"fr-FR\",\"potentialAction\":[{\"@type\":\"CommentAction\",\"name\":\"Comment\",\"target\":[\"https:\\\/\\\/lasentinelle.dz\\\/index.php\\\/2021\\\/08\\\/31\\\/lonu-reaffirme-son-engagement-a-interdire-les-essais-nucleaires\\\/#respond\"]}]},{\"@type\":\"WebPage\",\"@id\":\"https:\\\/\\\/lasentinelle.dz\\\/index.php\\\/2021\\\/08\\\/31\\\/lonu-reaffirme-son-engagement-a-interdire-les-essais-nucleaires\\\/\",\"url\":\"https:\\\/\\\/lasentinelle.dz\\\/index.php\\\/2021\\\/08\\\/31\\\/lonu-reaffirme-son-engagement-a-interdire-les-essais-nucleaires\\\/\",\"name\":\"L\u2019ONU r\u00e9affirme son engagement \u00e0 interdire les essais nucl\u00e9aires - La Sentinelle\",\"isPartOf\":{\"@id\":\"https:\\\/\\\/lasentinelle.dz\\\/#website\"},\"primaryImageOfPage\":{\"@id\":\"https:\\\/\\\/lasentinelle.dz\\\/index.php\\\/2021\\\/08\\\/31\\\/lonu-reaffirme-son-engagement-a-interdire-les-essais-nucleaires\\\/#primaryimage\"},\"image\":{\"@id\":\"https:\\\/\\\/lasentinelle.dz\\\/index.php\\\/2021\\\/08\\\/31\\\/lonu-reaffirme-son-engagement-a-interdire-les-essais-nucleaires\\\/#primaryimage\"},\"thumbnailUrl\":\"https:\\\/\\\/lasentinelle.dz\\\/wp-content\\\/uploads\\\/2021\\\/08\\\/image_2021-08-30_170944.png\",\"datePublished\":\"2021-08-30T23:01:00+00:00\",\"breadcrumb\":{\"@id\":\"https:\\\/\\\/lasentinelle.dz\\\/index.php\\\/2021\\\/08\\\/31\\\/lonu-reaffirme-son-engagement-a-interdire-les-essais-nucleaires\\\/#breadcrumb\"},\"inLanguage\":\"fr-FR\",\"potentialAction\":[{\"@type\":\"ReadAction\",\"target\":[\"https:\\\/\\\/lasentinelle.dz\\\/index.php\\\/2021\\\/08\\\/31\\\/lonu-reaffirme-son-engagement-a-interdire-les-essais-nucleaires\\\/\"]}]},{\"@type\":\"ImageObject\",\"inLanguage\":\"fr-FR\",\"@id\":\"https:\\\/\\\/lasentinelle.dz\\\/index.php\\\/2021\\\/08\\\/31\\\/lonu-reaffirme-son-engagement-a-interdire-les-essais-nucleaires\\\/#primaryimage\",\"url\":\"https:\\\/\\\/lasentinelle.dz\\\/wp-content\\\/uploads\\\/2021\\\/08\\\/image_2021-08-30_170944.png\",\"contentUrl\":\"https:\\\/\\\/lasentinelle.dz\\\/wp-content\\\/uploads\\\/2021\\\/08\\\/image_2021-08-30_170944.png\",\"width\":289,\"height\":174},{\"@type\":\"BreadcrumbList\",\"@id\":\"https:\\\/\\\/lasentinelle.dz\\\/index.php\\\/2021\\\/08\\\/31\\\/lonu-reaffirme-son-engagement-a-interdire-les-essais-nucleaires\\\/#breadcrumb\",\"itemListElement\":[{\"@type\":\"ListItem\",\"position\":1,\"name\":\"Accueil\",\"item\":\"https:\\\/\\\/lasentinelle.dz\\\/\"},{\"@type\":\"ListItem\",\"position\":2,\"name\":\"L\u2019ONU r\u00e9affirme son engagement \u00e0 interdire les essais nucl\u00e9aires\"}]},{\"@type\":\"WebSite\",\"@id\":\"https:\\\/\\\/lasentinelle.dz\\\/#website\",\"url\":\"https:\\\/\\\/lasentinelle.dz\\\/\",\"name\":\"La Sentinelle\",\"description\":\"Quotidien national d&#039;information\",\"publisher\":{\"@id\":\"https:\\\/\\\/lasentinelle.dz\\\/#organization\"},\"potentialAction\":[{\"@type\":\"SearchAction\",\"target\":{\"@type\":\"EntryPoint\",\"urlTemplate\":\"https:\\\/\\\/lasentinelle.dz\\\/?s={search_term_string}\"},\"query-input\":{\"@type\":\"PropertyValueSpecification\",\"valueRequired\":true,\"valueName\":\"search_term_string\"}}],\"inLanguage\":\"fr-FR\"},{\"@type\":\"Organization\",\"@id\":\"https:\\\/\\\/lasentinelle.dz\\\/#organization\",\"name\":\"Quotidien La Sentinelle\",\"url\":\"https:\\\/\\\/lasentinelle.dz\\\/\",\"logo\":{\"@type\":\"ImageObject\",\"inLanguage\":\"fr-FR\",\"@id\":\"https:\\\/\\\/lasentinelle.dz\\\/#\\\/schema\\\/logo\\\/image\\\/\",\"url\":\"https:\\\/\\\/lasentinelle.dz\\\/wp-content\\\/uploads\\\/2021\\\/09\\\/logo-sentinelleSLOGAN-1.png\",\"contentUrl\":\"https:\\\/\\\/lasentinelle.dz\\\/wp-content\\\/uploads\\\/2021\\\/09\\\/logo-sentinelleSLOGAN-1.png\",\"width\":615,\"height\":142,\"caption\":\"Quotidien La Sentinelle\"},\"image\":{\"@id\":\"https:\\\/\\\/lasentinelle.dz\\\/#\\\/schema\\\/logo\\\/image\\\/\"},\"sameAs\":[\"https:\\\/\\\/www.facebook.com\\\/La-Sentinelle-104059864394773\"]},{\"@type\":\"Person\",\"@id\":\"https:\\\/\\\/lasentinelle.dz\\\/#\\\/schema\\\/person\\\/d865044e22e70a75174ce8bcad3acfb3\",\"name\":\"La Sentinelle\",\"image\":{\"@type\":\"ImageObject\",\"inLanguage\":\"fr-FR\",\"@id\":\"https:\\\/\\\/secure.gravatar.com\\\/avatar\\\/57de8e5d4b15d43fb361a71fbb36338450fe67865b528a43dd10ef7c51a20392?s=96&d=mm&r=g\",\"url\":\"https:\\\/\\\/secure.gravatar.com\\\/avatar\\\/57de8e5d4b15d43fb361a71fbb36338450fe67865b528a43dd10ef7c51a20392?s=96&d=mm&r=g\",\"contentUrl\":\"https:\\\/\\\/secure.gravatar.com\\\/avatar\\\/57de8e5d4b15d43fb361a71fbb36338450fe67865b528a43dd10ef7c51a20392?s=96&d=mm&r=g\",\"caption\":\"La Sentinelle\"},\"sameAs\":[\"http:\\\/\\\/www.lasentinelle.dz\"],\"url\":\"https:\\\/\\\/lasentinelle.dz\\\/author\\\/redaction\\\/\"}]}<\/script>\n<!-- \/ Yoast SEO plugin. -->","yoast_head_json":{"title":"L\u2019ONU r\u00e9affirme son engagement \u00e0 interdire les essais nucl\u00e9aires - La Sentinelle","robots":{"index":"index","follow":"follow","max-snippet":"max-snippet:-1","max-image-preview":"max-image-preview:large","max-video-preview":"max-video-preview:-1"},"canonical":"https:\/\/lasentinelle.dz\/index.php\/2021\/08\/31\/lonu-reaffirme-son-engagement-a-interdire-les-essais-nucleaires\/","og_locale":"fr_FR","og_type":"article","og_title":"L\u2019ONU r\u00e9affirme son engagement \u00e0 interdire les essais nucl\u00e9aires - La Sentinelle","og_description":"Le secr\u00e9taire g\u00e9n\u00e9ral des Nations Unies, Antonio Guterres a r\u00e9affirm\u00e9 dimanche son engagement \u00e0 interdire les essais nucl\u00e9aires, affirmant qu'\u00a0\u00bbil","og_url":"https:\/\/lasentinelle.dz\/index.php\/2021\/08\/31\/lonu-reaffirme-son-engagement-a-interdire-les-essais-nucleaires\/","og_site_name":"La Sentinelle","article_publisher":"https:\/\/www.facebook.com\/La-Sentinelle-104059864394773","article_published_time":"2021-08-30T23:01:00+00:00","og_image":[{"width":289,"height":174,"url":"https:\/\/lasentinelle.dz\/wp-content\/uploads\/2021\/08\/image_2021-08-30_170944.png","type":"image\/png"}],"author":"La Sentinelle","twitter_card":"summary_large_image","twitter_misc":{"\u00c9crit par":"La Sentinelle","Dur\u00e9e de lecture estim\u00e9e":"2 minutes"},"schema":{"@context":"https:\/\/schema.org","@graph":[{"@type":"Article","@id":"https:\/\/lasentinelle.dz\/index.php\/2021\/08\/31\/lonu-reaffirme-son-engagement-a-interdire-les-essais-nucleaires\/#article","isPartOf":{"@id":"https:\/\/lasentinelle.dz\/index.php\/2021\/08\/31\/lonu-reaffirme-son-engagement-a-interdire-les-essais-nucleaires\/"},"author":{"name":"La Sentinelle","@id":"https:\/\/lasentinelle.dz\/#\/schema\/person\/d865044e22e70a75174ce8bcad3acfb3"},"headline":"L\u2019ONU r\u00e9affirme son engagement \u00e0 interdire les essais nucl\u00e9aires","datePublished":"2021-08-30T23:01:00+00:00","mainEntityOfPage":{"@id":"https:\/\/lasentinelle.dz\/index.php\/2021\/08\/31\/lonu-reaffirme-son-engagement-a-interdire-les-essais-nucleaires\/"},"wordCount":338,"commentCount":0,"publisher":{"@id":"https:\/\/lasentinelle.dz\/#organization"},"image":{"@id":"https:\/\/lasentinelle.dz\/index.php\/2021\/08\/31\/lonu-reaffirme-son-engagement-a-interdire-les-essais-nucleaires\/#primaryimage"},"thumbnailUrl":"https:\/\/lasentinelle.dz\/wp-content\/uploads\/2021\/08\/image_2021-08-30_170944.png","articleSection":["Monde"],"inLanguage":"fr-FR","potentialAction":[{"@type":"CommentAction","name":"Comment","target":["https:\/\/lasentinelle.dz\/index.php\/2021\/08\/31\/lonu-reaffirme-son-engagement-a-interdire-les-essais-nucleaires\/#respond"]}]},{"@type":"WebPage","@id":"https:\/\/lasentinelle.dz\/index.php\/2021\/08\/31\/lonu-reaffirme-son-engagement-a-interdire-les-essais-nucleaires\/","url":"https:\/\/lasentinelle.dz\/index.php\/2021\/08\/31\/lonu-reaffirme-son-engagement-a-interdire-les-essais-nucleaires\/","name":"L\u2019ONU r\u00e9affirme son engagement \u00e0 interdire les essais nucl\u00e9aires - La Sentinelle","isPartOf":{"@id":"https:\/\/lasentinelle.dz\/#website"},"primaryImageOfPage":{"@id":"https:\/\/lasentinelle.dz\/index.php\/2021\/08\/31\/lonu-reaffirme-son-engagement-a-interdire-les-essais-nucleaires\/#primaryimage"},"image":{"@id":"https:\/\/lasentinelle.dz\/index.php\/2021\/08\/31\/lonu-reaffirme-son-engagement-a-interdire-les-essais-nucleaires\/#primaryimage"},"thumbnailUrl":"https:\/\/lasentinelle.dz\/wp-content\/uploads\/2021\/08\/image_2021-08-30_170944.png","datePublished":"2021-08-30T23:01:00+00:00","breadcrumb":{"@id":"https:\/\/lasentinelle.dz\/index.php\/2021\/08\/31\/lonu-reaffirme-son-engagement-a-interdire-les-essais-nucleaires\/#breadcrumb"},"inLanguage":"fr-FR","potentialAction":[{"@type":"ReadAction","target":["https:\/\/lasentinelle.dz\/index.php\/2021\/08\/31\/lonu-reaffirme-son-engagement-a-interdire-les-essais-nucleaires\/"]}]},{"@type":"ImageObject","inLanguage":"fr-FR","@id":"https:\/\/lasentinelle.dz\/index.php\/2021\/08\/31\/lonu-reaffirme-son-engagement-a-interdire-les-essais-nucleaires\/#primaryimage","url":"https:\/\/lasentinelle.dz\/wp-content\/uploads\/2021\/08\/image_2021-08-30_170944.png","contentUrl":"https:\/\/lasentinelle.dz\/wp-content\/uploads\/2021\/08\/image_2021-08-30_170944.png","width":289,"height":174},{"@type":"BreadcrumbList","@id":"https:\/\/lasentinelle.dz\/index.php\/2021\/08\/31\/lonu-reaffirme-son-engagement-a-interdire-les-essais-nucleaires\/#breadcrumb","itemListElement":[{"@type":"ListItem","position":1,"name":"Accueil","item":"https:\/\/lasentinelle.dz\/"},{"@type":"ListItem","position":2,"name":"L\u2019ONU r\u00e9affirme son engagement \u00e0 interdire les essais nucl\u00e9aires"}]},{"@type":"WebSite","@id":"https:\/\/lasentinelle.dz\/#website","url":"https:\/\/lasentinelle.dz\/","name":"La Sentinelle","description":"Quotidien national d&#039;information","publisher":{"@id":"https:\/\/lasentinelle.dz\/#organization"},"potentialAction":[{"@type":"SearchAction","target":{"@type":"EntryPoint","urlTemplate":"https:\/\/lasentinelle.dz\/?s={search_term_string}"},"query-input":{"@type":"PropertyValueSpecification","valueRequired":true,"valueName":"search_term_string"}}],"inLanguage":"fr-FR"},{"@type":"Organization","@id":"https:\/\/lasentinelle.dz\/#organization","name":"Quotidien La Sentinelle","url":"https:\/\/lasentinelle.dz\/","logo":{"@type":"ImageObject","inLanguage":"fr-FR","@id":"https:\/\/lasentinelle.dz\/#\/schema\/logo\/image\/","url":"https:\/\/lasentinelle.dz\/wp-content\/uploads\/2021\/09\/logo-sentinelleSLOGAN-1.png","contentUrl":"https:\/\/lasentinelle.dz\/wp-content\/uploads\/2021\/09\/logo-sentinelleSLOGAN-1.png","width":615,"height":142,"caption":"Quotidien La Sentinelle"},"image":{"@id":"https:\/\/lasentinelle.dz\/#\/schema\/logo\/image\/"},"sameAs":["https:\/\/www.facebook.com\/La-Sentinelle-104059864394773"]},{"@type":"Person","@id":"https:\/\/lasentinelle.dz\/#\/schema\/person\/d865044e22e70a75174ce8bcad3acfb3","name":"La Sentinelle","image":{"@type":"ImageObject","inLanguage":"fr-FR","@id":"https:\/\/secure.gravatar.com\/avatar\/57de8e5d4b15d43fb361a71fbb36338450fe67865b528a43dd10ef7c51a20392?s=96&d=mm&r=g","url":"https:\/\/secure.gravatar.com\/avatar\/57de8e5d4b15d43fb361a71fbb36338450fe67865b528a43dd10ef7c51a20392?s=96&d=mm&r=g","contentUrl":"https:\/\/secure.gravatar.com\/avatar\/57de8e5d4b15d43fb361a71fbb36338450fe67865b528a43dd10ef7c51a20392?s=96&d=mm&r=g","caption":"La Sentinelle"},"sameAs":["http:\/\/www.lasentinelle.dz"],"url":"https:\/\/lasentinelle.dz\/author\/redaction\/"}]}},"_links":{"self":[{"href":"https:\/\/lasentinelle.dz\/index.php\/wp-json\/wp\/v2\/posts\/5948","targetHints":{"allow":["GET"]}}],"collection":[{"href":"https:\/\/lasentinelle.dz\/index.php\/wp-json\/wp\/v2\/posts"}],"about":[{"href":"https:\/\/lasentinelle.dz\/index.php\/wp-json\/wp\/v2\/types\/post"}],"author":[{"embeddable":true,"href":"https:\/\/lasentinelle.dz\/index.php\/wp-json\/wp\/v2\/users\/3"}],"replies":[{"embeddable":true,"href":"https:\/\/lasentinelle.dz\/index.php\/wp-json\/wp\/v2\/comments?post=5948"}],"version-history":[{"count":1,"href":"https:\/\/lasentinelle.dz\/index.php\/wp-json\/wp\/v2\/posts\/5948\/revisions"}],"predecessor-version":[{"id":5952,"href":"https:\/\/lasentinelle.dz\/index.php\/wp-json\/wp\/v2\/posts\/5948\/revisions\/5952"}],"wp:featuredmedia":[{"embeddable":true,"href":"https:\/\/lasentinelle.dz\/index.php\/wp-json\/wp\/v2\/media\/5951"}],"wp:attachment":[{"href":"https:\/\/lasentinelle.dz\/index.php\/wp-json\/wp\/v2\/media?parent=5948"}],"wp:term":[{"taxonomy":"category","embeddable":true,"href":"https:\/\/lasentinelle.dz\/index.php\/wp-json\/wp\/v2\/categories?post=5948"},{"taxonomy":"post_tag","embeddable":true,"href":"https:\/\/lasentinelle.dz\/index.php\/wp-json\/wp\/v2\/tags?post=5948"}],"curies":[{"name":"wp","href":"https:\/\/api.w.org\/{rel}","templated":true}]}}