{"id":59538,"date":"2024-11-19T11:22:58","date_gmt":"2024-11-19T10:22:58","guid":{"rendered":"https:\/\/lasentinelle.dz\/?p=59538"},"modified":"2024-11-19T11:22:58","modified_gmt":"2024-11-19T10:22:58","slug":"annaba-luniversite-espace-dinnovation","status":"publish","type":"post","link":"https:\/\/lasentinelle.dz\/index.php\/2024\/11\/19\/annaba-luniversite-espace-dinnovation\/","title":{"rendered":"Annaba: L\u2019universit\u00e9, espace d\u2019innovation"},"content":{"rendered":"\n<p>Dans le cadre de la strat\u00e9gie du minist\u00e8re de tutelle visant \u00e0 promouvoir l\u2019innovation et l\u2019esprit d\u2019entreprise chez les \u00e9tudiants, l&rsquo;\u00e9dition 2024 de la semaine de l\u2019entrepreneuriat se focalise sur l\u2019entreprise et innovation en tant que leviers du d\u00e9veloppement \u00e9conomique du pays.<\/p>\n\n\n\n<p>Organis\u00e9e cette ann\u00e9e sous la th\u00e9matique de \u00a0\u00bbl&rsquo;entrepreneuriat en tant que levier de l&rsquo;\u00e9conomie nationale\u00a0\u00bb, la c\u00e9l\u00e9bration de la semaine de l\u2019entrepreneuriat se focalise sur la cr\u00e9ation d\u2019un \u00e9cosyst\u00e8me solide. L&rsquo;\u00e9v\u00e9nement vise \u00e0 inculquer la culture de l&rsquo;entrepreneuriat aupr\u00e8s des jeunes notamment les \u00e9tudiants universitaires \u00e0 travers une s\u00e9rie d&rsquo;activit\u00e9s ayant trait \u00e0 l&rsquo;entrepreneuriat organis\u00e9s par l&rsquo;universit\u00e9 Badji Mokhtar d&rsquo;Annaba. Les participants de divers horizons se sont accord\u00e9s \u00e0 soutenir que l&rsquo;espace universitaire est en lui-m\u00eame un \u00a0\u00bb incubateur\u00a0\u00bb pour les jeunes \u00e9tudiants porteurs de projets innovants et destin\u00e9, comme soulign\u00e9 par le recteur de l&rsquo;universit\u00e9 d&rsquo;Annaba, \u00e0 \u00eatre l&rsquo;un des leviers de l&rsquo;\u00e9conomie nationale. D&rsquo;o\u00f9 la port\u00e9e de cette semaine mondiale de l&rsquo;entrepreneuriat qui se tient du 18 jusqu&rsquo;au 24 novembre courant, dont l&rsquo;objectif est d&rsquo;inculquer la culture de l&rsquo;entrepreneuriat aupr\u00e8s des jeunes \u00e0 travers une s\u00e9rie d&rsquo;activit\u00e9s ayant trait \u00e0 l&rsquo;entrepreneuriat. Dans son allocution d\u2019ouverture, le wali d&rsquo;Annaba, Abdelkader Djellaoui, a soulign\u00e9 que \u00a0\u00bbl&rsquo;organisation d&rsquo;une telle manifestation est un moyen de soutien \u00e0 l&rsquo;\u00e9conomie nationale\u00a0\u00bb. L&rsquo;orateur a \u00e9galement fait savoir que \u00a0\u00bbcela renforce la culture de l\u2019entrepreneuriat et valorise l&rsquo;esprit cr\u00e9atif des jeunes ainsi que leur accompagnement\u00a0\u00bb. \u00c0 cet effet, un programme des activit\u00e9s est d\u00e9di\u00e9 aux jeunes \u00e9tudiants porteurs de projets innovants, d\u00e9sireux se lancer dans l&rsquo;aventure de l&rsquo;entreprenariat \u00e0 l&rsquo;ombre des transformations num\u00e9riques. Tout au long de cette semaine, des experts dans le domaine de l&rsquo;investissement num\u00e9rique, du d\u00e9veloppement des start-ups et de l&rsquo;\u00e9conomie, en plus des \u00e9tudiants porteurs de projets innovants, vont se pencher sur les m\u00e9thodes et m\u00e9canismes devant leur permettre d&rsquo;entamer un projet entrepreneurial r\u00e9ussi. Dans ce contexte, le programme d&rsquo;activit\u00e9 de cette semaine a \u00e9t\u00e9 entam\u00e9 par une table ronde sur l&rsquo;entrepreneuriat en tant que catalyseur du d\u00e9veloppement \u00e9conomique, anim\u00e9e par des experts dans le domaine. Il est \u00e9galement retenu pour cet \u00e9v\u00e9nement, des ateliers interactifs sur les fondamentaux de la cr\u00e9ation d&rsquo;un projet r\u00e9ussi et la r\u00e9flexion innovante ainsi le d\u00e9veloppement d&rsquo;id\u00e9es, qui sont entre autres th\u00e8mes d&rsquo;ateliers, en plus de pavillons d&rsquo;expositions d\u00e9di\u00e9s aux \u00e9tablissements de soutien \u00e0 certains mod\u00e8les de microentreprises. Il est aussi programm\u00e9 un concours de business model challenge et pr\u00e9sentation de projets devant le jury. Le programme de cette c\u00e9l\u00e9bration comprend \u00e9galement diff\u00e9rentes autres activit\u00e9s, dont des communications traitant, entre autres, de la num\u00e9risation dans les projets de start-ups et l&rsquo;usage d\u2019applications op\u00e9rationnelles en rapport avec la plateforme de l&rsquo;entrepreneur. Le fait marquant de cette semaine mondiale de l&rsquo;entreprenariat c&rsquo;est l&rsquo;organisation d\u2019ateliers de formation sur la transformation num\u00e9rique dans le domaine de l&rsquo;entreprenariat. Ont pris part \u00e0 cette \u00e9v\u00e9nement, les diff\u00e9rents p\u00f4les universitaires de l&rsquo;UBMA, le centre d&rsquo;innovation de la wilaya d&rsquo;Annaba (El Bouni) et l&rsquo;incubateur d&rsquo;entreprises de l&rsquo;Universit\u00e9 Badji Mokhtar d&rsquo;Annaba, du Centre d\u2019Appui de la Technologie et de l\u2019Innovation (CATI) et the National Entrepreneurship Support And Development Agency (NESDA). Les travaux seront supervis\u00e9s par plusieurs participants, dont des experts dans le domaine de l\u2019entrepreneuriat, des fondateurs de micro-entreprises et des enseignants-chercheurs. La semaine mondiale de l&rsquo;entrepreneuriat procure une opportunit\u00e9 aux \u00e9tudiants et aux membres de la communaut\u00e9 universitaire d\u2019explorer le monde de l\u2019entrepreneuriat \u00e0 l&rsquo;\u00e8re des transformations num\u00e9riques. En conclusion, l&rsquo;objectif de cet \u00e9v\u00e9nement est d\u2019inciter un plus grand nombre d\u2019\u00e9tudiants \u00e0 exploiter leur esprit d\u2019innovation, tout en facilitant aux porteurs de projets, ceux voulant mettre leurs talents au service de l&rsquo;\u00e9conomie nationale, l\u2019acc\u00e8s \u00e0 l\u2019information et le contact avec les organismes concern\u00e9s pour obtenir l\u2019aide n\u00e9cessaire pour lancer leurs projets innovants.<\/p>\n\n\n\n<p><strong>Sofia Chahine<\/strong><\/p>\n","protected":false},"excerpt":{"rendered":"<p>Dans le cadre de la strat\u00e9gie du minist\u00e8re de tutelle visant \u00e0 promouvoir l\u2019innovation et l\u2019esprit d\u2019entreprise chez les \u00e9tudiants,<\/p>\n","protected":false},"author":6,"featured_media":56782,"comment_status":"open","ping_status":"closed","sticky":false,"template":"","format":"standard","meta":{"colormag_page_container_layout":"default_layout","colormag_page_sidebar_layout":"default_layout","om_disable_all_campaigns":false,"_monsterinsights_skip_tracking":false,"_monsterinsights_sitenote_active":false,"_monsterinsights_sitenote_note":"","_monsterinsights_sitenote_category":0,"footnotes":"","_wpscppro_dont_share_socialmedia":false,"_wpscppro_custom_social_share_image":0,"_facebook_share_type":"default","_twitter_share_type":"default","_linkedin_share_type":"default","_pinterest_share_type":"default","_linkedin_share_type_page":"","_instagram_share_type":"default","_medium_share_type":"default","_threads_share_type":"","_google_business_share_type":"","_selected_social_profile":[],"_wpsp_enable_custom_social_template":false,"_wpsp_social_scheduling":{"enabled":false,"datetime":null,"platforms":[],"status":"template_only","dateOption":"today","timeOption":"now","customDays":"","customHours":"","customDate":"","customTime":"","schedulingType":"absolute"},"_wpsp_active_default_template":true},"categories":[31],"tags":[],"class_list":["post-59538","post","type-post","status-publish","format-standard","has-post-thumbnail","hentry","category-regions"],"aioseo_notices":[],"yoast_head":"<!-- This site is optimized with the Yoast SEO plugin v27.5 - https:\/\/yoast.com\/product\/yoast-seo-wordpress\/ -->\n<title>Annaba: L\u2019universit\u00e9, espace d\u2019innovation - La Sentinelle<\/title>\n<meta name=\"robots\" content=\"index, follow, max-snippet:-1, max-image-preview:large, max-video-preview:-1\" \/>\n<link rel=\"canonical\" href=\"https:\/\/lasentinelle.dz\/index.php\/2024\/11\/19\/annaba-luniversite-espace-dinnovation\/\" \/>\n<meta property=\"og:locale\" content=\"fr_FR\" \/>\n<meta property=\"og:type\" content=\"article\" \/>\n<meta property=\"og:title\" content=\"Annaba: L\u2019universit\u00e9, espace d\u2019innovation - La Sentinelle\" \/>\n<meta property=\"og:description\" content=\"Dans le cadre de la strat\u00e9gie du minist\u00e8re de tutelle visant \u00e0 promouvoir l\u2019innovation et l\u2019esprit d\u2019entreprise chez les \u00e9tudiants,\" \/>\n<meta property=\"og:url\" content=\"https:\/\/lasentinelle.dz\/index.php\/2024\/11\/19\/annaba-luniversite-espace-dinnovation\/\" \/>\n<meta property=\"og:site_name\" content=\"La Sentinelle\" \/>\n<meta property=\"article:publisher\" content=\"https:\/\/www.facebook.com\/La-Sentinelle-104059864394773\" \/>\n<meta property=\"article:published_time\" content=\"2024-11-19T10:22:58+00:00\" \/>\n<meta property=\"og:image\" content=\"https:\/\/lasentinelle.dz\/wp-content\/uploads\/2024\/09\/Universite-annaba.gif\" \/>\n\t<meta property=\"og:image:width\" content=\"1024\" \/>\n\t<meta property=\"og:image:height\" content=\"768\" \/>\n\t<meta property=\"og:image:type\" content=\"image\/gif\" \/>\n<meta name=\"author\" content=\"admin\" \/>\n<meta name=\"twitter:card\" content=\"summary_large_image\" \/>\n<meta name=\"twitter:label1\" content=\"\u00c9crit par\" \/>\n\t<meta name=\"twitter:data1\" content=\"admin\" \/>\n\t<meta name=\"twitter:label2\" content=\"Dur\u00e9e de lecture estim\u00e9e\" \/>\n\t<meta name=\"twitter:data2\" content=\"4 minutes\" \/>\n<script type=\"application\/ld+json\" class=\"yoast-schema-graph\">{\"@context\":\"https:\\\/\\\/schema.org\",\"@graph\":[{\"@type\":\"Article\",\"@id\":\"https:\\\/\\\/lasentinelle.dz\\\/index.php\\\/2024\\\/11\\\/19\\\/annaba-luniversite-espace-dinnovation\\\/#article\",\"isPartOf\":{\"@id\":\"https:\\\/\\\/lasentinelle.dz\\\/index.php\\\/2024\\\/11\\\/19\\\/annaba-luniversite-espace-dinnovation\\\/\"},\"author\":{\"name\":\"admin\",\"@id\":\"https:\\\/\\\/lasentinelle.dz\\\/#\\\/schema\\\/person\\\/729ee0024f24e0b8c5ec17232f8e8b41\"},\"headline\":\"Annaba: L\u2019universit\u00e9, espace d\u2019innovation\",\"datePublished\":\"2024-11-19T10:22:58+00:00\",\"mainEntityOfPage\":{\"@id\":\"https:\\\/\\\/lasentinelle.dz\\\/index.php\\\/2024\\\/11\\\/19\\\/annaba-luniversite-espace-dinnovation\\\/\"},\"wordCount\":737,\"commentCount\":0,\"publisher\":{\"@id\":\"https:\\\/\\\/lasentinelle.dz\\\/#organization\"},\"image\":{\"@id\":\"https:\\\/\\\/lasentinelle.dz\\\/index.php\\\/2024\\\/11\\\/19\\\/annaba-luniversite-espace-dinnovation\\\/#primaryimage\"},\"thumbnailUrl\":\"https:\\\/\\\/lasentinelle.dz\\\/wp-content\\\/uploads\\\/2024\\\/09\\\/Universite-annaba.gif\",\"articleSection\":[\"R\u00e9gions\"],\"inLanguage\":\"fr-FR\",\"potentialAction\":[{\"@type\":\"CommentAction\",\"name\":\"Comment\",\"target\":[\"https:\\\/\\\/lasentinelle.dz\\\/index.php\\\/2024\\\/11\\\/19\\\/annaba-luniversite-espace-dinnovation\\\/#respond\"]}]},{\"@type\":\"WebPage\",\"@id\":\"https:\\\/\\\/lasentinelle.dz\\\/index.php\\\/2024\\\/11\\\/19\\\/annaba-luniversite-espace-dinnovation\\\/\",\"url\":\"https:\\\/\\\/lasentinelle.dz\\\/index.php\\\/2024\\\/11\\\/19\\\/annaba-luniversite-espace-dinnovation\\\/\",\"name\":\"Annaba: L\u2019universit\u00e9, espace d\u2019innovation - La Sentinelle\",\"isPartOf\":{\"@id\":\"https:\\\/\\\/lasentinelle.dz\\\/#website\"},\"primaryImageOfPage\":{\"@id\":\"https:\\\/\\\/lasentinelle.dz\\\/index.php\\\/2024\\\/11\\\/19\\\/annaba-luniversite-espace-dinnovation\\\/#primaryimage\"},\"image\":{\"@id\":\"https:\\\/\\\/lasentinelle.dz\\\/index.php\\\/2024\\\/11\\\/19\\\/annaba-luniversite-espace-dinnovation\\\/#primaryimage\"},\"thumbnailUrl\":\"https:\\\/\\\/lasentinelle.dz\\\/wp-content\\\/uploads\\\/2024\\\/09\\\/Universite-annaba.gif\",\"datePublished\":\"2024-11-19T10:22:58+00:00\",\"breadcrumb\":{\"@id\":\"https:\\\/\\\/lasentinelle.dz\\\/index.php\\\/2024\\\/11\\\/19\\\/annaba-luniversite-espace-dinnovation\\\/#breadcrumb\"},\"inLanguage\":\"fr-FR\",\"potentialAction\":[{\"@type\":\"ReadAction\",\"target\":[\"https:\\\/\\\/lasentinelle.dz\\\/index.php\\\/2024\\\/11\\\/19\\\/annaba-luniversite-espace-dinnovation\\\/\"]}]},{\"@type\":\"ImageObject\",\"inLanguage\":\"fr-FR\",\"@id\":\"https:\\\/\\\/lasentinelle.dz\\\/index.php\\\/2024\\\/11\\\/19\\\/annaba-luniversite-espace-dinnovation\\\/#primaryimage\",\"url\":\"https:\\\/\\\/lasentinelle.dz\\\/wp-content\\\/uploads\\\/2024\\\/09\\\/Universite-annaba.gif\",\"contentUrl\":\"https:\\\/\\\/lasentinelle.dz\\\/wp-content\\\/uploads\\\/2024\\\/09\\\/Universite-annaba.gif\",\"width\":1024,\"height\":768},{\"@type\":\"BreadcrumbList\",\"@id\":\"https:\\\/\\\/lasentinelle.dz\\\/index.php\\\/2024\\\/11\\\/19\\\/annaba-luniversite-espace-dinnovation\\\/#breadcrumb\",\"itemListElement\":[{\"@type\":\"ListItem\",\"position\":1,\"name\":\"Accueil\",\"item\":\"https:\\\/\\\/lasentinelle.dz\\\/\"},{\"@type\":\"ListItem\",\"position\":2,\"name\":\"Annaba: L\u2019universit\u00e9, espace d\u2019innovation\"}]},{\"@type\":\"WebSite\",\"@id\":\"https:\\\/\\\/lasentinelle.dz\\\/#website\",\"url\":\"https:\\\/\\\/lasentinelle.dz\\\/\",\"name\":\"La Sentinelle\",\"description\":\"Quotidien national d&#039;information\",\"publisher\":{\"@id\":\"https:\\\/\\\/lasentinelle.dz\\\/#organization\"},\"potentialAction\":[{\"@type\":\"SearchAction\",\"target\":{\"@type\":\"EntryPoint\",\"urlTemplate\":\"https:\\\/\\\/lasentinelle.dz\\\/?s={search_term_string}\"},\"query-input\":{\"@type\":\"PropertyValueSpecification\",\"valueRequired\":true,\"valueName\":\"search_term_string\"}}],\"inLanguage\":\"fr-FR\"},{\"@type\":\"Organization\",\"@id\":\"https:\\\/\\\/lasentinelle.dz\\\/#organization\",\"name\":\"Quotidien La Sentinelle\",\"url\":\"https:\\\/\\\/lasentinelle.dz\\\/\",\"logo\":{\"@type\":\"ImageObject\",\"inLanguage\":\"fr-FR\",\"@id\":\"https:\\\/\\\/lasentinelle.dz\\\/#\\\/schema\\\/logo\\\/image\\\/\",\"url\":\"https:\\\/\\\/lasentinelle.dz\\\/wp-content\\\/uploads\\\/2021\\\/09\\\/logo-sentinelleSLOGAN-1.png\",\"contentUrl\":\"https:\\\/\\\/lasentinelle.dz\\\/wp-content\\\/uploads\\\/2021\\\/09\\\/logo-sentinelleSLOGAN-1.png\",\"width\":615,\"height\":142,\"caption\":\"Quotidien La Sentinelle\"},\"image\":{\"@id\":\"https:\\\/\\\/lasentinelle.dz\\\/#\\\/schema\\\/logo\\\/image\\\/\"},\"sameAs\":[\"https:\\\/\\\/www.facebook.com\\\/La-Sentinelle-104059864394773\"]},{\"@type\":\"Person\",\"@id\":\"https:\\\/\\\/lasentinelle.dz\\\/#\\\/schema\\\/person\\\/729ee0024f24e0b8c5ec17232f8e8b41\",\"name\":\"admin\",\"image\":{\"@type\":\"ImageObject\",\"inLanguage\":\"fr-FR\",\"@id\":\"https:\\\/\\\/secure.gravatar.com\\\/avatar\\\/4c81fed838786e9b53f540bf46533e750f5d292099ae3b66cfc6fb1982e29df7?s=96&d=mm&r=g\",\"url\":\"https:\\\/\\\/secure.gravatar.com\\\/avatar\\\/4c81fed838786e9b53f540bf46533e750f5d292099ae3b66cfc6fb1982e29df7?s=96&d=mm&r=g\",\"contentUrl\":\"https:\\\/\\\/secure.gravatar.com\\\/avatar\\\/4c81fed838786e9b53f540bf46533e750f5d292099ae3b66cfc6fb1982e29df7?s=96&d=mm&r=g\",\"caption\":\"admin\"},\"description\":\"admin\",\"url\":\"https:\\\/\\\/lasentinelle.dz\\\/author\\\/admin\\\/\"}]}<\/script>\n<!-- \/ Yoast SEO plugin. -->","yoast_head_json":{"title":"Annaba: L\u2019universit\u00e9, espace d\u2019innovation - La Sentinelle","robots":{"index":"index","follow":"follow","max-snippet":"max-snippet:-1","max-image-preview":"max-image-preview:large","max-video-preview":"max-video-preview:-1"},"canonical":"https:\/\/lasentinelle.dz\/index.php\/2024\/11\/19\/annaba-luniversite-espace-dinnovation\/","og_locale":"fr_FR","og_type":"article","og_title":"Annaba: L\u2019universit\u00e9, espace d\u2019innovation - La Sentinelle","og_description":"Dans le cadre de la strat\u00e9gie du minist\u00e8re de tutelle visant \u00e0 promouvoir l\u2019innovation et l\u2019esprit d\u2019entreprise chez les \u00e9tudiants,","og_url":"https:\/\/lasentinelle.dz\/index.php\/2024\/11\/19\/annaba-luniversite-espace-dinnovation\/","og_site_name":"La Sentinelle","article_publisher":"https:\/\/www.facebook.com\/La-Sentinelle-104059864394773","article_published_time":"2024-11-19T10:22:58+00:00","og_image":[{"width":1024,"height":768,"url":"https:\/\/lasentinelle.dz\/wp-content\/uploads\/2024\/09\/Universite-annaba.gif","type":"image\/gif"}],"author":"admin","twitter_card":"summary_large_image","twitter_misc":{"\u00c9crit par":"admin","Dur\u00e9e de lecture estim\u00e9e":"4 minutes"},"schema":{"@context":"https:\/\/schema.org","@graph":[{"@type":"Article","@id":"https:\/\/lasentinelle.dz\/index.php\/2024\/11\/19\/annaba-luniversite-espace-dinnovation\/#article","isPartOf":{"@id":"https:\/\/lasentinelle.dz\/index.php\/2024\/11\/19\/annaba-luniversite-espace-dinnovation\/"},"author":{"name":"admin","@id":"https:\/\/lasentinelle.dz\/#\/schema\/person\/729ee0024f24e0b8c5ec17232f8e8b41"},"headline":"Annaba: L\u2019universit\u00e9, espace d\u2019innovation","datePublished":"2024-11-19T10:22:58+00:00","mainEntityOfPage":{"@id":"https:\/\/lasentinelle.dz\/index.php\/2024\/11\/19\/annaba-luniversite-espace-dinnovation\/"},"wordCount":737,"commentCount":0,"publisher":{"@id":"https:\/\/lasentinelle.dz\/#organization"},"image":{"@id":"https:\/\/lasentinelle.dz\/index.php\/2024\/11\/19\/annaba-luniversite-espace-dinnovation\/#primaryimage"},"thumbnailUrl":"https:\/\/lasentinelle.dz\/wp-content\/uploads\/2024\/09\/Universite-annaba.gif","articleSection":["R\u00e9gions"],"inLanguage":"fr-FR","potentialAction":[{"@type":"CommentAction","name":"Comment","target":["https:\/\/lasentinelle.dz\/index.php\/2024\/11\/19\/annaba-luniversite-espace-dinnovation\/#respond"]}]},{"@type":"WebPage","@id":"https:\/\/lasentinelle.dz\/index.php\/2024\/11\/19\/annaba-luniversite-espace-dinnovation\/","url":"https:\/\/lasentinelle.dz\/index.php\/2024\/11\/19\/annaba-luniversite-espace-dinnovation\/","name":"Annaba: L\u2019universit\u00e9, espace d\u2019innovation - La Sentinelle","isPartOf":{"@id":"https:\/\/lasentinelle.dz\/#website"},"primaryImageOfPage":{"@id":"https:\/\/lasentinelle.dz\/index.php\/2024\/11\/19\/annaba-luniversite-espace-dinnovation\/#primaryimage"},"image":{"@id":"https:\/\/lasentinelle.dz\/index.php\/2024\/11\/19\/annaba-luniversite-espace-dinnovation\/#primaryimage"},"thumbnailUrl":"https:\/\/lasentinelle.dz\/wp-content\/uploads\/2024\/09\/Universite-annaba.gif","datePublished":"2024-11-19T10:22:58+00:00","breadcrumb":{"@id":"https:\/\/lasentinelle.dz\/index.php\/2024\/11\/19\/annaba-luniversite-espace-dinnovation\/#breadcrumb"},"inLanguage":"fr-FR","potentialAction":[{"@type":"ReadAction","target":["https:\/\/lasentinelle.dz\/index.php\/2024\/11\/19\/annaba-luniversite-espace-dinnovation\/"]}]},{"@type":"ImageObject","inLanguage":"fr-FR","@id":"https:\/\/lasentinelle.dz\/index.php\/2024\/11\/19\/annaba-luniversite-espace-dinnovation\/#primaryimage","url":"https:\/\/lasentinelle.dz\/wp-content\/uploads\/2024\/09\/Universite-annaba.gif","contentUrl":"https:\/\/lasentinelle.dz\/wp-content\/uploads\/2024\/09\/Universite-annaba.gif","width":1024,"height":768},{"@type":"BreadcrumbList","@id":"https:\/\/lasentinelle.dz\/index.php\/2024\/11\/19\/annaba-luniversite-espace-dinnovation\/#breadcrumb","itemListElement":[{"@type":"ListItem","position":1,"name":"Accueil","item":"https:\/\/lasentinelle.dz\/"},{"@type":"ListItem","position":2,"name":"Annaba: L\u2019universit\u00e9, espace d\u2019innovation"}]},{"@type":"WebSite","@id":"https:\/\/lasentinelle.dz\/#website","url":"https:\/\/lasentinelle.dz\/","name":"La Sentinelle","description":"Quotidien national d&#039;information","publisher":{"@id":"https:\/\/lasentinelle.dz\/#organization"},"potentialAction":[{"@type":"SearchAction","target":{"@type":"EntryPoint","urlTemplate":"https:\/\/lasentinelle.dz\/?s={search_term_string}"},"query-input":{"@type":"PropertyValueSpecification","valueRequired":true,"valueName":"search_term_string"}}],"inLanguage":"fr-FR"},{"@type":"Organization","@id":"https:\/\/lasentinelle.dz\/#organization","name":"Quotidien La Sentinelle","url":"https:\/\/lasentinelle.dz\/","logo":{"@type":"ImageObject","inLanguage":"fr-FR","@id":"https:\/\/lasentinelle.dz\/#\/schema\/logo\/image\/","url":"https:\/\/lasentinelle.dz\/wp-content\/uploads\/2021\/09\/logo-sentinelleSLOGAN-1.png","contentUrl":"https:\/\/lasentinelle.dz\/wp-content\/uploads\/2021\/09\/logo-sentinelleSLOGAN-1.png","width":615,"height":142,"caption":"Quotidien La Sentinelle"},"image":{"@id":"https:\/\/lasentinelle.dz\/#\/schema\/logo\/image\/"},"sameAs":["https:\/\/www.facebook.com\/La-Sentinelle-104059864394773"]},{"@type":"Person","@id":"https:\/\/lasentinelle.dz\/#\/schema\/person\/729ee0024f24e0b8c5ec17232f8e8b41","name":"admin","image":{"@type":"ImageObject","inLanguage":"fr-FR","@id":"https:\/\/secure.gravatar.com\/avatar\/4c81fed838786e9b53f540bf46533e750f5d292099ae3b66cfc6fb1982e29df7?s=96&d=mm&r=g","url":"https:\/\/secure.gravatar.com\/avatar\/4c81fed838786e9b53f540bf46533e750f5d292099ae3b66cfc6fb1982e29df7?s=96&d=mm&r=g","contentUrl":"https:\/\/secure.gravatar.com\/avatar\/4c81fed838786e9b53f540bf46533e750f5d292099ae3b66cfc6fb1982e29df7?s=96&d=mm&r=g","caption":"admin"},"description":"admin","url":"https:\/\/lasentinelle.dz\/author\/admin\/"}]}},"_links":{"self":[{"href":"https:\/\/lasentinelle.dz\/index.php\/wp-json\/wp\/v2\/posts\/59538","targetHints":{"allow":["GET"]}}],"collection":[{"href":"https:\/\/lasentinelle.dz\/index.php\/wp-json\/wp\/v2\/posts"}],"about":[{"href":"https:\/\/lasentinelle.dz\/index.php\/wp-json\/wp\/v2\/types\/post"}],"author":[{"embeddable":true,"href":"https:\/\/lasentinelle.dz\/index.php\/wp-json\/wp\/v2\/users\/6"}],"replies":[{"embeddable":true,"href":"https:\/\/lasentinelle.dz\/index.php\/wp-json\/wp\/v2\/comments?post=59538"}],"version-history":[{"count":1,"href":"https:\/\/lasentinelle.dz\/index.php\/wp-json\/wp\/v2\/posts\/59538\/revisions"}],"predecessor-version":[{"id":59539,"href":"https:\/\/lasentinelle.dz\/index.php\/wp-json\/wp\/v2\/posts\/59538\/revisions\/59539"}],"wp:featuredmedia":[{"embeddable":true,"href":"https:\/\/lasentinelle.dz\/index.php\/wp-json\/wp\/v2\/media\/56782"}],"wp:attachment":[{"href":"https:\/\/lasentinelle.dz\/index.php\/wp-json\/wp\/v2\/media?parent=59538"}],"wp:term":[{"taxonomy":"category","embeddable":true,"href":"https:\/\/lasentinelle.dz\/index.php\/wp-json\/wp\/v2\/categories?post=59538"},{"taxonomy":"post_tag","embeddable":true,"href":"https:\/\/lasentinelle.dz\/index.php\/wp-json\/wp\/v2\/tags?post=59538"}],"curies":[{"name":"wp","href":"https:\/\/api.w.org\/{rel}","templated":true}]}}