{"id":59540,"date":"2024-11-19T11:24:00","date_gmt":"2024-11-19T10:24:00","guid":{"rendered":"https:\/\/lasentinelle.dz\/?p=59540"},"modified":"2024-11-19T11:24:01","modified_gmt":"2024-11-19T10:24:01","slug":"lutte-contre-la-cybercriminalite-en-afrique-un-accord-strategique-signe-a-alger","status":"publish","type":"post","link":"https:\/\/lasentinelle.dz\/index.php\/2024\/11\/19\/lutte-contre-la-cybercriminalite-en-afrique-un-accord-strategique-signe-a-alger\/","title":{"rendered":"Lutte contre la cybercriminalit\u00e9 en Afrique: Un accord strat\u00e9gique sign\u00e9 \u00e0 Alger"},"content":{"rendered":"\n<p>Dans un contexte g\u00e9opolitique num\u00e9rique de plus en plus complexe, AFRIPOL (Comit\u00e9 directeur du M\u00e9canisme africain de coop\u00e9ration polici\u00e8re de l&rsquo;Union africaine) et Kaspersky, soci\u00e9t\u00e9 internationale de cybers\u00e9curit\u00e9, ont sign\u00e9 un accord strat\u00e9gique majeur \u00e0 Alger. Cet accord, conclu pour une dur\u00e9e de cinq ans, vise \u00e0 renforcer substantiellement la lutte contre la cybercriminalit\u00e9 sur le continent africain. Il permettra un partage approfondi de renseignements et de donn\u00e9es sur les menaces cybern\u00e9tiques, constituant une r\u00e9ponse collaborative in\u00e9dite face aux d\u00e9fis s\u00e9curitaires num\u00e9riques. Les deux parties ont clairement d\u00e9fini leurs objectifs : am\u00e9liorer la cyberd\u00e9fense africaine et prot\u00e9ger l&rsquo;espace num\u00e9rique continental. L&rsquo;accord pr\u00e9voit un \u00e9change accru d&rsquo;informations sur les tendances criminelles en ligne, les techniques d&rsquo;attaques \u00e9mergentes et les strat\u00e9gies de protection. Jalel Chelba, directeur ex\u00e9cutif par int\u00e9rim d&rsquo;AFRIPOL, a soulign\u00e9 l&rsquo;importance de cette collaboration. \u00ab\u00a0Nous renfor\u00e7ons non seulement notre capacit\u00e9 \u00e0 contrer les cybermenaces, mais contribuons \u00e0 la protection d&rsquo;un espace num\u00e9rique s\u00fbr pour tous les citoyens africains\u00a0\u00bb, a-t-il d\u00e9clar\u00e9.<\/p>\n\n\n\n<p>Eugene Kaspersky, PDG de l&rsquo;entreprise \u00e9ponyme, a mis en avant la dimension strat\u00e9gique de ce partenariat. L&rsquo;Afrique repr\u00e9sente en effet un territoire num\u00e9rique en pleine expansion, o\u00f9 les enjeux de cybers\u00e9curit\u00e9 sont cruciaux. Les principaux axes de coop\u00e9ration incluront le partage de renseignements sur les cybermenaces, l&rsquo;analyse des tendances criminelles num\u00e9riques, le d\u00e9veloppement de strat\u00e9gies pr\u00e9ventives et le renforcement des capacit\u00e9s op\u00e9rationnelles. Cet accord marque une \u00e9tape significative dans la gouvernance num\u00e9rique africaine. Il t\u00e9moigne de la volont\u00e9 des acteurs institutionnels et priv\u00e9s de construire une r\u00e9ponse coordonn\u00e9e face aux d\u00e9fis s\u00e9curitaires du num\u00e9rique. L&rsquo;expertise de Kaspersky, reconnue internationalement, combin\u00e9e \u00e0 l&rsquo;autorit\u00e9 op\u00e9rationnelle d&rsquo;AFRIPOL, devrait permettre de d\u00e9velopper des m\u00e9canismes de d\u00e9tection et de pr\u00e9vention plus performants. Pour les \u00c9tats africains, l&rsquo;enjeu est de taille : prot\u00e9ger leurs infrastructures num\u00e9riques, s\u00e9curiser les donn\u00e9es des citoyens et d\u00e9velopper une culture de la cybers\u00e9curit\u00e9. Ce partenariat pourrait ainsi devenir un mod\u00e8le de coop\u00e9ration internationale dans la lutte contre la cybercriminalit\u00e9, r\u00e9pondant aux d\u00e9fis transnationaux pos\u00e9s par les nouvelles technologies.<\/p>\n\n\n\n<p>Chokri Hafed<\/p>\n","protected":false},"excerpt":{"rendered":"<p>Dans un contexte g\u00e9opolitique num\u00e9rique de plus en plus complexe, AFRIPOL (Comit\u00e9 directeur du M\u00e9canisme africain de coop\u00e9ration polici\u00e8re de<\/p>\n","protected":false},"author":6,"featured_media":49685,"comment_status":"open","ping_status":"closed","sticky":false,"template":"","format":"standard","meta":{"colormag_page_container_layout":"default_layout","colormag_page_sidebar_layout":"default_layout","om_disable_all_campaigns":false,"_monsterinsights_skip_tracking":false,"_monsterinsights_sitenote_active":false,"_monsterinsights_sitenote_note":"","_monsterinsights_sitenote_category":0,"footnotes":"","_wpscppro_dont_share_socialmedia":false,"_wpscppro_custom_social_share_image":0,"_facebook_share_type":"default","_twitter_share_type":"default","_linkedin_share_type":"default","_pinterest_share_type":"default","_linkedin_share_type_page":"","_instagram_share_type":"default","_medium_share_type":"default","_threads_share_type":"","_google_business_share_type":"","_selected_social_profile":[],"_wpsp_enable_custom_social_template":false,"_wpsp_social_scheduling":{"enabled":false,"datetime":null,"platforms":[],"status":"template_only","dateOption":"today","timeOption":"now","customDays":"","customHours":"","customDate":"","customTime":"","schedulingType":"absolute"},"_wpsp_active_default_template":true},"categories":[27],"tags":[],"class_list":["post-59540","post","type-post","status-publish","format-standard","has-post-thumbnail","hentry","category-actualite"],"aioseo_notices":[],"yoast_head":"<!-- This site is optimized with the Yoast SEO plugin v27.5 - https:\/\/yoast.com\/product\/yoast-seo-wordpress\/ -->\n<title>Lutte contre la cybercriminalit\u00e9 en Afrique: Un accord strat\u00e9gique sign\u00e9 \u00e0 Alger - La Sentinelle<\/title>\n<meta name=\"robots\" content=\"index, follow, max-snippet:-1, max-image-preview:large, max-video-preview:-1\" \/>\n<link rel=\"canonical\" href=\"https:\/\/lasentinelle.dz\/index.php\/2024\/11\/19\/lutte-contre-la-cybercriminalite-en-afrique-un-accord-strategique-signe-a-alger\/\" \/>\n<meta property=\"og:locale\" content=\"fr_FR\" \/>\n<meta property=\"og:type\" content=\"article\" \/>\n<meta property=\"og:title\" content=\"Lutte contre la cybercriminalit\u00e9 en Afrique: Un accord strat\u00e9gique sign\u00e9 \u00e0 Alger - La Sentinelle\" \/>\n<meta property=\"og:description\" content=\"Dans un contexte g\u00e9opolitique num\u00e9rique de plus en plus complexe, AFRIPOL (Comit\u00e9 directeur du M\u00e9canisme africain de coop\u00e9ration polici\u00e8re de\" \/>\n<meta property=\"og:url\" content=\"https:\/\/lasentinelle.dz\/index.php\/2024\/11\/19\/lutte-contre-la-cybercriminalite-en-afrique-un-accord-strategique-signe-a-alger\/\" \/>\n<meta property=\"og:site_name\" content=\"La Sentinelle\" \/>\n<meta property=\"article:publisher\" content=\"https:\/\/www.facebook.com\/La-Sentinelle-104059864394773\" \/>\n<meta property=\"article:published_time\" content=\"2024-11-19T10:24:00+00:00\" \/>\n<meta property=\"article:modified_time\" content=\"2024-11-19T10:24:01+00:00\" \/>\n<meta property=\"og:image\" content=\"https:\/\/lasentinelle.dz\/wp-content\/uploads\/2024\/02\/cybermenace.jpeg\" \/>\n\t<meta property=\"og:image:width\" content=\"2560\" \/>\n\t<meta property=\"og:image:height\" content=\"1708\" \/>\n\t<meta property=\"og:image:type\" content=\"image\/jpeg\" \/>\n<meta name=\"author\" content=\"admin\" \/>\n<meta name=\"twitter:card\" content=\"summary_large_image\" \/>\n<meta name=\"twitter:label1\" content=\"\u00c9crit par\" \/>\n\t<meta name=\"twitter:data1\" content=\"admin\" \/>\n\t<meta name=\"twitter:label2\" content=\"Dur\u00e9e de lecture estim\u00e9e\" \/>\n\t<meta name=\"twitter:data2\" content=\"2 minutes\" \/>\n<script type=\"application\/ld+json\" class=\"yoast-schema-graph\">{\"@context\":\"https:\\\/\\\/schema.org\",\"@graph\":[{\"@type\":\"Article\",\"@id\":\"https:\\\/\\\/lasentinelle.dz\\\/index.php\\\/2024\\\/11\\\/19\\\/lutte-contre-la-cybercriminalite-en-afrique-un-accord-strategique-signe-a-alger\\\/#article\",\"isPartOf\":{\"@id\":\"https:\\\/\\\/lasentinelle.dz\\\/index.php\\\/2024\\\/11\\\/19\\\/lutte-contre-la-cybercriminalite-en-afrique-un-accord-strategique-signe-a-alger\\\/\"},\"author\":{\"name\":\"admin\",\"@id\":\"https:\\\/\\\/lasentinelle.dz\\\/#\\\/schema\\\/person\\\/729ee0024f24e0b8c5ec17232f8e8b41\"},\"headline\":\"Lutte contre la cybercriminalit\u00e9 en Afrique: Un accord strat\u00e9gique sign\u00e9 \u00e0 Alger\",\"datePublished\":\"2024-11-19T10:24:00+00:00\",\"dateModified\":\"2024-11-19T10:24:01+00:00\",\"mainEntityOfPage\":{\"@id\":\"https:\\\/\\\/lasentinelle.dz\\\/index.php\\\/2024\\\/11\\\/19\\\/lutte-contre-la-cybercriminalite-en-afrique-un-accord-strategique-signe-a-alger\\\/\"},\"wordCount\":414,\"commentCount\":0,\"publisher\":{\"@id\":\"https:\\\/\\\/lasentinelle.dz\\\/#organization\"},\"image\":{\"@id\":\"https:\\\/\\\/lasentinelle.dz\\\/index.php\\\/2024\\\/11\\\/19\\\/lutte-contre-la-cybercriminalite-en-afrique-un-accord-strategique-signe-a-alger\\\/#primaryimage\"},\"thumbnailUrl\":\"https:\\\/\\\/lasentinelle.dz\\\/wp-content\\\/uploads\\\/2024\\\/02\\\/cybermenace.jpeg\",\"articleSection\":[\"Actualit\u00e9\"],\"inLanguage\":\"fr-FR\",\"potentialAction\":[{\"@type\":\"CommentAction\",\"name\":\"Comment\",\"target\":[\"https:\\\/\\\/lasentinelle.dz\\\/index.php\\\/2024\\\/11\\\/19\\\/lutte-contre-la-cybercriminalite-en-afrique-un-accord-strategique-signe-a-alger\\\/#respond\"]}]},{\"@type\":\"WebPage\",\"@id\":\"https:\\\/\\\/lasentinelle.dz\\\/index.php\\\/2024\\\/11\\\/19\\\/lutte-contre-la-cybercriminalite-en-afrique-un-accord-strategique-signe-a-alger\\\/\",\"url\":\"https:\\\/\\\/lasentinelle.dz\\\/index.php\\\/2024\\\/11\\\/19\\\/lutte-contre-la-cybercriminalite-en-afrique-un-accord-strategique-signe-a-alger\\\/\",\"name\":\"Lutte contre la cybercriminalit\u00e9 en Afrique: Un accord strat\u00e9gique sign\u00e9 \u00e0 Alger - La Sentinelle\",\"isPartOf\":{\"@id\":\"https:\\\/\\\/lasentinelle.dz\\\/#website\"},\"primaryImageOfPage\":{\"@id\":\"https:\\\/\\\/lasentinelle.dz\\\/index.php\\\/2024\\\/11\\\/19\\\/lutte-contre-la-cybercriminalite-en-afrique-un-accord-strategique-signe-a-alger\\\/#primaryimage\"},\"image\":{\"@id\":\"https:\\\/\\\/lasentinelle.dz\\\/index.php\\\/2024\\\/11\\\/19\\\/lutte-contre-la-cybercriminalite-en-afrique-un-accord-strategique-signe-a-alger\\\/#primaryimage\"},\"thumbnailUrl\":\"https:\\\/\\\/lasentinelle.dz\\\/wp-content\\\/uploads\\\/2024\\\/02\\\/cybermenace.jpeg\",\"datePublished\":\"2024-11-19T10:24:00+00:00\",\"dateModified\":\"2024-11-19T10:24:01+00:00\",\"breadcrumb\":{\"@id\":\"https:\\\/\\\/lasentinelle.dz\\\/index.php\\\/2024\\\/11\\\/19\\\/lutte-contre-la-cybercriminalite-en-afrique-un-accord-strategique-signe-a-alger\\\/#breadcrumb\"},\"inLanguage\":\"fr-FR\",\"potentialAction\":[{\"@type\":\"ReadAction\",\"target\":[\"https:\\\/\\\/lasentinelle.dz\\\/index.php\\\/2024\\\/11\\\/19\\\/lutte-contre-la-cybercriminalite-en-afrique-un-accord-strategique-signe-a-alger\\\/\"]}]},{\"@type\":\"ImageObject\",\"inLanguage\":\"fr-FR\",\"@id\":\"https:\\\/\\\/lasentinelle.dz\\\/index.php\\\/2024\\\/11\\\/19\\\/lutte-contre-la-cybercriminalite-en-afrique-un-accord-strategique-signe-a-alger\\\/#primaryimage\",\"url\":\"https:\\\/\\\/lasentinelle.dz\\\/wp-content\\\/uploads\\\/2024\\\/02\\\/cybermenace.jpeg\",\"contentUrl\":\"https:\\\/\\\/lasentinelle.dz\\\/wp-content\\\/uploads\\\/2024\\\/02\\\/cybermenace.jpeg\",\"width\":2560,\"height\":1708},{\"@type\":\"BreadcrumbList\",\"@id\":\"https:\\\/\\\/lasentinelle.dz\\\/index.php\\\/2024\\\/11\\\/19\\\/lutte-contre-la-cybercriminalite-en-afrique-un-accord-strategique-signe-a-alger\\\/#breadcrumb\",\"itemListElement\":[{\"@type\":\"ListItem\",\"position\":1,\"name\":\"Accueil\",\"item\":\"https:\\\/\\\/lasentinelle.dz\\\/\"},{\"@type\":\"ListItem\",\"position\":2,\"name\":\"Lutte contre la cybercriminalit\u00e9 en Afrique: Un accord strat\u00e9gique sign\u00e9 \u00e0 Alger\"}]},{\"@type\":\"WebSite\",\"@id\":\"https:\\\/\\\/lasentinelle.dz\\\/#website\",\"url\":\"https:\\\/\\\/lasentinelle.dz\\\/\",\"name\":\"La Sentinelle\",\"description\":\"Quotidien national d&#039;information\",\"publisher\":{\"@id\":\"https:\\\/\\\/lasentinelle.dz\\\/#organization\"},\"potentialAction\":[{\"@type\":\"SearchAction\",\"target\":{\"@type\":\"EntryPoint\",\"urlTemplate\":\"https:\\\/\\\/lasentinelle.dz\\\/?s={search_term_string}\"},\"query-input\":{\"@type\":\"PropertyValueSpecification\",\"valueRequired\":true,\"valueName\":\"search_term_string\"}}],\"inLanguage\":\"fr-FR\"},{\"@type\":\"Organization\",\"@id\":\"https:\\\/\\\/lasentinelle.dz\\\/#organization\",\"name\":\"Quotidien La Sentinelle\",\"url\":\"https:\\\/\\\/lasentinelle.dz\\\/\",\"logo\":{\"@type\":\"ImageObject\",\"inLanguage\":\"fr-FR\",\"@id\":\"https:\\\/\\\/lasentinelle.dz\\\/#\\\/schema\\\/logo\\\/image\\\/\",\"url\":\"https:\\\/\\\/lasentinelle.dz\\\/wp-content\\\/uploads\\\/2021\\\/09\\\/logo-sentinelleSLOGAN-1.png\",\"contentUrl\":\"https:\\\/\\\/lasentinelle.dz\\\/wp-content\\\/uploads\\\/2021\\\/09\\\/logo-sentinelleSLOGAN-1.png\",\"width\":615,\"height\":142,\"caption\":\"Quotidien La Sentinelle\"},\"image\":{\"@id\":\"https:\\\/\\\/lasentinelle.dz\\\/#\\\/schema\\\/logo\\\/image\\\/\"},\"sameAs\":[\"https:\\\/\\\/www.facebook.com\\\/La-Sentinelle-104059864394773\"]},{\"@type\":\"Person\",\"@id\":\"https:\\\/\\\/lasentinelle.dz\\\/#\\\/schema\\\/person\\\/729ee0024f24e0b8c5ec17232f8e8b41\",\"name\":\"admin\",\"image\":{\"@type\":\"ImageObject\",\"inLanguage\":\"fr-FR\",\"@id\":\"https:\\\/\\\/secure.gravatar.com\\\/avatar\\\/4c81fed838786e9b53f540bf46533e750f5d292099ae3b66cfc6fb1982e29df7?s=96&d=mm&r=g\",\"url\":\"https:\\\/\\\/secure.gravatar.com\\\/avatar\\\/4c81fed838786e9b53f540bf46533e750f5d292099ae3b66cfc6fb1982e29df7?s=96&d=mm&r=g\",\"contentUrl\":\"https:\\\/\\\/secure.gravatar.com\\\/avatar\\\/4c81fed838786e9b53f540bf46533e750f5d292099ae3b66cfc6fb1982e29df7?s=96&d=mm&r=g\",\"caption\":\"admin\"},\"description\":\"admin\",\"url\":\"https:\\\/\\\/lasentinelle.dz\\\/author\\\/admin\\\/\"}]}<\/script>\n<!-- \/ Yoast SEO plugin. -->","yoast_head_json":{"title":"Lutte contre la cybercriminalit\u00e9 en Afrique: Un accord strat\u00e9gique sign\u00e9 \u00e0 Alger - La Sentinelle","robots":{"index":"index","follow":"follow","max-snippet":"max-snippet:-1","max-image-preview":"max-image-preview:large","max-video-preview":"max-video-preview:-1"},"canonical":"https:\/\/lasentinelle.dz\/index.php\/2024\/11\/19\/lutte-contre-la-cybercriminalite-en-afrique-un-accord-strategique-signe-a-alger\/","og_locale":"fr_FR","og_type":"article","og_title":"Lutte contre la cybercriminalit\u00e9 en Afrique: Un accord strat\u00e9gique sign\u00e9 \u00e0 Alger - La Sentinelle","og_description":"Dans un contexte g\u00e9opolitique num\u00e9rique de plus en plus complexe, AFRIPOL (Comit\u00e9 directeur du M\u00e9canisme africain de coop\u00e9ration polici\u00e8re de","og_url":"https:\/\/lasentinelle.dz\/index.php\/2024\/11\/19\/lutte-contre-la-cybercriminalite-en-afrique-un-accord-strategique-signe-a-alger\/","og_site_name":"La Sentinelle","article_publisher":"https:\/\/www.facebook.com\/La-Sentinelle-104059864394773","article_published_time":"2024-11-19T10:24:00+00:00","article_modified_time":"2024-11-19T10:24:01+00:00","og_image":[{"width":2560,"height":1708,"url":"https:\/\/lasentinelle.dz\/wp-content\/uploads\/2024\/02\/cybermenace.jpeg","type":"image\/jpeg"}],"author":"admin","twitter_card":"summary_large_image","twitter_misc":{"\u00c9crit par":"admin","Dur\u00e9e de lecture estim\u00e9e":"2 minutes"},"schema":{"@context":"https:\/\/schema.org","@graph":[{"@type":"Article","@id":"https:\/\/lasentinelle.dz\/index.php\/2024\/11\/19\/lutte-contre-la-cybercriminalite-en-afrique-un-accord-strategique-signe-a-alger\/#article","isPartOf":{"@id":"https:\/\/lasentinelle.dz\/index.php\/2024\/11\/19\/lutte-contre-la-cybercriminalite-en-afrique-un-accord-strategique-signe-a-alger\/"},"author":{"name":"admin","@id":"https:\/\/lasentinelle.dz\/#\/schema\/person\/729ee0024f24e0b8c5ec17232f8e8b41"},"headline":"Lutte contre la cybercriminalit\u00e9 en Afrique: Un accord strat\u00e9gique sign\u00e9 \u00e0 Alger","datePublished":"2024-11-19T10:24:00+00:00","dateModified":"2024-11-19T10:24:01+00:00","mainEntityOfPage":{"@id":"https:\/\/lasentinelle.dz\/index.php\/2024\/11\/19\/lutte-contre-la-cybercriminalite-en-afrique-un-accord-strategique-signe-a-alger\/"},"wordCount":414,"commentCount":0,"publisher":{"@id":"https:\/\/lasentinelle.dz\/#organization"},"image":{"@id":"https:\/\/lasentinelle.dz\/index.php\/2024\/11\/19\/lutte-contre-la-cybercriminalite-en-afrique-un-accord-strategique-signe-a-alger\/#primaryimage"},"thumbnailUrl":"https:\/\/lasentinelle.dz\/wp-content\/uploads\/2024\/02\/cybermenace.jpeg","articleSection":["Actualit\u00e9"],"inLanguage":"fr-FR","potentialAction":[{"@type":"CommentAction","name":"Comment","target":["https:\/\/lasentinelle.dz\/index.php\/2024\/11\/19\/lutte-contre-la-cybercriminalite-en-afrique-un-accord-strategique-signe-a-alger\/#respond"]}]},{"@type":"WebPage","@id":"https:\/\/lasentinelle.dz\/index.php\/2024\/11\/19\/lutte-contre-la-cybercriminalite-en-afrique-un-accord-strategique-signe-a-alger\/","url":"https:\/\/lasentinelle.dz\/index.php\/2024\/11\/19\/lutte-contre-la-cybercriminalite-en-afrique-un-accord-strategique-signe-a-alger\/","name":"Lutte contre la cybercriminalit\u00e9 en Afrique: Un accord strat\u00e9gique sign\u00e9 \u00e0 Alger - La Sentinelle","isPartOf":{"@id":"https:\/\/lasentinelle.dz\/#website"},"primaryImageOfPage":{"@id":"https:\/\/lasentinelle.dz\/index.php\/2024\/11\/19\/lutte-contre-la-cybercriminalite-en-afrique-un-accord-strategique-signe-a-alger\/#primaryimage"},"image":{"@id":"https:\/\/lasentinelle.dz\/index.php\/2024\/11\/19\/lutte-contre-la-cybercriminalite-en-afrique-un-accord-strategique-signe-a-alger\/#primaryimage"},"thumbnailUrl":"https:\/\/lasentinelle.dz\/wp-content\/uploads\/2024\/02\/cybermenace.jpeg","datePublished":"2024-11-19T10:24:00+00:00","dateModified":"2024-11-19T10:24:01+00:00","breadcrumb":{"@id":"https:\/\/lasentinelle.dz\/index.php\/2024\/11\/19\/lutte-contre-la-cybercriminalite-en-afrique-un-accord-strategique-signe-a-alger\/#breadcrumb"},"inLanguage":"fr-FR","potentialAction":[{"@type":"ReadAction","target":["https:\/\/lasentinelle.dz\/index.php\/2024\/11\/19\/lutte-contre-la-cybercriminalite-en-afrique-un-accord-strategique-signe-a-alger\/"]}]},{"@type":"ImageObject","inLanguage":"fr-FR","@id":"https:\/\/lasentinelle.dz\/index.php\/2024\/11\/19\/lutte-contre-la-cybercriminalite-en-afrique-un-accord-strategique-signe-a-alger\/#primaryimage","url":"https:\/\/lasentinelle.dz\/wp-content\/uploads\/2024\/02\/cybermenace.jpeg","contentUrl":"https:\/\/lasentinelle.dz\/wp-content\/uploads\/2024\/02\/cybermenace.jpeg","width":2560,"height":1708},{"@type":"BreadcrumbList","@id":"https:\/\/lasentinelle.dz\/index.php\/2024\/11\/19\/lutte-contre-la-cybercriminalite-en-afrique-un-accord-strategique-signe-a-alger\/#breadcrumb","itemListElement":[{"@type":"ListItem","position":1,"name":"Accueil","item":"https:\/\/lasentinelle.dz\/"},{"@type":"ListItem","position":2,"name":"Lutte contre la cybercriminalit\u00e9 en Afrique: Un accord strat\u00e9gique sign\u00e9 \u00e0 Alger"}]},{"@type":"WebSite","@id":"https:\/\/lasentinelle.dz\/#website","url":"https:\/\/lasentinelle.dz\/","name":"La Sentinelle","description":"Quotidien national d&#039;information","publisher":{"@id":"https:\/\/lasentinelle.dz\/#organization"},"potentialAction":[{"@type":"SearchAction","target":{"@type":"EntryPoint","urlTemplate":"https:\/\/lasentinelle.dz\/?s={search_term_string}"},"query-input":{"@type":"PropertyValueSpecification","valueRequired":true,"valueName":"search_term_string"}}],"inLanguage":"fr-FR"},{"@type":"Organization","@id":"https:\/\/lasentinelle.dz\/#organization","name":"Quotidien La Sentinelle","url":"https:\/\/lasentinelle.dz\/","logo":{"@type":"ImageObject","inLanguage":"fr-FR","@id":"https:\/\/lasentinelle.dz\/#\/schema\/logo\/image\/","url":"https:\/\/lasentinelle.dz\/wp-content\/uploads\/2021\/09\/logo-sentinelleSLOGAN-1.png","contentUrl":"https:\/\/lasentinelle.dz\/wp-content\/uploads\/2021\/09\/logo-sentinelleSLOGAN-1.png","width":615,"height":142,"caption":"Quotidien La Sentinelle"},"image":{"@id":"https:\/\/lasentinelle.dz\/#\/schema\/logo\/image\/"},"sameAs":["https:\/\/www.facebook.com\/La-Sentinelle-104059864394773"]},{"@type":"Person","@id":"https:\/\/lasentinelle.dz\/#\/schema\/person\/729ee0024f24e0b8c5ec17232f8e8b41","name":"admin","image":{"@type":"ImageObject","inLanguage":"fr-FR","@id":"https:\/\/secure.gravatar.com\/avatar\/4c81fed838786e9b53f540bf46533e750f5d292099ae3b66cfc6fb1982e29df7?s=96&d=mm&r=g","url":"https:\/\/secure.gravatar.com\/avatar\/4c81fed838786e9b53f540bf46533e750f5d292099ae3b66cfc6fb1982e29df7?s=96&d=mm&r=g","contentUrl":"https:\/\/secure.gravatar.com\/avatar\/4c81fed838786e9b53f540bf46533e750f5d292099ae3b66cfc6fb1982e29df7?s=96&d=mm&r=g","caption":"admin"},"description":"admin","url":"https:\/\/lasentinelle.dz\/author\/admin\/"}]}},"_links":{"self":[{"href":"https:\/\/lasentinelle.dz\/index.php\/wp-json\/wp\/v2\/posts\/59540","targetHints":{"allow":["GET"]}}],"collection":[{"href":"https:\/\/lasentinelle.dz\/index.php\/wp-json\/wp\/v2\/posts"}],"about":[{"href":"https:\/\/lasentinelle.dz\/index.php\/wp-json\/wp\/v2\/types\/post"}],"author":[{"embeddable":true,"href":"https:\/\/lasentinelle.dz\/index.php\/wp-json\/wp\/v2\/users\/6"}],"replies":[{"embeddable":true,"href":"https:\/\/lasentinelle.dz\/index.php\/wp-json\/wp\/v2\/comments?post=59540"}],"version-history":[{"count":1,"href":"https:\/\/lasentinelle.dz\/index.php\/wp-json\/wp\/v2\/posts\/59540\/revisions"}],"predecessor-version":[{"id":59541,"href":"https:\/\/lasentinelle.dz\/index.php\/wp-json\/wp\/v2\/posts\/59540\/revisions\/59541"}],"wp:featuredmedia":[{"embeddable":true,"href":"https:\/\/lasentinelle.dz\/index.php\/wp-json\/wp\/v2\/media\/49685"}],"wp:attachment":[{"href":"https:\/\/lasentinelle.dz\/index.php\/wp-json\/wp\/v2\/media?parent=59540"}],"wp:term":[{"taxonomy":"category","embeddable":true,"href":"https:\/\/lasentinelle.dz\/index.php\/wp-json\/wp\/v2\/categories?post=59540"},{"taxonomy":"post_tag","embeddable":true,"href":"https:\/\/lasentinelle.dz\/index.php\/wp-json\/wp\/v2\/tags?post=59540"}],"curies":[{"name":"wp","href":"https:\/\/api.w.org\/{rel}","templated":true}]}}