{"id":59545,"date":"2024-11-19T11:27:15","date_gmt":"2024-11-19T10:27:15","guid":{"rendered":"https:\/\/lasentinelle.dz\/?p=59545"},"modified":"2024-11-19T11:27:16","modified_gmt":"2024-11-19T10:27:16","slug":"sahara-occidental-le-soutien-de-la-france-au-schema-colonial-denonce","status":"publish","type":"post","link":"https:\/\/lasentinelle.dz\/index.php\/2024\/11\/19\/sahara-occidental-le-soutien-de-la-france-au-schema-colonial-denonce\/","title":{"rendered":"Sahara occidental: Le soutien de la France au sch\u00e9ma colonial d\u00e9nonc\u00e9"},"content":{"rendered":"\n<p>Le pr\u00e9sident du Comit\u00e9 national alg\u00e9rien de solidarit\u00e9 avec le peuple sahraoui, Sa\u00efd Ayachi, a mis en lumi\u00e8re hier l&rsquo;influence persistante de la France dans le dossier du Sahara occidental, et notamment en ce qui concerne le revirement du gouvernement espagnol en ce qui concerne ce dossier. Lors de son intervention dans l&rsquo;\u00e9mission \u00ab&nbsp;L&rsquo;Invit\u00e9 de l&rsquo;Internationale&nbsp;\u00bb, Ayachi a r\u00e9v\u00e9l\u00e9 que 85% du peuple espagnol soutient le droit du peuple sahraoui \u00e0 l&rsquo;autod\u00e9termination. Les manifestations massives organis\u00e9es ce week-end \u00e0 Madrid t\u00e9moignent de ce soutien populaire largement majoritaire. Une position qui contraste clairement avec la position officielle du gouvernement espagnol, d\u2019ailleurs influenc\u00e9e par les pressions de Paris. Dans ce contexte Sa\u00efd Ayachi a mis en avant&nbsp; l&rsquo;accord tripartite de Madrid de 1975, qu&rsquo;il qualifie d&rsquo;ill\u00e9gal et d\u00e9pourvu de toute l\u00e9gitimit\u00e9 internationale. Selon lui, cet accord r\u00e9sulte directement d&rsquo;une pression fran\u00e7aise visant \u00e0 nuire aux int\u00e9r\u00eats alg\u00e9riens, s&rsquo;inscrivant dans une logique n\u00e9ocoloniale persistante.<\/p>\n\n\n\n<p>Ayachi a d\u00e9nonc\u00e9 le r\u00f4le de la France comme principal obstacle \u00e0 l&rsquo;application des r\u00e9solutions onusiennes. Il rappelle la r\u00e9solution 690 du Conseil de s\u00e9curit\u00e9 de l&rsquo;ONU, adopt\u00e9e en 1991, qui pr\u00e9voyait l&rsquo;organisation d&rsquo;un r\u00e9f\u00e9rendum d&rsquo;autod\u00e9termination pour le peuple sahraoui &#8211; r\u00e9f\u00e9rendum jamais mis en \u0153uvre malgr\u00e9 son approbation officielle. L&rsquo;intervenant a \u00e9galement critiqu\u00e9 l&rsquo;attitude d&rsquo;Emmanuel Macron, l&rsquo;accusant de d\u00e9fier le droit international en concluant des partenariats \u00e9conomiques avec le Maroc dans les territoires sahraouis occup\u00e9s, et ce malgr\u00e9 les d\u00e9cisions contraires de la Cour de justice europ\u00e9enne. Cette intervention s&rsquo;inscrit dans une analyse plus large des m\u00e9canismes postcoloniaux, o\u00f9 Sa\u00efd Ayachi voit dans les actions fran\u00e7aises une forme de \u00ab\u00a0vengeance\u00a0\u00bb contre l&rsquo;Alg\u00e9rie, pays qui a arrach\u00e9 son ind\u00e9pendance en 1962 apr\u00e8s une longue et difficile guerre de lib\u00e9ration. La d\u00e9marche de Sa\u00efd Ayachi vise \u00e0 d\u00e9noncer non seulement l&rsquo;occupation marocaine, mais \u00e9galement les ing\u00e9rences internationales qui perp\u00e9tuent ce conflit, tout en soulignant la r\u00e9silience et la l\u00e9gitimit\u00e9 de la cause sahraouie. La r\u00e9solution 690 du Conseil de s\u00e9curit\u00e9 de l&rsquo;ONU demeure en effet un \u00e9l\u00e9ment juridique fondamental, pr\u00e9voyant explicitement l&rsquo;organisation d&rsquo;un r\u00e9f\u00e9rendum d&rsquo;autod\u00e9termination pour le peuple sahraoui, un droit fondamental syst\u00e9matiquement bafou\u00e9 depuis des d\u00e9cennies.<\/p>\n\n\n\n<p>Salim Amokrane<\/p>\n","protected":false},"excerpt":{"rendered":"<p>Le pr\u00e9sident du Comit\u00e9 national alg\u00e9rien de solidarit\u00e9 avec le peuple sahraoui, Sa\u00efd Ayachi, a mis en lumi\u00e8re hier l&rsquo;influence<\/p>\n","protected":false},"author":6,"featured_media":59546,"comment_status":"open","ping_status":"closed","sticky":false,"template":"","format":"standard","meta":{"colormag_page_container_layout":"default_layout","colormag_page_sidebar_layout":"default_layout","om_disable_all_campaigns":false,"_monsterinsights_skip_tracking":false,"_monsterinsights_sitenote_active":false,"_monsterinsights_sitenote_note":"","_monsterinsights_sitenote_category":0,"footnotes":"","_wpscppro_dont_share_socialmedia":false,"_wpscppro_custom_social_share_image":0,"_facebook_share_type":"default","_twitter_share_type":"default","_linkedin_share_type":"default","_pinterest_share_type":"default","_linkedin_share_type_page":"","_instagram_share_type":"default","_medium_share_type":"default","_threads_share_type":"","_google_business_share_type":"","_selected_social_profile":[],"_wpsp_enable_custom_social_template":false,"_wpsp_social_scheduling":{"enabled":false,"datetime":null,"platforms":[],"status":"template_only","dateOption":"today","timeOption":"now","customDays":"","customHours":"","customDate":"","customTime":"","schedulingType":"absolute"},"_wpsp_active_default_template":true},"categories":[27],"tags":[],"class_list":["post-59545","post","type-post","status-publish","format-standard","has-post-thumbnail","hentry","category-actualite"],"aioseo_notices":[],"yoast_head":"<!-- This site is optimized with the Yoast SEO plugin v27.5 - https:\/\/yoast.com\/product\/yoast-seo-wordpress\/ -->\n<title>Sahara occidental: Le soutien de la France au sch\u00e9ma colonial d\u00e9nonc\u00e9 - La Sentinelle<\/title>\n<meta name=\"robots\" content=\"index, follow, max-snippet:-1, max-image-preview:large, max-video-preview:-1\" \/>\n<link rel=\"canonical\" href=\"https:\/\/lasentinelle.dz\/index.php\/2024\/11\/19\/sahara-occidental-le-soutien-de-la-france-au-schema-colonial-denonce\/\" \/>\n<meta property=\"og:locale\" content=\"fr_FR\" \/>\n<meta property=\"og:type\" content=\"article\" \/>\n<meta property=\"og:title\" content=\"Sahara occidental: Le soutien de la France au sch\u00e9ma colonial d\u00e9nonc\u00e9 - La Sentinelle\" \/>\n<meta property=\"og:description\" content=\"Le pr\u00e9sident du Comit\u00e9 national alg\u00e9rien de solidarit\u00e9 avec le peuple sahraoui, Sa\u00efd Ayachi, a mis en lumi\u00e8re hier l&rsquo;influence\" \/>\n<meta property=\"og:url\" content=\"https:\/\/lasentinelle.dz\/index.php\/2024\/11\/19\/sahara-occidental-le-soutien-de-la-france-au-schema-colonial-denonce\/\" \/>\n<meta property=\"og:site_name\" content=\"La Sentinelle\" \/>\n<meta property=\"article:publisher\" content=\"https:\/\/www.facebook.com\/La-Sentinelle-104059864394773\" \/>\n<meta property=\"article:published_time\" content=\"2024-11-19T10:27:15+00:00\" \/>\n<meta property=\"article:modified_time\" content=\"2024-11-19T10:27:16+00:00\" \/>\n<meta property=\"og:image\" content=\"https:\/\/lasentinelle.dz\/wp-content\/uploads\/2024\/11\/macron-M6-1.jpg\" \/>\n\t<meta property=\"og:image:width\" content=\"1200\" \/>\n\t<meta property=\"og:image:height\" content=\"675\" \/>\n\t<meta property=\"og:image:type\" content=\"image\/jpeg\" \/>\n<meta name=\"author\" content=\"admin\" \/>\n<meta name=\"twitter:card\" content=\"summary_large_image\" \/>\n<meta name=\"twitter:label1\" content=\"\u00c9crit par\" \/>\n\t<meta name=\"twitter:data1\" content=\"admin\" \/>\n\t<meta name=\"twitter:label2\" content=\"Dur\u00e9e de lecture estim\u00e9e\" \/>\n\t<meta name=\"twitter:data2\" content=\"2 minutes\" \/>\n<script type=\"application\/ld+json\" class=\"yoast-schema-graph\">{\"@context\":\"https:\\\/\\\/schema.org\",\"@graph\":[{\"@type\":\"Article\",\"@id\":\"https:\\\/\\\/lasentinelle.dz\\\/index.php\\\/2024\\\/11\\\/19\\\/sahara-occidental-le-soutien-de-la-france-au-schema-colonial-denonce\\\/#article\",\"isPartOf\":{\"@id\":\"https:\\\/\\\/lasentinelle.dz\\\/index.php\\\/2024\\\/11\\\/19\\\/sahara-occidental-le-soutien-de-la-france-au-schema-colonial-denonce\\\/\"},\"author\":{\"name\":\"admin\",\"@id\":\"https:\\\/\\\/lasentinelle.dz\\\/#\\\/schema\\\/person\\\/729ee0024f24e0b8c5ec17232f8e8b41\"},\"headline\":\"Sahara occidental: Le soutien de la France au sch\u00e9ma colonial d\u00e9nonc\u00e9\",\"datePublished\":\"2024-11-19T10:27:15+00:00\",\"dateModified\":\"2024-11-19T10:27:16+00:00\",\"mainEntityOfPage\":{\"@id\":\"https:\\\/\\\/lasentinelle.dz\\\/index.php\\\/2024\\\/11\\\/19\\\/sahara-occidental-le-soutien-de-la-france-au-schema-colonial-denonce\\\/\"},\"wordCount\":440,\"commentCount\":0,\"publisher\":{\"@id\":\"https:\\\/\\\/lasentinelle.dz\\\/#organization\"},\"image\":{\"@id\":\"https:\\\/\\\/lasentinelle.dz\\\/index.php\\\/2024\\\/11\\\/19\\\/sahara-occidental-le-soutien-de-la-france-au-schema-colonial-denonce\\\/#primaryimage\"},\"thumbnailUrl\":\"https:\\\/\\\/lasentinelle.dz\\\/wp-content\\\/uploads\\\/2024\\\/11\\\/macron-M6-1.jpg\",\"articleSection\":[\"Actualit\u00e9\"],\"inLanguage\":\"fr-FR\",\"potentialAction\":[{\"@type\":\"CommentAction\",\"name\":\"Comment\",\"target\":[\"https:\\\/\\\/lasentinelle.dz\\\/index.php\\\/2024\\\/11\\\/19\\\/sahara-occidental-le-soutien-de-la-france-au-schema-colonial-denonce\\\/#respond\"]}]},{\"@type\":\"WebPage\",\"@id\":\"https:\\\/\\\/lasentinelle.dz\\\/index.php\\\/2024\\\/11\\\/19\\\/sahara-occidental-le-soutien-de-la-france-au-schema-colonial-denonce\\\/\",\"url\":\"https:\\\/\\\/lasentinelle.dz\\\/index.php\\\/2024\\\/11\\\/19\\\/sahara-occidental-le-soutien-de-la-france-au-schema-colonial-denonce\\\/\",\"name\":\"Sahara occidental: Le soutien de la France au sch\u00e9ma colonial d\u00e9nonc\u00e9 - La Sentinelle\",\"isPartOf\":{\"@id\":\"https:\\\/\\\/lasentinelle.dz\\\/#website\"},\"primaryImageOfPage\":{\"@id\":\"https:\\\/\\\/lasentinelle.dz\\\/index.php\\\/2024\\\/11\\\/19\\\/sahara-occidental-le-soutien-de-la-france-au-schema-colonial-denonce\\\/#primaryimage\"},\"image\":{\"@id\":\"https:\\\/\\\/lasentinelle.dz\\\/index.php\\\/2024\\\/11\\\/19\\\/sahara-occidental-le-soutien-de-la-france-au-schema-colonial-denonce\\\/#primaryimage\"},\"thumbnailUrl\":\"https:\\\/\\\/lasentinelle.dz\\\/wp-content\\\/uploads\\\/2024\\\/11\\\/macron-M6-1.jpg\",\"datePublished\":\"2024-11-19T10:27:15+00:00\",\"dateModified\":\"2024-11-19T10:27:16+00:00\",\"breadcrumb\":{\"@id\":\"https:\\\/\\\/lasentinelle.dz\\\/index.php\\\/2024\\\/11\\\/19\\\/sahara-occidental-le-soutien-de-la-france-au-schema-colonial-denonce\\\/#breadcrumb\"},\"inLanguage\":\"fr-FR\",\"potentialAction\":[{\"@type\":\"ReadAction\",\"target\":[\"https:\\\/\\\/lasentinelle.dz\\\/index.php\\\/2024\\\/11\\\/19\\\/sahara-occidental-le-soutien-de-la-france-au-schema-colonial-denonce\\\/\"]}]},{\"@type\":\"ImageObject\",\"inLanguage\":\"fr-FR\",\"@id\":\"https:\\\/\\\/lasentinelle.dz\\\/index.php\\\/2024\\\/11\\\/19\\\/sahara-occidental-le-soutien-de-la-france-au-schema-colonial-denonce\\\/#primaryimage\",\"url\":\"https:\\\/\\\/lasentinelle.dz\\\/wp-content\\\/uploads\\\/2024\\\/11\\\/macron-M6-1.jpg\",\"contentUrl\":\"https:\\\/\\\/lasentinelle.dz\\\/wp-content\\\/uploads\\\/2024\\\/11\\\/macron-M6-1.jpg\",\"width\":1200,\"height\":675},{\"@type\":\"BreadcrumbList\",\"@id\":\"https:\\\/\\\/lasentinelle.dz\\\/index.php\\\/2024\\\/11\\\/19\\\/sahara-occidental-le-soutien-de-la-france-au-schema-colonial-denonce\\\/#breadcrumb\",\"itemListElement\":[{\"@type\":\"ListItem\",\"position\":1,\"name\":\"Accueil\",\"item\":\"https:\\\/\\\/lasentinelle.dz\\\/\"},{\"@type\":\"ListItem\",\"position\":2,\"name\":\"Sahara occidental: Le soutien de la France au sch\u00e9ma colonial d\u00e9nonc\u00e9\"}]},{\"@type\":\"WebSite\",\"@id\":\"https:\\\/\\\/lasentinelle.dz\\\/#website\",\"url\":\"https:\\\/\\\/lasentinelle.dz\\\/\",\"name\":\"La Sentinelle\",\"description\":\"Quotidien national d&#039;information\",\"publisher\":{\"@id\":\"https:\\\/\\\/lasentinelle.dz\\\/#organization\"},\"potentialAction\":[{\"@type\":\"SearchAction\",\"target\":{\"@type\":\"EntryPoint\",\"urlTemplate\":\"https:\\\/\\\/lasentinelle.dz\\\/?s={search_term_string}\"},\"query-input\":{\"@type\":\"PropertyValueSpecification\",\"valueRequired\":true,\"valueName\":\"search_term_string\"}}],\"inLanguage\":\"fr-FR\"},{\"@type\":\"Organization\",\"@id\":\"https:\\\/\\\/lasentinelle.dz\\\/#organization\",\"name\":\"Quotidien La Sentinelle\",\"url\":\"https:\\\/\\\/lasentinelle.dz\\\/\",\"logo\":{\"@type\":\"ImageObject\",\"inLanguage\":\"fr-FR\",\"@id\":\"https:\\\/\\\/lasentinelle.dz\\\/#\\\/schema\\\/logo\\\/image\\\/\",\"url\":\"https:\\\/\\\/lasentinelle.dz\\\/wp-content\\\/uploads\\\/2021\\\/09\\\/logo-sentinelleSLOGAN-1.png\",\"contentUrl\":\"https:\\\/\\\/lasentinelle.dz\\\/wp-content\\\/uploads\\\/2021\\\/09\\\/logo-sentinelleSLOGAN-1.png\",\"width\":615,\"height\":142,\"caption\":\"Quotidien La Sentinelle\"},\"image\":{\"@id\":\"https:\\\/\\\/lasentinelle.dz\\\/#\\\/schema\\\/logo\\\/image\\\/\"},\"sameAs\":[\"https:\\\/\\\/www.facebook.com\\\/La-Sentinelle-104059864394773\"]},{\"@type\":\"Person\",\"@id\":\"https:\\\/\\\/lasentinelle.dz\\\/#\\\/schema\\\/person\\\/729ee0024f24e0b8c5ec17232f8e8b41\",\"name\":\"admin\",\"image\":{\"@type\":\"ImageObject\",\"inLanguage\":\"fr-FR\",\"@id\":\"https:\\\/\\\/secure.gravatar.com\\\/avatar\\\/4c81fed838786e9b53f540bf46533e750f5d292099ae3b66cfc6fb1982e29df7?s=96&d=mm&r=g\",\"url\":\"https:\\\/\\\/secure.gravatar.com\\\/avatar\\\/4c81fed838786e9b53f540bf46533e750f5d292099ae3b66cfc6fb1982e29df7?s=96&d=mm&r=g\",\"contentUrl\":\"https:\\\/\\\/secure.gravatar.com\\\/avatar\\\/4c81fed838786e9b53f540bf46533e750f5d292099ae3b66cfc6fb1982e29df7?s=96&d=mm&r=g\",\"caption\":\"admin\"},\"description\":\"admin\",\"url\":\"https:\\\/\\\/lasentinelle.dz\\\/author\\\/admin\\\/\"}]}<\/script>\n<!-- \/ Yoast SEO plugin. -->","yoast_head_json":{"title":"Sahara occidental: Le soutien de la France au sch\u00e9ma colonial d\u00e9nonc\u00e9 - La Sentinelle","robots":{"index":"index","follow":"follow","max-snippet":"max-snippet:-1","max-image-preview":"max-image-preview:large","max-video-preview":"max-video-preview:-1"},"canonical":"https:\/\/lasentinelle.dz\/index.php\/2024\/11\/19\/sahara-occidental-le-soutien-de-la-france-au-schema-colonial-denonce\/","og_locale":"fr_FR","og_type":"article","og_title":"Sahara occidental: Le soutien de la France au sch\u00e9ma colonial d\u00e9nonc\u00e9 - La Sentinelle","og_description":"Le pr\u00e9sident du Comit\u00e9 national alg\u00e9rien de solidarit\u00e9 avec le peuple sahraoui, Sa\u00efd Ayachi, a mis en lumi\u00e8re hier l&rsquo;influence","og_url":"https:\/\/lasentinelle.dz\/index.php\/2024\/11\/19\/sahara-occidental-le-soutien-de-la-france-au-schema-colonial-denonce\/","og_site_name":"La Sentinelle","article_publisher":"https:\/\/www.facebook.com\/La-Sentinelle-104059864394773","article_published_time":"2024-11-19T10:27:15+00:00","article_modified_time":"2024-11-19T10:27:16+00:00","og_image":[{"width":1200,"height":675,"url":"https:\/\/lasentinelle.dz\/wp-content\/uploads\/2024\/11\/macron-M6-1.jpg","type":"image\/jpeg"}],"author":"admin","twitter_card":"summary_large_image","twitter_misc":{"\u00c9crit par":"admin","Dur\u00e9e de lecture estim\u00e9e":"2 minutes"},"schema":{"@context":"https:\/\/schema.org","@graph":[{"@type":"Article","@id":"https:\/\/lasentinelle.dz\/index.php\/2024\/11\/19\/sahara-occidental-le-soutien-de-la-france-au-schema-colonial-denonce\/#article","isPartOf":{"@id":"https:\/\/lasentinelle.dz\/index.php\/2024\/11\/19\/sahara-occidental-le-soutien-de-la-france-au-schema-colonial-denonce\/"},"author":{"name":"admin","@id":"https:\/\/lasentinelle.dz\/#\/schema\/person\/729ee0024f24e0b8c5ec17232f8e8b41"},"headline":"Sahara occidental: Le soutien de la France au sch\u00e9ma colonial d\u00e9nonc\u00e9","datePublished":"2024-11-19T10:27:15+00:00","dateModified":"2024-11-19T10:27:16+00:00","mainEntityOfPage":{"@id":"https:\/\/lasentinelle.dz\/index.php\/2024\/11\/19\/sahara-occidental-le-soutien-de-la-france-au-schema-colonial-denonce\/"},"wordCount":440,"commentCount":0,"publisher":{"@id":"https:\/\/lasentinelle.dz\/#organization"},"image":{"@id":"https:\/\/lasentinelle.dz\/index.php\/2024\/11\/19\/sahara-occidental-le-soutien-de-la-france-au-schema-colonial-denonce\/#primaryimage"},"thumbnailUrl":"https:\/\/lasentinelle.dz\/wp-content\/uploads\/2024\/11\/macron-M6-1.jpg","articleSection":["Actualit\u00e9"],"inLanguage":"fr-FR","potentialAction":[{"@type":"CommentAction","name":"Comment","target":["https:\/\/lasentinelle.dz\/index.php\/2024\/11\/19\/sahara-occidental-le-soutien-de-la-france-au-schema-colonial-denonce\/#respond"]}]},{"@type":"WebPage","@id":"https:\/\/lasentinelle.dz\/index.php\/2024\/11\/19\/sahara-occidental-le-soutien-de-la-france-au-schema-colonial-denonce\/","url":"https:\/\/lasentinelle.dz\/index.php\/2024\/11\/19\/sahara-occidental-le-soutien-de-la-france-au-schema-colonial-denonce\/","name":"Sahara occidental: Le soutien de la France au sch\u00e9ma colonial d\u00e9nonc\u00e9 - La Sentinelle","isPartOf":{"@id":"https:\/\/lasentinelle.dz\/#website"},"primaryImageOfPage":{"@id":"https:\/\/lasentinelle.dz\/index.php\/2024\/11\/19\/sahara-occidental-le-soutien-de-la-france-au-schema-colonial-denonce\/#primaryimage"},"image":{"@id":"https:\/\/lasentinelle.dz\/index.php\/2024\/11\/19\/sahara-occidental-le-soutien-de-la-france-au-schema-colonial-denonce\/#primaryimage"},"thumbnailUrl":"https:\/\/lasentinelle.dz\/wp-content\/uploads\/2024\/11\/macron-M6-1.jpg","datePublished":"2024-11-19T10:27:15+00:00","dateModified":"2024-11-19T10:27:16+00:00","breadcrumb":{"@id":"https:\/\/lasentinelle.dz\/index.php\/2024\/11\/19\/sahara-occidental-le-soutien-de-la-france-au-schema-colonial-denonce\/#breadcrumb"},"inLanguage":"fr-FR","potentialAction":[{"@type":"ReadAction","target":["https:\/\/lasentinelle.dz\/index.php\/2024\/11\/19\/sahara-occidental-le-soutien-de-la-france-au-schema-colonial-denonce\/"]}]},{"@type":"ImageObject","inLanguage":"fr-FR","@id":"https:\/\/lasentinelle.dz\/index.php\/2024\/11\/19\/sahara-occidental-le-soutien-de-la-france-au-schema-colonial-denonce\/#primaryimage","url":"https:\/\/lasentinelle.dz\/wp-content\/uploads\/2024\/11\/macron-M6-1.jpg","contentUrl":"https:\/\/lasentinelle.dz\/wp-content\/uploads\/2024\/11\/macron-M6-1.jpg","width":1200,"height":675},{"@type":"BreadcrumbList","@id":"https:\/\/lasentinelle.dz\/index.php\/2024\/11\/19\/sahara-occidental-le-soutien-de-la-france-au-schema-colonial-denonce\/#breadcrumb","itemListElement":[{"@type":"ListItem","position":1,"name":"Accueil","item":"https:\/\/lasentinelle.dz\/"},{"@type":"ListItem","position":2,"name":"Sahara occidental: Le soutien de la France au sch\u00e9ma colonial d\u00e9nonc\u00e9"}]},{"@type":"WebSite","@id":"https:\/\/lasentinelle.dz\/#website","url":"https:\/\/lasentinelle.dz\/","name":"La Sentinelle","description":"Quotidien national d&#039;information","publisher":{"@id":"https:\/\/lasentinelle.dz\/#organization"},"potentialAction":[{"@type":"SearchAction","target":{"@type":"EntryPoint","urlTemplate":"https:\/\/lasentinelle.dz\/?s={search_term_string}"},"query-input":{"@type":"PropertyValueSpecification","valueRequired":true,"valueName":"search_term_string"}}],"inLanguage":"fr-FR"},{"@type":"Organization","@id":"https:\/\/lasentinelle.dz\/#organization","name":"Quotidien La Sentinelle","url":"https:\/\/lasentinelle.dz\/","logo":{"@type":"ImageObject","inLanguage":"fr-FR","@id":"https:\/\/lasentinelle.dz\/#\/schema\/logo\/image\/","url":"https:\/\/lasentinelle.dz\/wp-content\/uploads\/2021\/09\/logo-sentinelleSLOGAN-1.png","contentUrl":"https:\/\/lasentinelle.dz\/wp-content\/uploads\/2021\/09\/logo-sentinelleSLOGAN-1.png","width":615,"height":142,"caption":"Quotidien La Sentinelle"},"image":{"@id":"https:\/\/lasentinelle.dz\/#\/schema\/logo\/image\/"},"sameAs":["https:\/\/www.facebook.com\/La-Sentinelle-104059864394773"]},{"@type":"Person","@id":"https:\/\/lasentinelle.dz\/#\/schema\/person\/729ee0024f24e0b8c5ec17232f8e8b41","name":"admin","image":{"@type":"ImageObject","inLanguage":"fr-FR","@id":"https:\/\/secure.gravatar.com\/avatar\/4c81fed838786e9b53f540bf46533e750f5d292099ae3b66cfc6fb1982e29df7?s=96&d=mm&r=g","url":"https:\/\/secure.gravatar.com\/avatar\/4c81fed838786e9b53f540bf46533e750f5d292099ae3b66cfc6fb1982e29df7?s=96&d=mm&r=g","contentUrl":"https:\/\/secure.gravatar.com\/avatar\/4c81fed838786e9b53f540bf46533e750f5d292099ae3b66cfc6fb1982e29df7?s=96&d=mm&r=g","caption":"admin"},"description":"admin","url":"https:\/\/lasentinelle.dz\/author\/admin\/"}]}},"_links":{"self":[{"href":"https:\/\/lasentinelle.dz\/index.php\/wp-json\/wp\/v2\/posts\/59545","targetHints":{"allow":["GET"]}}],"collection":[{"href":"https:\/\/lasentinelle.dz\/index.php\/wp-json\/wp\/v2\/posts"}],"about":[{"href":"https:\/\/lasentinelle.dz\/index.php\/wp-json\/wp\/v2\/types\/post"}],"author":[{"embeddable":true,"href":"https:\/\/lasentinelle.dz\/index.php\/wp-json\/wp\/v2\/users\/6"}],"replies":[{"embeddable":true,"href":"https:\/\/lasentinelle.dz\/index.php\/wp-json\/wp\/v2\/comments?post=59545"}],"version-history":[{"count":1,"href":"https:\/\/lasentinelle.dz\/index.php\/wp-json\/wp\/v2\/posts\/59545\/revisions"}],"predecessor-version":[{"id":59547,"href":"https:\/\/lasentinelle.dz\/index.php\/wp-json\/wp\/v2\/posts\/59545\/revisions\/59547"}],"wp:featuredmedia":[{"embeddable":true,"href":"https:\/\/lasentinelle.dz\/index.php\/wp-json\/wp\/v2\/media\/59546"}],"wp:attachment":[{"href":"https:\/\/lasentinelle.dz\/index.php\/wp-json\/wp\/v2\/media?parent=59545"}],"wp:term":[{"taxonomy":"category","embeddable":true,"href":"https:\/\/lasentinelle.dz\/index.php\/wp-json\/wp\/v2\/categories?post=59545"},{"taxonomy":"post_tag","embeddable":true,"href":"https:\/\/lasentinelle.dz\/index.php\/wp-json\/wp\/v2\/tags?post=59545"}],"curies":[{"name":"wp","href":"https:\/\/api.w.org\/{rel}","templated":true}]}}