{"id":59568,"date":"2024-11-20T11:33:21","date_gmt":"2024-11-20T10:33:21","guid":{"rendered":"https:\/\/lasentinelle.dz\/?p=59568"},"modified":"2024-11-20T11:33:22","modified_gmt":"2024-11-20T10:33:22","slug":"can-2024-dames-les-vertes-se-preparent-avec-determination","status":"publish","type":"post","link":"https:\/\/lasentinelle.dz\/index.php\/2024\/11\/20\/can-2024-dames-les-vertes-se-preparent-avec-determination\/","title":{"rendered":"CAN 2024 (Dames): Les Vertes se pr\u00e9parent avec d\u00e9termination"},"content":{"rendered":"\n<p>Le football f\u00e9minin s&rsquo;appr\u00eate \u00e0 vivre une ann\u00e9e 2025 passionnante, avec la Coupe d&rsquo;Afrique des Nations (CAN) comme point d&rsquo;orgue. Deux \u00e9quipes nationales sont actuellement en pleine pr\u00e9paration : les seniors et les moins de 17 ans, affichant une ambition et une \u00e9nergie prometteuses.<\/p>\n\n\n\n<p>L&rsquo;\u00e9quipe nationale dames, dirig\u00e9e par Farid Benstiti, a r\u00e9uni 22 joueuses talenteuses pour un stage intense \u00e0 Blida du 18 au 21 novembre. Cet effectif, compos\u00e9 exclusivement de footballeuses \u00e9voluant en Alg\u00e9rie, symbolise la profondeur et la qualit\u00e9 du vivier f\u00e9minin local. Ce rassemblement rev\u00eat une importance particuli\u00e8re : apr\u00e8s deux absences cons\u00e9cutives, l&rsquo;Alg\u00e9rie fera son grand retour continental lors de la CAN 2025. La qualification, d\u00e9croch\u00e9e brillamment contre le Burundi en d\u00e9cembre dernier (victoires 5-1 et 1-0), a \u00e9t\u00e9 un moment de fiert\u00e9 nationale. Le rendez-vous africain approche \u00e0 grands pas. Le tirage au sort, pr\u00e9vu vendredi prochain, d\u00e9terminera les futurs adversaires des Alg\u00e9riennes. La comp\u00e9tition se d\u00e9roulera du 5 au 26 juillet 2025, avec la participation de 12 nations. Un \u00e9v\u00e9nement qui promet de belles emballades footballistiques.<\/p>\n\n\n\n<p>Parall\u00e8lement, la rel\u00e8ve se pr\u00e9pare avec la m\u00eame d\u00e9termination. L&rsquo;\u00e9quipe nationale des moins de 17 ans a entam\u00e9 un stage au Centre Technique National de Sidi-Moussa, r\u00e9unissant 26 jeunes joueuses sous la houlette du nouveau s\u00e9lectionneur, Abdennour Mira.<\/p>\n\n\n\n<p>Ces jeunes talents ont un objectif pr\u00e9cis : se pr\u00e9parer aux \u00e9liminatoires de la prochaine Coupe du monde, qui d\u00e9buteront en janvier 2025. Un programme charg\u00e9 qui comprend m\u00eame un match d&rsquo;application contre l&rsquo;\u00e9quipe U20 de la JS Kabylie, histoire de roder les automatismes.<\/p>\n\n\n\n<p>On remarque la forte repr\u00e9sentation de clubs comme AFAK Relizane, CF Akbou, et ASE Alger-Centre dans ces s\u00e9lections. Ces formations deviennent de v\u00e9ritables pourvoyeuses de talents pour les \u00e9quipes nationales, illustrant la dynamique positive du football f\u00e9minin alg\u00e9rien.<\/p>\n\n\n\n<p>Les effectifs r\u00e9v\u00e8lent une belle diversit\u00e9 g\u00e9ographique, avec des joueuses venues de diff\u00e9rentes r\u00e9gions du pays. De Constantine \u00e0 Relizane, en passant par Alger et Akbou, c&rsquo;est tout un vivier national qui se mobilise.<\/p>\n\n\n\n<p>Cette g\u00e9n\u00e9ration incarne plus qu&rsquo;une simple \u00e9quipe de football. Ce sont des ambassadrices d&rsquo;un sport en pleine mutation, qui gagne en reconnaissance et en professionnalisme. Chaque match, chaque stage, repr\u00e9sente un pas de plus vers la l\u00e9gitimation du football f\u00e9minin en Alg\u00e9rie.<\/p>\n\n\n\n<p>Le rendez-vous de juillet 2025 sera crucial. Apr\u00e8s leur qualification historique, les Alg\u00e9riennes auront \u00e0 c\u0153ur de briller sur la sc\u00e8ne continentale. Leur parcours sera suivi avec passion par tout un peuple qui r\u00eave de voir ses couleurs briller.<\/p>\n\n\n\n<p>Le football f\u00e9minin alg\u00e9rien n&rsquo;est plus seulement un sport. C&rsquo;est un mouvement, une dynamique, une promesse d&rsquo;avenir.<\/p>\n\n\n\n<p>Moncef D.<\/p>\n","protected":false},"excerpt":{"rendered":"<p>Le football f\u00e9minin s&rsquo;appr\u00eate \u00e0 vivre une ann\u00e9e 2025 passionnante, avec la Coupe d&rsquo;Afrique des Nations (CAN) comme point d&rsquo;orgue.<\/p>\n","protected":false},"author":6,"featured_media":59569,"comment_status":"open","ping_status":"closed","sticky":false,"template":"","format":"standard","meta":{"colormag_page_container_layout":"default_layout","colormag_page_sidebar_layout":"default_layout","om_disable_all_campaigns":false,"_monsterinsights_skip_tracking":false,"_monsterinsights_sitenote_active":false,"_monsterinsights_sitenote_note":"","_monsterinsights_sitenote_category":0,"footnotes":"","_wpscppro_dont_share_socialmedia":false,"_wpscppro_custom_social_share_image":0,"_facebook_share_type":"default","_twitter_share_type":"default","_linkedin_share_type":"default","_pinterest_share_type":"default","_linkedin_share_type_page":"","_instagram_share_type":"default","_medium_share_type":"default","_threads_share_type":"","_google_business_share_type":"","_selected_social_profile":[],"_wpsp_enable_custom_social_template":false,"_wpsp_social_scheduling":{"enabled":false,"datetime":null,"platforms":[],"status":"template_only","dateOption":"today","timeOption":"now","customDays":"","customHours":"","customDate":"","customTime":"","schedulingType":"absolute"},"_wpsp_active_default_template":true},"categories":[33],"tags":[],"class_list":["post-59568","post","type-post","status-publish","format-standard","has-post-thumbnail","hentry","category-sports"],"aioseo_notices":[],"yoast_head":"<!-- This site is optimized with the Yoast SEO plugin v27.5 - https:\/\/yoast.com\/product\/yoast-seo-wordpress\/ -->\n<title>CAN 2024 (Dames): Les Vertes se pr\u00e9parent avec d\u00e9termination - La Sentinelle<\/title>\n<meta name=\"robots\" content=\"index, follow, max-snippet:-1, max-image-preview:large, max-video-preview:-1\" \/>\n<link rel=\"canonical\" href=\"https:\/\/lasentinelle.dz\/index.php\/2024\/11\/20\/can-2024-dames-les-vertes-se-preparent-avec-determination\/\" \/>\n<meta property=\"og:locale\" content=\"fr_FR\" \/>\n<meta property=\"og:type\" content=\"article\" \/>\n<meta property=\"og:title\" content=\"CAN 2024 (Dames): Les Vertes se pr\u00e9parent avec d\u00e9termination - La Sentinelle\" \/>\n<meta property=\"og:description\" content=\"Le football f\u00e9minin s&rsquo;appr\u00eate \u00e0 vivre une ann\u00e9e 2025 passionnante, avec la Coupe d&rsquo;Afrique des Nations (CAN) comme point d&rsquo;orgue.\" \/>\n<meta property=\"og:url\" content=\"https:\/\/lasentinelle.dz\/index.php\/2024\/11\/20\/can-2024-dames-les-vertes-se-preparent-avec-determination\/\" \/>\n<meta property=\"og:site_name\" content=\"La Sentinelle\" \/>\n<meta property=\"article:publisher\" content=\"https:\/\/www.facebook.com\/La-Sentinelle-104059864394773\" \/>\n<meta property=\"article:published_time\" content=\"2024-11-20T10:33:21+00:00\" \/>\n<meta property=\"article:modified_time\" content=\"2024-11-20T10:33:22+00:00\" \/>\n<meta property=\"og:image\" content=\"https:\/\/lasentinelle.dz\/wp-content\/uploads\/2024\/11\/dames-scaled.jpeg\" \/>\n\t<meta property=\"og:image:width\" content=\"2560\" \/>\n\t<meta property=\"og:image:height\" content=\"1550\" \/>\n\t<meta property=\"og:image:type\" content=\"image\/jpeg\" \/>\n<meta name=\"author\" content=\"admin\" \/>\n<meta name=\"twitter:card\" content=\"summary_large_image\" \/>\n<meta name=\"twitter:label1\" content=\"\u00c9crit par\" \/>\n\t<meta name=\"twitter:data1\" content=\"admin\" \/>\n\t<meta name=\"twitter:label2\" content=\"Dur\u00e9e de lecture estim\u00e9e\" \/>\n\t<meta name=\"twitter:data2\" content=\"3 minutes\" \/>\n<script type=\"application\/ld+json\" class=\"yoast-schema-graph\">{\"@context\":\"https:\\\/\\\/schema.org\",\"@graph\":[{\"@type\":\"Article\",\"@id\":\"https:\\\/\\\/lasentinelle.dz\\\/index.php\\\/2024\\\/11\\\/20\\\/can-2024-dames-les-vertes-se-preparent-avec-determination\\\/#article\",\"isPartOf\":{\"@id\":\"https:\\\/\\\/lasentinelle.dz\\\/index.php\\\/2024\\\/11\\\/20\\\/can-2024-dames-les-vertes-se-preparent-avec-determination\\\/\"},\"author\":{\"name\":\"admin\",\"@id\":\"https:\\\/\\\/lasentinelle.dz\\\/#\\\/schema\\\/person\\\/729ee0024f24e0b8c5ec17232f8e8b41\"},\"headline\":\"CAN 2024 (Dames): Les Vertes se pr\u00e9parent avec d\u00e9termination\",\"datePublished\":\"2024-11-20T10:33:21+00:00\",\"dateModified\":\"2024-11-20T10:33:22+00:00\",\"mainEntityOfPage\":{\"@id\":\"https:\\\/\\\/lasentinelle.dz\\\/index.php\\\/2024\\\/11\\\/20\\\/can-2024-dames-les-vertes-se-preparent-avec-determination\\\/\"},\"wordCount\":485,\"commentCount\":0,\"publisher\":{\"@id\":\"https:\\\/\\\/lasentinelle.dz\\\/#organization\"},\"image\":{\"@id\":\"https:\\\/\\\/lasentinelle.dz\\\/index.php\\\/2024\\\/11\\\/20\\\/can-2024-dames-les-vertes-se-preparent-avec-determination\\\/#primaryimage\"},\"thumbnailUrl\":\"https:\\\/\\\/lasentinelle.dz\\\/wp-content\\\/uploads\\\/2024\\\/11\\\/dames-scaled.jpeg\",\"articleSection\":[\"Sports\"],\"inLanguage\":\"fr-FR\",\"potentialAction\":[{\"@type\":\"CommentAction\",\"name\":\"Comment\",\"target\":[\"https:\\\/\\\/lasentinelle.dz\\\/index.php\\\/2024\\\/11\\\/20\\\/can-2024-dames-les-vertes-se-preparent-avec-determination\\\/#respond\"]}]},{\"@type\":\"WebPage\",\"@id\":\"https:\\\/\\\/lasentinelle.dz\\\/index.php\\\/2024\\\/11\\\/20\\\/can-2024-dames-les-vertes-se-preparent-avec-determination\\\/\",\"url\":\"https:\\\/\\\/lasentinelle.dz\\\/index.php\\\/2024\\\/11\\\/20\\\/can-2024-dames-les-vertes-se-preparent-avec-determination\\\/\",\"name\":\"CAN 2024 (Dames): Les Vertes se pr\u00e9parent avec d\u00e9termination - La Sentinelle\",\"isPartOf\":{\"@id\":\"https:\\\/\\\/lasentinelle.dz\\\/#website\"},\"primaryImageOfPage\":{\"@id\":\"https:\\\/\\\/lasentinelle.dz\\\/index.php\\\/2024\\\/11\\\/20\\\/can-2024-dames-les-vertes-se-preparent-avec-determination\\\/#primaryimage\"},\"image\":{\"@id\":\"https:\\\/\\\/lasentinelle.dz\\\/index.php\\\/2024\\\/11\\\/20\\\/can-2024-dames-les-vertes-se-preparent-avec-determination\\\/#primaryimage\"},\"thumbnailUrl\":\"https:\\\/\\\/lasentinelle.dz\\\/wp-content\\\/uploads\\\/2024\\\/11\\\/dames-scaled.jpeg\",\"datePublished\":\"2024-11-20T10:33:21+00:00\",\"dateModified\":\"2024-11-20T10:33:22+00:00\",\"breadcrumb\":{\"@id\":\"https:\\\/\\\/lasentinelle.dz\\\/index.php\\\/2024\\\/11\\\/20\\\/can-2024-dames-les-vertes-se-preparent-avec-determination\\\/#breadcrumb\"},\"inLanguage\":\"fr-FR\",\"potentialAction\":[{\"@type\":\"ReadAction\",\"target\":[\"https:\\\/\\\/lasentinelle.dz\\\/index.php\\\/2024\\\/11\\\/20\\\/can-2024-dames-les-vertes-se-preparent-avec-determination\\\/\"]}]},{\"@type\":\"ImageObject\",\"inLanguage\":\"fr-FR\",\"@id\":\"https:\\\/\\\/lasentinelle.dz\\\/index.php\\\/2024\\\/11\\\/20\\\/can-2024-dames-les-vertes-se-preparent-avec-determination\\\/#primaryimage\",\"url\":\"https:\\\/\\\/lasentinelle.dz\\\/wp-content\\\/uploads\\\/2024\\\/11\\\/dames-scaled.jpeg\",\"contentUrl\":\"https:\\\/\\\/lasentinelle.dz\\\/wp-content\\\/uploads\\\/2024\\\/11\\\/dames-scaled.jpeg\",\"width\":2560,\"height\":1550},{\"@type\":\"BreadcrumbList\",\"@id\":\"https:\\\/\\\/lasentinelle.dz\\\/index.php\\\/2024\\\/11\\\/20\\\/can-2024-dames-les-vertes-se-preparent-avec-determination\\\/#breadcrumb\",\"itemListElement\":[{\"@type\":\"ListItem\",\"position\":1,\"name\":\"Accueil\",\"item\":\"https:\\\/\\\/lasentinelle.dz\\\/\"},{\"@type\":\"ListItem\",\"position\":2,\"name\":\"CAN 2024 (Dames): Les Vertes se pr\u00e9parent avec d\u00e9termination\"}]},{\"@type\":\"WebSite\",\"@id\":\"https:\\\/\\\/lasentinelle.dz\\\/#website\",\"url\":\"https:\\\/\\\/lasentinelle.dz\\\/\",\"name\":\"La Sentinelle\",\"description\":\"Quotidien national d&#039;information\",\"publisher\":{\"@id\":\"https:\\\/\\\/lasentinelle.dz\\\/#organization\"},\"potentialAction\":[{\"@type\":\"SearchAction\",\"target\":{\"@type\":\"EntryPoint\",\"urlTemplate\":\"https:\\\/\\\/lasentinelle.dz\\\/?s={search_term_string}\"},\"query-input\":{\"@type\":\"PropertyValueSpecification\",\"valueRequired\":true,\"valueName\":\"search_term_string\"}}],\"inLanguage\":\"fr-FR\"},{\"@type\":\"Organization\",\"@id\":\"https:\\\/\\\/lasentinelle.dz\\\/#organization\",\"name\":\"Quotidien La Sentinelle\",\"url\":\"https:\\\/\\\/lasentinelle.dz\\\/\",\"logo\":{\"@type\":\"ImageObject\",\"inLanguage\":\"fr-FR\",\"@id\":\"https:\\\/\\\/lasentinelle.dz\\\/#\\\/schema\\\/logo\\\/image\\\/\",\"url\":\"https:\\\/\\\/lasentinelle.dz\\\/wp-content\\\/uploads\\\/2021\\\/09\\\/logo-sentinelleSLOGAN-1.png\",\"contentUrl\":\"https:\\\/\\\/lasentinelle.dz\\\/wp-content\\\/uploads\\\/2021\\\/09\\\/logo-sentinelleSLOGAN-1.png\",\"width\":615,\"height\":142,\"caption\":\"Quotidien La Sentinelle\"},\"image\":{\"@id\":\"https:\\\/\\\/lasentinelle.dz\\\/#\\\/schema\\\/logo\\\/image\\\/\"},\"sameAs\":[\"https:\\\/\\\/www.facebook.com\\\/La-Sentinelle-104059864394773\"]},{\"@type\":\"Person\",\"@id\":\"https:\\\/\\\/lasentinelle.dz\\\/#\\\/schema\\\/person\\\/729ee0024f24e0b8c5ec17232f8e8b41\",\"name\":\"admin\",\"image\":{\"@type\":\"ImageObject\",\"inLanguage\":\"fr-FR\",\"@id\":\"https:\\\/\\\/secure.gravatar.com\\\/avatar\\\/4c81fed838786e9b53f540bf46533e750f5d292099ae3b66cfc6fb1982e29df7?s=96&d=mm&r=g\",\"url\":\"https:\\\/\\\/secure.gravatar.com\\\/avatar\\\/4c81fed838786e9b53f540bf46533e750f5d292099ae3b66cfc6fb1982e29df7?s=96&d=mm&r=g\",\"contentUrl\":\"https:\\\/\\\/secure.gravatar.com\\\/avatar\\\/4c81fed838786e9b53f540bf46533e750f5d292099ae3b66cfc6fb1982e29df7?s=96&d=mm&r=g\",\"caption\":\"admin\"},\"description\":\"admin\",\"url\":\"https:\\\/\\\/lasentinelle.dz\\\/author\\\/admin\\\/\"}]}<\/script>\n<!-- \/ Yoast SEO plugin. -->","yoast_head_json":{"title":"CAN 2024 (Dames): Les Vertes se pr\u00e9parent avec d\u00e9termination - La Sentinelle","robots":{"index":"index","follow":"follow","max-snippet":"max-snippet:-1","max-image-preview":"max-image-preview:large","max-video-preview":"max-video-preview:-1"},"canonical":"https:\/\/lasentinelle.dz\/index.php\/2024\/11\/20\/can-2024-dames-les-vertes-se-preparent-avec-determination\/","og_locale":"fr_FR","og_type":"article","og_title":"CAN 2024 (Dames): Les Vertes se pr\u00e9parent avec d\u00e9termination - La Sentinelle","og_description":"Le football f\u00e9minin s&rsquo;appr\u00eate \u00e0 vivre une ann\u00e9e 2025 passionnante, avec la Coupe d&rsquo;Afrique des Nations (CAN) comme point d&rsquo;orgue.","og_url":"https:\/\/lasentinelle.dz\/index.php\/2024\/11\/20\/can-2024-dames-les-vertes-se-preparent-avec-determination\/","og_site_name":"La Sentinelle","article_publisher":"https:\/\/www.facebook.com\/La-Sentinelle-104059864394773","article_published_time":"2024-11-20T10:33:21+00:00","article_modified_time":"2024-11-20T10:33:22+00:00","og_image":[{"width":2560,"height":1550,"url":"https:\/\/lasentinelle.dz\/wp-content\/uploads\/2024\/11\/dames-scaled.jpeg","type":"image\/jpeg"}],"author":"admin","twitter_card":"summary_large_image","twitter_misc":{"\u00c9crit par":"admin","Dur\u00e9e de lecture estim\u00e9e":"3 minutes"},"schema":{"@context":"https:\/\/schema.org","@graph":[{"@type":"Article","@id":"https:\/\/lasentinelle.dz\/index.php\/2024\/11\/20\/can-2024-dames-les-vertes-se-preparent-avec-determination\/#article","isPartOf":{"@id":"https:\/\/lasentinelle.dz\/index.php\/2024\/11\/20\/can-2024-dames-les-vertes-se-preparent-avec-determination\/"},"author":{"name":"admin","@id":"https:\/\/lasentinelle.dz\/#\/schema\/person\/729ee0024f24e0b8c5ec17232f8e8b41"},"headline":"CAN 2024 (Dames): Les Vertes se pr\u00e9parent avec d\u00e9termination","datePublished":"2024-11-20T10:33:21+00:00","dateModified":"2024-11-20T10:33:22+00:00","mainEntityOfPage":{"@id":"https:\/\/lasentinelle.dz\/index.php\/2024\/11\/20\/can-2024-dames-les-vertes-se-preparent-avec-determination\/"},"wordCount":485,"commentCount":0,"publisher":{"@id":"https:\/\/lasentinelle.dz\/#organization"},"image":{"@id":"https:\/\/lasentinelle.dz\/index.php\/2024\/11\/20\/can-2024-dames-les-vertes-se-preparent-avec-determination\/#primaryimage"},"thumbnailUrl":"https:\/\/lasentinelle.dz\/wp-content\/uploads\/2024\/11\/dames-scaled.jpeg","articleSection":["Sports"],"inLanguage":"fr-FR","potentialAction":[{"@type":"CommentAction","name":"Comment","target":["https:\/\/lasentinelle.dz\/index.php\/2024\/11\/20\/can-2024-dames-les-vertes-se-preparent-avec-determination\/#respond"]}]},{"@type":"WebPage","@id":"https:\/\/lasentinelle.dz\/index.php\/2024\/11\/20\/can-2024-dames-les-vertes-se-preparent-avec-determination\/","url":"https:\/\/lasentinelle.dz\/index.php\/2024\/11\/20\/can-2024-dames-les-vertes-se-preparent-avec-determination\/","name":"CAN 2024 (Dames): Les Vertes se pr\u00e9parent avec d\u00e9termination - La Sentinelle","isPartOf":{"@id":"https:\/\/lasentinelle.dz\/#website"},"primaryImageOfPage":{"@id":"https:\/\/lasentinelle.dz\/index.php\/2024\/11\/20\/can-2024-dames-les-vertes-se-preparent-avec-determination\/#primaryimage"},"image":{"@id":"https:\/\/lasentinelle.dz\/index.php\/2024\/11\/20\/can-2024-dames-les-vertes-se-preparent-avec-determination\/#primaryimage"},"thumbnailUrl":"https:\/\/lasentinelle.dz\/wp-content\/uploads\/2024\/11\/dames-scaled.jpeg","datePublished":"2024-11-20T10:33:21+00:00","dateModified":"2024-11-20T10:33:22+00:00","breadcrumb":{"@id":"https:\/\/lasentinelle.dz\/index.php\/2024\/11\/20\/can-2024-dames-les-vertes-se-preparent-avec-determination\/#breadcrumb"},"inLanguage":"fr-FR","potentialAction":[{"@type":"ReadAction","target":["https:\/\/lasentinelle.dz\/index.php\/2024\/11\/20\/can-2024-dames-les-vertes-se-preparent-avec-determination\/"]}]},{"@type":"ImageObject","inLanguage":"fr-FR","@id":"https:\/\/lasentinelle.dz\/index.php\/2024\/11\/20\/can-2024-dames-les-vertes-se-preparent-avec-determination\/#primaryimage","url":"https:\/\/lasentinelle.dz\/wp-content\/uploads\/2024\/11\/dames-scaled.jpeg","contentUrl":"https:\/\/lasentinelle.dz\/wp-content\/uploads\/2024\/11\/dames-scaled.jpeg","width":2560,"height":1550},{"@type":"BreadcrumbList","@id":"https:\/\/lasentinelle.dz\/index.php\/2024\/11\/20\/can-2024-dames-les-vertes-se-preparent-avec-determination\/#breadcrumb","itemListElement":[{"@type":"ListItem","position":1,"name":"Accueil","item":"https:\/\/lasentinelle.dz\/"},{"@type":"ListItem","position":2,"name":"CAN 2024 (Dames): Les Vertes se pr\u00e9parent avec d\u00e9termination"}]},{"@type":"WebSite","@id":"https:\/\/lasentinelle.dz\/#website","url":"https:\/\/lasentinelle.dz\/","name":"La Sentinelle","description":"Quotidien national d&#039;information","publisher":{"@id":"https:\/\/lasentinelle.dz\/#organization"},"potentialAction":[{"@type":"SearchAction","target":{"@type":"EntryPoint","urlTemplate":"https:\/\/lasentinelle.dz\/?s={search_term_string}"},"query-input":{"@type":"PropertyValueSpecification","valueRequired":true,"valueName":"search_term_string"}}],"inLanguage":"fr-FR"},{"@type":"Organization","@id":"https:\/\/lasentinelle.dz\/#organization","name":"Quotidien La Sentinelle","url":"https:\/\/lasentinelle.dz\/","logo":{"@type":"ImageObject","inLanguage":"fr-FR","@id":"https:\/\/lasentinelle.dz\/#\/schema\/logo\/image\/","url":"https:\/\/lasentinelle.dz\/wp-content\/uploads\/2021\/09\/logo-sentinelleSLOGAN-1.png","contentUrl":"https:\/\/lasentinelle.dz\/wp-content\/uploads\/2021\/09\/logo-sentinelleSLOGAN-1.png","width":615,"height":142,"caption":"Quotidien La Sentinelle"},"image":{"@id":"https:\/\/lasentinelle.dz\/#\/schema\/logo\/image\/"},"sameAs":["https:\/\/www.facebook.com\/La-Sentinelle-104059864394773"]},{"@type":"Person","@id":"https:\/\/lasentinelle.dz\/#\/schema\/person\/729ee0024f24e0b8c5ec17232f8e8b41","name":"admin","image":{"@type":"ImageObject","inLanguage":"fr-FR","@id":"https:\/\/secure.gravatar.com\/avatar\/4c81fed838786e9b53f540bf46533e750f5d292099ae3b66cfc6fb1982e29df7?s=96&d=mm&r=g","url":"https:\/\/secure.gravatar.com\/avatar\/4c81fed838786e9b53f540bf46533e750f5d292099ae3b66cfc6fb1982e29df7?s=96&d=mm&r=g","contentUrl":"https:\/\/secure.gravatar.com\/avatar\/4c81fed838786e9b53f540bf46533e750f5d292099ae3b66cfc6fb1982e29df7?s=96&d=mm&r=g","caption":"admin"},"description":"admin","url":"https:\/\/lasentinelle.dz\/author\/admin\/"}]}},"_links":{"self":[{"href":"https:\/\/lasentinelle.dz\/index.php\/wp-json\/wp\/v2\/posts\/59568","targetHints":{"allow":["GET"]}}],"collection":[{"href":"https:\/\/lasentinelle.dz\/index.php\/wp-json\/wp\/v2\/posts"}],"about":[{"href":"https:\/\/lasentinelle.dz\/index.php\/wp-json\/wp\/v2\/types\/post"}],"author":[{"embeddable":true,"href":"https:\/\/lasentinelle.dz\/index.php\/wp-json\/wp\/v2\/users\/6"}],"replies":[{"embeddable":true,"href":"https:\/\/lasentinelle.dz\/index.php\/wp-json\/wp\/v2\/comments?post=59568"}],"version-history":[{"count":1,"href":"https:\/\/lasentinelle.dz\/index.php\/wp-json\/wp\/v2\/posts\/59568\/revisions"}],"predecessor-version":[{"id":59570,"href":"https:\/\/lasentinelle.dz\/index.php\/wp-json\/wp\/v2\/posts\/59568\/revisions\/59570"}],"wp:featuredmedia":[{"embeddable":true,"href":"https:\/\/lasentinelle.dz\/index.php\/wp-json\/wp\/v2\/media\/59569"}],"wp:attachment":[{"href":"https:\/\/lasentinelle.dz\/index.php\/wp-json\/wp\/v2\/media?parent=59568"}],"wp:term":[{"taxonomy":"category","embeddable":true,"href":"https:\/\/lasentinelle.dz\/index.php\/wp-json\/wp\/v2\/categories?post=59568"},{"taxonomy":"post_tag","embeddable":true,"href":"https:\/\/lasentinelle.dz\/index.php\/wp-json\/wp\/v2\/tags?post=59568"}],"curies":[{"name":"wp","href":"https:\/\/api.w.org\/{rel}","templated":true}]}}