{"id":59613,"date":"2024-11-20T22:16:29","date_gmt":"2024-11-20T21:16:29","guid":{"rendered":"https:\/\/lasentinelle.dz\/?p=59613"},"modified":"2024-11-20T22:16:30","modified_gmt":"2024-11-20T21:16:30","slug":"accord-commercial-agricole-ue-maroc-annule-par-la-cjue-le-syndicat-agricole-espagnol-exhorte-lue-a-le-suspendre-immediatement","status":"publish","type":"post","link":"https:\/\/lasentinelle.dz\/index.php\/2024\/11\/20\/accord-commercial-agricole-ue-maroc-annule-par-la-cjue-le-syndicat-agricole-espagnol-exhorte-lue-a-le-suspendre-immediatement\/","title":{"rendered":"Accord commercial agricole UE\/Maroc annul\u00e9 par la CJUE : Le syndicat agricole espagnol exhorte l&rsquo;UE \u00e0 le \u00ab\u00a0suspendre imm\u00e9diatement\u00a0\u00bb"},"content":{"rendered":"\n<p>Le coordonnateur des organisations agraires et d&rsquo;\u00e9levage espagnols (COAG), Andr\u00e9s Gongora, a exhort\u00e9 l&rsquo;Union europ\u00e9enne (UE) \u00e0 \u00ab\u00a0suspendre imm\u00e9diatement\u00a0\u00bb l&rsquo;accord commercial agricole liant l&rsquo;Union au Maroc, fustigeant le d\u00e9lai de gr\u00e2ce de 12 mois pr\u00e9vu dans l&rsquo;arr\u00eat de la Cour de justice de l&rsquo;UE qui a invalid\u00e9 d\u00e9finitivement cet accord.<\/p>\n\n\n\n<p>La r\u00e9cente d\u00e9cision de la Cour de justice de l&rsquo;Union europ\u00e9enne (CJUE) marque un tournant historique dans la reconnaissance internationale de la cause sahraoui, r\u00e9affirmant avec force la l\u00e9gitimit\u00e9 du combat du peuple pour son autod\u00e9termination. En annulant les accords de p\u00eache et d&rsquo;agriculture entre l&rsquo;UE et le Maroc, la Haute Juridiction europ\u00e9enne a officiellement reconnu l&rsquo;ill\u00e9galit\u00e9 de l&rsquo;exploitation par l\u2019occupation marocaine des ressources du Sahara occidental, derni\u00e8re colonie d&rsquo;Afrique. Cette d\u00e9cision est bien plus qu&rsquo;un simple arr\u00eat commercial : c&rsquo;est une victoire symbolique pour le Front Polisario et les Sahraouis qui, depuis des d\u00e9cennies, luttent contre l&rsquo;occupation marocaine. Voici la version int\u00e9grant les propos entre guillemets :<\/p>\n\n\n\n<p>Andr\u00e9s Gongora, responsable du COAG, a soulign\u00e9 que \u00ab\u00a0la campagne espagnole est redevable aux Sahraouis et au Front Polisario\u00a0\u00bb pour cette victoire juridique. Il a affirm\u00e9 sans d\u00e9tour que \u00ab\u00a0ces accords ont d\u00e9montr\u00e9 que le Maroc n&rsquo;est pas le partenaire fiable que le gouvernement espagnol aimerait pr\u00e9senter comme tel. Au contraire, c&rsquo;est un \u00c9tat qui utilise toutes ses armes pour ses propres int\u00e9r\u00eats et qui ne se soucie de rien, y compris des questions de droits de l&rsquo;homme\u00a0\u00bb. \u00ab\u00a0Si la Cour a jug\u00e9 que l&rsquo;accord n&rsquo;est pas l\u00e9gal, l&rsquo;UE ne peut pas fermer les yeux et maintenir un accord ill\u00e9gal en vigueur pendant encore 12 mois, uniquement pour favoriser certaines soci\u00e9t\u00e9s transnationales\u00a0\u00bb, a-t-il d\u00e9clar\u00e9, lors d&rsquo;une conf\u00e9rence organis\u00e9e, lundi, au Congr\u00e8s des d\u00e9put\u00e9s (chambre basse espagnole). La Cour a explicitement condamn\u00e9 les accords commerciaux conclus sans le consentement du peuple autochtone, \u00e9tablissant un pr\u00e9c\u00e9dent juridique crucial qui replace la question du Sahara occidental au c\u0153ur des d\u00e9bats internationaux sur l&rsquo;autod\u00e9termination. L&rsquo;arr\u00eat va au-del\u00e0 d&rsquo;une simple annulation technique : il reconnait que le Maroc ne peut l\u00e9gitimement exploiter des ressources dans un territoire dont la souverainet\u00e9 reste contest\u00e9e. Cette d\u00e9cision impose d\u00e9sormais une transparence totale, obligeant l&rsquo;\u00e9tiquetage explicit des produits originaires du Sahara occidental. Les juges europ\u00e9ens ont ainsi cr\u00e9\u00e9 un m\u00e9canisme juridique permettant de rendre visible l&rsquo;invisibilit\u00e9 historique subie par le peuple sahraoui. Andr\u00e9s Gongora a r\u00e9v\u00e9l\u00e9 l&rsquo;existence d&rsquo;une \u00ab\u00a0m\u00e9galopole de la tomate\u00a0\u00bb \u00e0 Dakhla, dans les territoires occup\u00e9s, \u00ab\u00a0exploit\u00e9e par cinq grands groupes d&rsquo;entreprises, dont certains appartiennent \u00e0 Mohamed VI et \u00e0 l&rsquo;ancien ministre de l&rsquo;Agriculture du Maroc\u00a0\u00bb. Le COAG pr\u00e9conise \u00ab\u00a0la vigilance face aux tentatives de contournement par le Maroc\u00a0\u00bb, tout en appelant \u00ab\u00a0les consommateurs europ\u00e9ens \u00e0 privil\u00e9gier les produits respectueux des normes \u00e9thiques\u00a0\u00bb, faisant du choix d&rsquo;achat un levier d&rsquo;action.<\/p>\n\n\n\n<p><strong>Chantage marocain<\/strong><\/p>\n\n\n\n<p>Le syndicat a d\u00e9nonc\u00e9 le pillage des ressources naturelles, accusant le Maroc d&rsquo;user de \u00ab\u00a0chantage\u00a0\u00bb et d&rsquo;utiliser les cartes du \u00ab\u00a0terrorisme, l&rsquo;immigration et la drogue\u00a0\u00bb pour \u00ab\u00a0obtenir des compensations\u00a0\u00bb. Cette d\u00e9cision judiciaire repr\u00e9sente donc bien plus qu&rsquo;un simple contentieux commercial : c&rsquo;est une r\u00e9affirmation solennelle du droit \u00e0 l&rsquo;autod\u00e9termination, un coup d&rsquo;arr\u00eat \u00e0 des d\u00e9cennies d&rsquo;exploitation \u00e9conomique et une reconnaissance internationale de la l\u00e9gitimit\u00e9 de la cause sahraoui. La Cour a clairement statu\u00e9 que les produits import\u00e9s doivent indiquer le Sahara occidental comme pays d&rsquo;origine, soulignant qu'\u00a0\u00bben tant que produits import\u00e9s dans l&rsquo;Union europ\u00e9enne, les melons et les tomates r\u00e9colt\u00e9s au Sahara occidental doivent indiquer leur pays d&rsquo;origine\u00a0\u00bb et que \u00ab\u00a0mentionner le Maroc plut\u00f4t que le Sahara occidental induirait les consommateurs en erreur\u00a0\u00bb.<\/p>\n\n\n\n<p>Lyes Sa\u00efdi<\/p>\n","protected":false},"excerpt":{"rendered":"<p>Le coordonnateur des organisations agraires et d&rsquo;\u00e9levage espagnols (COAG), Andr\u00e9s Gongora, a exhort\u00e9 l&rsquo;Union europ\u00e9enne (UE) \u00e0 \u00ab\u00a0suspendre imm\u00e9diatement\u00a0\u00bb l&rsquo;accord<\/p>\n","protected":false},"author":6,"featured_media":57946,"comment_status":"open","ping_status":"closed","sticky":false,"template":"","format":"standard","meta":{"colormag_page_container_layout":"default_layout","colormag_page_sidebar_layout":"default_layout","om_disable_all_campaigns":false,"_monsterinsights_skip_tracking":false,"_monsterinsights_sitenote_active":false,"_monsterinsights_sitenote_note":"","_monsterinsights_sitenote_category":0,"footnotes":"","_wpscppro_dont_share_socialmedia":false,"_wpscppro_custom_social_share_image":0,"_facebook_share_type":"default","_twitter_share_type":"default","_linkedin_share_type":"default","_pinterest_share_type":"default","_linkedin_share_type_page":"","_instagram_share_type":"default","_medium_share_type":"default","_threads_share_type":"","_google_business_share_type":"","_selected_social_profile":[],"_wpsp_enable_custom_social_template":false,"_wpsp_social_scheduling":{"enabled":false,"datetime":null,"platforms":[],"status":"template_only","dateOption":"today","timeOption":"now","customDays":"","customHours":"","customDate":"","customTime":"","schedulingType":"absolute"},"_wpsp_active_default_template":true},"categories":[37],"tags":[],"class_list":["post-59613","post","type-post","status-publish","format-standard","has-post-thumbnail","hentry","category-monde"],"aioseo_notices":[],"yoast_head":"<!-- This site is optimized with the Yoast SEO plugin v27.5 - https:\/\/yoast.com\/product\/yoast-seo-wordpress\/ -->\n<title>Accord commercial agricole UE\/Maroc annul\u00e9 par la CJUE : Le syndicat agricole espagnol exhorte l&rsquo;UE \u00e0 le \u00ab\u00a0suspendre imm\u00e9diatement\u00a0\u00bb - La Sentinelle<\/title>\n<meta name=\"robots\" content=\"index, follow, max-snippet:-1, max-image-preview:large, max-video-preview:-1\" \/>\n<link rel=\"canonical\" href=\"https:\/\/lasentinelle.dz\/index.php\/2024\/11\/20\/accord-commercial-agricole-ue-maroc-annule-par-la-cjue-le-syndicat-agricole-espagnol-exhorte-lue-a-le-suspendre-immediatement\/\" \/>\n<meta property=\"og:locale\" content=\"fr_FR\" \/>\n<meta property=\"og:type\" content=\"article\" \/>\n<meta property=\"og:title\" content=\"Accord commercial agricole UE\/Maroc annul\u00e9 par la CJUE : Le syndicat agricole espagnol exhorte l&rsquo;UE \u00e0 le \u00ab\u00a0suspendre imm\u00e9diatement\u00a0\u00bb - La Sentinelle\" \/>\n<meta property=\"og:description\" content=\"Le coordonnateur des organisations agraires et d&rsquo;\u00e9levage espagnols (COAG), Andr\u00e9s Gongora, a exhort\u00e9 l&rsquo;Union europ\u00e9enne (UE) \u00e0 \u00ab\u00a0suspendre imm\u00e9diatement\u00a0\u00bb l&rsquo;accord\" \/>\n<meta property=\"og:url\" content=\"https:\/\/lasentinelle.dz\/index.php\/2024\/11\/20\/accord-commercial-agricole-ue-maroc-annule-par-la-cjue-le-syndicat-agricole-espagnol-exhorte-lue-a-le-suspendre-immediatement\/\" \/>\n<meta property=\"og:site_name\" content=\"La Sentinelle\" \/>\n<meta property=\"article:publisher\" content=\"https:\/\/www.facebook.com\/La-Sentinelle-104059864394773\" \/>\n<meta property=\"article:published_time\" content=\"2024-11-20T21:16:29+00:00\" \/>\n<meta property=\"article:modified_time\" content=\"2024-11-20T21:16:30+00:00\" \/>\n<meta property=\"og:image\" content=\"https:\/\/lasentinelle.dz\/wp-content\/uploads\/2024\/10\/exploitation.jpg\" \/>\n\t<meta property=\"og:image:width\" content=\"745\" \/>\n\t<meta property=\"og:image:height\" content=\"470\" \/>\n\t<meta property=\"og:image:type\" content=\"image\/jpeg\" \/>\n<meta name=\"author\" content=\"admin\" \/>\n<meta name=\"twitter:card\" content=\"summary_large_image\" \/>\n<meta name=\"twitter:label1\" content=\"\u00c9crit par\" \/>\n\t<meta name=\"twitter:data1\" content=\"admin\" \/>\n\t<meta name=\"twitter:label2\" content=\"Dur\u00e9e de lecture estim\u00e9e\" \/>\n\t<meta name=\"twitter:data2\" content=\"4 minutes\" \/>\n<script type=\"application\/ld+json\" class=\"yoast-schema-graph\">{\"@context\":\"https:\\\/\\\/schema.org\",\"@graph\":[{\"@type\":\"Article\",\"@id\":\"https:\\\/\\\/lasentinelle.dz\\\/index.php\\\/2024\\\/11\\\/20\\\/accord-commercial-agricole-ue-maroc-annule-par-la-cjue-le-syndicat-agricole-espagnol-exhorte-lue-a-le-suspendre-immediatement\\\/#article\",\"isPartOf\":{\"@id\":\"https:\\\/\\\/lasentinelle.dz\\\/index.php\\\/2024\\\/11\\\/20\\\/accord-commercial-agricole-ue-maroc-annule-par-la-cjue-le-syndicat-agricole-espagnol-exhorte-lue-a-le-suspendre-immediatement\\\/\"},\"author\":{\"name\":\"admin\",\"@id\":\"https:\\\/\\\/lasentinelle.dz\\\/#\\\/schema\\\/person\\\/729ee0024f24e0b8c5ec17232f8e8b41\"},\"headline\":\"Accord commercial agricole UE\\\/Maroc annul\u00e9 par la CJUE : Le syndicat agricole espagnol exhorte l&rsquo;UE \u00e0 le \u00ab\u00a0suspendre imm\u00e9diatement\u00a0\u00bb\",\"datePublished\":\"2024-11-20T21:16:29+00:00\",\"dateModified\":\"2024-11-20T21:16:30+00:00\",\"mainEntityOfPage\":{\"@id\":\"https:\\\/\\\/lasentinelle.dz\\\/index.php\\\/2024\\\/11\\\/20\\\/accord-commercial-agricole-ue-maroc-annule-par-la-cjue-le-syndicat-agricole-espagnol-exhorte-lue-a-le-suspendre-immediatement\\\/\"},\"wordCount\":707,\"commentCount\":0,\"publisher\":{\"@id\":\"https:\\\/\\\/lasentinelle.dz\\\/#organization\"},\"image\":{\"@id\":\"https:\\\/\\\/lasentinelle.dz\\\/index.php\\\/2024\\\/11\\\/20\\\/accord-commercial-agricole-ue-maroc-annule-par-la-cjue-le-syndicat-agricole-espagnol-exhorte-lue-a-le-suspendre-immediatement\\\/#primaryimage\"},\"thumbnailUrl\":\"https:\\\/\\\/lasentinelle.dz\\\/wp-content\\\/uploads\\\/2024\\\/10\\\/exploitation.jpg\",\"articleSection\":[\"Monde\"],\"inLanguage\":\"fr-FR\",\"potentialAction\":[{\"@type\":\"CommentAction\",\"name\":\"Comment\",\"target\":[\"https:\\\/\\\/lasentinelle.dz\\\/index.php\\\/2024\\\/11\\\/20\\\/accord-commercial-agricole-ue-maroc-annule-par-la-cjue-le-syndicat-agricole-espagnol-exhorte-lue-a-le-suspendre-immediatement\\\/#respond\"]}]},{\"@type\":\"WebPage\",\"@id\":\"https:\\\/\\\/lasentinelle.dz\\\/index.php\\\/2024\\\/11\\\/20\\\/accord-commercial-agricole-ue-maroc-annule-par-la-cjue-le-syndicat-agricole-espagnol-exhorte-lue-a-le-suspendre-immediatement\\\/\",\"url\":\"https:\\\/\\\/lasentinelle.dz\\\/index.php\\\/2024\\\/11\\\/20\\\/accord-commercial-agricole-ue-maroc-annule-par-la-cjue-le-syndicat-agricole-espagnol-exhorte-lue-a-le-suspendre-immediatement\\\/\",\"name\":\"Accord commercial agricole UE\\\/Maroc annul\u00e9 par la CJUE : Le syndicat agricole espagnol exhorte l&rsquo;UE \u00e0 le \u00ab\u00a0suspendre imm\u00e9diatement\u00a0\u00bb - La Sentinelle\",\"isPartOf\":{\"@id\":\"https:\\\/\\\/lasentinelle.dz\\\/#website\"},\"primaryImageOfPage\":{\"@id\":\"https:\\\/\\\/lasentinelle.dz\\\/index.php\\\/2024\\\/11\\\/20\\\/accord-commercial-agricole-ue-maroc-annule-par-la-cjue-le-syndicat-agricole-espagnol-exhorte-lue-a-le-suspendre-immediatement\\\/#primaryimage\"},\"image\":{\"@id\":\"https:\\\/\\\/lasentinelle.dz\\\/index.php\\\/2024\\\/11\\\/20\\\/accord-commercial-agricole-ue-maroc-annule-par-la-cjue-le-syndicat-agricole-espagnol-exhorte-lue-a-le-suspendre-immediatement\\\/#primaryimage\"},\"thumbnailUrl\":\"https:\\\/\\\/lasentinelle.dz\\\/wp-content\\\/uploads\\\/2024\\\/10\\\/exploitation.jpg\",\"datePublished\":\"2024-11-20T21:16:29+00:00\",\"dateModified\":\"2024-11-20T21:16:30+00:00\",\"breadcrumb\":{\"@id\":\"https:\\\/\\\/lasentinelle.dz\\\/index.php\\\/2024\\\/11\\\/20\\\/accord-commercial-agricole-ue-maroc-annule-par-la-cjue-le-syndicat-agricole-espagnol-exhorte-lue-a-le-suspendre-immediatement\\\/#breadcrumb\"},\"inLanguage\":\"fr-FR\",\"potentialAction\":[{\"@type\":\"ReadAction\",\"target\":[\"https:\\\/\\\/lasentinelle.dz\\\/index.php\\\/2024\\\/11\\\/20\\\/accord-commercial-agricole-ue-maroc-annule-par-la-cjue-le-syndicat-agricole-espagnol-exhorte-lue-a-le-suspendre-immediatement\\\/\"]}]},{\"@type\":\"ImageObject\",\"inLanguage\":\"fr-FR\",\"@id\":\"https:\\\/\\\/lasentinelle.dz\\\/index.php\\\/2024\\\/11\\\/20\\\/accord-commercial-agricole-ue-maroc-annule-par-la-cjue-le-syndicat-agricole-espagnol-exhorte-lue-a-le-suspendre-immediatement\\\/#primaryimage\",\"url\":\"https:\\\/\\\/lasentinelle.dz\\\/wp-content\\\/uploads\\\/2024\\\/10\\\/exploitation.jpg\",\"contentUrl\":\"https:\\\/\\\/lasentinelle.dz\\\/wp-content\\\/uploads\\\/2024\\\/10\\\/exploitation.jpg\",\"width\":745,\"height\":470},{\"@type\":\"BreadcrumbList\",\"@id\":\"https:\\\/\\\/lasentinelle.dz\\\/index.php\\\/2024\\\/11\\\/20\\\/accord-commercial-agricole-ue-maroc-annule-par-la-cjue-le-syndicat-agricole-espagnol-exhorte-lue-a-le-suspendre-immediatement\\\/#breadcrumb\",\"itemListElement\":[{\"@type\":\"ListItem\",\"position\":1,\"name\":\"Accueil\",\"item\":\"https:\\\/\\\/lasentinelle.dz\\\/\"},{\"@type\":\"ListItem\",\"position\":2,\"name\":\"Accord commercial agricole UE\\\/Maroc annul\u00e9 par la CJUE : Le syndicat agricole espagnol exhorte l&rsquo;UE \u00e0 le \u00ab\u00a0suspendre imm\u00e9diatement\u00a0\u00bb\"}]},{\"@type\":\"WebSite\",\"@id\":\"https:\\\/\\\/lasentinelle.dz\\\/#website\",\"url\":\"https:\\\/\\\/lasentinelle.dz\\\/\",\"name\":\"La Sentinelle\",\"description\":\"Quotidien national d&#039;information\",\"publisher\":{\"@id\":\"https:\\\/\\\/lasentinelle.dz\\\/#organization\"},\"potentialAction\":[{\"@type\":\"SearchAction\",\"target\":{\"@type\":\"EntryPoint\",\"urlTemplate\":\"https:\\\/\\\/lasentinelle.dz\\\/?s={search_term_string}\"},\"query-input\":{\"@type\":\"PropertyValueSpecification\",\"valueRequired\":true,\"valueName\":\"search_term_string\"}}],\"inLanguage\":\"fr-FR\"},{\"@type\":\"Organization\",\"@id\":\"https:\\\/\\\/lasentinelle.dz\\\/#organization\",\"name\":\"Quotidien La Sentinelle\",\"url\":\"https:\\\/\\\/lasentinelle.dz\\\/\",\"logo\":{\"@type\":\"ImageObject\",\"inLanguage\":\"fr-FR\",\"@id\":\"https:\\\/\\\/lasentinelle.dz\\\/#\\\/schema\\\/logo\\\/image\\\/\",\"url\":\"https:\\\/\\\/lasentinelle.dz\\\/wp-content\\\/uploads\\\/2021\\\/09\\\/logo-sentinelleSLOGAN-1.png\",\"contentUrl\":\"https:\\\/\\\/lasentinelle.dz\\\/wp-content\\\/uploads\\\/2021\\\/09\\\/logo-sentinelleSLOGAN-1.png\",\"width\":615,\"height\":142,\"caption\":\"Quotidien La Sentinelle\"},\"image\":{\"@id\":\"https:\\\/\\\/lasentinelle.dz\\\/#\\\/schema\\\/logo\\\/image\\\/\"},\"sameAs\":[\"https:\\\/\\\/www.facebook.com\\\/La-Sentinelle-104059864394773\"]},{\"@type\":\"Person\",\"@id\":\"https:\\\/\\\/lasentinelle.dz\\\/#\\\/schema\\\/person\\\/729ee0024f24e0b8c5ec17232f8e8b41\",\"name\":\"admin\",\"image\":{\"@type\":\"ImageObject\",\"inLanguage\":\"fr-FR\",\"@id\":\"https:\\\/\\\/secure.gravatar.com\\\/avatar\\\/4c81fed838786e9b53f540bf46533e750f5d292099ae3b66cfc6fb1982e29df7?s=96&d=mm&r=g\",\"url\":\"https:\\\/\\\/secure.gravatar.com\\\/avatar\\\/4c81fed838786e9b53f540bf46533e750f5d292099ae3b66cfc6fb1982e29df7?s=96&d=mm&r=g\",\"contentUrl\":\"https:\\\/\\\/secure.gravatar.com\\\/avatar\\\/4c81fed838786e9b53f540bf46533e750f5d292099ae3b66cfc6fb1982e29df7?s=96&d=mm&r=g\",\"caption\":\"admin\"},\"description\":\"admin\",\"url\":\"https:\\\/\\\/lasentinelle.dz\\\/author\\\/admin\\\/\"}]}<\/script>\n<!-- \/ Yoast SEO plugin. -->","yoast_head_json":{"title":"Accord commercial agricole UE\/Maroc annul\u00e9 par la CJUE : Le syndicat agricole espagnol exhorte l&rsquo;UE \u00e0 le \u00ab\u00a0suspendre imm\u00e9diatement\u00a0\u00bb - La Sentinelle","robots":{"index":"index","follow":"follow","max-snippet":"max-snippet:-1","max-image-preview":"max-image-preview:large","max-video-preview":"max-video-preview:-1"},"canonical":"https:\/\/lasentinelle.dz\/index.php\/2024\/11\/20\/accord-commercial-agricole-ue-maroc-annule-par-la-cjue-le-syndicat-agricole-espagnol-exhorte-lue-a-le-suspendre-immediatement\/","og_locale":"fr_FR","og_type":"article","og_title":"Accord commercial agricole UE\/Maroc annul\u00e9 par la CJUE : Le syndicat agricole espagnol exhorte l&rsquo;UE \u00e0 le \u00ab\u00a0suspendre imm\u00e9diatement\u00a0\u00bb - La Sentinelle","og_description":"Le coordonnateur des organisations agraires et d&rsquo;\u00e9levage espagnols (COAG), Andr\u00e9s Gongora, a exhort\u00e9 l&rsquo;Union europ\u00e9enne (UE) \u00e0 \u00ab\u00a0suspendre imm\u00e9diatement\u00a0\u00bb l&rsquo;accord","og_url":"https:\/\/lasentinelle.dz\/index.php\/2024\/11\/20\/accord-commercial-agricole-ue-maroc-annule-par-la-cjue-le-syndicat-agricole-espagnol-exhorte-lue-a-le-suspendre-immediatement\/","og_site_name":"La Sentinelle","article_publisher":"https:\/\/www.facebook.com\/La-Sentinelle-104059864394773","article_published_time":"2024-11-20T21:16:29+00:00","article_modified_time":"2024-11-20T21:16:30+00:00","og_image":[{"width":745,"height":470,"url":"https:\/\/lasentinelle.dz\/wp-content\/uploads\/2024\/10\/exploitation.jpg","type":"image\/jpeg"}],"author":"admin","twitter_card":"summary_large_image","twitter_misc":{"\u00c9crit par":"admin","Dur\u00e9e de lecture estim\u00e9e":"4 minutes"},"schema":{"@context":"https:\/\/schema.org","@graph":[{"@type":"Article","@id":"https:\/\/lasentinelle.dz\/index.php\/2024\/11\/20\/accord-commercial-agricole-ue-maroc-annule-par-la-cjue-le-syndicat-agricole-espagnol-exhorte-lue-a-le-suspendre-immediatement\/#article","isPartOf":{"@id":"https:\/\/lasentinelle.dz\/index.php\/2024\/11\/20\/accord-commercial-agricole-ue-maroc-annule-par-la-cjue-le-syndicat-agricole-espagnol-exhorte-lue-a-le-suspendre-immediatement\/"},"author":{"name":"admin","@id":"https:\/\/lasentinelle.dz\/#\/schema\/person\/729ee0024f24e0b8c5ec17232f8e8b41"},"headline":"Accord commercial agricole UE\/Maroc annul\u00e9 par la CJUE : Le syndicat agricole espagnol exhorte l&rsquo;UE \u00e0 le \u00ab\u00a0suspendre imm\u00e9diatement\u00a0\u00bb","datePublished":"2024-11-20T21:16:29+00:00","dateModified":"2024-11-20T21:16:30+00:00","mainEntityOfPage":{"@id":"https:\/\/lasentinelle.dz\/index.php\/2024\/11\/20\/accord-commercial-agricole-ue-maroc-annule-par-la-cjue-le-syndicat-agricole-espagnol-exhorte-lue-a-le-suspendre-immediatement\/"},"wordCount":707,"commentCount":0,"publisher":{"@id":"https:\/\/lasentinelle.dz\/#organization"},"image":{"@id":"https:\/\/lasentinelle.dz\/index.php\/2024\/11\/20\/accord-commercial-agricole-ue-maroc-annule-par-la-cjue-le-syndicat-agricole-espagnol-exhorte-lue-a-le-suspendre-immediatement\/#primaryimage"},"thumbnailUrl":"https:\/\/lasentinelle.dz\/wp-content\/uploads\/2024\/10\/exploitation.jpg","articleSection":["Monde"],"inLanguage":"fr-FR","potentialAction":[{"@type":"CommentAction","name":"Comment","target":["https:\/\/lasentinelle.dz\/index.php\/2024\/11\/20\/accord-commercial-agricole-ue-maroc-annule-par-la-cjue-le-syndicat-agricole-espagnol-exhorte-lue-a-le-suspendre-immediatement\/#respond"]}]},{"@type":"WebPage","@id":"https:\/\/lasentinelle.dz\/index.php\/2024\/11\/20\/accord-commercial-agricole-ue-maroc-annule-par-la-cjue-le-syndicat-agricole-espagnol-exhorte-lue-a-le-suspendre-immediatement\/","url":"https:\/\/lasentinelle.dz\/index.php\/2024\/11\/20\/accord-commercial-agricole-ue-maroc-annule-par-la-cjue-le-syndicat-agricole-espagnol-exhorte-lue-a-le-suspendre-immediatement\/","name":"Accord commercial agricole UE\/Maroc annul\u00e9 par la CJUE : Le syndicat agricole espagnol exhorte l&rsquo;UE \u00e0 le \u00ab\u00a0suspendre imm\u00e9diatement\u00a0\u00bb - La Sentinelle","isPartOf":{"@id":"https:\/\/lasentinelle.dz\/#website"},"primaryImageOfPage":{"@id":"https:\/\/lasentinelle.dz\/index.php\/2024\/11\/20\/accord-commercial-agricole-ue-maroc-annule-par-la-cjue-le-syndicat-agricole-espagnol-exhorte-lue-a-le-suspendre-immediatement\/#primaryimage"},"image":{"@id":"https:\/\/lasentinelle.dz\/index.php\/2024\/11\/20\/accord-commercial-agricole-ue-maroc-annule-par-la-cjue-le-syndicat-agricole-espagnol-exhorte-lue-a-le-suspendre-immediatement\/#primaryimage"},"thumbnailUrl":"https:\/\/lasentinelle.dz\/wp-content\/uploads\/2024\/10\/exploitation.jpg","datePublished":"2024-11-20T21:16:29+00:00","dateModified":"2024-11-20T21:16:30+00:00","breadcrumb":{"@id":"https:\/\/lasentinelle.dz\/index.php\/2024\/11\/20\/accord-commercial-agricole-ue-maroc-annule-par-la-cjue-le-syndicat-agricole-espagnol-exhorte-lue-a-le-suspendre-immediatement\/#breadcrumb"},"inLanguage":"fr-FR","potentialAction":[{"@type":"ReadAction","target":["https:\/\/lasentinelle.dz\/index.php\/2024\/11\/20\/accord-commercial-agricole-ue-maroc-annule-par-la-cjue-le-syndicat-agricole-espagnol-exhorte-lue-a-le-suspendre-immediatement\/"]}]},{"@type":"ImageObject","inLanguage":"fr-FR","@id":"https:\/\/lasentinelle.dz\/index.php\/2024\/11\/20\/accord-commercial-agricole-ue-maroc-annule-par-la-cjue-le-syndicat-agricole-espagnol-exhorte-lue-a-le-suspendre-immediatement\/#primaryimage","url":"https:\/\/lasentinelle.dz\/wp-content\/uploads\/2024\/10\/exploitation.jpg","contentUrl":"https:\/\/lasentinelle.dz\/wp-content\/uploads\/2024\/10\/exploitation.jpg","width":745,"height":470},{"@type":"BreadcrumbList","@id":"https:\/\/lasentinelle.dz\/index.php\/2024\/11\/20\/accord-commercial-agricole-ue-maroc-annule-par-la-cjue-le-syndicat-agricole-espagnol-exhorte-lue-a-le-suspendre-immediatement\/#breadcrumb","itemListElement":[{"@type":"ListItem","position":1,"name":"Accueil","item":"https:\/\/lasentinelle.dz\/"},{"@type":"ListItem","position":2,"name":"Accord commercial agricole UE\/Maroc annul\u00e9 par la CJUE : Le syndicat agricole espagnol exhorte l&rsquo;UE \u00e0 le \u00ab\u00a0suspendre imm\u00e9diatement\u00a0\u00bb"}]},{"@type":"WebSite","@id":"https:\/\/lasentinelle.dz\/#website","url":"https:\/\/lasentinelle.dz\/","name":"La Sentinelle","description":"Quotidien national d&#039;information","publisher":{"@id":"https:\/\/lasentinelle.dz\/#organization"},"potentialAction":[{"@type":"SearchAction","target":{"@type":"EntryPoint","urlTemplate":"https:\/\/lasentinelle.dz\/?s={search_term_string}"},"query-input":{"@type":"PropertyValueSpecification","valueRequired":true,"valueName":"search_term_string"}}],"inLanguage":"fr-FR"},{"@type":"Organization","@id":"https:\/\/lasentinelle.dz\/#organization","name":"Quotidien La Sentinelle","url":"https:\/\/lasentinelle.dz\/","logo":{"@type":"ImageObject","inLanguage":"fr-FR","@id":"https:\/\/lasentinelle.dz\/#\/schema\/logo\/image\/","url":"https:\/\/lasentinelle.dz\/wp-content\/uploads\/2021\/09\/logo-sentinelleSLOGAN-1.png","contentUrl":"https:\/\/lasentinelle.dz\/wp-content\/uploads\/2021\/09\/logo-sentinelleSLOGAN-1.png","width":615,"height":142,"caption":"Quotidien La Sentinelle"},"image":{"@id":"https:\/\/lasentinelle.dz\/#\/schema\/logo\/image\/"},"sameAs":["https:\/\/www.facebook.com\/La-Sentinelle-104059864394773"]},{"@type":"Person","@id":"https:\/\/lasentinelle.dz\/#\/schema\/person\/729ee0024f24e0b8c5ec17232f8e8b41","name":"admin","image":{"@type":"ImageObject","inLanguage":"fr-FR","@id":"https:\/\/secure.gravatar.com\/avatar\/4c81fed838786e9b53f540bf46533e750f5d292099ae3b66cfc6fb1982e29df7?s=96&d=mm&r=g","url":"https:\/\/secure.gravatar.com\/avatar\/4c81fed838786e9b53f540bf46533e750f5d292099ae3b66cfc6fb1982e29df7?s=96&d=mm&r=g","contentUrl":"https:\/\/secure.gravatar.com\/avatar\/4c81fed838786e9b53f540bf46533e750f5d292099ae3b66cfc6fb1982e29df7?s=96&d=mm&r=g","caption":"admin"},"description":"admin","url":"https:\/\/lasentinelle.dz\/author\/admin\/"}]}},"_links":{"self":[{"href":"https:\/\/lasentinelle.dz\/index.php\/wp-json\/wp\/v2\/posts\/59613","targetHints":{"allow":["GET"]}}],"collection":[{"href":"https:\/\/lasentinelle.dz\/index.php\/wp-json\/wp\/v2\/posts"}],"about":[{"href":"https:\/\/lasentinelle.dz\/index.php\/wp-json\/wp\/v2\/types\/post"}],"author":[{"embeddable":true,"href":"https:\/\/lasentinelle.dz\/index.php\/wp-json\/wp\/v2\/users\/6"}],"replies":[{"embeddable":true,"href":"https:\/\/lasentinelle.dz\/index.php\/wp-json\/wp\/v2\/comments?post=59613"}],"version-history":[{"count":2,"href":"https:\/\/lasentinelle.dz\/index.php\/wp-json\/wp\/v2\/posts\/59613\/revisions"}],"predecessor-version":[{"id":59615,"href":"https:\/\/lasentinelle.dz\/index.php\/wp-json\/wp\/v2\/posts\/59613\/revisions\/59615"}],"wp:featuredmedia":[{"embeddable":true,"href":"https:\/\/lasentinelle.dz\/index.php\/wp-json\/wp\/v2\/media\/57946"}],"wp:attachment":[{"href":"https:\/\/lasentinelle.dz\/index.php\/wp-json\/wp\/v2\/media?parent=59613"}],"wp:term":[{"taxonomy":"category","embeddable":true,"href":"https:\/\/lasentinelle.dz\/index.php\/wp-json\/wp\/v2\/categories?post=59613"},{"taxonomy":"post_tag","embeddable":true,"href":"https:\/\/lasentinelle.dz\/index.php\/wp-json\/wp\/v2\/tags?post=59613"}],"curies":[{"name":"wp","href":"https:\/\/api.w.org\/{rel}","templated":true}]}}