{"id":59616,"date":"2024-11-20T22:17:16","date_gmt":"2024-11-20T21:17:16","guid":{"rendered":"https:\/\/lasentinelle.dz\/?p=59616"},"modified":"2024-11-20T22:17:16","modified_gmt":"2024-11-20T21:17:16","slug":"192e-anniversaire-de-la-premiere-allegeance-a-lemir-abdelkader-un-heritage-vivant-une-memoire-a-transmettre","status":"publish","type":"post","link":"https:\/\/lasentinelle.dz\/index.php\/2024\/11\/20\/192e-anniversaire-de-la-premiere-allegeance-a-lemir-abdelkader-un-heritage-vivant-une-memoire-a-transmettre\/","title":{"rendered":"192e anniversaire de la premi\u00e8re all\u00e9geance \u00e0 l&rsquo;\u00c9mir Abdelkader : Un h\u00e9ritage vivant, une m\u00e9moire \u00e0 transmettre"},"content":{"rendered":"\n<p>\u00c0 l&rsquo;approche du 192e anniversaire de la premi\u00e8re all\u00e9geance \u00e0 l&rsquo;\u00c9mir Abdelkader, \u00ab&nbsp;la Moubayaa&nbsp;\u00bb, et qui sera c\u00e9l\u00e9br\u00e9 comme chaque ann\u00e9e le 26 novembre, la wilaya de Mascara s&rsquo;appr\u00eate \u00e0 c\u00e9l\u00e9brer cette figure embl\u00e9matique qui d\u00e9passe largement le cadre historique. Bien plus qu&rsquo;un simple h\u00e9ros de la r\u00e9sistance, l&rsquo;\u00c9mir Abdelkader incarne l&rsquo;essence m\u00eame de la dignit\u00e9 nationale et la promesse d&rsquo;un \u00c9tat moderne.<\/p>\n\n\n\n<p>Le wali Fouad A\u00efssi a clairement trac\u00e9 la feuille de route des comm\u00e9morations : \u00ab\u00a0\u00c9laborer un programme culturel vari\u00e9, refl\u00e9tant l&rsquo;importance de cet \u00e9v\u00e9nement\u00a0\u00bb. Mais au-del\u00e0 des discours officiels, l&rsquo;enjeu est de faire vivre v\u00e9ritablement l&rsquo;h\u00e9ritage du p\u00e8re de l&rsquo;\u00c9tat alg\u00e9rien moderne. Cette ann\u00e9e, la c\u00e9l\u00e9bration prend une dimension particuli\u00e8re avec le lancement d&rsquo;un projet de r\u00e9habilitation du site historique de la Zmala, cette capitale mobile qui symbolise la r\u00e9silience et l&rsquo;adaptabilit\u00e9 de l&rsquo;\u00c9mir Abdelkader. La Zmala, qui a accueilli jusqu&rsquo;\u00e0 30 000 personnes devient un formidable r\u00e9cit de r\u00e9silience. Elle raconte non seulement la r\u00e9sistance militaire, mais aussi la capacit\u00e9 \u00e0 construire une communaut\u00e9, \u00e0 maintenir un projet politique dans les conditions les plus difficiles.<\/p>\n\n\n\n<p>Situ\u00e9e dans la commune de Sidi Kada, ce lieu charg\u00e9 d&rsquo;histoire va rena\u00eetre gr\u00e2ce \u00e0 un investissement de 30 millions de dinars, permettant de restaurer non seulement les infrastructures physiques, mais aussi la m\u00e9moire collective. Les travaux pr\u00e9vus sont r\u00e9v\u00e9lateurs de cette volont\u00e9 de transmission : restauration du mur d&rsquo;enceinte, r\u00e9novation du hammam ancien, traitement des oliviers historiques, cr\u00e9ation d&rsquo;espaces pour les enfants et zones d&rsquo;activit\u00e9s. Chaque pierre, chaque arbre raconte une partie de l&rsquo;histoire de l&rsquo;\u00c9mir Abdelkader. Mais la vraie force de cette comm\u00e9moration r\u00e9side dans sa capacit\u00e9 \u00e0 int\u00e9resser les jeunes g\u00e9n\u00e9rations. Trop souvent, les festivit\u00e9s historiques se cantonnent \u00e0 des expositions confidentielles et des rencontres acad\u00e9miques. Cette ann\u00e9e, l&rsquo;ambition est diff\u00e9rente : impliquer directement les \u00e9tablissements scolaires et universitaires. Les \u00e9l\u00e8ves ne doivent plus \u00eatre de simples spectateurs, mais des acteurs de cette m\u00e9moire. Des activit\u00e9s p\u00e9dagogiques sont imagin\u00e9es pour leur faire d\u00e9couvrir la vie et l&rsquo;\u0153uvre d&rsquo;Abdelkader, au-del\u00e0 des r\u00e9cits h\u00e9ro\u00efques. L&rsquo;universit\u00e9, lieu de savoir et de r\u00e9flexion critique, est invit\u00e9e \u00e0 approfondir les recherches, \u00e0 organiser des conf\u00e9rences qui mettent en lumi\u00e8re la complexit\u00e9 de ce personnage. Des sites symboliques seront mis \u00e0 l&rsquo;honneur : l&rsquo;arbre de Derdara \u00e0 Ghriss, o\u00f9 les tribus de l&rsquo;ouest ont pr\u00eat\u00e9 all\u00e9geance, le tribunal et le commandement militaire de Mascara. Ces lieux ne sont pas de simples vestiges, mais des t\u00e9moins vivants de l&rsquo;organisation \u00e9tatique imagin\u00e9e par l&rsquo;\u00c9mir Abdelkader.<\/p>\n\n\n\n<p>L\u2019\u00c9mir Abdelkader d\u00e9passe largement le statut de h\u00e9ros national. Diplomate avant l&rsquo;heure, strat\u00e8ge militaire, penseur politique, il a incarn\u00e9 des valeurs universelles de tol\u00e9rance, de dignit\u00e9 et de respect. Ses \u00e9crits, sa correspondance avec des figures internationales t\u00e9moignent d&rsquo;une ouverture d&rsquo;esprit remarquable pour son \u00e9poque. La comm\u00e9moration de cette ann\u00e9e ne doit pas \u00eatre un \u00e9ni\u00e8me exercice formel, mais une opportunit\u00e9 de r\u00e9interroger notre histoire, nos valeurs, notre capacit\u00e9 \u00e0 r\u00e9sister et \u00e0 construire. Pour les jeunes g\u00e9n\u00e9rations, l&rsquo;\u00c9mir Abdelkader ne doit pas \u00eatre une statue froide, mais un exemple vivant : un homme qui a su conjuguer r\u00e9sistance et ouverture, combat et humanisme, enracinement et universalit\u00e9. Sa vie est une le\u00e7on permanente de dignit\u00e9 et de courage. Le c\u00e9l\u00e9brer, c&rsquo;est faire vivre un h\u00e9ritage, transmettre une m\u00e9moire, mais surtout puiser dans son histoire les ressources pour construire le pr\u00e9sent et imaginer l&rsquo;avenir.<\/p>\n\n\n\n<p>Mohand Seghir<\/p>\n","protected":false},"excerpt":{"rendered":"<p>\u00c0 l&rsquo;approche du 192e anniversaire de la premi\u00e8re all\u00e9geance \u00e0 l&rsquo;\u00c9mir Abdelkader, \u00ab&nbsp;la Moubayaa&nbsp;\u00bb, et qui sera c\u00e9l\u00e9br\u00e9 comme chaque<\/p>\n","protected":false},"author":6,"featured_media":14057,"comment_status":"open","ping_status":"closed","sticky":false,"template":"","format":"standard","meta":{"colormag_page_container_layout":"default_layout","colormag_page_sidebar_layout":"default_layout","om_disable_all_campaigns":false,"_monsterinsights_skip_tracking":false,"_monsterinsights_sitenote_active":false,"_monsterinsights_sitenote_note":"","_monsterinsights_sitenote_category":0,"footnotes":"","_wpscppro_dont_share_socialmedia":false,"_wpscppro_custom_social_share_image":0,"_facebook_share_type":"default","_twitter_share_type":"default","_linkedin_share_type":"default","_pinterest_share_type":"default","_linkedin_share_type_page":"","_instagram_share_type":"default","_medium_share_type":"default","_threads_share_type":"","_google_business_share_type":"","_selected_social_profile":[],"_wpsp_enable_custom_social_template":false,"_wpsp_social_scheduling":{"enabled":false,"datetime":null,"platforms":[],"status":"template_only","dateOption":"today","timeOption":"now","customDays":"","customHours":"","customDate":"","customTime":"","schedulingType":"absolute"},"_wpsp_active_default_template":true},"categories":[36],"tags":[],"class_list":["post-59616","post","type-post","status-publish","format-standard","has-post-thumbnail","hentry","category-culture"],"aioseo_notices":[],"yoast_head":"<!-- This site is optimized with the Yoast SEO plugin v27.5 - https:\/\/yoast.com\/product\/yoast-seo-wordpress\/ -->\n<title>192e anniversaire de la premi\u00e8re all\u00e9geance \u00e0 l&rsquo;\u00c9mir Abdelkader : Un h\u00e9ritage vivant, une m\u00e9moire \u00e0 transmettre - La Sentinelle<\/title>\n<meta name=\"robots\" content=\"index, follow, max-snippet:-1, max-image-preview:large, max-video-preview:-1\" \/>\n<link rel=\"canonical\" href=\"https:\/\/lasentinelle.dz\/index.php\/2024\/11\/20\/192e-anniversaire-de-la-premiere-allegeance-a-lemir-abdelkader-un-heritage-vivant-une-memoire-a-transmettre\/\" \/>\n<meta property=\"og:locale\" content=\"fr_FR\" \/>\n<meta property=\"og:type\" content=\"article\" \/>\n<meta property=\"og:title\" content=\"192e anniversaire de la premi\u00e8re all\u00e9geance \u00e0 l&rsquo;\u00c9mir Abdelkader : Un h\u00e9ritage vivant, une m\u00e9moire \u00e0 transmettre - La Sentinelle\" \/>\n<meta property=\"og:description\" content=\"\u00c0 l&rsquo;approche du 192e anniversaire de la premi\u00e8re all\u00e9geance \u00e0 l&rsquo;\u00c9mir Abdelkader, \u00ab&nbsp;la Moubayaa&nbsp;\u00bb, et qui sera c\u00e9l\u00e9br\u00e9 comme chaque\" \/>\n<meta property=\"og:url\" content=\"https:\/\/lasentinelle.dz\/index.php\/2024\/11\/20\/192e-anniversaire-de-la-premiere-allegeance-a-lemir-abdelkader-un-heritage-vivant-une-memoire-a-transmettre\/\" \/>\n<meta property=\"og:site_name\" content=\"La Sentinelle\" \/>\n<meta property=\"article:publisher\" content=\"https:\/\/www.facebook.com\/La-Sentinelle-104059864394773\" \/>\n<meta property=\"article:published_time\" content=\"2024-11-20T21:17:16+00:00\" \/>\n<meta property=\"og:image\" content=\"https:\/\/lasentinelle.dz\/wp-content\/uploads\/2021\/11\/Abdelkader.gif\" \/>\n\t<meta property=\"og:image:width\" content=\"468\" \/>\n\t<meta property=\"og:image:height\" content=\"263\" \/>\n\t<meta property=\"og:image:type\" content=\"image\/gif\" \/>\n<meta name=\"author\" content=\"admin\" \/>\n<meta name=\"twitter:card\" content=\"summary_large_image\" \/>\n<meta name=\"twitter:label1\" content=\"\u00c9crit par\" \/>\n\t<meta name=\"twitter:data1\" content=\"admin\" \/>\n\t<meta name=\"twitter:label2\" content=\"Dur\u00e9e de lecture estim\u00e9e\" \/>\n\t<meta name=\"twitter:data2\" content=\"4 minutes\" \/>\n<script type=\"application\/ld+json\" class=\"yoast-schema-graph\">{\"@context\":\"https:\\\/\\\/schema.org\",\"@graph\":[{\"@type\":\"Article\",\"@id\":\"https:\\\/\\\/lasentinelle.dz\\\/index.php\\\/2024\\\/11\\\/20\\\/192e-anniversaire-de-la-premiere-allegeance-a-lemir-abdelkader-un-heritage-vivant-une-memoire-a-transmettre\\\/#article\",\"isPartOf\":{\"@id\":\"https:\\\/\\\/lasentinelle.dz\\\/index.php\\\/2024\\\/11\\\/20\\\/192e-anniversaire-de-la-premiere-allegeance-a-lemir-abdelkader-un-heritage-vivant-une-memoire-a-transmettre\\\/\"},\"author\":{\"name\":\"admin\",\"@id\":\"https:\\\/\\\/lasentinelle.dz\\\/#\\\/schema\\\/person\\\/729ee0024f24e0b8c5ec17232f8e8b41\"},\"headline\":\"192e anniversaire de la premi\u00e8re all\u00e9geance \u00e0 l&rsquo;\u00c9mir Abdelkader : Un h\u00e9ritage vivant, une m\u00e9moire \u00e0 transmettre\",\"datePublished\":\"2024-11-20T21:17:16+00:00\",\"mainEntityOfPage\":{\"@id\":\"https:\\\/\\\/lasentinelle.dz\\\/index.php\\\/2024\\\/11\\\/20\\\/192e-anniversaire-de-la-premiere-allegeance-a-lemir-abdelkader-un-heritage-vivant-une-memoire-a-transmettre\\\/\"},\"wordCount\":674,\"commentCount\":0,\"publisher\":{\"@id\":\"https:\\\/\\\/lasentinelle.dz\\\/#organization\"},\"image\":{\"@id\":\"https:\\\/\\\/lasentinelle.dz\\\/index.php\\\/2024\\\/11\\\/20\\\/192e-anniversaire-de-la-premiere-allegeance-a-lemir-abdelkader-un-heritage-vivant-une-memoire-a-transmettre\\\/#primaryimage\"},\"thumbnailUrl\":\"https:\\\/\\\/lasentinelle.dz\\\/wp-content\\\/uploads\\\/2021\\\/11\\\/Abdelkader.gif\",\"articleSection\":[\"Culture\"],\"inLanguage\":\"fr-FR\",\"potentialAction\":[{\"@type\":\"CommentAction\",\"name\":\"Comment\",\"target\":[\"https:\\\/\\\/lasentinelle.dz\\\/index.php\\\/2024\\\/11\\\/20\\\/192e-anniversaire-de-la-premiere-allegeance-a-lemir-abdelkader-un-heritage-vivant-une-memoire-a-transmettre\\\/#respond\"]}]},{\"@type\":\"WebPage\",\"@id\":\"https:\\\/\\\/lasentinelle.dz\\\/index.php\\\/2024\\\/11\\\/20\\\/192e-anniversaire-de-la-premiere-allegeance-a-lemir-abdelkader-un-heritage-vivant-une-memoire-a-transmettre\\\/\",\"url\":\"https:\\\/\\\/lasentinelle.dz\\\/index.php\\\/2024\\\/11\\\/20\\\/192e-anniversaire-de-la-premiere-allegeance-a-lemir-abdelkader-un-heritage-vivant-une-memoire-a-transmettre\\\/\",\"name\":\"192e anniversaire de la premi\u00e8re all\u00e9geance \u00e0 l&rsquo;\u00c9mir Abdelkader : Un h\u00e9ritage vivant, une m\u00e9moire \u00e0 transmettre - La Sentinelle\",\"isPartOf\":{\"@id\":\"https:\\\/\\\/lasentinelle.dz\\\/#website\"},\"primaryImageOfPage\":{\"@id\":\"https:\\\/\\\/lasentinelle.dz\\\/index.php\\\/2024\\\/11\\\/20\\\/192e-anniversaire-de-la-premiere-allegeance-a-lemir-abdelkader-un-heritage-vivant-une-memoire-a-transmettre\\\/#primaryimage\"},\"image\":{\"@id\":\"https:\\\/\\\/lasentinelle.dz\\\/index.php\\\/2024\\\/11\\\/20\\\/192e-anniversaire-de-la-premiere-allegeance-a-lemir-abdelkader-un-heritage-vivant-une-memoire-a-transmettre\\\/#primaryimage\"},\"thumbnailUrl\":\"https:\\\/\\\/lasentinelle.dz\\\/wp-content\\\/uploads\\\/2021\\\/11\\\/Abdelkader.gif\",\"datePublished\":\"2024-11-20T21:17:16+00:00\",\"breadcrumb\":{\"@id\":\"https:\\\/\\\/lasentinelle.dz\\\/index.php\\\/2024\\\/11\\\/20\\\/192e-anniversaire-de-la-premiere-allegeance-a-lemir-abdelkader-un-heritage-vivant-une-memoire-a-transmettre\\\/#breadcrumb\"},\"inLanguage\":\"fr-FR\",\"potentialAction\":[{\"@type\":\"ReadAction\",\"target\":[\"https:\\\/\\\/lasentinelle.dz\\\/index.php\\\/2024\\\/11\\\/20\\\/192e-anniversaire-de-la-premiere-allegeance-a-lemir-abdelkader-un-heritage-vivant-une-memoire-a-transmettre\\\/\"]}]},{\"@type\":\"ImageObject\",\"inLanguage\":\"fr-FR\",\"@id\":\"https:\\\/\\\/lasentinelle.dz\\\/index.php\\\/2024\\\/11\\\/20\\\/192e-anniversaire-de-la-premiere-allegeance-a-lemir-abdelkader-un-heritage-vivant-une-memoire-a-transmettre\\\/#primaryimage\",\"url\":\"https:\\\/\\\/lasentinelle.dz\\\/wp-content\\\/uploads\\\/2021\\\/11\\\/Abdelkader.gif\",\"contentUrl\":\"https:\\\/\\\/lasentinelle.dz\\\/wp-content\\\/uploads\\\/2021\\\/11\\\/Abdelkader.gif\",\"width\":468,\"height\":263},{\"@type\":\"BreadcrumbList\",\"@id\":\"https:\\\/\\\/lasentinelle.dz\\\/index.php\\\/2024\\\/11\\\/20\\\/192e-anniversaire-de-la-premiere-allegeance-a-lemir-abdelkader-un-heritage-vivant-une-memoire-a-transmettre\\\/#breadcrumb\",\"itemListElement\":[{\"@type\":\"ListItem\",\"position\":1,\"name\":\"Accueil\",\"item\":\"https:\\\/\\\/lasentinelle.dz\\\/\"},{\"@type\":\"ListItem\",\"position\":2,\"name\":\"192e anniversaire de la premi\u00e8re all\u00e9geance \u00e0 l&rsquo;\u00c9mir Abdelkader : Un h\u00e9ritage vivant, une m\u00e9moire \u00e0 transmettre\"}]},{\"@type\":\"WebSite\",\"@id\":\"https:\\\/\\\/lasentinelle.dz\\\/#website\",\"url\":\"https:\\\/\\\/lasentinelle.dz\\\/\",\"name\":\"La Sentinelle\",\"description\":\"Quotidien national d&#039;information\",\"publisher\":{\"@id\":\"https:\\\/\\\/lasentinelle.dz\\\/#organization\"},\"potentialAction\":[{\"@type\":\"SearchAction\",\"target\":{\"@type\":\"EntryPoint\",\"urlTemplate\":\"https:\\\/\\\/lasentinelle.dz\\\/?s={search_term_string}\"},\"query-input\":{\"@type\":\"PropertyValueSpecification\",\"valueRequired\":true,\"valueName\":\"search_term_string\"}}],\"inLanguage\":\"fr-FR\"},{\"@type\":\"Organization\",\"@id\":\"https:\\\/\\\/lasentinelle.dz\\\/#organization\",\"name\":\"Quotidien La Sentinelle\",\"url\":\"https:\\\/\\\/lasentinelle.dz\\\/\",\"logo\":{\"@type\":\"ImageObject\",\"inLanguage\":\"fr-FR\",\"@id\":\"https:\\\/\\\/lasentinelle.dz\\\/#\\\/schema\\\/logo\\\/image\\\/\",\"url\":\"https:\\\/\\\/lasentinelle.dz\\\/wp-content\\\/uploads\\\/2021\\\/09\\\/logo-sentinelleSLOGAN-1.png\",\"contentUrl\":\"https:\\\/\\\/lasentinelle.dz\\\/wp-content\\\/uploads\\\/2021\\\/09\\\/logo-sentinelleSLOGAN-1.png\",\"width\":615,\"height\":142,\"caption\":\"Quotidien La Sentinelle\"},\"image\":{\"@id\":\"https:\\\/\\\/lasentinelle.dz\\\/#\\\/schema\\\/logo\\\/image\\\/\"},\"sameAs\":[\"https:\\\/\\\/www.facebook.com\\\/La-Sentinelle-104059864394773\"]},{\"@type\":\"Person\",\"@id\":\"https:\\\/\\\/lasentinelle.dz\\\/#\\\/schema\\\/person\\\/729ee0024f24e0b8c5ec17232f8e8b41\",\"name\":\"admin\",\"image\":{\"@type\":\"ImageObject\",\"inLanguage\":\"fr-FR\",\"@id\":\"https:\\\/\\\/secure.gravatar.com\\\/avatar\\\/4c81fed838786e9b53f540bf46533e750f5d292099ae3b66cfc6fb1982e29df7?s=96&d=mm&r=g\",\"url\":\"https:\\\/\\\/secure.gravatar.com\\\/avatar\\\/4c81fed838786e9b53f540bf46533e750f5d292099ae3b66cfc6fb1982e29df7?s=96&d=mm&r=g\",\"contentUrl\":\"https:\\\/\\\/secure.gravatar.com\\\/avatar\\\/4c81fed838786e9b53f540bf46533e750f5d292099ae3b66cfc6fb1982e29df7?s=96&d=mm&r=g\",\"caption\":\"admin\"},\"description\":\"admin\",\"url\":\"https:\\\/\\\/lasentinelle.dz\\\/author\\\/admin\\\/\"}]}<\/script>\n<!-- \/ Yoast SEO plugin. -->","yoast_head_json":{"title":"192e anniversaire de la premi\u00e8re all\u00e9geance \u00e0 l&rsquo;\u00c9mir Abdelkader : Un h\u00e9ritage vivant, une m\u00e9moire \u00e0 transmettre - La Sentinelle","robots":{"index":"index","follow":"follow","max-snippet":"max-snippet:-1","max-image-preview":"max-image-preview:large","max-video-preview":"max-video-preview:-1"},"canonical":"https:\/\/lasentinelle.dz\/index.php\/2024\/11\/20\/192e-anniversaire-de-la-premiere-allegeance-a-lemir-abdelkader-un-heritage-vivant-une-memoire-a-transmettre\/","og_locale":"fr_FR","og_type":"article","og_title":"192e anniversaire de la premi\u00e8re all\u00e9geance \u00e0 l&rsquo;\u00c9mir Abdelkader : Un h\u00e9ritage vivant, une m\u00e9moire \u00e0 transmettre - La Sentinelle","og_description":"\u00c0 l&rsquo;approche du 192e anniversaire de la premi\u00e8re all\u00e9geance \u00e0 l&rsquo;\u00c9mir Abdelkader, \u00ab&nbsp;la Moubayaa&nbsp;\u00bb, et qui sera c\u00e9l\u00e9br\u00e9 comme chaque","og_url":"https:\/\/lasentinelle.dz\/index.php\/2024\/11\/20\/192e-anniversaire-de-la-premiere-allegeance-a-lemir-abdelkader-un-heritage-vivant-une-memoire-a-transmettre\/","og_site_name":"La Sentinelle","article_publisher":"https:\/\/www.facebook.com\/La-Sentinelle-104059864394773","article_published_time":"2024-11-20T21:17:16+00:00","og_image":[{"width":468,"height":263,"url":"https:\/\/lasentinelle.dz\/wp-content\/uploads\/2021\/11\/Abdelkader.gif","type":"image\/gif"}],"author":"admin","twitter_card":"summary_large_image","twitter_misc":{"\u00c9crit par":"admin","Dur\u00e9e de lecture estim\u00e9e":"4 minutes"},"schema":{"@context":"https:\/\/schema.org","@graph":[{"@type":"Article","@id":"https:\/\/lasentinelle.dz\/index.php\/2024\/11\/20\/192e-anniversaire-de-la-premiere-allegeance-a-lemir-abdelkader-un-heritage-vivant-une-memoire-a-transmettre\/#article","isPartOf":{"@id":"https:\/\/lasentinelle.dz\/index.php\/2024\/11\/20\/192e-anniversaire-de-la-premiere-allegeance-a-lemir-abdelkader-un-heritage-vivant-une-memoire-a-transmettre\/"},"author":{"name":"admin","@id":"https:\/\/lasentinelle.dz\/#\/schema\/person\/729ee0024f24e0b8c5ec17232f8e8b41"},"headline":"192e anniversaire de la premi\u00e8re all\u00e9geance \u00e0 l&rsquo;\u00c9mir Abdelkader : Un h\u00e9ritage vivant, une m\u00e9moire \u00e0 transmettre","datePublished":"2024-11-20T21:17:16+00:00","mainEntityOfPage":{"@id":"https:\/\/lasentinelle.dz\/index.php\/2024\/11\/20\/192e-anniversaire-de-la-premiere-allegeance-a-lemir-abdelkader-un-heritage-vivant-une-memoire-a-transmettre\/"},"wordCount":674,"commentCount":0,"publisher":{"@id":"https:\/\/lasentinelle.dz\/#organization"},"image":{"@id":"https:\/\/lasentinelle.dz\/index.php\/2024\/11\/20\/192e-anniversaire-de-la-premiere-allegeance-a-lemir-abdelkader-un-heritage-vivant-une-memoire-a-transmettre\/#primaryimage"},"thumbnailUrl":"https:\/\/lasentinelle.dz\/wp-content\/uploads\/2021\/11\/Abdelkader.gif","articleSection":["Culture"],"inLanguage":"fr-FR","potentialAction":[{"@type":"CommentAction","name":"Comment","target":["https:\/\/lasentinelle.dz\/index.php\/2024\/11\/20\/192e-anniversaire-de-la-premiere-allegeance-a-lemir-abdelkader-un-heritage-vivant-une-memoire-a-transmettre\/#respond"]}]},{"@type":"WebPage","@id":"https:\/\/lasentinelle.dz\/index.php\/2024\/11\/20\/192e-anniversaire-de-la-premiere-allegeance-a-lemir-abdelkader-un-heritage-vivant-une-memoire-a-transmettre\/","url":"https:\/\/lasentinelle.dz\/index.php\/2024\/11\/20\/192e-anniversaire-de-la-premiere-allegeance-a-lemir-abdelkader-un-heritage-vivant-une-memoire-a-transmettre\/","name":"192e anniversaire de la premi\u00e8re all\u00e9geance \u00e0 l&rsquo;\u00c9mir Abdelkader : Un h\u00e9ritage vivant, une m\u00e9moire \u00e0 transmettre - La Sentinelle","isPartOf":{"@id":"https:\/\/lasentinelle.dz\/#website"},"primaryImageOfPage":{"@id":"https:\/\/lasentinelle.dz\/index.php\/2024\/11\/20\/192e-anniversaire-de-la-premiere-allegeance-a-lemir-abdelkader-un-heritage-vivant-une-memoire-a-transmettre\/#primaryimage"},"image":{"@id":"https:\/\/lasentinelle.dz\/index.php\/2024\/11\/20\/192e-anniversaire-de-la-premiere-allegeance-a-lemir-abdelkader-un-heritage-vivant-une-memoire-a-transmettre\/#primaryimage"},"thumbnailUrl":"https:\/\/lasentinelle.dz\/wp-content\/uploads\/2021\/11\/Abdelkader.gif","datePublished":"2024-11-20T21:17:16+00:00","breadcrumb":{"@id":"https:\/\/lasentinelle.dz\/index.php\/2024\/11\/20\/192e-anniversaire-de-la-premiere-allegeance-a-lemir-abdelkader-un-heritage-vivant-une-memoire-a-transmettre\/#breadcrumb"},"inLanguage":"fr-FR","potentialAction":[{"@type":"ReadAction","target":["https:\/\/lasentinelle.dz\/index.php\/2024\/11\/20\/192e-anniversaire-de-la-premiere-allegeance-a-lemir-abdelkader-un-heritage-vivant-une-memoire-a-transmettre\/"]}]},{"@type":"ImageObject","inLanguage":"fr-FR","@id":"https:\/\/lasentinelle.dz\/index.php\/2024\/11\/20\/192e-anniversaire-de-la-premiere-allegeance-a-lemir-abdelkader-un-heritage-vivant-une-memoire-a-transmettre\/#primaryimage","url":"https:\/\/lasentinelle.dz\/wp-content\/uploads\/2021\/11\/Abdelkader.gif","contentUrl":"https:\/\/lasentinelle.dz\/wp-content\/uploads\/2021\/11\/Abdelkader.gif","width":468,"height":263},{"@type":"BreadcrumbList","@id":"https:\/\/lasentinelle.dz\/index.php\/2024\/11\/20\/192e-anniversaire-de-la-premiere-allegeance-a-lemir-abdelkader-un-heritage-vivant-une-memoire-a-transmettre\/#breadcrumb","itemListElement":[{"@type":"ListItem","position":1,"name":"Accueil","item":"https:\/\/lasentinelle.dz\/"},{"@type":"ListItem","position":2,"name":"192e anniversaire de la premi\u00e8re all\u00e9geance \u00e0 l&rsquo;\u00c9mir Abdelkader : Un h\u00e9ritage vivant, une m\u00e9moire \u00e0 transmettre"}]},{"@type":"WebSite","@id":"https:\/\/lasentinelle.dz\/#website","url":"https:\/\/lasentinelle.dz\/","name":"La Sentinelle","description":"Quotidien national d&#039;information","publisher":{"@id":"https:\/\/lasentinelle.dz\/#organization"},"potentialAction":[{"@type":"SearchAction","target":{"@type":"EntryPoint","urlTemplate":"https:\/\/lasentinelle.dz\/?s={search_term_string}"},"query-input":{"@type":"PropertyValueSpecification","valueRequired":true,"valueName":"search_term_string"}}],"inLanguage":"fr-FR"},{"@type":"Organization","@id":"https:\/\/lasentinelle.dz\/#organization","name":"Quotidien La Sentinelle","url":"https:\/\/lasentinelle.dz\/","logo":{"@type":"ImageObject","inLanguage":"fr-FR","@id":"https:\/\/lasentinelle.dz\/#\/schema\/logo\/image\/","url":"https:\/\/lasentinelle.dz\/wp-content\/uploads\/2021\/09\/logo-sentinelleSLOGAN-1.png","contentUrl":"https:\/\/lasentinelle.dz\/wp-content\/uploads\/2021\/09\/logo-sentinelleSLOGAN-1.png","width":615,"height":142,"caption":"Quotidien La Sentinelle"},"image":{"@id":"https:\/\/lasentinelle.dz\/#\/schema\/logo\/image\/"},"sameAs":["https:\/\/www.facebook.com\/La-Sentinelle-104059864394773"]},{"@type":"Person","@id":"https:\/\/lasentinelle.dz\/#\/schema\/person\/729ee0024f24e0b8c5ec17232f8e8b41","name":"admin","image":{"@type":"ImageObject","inLanguage":"fr-FR","@id":"https:\/\/secure.gravatar.com\/avatar\/4c81fed838786e9b53f540bf46533e750f5d292099ae3b66cfc6fb1982e29df7?s=96&d=mm&r=g","url":"https:\/\/secure.gravatar.com\/avatar\/4c81fed838786e9b53f540bf46533e750f5d292099ae3b66cfc6fb1982e29df7?s=96&d=mm&r=g","contentUrl":"https:\/\/secure.gravatar.com\/avatar\/4c81fed838786e9b53f540bf46533e750f5d292099ae3b66cfc6fb1982e29df7?s=96&d=mm&r=g","caption":"admin"},"description":"admin","url":"https:\/\/lasentinelle.dz\/author\/admin\/"}]}},"_links":{"self":[{"href":"https:\/\/lasentinelle.dz\/index.php\/wp-json\/wp\/v2\/posts\/59616","targetHints":{"allow":["GET"]}}],"collection":[{"href":"https:\/\/lasentinelle.dz\/index.php\/wp-json\/wp\/v2\/posts"}],"about":[{"href":"https:\/\/lasentinelle.dz\/index.php\/wp-json\/wp\/v2\/types\/post"}],"author":[{"embeddable":true,"href":"https:\/\/lasentinelle.dz\/index.php\/wp-json\/wp\/v2\/users\/6"}],"replies":[{"embeddable":true,"href":"https:\/\/lasentinelle.dz\/index.php\/wp-json\/wp\/v2\/comments?post=59616"}],"version-history":[{"count":2,"href":"https:\/\/lasentinelle.dz\/index.php\/wp-json\/wp\/v2\/posts\/59616\/revisions"}],"predecessor-version":[{"id":59618,"href":"https:\/\/lasentinelle.dz\/index.php\/wp-json\/wp\/v2\/posts\/59616\/revisions\/59618"}],"wp:featuredmedia":[{"embeddable":true,"href":"https:\/\/lasentinelle.dz\/index.php\/wp-json\/wp\/v2\/media\/14057"}],"wp:attachment":[{"href":"https:\/\/lasentinelle.dz\/index.php\/wp-json\/wp\/v2\/media?parent=59616"}],"wp:term":[{"taxonomy":"category","embeddable":true,"href":"https:\/\/lasentinelle.dz\/index.php\/wp-json\/wp\/v2\/categories?post=59616"},{"taxonomy":"post_tag","embeddable":true,"href":"https:\/\/lasentinelle.dz\/index.php\/wp-json\/wp\/v2\/tags?post=59616"}],"curies":[{"name":"wp","href":"https:\/\/api.w.org\/{rel}","templated":true}]}}