{"id":5963,"date":"2021-08-31T00:01:00","date_gmt":"2021-08-30T23:01:00","guid":{"rendered":"https:\/\/lasentinelle.dz\/?p=5963"},"modified":"2021-08-30T18:26:31","modified_gmt":"2021-08-30T17:26:31","slug":"reunion-de-lopep-le-maintien-de-la-production-au-menu","status":"publish","type":"post","link":"https:\/\/lasentinelle.dz\/index.php\/2021\/08\/31\/reunion-de-lopep-le-maintien-de-la-production-au-menu\/","title":{"rendered":"R\u00e9union de l&rsquo;OPEP+ : Le maintien de la production au menu"},"content":{"rendered":"\n<p>L&rsquo;Organisation des pays exportateurs de p\u00e9trole et ses alli\u00e9s, parmi lesquels la Russie, se r\u00e9uniront, demain, pour discuter de l&rsquo;augmentation de 400.000 barils par jour (bpj) convenue pr\u00e9c\u00e9demment pour les mois \u00e0 venir. Selon des sp\u00e9cialistes cit\u00e9s par l&rsquo;agence Reuters, l&rsquo;Opep+ devrait opter pour le statu quo lors de sa r\u00e9union de mercredi en confirmant la l\u00e9g\u00e8re augmentation de production pr\u00e9vue \u00e0 partir du mois de septembre prochain, m\u00eame si \u00ab\u00a0l&rsquo;administration Biden avait exhort\u00e9 il y a trois semaines l&rsquo;OPEP+ \u00e0 accro\u00eetre davantage leur production de p\u00e9trole afin de contrer la hausse des prix, per\u00e7ue comme une menace \u00e0 la reprise \u00e9conomique mondiale\u00a0\u00bb. Ceci dit, des sources au sein de l\u2019alliance ont soulign\u00e9 que la hausse r\u00e9cente des cours \u00e9tait provisoire, principalement due aux perturbations de l&rsquo;offre au Mexique et au passage de l&rsquo;ouragan Ida dans le golfe du Mexique, ajoutant au passage que \u00a0\u00bb les prix actuels du p\u00e9trole autour de 70 dollars sont corrects. L&rsquo;OPEP+ va probablement rester sur sa d\u00e9cision d&rsquo;augmenter de 400.000 bpj la production\u00a0\u00bb.&nbsp; Par ailleurs, le ministre kowe\u00eftien du P\u00e9trole, Mohammad al-Fares&nbsp; a d\u00e9clar\u00e9 dimanche \u00e0 Reuters que l&rsquo;OPEP+ discuterait cette semaine de la n\u00e9cessit\u00e9 de maintenir l&rsquo;augmentation pr\u00e9vue ou de la suspendre, ajoutant que certains pays d&rsquo;Asie, parmi lesquels la Chine, \u00e9taient toujours affect\u00e9s par la pand\u00e9mie de COVID-19 et qu&rsquo;il fallait faire preuve de prudence. Il a fait savoir par la suite \u00e0 l&rsquo;agence de presse KUNA que le Kowe\u00eft soutenait toute d\u00e9cision prise par les ministres de l&rsquo;OPEP+ sur la base d&rsquo;un consensus. Divis\u00e9s au d\u00e9but de l&rsquo;\u00e9t\u00e9, les 23 producteurs du p\u00e9trole du groupe Opep+ ont su trouver la voie du compromis et t\u00e2cheront de ne pas s&rsquo;en \u00e9loigner malgr\u00e9 la pression am\u00e9ricaine. Si les tractations ont commenc\u00e9 en coulisses entre les membres de l&rsquo;Organisation des pays exportateurs de p\u00e9trole (OPEP) et leurs dix alli\u00e9s, \u00ab\u00a0aucune d\u00e9cision n&rsquo;a \u00e9t\u00e9 prise\u00a0\u00bb, a averti ,dimanche dernier, le ministre du P\u00e9trole du Kowe\u00eft Mohammed Al-Fares, cit\u00e9 par l&rsquo;agence officielle Kuna, assurant que \u00ab\u00a0toutes les options\u00a0\u00bb \u00e9taient sur la table. Parmi elles, le maintien de la politique actuelle, qui consiste \u00e0 rouvrir tr\u00e8s progressivement le robinet apr\u00e8s les drastiques coupes d\u00e9cid\u00e9es au printemps 2020 pour soutenir le march\u00e9 face \u00e0 la pand\u00e9mie de coronavirus. Depuis d\u00e9but ao\u00fbt, le cartel augmente la production chaque mois de 400.000 barils par jour, avec pour objectif \u00e0 terme de remettre dans les tuyaux les 5,4 millions de barils quotidiens qu&rsquo;il laisse encore sous terre. A priori la r\u00e9union devrait \u00eatre sans surprise apr\u00e8s le psychodrame de juillet: les Emirats arabes unis avaient alors cri\u00e9 \u00e0 \u00ab\u00a0l&rsquo;injustice\u00a0\u00bb, donnant lieu \u00e0 une discorde publique in\u00e9dite avec l&rsquo;Arabie saoudite. Abou Dhabi, qui militait pour un rel\u00e8vement de la base de calcul de son quota de production de brut, avait eu gain de cause: sa part ainsi que celle de plusieurs autres pays (Irak, Kowe\u00eft, Arabie saoudite et Russie) a \u00e9t\u00e9 ajust\u00e9e \u00e0 la hausse, une r\u00e9vision qui prendra effet en mai 2022. Le march\u00e9 reste nerveux et soumis aux \u00e9ventuels rebonds \u00e9pid\u00e9miques li\u00e9s \u00e0 la souche Delta du Covid-19, comme celui qui a frapp\u00e9 l&rsquo;Inde au printemps et dans une moindre mesure la Chine au cours de l&rsquo;\u00e9t\u00e9. Les confinements et autres mesures de restrictions de d\u00e9placements des biens et des personnes qu&rsquo;ils entra\u00eenent sont pr\u00e9judiciables \u00e0 la demande de brut et ont une incidence imm\u00e9diate sur les prix du baril.<\/p>\n\n\n\n<p>Fai\u00e7al Bedjaoui<\/p>\n","protected":false},"excerpt":{"rendered":"<p>L&rsquo;Organisation des pays exportateurs de p\u00e9trole et ses alli\u00e9s, parmi lesquels la Russie, se r\u00e9uniront, demain, pour discuter de l&rsquo;augmentation<\/p>\n","protected":false},"author":3,"featured_media":5970,"comment_status":"open","ping_status":"closed","sticky":false,"template":"","format":"standard","meta":{"colormag_page_container_layout":"default_layout","colormag_page_sidebar_layout":"default_layout","om_disable_all_campaigns":false,"_monsterinsights_skip_tracking":false,"_monsterinsights_sitenote_active":false,"_monsterinsights_sitenote_note":"","_monsterinsights_sitenote_category":0,"footnotes":"","_wpscppro_dont_share_socialmedia":false,"_wpscppro_custom_social_share_image":0,"_facebook_share_type":"","_twitter_share_type":"","_linkedin_share_type":"","_pinterest_share_type":"","_linkedin_share_type_page":"","_instagram_share_type":"","_medium_share_type":"","_threads_share_type":"","_google_business_share_type":"","_selected_social_profile":[],"_wpsp_enable_custom_social_template":false,"_wpsp_social_scheduling":{"enabled":false,"datetime":null,"platforms":[],"status":"template_only","dateOption":"today","timeOption":"now","customDays":"","customHours":"","customDate":"","customTime":"","schedulingType":"absolute"},"_wpsp_active_default_template":true},"categories":[29],"tags":[],"class_list":["post-5963","post","type-post","status-publish","format-standard","has-post-thumbnail","hentry","category-economie"],"aioseo_notices":[],"yoast_head":"<!-- This site is optimized with the Yoast SEO plugin v27.5 - https:\/\/yoast.com\/product\/yoast-seo-wordpress\/ -->\n<title>R\u00e9union de l&#039;OPEP+ : Le maintien de la production au menu - La Sentinelle<\/title>\n<meta name=\"robots\" content=\"index, follow, max-snippet:-1, max-image-preview:large, max-video-preview:-1\" \/>\n<link rel=\"canonical\" href=\"https:\/\/lasentinelle.dz\/index.php\/2021\/08\/31\/reunion-de-lopep-le-maintien-de-la-production-au-menu\/\" \/>\n<meta property=\"og:locale\" content=\"fr_FR\" \/>\n<meta property=\"og:type\" content=\"article\" \/>\n<meta property=\"og:title\" content=\"R\u00e9union de l&#039;OPEP+ : Le maintien de la production au menu - La Sentinelle\" \/>\n<meta property=\"og:description\" content=\"L&rsquo;Organisation des pays exportateurs de p\u00e9trole et ses alli\u00e9s, parmi lesquels la Russie, se r\u00e9uniront, demain, pour discuter de l&rsquo;augmentation\" \/>\n<meta property=\"og:url\" content=\"https:\/\/lasentinelle.dz\/index.php\/2021\/08\/31\/reunion-de-lopep-le-maintien-de-la-production-au-menu\/\" \/>\n<meta property=\"og:site_name\" content=\"La Sentinelle\" \/>\n<meta property=\"article:publisher\" content=\"https:\/\/www.facebook.com\/La-Sentinelle-104059864394773\" \/>\n<meta property=\"article:published_time\" content=\"2021-08-30T23:01:00+00:00\" \/>\n<meta property=\"og:image\" content=\"https:\/\/lasentinelle.dz\/wp-content\/uploads\/2021\/08\/image_2021-08-30_182535-1024x678.png\" \/>\n\t<meta property=\"og:image:width\" content=\"1024\" \/>\n\t<meta property=\"og:image:height\" content=\"678\" \/>\n\t<meta property=\"og:image:type\" content=\"image\/png\" \/>\n<meta name=\"author\" content=\"La Sentinelle\" \/>\n<meta name=\"twitter:card\" content=\"summary_large_image\" \/>\n<meta name=\"twitter:label1\" content=\"\u00c9crit par\" \/>\n\t<meta name=\"twitter:data1\" content=\"La Sentinelle\" \/>\n\t<meta name=\"twitter:label2\" content=\"Dur\u00e9e de lecture estim\u00e9e\" \/>\n\t<meta name=\"twitter:data2\" content=\"3 minutes\" \/>\n<script type=\"application\/ld+json\" class=\"yoast-schema-graph\">{\"@context\":\"https:\\\/\\\/schema.org\",\"@graph\":[{\"@type\":\"Article\",\"@id\":\"https:\\\/\\\/lasentinelle.dz\\\/index.php\\\/2021\\\/08\\\/31\\\/reunion-de-lopep-le-maintien-de-la-production-au-menu\\\/#article\",\"isPartOf\":{\"@id\":\"https:\\\/\\\/lasentinelle.dz\\\/index.php\\\/2021\\\/08\\\/31\\\/reunion-de-lopep-le-maintien-de-la-production-au-menu\\\/\"},\"author\":{\"name\":\"La Sentinelle\",\"@id\":\"https:\\\/\\\/lasentinelle.dz\\\/#\\\/schema\\\/person\\\/d865044e22e70a75174ce8bcad3acfb3\"},\"headline\":\"R\u00e9union de l&rsquo;OPEP+ : Le maintien de la production au menu\",\"datePublished\":\"2021-08-30T23:01:00+00:00\",\"mainEntityOfPage\":{\"@id\":\"https:\\\/\\\/lasentinelle.dz\\\/index.php\\\/2021\\\/08\\\/31\\\/reunion-de-lopep-le-maintien-de-la-production-au-menu\\\/\"},\"wordCount\":640,\"commentCount\":0,\"publisher\":{\"@id\":\"https:\\\/\\\/lasentinelle.dz\\\/#organization\"},\"image\":{\"@id\":\"https:\\\/\\\/lasentinelle.dz\\\/index.php\\\/2021\\\/08\\\/31\\\/reunion-de-lopep-le-maintien-de-la-production-au-menu\\\/#primaryimage\"},\"thumbnailUrl\":\"https:\\\/\\\/lasentinelle.dz\\\/wp-content\\\/uploads\\\/2021\\\/08\\\/image_2021-08-30_182535.png\",\"articleSection\":[\"\u00c9conomie\"],\"inLanguage\":\"fr-FR\",\"potentialAction\":[{\"@type\":\"CommentAction\",\"name\":\"Comment\",\"target\":[\"https:\\\/\\\/lasentinelle.dz\\\/index.php\\\/2021\\\/08\\\/31\\\/reunion-de-lopep-le-maintien-de-la-production-au-menu\\\/#respond\"]}]},{\"@type\":\"WebPage\",\"@id\":\"https:\\\/\\\/lasentinelle.dz\\\/index.php\\\/2021\\\/08\\\/31\\\/reunion-de-lopep-le-maintien-de-la-production-au-menu\\\/\",\"url\":\"https:\\\/\\\/lasentinelle.dz\\\/index.php\\\/2021\\\/08\\\/31\\\/reunion-de-lopep-le-maintien-de-la-production-au-menu\\\/\",\"name\":\"R\u00e9union de l'OPEP+ : Le maintien de la production au menu - La Sentinelle\",\"isPartOf\":{\"@id\":\"https:\\\/\\\/lasentinelle.dz\\\/#website\"},\"primaryImageOfPage\":{\"@id\":\"https:\\\/\\\/lasentinelle.dz\\\/index.php\\\/2021\\\/08\\\/31\\\/reunion-de-lopep-le-maintien-de-la-production-au-menu\\\/#primaryimage\"},\"image\":{\"@id\":\"https:\\\/\\\/lasentinelle.dz\\\/index.php\\\/2021\\\/08\\\/31\\\/reunion-de-lopep-le-maintien-de-la-production-au-menu\\\/#primaryimage\"},\"thumbnailUrl\":\"https:\\\/\\\/lasentinelle.dz\\\/wp-content\\\/uploads\\\/2021\\\/08\\\/image_2021-08-30_182535.png\",\"datePublished\":\"2021-08-30T23:01:00+00:00\",\"breadcrumb\":{\"@id\":\"https:\\\/\\\/lasentinelle.dz\\\/index.php\\\/2021\\\/08\\\/31\\\/reunion-de-lopep-le-maintien-de-la-production-au-menu\\\/#breadcrumb\"},\"inLanguage\":\"fr-FR\",\"potentialAction\":[{\"@type\":\"ReadAction\",\"target\":[\"https:\\\/\\\/lasentinelle.dz\\\/index.php\\\/2021\\\/08\\\/31\\\/reunion-de-lopep-le-maintien-de-la-production-au-menu\\\/\"]}]},{\"@type\":\"ImageObject\",\"inLanguage\":\"fr-FR\",\"@id\":\"https:\\\/\\\/lasentinelle.dz\\\/index.php\\\/2021\\\/08\\\/31\\\/reunion-de-lopep-le-maintien-de-la-production-au-menu\\\/#primaryimage\",\"url\":\"https:\\\/\\\/lasentinelle.dz\\\/wp-content\\\/uploads\\\/2021\\\/08\\\/image_2021-08-30_182535.png\",\"contentUrl\":\"https:\\\/\\\/lasentinelle.dz\\\/wp-content\\\/uploads\\\/2021\\\/08\\\/image_2021-08-30_182535.png\",\"width\":2480,\"height\":1641},{\"@type\":\"BreadcrumbList\",\"@id\":\"https:\\\/\\\/lasentinelle.dz\\\/index.php\\\/2021\\\/08\\\/31\\\/reunion-de-lopep-le-maintien-de-la-production-au-menu\\\/#breadcrumb\",\"itemListElement\":[{\"@type\":\"ListItem\",\"position\":1,\"name\":\"Accueil\",\"item\":\"https:\\\/\\\/lasentinelle.dz\\\/\"},{\"@type\":\"ListItem\",\"position\":2,\"name\":\"R\u00e9union de l&rsquo;OPEP+ : Le maintien de la production au menu\"}]},{\"@type\":\"WebSite\",\"@id\":\"https:\\\/\\\/lasentinelle.dz\\\/#website\",\"url\":\"https:\\\/\\\/lasentinelle.dz\\\/\",\"name\":\"La Sentinelle\",\"description\":\"Quotidien national d&#039;information\",\"publisher\":{\"@id\":\"https:\\\/\\\/lasentinelle.dz\\\/#organization\"},\"potentialAction\":[{\"@type\":\"SearchAction\",\"target\":{\"@type\":\"EntryPoint\",\"urlTemplate\":\"https:\\\/\\\/lasentinelle.dz\\\/?s={search_term_string}\"},\"query-input\":{\"@type\":\"PropertyValueSpecification\",\"valueRequired\":true,\"valueName\":\"search_term_string\"}}],\"inLanguage\":\"fr-FR\"},{\"@type\":\"Organization\",\"@id\":\"https:\\\/\\\/lasentinelle.dz\\\/#organization\",\"name\":\"Quotidien La Sentinelle\",\"url\":\"https:\\\/\\\/lasentinelle.dz\\\/\",\"logo\":{\"@type\":\"ImageObject\",\"inLanguage\":\"fr-FR\",\"@id\":\"https:\\\/\\\/lasentinelle.dz\\\/#\\\/schema\\\/logo\\\/image\\\/\",\"url\":\"https:\\\/\\\/lasentinelle.dz\\\/wp-content\\\/uploads\\\/2021\\\/09\\\/logo-sentinelleSLOGAN-1.png\",\"contentUrl\":\"https:\\\/\\\/lasentinelle.dz\\\/wp-content\\\/uploads\\\/2021\\\/09\\\/logo-sentinelleSLOGAN-1.png\",\"width\":615,\"height\":142,\"caption\":\"Quotidien La Sentinelle\"},\"image\":{\"@id\":\"https:\\\/\\\/lasentinelle.dz\\\/#\\\/schema\\\/logo\\\/image\\\/\"},\"sameAs\":[\"https:\\\/\\\/www.facebook.com\\\/La-Sentinelle-104059864394773\"]},{\"@type\":\"Person\",\"@id\":\"https:\\\/\\\/lasentinelle.dz\\\/#\\\/schema\\\/person\\\/d865044e22e70a75174ce8bcad3acfb3\",\"name\":\"La Sentinelle\",\"image\":{\"@type\":\"ImageObject\",\"inLanguage\":\"fr-FR\",\"@id\":\"https:\\\/\\\/secure.gravatar.com\\\/avatar\\\/57de8e5d4b15d43fb361a71fbb36338450fe67865b528a43dd10ef7c51a20392?s=96&d=mm&r=g\",\"url\":\"https:\\\/\\\/secure.gravatar.com\\\/avatar\\\/57de8e5d4b15d43fb361a71fbb36338450fe67865b528a43dd10ef7c51a20392?s=96&d=mm&r=g\",\"contentUrl\":\"https:\\\/\\\/secure.gravatar.com\\\/avatar\\\/57de8e5d4b15d43fb361a71fbb36338450fe67865b528a43dd10ef7c51a20392?s=96&d=mm&r=g\",\"caption\":\"La Sentinelle\"},\"sameAs\":[\"http:\\\/\\\/www.lasentinelle.dz\"],\"url\":\"https:\\\/\\\/lasentinelle.dz\\\/author\\\/redaction\\\/\"}]}<\/script>\n<!-- \/ Yoast SEO plugin. -->","yoast_head_json":{"title":"R\u00e9union de l'OPEP+ : Le maintien de la production au menu - La Sentinelle","robots":{"index":"index","follow":"follow","max-snippet":"max-snippet:-1","max-image-preview":"max-image-preview:large","max-video-preview":"max-video-preview:-1"},"canonical":"https:\/\/lasentinelle.dz\/index.php\/2021\/08\/31\/reunion-de-lopep-le-maintien-de-la-production-au-menu\/","og_locale":"fr_FR","og_type":"article","og_title":"R\u00e9union de l'OPEP+ : Le maintien de la production au menu - La Sentinelle","og_description":"L&rsquo;Organisation des pays exportateurs de p\u00e9trole et ses alli\u00e9s, parmi lesquels la Russie, se r\u00e9uniront, demain, pour discuter de l&rsquo;augmentation","og_url":"https:\/\/lasentinelle.dz\/index.php\/2021\/08\/31\/reunion-de-lopep-le-maintien-de-la-production-au-menu\/","og_site_name":"La Sentinelle","article_publisher":"https:\/\/www.facebook.com\/La-Sentinelle-104059864394773","article_published_time":"2021-08-30T23:01:00+00:00","og_image":[{"width":1024,"height":678,"url":"https:\/\/lasentinelle.dz\/wp-content\/uploads\/2021\/08\/image_2021-08-30_182535-1024x678.png","type":"image\/png"}],"author":"La Sentinelle","twitter_card":"summary_large_image","twitter_misc":{"\u00c9crit par":"La Sentinelle","Dur\u00e9e de lecture estim\u00e9e":"3 minutes"},"schema":{"@context":"https:\/\/schema.org","@graph":[{"@type":"Article","@id":"https:\/\/lasentinelle.dz\/index.php\/2021\/08\/31\/reunion-de-lopep-le-maintien-de-la-production-au-menu\/#article","isPartOf":{"@id":"https:\/\/lasentinelle.dz\/index.php\/2021\/08\/31\/reunion-de-lopep-le-maintien-de-la-production-au-menu\/"},"author":{"name":"La Sentinelle","@id":"https:\/\/lasentinelle.dz\/#\/schema\/person\/d865044e22e70a75174ce8bcad3acfb3"},"headline":"R\u00e9union de l&rsquo;OPEP+ : Le maintien de la production au menu","datePublished":"2021-08-30T23:01:00+00:00","mainEntityOfPage":{"@id":"https:\/\/lasentinelle.dz\/index.php\/2021\/08\/31\/reunion-de-lopep-le-maintien-de-la-production-au-menu\/"},"wordCount":640,"commentCount":0,"publisher":{"@id":"https:\/\/lasentinelle.dz\/#organization"},"image":{"@id":"https:\/\/lasentinelle.dz\/index.php\/2021\/08\/31\/reunion-de-lopep-le-maintien-de-la-production-au-menu\/#primaryimage"},"thumbnailUrl":"https:\/\/lasentinelle.dz\/wp-content\/uploads\/2021\/08\/image_2021-08-30_182535.png","articleSection":["\u00c9conomie"],"inLanguage":"fr-FR","potentialAction":[{"@type":"CommentAction","name":"Comment","target":["https:\/\/lasentinelle.dz\/index.php\/2021\/08\/31\/reunion-de-lopep-le-maintien-de-la-production-au-menu\/#respond"]}]},{"@type":"WebPage","@id":"https:\/\/lasentinelle.dz\/index.php\/2021\/08\/31\/reunion-de-lopep-le-maintien-de-la-production-au-menu\/","url":"https:\/\/lasentinelle.dz\/index.php\/2021\/08\/31\/reunion-de-lopep-le-maintien-de-la-production-au-menu\/","name":"R\u00e9union de l'OPEP+ : Le maintien de la production au menu - La Sentinelle","isPartOf":{"@id":"https:\/\/lasentinelle.dz\/#website"},"primaryImageOfPage":{"@id":"https:\/\/lasentinelle.dz\/index.php\/2021\/08\/31\/reunion-de-lopep-le-maintien-de-la-production-au-menu\/#primaryimage"},"image":{"@id":"https:\/\/lasentinelle.dz\/index.php\/2021\/08\/31\/reunion-de-lopep-le-maintien-de-la-production-au-menu\/#primaryimage"},"thumbnailUrl":"https:\/\/lasentinelle.dz\/wp-content\/uploads\/2021\/08\/image_2021-08-30_182535.png","datePublished":"2021-08-30T23:01:00+00:00","breadcrumb":{"@id":"https:\/\/lasentinelle.dz\/index.php\/2021\/08\/31\/reunion-de-lopep-le-maintien-de-la-production-au-menu\/#breadcrumb"},"inLanguage":"fr-FR","potentialAction":[{"@type":"ReadAction","target":["https:\/\/lasentinelle.dz\/index.php\/2021\/08\/31\/reunion-de-lopep-le-maintien-de-la-production-au-menu\/"]}]},{"@type":"ImageObject","inLanguage":"fr-FR","@id":"https:\/\/lasentinelle.dz\/index.php\/2021\/08\/31\/reunion-de-lopep-le-maintien-de-la-production-au-menu\/#primaryimage","url":"https:\/\/lasentinelle.dz\/wp-content\/uploads\/2021\/08\/image_2021-08-30_182535.png","contentUrl":"https:\/\/lasentinelle.dz\/wp-content\/uploads\/2021\/08\/image_2021-08-30_182535.png","width":2480,"height":1641},{"@type":"BreadcrumbList","@id":"https:\/\/lasentinelle.dz\/index.php\/2021\/08\/31\/reunion-de-lopep-le-maintien-de-la-production-au-menu\/#breadcrumb","itemListElement":[{"@type":"ListItem","position":1,"name":"Accueil","item":"https:\/\/lasentinelle.dz\/"},{"@type":"ListItem","position":2,"name":"R\u00e9union de l&rsquo;OPEP+ : Le maintien de la production au menu"}]},{"@type":"WebSite","@id":"https:\/\/lasentinelle.dz\/#website","url":"https:\/\/lasentinelle.dz\/","name":"La Sentinelle","description":"Quotidien national d&#039;information","publisher":{"@id":"https:\/\/lasentinelle.dz\/#organization"},"potentialAction":[{"@type":"SearchAction","target":{"@type":"EntryPoint","urlTemplate":"https:\/\/lasentinelle.dz\/?s={search_term_string}"},"query-input":{"@type":"PropertyValueSpecification","valueRequired":true,"valueName":"search_term_string"}}],"inLanguage":"fr-FR"},{"@type":"Organization","@id":"https:\/\/lasentinelle.dz\/#organization","name":"Quotidien La Sentinelle","url":"https:\/\/lasentinelle.dz\/","logo":{"@type":"ImageObject","inLanguage":"fr-FR","@id":"https:\/\/lasentinelle.dz\/#\/schema\/logo\/image\/","url":"https:\/\/lasentinelle.dz\/wp-content\/uploads\/2021\/09\/logo-sentinelleSLOGAN-1.png","contentUrl":"https:\/\/lasentinelle.dz\/wp-content\/uploads\/2021\/09\/logo-sentinelleSLOGAN-1.png","width":615,"height":142,"caption":"Quotidien La Sentinelle"},"image":{"@id":"https:\/\/lasentinelle.dz\/#\/schema\/logo\/image\/"},"sameAs":["https:\/\/www.facebook.com\/La-Sentinelle-104059864394773"]},{"@type":"Person","@id":"https:\/\/lasentinelle.dz\/#\/schema\/person\/d865044e22e70a75174ce8bcad3acfb3","name":"La Sentinelle","image":{"@type":"ImageObject","inLanguage":"fr-FR","@id":"https:\/\/secure.gravatar.com\/avatar\/57de8e5d4b15d43fb361a71fbb36338450fe67865b528a43dd10ef7c51a20392?s=96&d=mm&r=g","url":"https:\/\/secure.gravatar.com\/avatar\/57de8e5d4b15d43fb361a71fbb36338450fe67865b528a43dd10ef7c51a20392?s=96&d=mm&r=g","contentUrl":"https:\/\/secure.gravatar.com\/avatar\/57de8e5d4b15d43fb361a71fbb36338450fe67865b528a43dd10ef7c51a20392?s=96&d=mm&r=g","caption":"La Sentinelle"},"sameAs":["http:\/\/www.lasentinelle.dz"],"url":"https:\/\/lasentinelle.dz\/author\/redaction\/"}]}},"_links":{"self":[{"href":"https:\/\/lasentinelle.dz\/index.php\/wp-json\/wp\/v2\/posts\/5963","targetHints":{"allow":["GET"]}}],"collection":[{"href":"https:\/\/lasentinelle.dz\/index.php\/wp-json\/wp\/v2\/posts"}],"about":[{"href":"https:\/\/lasentinelle.dz\/index.php\/wp-json\/wp\/v2\/types\/post"}],"author":[{"embeddable":true,"href":"https:\/\/lasentinelle.dz\/index.php\/wp-json\/wp\/v2\/users\/3"}],"replies":[{"embeddable":true,"href":"https:\/\/lasentinelle.dz\/index.php\/wp-json\/wp\/v2\/comments?post=5963"}],"version-history":[{"count":1,"href":"https:\/\/lasentinelle.dz\/index.php\/wp-json\/wp\/v2\/posts\/5963\/revisions"}],"predecessor-version":[{"id":5971,"href":"https:\/\/lasentinelle.dz\/index.php\/wp-json\/wp\/v2\/posts\/5963\/revisions\/5971"}],"wp:featuredmedia":[{"embeddable":true,"href":"https:\/\/lasentinelle.dz\/index.php\/wp-json\/wp\/v2\/media\/5970"}],"wp:attachment":[{"href":"https:\/\/lasentinelle.dz\/index.php\/wp-json\/wp\/v2\/media?parent=5963"}],"wp:term":[{"taxonomy":"category","embeddable":true,"href":"https:\/\/lasentinelle.dz\/index.php\/wp-json\/wp\/v2\/categories?post=5963"},{"taxonomy":"post_tag","embeddable":true,"href":"https:\/\/lasentinelle.dz\/index.php\/wp-json\/wp\/v2\/tags?post=5963"}],"curies":[{"name":"wp","href":"https:\/\/api.w.org\/{rel}","templated":true}]}}