{"id":59671,"date":"2024-11-24T10:59:45","date_gmt":"2024-11-24T09:59:45","guid":{"rendered":"https:\/\/lasentinelle.dz\/?p=59671"},"modified":"2024-11-24T10:59:46","modified_gmt":"2024-11-24T09:59:46","slug":"salon-international-des-dattes-de-la-richesse-du-patrimoine-phoenicicole-algerien","status":"publish","type":"post","link":"https:\/\/lasentinelle.dz\/index.php\/2024\/11\/24\/salon-international-des-dattes-de-la-richesse-du-patrimoine-phoenicicole-algerien\/","title":{"rendered":"Salon international des dattes : De la richesse du patrimoine phoenicicole alg\u00e9rien"},"content":{"rendered":"\n<p>Le Salon international des dattes, qui se tient depuis jeudi au Palais des expositions d&rsquo;Alger, offre une immersion fascinante dans l&rsquo;univers du patrimoine phoenicicole alg\u00e9rien. Cette deuxi\u00e8me \u00e9dition met en lumi\u00e8re la richesse et la diversit\u00e9 des vari\u00e9t\u00e9s de dattes produites dans les diff\u00e9rentes r\u00e9gions du pays, bien au-del\u00e0 de la c\u00e9l\u00e8bre Deglet Nour. Les visiteurs peuvent ainsi d\u00e9couvrir des vari\u00e9t\u00e9s moins connues mais tout aussi remarquables, comme la Degla Beida, la Ghars, la Tamasreit, la Bouarous ou encore la Tinissine. Cette diversit\u00e9 repr\u00e9sente un v\u00e9ritable tr\u00e9sor du terroir alg\u00e9rien, comme l&rsquo;explique Bachir Ma\u00e2che, pr\u00e9sident de la Chambre d&rsquo;Agriculture de Touggourt. Il met notamment en avant la Degla Beida, une vari\u00e9t\u00e9 sp\u00e9cifique \u00e0 la vall\u00e9e d\u2019Oued Righ, particuli\u00e8rement appr\u00e9ci\u00e9e en Afrique pour ses qualit\u00e9s nutritives et sa longue conservation. Cette datte, cultiv\u00e9e \u00e0 Tamacine, m\u00e9riterait selon lui une reconnaissance officielle \u00e0 travers un label national et international.<\/p>\n\n\n\n<p>L&rsquo;\u00e9v\u00e9nement permet \u00e9galement de mettre en lumi\u00e8re des pratiques agricoles durables, \u00e0 l&rsquo;image de l&rsquo;exploitation familiale Ferhat dans la r\u00e9gion d&rsquo;El Ghotte, \u00e0 El Oued. Mokhtar Ferhat y cultive des palmiers \u00ab\u00a0Baali\u00a0\u00bb, qui s&rsquo;alimentent naturellement des eaux souterraines, garantissant ainsi une production totalement biologique. Cette approche traditionnelle se retrouve d&rsquo;ailleurs dans la majorit\u00e9 des exploitations phoenicicoles du pays, puisque 95% de la production nationale de dattes est issue de m\u00e9thodes biologiques, comme le souligne Abdelbasset Djallad, pr\u00e9sident de l&rsquo;Association pour la promotion et la protection de la Deglet Nour de Tolga.<\/p>\n\n\n\n<p>La question de la labellisation occupe aussi une place centrale dans les discussions. La Deglet Nour de Tolga, qui b\u00e9n\u00e9ficie d\u00e9j\u00e0 d&rsquo;une Indication G\u00e9ographique Prot\u00e9g\u00e9e depuis 2016, pourrait voir cette reconnaissance s&rsquo;\u00e9tendre \u00e0 l&rsquo;\u00e9chelle internationale. Une perspective encourag\u00e9e par Hamid Ben Saad, Secr\u00e9taire g\u00e9n\u00e9ral du minist\u00e8re de l&rsquo;Agriculture, qui insiste sur l&rsquo;importance du programme national de labellisation des produits du terroir pour prot\u00e9ger et valoriser ce patrimoine authentiquement alg\u00e9rien. Les enjeux de la commercialisation sont \u00e9galement au c\u0153ur des pr\u00e9occupations. Les dattes alg\u00e9riennes, export\u00e9es vers plus de 90 pays, n\u00e9cessitent une attention particuli\u00e8re en mati\u00e8re de conditionnement pour pr\u00e9server leur valeur ajout\u00e9e. Les producteurs appellent d&rsquo;ailleurs \u00e0 la cr\u00e9ation de zones de conditionnement \u00e0 proximit\u00e9 des exploitations pour faciliter la transformation et renforcer leur pr\u00e9sence sur le march\u00e9 international.<\/p>\n\n\n\n<p>Le salon, qui accueille plus de 180 exposants, dont des participants de Tunisie, de Libye et de Turquie, suscite un vif int\u00e9r\u00eat aupr\u00e8s du public. Les visiteurs appr\u00e9cient cette occasion unique de d\u00e9couvrir des vari\u00e9t\u00e9s rares et d&rsquo;acheter directement aupr\u00e8s des producteurs. Organis\u00e9 par la Chambre nationale d&rsquo;agriculture sous le patronage du minist\u00e8re de l&rsquo;Agriculture, cet \u00e9v\u00e9nement s&rsquo;affirme comme une vitrine essentielle pour une fili\u00e8re qui allie tradition ancestrale et ambitions internationales.<\/p>\n\n\n\n<p>Lyna Larbi<\/p>\n","protected":false},"excerpt":{"rendered":"<p>Le Salon international des dattes, qui se tient depuis jeudi au Palais des expositions d&rsquo;Alger, offre une immersion fascinante dans<\/p>\n","protected":false},"author":6,"featured_media":27157,"comment_status":"open","ping_status":"closed","sticky":false,"template":"","format":"standard","meta":{"colormag_page_container_layout":"default_layout","colormag_page_sidebar_layout":"default_layout","om_disable_all_campaigns":false,"_monsterinsights_skip_tracking":false,"_monsterinsights_sitenote_active":false,"_monsterinsights_sitenote_note":"","_monsterinsights_sitenote_category":0,"footnotes":"","_wpscppro_dont_share_socialmedia":false,"_wpscppro_custom_social_share_image":0,"_facebook_share_type":"default","_twitter_share_type":"default","_linkedin_share_type":"default","_pinterest_share_type":"default","_linkedin_share_type_page":"","_instagram_share_type":"default","_medium_share_type":"default","_threads_share_type":"","_google_business_share_type":"","_selected_social_profile":[],"_wpsp_enable_custom_social_template":false,"_wpsp_social_scheduling":{"enabled":false,"datetime":null,"platforms":[],"status":"template_only","dateOption":"today","timeOption":"now","customDays":"","customHours":"","customDate":"","customTime":"","schedulingType":"absolute"},"_wpsp_active_default_template":true},"categories":[29],"tags":[],"class_list":["post-59671","post","type-post","status-publish","format-standard","has-post-thumbnail","hentry","category-economie"],"aioseo_notices":[],"yoast_head":"<!-- This site is optimized with the Yoast SEO plugin v27.5 - https:\/\/yoast.com\/product\/yoast-seo-wordpress\/ -->\n<title>Salon international des dattes : De la richesse du patrimoine phoenicicole alg\u00e9rien - La Sentinelle<\/title>\n<meta name=\"robots\" content=\"index, follow, max-snippet:-1, max-image-preview:large, max-video-preview:-1\" \/>\n<link rel=\"canonical\" href=\"https:\/\/lasentinelle.dz\/index.php\/2024\/11\/24\/salon-international-des-dattes-de-la-richesse-du-patrimoine-phoenicicole-algerien\/\" \/>\n<meta property=\"og:locale\" content=\"fr_FR\" \/>\n<meta property=\"og:type\" content=\"article\" \/>\n<meta property=\"og:title\" content=\"Salon international des dattes : De la richesse du patrimoine phoenicicole alg\u00e9rien - La Sentinelle\" \/>\n<meta property=\"og:description\" content=\"Le Salon international des dattes, qui se tient depuis jeudi au Palais des expositions d&rsquo;Alger, offre une immersion fascinante dans\" \/>\n<meta property=\"og:url\" content=\"https:\/\/lasentinelle.dz\/index.php\/2024\/11\/24\/salon-international-des-dattes-de-la-richesse-du-patrimoine-phoenicicole-algerien\/\" \/>\n<meta property=\"og:site_name\" content=\"La Sentinelle\" \/>\n<meta property=\"article:publisher\" content=\"https:\/\/www.facebook.com\/La-Sentinelle-104059864394773\" \/>\n<meta property=\"article:published_time\" content=\"2024-11-24T09:59:45+00:00\" \/>\n<meta property=\"article:modified_time\" content=\"2024-11-24T09:59:46+00:00\" \/>\n<meta property=\"og:image\" content=\"https:\/\/lasentinelle.dz\/wp-content\/uploads\/2022\/09\/dattes-2-e1662563805808.png\" \/>\n\t<meta property=\"og:image:width\" content=\"1347\" \/>\n\t<meta property=\"og:image:height\" content=\"900\" \/>\n\t<meta property=\"og:image:type\" content=\"image\/png\" \/>\n<meta name=\"author\" content=\"admin\" \/>\n<meta name=\"twitter:card\" content=\"summary_large_image\" \/>\n<meta name=\"twitter:label1\" content=\"\u00c9crit par\" \/>\n\t<meta name=\"twitter:data1\" content=\"admin\" \/>\n\t<meta name=\"twitter:label2\" content=\"Dur\u00e9e de lecture estim\u00e9e\" \/>\n\t<meta name=\"twitter:data2\" content=\"3 minutes\" \/>\n<script type=\"application\/ld+json\" class=\"yoast-schema-graph\">{\"@context\":\"https:\\\/\\\/schema.org\",\"@graph\":[{\"@type\":\"Article\",\"@id\":\"https:\\\/\\\/lasentinelle.dz\\\/index.php\\\/2024\\\/11\\\/24\\\/salon-international-des-dattes-de-la-richesse-du-patrimoine-phoenicicole-algerien\\\/#article\",\"isPartOf\":{\"@id\":\"https:\\\/\\\/lasentinelle.dz\\\/index.php\\\/2024\\\/11\\\/24\\\/salon-international-des-dattes-de-la-richesse-du-patrimoine-phoenicicole-algerien\\\/\"},\"author\":{\"name\":\"admin\",\"@id\":\"https:\\\/\\\/lasentinelle.dz\\\/#\\\/schema\\\/person\\\/729ee0024f24e0b8c5ec17232f8e8b41\"},\"headline\":\"Salon international des dattes : De la richesse du patrimoine phoenicicole alg\u00e9rien\",\"datePublished\":\"2024-11-24T09:59:45+00:00\",\"dateModified\":\"2024-11-24T09:59:46+00:00\",\"mainEntityOfPage\":{\"@id\":\"https:\\\/\\\/lasentinelle.dz\\\/index.php\\\/2024\\\/11\\\/24\\\/salon-international-des-dattes-de-la-richesse-du-patrimoine-phoenicicole-algerien\\\/\"},\"wordCount\":530,\"commentCount\":0,\"publisher\":{\"@id\":\"https:\\\/\\\/lasentinelle.dz\\\/#organization\"},\"image\":{\"@id\":\"https:\\\/\\\/lasentinelle.dz\\\/index.php\\\/2024\\\/11\\\/24\\\/salon-international-des-dattes-de-la-richesse-du-patrimoine-phoenicicole-algerien\\\/#primaryimage\"},\"thumbnailUrl\":\"https:\\\/\\\/lasentinelle.dz\\\/wp-content\\\/uploads\\\/2022\\\/09\\\/dattes-2-e1662563805808.png\",\"articleSection\":[\"\u00c9conomie\"],\"inLanguage\":\"fr-FR\",\"potentialAction\":[{\"@type\":\"CommentAction\",\"name\":\"Comment\",\"target\":[\"https:\\\/\\\/lasentinelle.dz\\\/index.php\\\/2024\\\/11\\\/24\\\/salon-international-des-dattes-de-la-richesse-du-patrimoine-phoenicicole-algerien\\\/#respond\"]}]},{\"@type\":\"WebPage\",\"@id\":\"https:\\\/\\\/lasentinelle.dz\\\/index.php\\\/2024\\\/11\\\/24\\\/salon-international-des-dattes-de-la-richesse-du-patrimoine-phoenicicole-algerien\\\/\",\"url\":\"https:\\\/\\\/lasentinelle.dz\\\/index.php\\\/2024\\\/11\\\/24\\\/salon-international-des-dattes-de-la-richesse-du-patrimoine-phoenicicole-algerien\\\/\",\"name\":\"Salon international des dattes : De la richesse du patrimoine phoenicicole alg\u00e9rien - La Sentinelle\",\"isPartOf\":{\"@id\":\"https:\\\/\\\/lasentinelle.dz\\\/#website\"},\"primaryImageOfPage\":{\"@id\":\"https:\\\/\\\/lasentinelle.dz\\\/index.php\\\/2024\\\/11\\\/24\\\/salon-international-des-dattes-de-la-richesse-du-patrimoine-phoenicicole-algerien\\\/#primaryimage\"},\"image\":{\"@id\":\"https:\\\/\\\/lasentinelle.dz\\\/index.php\\\/2024\\\/11\\\/24\\\/salon-international-des-dattes-de-la-richesse-du-patrimoine-phoenicicole-algerien\\\/#primaryimage\"},\"thumbnailUrl\":\"https:\\\/\\\/lasentinelle.dz\\\/wp-content\\\/uploads\\\/2022\\\/09\\\/dattes-2-e1662563805808.png\",\"datePublished\":\"2024-11-24T09:59:45+00:00\",\"dateModified\":\"2024-11-24T09:59:46+00:00\",\"breadcrumb\":{\"@id\":\"https:\\\/\\\/lasentinelle.dz\\\/index.php\\\/2024\\\/11\\\/24\\\/salon-international-des-dattes-de-la-richesse-du-patrimoine-phoenicicole-algerien\\\/#breadcrumb\"},\"inLanguage\":\"fr-FR\",\"potentialAction\":[{\"@type\":\"ReadAction\",\"target\":[\"https:\\\/\\\/lasentinelle.dz\\\/index.php\\\/2024\\\/11\\\/24\\\/salon-international-des-dattes-de-la-richesse-du-patrimoine-phoenicicole-algerien\\\/\"]}]},{\"@type\":\"ImageObject\",\"inLanguage\":\"fr-FR\",\"@id\":\"https:\\\/\\\/lasentinelle.dz\\\/index.php\\\/2024\\\/11\\\/24\\\/salon-international-des-dattes-de-la-richesse-du-patrimoine-phoenicicole-algerien\\\/#primaryimage\",\"url\":\"https:\\\/\\\/lasentinelle.dz\\\/wp-content\\\/uploads\\\/2022\\\/09\\\/dattes-2-e1662563805808.png\",\"contentUrl\":\"https:\\\/\\\/lasentinelle.dz\\\/wp-content\\\/uploads\\\/2022\\\/09\\\/dattes-2-e1662563805808.png\",\"width\":1347,\"height\":900},{\"@type\":\"BreadcrumbList\",\"@id\":\"https:\\\/\\\/lasentinelle.dz\\\/index.php\\\/2024\\\/11\\\/24\\\/salon-international-des-dattes-de-la-richesse-du-patrimoine-phoenicicole-algerien\\\/#breadcrumb\",\"itemListElement\":[{\"@type\":\"ListItem\",\"position\":1,\"name\":\"Accueil\",\"item\":\"https:\\\/\\\/lasentinelle.dz\\\/\"},{\"@type\":\"ListItem\",\"position\":2,\"name\":\"Salon international des dattes : De la richesse du patrimoine phoenicicole alg\u00e9rien\"}]},{\"@type\":\"WebSite\",\"@id\":\"https:\\\/\\\/lasentinelle.dz\\\/#website\",\"url\":\"https:\\\/\\\/lasentinelle.dz\\\/\",\"name\":\"La Sentinelle\",\"description\":\"Quotidien national d&#039;information\",\"publisher\":{\"@id\":\"https:\\\/\\\/lasentinelle.dz\\\/#organization\"},\"potentialAction\":[{\"@type\":\"SearchAction\",\"target\":{\"@type\":\"EntryPoint\",\"urlTemplate\":\"https:\\\/\\\/lasentinelle.dz\\\/?s={search_term_string}\"},\"query-input\":{\"@type\":\"PropertyValueSpecification\",\"valueRequired\":true,\"valueName\":\"search_term_string\"}}],\"inLanguage\":\"fr-FR\"},{\"@type\":\"Organization\",\"@id\":\"https:\\\/\\\/lasentinelle.dz\\\/#organization\",\"name\":\"Quotidien La Sentinelle\",\"url\":\"https:\\\/\\\/lasentinelle.dz\\\/\",\"logo\":{\"@type\":\"ImageObject\",\"inLanguage\":\"fr-FR\",\"@id\":\"https:\\\/\\\/lasentinelle.dz\\\/#\\\/schema\\\/logo\\\/image\\\/\",\"url\":\"https:\\\/\\\/lasentinelle.dz\\\/wp-content\\\/uploads\\\/2021\\\/09\\\/logo-sentinelleSLOGAN-1.png\",\"contentUrl\":\"https:\\\/\\\/lasentinelle.dz\\\/wp-content\\\/uploads\\\/2021\\\/09\\\/logo-sentinelleSLOGAN-1.png\",\"width\":615,\"height\":142,\"caption\":\"Quotidien La Sentinelle\"},\"image\":{\"@id\":\"https:\\\/\\\/lasentinelle.dz\\\/#\\\/schema\\\/logo\\\/image\\\/\"},\"sameAs\":[\"https:\\\/\\\/www.facebook.com\\\/La-Sentinelle-104059864394773\"]},{\"@type\":\"Person\",\"@id\":\"https:\\\/\\\/lasentinelle.dz\\\/#\\\/schema\\\/person\\\/729ee0024f24e0b8c5ec17232f8e8b41\",\"name\":\"admin\",\"image\":{\"@type\":\"ImageObject\",\"inLanguage\":\"fr-FR\",\"@id\":\"https:\\\/\\\/secure.gravatar.com\\\/avatar\\\/4c81fed838786e9b53f540bf46533e750f5d292099ae3b66cfc6fb1982e29df7?s=96&d=mm&r=g\",\"url\":\"https:\\\/\\\/secure.gravatar.com\\\/avatar\\\/4c81fed838786e9b53f540bf46533e750f5d292099ae3b66cfc6fb1982e29df7?s=96&d=mm&r=g\",\"contentUrl\":\"https:\\\/\\\/secure.gravatar.com\\\/avatar\\\/4c81fed838786e9b53f540bf46533e750f5d292099ae3b66cfc6fb1982e29df7?s=96&d=mm&r=g\",\"caption\":\"admin\"},\"description\":\"admin\",\"url\":\"https:\\\/\\\/lasentinelle.dz\\\/author\\\/admin\\\/\"}]}<\/script>\n<!-- \/ Yoast SEO plugin. -->","yoast_head_json":{"title":"Salon international des dattes : De la richesse du patrimoine phoenicicole alg\u00e9rien - La Sentinelle","robots":{"index":"index","follow":"follow","max-snippet":"max-snippet:-1","max-image-preview":"max-image-preview:large","max-video-preview":"max-video-preview:-1"},"canonical":"https:\/\/lasentinelle.dz\/index.php\/2024\/11\/24\/salon-international-des-dattes-de-la-richesse-du-patrimoine-phoenicicole-algerien\/","og_locale":"fr_FR","og_type":"article","og_title":"Salon international des dattes : De la richesse du patrimoine phoenicicole alg\u00e9rien - La Sentinelle","og_description":"Le Salon international des dattes, qui se tient depuis jeudi au Palais des expositions d&rsquo;Alger, offre une immersion fascinante dans","og_url":"https:\/\/lasentinelle.dz\/index.php\/2024\/11\/24\/salon-international-des-dattes-de-la-richesse-du-patrimoine-phoenicicole-algerien\/","og_site_name":"La Sentinelle","article_publisher":"https:\/\/www.facebook.com\/La-Sentinelle-104059864394773","article_published_time":"2024-11-24T09:59:45+00:00","article_modified_time":"2024-11-24T09:59:46+00:00","og_image":[{"width":1347,"height":900,"url":"https:\/\/lasentinelle.dz\/wp-content\/uploads\/2022\/09\/dattes-2-e1662563805808.png","type":"image\/png"}],"author":"admin","twitter_card":"summary_large_image","twitter_misc":{"\u00c9crit par":"admin","Dur\u00e9e de lecture estim\u00e9e":"3 minutes"},"schema":{"@context":"https:\/\/schema.org","@graph":[{"@type":"Article","@id":"https:\/\/lasentinelle.dz\/index.php\/2024\/11\/24\/salon-international-des-dattes-de-la-richesse-du-patrimoine-phoenicicole-algerien\/#article","isPartOf":{"@id":"https:\/\/lasentinelle.dz\/index.php\/2024\/11\/24\/salon-international-des-dattes-de-la-richesse-du-patrimoine-phoenicicole-algerien\/"},"author":{"name":"admin","@id":"https:\/\/lasentinelle.dz\/#\/schema\/person\/729ee0024f24e0b8c5ec17232f8e8b41"},"headline":"Salon international des dattes : De la richesse du patrimoine phoenicicole alg\u00e9rien","datePublished":"2024-11-24T09:59:45+00:00","dateModified":"2024-11-24T09:59:46+00:00","mainEntityOfPage":{"@id":"https:\/\/lasentinelle.dz\/index.php\/2024\/11\/24\/salon-international-des-dattes-de-la-richesse-du-patrimoine-phoenicicole-algerien\/"},"wordCount":530,"commentCount":0,"publisher":{"@id":"https:\/\/lasentinelle.dz\/#organization"},"image":{"@id":"https:\/\/lasentinelle.dz\/index.php\/2024\/11\/24\/salon-international-des-dattes-de-la-richesse-du-patrimoine-phoenicicole-algerien\/#primaryimage"},"thumbnailUrl":"https:\/\/lasentinelle.dz\/wp-content\/uploads\/2022\/09\/dattes-2-e1662563805808.png","articleSection":["\u00c9conomie"],"inLanguage":"fr-FR","potentialAction":[{"@type":"CommentAction","name":"Comment","target":["https:\/\/lasentinelle.dz\/index.php\/2024\/11\/24\/salon-international-des-dattes-de-la-richesse-du-patrimoine-phoenicicole-algerien\/#respond"]}]},{"@type":"WebPage","@id":"https:\/\/lasentinelle.dz\/index.php\/2024\/11\/24\/salon-international-des-dattes-de-la-richesse-du-patrimoine-phoenicicole-algerien\/","url":"https:\/\/lasentinelle.dz\/index.php\/2024\/11\/24\/salon-international-des-dattes-de-la-richesse-du-patrimoine-phoenicicole-algerien\/","name":"Salon international des dattes : De la richesse du patrimoine phoenicicole alg\u00e9rien - La Sentinelle","isPartOf":{"@id":"https:\/\/lasentinelle.dz\/#website"},"primaryImageOfPage":{"@id":"https:\/\/lasentinelle.dz\/index.php\/2024\/11\/24\/salon-international-des-dattes-de-la-richesse-du-patrimoine-phoenicicole-algerien\/#primaryimage"},"image":{"@id":"https:\/\/lasentinelle.dz\/index.php\/2024\/11\/24\/salon-international-des-dattes-de-la-richesse-du-patrimoine-phoenicicole-algerien\/#primaryimage"},"thumbnailUrl":"https:\/\/lasentinelle.dz\/wp-content\/uploads\/2022\/09\/dattes-2-e1662563805808.png","datePublished":"2024-11-24T09:59:45+00:00","dateModified":"2024-11-24T09:59:46+00:00","breadcrumb":{"@id":"https:\/\/lasentinelle.dz\/index.php\/2024\/11\/24\/salon-international-des-dattes-de-la-richesse-du-patrimoine-phoenicicole-algerien\/#breadcrumb"},"inLanguage":"fr-FR","potentialAction":[{"@type":"ReadAction","target":["https:\/\/lasentinelle.dz\/index.php\/2024\/11\/24\/salon-international-des-dattes-de-la-richesse-du-patrimoine-phoenicicole-algerien\/"]}]},{"@type":"ImageObject","inLanguage":"fr-FR","@id":"https:\/\/lasentinelle.dz\/index.php\/2024\/11\/24\/salon-international-des-dattes-de-la-richesse-du-patrimoine-phoenicicole-algerien\/#primaryimage","url":"https:\/\/lasentinelle.dz\/wp-content\/uploads\/2022\/09\/dattes-2-e1662563805808.png","contentUrl":"https:\/\/lasentinelle.dz\/wp-content\/uploads\/2022\/09\/dattes-2-e1662563805808.png","width":1347,"height":900},{"@type":"BreadcrumbList","@id":"https:\/\/lasentinelle.dz\/index.php\/2024\/11\/24\/salon-international-des-dattes-de-la-richesse-du-patrimoine-phoenicicole-algerien\/#breadcrumb","itemListElement":[{"@type":"ListItem","position":1,"name":"Accueil","item":"https:\/\/lasentinelle.dz\/"},{"@type":"ListItem","position":2,"name":"Salon international des dattes : De la richesse du patrimoine phoenicicole alg\u00e9rien"}]},{"@type":"WebSite","@id":"https:\/\/lasentinelle.dz\/#website","url":"https:\/\/lasentinelle.dz\/","name":"La Sentinelle","description":"Quotidien national d&#039;information","publisher":{"@id":"https:\/\/lasentinelle.dz\/#organization"},"potentialAction":[{"@type":"SearchAction","target":{"@type":"EntryPoint","urlTemplate":"https:\/\/lasentinelle.dz\/?s={search_term_string}"},"query-input":{"@type":"PropertyValueSpecification","valueRequired":true,"valueName":"search_term_string"}}],"inLanguage":"fr-FR"},{"@type":"Organization","@id":"https:\/\/lasentinelle.dz\/#organization","name":"Quotidien La Sentinelle","url":"https:\/\/lasentinelle.dz\/","logo":{"@type":"ImageObject","inLanguage":"fr-FR","@id":"https:\/\/lasentinelle.dz\/#\/schema\/logo\/image\/","url":"https:\/\/lasentinelle.dz\/wp-content\/uploads\/2021\/09\/logo-sentinelleSLOGAN-1.png","contentUrl":"https:\/\/lasentinelle.dz\/wp-content\/uploads\/2021\/09\/logo-sentinelleSLOGAN-1.png","width":615,"height":142,"caption":"Quotidien La Sentinelle"},"image":{"@id":"https:\/\/lasentinelle.dz\/#\/schema\/logo\/image\/"},"sameAs":["https:\/\/www.facebook.com\/La-Sentinelle-104059864394773"]},{"@type":"Person","@id":"https:\/\/lasentinelle.dz\/#\/schema\/person\/729ee0024f24e0b8c5ec17232f8e8b41","name":"admin","image":{"@type":"ImageObject","inLanguage":"fr-FR","@id":"https:\/\/secure.gravatar.com\/avatar\/4c81fed838786e9b53f540bf46533e750f5d292099ae3b66cfc6fb1982e29df7?s=96&d=mm&r=g","url":"https:\/\/secure.gravatar.com\/avatar\/4c81fed838786e9b53f540bf46533e750f5d292099ae3b66cfc6fb1982e29df7?s=96&d=mm&r=g","contentUrl":"https:\/\/secure.gravatar.com\/avatar\/4c81fed838786e9b53f540bf46533e750f5d292099ae3b66cfc6fb1982e29df7?s=96&d=mm&r=g","caption":"admin"},"description":"admin","url":"https:\/\/lasentinelle.dz\/author\/admin\/"}]}},"_links":{"self":[{"href":"https:\/\/lasentinelle.dz\/index.php\/wp-json\/wp\/v2\/posts\/59671","targetHints":{"allow":["GET"]}}],"collection":[{"href":"https:\/\/lasentinelle.dz\/index.php\/wp-json\/wp\/v2\/posts"}],"about":[{"href":"https:\/\/lasentinelle.dz\/index.php\/wp-json\/wp\/v2\/types\/post"}],"author":[{"embeddable":true,"href":"https:\/\/lasentinelle.dz\/index.php\/wp-json\/wp\/v2\/users\/6"}],"replies":[{"embeddable":true,"href":"https:\/\/lasentinelle.dz\/index.php\/wp-json\/wp\/v2\/comments?post=59671"}],"version-history":[{"count":1,"href":"https:\/\/lasentinelle.dz\/index.php\/wp-json\/wp\/v2\/posts\/59671\/revisions"}],"predecessor-version":[{"id":59672,"href":"https:\/\/lasentinelle.dz\/index.php\/wp-json\/wp\/v2\/posts\/59671\/revisions\/59672"}],"wp:featuredmedia":[{"embeddable":true,"href":"https:\/\/lasentinelle.dz\/index.php\/wp-json\/wp\/v2\/media\/27157"}],"wp:attachment":[{"href":"https:\/\/lasentinelle.dz\/index.php\/wp-json\/wp\/v2\/media?parent=59671"}],"wp:term":[{"taxonomy":"category","embeddable":true,"href":"https:\/\/lasentinelle.dz\/index.php\/wp-json\/wp\/v2\/categories?post=59671"},{"taxonomy":"post_tag","embeddable":true,"href":"https:\/\/lasentinelle.dz\/index.php\/wp-json\/wp\/v2\/tags?post=59671"}],"curies":[{"name":"wp","href":"https:\/\/api.w.org\/{rel}","templated":true}]}}