{"id":5969,"date":"2021-08-31T00:05:00","date_gmt":"2021-08-30T23:05:00","guid":{"rendered":"https:\/\/lasentinelle.dz\/?p=5969"},"modified":"2021-08-30T20:06:19","modified_gmt":"2021-08-30T19:06:19","slug":"nouvelles-obligations-pour-les-importateurs-rationaliser-les-depenses-en-devises","status":"publish","type":"post","link":"https:\/\/lasentinelle.dz\/index.php\/2021\/08\/31\/nouvelles-obligations-pour-les-importateurs-rationaliser-les-depenses-en-devises\/","title":{"rendered":"Nouvelles obligations pour les importateurs : Rationaliser les d\u00e9penses en devises"},"content":{"rendered":"\n<p>Dans un communiqu\u00e9 commun publi\u00e9 hier,&nbsp; les minist\u00e8res du Commerce et de la Promotion des exportations et le minist\u00e8re des Transports ont annonc\u00e9 avoir appel\u00e9 les importateurs des biens et marchandises destin\u00e9s \u00e0 la revente en l\u2019\u00e9tat \u00e0 restituer obligatoirement les conteneurs, avant l\u2019expiration de la p\u00e9riode de la franchise, afin de permettre au Tr\u00e9sor public une \u00e9conomie substantielle de devises \u00e9trang\u00e8res.<\/p>\n\n\n\n<p>\u00ab\u00a0Le minist\u00e8re du Commerce et de la Promotion des exportations et le minist\u00e8re des Transports invitent les op\u00e9rateurs \u00e9conomiques activant dans le domaine de l\u2019importation des biens et marchandises destin\u00e9s \u00e0 la revente en l\u2019\u00e9tat \u00e0 l\u2019obligation de la restitution des conteneurs aux armateurs et\/ou transporteurs maritimes, avant l\u2019expiration de la p\u00e9riode de la franchise\u00a0\u00bb, ont-ils indiqu\u00e9s dans leur communiqu\u00e9. Ils pr\u00e9cisent que cette restitution dans les d\u00e9lais impartis, en dehors de ceux qui font l\u2019objet d\u2019un contr\u00f4le aux fronti\u00e8res ou qui pr\u00e9sentent un litige, \u00ab\u00a0permettra au Tr\u00e9sor public une \u00e9conomie substantielle de devises \u00e9trang\u00e8res\u00a0\u00bb.<\/p>\n\n\n\n<p>Les minist\u00e8res du Commerce et de la promotion des exportations et le minist\u00e8re des Transports avertissent dans leur communiqu\u00e9 commun, que les op\u00e9rateurs \u00e9conomiques sp\u00e9cialis\u00e9s dans l&rsquo;importation des biens et marchandises destin\u00e9s \u00e0 la revente en l\u2019\u00e9tat qui proc\u00e8de \u00e0 la r\u00e9tention dor\u00e9navant, des conteneurs en dehors de la p\u00e9riode de franchise s&rsquo;exposent de fait \u00e0 des mesures conservatoires portant notamment, pr\u00e9cise le communiqu\u00e9, sur le retrait du certificat de respect et l\u2019inscription au fichier national d\u2019auteurs d\u2019infractions frauduleuses. Dans ce m\u00eame document publi\u00e9 conjointement, les deux d\u00e9partements minist\u00e9riels rappellent aux op\u00e9rateurs sp\u00e9cialis\u00e9s dans ce cr\u00e9neau que \u00a0\u00bb les consignataires de navires et de marchandises agr\u00e9\u00e9s par le minist\u00e8re des Transports sont tenus au respect des r\u00e8gles et mesures pr\u00e9vues en la mati\u00e8re notamment celles relatives aux des dispositions des articles 26 et 27 du d\u00e9cret ex\u00e9cutif n 20-348 du 23 novembre 2020 fixant les conditions d\u2019exercice des activit\u00e9s auxiliaires au transport maritime\u00a0\u00bb.<\/p>\n\n\n\n<p>Il est vrai que le gouvernement a pris diverses mesures au cours des derni\u00e8res semaines afin de rationaliser les d\u00e9penses en devises et imposer le respect des r\u00e8gles dans le secteur du commerce ext\u00e9rieur. Pour rappel, il y a quelques jours, le minist\u00e8re des Finances avait adress\u00e9 \u00e0 l\u2019Association des banques et \u00e9tablissements financiers (Abef) une note qui oblige les importateurs concern\u00e9s \u00e0 se conformer avec les exigences l\u00e9gales contenues dans l\u2019instruction interminist\u00e9rielle dat\u00e9e du 27 juillet dernier au plus tard le 31 octobre prochain et non le 31 d\u00e9cembre comme il \u00e9tait d&rsquo;usage auparavant. Cette instruction modifie ainsi&nbsp; le d\u00e9cret publi\u00e9 le mois&nbsp; mars 2021 destin\u00e9 \u00e0 la mise \u00e0 jour des modalit\u00e9s d\u2019exercice des activit\u00e9s d\u2019importation de mati\u00e8res premi\u00e8res, de produits et de marchandises destin\u00e9s \u00e0 la revente en l\u2019\u00e9tat et \u00e0 demander aux banques de suspendre les domiciliations bancaires pour les op\u00e9rations d\u2019importations de biens destin\u00e9s \u00e0 la revente en l\u2019\u00e9tat au 31 octobre prochain, afin de pousser les op\u00e9rateurs concern\u00e9s \u00e0 respect les nouvelles dispositions relatives \u00e0 la r\u00e9organisation du secteur du commerce ext\u00e9rieur avant ce d\u00e9lai.<\/p>\n\n\n\n<p><strong>Kamel Nait Ameur<\/strong><\/p>\n","protected":false},"excerpt":{"rendered":"<p>Dans un communiqu\u00e9 commun publi\u00e9 hier,&nbsp; les minist\u00e8res du Commerce et de la Promotion des exportations et le minist\u00e8re des<\/p>\n","protected":false},"author":3,"featured_media":5980,"comment_status":"open","ping_status":"closed","sticky":false,"template":"","format":"standard","meta":{"colormag_page_container_layout":"default_layout","colormag_page_sidebar_layout":"default_layout","om_disable_all_campaigns":false,"_monsterinsights_skip_tracking":false,"_monsterinsights_sitenote_active":false,"_monsterinsights_sitenote_note":"","_monsterinsights_sitenote_category":0,"footnotes":"","_wpscppro_dont_share_socialmedia":false,"_wpscppro_custom_social_share_image":0,"_facebook_share_type":"","_twitter_share_type":"","_linkedin_share_type":"","_pinterest_share_type":"","_linkedin_share_type_page":"","_instagram_share_type":"","_medium_share_type":"","_threads_share_type":"","_google_business_share_type":"","_selected_social_profile":[],"_wpsp_enable_custom_social_template":false,"_wpsp_social_scheduling":{"enabled":false,"datetime":null,"platforms":[],"status":"template_only","dateOption":"today","timeOption":"now","customDays":"","customHours":"","customDate":"","customTime":"","schedulingType":"absolute"},"_wpsp_active_default_template":true},"categories":[52,29],"tags":[],"class_list":["post-5969","post","type-post","status-publish","format-standard","has-post-thumbnail","hentry","category-a-la-une","category-economie"],"aioseo_notices":[],"yoast_head":"<!-- This site is optimized with the Yoast SEO plugin v27.5 - https:\/\/yoast.com\/product\/yoast-seo-wordpress\/ -->\n<title>Nouvelles obligations pour les importateurs : Rationaliser les d\u00e9penses en devises - La Sentinelle<\/title>\n<meta name=\"robots\" content=\"index, follow, max-snippet:-1, max-image-preview:large, max-video-preview:-1\" \/>\n<link rel=\"canonical\" href=\"https:\/\/lasentinelle.dz\/index.php\/2021\/08\/31\/nouvelles-obligations-pour-les-importateurs-rationaliser-les-depenses-en-devises\/\" \/>\n<meta property=\"og:locale\" content=\"fr_FR\" \/>\n<meta property=\"og:type\" content=\"article\" \/>\n<meta property=\"og:title\" content=\"Nouvelles obligations pour les importateurs : Rationaliser les d\u00e9penses en devises - La Sentinelle\" \/>\n<meta property=\"og:description\" content=\"Dans un communiqu\u00e9 commun publi\u00e9 hier,&nbsp; les minist\u00e8res du Commerce et de la Promotion des exportations et le minist\u00e8re des\" \/>\n<meta property=\"og:url\" content=\"https:\/\/lasentinelle.dz\/index.php\/2021\/08\/31\/nouvelles-obligations-pour-les-importateurs-rationaliser-les-depenses-en-devises\/\" \/>\n<meta property=\"og:site_name\" content=\"La Sentinelle\" \/>\n<meta property=\"article:publisher\" content=\"https:\/\/www.facebook.com\/La-Sentinelle-104059864394773\" \/>\n<meta property=\"article:published_time\" content=\"2021-08-30T23:05:00+00:00\" \/>\n<meta property=\"og:image\" content=\"https:\/\/lasentinelle.dz\/wp-content\/uploads\/2021\/08\/contunaire.png\" \/>\n\t<meta property=\"og:image:width\" content=\"1355\" \/>\n\t<meta property=\"og:image:height\" content=\"900\" \/>\n\t<meta property=\"og:image:type\" content=\"image\/png\" \/>\n<meta name=\"author\" content=\"La Sentinelle\" \/>\n<meta name=\"twitter:card\" content=\"summary_large_image\" \/>\n<meta name=\"twitter:label1\" content=\"\u00c9crit par\" \/>\n\t<meta name=\"twitter:data1\" content=\"La Sentinelle\" \/>\n\t<meta name=\"twitter:label2\" content=\"Dur\u00e9e de lecture estim\u00e9e\" \/>\n\t<meta name=\"twitter:data2\" content=\"3 minutes\" \/>\n<script type=\"application\/ld+json\" class=\"yoast-schema-graph\">{\"@context\":\"https:\\\/\\\/schema.org\",\"@graph\":[{\"@type\":\"Article\",\"@id\":\"https:\\\/\\\/lasentinelle.dz\\\/index.php\\\/2021\\\/08\\\/31\\\/nouvelles-obligations-pour-les-importateurs-rationaliser-les-depenses-en-devises\\\/#article\",\"isPartOf\":{\"@id\":\"https:\\\/\\\/lasentinelle.dz\\\/index.php\\\/2021\\\/08\\\/31\\\/nouvelles-obligations-pour-les-importateurs-rationaliser-les-depenses-en-devises\\\/\"},\"author\":{\"name\":\"La Sentinelle\",\"@id\":\"https:\\\/\\\/lasentinelle.dz\\\/#\\\/schema\\\/person\\\/d865044e22e70a75174ce8bcad3acfb3\"},\"headline\":\"Nouvelles obligations pour les importateurs : Rationaliser les d\u00e9penses en devises\",\"datePublished\":\"2021-08-30T23:05:00+00:00\",\"mainEntityOfPage\":{\"@id\":\"https:\\\/\\\/lasentinelle.dz\\\/index.php\\\/2021\\\/08\\\/31\\\/nouvelles-obligations-pour-les-importateurs-rationaliser-les-depenses-en-devises\\\/\"},\"wordCount\":574,\"commentCount\":0,\"publisher\":{\"@id\":\"https:\\\/\\\/lasentinelle.dz\\\/#organization\"},\"image\":{\"@id\":\"https:\\\/\\\/lasentinelle.dz\\\/index.php\\\/2021\\\/08\\\/31\\\/nouvelles-obligations-pour-les-importateurs-rationaliser-les-depenses-en-devises\\\/#primaryimage\"},\"thumbnailUrl\":\"https:\\\/\\\/lasentinelle.dz\\\/wp-content\\\/uploads\\\/2021\\\/08\\\/contunaire.png\",\"articleSection\":[\"\u00c0 la Une\",\"\u00c9conomie\"],\"inLanguage\":\"fr-FR\",\"potentialAction\":[{\"@type\":\"CommentAction\",\"name\":\"Comment\",\"target\":[\"https:\\\/\\\/lasentinelle.dz\\\/index.php\\\/2021\\\/08\\\/31\\\/nouvelles-obligations-pour-les-importateurs-rationaliser-les-depenses-en-devises\\\/#respond\"]}]},{\"@type\":\"WebPage\",\"@id\":\"https:\\\/\\\/lasentinelle.dz\\\/index.php\\\/2021\\\/08\\\/31\\\/nouvelles-obligations-pour-les-importateurs-rationaliser-les-depenses-en-devises\\\/\",\"url\":\"https:\\\/\\\/lasentinelle.dz\\\/index.php\\\/2021\\\/08\\\/31\\\/nouvelles-obligations-pour-les-importateurs-rationaliser-les-depenses-en-devises\\\/\",\"name\":\"Nouvelles obligations pour les importateurs : Rationaliser les d\u00e9penses en devises - La Sentinelle\",\"isPartOf\":{\"@id\":\"https:\\\/\\\/lasentinelle.dz\\\/#website\"},\"primaryImageOfPage\":{\"@id\":\"https:\\\/\\\/lasentinelle.dz\\\/index.php\\\/2021\\\/08\\\/31\\\/nouvelles-obligations-pour-les-importateurs-rationaliser-les-depenses-en-devises\\\/#primaryimage\"},\"image\":{\"@id\":\"https:\\\/\\\/lasentinelle.dz\\\/index.php\\\/2021\\\/08\\\/31\\\/nouvelles-obligations-pour-les-importateurs-rationaliser-les-depenses-en-devises\\\/#primaryimage\"},\"thumbnailUrl\":\"https:\\\/\\\/lasentinelle.dz\\\/wp-content\\\/uploads\\\/2021\\\/08\\\/contunaire.png\",\"datePublished\":\"2021-08-30T23:05:00+00:00\",\"breadcrumb\":{\"@id\":\"https:\\\/\\\/lasentinelle.dz\\\/index.php\\\/2021\\\/08\\\/31\\\/nouvelles-obligations-pour-les-importateurs-rationaliser-les-depenses-en-devises\\\/#breadcrumb\"},\"inLanguage\":\"fr-FR\",\"potentialAction\":[{\"@type\":\"ReadAction\",\"target\":[\"https:\\\/\\\/lasentinelle.dz\\\/index.php\\\/2021\\\/08\\\/31\\\/nouvelles-obligations-pour-les-importateurs-rationaliser-les-depenses-en-devises\\\/\"]}]},{\"@type\":\"ImageObject\",\"inLanguage\":\"fr-FR\",\"@id\":\"https:\\\/\\\/lasentinelle.dz\\\/index.php\\\/2021\\\/08\\\/31\\\/nouvelles-obligations-pour-les-importateurs-rationaliser-les-depenses-en-devises\\\/#primaryimage\",\"url\":\"https:\\\/\\\/lasentinelle.dz\\\/wp-content\\\/uploads\\\/2021\\\/08\\\/contunaire.png\",\"contentUrl\":\"https:\\\/\\\/lasentinelle.dz\\\/wp-content\\\/uploads\\\/2021\\\/08\\\/contunaire.png\",\"width\":1355,\"height\":900},{\"@type\":\"BreadcrumbList\",\"@id\":\"https:\\\/\\\/lasentinelle.dz\\\/index.php\\\/2021\\\/08\\\/31\\\/nouvelles-obligations-pour-les-importateurs-rationaliser-les-depenses-en-devises\\\/#breadcrumb\",\"itemListElement\":[{\"@type\":\"ListItem\",\"position\":1,\"name\":\"Accueil\",\"item\":\"https:\\\/\\\/lasentinelle.dz\\\/\"},{\"@type\":\"ListItem\",\"position\":2,\"name\":\"Nouvelles obligations pour les importateurs : Rationaliser les d\u00e9penses en devises\"}]},{\"@type\":\"WebSite\",\"@id\":\"https:\\\/\\\/lasentinelle.dz\\\/#website\",\"url\":\"https:\\\/\\\/lasentinelle.dz\\\/\",\"name\":\"La Sentinelle\",\"description\":\"Quotidien national d&#039;information\",\"publisher\":{\"@id\":\"https:\\\/\\\/lasentinelle.dz\\\/#organization\"},\"potentialAction\":[{\"@type\":\"SearchAction\",\"target\":{\"@type\":\"EntryPoint\",\"urlTemplate\":\"https:\\\/\\\/lasentinelle.dz\\\/?s={search_term_string}\"},\"query-input\":{\"@type\":\"PropertyValueSpecification\",\"valueRequired\":true,\"valueName\":\"search_term_string\"}}],\"inLanguage\":\"fr-FR\"},{\"@type\":\"Organization\",\"@id\":\"https:\\\/\\\/lasentinelle.dz\\\/#organization\",\"name\":\"Quotidien La Sentinelle\",\"url\":\"https:\\\/\\\/lasentinelle.dz\\\/\",\"logo\":{\"@type\":\"ImageObject\",\"inLanguage\":\"fr-FR\",\"@id\":\"https:\\\/\\\/lasentinelle.dz\\\/#\\\/schema\\\/logo\\\/image\\\/\",\"url\":\"https:\\\/\\\/lasentinelle.dz\\\/wp-content\\\/uploads\\\/2021\\\/09\\\/logo-sentinelleSLOGAN-1.png\",\"contentUrl\":\"https:\\\/\\\/lasentinelle.dz\\\/wp-content\\\/uploads\\\/2021\\\/09\\\/logo-sentinelleSLOGAN-1.png\",\"width\":615,\"height\":142,\"caption\":\"Quotidien La Sentinelle\"},\"image\":{\"@id\":\"https:\\\/\\\/lasentinelle.dz\\\/#\\\/schema\\\/logo\\\/image\\\/\"},\"sameAs\":[\"https:\\\/\\\/www.facebook.com\\\/La-Sentinelle-104059864394773\"]},{\"@type\":\"Person\",\"@id\":\"https:\\\/\\\/lasentinelle.dz\\\/#\\\/schema\\\/person\\\/d865044e22e70a75174ce8bcad3acfb3\",\"name\":\"La Sentinelle\",\"image\":{\"@type\":\"ImageObject\",\"inLanguage\":\"fr-FR\",\"@id\":\"https:\\\/\\\/secure.gravatar.com\\\/avatar\\\/57de8e5d4b15d43fb361a71fbb36338450fe67865b528a43dd10ef7c51a20392?s=96&d=mm&r=g\",\"url\":\"https:\\\/\\\/secure.gravatar.com\\\/avatar\\\/57de8e5d4b15d43fb361a71fbb36338450fe67865b528a43dd10ef7c51a20392?s=96&d=mm&r=g\",\"contentUrl\":\"https:\\\/\\\/secure.gravatar.com\\\/avatar\\\/57de8e5d4b15d43fb361a71fbb36338450fe67865b528a43dd10ef7c51a20392?s=96&d=mm&r=g\",\"caption\":\"La Sentinelle\"},\"sameAs\":[\"http:\\\/\\\/www.lasentinelle.dz\"],\"url\":\"https:\\\/\\\/lasentinelle.dz\\\/author\\\/redaction\\\/\"}]}<\/script>\n<!-- \/ Yoast SEO plugin. -->","yoast_head_json":{"title":"Nouvelles obligations pour les importateurs : Rationaliser les d\u00e9penses en devises - La Sentinelle","robots":{"index":"index","follow":"follow","max-snippet":"max-snippet:-1","max-image-preview":"max-image-preview:large","max-video-preview":"max-video-preview:-1"},"canonical":"https:\/\/lasentinelle.dz\/index.php\/2021\/08\/31\/nouvelles-obligations-pour-les-importateurs-rationaliser-les-depenses-en-devises\/","og_locale":"fr_FR","og_type":"article","og_title":"Nouvelles obligations pour les importateurs : Rationaliser les d\u00e9penses en devises - La Sentinelle","og_description":"Dans un communiqu\u00e9 commun publi\u00e9 hier,&nbsp; les minist\u00e8res du Commerce et de la Promotion des exportations et le minist\u00e8re des","og_url":"https:\/\/lasentinelle.dz\/index.php\/2021\/08\/31\/nouvelles-obligations-pour-les-importateurs-rationaliser-les-depenses-en-devises\/","og_site_name":"La Sentinelle","article_publisher":"https:\/\/www.facebook.com\/La-Sentinelle-104059864394773","article_published_time":"2021-08-30T23:05:00+00:00","og_image":[{"width":1355,"height":900,"url":"https:\/\/lasentinelle.dz\/wp-content\/uploads\/2021\/08\/contunaire.png","type":"image\/png"}],"author":"La Sentinelle","twitter_card":"summary_large_image","twitter_misc":{"\u00c9crit par":"La Sentinelle","Dur\u00e9e de lecture estim\u00e9e":"3 minutes"},"schema":{"@context":"https:\/\/schema.org","@graph":[{"@type":"Article","@id":"https:\/\/lasentinelle.dz\/index.php\/2021\/08\/31\/nouvelles-obligations-pour-les-importateurs-rationaliser-les-depenses-en-devises\/#article","isPartOf":{"@id":"https:\/\/lasentinelle.dz\/index.php\/2021\/08\/31\/nouvelles-obligations-pour-les-importateurs-rationaliser-les-depenses-en-devises\/"},"author":{"name":"La Sentinelle","@id":"https:\/\/lasentinelle.dz\/#\/schema\/person\/d865044e22e70a75174ce8bcad3acfb3"},"headline":"Nouvelles obligations pour les importateurs : Rationaliser les d\u00e9penses en devises","datePublished":"2021-08-30T23:05:00+00:00","mainEntityOfPage":{"@id":"https:\/\/lasentinelle.dz\/index.php\/2021\/08\/31\/nouvelles-obligations-pour-les-importateurs-rationaliser-les-depenses-en-devises\/"},"wordCount":574,"commentCount":0,"publisher":{"@id":"https:\/\/lasentinelle.dz\/#organization"},"image":{"@id":"https:\/\/lasentinelle.dz\/index.php\/2021\/08\/31\/nouvelles-obligations-pour-les-importateurs-rationaliser-les-depenses-en-devises\/#primaryimage"},"thumbnailUrl":"https:\/\/lasentinelle.dz\/wp-content\/uploads\/2021\/08\/contunaire.png","articleSection":["\u00c0 la Une","\u00c9conomie"],"inLanguage":"fr-FR","potentialAction":[{"@type":"CommentAction","name":"Comment","target":["https:\/\/lasentinelle.dz\/index.php\/2021\/08\/31\/nouvelles-obligations-pour-les-importateurs-rationaliser-les-depenses-en-devises\/#respond"]}]},{"@type":"WebPage","@id":"https:\/\/lasentinelle.dz\/index.php\/2021\/08\/31\/nouvelles-obligations-pour-les-importateurs-rationaliser-les-depenses-en-devises\/","url":"https:\/\/lasentinelle.dz\/index.php\/2021\/08\/31\/nouvelles-obligations-pour-les-importateurs-rationaliser-les-depenses-en-devises\/","name":"Nouvelles obligations pour les importateurs : Rationaliser les d\u00e9penses en devises - La Sentinelle","isPartOf":{"@id":"https:\/\/lasentinelle.dz\/#website"},"primaryImageOfPage":{"@id":"https:\/\/lasentinelle.dz\/index.php\/2021\/08\/31\/nouvelles-obligations-pour-les-importateurs-rationaliser-les-depenses-en-devises\/#primaryimage"},"image":{"@id":"https:\/\/lasentinelle.dz\/index.php\/2021\/08\/31\/nouvelles-obligations-pour-les-importateurs-rationaliser-les-depenses-en-devises\/#primaryimage"},"thumbnailUrl":"https:\/\/lasentinelle.dz\/wp-content\/uploads\/2021\/08\/contunaire.png","datePublished":"2021-08-30T23:05:00+00:00","breadcrumb":{"@id":"https:\/\/lasentinelle.dz\/index.php\/2021\/08\/31\/nouvelles-obligations-pour-les-importateurs-rationaliser-les-depenses-en-devises\/#breadcrumb"},"inLanguage":"fr-FR","potentialAction":[{"@type":"ReadAction","target":["https:\/\/lasentinelle.dz\/index.php\/2021\/08\/31\/nouvelles-obligations-pour-les-importateurs-rationaliser-les-depenses-en-devises\/"]}]},{"@type":"ImageObject","inLanguage":"fr-FR","@id":"https:\/\/lasentinelle.dz\/index.php\/2021\/08\/31\/nouvelles-obligations-pour-les-importateurs-rationaliser-les-depenses-en-devises\/#primaryimage","url":"https:\/\/lasentinelle.dz\/wp-content\/uploads\/2021\/08\/contunaire.png","contentUrl":"https:\/\/lasentinelle.dz\/wp-content\/uploads\/2021\/08\/contunaire.png","width":1355,"height":900},{"@type":"BreadcrumbList","@id":"https:\/\/lasentinelle.dz\/index.php\/2021\/08\/31\/nouvelles-obligations-pour-les-importateurs-rationaliser-les-depenses-en-devises\/#breadcrumb","itemListElement":[{"@type":"ListItem","position":1,"name":"Accueil","item":"https:\/\/lasentinelle.dz\/"},{"@type":"ListItem","position":2,"name":"Nouvelles obligations pour les importateurs : Rationaliser les d\u00e9penses en devises"}]},{"@type":"WebSite","@id":"https:\/\/lasentinelle.dz\/#website","url":"https:\/\/lasentinelle.dz\/","name":"La Sentinelle","description":"Quotidien national d&#039;information","publisher":{"@id":"https:\/\/lasentinelle.dz\/#organization"},"potentialAction":[{"@type":"SearchAction","target":{"@type":"EntryPoint","urlTemplate":"https:\/\/lasentinelle.dz\/?s={search_term_string}"},"query-input":{"@type":"PropertyValueSpecification","valueRequired":true,"valueName":"search_term_string"}}],"inLanguage":"fr-FR"},{"@type":"Organization","@id":"https:\/\/lasentinelle.dz\/#organization","name":"Quotidien La Sentinelle","url":"https:\/\/lasentinelle.dz\/","logo":{"@type":"ImageObject","inLanguage":"fr-FR","@id":"https:\/\/lasentinelle.dz\/#\/schema\/logo\/image\/","url":"https:\/\/lasentinelle.dz\/wp-content\/uploads\/2021\/09\/logo-sentinelleSLOGAN-1.png","contentUrl":"https:\/\/lasentinelle.dz\/wp-content\/uploads\/2021\/09\/logo-sentinelleSLOGAN-1.png","width":615,"height":142,"caption":"Quotidien La Sentinelle"},"image":{"@id":"https:\/\/lasentinelle.dz\/#\/schema\/logo\/image\/"},"sameAs":["https:\/\/www.facebook.com\/La-Sentinelle-104059864394773"]},{"@type":"Person","@id":"https:\/\/lasentinelle.dz\/#\/schema\/person\/d865044e22e70a75174ce8bcad3acfb3","name":"La Sentinelle","image":{"@type":"ImageObject","inLanguage":"fr-FR","@id":"https:\/\/secure.gravatar.com\/avatar\/57de8e5d4b15d43fb361a71fbb36338450fe67865b528a43dd10ef7c51a20392?s=96&d=mm&r=g","url":"https:\/\/secure.gravatar.com\/avatar\/57de8e5d4b15d43fb361a71fbb36338450fe67865b528a43dd10ef7c51a20392?s=96&d=mm&r=g","contentUrl":"https:\/\/secure.gravatar.com\/avatar\/57de8e5d4b15d43fb361a71fbb36338450fe67865b528a43dd10ef7c51a20392?s=96&d=mm&r=g","caption":"La Sentinelle"},"sameAs":["http:\/\/www.lasentinelle.dz"],"url":"https:\/\/lasentinelle.dz\/author\/redaction\/"}]}},"_links":{"self":[{"href":"https:\/\/lasentinelle.dz\/index.php\/wp-json\/wp\/v2\/posts\/5969","targetHints":{"allow":["GET"]}}],"collection":[{"href":"https:\/\/lasentinelle.dz\/index.php\/wp-json\/wp\/v2\/posts"}],"about":[{"href":"https:\/\/lasentinelle.dz\/index.php\/wp-json\/wp\/v2\/types\/post"}],"author":[{"embeddable":true,"href":"https:\/\/lasentinelle.dz\/index.php\/wp-json\/wp\/v2\/users\/3"}],"replies":[{"embeddable":true,"href":"https:\/\/lasentinelle.dz\/index.php\/wp-json\/wp\/v2\/comments?post=5969"}],"version-history":[{"count":1,"href":"https:\/\/lasentinelle.dz\/index.php\/wp-json\/wp\/v2\/posts\/5969\/revisions"}],"predecessor-version":[{"id":5981,"href":"https:\/\/lasentinelle.dz\/index.php\/wp-json\/wp\/v2\/posts\/5969\/revisions\/5981"}],"wp:featuredmedia":[{"embeddable":true,"href":"https:\/\/lasentinelle.dz\/index.php\/wp-json\/wp\/v2\/media\/5980"}],"wp:attachment":[{"href":"https:\/\/lasentinelle.dz\/index.php\/wp-json\/wp\/v2\/media?parent=5969"}],"wp:term":[{"taxonomy":"category","embeddable":true,"href":"https:\/\/lasentinelle.dz\/index.php\/wp-json\/wp\/v2\/categories?post=5969"},{"taxonomy":"post_tag","embeddable":true,"href":"https:\/\/lasentinelle.dz\/index.php\/wp-json\/wp\/v2\/tags?post=5969"}],"curies":[{"name":"wp","href":"https:\/\/api.w.org\/{rel}","templated":true}]}}