{"id":59712,"date":"2024-11-24T11:15:30","date_gmt":"2024-11-24T10:15:30","guid":{"rendered":"https:\/\/lasentinelle.dz\/?p=59712"},"modified":"2024-11-24T11:15:31","modified_gmt":"2024-11-24T10:15:31","slug":"session-de-la-journee-du-rif-sous-le-theme-la-republique-du-rif-et-le-droit-de-recouvrer-lindependance","status":"publish","type":"post","link":"https:\/\/lasentinelle.dz\/index.php\/2024\/11\/24\/session-de-la-journee-du-rif-sous-le-theme-la-republique-du-rif-et-le-droit-de-recouvrer-lindependance\/","title":{"rendered":"Session de la Journ\u00e9e du Rif sous le th\u00e8me \u00ab\u00a0la R\u00e9publique du Rif et le droit de recouvrer l&rsquo;ind\u00e9pendance\u00a0\u00bb"},"content":{"rendered":"\n<p><strong>Une premi\u00e8re historique \u00e0 Alger<\/strong><\/p>\n\n\n\n<p>La premi\u00e8re session historique de la Journ\u00e9e du Rif s&rsquo;est ouverte hier \u00e0 Alger, portant comme th\u00e8me central \u00ab\u00a0la R\u00e9publique du Rif et le droit de recouvrer l&rsquo;ind\u00e9pendance\u00a0\u00bb. Cet \u00e9v\u00e9nement majeur, orchestr\u00e9 par le Parti national rifain, marque un tournant significatif dans la lutte pour la reconnaissance des droits du peuple rifain.<\/p>\n\n\n\n<p>L&rsquo;assembl\u00e9e a r\u00e9uni un panel prestigieux de personnalit\u00e9s internationales, notamment un ministre d\u00e9l\u00e9gu\u00e9 du gouvernement sud-africain et le pr\u00e9sident du parti Al Jama-Ah, t\u00e9moignant de l&rsquo;importance croissante de la cause rifaine sur la sc\u00e8ne internationale. La pr\u00e9sence remarqu\u00e9e de plusieurs formations politiques mozambicaines soutenant activement la cause du Rif, ainsi que de repr\u00e9sentants de la R\u00e9publique arabe sahraouie d\u00e9mocratique (RASD), a consid\u00e9rablement enrichi les d\u00e9bats. Des partis politiques alg\u00e9riens et des parlementaires ont \u00e9galement manifest\u00e9 leur soutien en participant activement aux discussions. Lors de son intervention marquante, M. Yuba El-Ghadioui, figure \u00e9minente du Parti national rifain, a rendu un vibrant hommage \u00e0 l&rsquo;Alg\u00e9rie, la qualifiant de \u00ab\u00a0Mecque des r\u00e9volutionnaires\u00a0\u00bb en r\u00e9f\u00e9rence \u00e0 ses positions historiques constantes en faveur des mouvements de lib\u00e9ration. Il a particuli\u00e8rement soulign\u00e9 le caract\u00e8re historique de cette rencontre, pr\u00e9cisant qu&rsquo;il s&rsquo;agissait de la premi\u00e8re manifestation du Parti national rifain organis\u00e9e hors du continent europ\u00e9en. Dans son discours passionn\u00e9, El-Ghadioui a exprim\u00e9 l&rsquo;espoir profond d&rsquo;organiser un jour une rencontre similaire sur le territoire m\u00eame du Rif, un objectif qu&rsquo;il consid\u00e8re comme r\u00e9alisable malgr\u00e9 les obstacles actuels. Il a fermement r\u00e9affirm\u00e9 la d\u00e9termination in\u00e9branlable du parti \u00e0 poursuivre la lutte pour la reconnaissance des droits l\u00e9gitimes du peuple rifain, soulignant que ces revendications s&rsquo;inscrivent dans une longue tradition de r\u00e9sistance.<\/p>\n\n\n\n<p>Un point crucial de son intervention a port\u00e9 sur la distinction historique entre la R\u00e9publique du Rif et le Maroc. El-Ghadioui a cat\u00e9goriquement affirm\u00e9 que la R\u00e9publique du Rif n&rsquo;a jamais fait partie int\u00e9grante du territoire marocain, d\u00e9non\u00e7ant l&rsquo;attitude historiquement hostile du Maroc envers le peuple rifain et sa lutte pour l&rsquo;autod\u00e9termination. L&rsquo;orateur a lanc\u00e9 un appel vibrant aux nations africaines, les exhortant \u00e0 reconna\u00eetre la RASD et la R\u00e9publique du Rif comme les derni\u00e8res colonies subsistant sur le continent africain. Il a d\u00e9peint ces situations comme des \u00ab\u00a0plaies b\u00e9antes\u00a0\u00bb qui ne pourront se refermer qu&rsquo;avec l&rsquo;accession \u00e0 l&rsquo;ind\u00e9pendance de ces territoires.<\/p>\n\n\n\n<p><strong>Le Rif et le Sahara occidental, deux plaies b\u00e9antes<\/strong><\/p>\n\n\n\n<p>El-Ghadioui a particuli\u00e8rement insist\u00e9 sur l&rsquo;urgence de soutenir le peuple rifain, qu&rsquo;il d\u00e9crit comme victime d&rsquo;un \u00ab\u00a0g\u00e9nocide syst\u00e9matique\u00a0\u00bb perp\u00e9tr\u00e9 par les autorit\u00e9s marocaines. Il a rappel\u00e9 avec force que la R\u00e9publique du Rif, \u00e9tablie en 1921 et ayant exist\u00e9 jusqu&rsquo;en 1926, constituait la premi\u00e8re r\u00e9publique ind\u00e9pendante d&rsquo;Afrique du Nord, jouissant d&rsquo;une pleine souverainet\u00e9 et n&rsquo;ayant jamais \u00e9t\u00e9 soumise au r\u00e9gime du Makhzen marocain. Dans sa conclusion, l&rsquo;intervenant a soulign\u00e9 la double l\u00e9gitimit\u00e9 &#8211; historique et juridique &#8211; qui sous-tend les revendications du peuple rifain pour recouvrer son ind\u00e9pendance. Il a notamment rappel\u00e9 que le Makhzen s&rsquo;\u00e9tait alli\u00e9 aux puissances coloniales au d\u00e9triment des int\u00e9r\u00eats du peuple rifain, trahissant ainsi la cause de la libert\u00e9 et de l&rsquo;autod\u00e9termination. Cette premi\u00e8re session de la Journ\u00e9e du Rif \u00e0 Alger repr\u00e9sente une \u00e9tape significative dans la lutte pour la reconnaissance internationale de la cause rifaine et marque un nouveau chapitre dans les efforts diplomatiques du Parti national rifain pour faire entendre sa voix sur la sc\u00e8ne internationale.<\/p>\n\n\n\n<p>Samir Benisid<\/p>\n","protected":false},"excerpt":{"rendered":"<p>Une premi\u00e8re historique \u00e0 Alger La premi\u00e8re session historique de la Journ\u00e9e du Rif s&rsquo;est ouverte hier \u00e0 Alger, portant<\/p>\n","protected":false},"author":6,"featured_media":59713,"comment_status":"open","ping_status":"closed","sticky":false,"template":"","format":"standard","meta":{"colormag_page_container_layout":"default_layout","colormag_page_sidebar_layout":"default_layout","om_disable_all_campaigns":false,"_monsterinsights_skip_tracking":false,"_monsterinsights_sitenote_active":false,"_monsterinsights_sitenote_note":"","_monsterinsights_sitenote_category":0,"footnotes":"","_wpscppro_dont_share_socialmedia":false,"_wpscppro_custom_social_share_image":0,"_facebook_share_type":"default","_twitter_share_type":"default","_linkedin_share_type":"default","_pinterest_share_type":"default","_linkedin_share_type_page":"","_instagram_share_type":"default","_medium_share_type":"default","_threads_share_type":"","_google_business_share_type":"","_selected_social_profile":[],"_wpsp_enable_custom_social_template":false,"_wpsp_social_scheduling":{"enabled":false,"datetime":null,"platforms":[],"status":"template_only","dateOption":"today","timeOption":"now","customDays":"","customHours":"","customDate":"","customTime":"","schedulingType":"absolute"},"_wpsp_active_default_template":true},"categories":[52,27],"tags":[],"class_list":["post-59712","post","type-post","status-publish","format-standard","has-post-thumbnail","hentry","category-a-la-une","category-actualite"],"aioseo_notices":[],"yoast_head":"<!-- This site is optimized with the Yoast SEO plugin v27.5 - https:\/\/yoast.com\/product\/yoast-seo-wordpress\/ -->\n<title>Session de la Journ\u00e9e du Rif sous le th\u00e8me \u00ab\u00a0la R\u00e9publique du Rif et le droit de recouvrer l&rsquo;ind\u00e9pendance\u00a0\u00bb - La Sentinelle<\/title>\n<meta name=\"robots\" content=\"index, follow, max-snippet:-1, max-image-preview:large, max-video-preview:-1\" \/>\n<link rel=\"canonical\" href=\"https:\/\/lasentinelle.dz\/index.php\/2024\/11\/24\/session-de-la-journee-du-rif-sous-le-theme-la-republique-du-rif-et-le-droit-de-recouvrer-lindependance\/\" \/>\n<meta property=\"og:locale\" content=\"fr_FR\" \/>\n<meta property=\"og:type\" content=\"article\" \/>\n<meta property=\"og:title\" content=\"Session de la Journ\u00e9e du Rif sous le th\u00e8me \u00ab\u00a0la R\u00e9publique du Rif et le droit de recouvrer l&rsquo;ind\u00e9pendance\u00a0\u00bb - La Sentinelle\" \/>\n<meta property=\"og:description\" content=\"Une premi\u00e8re historique \u00e0 Alger La premi\u00e8re session historique de la Journ\u00e9e du Rif s&rsquo;est ouverte hier \u00e0 Alger, portant\" \/>\n<meta property=\"og:url\" content=\"https:\/\/lasentinelle.dz\/index.php\/2024\/11\/24\/session-de-la-journee-du-rif-sous-le-theme-la-republique-du-rif-et-le-droit-de-recouvrer-lindependance\/\" \/>\n<meta property=\"og:site_name\" content=\"La Sentinelle\" \/>\n<meta property=\"article:publisher\" content=\"https:\/\/www.facebook.com\/La-Sentinelle-104059864394773\" \/>\n<meta property=\"article:published_time\" content=\"2024-11-24T10:15:30+00:00\" \/>\n<meta property=\"article:modified_time\" content=\"2024-11-24T10:15:31+00:00\" \/>\n<meta property=\"og:image\" content=\"https:\/\/lasentinelle.dz\/wp-content\/uploads\/2024\/11\/Rif.webp\" \/>\n\t<meta property=\"og:image:width\" content=\"900\" \/>\n\t<meta property=\"og:image:height\" content=\"675\" \/>\n\t<meta property=\"og:image:type\" content=\"image\/webp\" \/>\n<meta name=\"author\" content=\"admin\" \/>\n<meta name=\"twitter:card\" content=\"summary_large_image\" \/>\n<meta name=\"twitter:label1\" content=\"\u00c9crit par\" \/>\n\t<meta name=\"twitter:data1\" content=\"admin\" \/>\n\t<meta name=\"twitter:label2\" content=\"Dur\u00e9e de lecture estim\u00e9e\" \/>\n\t<meta name=\"twitter:data2\" content=\"3 minutes\" \/>\n<script type=\"application\/ld+json\" class=\"yoast-schema-graph\">{\"@context\":\"https:\\\/\\\/schema.org\",\"@graph\":[{\"@type\":\"Article\",\"@id\":\"https:\\\/\\\/lasentinelle.dz\\\/index.php\\\/2024\\\/11\\\/24\\\/session-de-la-journee-du-rif-sous-le-theme-la-republique-du-rif-et-le-droit-de-recouvrer-lindependance\\\/#article\",\"isPartOf\":{\"@id\":\"https:\\\/\\\/lasentinelle.dz\\\/index.php\\\/2024\\\/11\\\/24\\\/session-de-la-journee-du-rif-sous-le-theme-la-republique-du-rif-et-le-droit-de-recouvrer-lindependance\\\/\"},\"author\":{\"name\":\"admin\",\"@id\":\"https:\\\/\\\/lasentinelle.dz\\\/#\\\/schema\\\/person\\\/729ee0024f24e0b8c5ec17232f8e8b41\"},\"headline\":\"Session de la Journ\u00e9e du Rif sous le th\u00e8me \u00ab\u00a0la R\u00e9publique du Rif et le droit de recouvrer l&rsquo;ind\u00e9pendance\u00a0\u00bb\",\"datePublished\":\"2024-11-24T10:15:30+00:00\",\"dateModified\":\"2024-11-24T10:15:31+00:00\",\"mainEntityOfPage\":{\"@id\":\"https:\\\/\\\/lasentinelle.dz\\\/index.php\\\/2024\\\/11\\\/24\\\/session-de-la-journee-du-rif-sous-le-theme-la-republique-du-rif-et-le-droit-de-recouvrer-lindependance\\\/\"},\"wordCount\":666,\"commentCount\":0,\"publisher\":{\"@id\":\"https:\\\/\\\/lasentinelle.dz\\\/#organization\"},\"image\":{\"@id\":\"https:\\\/\\\/lasentinelle.dz\\\/index.php\\\/2024\\\/11\\\/24\\\/session-de-la-journee-du-rif-sous-le-theme-la-republique-du-rif-et-le-droit-de-recouvrer-lindependance\\\/#primaryimage\"},\"thumbnailUrl\":\"https:\\\/\\\/lasentinelle.dz\\\/wp-content\\\/uploads\\\/2024\\\/11\\\/Rif.webp\",\"articleSection\":[\"\u00c0 la Une\",\"Actualit\u00e9\"],\"inLanguage\":\"fr-FR\",\"potentialAction\":[{\"@type\":\"CommentAction\",\"name\":\"Comment\",\"target\":[\"https:\\\/\\\/lasentinelle.dz\\\/index.php\\\/2024\\\/11\\\/24\\\/session-de-la-journee-du-rif-sous-le-theme-la-republique-du-rif-et-le-droit-de-recouvrer-lindependance\\\/#respond\"]}]},{\"@type\":\"WebPage\",\"@id\":\"https:\\\/\\\/lasentinelle.dz\\\/index.php\\\/2024\\\/11\\\/24\\\/session-de-la-journee-du-rif-sous-le-theme-la-republique-du-rif-et-le-droit-de-recouvrer-lindependance\\\/\",\"url\":\"https:\\\/\\\/lasentinelle.dz\\\/index.php\\\/2024\\\/11\\\/24\\\/session-de-la-journee-du-rif-sous-le-theme-la-republique-du-rif-et-le-droit-de-recouvrer-lindependance\\\/\",\"name\":\"Session de la Journ\u00e9e du Rif sous le th\u00e8me \u00ab\u00a0la R\u00e9publique du Rif et le droit de recouvrer l&rsquo;ind\u00e9pendance\u00a0\u00bb - La Sentinelle\",\"isPartOf\":{\"@id\":\"https:\\\/\\\/lasentinelle.dz\\\/#website\"},\"primaryImageOfPage\":{\"@id\":\"https:\\\/\\\/lasentinelle.dz\\\/index.php\\\/2024\\\/11\\\/24\\\/session-de-la-journee-du-rif-sous-le-theme-la-republique-du-rif-et-le-droit-de-recouvrer-lindependance\\\/#primaryimage\"},\"image\":{\"@id\":\"https:\\\/\\\/lasentinelle.dz\\\/index.php\\\/2024\\\/11\\\/24\\\/session-de-la-journee-du-rif-sous-le-theme-la-republique-du-rif-et-le-droit-de-recouvrer-lindependance\\\/#primaryimage\"},\"thumbnailUrl\":\"https:\\\/\\\/lasentinelle.dz\\\/wp-content\\\/uploads\\\/2024\\\/11\\\/Rif.webp\",\"datePublished\":\"2024-11-24T10:15:30+00:00\",\"dateModified\":\"2024-11-24T10:15:31+00:00\",\"breadcrumb\":{\"@id\":\"https:\\\/\\\/lasentinelle.dz\\\/index.php\\\/2024\\\/11\\\/24\\\/session-de-la-journee-du-rif-sous-le-theme-la-republique-du-rif-et-le-droit-de-recouvrer-lindependance\\\/#breadcrumb\"},\"inLanguage\":\"fr-FR\",\"potentialAction\":[{\"@type\":\"ReadAction\",\"target\":[\"https:\\\/\\\/lasentinelle.dz\\\/index.php\\\/2024\\\/11\\\/24\\\/session-de-la-journee-du-rif-sous-le-theme-la-republique-du-rif-et-le-droit-de-recouvrer-lindependance\\\/\"]}]},{\"@type\":\"ImageObject\",\"inLanguage\":\"fr-FR\",\"@id\":\"https:\\\/\\\/lasentinelle.dz\\\/index.php\\\/2024\\\/11\\\/24\\\/session-de-la-journee-du-rif-sous-le-theme-la-republique-du-rif-et-le-droit-de-recouvrer-lindependance\\\/#primaryimage\",\"url\":\"https:\\\/\\\/lasentinelle.dz\\\/wp-content\\\/uploads\\\/2024\\\/11\\\/Rif.webp\",\"contentUrl\":\"https:\\\/\\\/lasentinelle.dz\\\/wp-content\\\/uploads\\\/2024\\\/11\\\/Rif.webp\",\"width\":900,\"height\":675},{\"@type\":\"BreadcrumbList\",\"@id\":\"https:\\\/\\\/lasentinelle.dz\\\/index.php\\\/2024\\\/11\\\/24\\\/session-de-la-journee-du-rif-sous-le-theme-la-republique-du-rif-et-le-droit-de-recouvrer-lindependance\\\/#breadcrumb\",\"itemListElement\":[{\"@type\":\"ListItem\",\"position\":1,\"name\":\"Accueil\",\"item\":\"https:\\\/\\\/lasentinelle.dz\\\/\"},{\"@type\":\"ListItem\",\"position\":2,\"name\":\"Session de la Journ\u00e9e du Rif sous le th\u00e8me \u00ab\u00a0la R\u00e9publique du Rif et le droit de recouvrer l&rsquo;ind\u00e9pendance\u00a0\u00bb\"}]},{\"@type\":\"WebSite\",\"@id\":\"https:\\\/\\\/lasentinelle.dz\\\/#website\",\"url\":\"https:\\\/\\\/lasentinelle.dz\\\/\",\"name\":\"La Sentinelle\",\"description\":\"Quotidien national d&#039;information\",\"publisher\":{\"@id\":\"https:\\\/\\\/lasentinelle.dz\\\/#organization\"},\"potentialAction\":[{\"@type\":\"SearchAction\",\"target\":{\"@type\":\"EntryPoint\",\"urlTemplate\":\"https:\\\/\\\/lasentinelle.dz\\\/?s={search_term_string}\"},\"query-input\":{\"@type\":\"PropertyValueSpecification\",\"valueRequired\":true,\"valueName\":\"search_term_string\"}}],\"inLanguage\":\"fr-FR\"},{\"@type\":\"Organization\",\"@id\":\"https:\\\/\\\/lasentinelle.dz\\\/#organization\",\"name\":\"Quotidien La Sentinelle\",\"url\":\"https:\\\/\\\/lasentinelle.dz\\\/\",\"logo\":{\"@type\":\"ImageObject\",\"inLanguage\":\"fr-FR\",\"@id\":\"https:\\\/\\\/lasentinelle.dz\\\/#\\\/schema\\\/logo\\\/image\\\/\",\"url\":\"https:\\\/\\\/lasentinelle.dz\\\/wp-content\\\/uploads\\\/2021\\\/09\\\/logo-sentinelleSLOGAN-1.png\",\"contentUrl\":\"https:\\\/\\\/lasentinelle.dz\\\/wp-content\\\/uploads\\\/2021\\\/09\\\/logo-sentinelleSLOGAN-1.png\",\"width\":615,\"height\":142,\"caption\":\"Quotidien La Sentinelle\"},\"image\":{\"@id\":\"https:\\\/\\\/lasentinelle.dz\\\/#\\\/schema\\\/logo\\\/image\\\/\"},\"sameAs\":[\"https:\\\/\\\/www.facebook.com\\\/La-Sentinelle-104059864394773\"]},{\"@type\":\"Person\",\"@id\":\"https:\\\/\\\/lasentinelle.dz\\\/#\\\/schema\\\/person\\\/729ee0024f24e0b8c5ec17232f8e8b41\",\"name\":\"admin\",\"image\":{\"@type\":\"ImageObject\",\"inLanguage\":\"fr-FR\",\"@id\":\"https:\\\/\\\/secure.gravatar.com\\\/avatar\\\/4c81fed838786e9b53f540bf46533e750f5d292099ae3b66cfc6fb1982e29df7?s=96&d=mm&r=g\",\"url\":\"https:\\\/\\\/secure.gravatar.com\\\/avatar\\\/4c81fed838786e9b53f540bf46533e750f5d292099ae3b66cfc6fb1982e29df7?s=96&d=mm&r=g\",\"contentUrl\":\"https:\\\/\\\/secure.gravatar.com\\\/avatar\\\/4c81fed838786e9b53f540bf46533e750f5d292099ae3b66cfc6fb1982e29df7?s=96&d=mm&r=g\",\"caption\":\"admin\"},\"description\":\"admin\",\"url\":\"https:\\\/\\\/lasentinelle.dz\\\/author\\\/admin\\\/\"}]}<\/script>\n<!-- \/ Yoast SEO plugin. -->","yoast_head_json":{"title":"Session de la Journ\u00e9e du Rif sous le th\u00e8me \u00ab\u00a0la R\u00e9publique du Rif et le droit de recouvrer l&rsquo;ind\u00e9pendance\u00a0\u00bb - La Sentinelle","robots":{"index":"index","follow":"follow","max-snippet":"max-snippet:-1","max-image-preview":"max-image-preview:large","max-video-preview":"max-video-preview:-1"},"canonical":"https:\/\/lasentinelle.dz\/index.php\/2024\/11\/24\/session-de-la-journee-du-rif-sous-le-theme-la-republique-du-rif-et-le-droit-de-recouvrer-lindependance\/","og_locale":"fr_FR","og_type":"article","og_title":"Session de la Journ\u00e9e du Rif sous le th\u00e8me \u00ab\u00a0la R\u00e9publique du Rif et le droit de recouvrer l&rsquo;ind\u00e9pendance\u00a0\u00bb - La Sentinelle","og_description":"Une premi\u00e8re historique \u00e0 Alger La premi\u00e8re session historique de la Journ\u00e9e du Rif s&rsquo;est ouverte hier \u00e0 Alger, portant","og_url":"https:\/\/lasentinelle.dz\/index.php\/2024\/11\/24\/session-de-la-journee-du-rif-sous-le-theme-la-republique-du-rif-et-le-droit-de-recouvrer-lindependance\/","og_site_name":"La Sentinelle","article_publisher":"https:\/\/www.facebook.com\/La-Sentinelle-104059864394773","article_published_time":"2024-11-24T10:15:30+00:00","article_modified_time":"2024-11-24T10:15:31+00:00","og_image":[{"width":900,"height":675,"url":"https:\/\/lasentinelle.dz\/wp-content\/uploads\/2024\/11\/Rif.webp","type":"image\/webp"}],"author":"admin","twitter_card":"summary_large_image","twitter_misc":{"\u00c9crit par":"admin","Dur\u00e9e de lecture estim\u00e9e":"3 minutes"},"schema":{"@context":"https:\/\/schema.org","@graph":[{"@type":"Article","@id":"https:\/\/lasentinelle.dz\/index.php\/2024\/11\/24\/session-de-la-journee-du-rif-sous-le-theme-la-republique-du-rif-et-le-droit-de-recouvrer-lindependance\/#article","isPartOf":{"@id":"https:\/\/lasentinelle.dz\/index.php\/2024\/11\/24\/session-de-la-journee-du-rif-sous-le-theme-la-republique-du-rif-et-le-droit-de-recouvrer-lindependance\/"},"author":{"name":"admin","@id":"https:\/\/lasentinelle.dz\/#\/schema\/person\/729ee0024f24e0b8c5ec17232f8e8b41"},"headline":"Session de la Journ\u00e9e du Rif sous le th\u00e8me \u00ab\u00a0la R\u00e9publique du Rif et le droit de recouvrer l&rsquo;ind\u00e9pendance\u00a0\u00bb","datePublished":"2024-11-24T10:15:30+00:00","dateModified":"2024-11-24T10:15:31+00:00","mainEntityOfPage":{"@id":"https:\/\/lasentinelle.dz\/index.php\/2024\/11\/24\/session-de-la-journee-du-rif-sous-le-theme-la-republique-du-rif-et-le-droit-de-recouvrer-lindependance\/"},"wordCount":666,"commentCount":0,"publisher":{"@id":"https:\/\/lasentinelle.dz\/#organization"},"image":{"@id":"https:\/\/lasentinelle.dz\/index.php\/2024\/11\/24\/session-de-la-journee-du-rif-sous-le-theme-la-republique-du-rif-et-le-droit-de-recouvrer-lindependance\/#primaryimage"},"thumbnailUrl":"https:\/\/lasentinelle.dz\/wp-content\/uploads\/2024\/11\/Rif.webp","articleSection":["\u00c0 la Une","Actualit\u00e9"],"inLanguage":"fr-FR","potentialAction":[{"@type":"CommentAction","name":"Comment","target":["https:\/\/lasentinelle.dz\/index.php\/2024\/11\/24\/session-de-la-journee-du-rif-sous-le-theme-la-republique-du-rif-et-le-droit-de-recouvrer-lindependance\/#respond"]}]},{"@type":"WebPage","@id":"https:\/\/lasentinelle.dz\/index.php\/2024\/11\/24\/session-de-la-journee-du-rif-sous-le-theme-la-republique-du-rif-et-le-droit-de-recouvrer-lindependance\/","url":"https:\/\/lasentinelle.dz\/index.php\/2024\/11\/24\/session-de-la-journee-du-rif-sous-le-theme-la-republique-du-rif-et-le-droit-de-recouvrer-lindependance\/","name":"Session de la Journ\u00e9e du Rif sous le th\u00e8me \u00ab\u00a0la R\u00e9publique du Rif et le droit de recouvrer l&rsquo;ind\u00e9pendance\u00a0\u00bb - La Sentinelle","isPartOf":{"@id":"https:\/\/lasentinelle.dz\/#website"},"primaryImageOfPage":{"@id":"https:\/\/lasentinelle.dz\/index.php\/2024\/11\/24\/session-de-la-journee-du-rif-sous-le-theme-la-republique-du-rif-et-le-droit-de-recouvrer-lindependance\/#primaryimage"},"image":{"@id":"https:\/\/lasentinelle.dz\/index.php\/2024\/11\/24\/session-de-la-journee-du-rif-sous-le-theme-la-republique-du-rif-et-le-droit-de-recouvrer-lindependance\/#primaryimage"},"thumbnailUrl":"https:\/\/lasentinelle.dz\/wp-content\/uploads\/2024\/11\/Rif.webp","datePublished":"2024-11-24T10:15:30+00:00","dateModified":"2024-11-24T10:15:31+00:00","breadcrumb":{"@id":"https:\/\/lasentinelle.dz\/index.php\/2024\/11\/24\/session-de-la-journee-du-rif-sous-le-theme-la-republique-du-rif-et-le-droit-de-recouvrer-lindependance\/#breadcrumb"},"inLanguage":"fr-FR","potentialAction":[{"@type":"ReadAction","target":["https:\/\/lasentinelle.dz\/index.php\/2024\/11\/24\/session-de-la-journee-du-rif-sous-le-theme-la-republique-du-rif-et-le-droit-de-recouvrer-lindependance\/"]}]},{"@type":"ImageObject","inLanguage":"fr-FR","@id":"https:\/\/lasentinelle.dz\/index.php\/2024\/11\/24\/session-de-la-journee-du-rif-sous-le-theme-la-republique-du-rif-et-le-droit-de-recouvrer-lindependance\/#primaryimage","url":"https:\/\/lasentinelle.dz\/wp-content\/uploads\/2024\/11\/Rif.webp","contentUrl":"https:\/\/lasentinelle.dz\/wp-content\/uploads\/2024\/11\/Rif.webp","width":900,"height":675},{"@type":"BreadcrumbList","@id":"https:\/\/lasentinelle.dz\/index.php\/2024\/11\/24\/session-de-la-journee-du-rif-sous-le-theme-la-republique-du-rif-et-le-droit-de-recouvrer-lindependance\/#breadcrumb","itemListElement":[{"@type":"ListItem","position":1,"name":"Accueil","item":"https:\/\/lasentinelle.dz\/"},{"@type":"ListItem","position":2,"name":"Session de la Journ\u00e9e du Rif sous le th\u00e8me \u00ab\u00a0la R\u00e9publique du Rif et le droit de recouvrer l&rsquo;ind\u00e9pendance\u00a0\u00bb"}]},{"@type":"WebSite","@id":"https:\/\/lasentinelle.dz\/#website","url":"https:\/\/lasentinelle.dz\/","name":"La Sentinelle","description":"Quotidien national d&#039;information","publisher":{"@id":"https:\/\/lasentinelle.dz\/#organization"},"potentialAction":[{"@type":"SearchAction","target":{"@type":"EntryPoint","urlTemplate":"https:\/\/lasentinelle.dz\/?s={search_term_string}"},"query-input":{"@type":"PropertyValueSpecification","valueRequired":true,"valueName":"search_term_string"}}],"inLanguage":"fr-FR"},{"@type":"Organization","@id":"https:\/\/lasentinelle.dz\/#organization","name":"Quotidien La Sentinelle","url":"https:\/\/lasentinelle.dz\/","logo":{"@type":"ImageObject","inLanguage":"fr-FR","@id":"https:\/\/lasentinelle.dz\/#\/schema\/logo\/image\/","url":"https:\/\/lasentinelle.dz\/wp-content\/uploads\/2021\/09\/logo-sentinelleSLOGAN-1.png","contentUrl":"https:\/\/lasentinelle.dz\/wp-content\/uploads\/2021\/09\/logo-sentinelleSLOGAN-1.png","width":615,"height":142,"caption":"Quotidien La Sentinelle"},"image":{"@id":"https:\/\/lasentinelle.dz\/#\/schema\/logo\/image\/"},"sameAs":["https:\/\/www.facebook.com\/La-Sentinelle-104059864394773"]},{"@type":"Person","@id":"https:\/\/lasentinelle.dz\/#\/schema\/person\/729ee0024f24e0b8c5ec17232f8e8b41","name":"admin","image":{"@type":"ImageObject","inLanguage":"fr-FR","@id":"https:\/\/secure.gravatar.com\/avatar\/4c81fed838786e9b53f540bf46533e750f5d292099ae3b66cfc6fb1982e29df7?s=96&d=mm&r=g","url":"https:\/\/secure.gravatar.com\/avatar\/4c81fed838786e9b53f540bf46533e750f5d292099ae3b66cfc6fb1982e29df7?s=96&d=mm&r=g","contentUrl":"https:\/\/secure.gravatar.com\/avatar\/4c81fed838786e9b53f540bf46533e750f5d292099ae3b66cfc6fb1982e29df7?s=96&d=mm&r=g","caption":"admin"},"description":"admin","url":"https:\/\/lasentinelle.dz\/author\/admin\/"}]}},"_links":{"self":[{"href":"https:\/\/lasentinelle.dz\/index.php\/wp-json\/wp\/v2\/posts\/59712","targetHints":{"allow":["GET"]}}],"collection":[{"href":"https:\/\/lasentinelle.dz\/index.php\/wp-json\/wp\/v2\/posts"}],"about":[{"href":"https:\/\/lasentinelle.dz\/index.php\/wp-json\/wp\/v2\/types\/post"}],"author":[{"embeddable":true,"href":"https:\/\/lasentinelle.dz\/index.php\/wp-json\/wp\/v2\/users\/6"}],"replies":[{"embeddable":true,"href":"https:\/\/lasentinelle.dz\/index.php\/wp-json\/wp\/v2\/comments?post=59712"}],"version-history":[{"count":2,"href":"https:\/\/lasentinelle.dz\/index.php\/wp-json\/wp\/v2\/posts\/59712\/revisions"}],"predecessor-version":[{"id":59715,"href":"https:\/\/lasentinelle.dz\/index.php\/wp-json\/wp\/v2\/posts\/59712\/revisions\/59715"}],"wp:featuredmedia":[{"embeddable":true,"href":"https:\/\/lasentinelle.dz\/index.php\/wp-json\/wp\/v2\/media\/59713"}],"wp:attachment":[{"href":"https:\/\/lasentinelle.dz\/index.php\/wp-json\/wp\/v2\/media?parent=59712"}],"wp:term":[{"taxonomy":"category","embeddable":true,"href":"https:\/\/lasentinelle.dz\/index.php\/wp-json\/wp\/v2\/categories?post=59712"},{"taxonomy":"post_tag","embeddable":true,"href":"https:\/\/lasentinelle.dz\/index.php\/wp-json\/wp\/v2\/tags?post=59712"}],"curies":[{"name":"wp","href":"https:\/\/api.w.org\/{rel}","templated":true}]}}