{"id":59732,"date":"2024-11-25T11:39:47","date_gmt":"2024-11-25T10:39:47","guid":{"rendered":"https:\/\/lasentinelle.dz\/?p=59732"},"modified":"2024-11-25T11:39:50","modified_gmt":"2024-11-25T10:39:50","slug":"championnat-national-scolaire-des-sports-collectifs-saadaoui-et-sadi-se-penchent-sur-les-derniers-preparatifs","status":"publish","type":"post","link":"https:\/\/lasentinelle.dz\/index.php\/2024\/11\/25\/championnat-national-scolaire-des-sports-collectifs-saadaoui-et-sadi-se-penchent-sur-les-derniers-preparatifs\/","title":{"rendered":"Championnat national scolaire des sports collectifs: Saadaoui et Sadi se penchent sur les derniers pr\u00e9paratifs"},"content":{"rendered":"\n<p>Le ministre de l&rsquo;Education nationale entre Mohamed Seghir Sa\u00e2daoui, &nbsp;a rencontr\u00e9 samedi au si\u00e8ge de son d\u00e9partement Walid Sadi, ministre des Sports, pour finaliser les pr\u00e9paratifs du championnat national scolaire des sports collectifs qui d\u00e9butera le 7 janvier prochain. Cette r\u00e9union s&rsquo;inscrit dans le cadre des directives pr\u00e9sidentielles et des recommandations \u00e9mises lors du Conseil des ministres du 22 septembre dernier, visant \u00e0 redynamiser le sport scolaire alg\u00e9rien. L&rsquo;objectif principal de ce championnat est de constituer un vivier de talents pour les futures s\u00e9lections nationales, comme l&rsquo;a soulign\u00e9 le communiqu\u00e9 officiel du minist\u00e8re de l&rsquo;Education. Il est utile de rappeler dans ce contexte que le pr\u00e9sident de la R\u00e9publique accorde un int\u00e9r\u00eat particulier \u00e0 la relance du sport scolaire en tant que vivier de talents, mais aussi moyen de rayonnement continental. L\u2019Alg\u00e9rie a d\u2019ailleurs \u00e9t\u00e9 choisie pour accueillir la premi\u00e8re \u00e9dition des jeux scolaires africains. Deux villes sont actuellement en lice pour l&rsquo;organisation de cet \u00e9v\u00e9nement historique, Oran et Constantine, avec un avantage certain pour la capitale de l&rsquo;Ouest alg\u00e9rien. Cette d\u00e9signation comme pays h\u00f4te n&rsquo;est pas le fruit du hasard, mais la reconnaissance des r\u00e9cents succ\u00e8s alg\u00e9riens dans le domaine du sport scolaire, comme en t\u00e9moigne la remarquable performance de la d\u00e9l\u00e9gation nationale aux derniers jeux scolaires mondiaux au Bahre\u00efn. Avec une r\u00e9colte impressionnante de 49 m\u00e9dailles, dont 14 en or, 12 en argent et 23 en bronze, l&rsquo;Alg\u00e9rie s&rsquo;est hiss\u00e9e \u00e0 la 12e place du classement g\u00e9n\u00e9ral, une performance d&rsquo;autant plus m\u00e9ritoire que les 67 athl\u00e8tes alg\u00e9riens n&rsquo;ont particip\u00e9 qu&rsquo;\u00e0 sept disciplines. Cette r\u00e9ussite inclut notamment une premi\u00e8re participation prometteuse en basket 3\u00d73, illustrant la capacit\u00e9 du pays \u00e0 s&rsquo;adapter aux nouvelles tendances du sport international. Abdelhafid Izem, pr\u00e9sident de la F\u00e9d\u00e9ration alg\u00e9rienne du sport scolaire (FASS), &nbsp;a d\u2019ailleurs soulign\u00e9 il y a quelques jours l&rsquo;importance de la mobilisation g\u00e9n\u00e9rale qui a suivi les directives pr\u00e9sidentielles, cr\u00e9ant une dynamique positive entre tous les secteurs concern\u00e9s. Le championnat national des sports collectifs, dont les phases finales sont pr\u00e9vues pour le d\u00e9but de l&rsquo;\u00e9t\u00e9 prochain, symbolise parfaitement cette nouvelle impulsion donn\u00e9e au sport scolaire. Pour le pr\u00e9sident de la FASS, ce regain d&rsquo;int\u00e9r\u00eat pour le sport scolaire n&rsquo;est pas anodin : historiquement, cette fili\u00e8re a toujours \u00e9t\u00e9 un vivier essentiel pour les \u00e9quipes nationales. La coordination renforc\u00e9e entre les diff\u00e9rents acteurs du secteur et les moyens d\u00e9ploy\u00e9s t\u00e9moignent d&rsquo;une volont\u00e9 collective de redonner au sport scolaire ses lettres de noblesse. Cette mobilisation g\u00e9n\u00e9rale, port\u00e9e par les plus hautes instances de l&rsquo;\u00c9tat, laisse pr\u00e9sager un avenir prometteur pour le sport scolaire alg\u00e9rien, tant sur le plan national qu&rsquo;international.<\/p>\n\n\n\n<p>M. Dahleb<\/p>\n","protected":false},"excerpt":{"rendered":"<p>Le ministre de l&rsquo;Education nationale entre Mohamed Seghir Sa\u00e2daoui, &nbsp;a rencontr\u00e9 samedi au si\u00e8ge de son d\u00e9partement Walid Sadi, ministre<\/p>\n","protected":false},"author":2,"featured_media":59733,"comment_status":"open","ping_status":"closed","sticky":false,"template":"","format":"standard","meta":{"colormag_page_container_layout":"default_layout","colormag_page_sidebar_layout":"default_layout","om_disable_all_campaigns":false,"_monsterinsights_skip_tracking":false,"_monsterinsights_sitenote_active":false,"_monsterinsights_sitenote_note":"","_monsterinsights_sitenote_category":0,"footnotes":"","_wpscppro_dont_share_socialmedia":false,"_wpscppro_custom_social_share_image":0,"_facebook_share_type":"default","_twitter_share_type":"default","_linkedin_share_type":"default","_pinterest_share_type":"default","_linkedin_share_type_page":"","_instagram_share_type":"default","_medium_share_type":"default","_threads_share_type":"","_google_business_share_type":"","_selected_social_profile":[],"_wpsp_enable_custom_social_template":false,"_wpsp_social_scheduling":{"enabled":false,"datetime":null,"platforms":[],"status":"template_only","dateOption":"today","timeOption":"now","customDays":"","customHours":"","customDate":"","customTime":"","schedulingType":"absolute"},"_wpsp_active_default_template":true},"categories":[33],"tags":[],"class_list":["post-59732","post","type-post","status-publish","format-standard","has-post-thumbnail","hentry","category-sports"],"aioseo_notices":[],"yoast_head":"<!-- This site is optimized with the Yoast SEO plugin v27.5 - https:\/\/yoast.com\/product\/yoast-seo-wordpress\/ -->\n<title>Championnat national scolaire des sports collectifs: Saadaoui et Sadi se penchent sur les derniers pr\u00e9paratifs - La Sentinelle<\/title>\n<meta name=\"robots\" content=\"index, follow, max-snippet:-1, max-image-preview:large, max-video-preview:-1\" \/>\n<link rel=\"canonical\" href=\"https:\/\/lasentinelle.dz\/index.php\/2024\/11\/25\/championnat-national-scolaire-des-sports-collectifs-saadaoui-et-sadi-se-penchent-sur-les-derniers-preparatifs\/\" \/>\n<meta property=\"og:locale\" content=\"fr_FR\" \/>\n<meta property=\"og:type\" content=\"article\" \/>\n<meta property=\"og:title\" content=\"Championnat national scolaire des sports collectifs: Saadaoui et Sadi se penchent sur les derniers pr\u00e9paratifs - La Sentinelle\" \/>\n<meta property=\"og:description\" content=\"Le ministre de l&rsquo;Education nationale entre Mohamed Seghir Sa\u00e2daoui, &nbsp;a rencontr\u00e9 samedi au si\u00e8ge de son d\u00e9partement Walid Sadi, ministre\" \/>\n<meta property=\"og:url\" content=\"https:\/\/lasentinelle.dz\/index.php\/2024\/11\/25\/championnat-national-scolaire-des-sports-collectifs-saadaoui-et-sadi-se-penchent-sur-les-derniers-preparatifs\/\" \/>\n<meta property=\"og:site_name\" content=\"La Sentinelle\" \/>\n<meta property=\"article:publisher\" content=\"https:\/\/www.facebook.com\/La-Sentinelle-104059864394773\" \/>\n<meta property=\"article:published_time\" content=\"2024-11-25T10:39:47+00:00\" \/>\n<meta property=\"article:modified_time\" content=\"2024-11-25T10:39:50+00:00\" \/>\n<meta property=\"og:image\" content=\"https:\/\/lasentinelle.dz\/wp-content\/uploads\/2024\/11\/sadi-saadaoui.jpg\" \/>\n\t<meta property=\"og:image:width\" content=\"720\" \/>\n\t<meta property=\"og:image:height\" content=\"481\" \/>\n\t<meta property=\"og:image:type\" content=\"image\/jpeg\" \/>\n<meta name=\"author\" content=\"Azzedine Belferag\" \/>\n<meta name=\"twitter:card\" content=\"summary_large_image\" \/>\n<meta name=\"twitter:label1\" content=\"\u00c9crit par\" \/>\n\t<meta name=\"twitter:data1\" content=\"Azzedine Belferag\" \/>\n\t<meta name=\"twitter:label2\" content=\"Dur\u00e9e de lecture estim\u00e9e\" \/>\n\t<meta name=\"twitter:data2\" content=\"3 minutes\" \/>\n<script type=\"application\/ld+json\" class=\"yoast-schema-graph\">{\"@context\":\"https:\\\/\\\/schema.org\",\"@graph\":[{\"@type\":\"Article\",\"@id\":\"https:\\\/\\\/lasentinelle.dz\\\/index.php\\\/2024\\\/11\\\/25\\\/championnat-national-scolaire-des-sports-collectifs-saadaoui-et-sadi-se-penchent-sur-les-derniers-preparatifs\\\/#article\",\"isPartOf\":{\"@id\":\"https:\\\/\\\/lasentinelle.dz\\\/index.php\\\/2024\\\/11\\\/25\\\/championnat-national-scolaire-des-sports-collectifs-saadaoui-et-sadi-se-penchent-sur-les-derniers-preparatifs\\\/\"},\"author\":{\"name\":\"Azzedine Belferag\",\"@id\":\"https:\\\/\\\/lasentinelle.dz\\\/#\\\/schema\\\/person\\\/e22c868643946ece5f328ac9d185b29f\"},\"headline\":\"Championnat national scolaire des sports collectifs: Saadaoui et Sadi se penchent sur les derniers pr\u00e9paratifs\",\"datePublished\":\"2024-11-25T10:39:47+00:00\",\"dateModified\":\"2024-11-25T10:39:50+00:00\",\"mainEntityOfPage\":{\"@id\":\"https:\\\/\\\/lasentinelle.dz\\\/index.php\\\/2024\\\/11\\\/25\\\/championnat-national-scolaire-des-sports-collectifs-saadaoui-et-sadi-se-penchent-sur-les-derniers-preparatifs\\\/\"},\"wordCount\":521,\"commentCount\":0,\"publisher\":{\"@id\":\"https:\\\/\\\/lasentinelle.dz\\\/#organization\"},\"image\":{\"@id\":\"https:\\\/\\\/lasentinelle.dz\\\/index.php\\\/2024\\\/11\\\/25\\\/championnat-national-scolaire-des-sports-collectifs-saadaoui-et-sadi-se-penchent-sur-les-derniers-preparatifs\\\/#primaryimage\"},\"thumbnailUrl\":\"https:\\\/\\\/lasentinelle.dz\\\/wp-content\\\/uploads\\\/2024\\\/11\\\/sadi-saadaoui.jpg\",\"articleSection\":[\"Sports\"],\"inLanguage\":\"fr-FR\",\"potentialAction\":[{\"@type\":\"CommentAction\",\"name\":\"Comment\",\"target\":[\"https:\\\/\\\/lasentinelle.dz\\\/index.php\\\/2024\\\/11\\\/25\\\/championnat-national-scolaire-des-sports-collectifs-saadaoui-et-sadi-se-penchent-sur-les-derniers-preparatifs\\\/#respond\"]}]},{\"@type\":\"WebPage\",\"@id\":\"https:\\\/\\\/lasentinelle.dz\\\/index.php\\\/2024\\\/11\\\/25\\\/championnat-national-scolaire-des-sports-collectifs-saadaoui-et-sadi-se-penchent-sur-les-derniers-preparatifs\\\/\",\"url\":\"https:\\\/\\\/lasentinelle.dz\\\/index.php\\\/2024\\\/11\\\/25\\\/championnat-national-scolaire-des-sports-collectifs-saadaoui-et-sadi-se-penchent-sur-les-derniers-preparatifs\\\/\",\"name\":\"Championnat national scolaire des sports collectifs: Saadaoui et Sadi se penchent sur les derniers pr\u00e9paratifs - La Sentinelle\",\"isPartOf\":{\"@id\":\"https:\\\/\\\/lasentinelle.dz\\\/#website\"},\"primaryImageOfPage\":{\"@id\":\"https:\\\/\\\/lasentinelle.dz\\\/index.php\\\/2024\\\/11\\\/25\\\/championnat-national-scolaire-des-sports-collectifs-saadaoui-et-sadi-se-penchent-sur-les-derniers-preparatifs\\\/#primaryimage\"},\"image\":{\"@id\":\"https:\\\/\\\/lasentinelle.dz\\\/index.php\\\/2024\\\/11\\\/25\\\/championnat-national-scolaire-des-sports-collectifs-saadaoui-et-sadi-se-penchent-sur-les-derniers-preparatifs\\\/#primaryimage\"},\"thumbnailUrl\":\"https:\\\/\\\/lasentinelle.dz\\\/wp-content\\\/uploads\\\/2024\\\/11\\\/sadi-saadaoui.jpg\",\"datePublished\":\"2024-11-25T10:39:47+00:00\",\"dateModified\":\"2024-11-25T10:39:50+00:00\",\"breadcrumb\":{\"@id\":\"https:\\\/\\\/lasentinelle.dz\\\/index.php\\\/2024\\\/11\\\/25\\\/championnat-national-scolaire-des-sports-collectifs-saadaoui-et-sadi-se-penchent-sur-les-derniers-preparatifs\\\/#breadcrumb\"},\"inLanguage\":\"fr-FR\",\"potentialAction\":[{\"@type\":\"ReadAction\",\"target\":[\"https:\\\/\\\/lasentinelle.dz\\\/index.php\\\/2024\\\/11\\\/25\\\/championnat-national-scolaire-des-sports-collectifs-saadaoui-et-sadi-se-penchent-sur-les-derniers-preparatifs\\\/\"]}]},{\"@type\":\"ImageObject\",\"inLanguage\":\"fr-FR\",\"@id\":\"https:\\\/\\\/lasentinelle.dz\\\/index.php\\\/2024\\\/11\\\/25\\\/championnat-national-scolaire-des-sports-collectifs-saadaoui-et-sadi-se-penchent-sur-les-derniers-preparatifs\\\/#primaryimage\",\"url\":\"https:\\\/\\\/lasentinelle.dz\\\/wp-content\\\/uploads\\\/2024\\\/11\\\/sadi-saadaoui.jpg\",\"contentUrl\":\"https:\\\/\\\/lasentinelle.dz\\\/wp-content\\\/uploads\\\/2024\\\/11\\\/sadi-saadaoui.jpg\",\"width\":720,\"height\":481},{\"@type\":\"BreadcrumbList\",\"@id\":\"https:\\\/\\\/lasentinelle.dz\\\/index.php\\\/2024\\\/11\\\/25\\\/championnat-national-scolaire-des-sports-collectifs-saadaoui-et-sadi-se-penchent-sur-les-derniers-preparatifs\\\/#breadcrumb\",\"itemListElement\":[{\"@type\":\"ListItem\",\"position\":1,\"name\":\"Accueil\",\"item\":\"https:\\\/\\\/lasentinelle.dz\\\/\"},{\"@type\":\"ListItem\",\"position\":2,\"name\":\"Championnat national scolaire des sports collectifs: Saadaoui et Sadi se penchent sur les derniers pr\u00e9paratifs\"}]},{\"@type\":\"WebSite\",\"@id\":\"https:\\\/\\\/lasentinelle.dz\\\/#website\",\"url\":\"https:\\\/\\\/lasentinelle.dz\\\/\",\"name\":\"La Sentinelle\",\"description\":\"Quotidien national d&#039;information\",\"publisher\":{\"@id\":\"https:\\\/\\\/lasentinelle.dz\\\/#organization\"},\"potentialAction\":[{\"@type\":\"SearchAction\",\"target\":{\"@type\":\"EntryPoint\",\"urlTemplate\":\"https:\\\/\\\/lasentinelle.dz\\\/?s={search_term_string}\"},\"query-input\":{\"@type\":\"PropertyValueSpecification\",\"valueRequired\":true,\"valueName\":\"search_term_string\"}}],\"inLanguage\":\"fr-FR\"},{\"@type\":\"Organization\",\"@id\":\"https:\\\/\\\/lasentinelle.dz\\\/#organization\",\"name\":\"Quotidien La Sentinelle\",\"url\":\"https:\\\/\\\/lasentinelle.dz\\\/\",\"logo\":{\"@type\":\"ImageObject\",\"inLanguage\":\"fr-FR\",\"@id\":\"https:\\\/\\\/lasentinelle.dz\\\/#\\\/schema\\\/logo\\\/image\\\/\",\"url\":\"https:\\\/\\\/lasentinelle.dz\\\/wp-content\\\/uploads\\\/2021\\\/09\\\/logo-sentinelleSLOGAN-1.png\",\"contentUrl\":\"https:\\\/\\\/lasentinelle.dz\\\/wp-content\\\/uploads\\\/2021\\\/09\\\/logo-sentinelleSLOGAN-1.png\",\"width\":615,\"height\":142,\"caption\":\"Quotidien La Sentinelle\"},\"image\":{\"@id\":\"https:\\\/\\\/lasentinelle.dz\\\/#\\\/schema\\\/logo\\\/image\\\/\"},\"sameAs\":[\"https:\\\/\\\/www.facebook.com\\\/La-Sentinelle-104059864394773\"]},{\"@type\":\"Person\",\"@id\":\"https:\\\/\\\/lasentinelle.dz\\\/#\\\/schema\\\/person\\\/e22c868643946ece5f328ac9d185b29f\",\"name\":\"Azzedine Belferag\",\"image\":{\"@type\":\"ImageObject\",\"inLanguage\":\"fr-FR\",\"@id\":\"https:\\\/\\\/secure.gravatar.com\\\/avatar\\\/767ecc3bfcf23cd6d0dae1705f124feb13a88fded1daa56498e4fb3aa3fc36a1?s=96&d=mm&r=g\",\"url\":\"https:\\\/\\\/secure.gravatar.com\\\/avatar\\\/767ecc3bfcf23cd6d0dae1705f124feb13a88fded1daa56498e4fb3aa3fc36a1?s=96&d=mm&r=g\",\"contentUrl\":\"https:\\\/\\\/secure.gravatar.com\\\/avatar\\\/767ecc3bfcf23cd6d0dae1705f124feb13a88fded1daa56498e4fb3aa3fc36a1?s=96&d=mm&r=g\",\"caption\":\"Azzedine Belferag\"},\"sameAs\":[\"http:\\\/\\\/www.lasentinelle.dz\"],\"url\":\"https:\\\/\\\/lasentinelle.dz\\\/author\\\/belferag\\\/\"}]}<\/script>\n<!-- \/ Yoast SEO plugin. -->","yoast_head_json":{"title":"Championnat national scolaire des sports collectifs: Saadaoui et Sadi se penchent sur les derniers pr\u00e9paratifs - La Sentinelle","robots":{"index":"index","follow":"follow","max-snippet":"max-snippet:-1","max-image-preview":"max-image-preview:large","max-video-preview":"max-video-preview:-1"},"canonical":"https:\/\/lasentinelle.dz\/index.php\/2024\/11\/25\/championnat-national-scolaire-des-sports-collectifs-saadaoui-et-sadi-se-penchent-sur-les-derniers-preparatifs\/","og_locale":"fr_FR","og_type":"article","og_title":"Championnat national scolaire des sports collectifs: Saadaoui et Sadi se penchent sur les derniers pr\u00e9paratifs - La Sentinelle","og_description":"Le ministre de l&rsquo;Education nationale entre Mohamed Seghir Sa\u00e2daoui, &nbsp;a rencontr\u00e9 samedi au si\u00e8ge de son d\u00e9partement Walid Sadi, ministre","og_url":"https:\/\/lasentinelle.dz\/index.php\/2024\/11\/25\/championnat-national-scolaire-des-sports-collectifs-saadaoui-et-sadi-se-penchent-sur-les-derniers-preparatifs\/","og_site_name":"La Sentinelle","article_publisher":"https:\/\/www.facebook.com\/La-Sentinelle-104059864394773","article_published_time":"2024-11-25T10:39:47+00:00","article_modified_time":"2024-11-25T10:39:50+00:00","og_image":[{"width":720,"height":481,"url":"https:\/\/lasentinelle.dz\/wp-content\/uploads\/2024\/11\/sadi-saadaoui.jpg","type":"image\/jpeg"}],"author":"Azzedine Belferag","twitter_card":"summary_large_image","twitter_misc":{"\u00c9crit par":"Azzedine Belferag","Dur\u00e9e de lecture estim\u00e9e":"3 minutes"},"schema":{"@context":"https:\/\/schema.org","@graph":[{"@type":"Article","@id":"https:\/\/lasentinelle.dz\/index.php\/2024\/11\/25\/championnat-national-scolaire-des-sports-collectifs-saadaoui-et-sadi-se-penchent-sur-les-derniers-preparatifs\/#article","isPartOf":{"@id":"https:\/\/lasentinelle.dz\/index.php\/2024\/11\/25\/championnat-national-scolaire-des-sports-collectifs-saadaoui-et-sadi-se-penchent-sur-les-derniers-preparatifs\/"},"author":{"name":"Azzedine Belferag","@id":"https:\/\/lasentinelle.dz\/#\/schema\/person\/e22c868643946ece5f328ac9d185b29f"},"headline":"Championnat national scolaire des sports collectifs: Saadaoui et Sadi se penchent sur les derniers pr\u00e9paratifs","datePublished":"2024-11-25T10:39:47+00:00","dateModified":"2024-11-25T10:39:50+00:00","mainEntityOfPage":{"@id":"https:\/\/lasentinelle.dz\/index.php\/2024\/11\/25\/championnat-national-scolaire-des-sports-collectifs-saadaoui-et-sadi-se-penchent-sur-les-derniers-preparatifs\/"},"wordCount":521,"commentCount":0,"publisher":{"@id":"https:\/\/lasentinelle.dz\/#organization"},"image":{"@id":"https:\/\/lasentinelle.dz\/index.php\/2024\/11\/25\/championnat-national-scolaire-des-sports-collectifs-saadaoui-et-sadi-se-penchent-sur-les-derniers-preparatifs\/#primaryimage"},"thumbnailUrl":"https:\/\/lasentinelle.dz\/wp-content\/uploads\/2024\/11\/sadi-saadaoui.jpg","articleSection":["Sports"],"inLanguage":"fr-FR","potentialAction":[{"@type":"CommentAction","name":"Comment","target":["https:\/\/lasentinelle.dz\/index.php\/2024\/11\/25\/championnat-national-scolaire-des-sports-collectifs-saadaoui-et-sadi-se-penchent-sur-les-derniers-preparatifs\/#respond"]}]},{"@type":"WebPage","@id":"https:\/\/lasentinelle.dz\/index.php\/2024\/11\/25\/championnat-national-scolaire-des-sports-collectifs-saadaoui-et-sadi-se-penchent-sur-les-derniers-preparatifs\/","url":"https:\/\/lasentinelle.dz\/index.php\/2024\/11\/25\/championnat-national-scolaire-des-sports-collectifs-saadaoui-et-sadi-se-penchent-sur-les-derniers-preparatifs\/","name":"Championnat national scolaire des sports collectifs: Saadaoui et Sadi se penchent sur les derniers pr\u00e9paratifs - La Sentinelle","isPartOf":{"@id":"https:\/\/lasentinelle.dz\/#website"},"primaryImageOfPage":{"@id":"https:\/\/lasentinelle.dz\/index.php\/2024\/11\/25\/championnat-national-scolaire-des-sports-collectifs-saadaoui-et-sadi-se-penchent-sur-les-derniers-preparatifs\/#primaryimage"},"image":{"@id":"https:\/\/lasentinelle.dz\/index.php\/2024\/11\/25\/championnat-national-scolaire-des-sports-collectifs-saadaoui-et-sadi-se-penchent-sur-les-derniers-preparatifs\/#primaryimage"},"thumbnailUrl":"https:\/\/lasentinelle.dz\/wp-content\/uploads\/2024\/11\/sadi-saadaoui.jpg","datePublished":"2024-11-25T10:39:47+00:00","dateModified":"2024-11-25T10:39:50+00:00","breadcrumb":{"@id":"https:\/\/lasentinelle.dz\/index.php\/2024\/11\/25\/championnat-national-scolaire-des-sports-collectifs-saadaoui-et-sadi-se-penchent-sur-les-derniers-preparatifs\/#breadcrumb"},"inLanguage":"fr-FR","potentialAction":[{"@type":"ReadAction","target":["https:\/\/lasentinelle.dz\/index.php\/2024\/11\/25\/championnat-national-scolaire-des-sports-collectifs-saadaoui-et-sadi-se-penchent-sur-les-derniers-preparatifs\/"]}]},{"@type":"ImageObject","inLanguage":"fr-FR","@id":"https:\/\/lasentinelle.dz\/index.php\/2024\/11\/25\/championnat-national-scolaire-des-sports-collectifs-saadaoui-et-sadi-se-penchent-sur-les-derniers-preparatifs\/#primaryimage","url":"https:\/\/lasentinelle.dz\/wp-content\/uploads\/2024\/11\/sadi-saadaoui.jpg","contentUrl":"https:\/\/lasentinelle.dz\/wp-content\/uploads\/2024\/11\/sadi-saadaoui.jpg","width":720,"height":481},{"@type":"BreadcrumbList","@id":"https:\/\/lasentinelle.dz\/index.php\/2024\/11\/25\/championnat-national-scolaire-des-sports-collectifs-saadaoui-et-sadi-se-penchent-sur-les-derniers-preparatifs\/#breadcrumb","itemListElement":[{"@type":"ListItem","position":1,"name":"Accueil","item":"https:\/\/lasentinelle.dz\/"},{"@type":"ListItem","position":2,"name":"Championnat national scolaire des sports collectifs: Saadaoui et Sadi se penchent sur les derniers pr\u00e9paratifs"}]},{"@type":"WebSite","@id":"https:\/\/lasentinelle.dz\/#website","url":"https:\/\/lasentinelle.dz\/","name":"La Sentinelle","description":"Quotidien national d&#039;information","publisher":{"@id":"https:\/\/lasentinelle.dz\/#organization"},"potentialAction":[{"@type":"SearchAction","target":{"@type":"EntryPoint","urlTemplate":"https:\/\/lasentinelle.dz\/?s={search_term_string}"},"query-input":{"@type":"PropertyValueSpecification","valueRequired":true,"valueName":"search_term_string"}}],"inLanguage":"fr-FR"},{"@type":"Organization","@id":"https:\/\/lasentinelle.dz\/#organization","name":"Quotidien La Sentinelle","url":"https:\/\/lasentinelle.dz\/","logo":{"@type":"ImageObject","inLanguage":"fr-FR","@id":"https:\/\/lasentinelle.dz\/#\/schema\/logo\/image\/","url":"https:\/\/lasentinelle.dz\/wp-content\/uploads\/2021\/09\/logo-sentinelleSLOGAN-1.png","contentUrl":"https:\/\/lasentinelle.dz\/wp-content\/uploads\/2021\/09\/logo-sentinelleSLOGAN-1.png","width":615,"height":142,"caption":"Quotidien La Sentinelle"},"image":{"@id":"https:\/\/lasentinelle.dz\/#\/schema\/logo\/image\/"},"sameAs":["https:\/\/www.facebook.com\/La-Sentinelle-104059864394773"]},{"@type":"Person","@id":"https:\/\/lasentinelle.dz\/#\/schema\/person\/e22c868643946ece5f328ac9d185b29f","name":"Azzedine Belferag","image":{"@type":"ImageObject","inLanguage":"fr-FR","@id":"https:\/\/secure.gravatar.com\/avatar\/767ecc3bfcf23cd6d0dae1705f124feb13a88fded1daa56498e4fb3aa3fc36a1?s=96&d=mm&r=g","url":"https:\/\/secure.gravatar.com\/avatar\/767ecc3bfcf23cd6d0dae1705f124feb13a88fded1daa56498e4fb3aa3fc36a1?s=96&d=mm&r=g","contentUrl":"https:\/\/secure.gravatar.com\/avatar\/767ecc3bfcf23cd6d0dae1705f124feb13a88fded1daa56498e4fb3aa3fc36a1?s=96&d=mm&r=g","caption":"Azzedine Belferag"},"sameAs":["http:\/\/www.lasentinelle.dz"],"url":"https:\/\/lasentinelle.dz\/author\/belferag\/"}]}},"_links":{"self":[{"href":"https:\/\/lasentinelle.dz\/index.php\/wp-json\/wp\/v2\/posts\/59732","targetHints":{"allow":["GET"]}}],"collection":[{"href":"https:\/\/lasentinelle.dz\/index.php\/wp-json\/wp\/v2\/posts"}],"about":[{"href":"https:\/\/lasentinelle.dz\/index.php\/wp-json\/wp\/v2\/types\/post"}],"author":[{"embeddable":true,"href":"https:\/\/lasentinelle.dz\/index.php\/wp-json\/wp\/v2\/users\/2"}],"replies":[{"embeddable":true,"href":"https:\/\/lasentinelle.dz\/index.php\/wp-json\/wp\/v2\/comments?post=59732"}],"version-history":[{"count":1,"href":"https:\/\/lasentinelle.dz\/index.php\/wp-json\/wp\/v2\/posts\/59732\/revisions"}],"predecessor-version":[{"id":59734,"href":"https:\/\/lasentinelle.dz\/index.php\/wp-json\/wp\/v2\/posts\/59732\/revisions\/59734"}],"wp:featuredmedia":[{"embeddable":true,"href":"https:\/\/lasentinelle.dz\/index.php\/wp-json\/wp\/v2\/media\/59733"}],"wp:attachment":[{"href":"https:\/\/lasentinelle.dz\/index.php\/wp-json\/wp\/v2\/media?parent=59732"}],"wp:term":[{"taxonomy":"category","embeddable":true,"href":"https:\/\/lasentinelle.dz\/index.php\/wp-json\/wp\/v2\/categories?post=59732"},{"taxonomy":"post_tag","embeddable":true,"href":"https:\/\/lasentinelle.dz\/index.php\/wp-json\/wp\/v2\/tags?post=59732"}],"curies":[{"name":"wp","href":"https:\/\/api.w.org\/{rel}","templated":true}]}}