{"id":59738,"date":"2024-11-25T11:42:10","date_gmt":"2024-11-25T10:42:10","guid":{"rendered":"https:\/\/lasentinelle.dz\/?p=59738"},"modified":"2024-11-25T11:43:37","modified_gmt":"2024-11-25T10:43:37","slug":"can-2025-des-u20-les-verts-ratent-la-qualification","status":"publish","type":"post","link":"https:\/\/lasentinelle.dz\/index.php\/2024\/11\/25\/can-2025-des-u20-les-verts-ratent-la-qualification\/","title":{"rendered":"CAN 2025 des U20: Les Verts ratent la qualification"},"content":{"rendered":"\n<p>Les r\u00eaves de qualification pour la CAN-2025 de la s\u00e9lection nations de football des moins de 20 ans se sont \u00e9vanouis samedi, au terme d&rsquo;un match aussi cruel que dramatique face \u00e0 la Tunisie (1-2). Une d\u00e9faite d&rsquo;autant plus am\u00e8re qu&rsquo;elle survient dans les ultimes secondes d&rsquo;une rencontre o\u00f9 les jeunes Fennecs avaient encore leur destin entre les pieds.<\/p>\n\n\n\n<p>Cette quatri\u00e8me journ\u00e9e du tournoi qualificatif de l&rsquo;Union nord-africaine de football (UNAF) restera comme celle des occasions manqu\u00e9es pour les prot\u00e9g\u00e9s du s\u00e9lectionneur national. Le sc\u00e9nario de la rencontre illustre parfaitement le parcours en dents de scie des Verts dans cette campagne qualificative : des promesses, du talent, mais un cruel manque d&rsquo;efficacit\u00e9 dans les moments d\u00e9cisifs. La premi\u00e8re p\u00e9riode avait pourtant laiss\u00e9 entrevoir des espoirs l\u00e9gitimes. Les Alg\u00e9riens, appliqu\u00e9s et disciplin\u00e9s tactiquement, ont tenu t\u00eate \u00e0 leurs adversaires tunisiens. Le score vierge \u00e0 la pause (0-0) refl\u00e9tait l&rsquo;\u00e9quilibre des forces en pr\u00e9sence, mais ne disait rien du drame qui allait se jouer en seconde p\u00e9riode. Le tournant du match survient lorsque Fatahine se pr\u00e9sente devant le gardien tunisien pour un penalty qui aurait pu changer le cours de l&rsquo;histoire. L&rsquo;\u00e9chec dans cet exercice crucial va rapidement se payer au prix fort. Dans la foul\u00e9e, les Aigles de Carthage ouvrent le score sur un contre, profitant du d\u00e9sarroi alg\u00e9rien. Le but, inscrit contre son camp par Abdelhamid Naim (76e), semble alors sonner le glas des espoirs alg\u00e9riens. Mais les jeunes Fennecs ont du c\u0153ur. \u00c0 l&rsquo;image de leur parcours dans ce tournoi, ils se rebellent et trouvent les ressources pour \u00e9galiser par l&rsquo;interm\u00e9diaire d&rsquo;Islam Abassi \u00e0 la 81e minute. Un sursaut d&rsquo;orgueil qui ranime momentan\u00e9ment l&rsquo;espoir d&rsquo;une qualification encore possible. C&rsquo;est finalement dans les arr\u00eats de jeu que le coup de gr\u00e2ce est port\u00e9. Amanallah Mahrizi, \u00e0 la 90+6e minute, crucifie les derniers espoirs alg\u00e9riens. Cette d\u00e9faite est d&rsquo;autant plus cruelle qu&rsquo;elle intervient apr\u00e8s deux matches nuls encourageants contre l&rsquo;\u00c9gypte et le Maroc (1-1 \u00e0 chaque fois). Au classement, la situation est d\u00e9sormais sans appel. Avec seulement deux points en trois matches, l&rsquo;Alg\u00e9rie ne peut plus pr\u00e9tendre \u00e0 l&rsquo;une des deux places qualificatives pour la phase finale pr\u00e9vue en Afrique du Sud (19 f\u00e9vrier-11 mars 2025). Le Maroc, leader avec 7 points, et la Tunisie, qui le talonne avec 6 unit\u00e9s, semblent les mieux plac\u00e9s pour repr\u00e9senter la zone UNAF.<\/p>\n\n\n\n<p>Cette \u00e9limination pr\u00e9coce s&rsquo;inscrit malheureusement dans une s\u00e9rie de d\u00e9sillusions pour le football alg\u00e9rien des jeunes cat\u00e9gories. L&rsquo;\u00e9quipe U20 avait d\u00e9j\u00e0 manqu\u00e9 le rendez-vous de la CAN-2023 en \u00c9gypte, remport\u00e9e par le S\u00e9n\u00e9gal. Il faut remonter \u00e0 2013, lors de la 18e \u00e9dition organis\u00e9e \u00e0 Alger, pour trouver trace de la derni\u00e8re participation alg\u00e9rienne \u00e0 une phase finale de CAN dans cette cat\u00e9gorie. Les jeunes Verts auront une derni\u00e8re sortie \u00e0 honorer mardi face \u00e0 la Libye, lanterne rouge du tournoi. Un match pour l&rsquo;honneur qui devra servir de tremplin pour reconstruire une \u00e9quipe capable de renouer avec les grands rendez-vous continentaux. Car si cette g\u00e9n\u00e9ration n&rsquo;a pas r\u00e9ussi \u00e0 d\u00e9crocher son billet pour l&rsquo;Afrique du Sud, elle aura montr\u00e9 par s\u00e9quences des qualit\u00e9s qui laissent esp\u00e9rer des jours meilleurs, \u00e0 condition de travailler sur cette efficacit\u00e9 qui lui a tant fait d\u00e9faut dans les moments cruciaux. Le dernier match contre la Libye devra \u00eatre abord\u00e9 avec s\u00e9rieux et d\u00e9termination, non seulement pour quitter le tournoi la t\u00eate haute, mais aussi pour poser les premi\u00e8res pierres de la reconstruction n\u00e9cessaire du football alg\u00e9rien des jeunes cat\u00e9gories.<\/p>\n\n\n\n<p>Moncef Dahleb<\/p>\n\n\n\n<p><strong>S\u00e9lection nationale U17<\/strong><\/p>\n\n\n\n<p><strong>Les cadets peuvent nourrir des regrets<\/strong><\/p>\n\n\n\n<p>Pour son dernier match dans le tournoi UNAF, la s\u00e9lection nationale des moins de 17 ans a tenu en \u00e9chec samedi apr\u00e8s-midi, son homologue marocaine sur sa pelouse (1-1). Les cadets ont rapidement ouvert la marque \u00e0 la 5\u2019 par Achouri et auraient pu m\u00eame doubler la mise n\u2019\u00e9taient les occasions rat\u00e9es. L\u2019adversaire parviendra \u00e0 \u00e9galiser au retour des vestiaires, mais sans pour autant l\u2019emporter, devant une \u00e9quipe alg\u00e9rienne, bien en place. Avec quatre points au compteur, la s\u00e9lection nationale termine \u00e0 l\u2019avant derni\u00e8re place du classement. Les poulains du s\u00e9lectionneur national, Aziz Lahoussine peuvent nourrir des regrets, eux qui auraient pu vraiment pr\u00e9tendre \u00e0 la qualification pour la prochaine phase finale de la CAN.<\/p>\n\n\n\n<p>R.S.<\/p>\n","protected":false},"excerpt":{"rendered":"<p>Les r\u00eaves de qualification pour la CAN-2025 de la s\u00e9lection nations de football des moins de 20 ans se sont<\/p>\n","protected":false},"author":6,"featured_media":59739,"comment_status":"open","ping_status":"closed","sticky":false,"template":"","format":"standard","meta":{"colormag_page_container_layout":"default_layout","colormag_page_sidebar_layout":"default_layout","om_disable_all_campaigns":false,"_monsterinsights_skip_tracking":false,"_monsterinsights_sitenote_active":false,"_monsterinsights_sitenote_note":"","_monsterinsights_sitenote_category":0,"footnotes":"","_wpscppro_dont_share_socialmedia":false,"_wpscppro_custom_social_share_image":0,"_facebook_share_type":"default","_twitter_share_type":"default","_linkedin_share_type":"default","_pinterest_share_type":"default","_linkedin_share_type_page":"","_instagram_share_type":"default","_medium_share_type":"default","_threads_share_type":"","_google_business_share_type":"","_selected_social_profile":[],"_wpsp_enable_custom_social_template":false,"_wpsp_social_scheduling":{"enabled":false,"datetime":null,"platforms":[],"status":"template_only","dateOption":"today","timeOption":"now","customDays":"","customHours":"","customDate":"","customTime":"","schedulingType":"absolute"},"_wpsp_active_default_template":true},"categories":[33],"tags":[],"class_list":["post-59738","post","type-post","status-publish","format-standard","has-post-thumbnail","hentry","category-sports"],"aioseo_notices":[],"yoast_head":"<!-- This site is optimized with the Yoast SEO plugin v27.5 - https:\/\/yoast.com\/product\/yoast-seo-wordpress\/ -->\n<title>CAN 2025 des U20: Les Verts ratent la qualification - La Sentinelle<\/title>\n<meta name=\"robots\" content=\"index, follow, max-snippet:-1, max-image-preview:large, max-video-preview:-1\" \/>\n<link rel=\"canonical\" href=\"https:\/\/lasentinelle.dz\/index.php\/2024\/11\/25\/can-2025-des-u20-les-verts-ratent-la-qualification\/\" \/>\n<meta property=\"og:locale\" content=\"fr_FR\" \/>\n<meta property=\"og:type\" content=\"article\" \/>\n<meta property=\"og:title\" content=\"CAN 2025 des U20: Les Verts ratent la qualification - La Sentinelle\" \/>\n<meta property=\"og:description\" content=\"Les r\u00eaves de qualification pour la CAN-2025 de la s\u00e9lection nations de football des moins de 20 ans se sont\" \/>\n<meta property=\"og:url\" content=\"https:\/\/lasentinelle.dz\/index.php\/2024\/11\/25\/can-2025-des-u20-les-verts-ratent-la-qualification\/\" \/>\n<meta property=\"og:site_name\" content=\"La Sentinelle\" \/>\n<meta property=\"article:publisher\" content=\"https:\/\/www.facebook.com\/La-Sentinelle-104059864394773\" \/>\n<meta property=\"article:published_time\" content=\"2024-11-25T10:42:10+00:00\" \/>\n<meta property=\"article:modified_time\" content=\"2024-11-25T10:43:37+00:00\" \/>\n<meta property=\"og:image\" content=\"https:\/\/lasentinelle.dz\/wp-content\/uploads\/2024\/11\/U20-4.jpeg\" \/>\n\t<meta property=\"og:image:width\" content=\"2400\" \/>\n\t<meta property=\"og:image:height\" content=\"1600\" \/>\n\t<meta property=\"og:image:type\" content=\"image\/jpeg\" \/>\n<meta name=\"author\" content=\"admin\" \/>\n<meta name=\"twitter:card\" content=\"summary_large_image\" \/>\n<meta name=\"twitter:label1\" content=\"\u00c9crit par\" \/>\n\t<meta name=\"twitter:data1\" content=\"admin\" \/>\n\t<meta name=\"twitter:label2\" content=\"Dur\u00e9e de lecture estim\u00e9e\" \/>\n\t<meta name=\"twitter:data2\" content=\"4 minutes\" \/>\n<script type=\"application\/ld+json\" class=\"yoast-schema-graph\">{\"@context\":\"https:\\\/\\\/schema.org\",\"@graph\":[{\"@type\":\"Article\",\"@id\":\"https:\\\/\\\/lasentinelle.dz\\\/index.php\\\/2024\\\/11\\\/25\\\/can-2025-des-u20-les-verts-ratent-la-qualification\\\/#article\",\"isPartOf\":{\"@id\":\"https:\\\/\\\/lasentinelle.dz\\\/index.php\\\/2024\\\/11\\\/25\\\/can-2025-des-u20-les-verts-ratent-la-qualification\\\/\"},\"author\":{\"name\":\"admin\",\"@id\":\"https:\\\/\\\/lasentinelle.dz\\\/#\\\/schema\\\/person\\\/729ee0024f24e0b8c5ec17232f8e8b41\"},\"headline\":\"CAN 2025 des U20: Les Verts ratent la qualification\",\"datePublished\":\"2024-11-25T10:42:10+00:00\",\"dateModified\":\"2024-11-25T10:43:37+00:00\",\"mainEntityOfPage\":{\"@id\":\"https:\\\/\\\/lasentinelle.dz\\\/index.php\\\/2024\\\/11\\\/25\\\/can-2025-des-u20-les-verts-ratent-la-qualification\\\/\"},\"wordCount\":795,\"commentCount\":0,\"publisher\":{\"@id\":\"https:\\\/\\\/lasentinelle.dz\\\/#organization\"},\"image\":{\"@id\":\"https:\\\/\\\/lasentinelle.dz\\\/index.php\\\/2024\\\/11\\\/25\\\/can-2025-des-u20-les-verts-ratent-la-qualification\\\/#primaryimage\"},\"thumbnailUrl\":\"https:\\\/\\\/lasentinelle.dz\\\/wp-content\\\/uploads\\\/2024\\\/11\\\/U20-4.jpeg\",\"articleSection\":[\"Sports\"],\"inLanguage\":\"fr-FR\",\"potentialAction\":[{\"@type\":\"CommentAction\",\"name\":\"Comment\",\"target\":[\"https:\\\/\\\/lasentinelle.dz\\\/index.php\\\/2024\\\/11\\\/25\\\/can-2025-des-u20-les-verts-ratent-la-qualification\\\/#respond\"]}]},{\"@type\":\"WebPage\",\"@id\":\"https:\\\/\\\/lasentinelle.dz\\\/index.php\\\/2024\\\/11\\\/25\\\/can-2025-des-u20-les-verts-ratent-la-qualification\\\/\",\"url\":\"https:\\\/\\\/lasentinelle.dz\\\/index.php\\\/2024\\\/11\\\/25\\\/can-2025-des-u20-les-verts-ratent-la-qualification\\\/\",\"name\":\"CAN 2025 des U20: Les Verts ratent la qualification - La Sentinelle\",\"isPartOf\":{\"@id\":\"https:\\\/\\\/lasentinelle.dz\\\/#website\"},\"primaryImageOfPage\":{\"@id\":\"https:\\\/\\\/lasentinelle.dz\\\/index.php\\\/2024\\\/11\\\/25\\\/can-2025-des-u20-les-verts-ratent-la-qualification\\\/#primaryimage\"},\"image\":{\"@id\":\"https:\\\/\\\/lasentinelle.dz\\\/index.php\\\/2024\\\/11\\\/25\\\/can-2025-des-u20-les-verts-ratent-la-qualification\\\/#primaryimage\"},\"thumbnailUrl\":\"https:\\\/\\\/lasentinelle.dz\\\/wp-content\\\/uploads\\\/2024\\\/11\\\/U20-4.jpeg\",\"datePublished\":\"2024-11-25T10:42:10+00:00\",\"dateModified\":\"2024-11-25T10:43:37+00:00\",\"breadcrumb\":{\"@id\":\"https:\\\/\\\/lasentinelle.dz\\\/index.php\\\/2024\\\/11\\\/25\\\/can-2025-des-u20-les-verts-ratent-la-qualification\\\/#breadcrumb\"},\"inLanguage\":\"fr-FR\",\"potentialAction\":[{\"@type\":\"ReadAction\",\"target\":[\"https:\\\/\\\/lasentinelle.dz\\\/index.php\\\/2024\\\/11\\\/25\\\/can-2025-des-u20-les-verts-ratent-la-qualification\\\/\"]}]},{\"@type\":\"ImageObject\",\"inLanguage\":\"fr-FR\",\"@id\":\"https:\\\/\\\/lasentinelle.dz\\\/index.php\\\/2024\\\/11\\\/25\\\/can-2025-des-u20-les-verts-ratent-la-qualification\\\/#primaryimage\",\"url\":\"https:\\\/\\\/lasentinelle.dz\\\/wp-content\\\/uploads\\\/2024\\\/11\\\/U20-4.jpeg\",\"contentUrl\":\"https:\\\/\\\/lasentinelle.dz\\\/wp-content\\\/uploads\\\/2024\\\/11\\\/U20-4.jpeg\",\"width\":2400,\"height\":1600},{\"@type\":\"BreadcrumbList\",\"@id\":\"https:\\\/\\\/lasentinelle.dz\\\/index.php\\\/2024\\\/11\\\/25\\\/can-2025-des-u20-les-verts-ratent-la-qualification\\\/#breadcrumb\",\"itemListElement\":[{\"@type\":\"ListItem\",\"position\":1,\"name\":\"Accueil\",\"item\":\"https:\\\/\\\/lasentinelle.dz\\\/\"},{\"@type\":\"ListItem\",\"position\":2,\"name\":\"CAN 2025 des U20: Les Verts ratent la qualification\"}]},{\"@type\":\"WebSite\",\"@id\":\"https:\\\/\\\/lasentinelle.dz\\\/#website\",\"url\":\"https:\\\/\\\/lasentinelle.dz\\\/\",\"name\":\"La Sentinelle\",\"description\":\"Quotidien national d&#039;information\",\"publisher\":{\"@id\":\"https:\\\/\\\/lasentinelle.dz\\\/#organization\"},\"potentialAction\":[{\"@type\":\"SearchAction\",\"target\":{\"@type\":\"EntryPoint\",\"urlTemplate\":\"https:\\\/\\\/lasentinelle.dz\\\/?s={search_term_string}\"},\"query-input\":{\"@type\":\"PropertyValueSpecification\",\"valueRequired\":true,\"valueName\":\"search_term_string\"}}],\"inLanguage\":\"fr-FR\"},{\"@type\":\"Organization\",\"@id\":\"https:\\\/\\\/lasentinelle.dz\\\/#organization\",\"name\":\"Quotidien La Sentinelle\",\"url\":\"https:\\\/\\\/lasentinelle.dz\\\/\",\"logo\":{\"@type\":\"ImageObject\",\"inLanguage\":\"fr-FR\",\"@id\":\"https:\\\/\\\/lasentinelle.dz\\\/#\\\/schema\\\/logo\\\/image\\\/\",\"url\":\"https:\\\/\\\/lasentinelle.dz\\\/wp-content\\\/uploads\\\/2021\\\/09\\\/logo-sentinelleSLOGAN-1.png\",\"contentUrl\":\"https:\\\/\\\/lasentinelle.dz\\\/wp-content\\\/uploads\\\/2021\\\/09\\\/logo-sentinelleSLOGAN-1.png\",\"width\":615,\"height\":142,\"caption\":\"Quotidien La Sentinelle\"},\"image\":{\"@id\":\"https:\\\/\\\/lasentinelle.dz\\\/#\\\/schema\\\/logo\\\/image\\\/\"},\"sameAs\":[\"https:\\\/\\\/www.facebook.com\\\/La-Sentinelle-104059864394773\"]},{\"@type\":\"Person\",\"@id\":\"https:\\\/\\\/lasentinelle.dz\\\/#\\\/schema\\\/person\\\/729ee0024f24e0b8c5ec17232f8e8b41\",\"name\":\"admin\",\"image\":{\"@type\":\"ImageObject\",\"inLanguage\":\"fr-FR\",\"@id\":\"https:\\\/\\\/secure.gravatar.com\\\/avatar\\\/4c81fed838786e9b53f540bf46533e750f5d292099ae3b66cfc6fb1982e29df7?s=96&d=mm&r=g\",\"url\":\"https:\\\/\\\/secure.gravatar.com\\\/avatar\\\/4c81fed838786e9b53f540bf46533e750f5d292099ae3b66cfc6fb1982e29df7?s=96&d=mm&r=g\",\"contentUrl\":\"https:\\\/\\\/secure.gravatar.com\\\/avatar\\\/4c81fed838786e9b53f540bf46533e750f5d292099ae3b66cfc6fb1982e29df7?s=96&d=mm&r=g\",\"caption\":\"admin\"},\"description\":\"admin\",\"url\":\"https:\\\/\\\/lasentinelle.dz\\\/author\\\/admin\\\/\"}]}<\/script>\n<!-- \/ Yoast SEO plugin. -->","yoast_head_json":{"title":"CAN 2025 des U20: Les Verts ratent la qualification - La Sentinelle","robots":{"index":"index","follow":"follow","max-snippet":"max-snippet:-1","max-image-preview":"max-image-preview:large","max-video-preview":"max-video-preview:-1"},"canonical":"https:\/\/lasentinelle.dz\/index.php\/2024\/11\/25\/can-2025-des-u20-les-verts-ratent-la-qualification\/","og_locale":"fr_FR","og_type":"article","og_title":"CAN 2025 des U20: Les Verts ratent la qualification - La Sentinelle","og_description":"Les r\u00eaves de qualification pour la CAN-2025 de la s\u00e9lection nations de football des moins de 20 ans se sont","og_url":"https:\/\/lasentinelle.dz\/index.php\/2024\/11\/25\/can-2025-des-u20-les-verts-ratent-la-qualification\/","og_site_name":"La Sentinelle","article_publisher":"https:\/\/www.facebook.com\/La-Sentinelle-104059864394773","article_published_time":"2024-11-25T10:42:10+00:00","article_modified_time":"2024-11-25T10:43:37+00:00","og_image":[{"width":2400,"height":1600,"url":"https:\/\/lasentinelle.dz\/wp-content\/uploads\/2024\/11\/U20-4.jpeg","type":"image\/jpeg"}],"author":"admin","twitter_card":"summary_large_image","twitter_misc":{"\u00c9crit par":"admin","Dur\u00e9e de lecture estim\u00e9e":"4 minutes"},"schema":{"@context":"https:\/\/schema.org","@graph":[{"@type":"Article","@id":"https:\/\/lasentinelle.dz\/index.php\/2024\/11\/25\/can-2025-des-u20-les-verts-ratent-la-qualification\/#article","isPartOf":{"@id":"https:\/\/lasentinelle.dz\/index.php\/2024\/11\/25\/can-2025-des-u20-les-verts-ratent-la-qualification\/"},"author":{"name":"admin","@id":"https:\/\/lasentinelle.dz\/#\/schema\/person\/729ee0024f24e0b8c5ec17232f8e8b41"},"headline":"CAN 2025 des U20: Les Verts ratent la qualification","datePublished":"2024-11-25T10:42:10+00:00","dateModified":"2024-11-25T10:43:37+00:00","mainEntityOfPage":{"@id":"https:\/\/lasentinelle.dz\/index.php\/2024\/11\/25\/can-2025-des-u20-les-verts-ratent-la-qualification\/"},"wordCount":795,"commentCount":0,"publisher":{"@id":"https:\/\/lasentinelle.dz\/#organization"},"image":{"@id":"https:\/\/lasentinelle.dz\/index.php\/2024\/11\/25\/can-2025-des-u20-les-verts-ratent-la-qualification\/#primaryimage"},"thumbnailUrl":"https:\/\/lasentinelle.dz\/wp-content\/uploads\/2024\/11\/U20-4.jpeg","articleSection":["Sports"],"inLanguage":"fr-FR","potentialAction":[{"@type":"CommentAction","name":"Comment","target":["https:\/\/lasentinelle.dz\/index.php\/2024\/11\/25\/can-2025-des-u20-les-verts-ratent-la-qualification\/#respond"]}]},{"@type":"WebPage","@id":"https:\/\/lasentinelle.dz\/index.php\/2024\/11\/25\/can-2025-des-u20-les-verts-ratent-la-qualification\/","url":"https:\/\/lasentinelle.dz\/index.php\/2024\/11\/25\/can-2025-des-u20-les-verts-ratent-la-qualification\/","name":"CAN 2025 des U20: Les Verts ratent la qualification - La Sentinelle","isPartOf":{"@id":"https:\/\/lasentinelle.dz\/#website"},"primaryImageOfPage":{"@id":"https:\/\/lasentinelle.dz\/index.php\/2024\/11\/25\/can-2025-des-u20-les-verts-ratent-la-qualification\/#primaryimage"},"image":{"@id":"https:\/\/lasentinelle.dz\/index.php\/2024\/11\/25\/can-2025-des-u20-les-verts-ratent-la-qualification\/#primaryimage"},"thumbnailUrl":"https:\/\/lasentinelle.dz\/wp-content\/uploads\/2024\/11\/U20-4.jpeg","datePublished":"2024-11-25T10:42:10+00:00","dateModified":"2024-11-25T10:43:37+00:00","breadcrumb":{"@id":"https:\/\/lasentinelle.dz\/index.php\/2024\/11\/25\/can-2025-des-u20-les-verts-ratent-la-qualification\/#breadcrumb"},"inLanguage":"fr-FR","potentialAction":[{"@type":"ReadAction","target":["https:\/\/lasentinelle.dz\/index.php\/2024\/11\/25\/can-2025-des-u20-les-verts-ratent-la-qualification\/"]}]},{"@type":"ImageObject","inLanguage":"fr-FR","@id":"https:\/\/lasentinelle.dz\/index.php\/2024\/11\/25\/can-2025-des-u20-les-verts-ratent-la-qualification\/#primaryimage","url":"https:\/\/lasentinelle.dz\/wp-content\/uploads\/2024\/11\/U20-4.jpeg","contentUrl":"https:\/\/lasentinelle.dz\/wp-content\/uploads\/2024\/11\/U20-4.jpeg","width":2400,"height":1600},{"@type":"BreadcrumbList","@id":"https:\/\/lasentinelle.dz\/index.php\/2024\/11\/25\/can-2025-des-u20-les-verts-ratent-la-qualification\/#breadcrumb","itemListElement":[{"@type":"ListItem","position":1,"name":"Accueil","item":"https:\/\/lasentinelle.dz\/"},{"@type":"ListItem","position":2,"name":"CAN 2025 des U20: Les Verts ratent la qualification"}]},{"@type":"WebSite","@id":"https:\/\/lasentinelle.dz\/#website","url":"https:\/\/lasentinelle.dz\/","name":"La Sentinelle","description":"Quotidien national d&#039;information","publisher":{"@id":"https:\/\/lasentinelle.dz\/#organization"},"potentialAction":[{"@type":"SearchAction","target":{"@type":"EntryPoint","urlTemplate":"https:\/\/lasentinelle.dz\/?s={search_term_string}"},"query-input":{"@type":"PropertyValueSpecification","valueRequired":true,"valueName":"search_term_string"}}],"inLanguage":"fr-FR"},{"@type":"Organization","@id":"https:\/\/lasentinelle.dz\/#organization","name":"Quotidien La Sentinelle","url":"https:\/\/lasentinelle.dz\/","logo":{"@type":"ImageObject","inLanguage":"fr-FR","@id":"https:\/\/lasentinelle.dz\/#\/schema\/logo\/image\/","url":"https:\/\/lasentinelle.dz\/wp-content\/uploads\/2021\/09\/logo-sentinelleSLOGAN-1.png","contentUrl":"https:\/\/lasentinelle.dz\/wp-content\/uploads\/2021\/09\/logo-sentinelleSLOGAN-1.png","width":615,"height":142,"caption":"Quotidien La Sentinelle"},"image":{"@id":"https:\/\/lasentinelle.dz\/#\/schema\/logo\/image\/"},"sameAs":["https:\/\/www.facebook.com\/La-Sentinelle-104059864394773"]},{"@type":"Person","@id":"https:\/\/lasentinelle.dz\/#\/schema\/person\/729ee0024f24e0b8c5ec17232f8e8b41","name":"admin","image":{"@type":"ImageObject","inLanguage":"fr-FR","@id":"https:\/\/secure.gravatar.com\/avatar\/4c81fed838786e9b53f540bf46533e750f5d292099ae3b66cfc6fb1982e29df7?s=96&d=mm&r=g","url":"https:\/\/secure.gravatar.com\/avatar\/4c81fed838786e9b53f540bf46533e750f5d292099ae3b66cfc6fb1982e29df7?s=96&d=mm&r=g","contentUrl":"https:\/\/secure.gravatar.com\/avatar\/4c81fed838786e9b53f540bf46533e750f5d292099ae3b66cfc6fb1982e29df7?s=96&d=mm&r=g","caption":"admin"},"description":"admin","url":"https:\/\/lasentinelle.dz\/author\/admin\/"}]}},"_links":{"self":[{"href":"https:\/\/lasentinelle.dz\/index.php\/wp-json\/wp\/v2\/posts\/59738","targetHints":{"allow":["GET"]}}],"collection":[{"href":"https:\/\/lasentinelle.dz\/index.php\/wp-json\/wp\/v2\/posts"}],"about":[{"href":"https:\/\/lasentinelle.dz\/index.php\/wp-json\/wp\/v2\/types\/post"}],"author":[{"embeddable":true,"href":"https:\/\/lasentinelle.dz\/index.php\/wp-json\/wp\/v2\/users\/6"}],"replies":[{"embeddable":true,"href":"https:\/\/lasentinelle.dz\/index.php\/wp-json\/wp\/v2\/comments?post=59738"}],"version-history":[{"count":1,"href":"https:\/\/lasentinelle.dz\/index.php\/wp-json\/wp\/v2\/posts\/59738\/revisions"}],"predecessor-version":[{"id":59740,"href":"https:\/\/lasentinelle.dz\/index.php\/wp-json\/wp\/v2\/posts\/59738\/revisions\/59740"}],"wp:featuredmedia":[{"embeddable":true,"href":"https:\/\/lasentinelle.dz\/index.php\/wp-json\/wp\/v2\/media\/59739"}],"wp:attachment":[{"href":"https:\/\/lasentinelle.dz\/index.php\/wp-json\/wp\/v2\/media?parent=59738"}],"wp:term":[{"taxonomy":"category","embeddable":true,"href":"https:\/\/lasentinelle.dz\/index.php\/wp-json\/wp\/v2\/categories?post=59738"},{"taxonomy":"post_tag","embeddable":true,"href":"https:\/\/lasentinelle.dz\/index.php\/wp-json\/wp\/v2\/tags?post=59738"}],"curies":[{"name":"wp","href":"https:\/\/api.w.org\/{rel}","templated":true}]}}