{"id":5974,"date":"2021-08-31T00:01:00","date_gmt":"2021-08-30T23:01:00","guid":{"rendered":"https:\/\/lasentinelle.dz\/?p=5974"},"modified":"2021-08-30T20:18:32","modified_gmt":"2021-08-30T19:18:32","slug":"m-chanegriha-recoit-le-vice-ministre-de-la-defense-de-la-federation-de-russie","status":"publish","type":"post","link":"https:\/\/lasentinelle.dz\/index.php\/2021\/08\/31\/m-chanegriha-recoit-le-vice-ministre-de-la-defense-de-la-federation-de-russie\/","title":{"rendered":"M. Chanegriha re\u00e7oit le vice-ministre de la D\u00e9fense de la F\u00e9d\u00e9ration de Russie"},"content":{"rendered":"\n<p>Le G\u00e9n\u00e9ral de Corps d\u2019Arm\u00e9e Sa\u00efd Chanegriha, chef d\u2019Etat-major de l&rsquo;Arm\u00e9e nationale populaire (ANP), a re\u00e7u en audience lundi matin \u00e0 Alger le g\u00e9n\u00e9ral-colonel Alexandre Fomine, vice-ministre de la D\u00e9fense de la F\u00e9d\u00e9ration de Russie, indique le minist\u00e8re de la D\u00e9fense nationale dans un communiqu\u00e9.Ont pris part \u00e0 cette rencontre, qui a s&rsquo;est tenue au si\u00e8ge de l&rsquo;Etat-major de l&rsquo;ANP, le Secr\u00e9taire g\u00e9n\u00e9ral du minist\u00e8re de la D\u00e9fense nationale par int\u00e9rim, les commandants de Forces et de la Gendarmerie nationale, des chefs de D\u00e9partements, le Contr\u00f4leur g\u00e9n\u00e9ral de l\u2019Arm\u00e9e, et des officiers g\u00e9n\u00e9raux du minist\u00e8re de la D\u00e9fense nationale et de l\u2019Etat-major de l&rsquo;ANP, ainsi que les membres de la d\u00e9l\u00e9gation russe, pr\u00e9cise la m\u00eame source.Lors de cette rencontre, les deux parties \u00ab\u00a0ont tenu des discussions sur l\u2019\u00e9tat de la coop\u00e9ration militaire entre les deux pays, examin\u00e9 les voies et moyens de sa consolidation pour atteindre le niveau d\u2019excellence et \u00e9chang\u00e9 les analyses et points de vue sur les questions d\u2019int\u00e9r\u00eat commun\u00a0\u00bb, ajoute le communiqu\u00e9.A cette occasion, les deux parties \u00ab\u00a0ont \u00e9voqu\u00e9 les mutations g\u00e9opolitiques multidimensionnelles enregistr\u00e9es au double plan international et r\u00e9gional, induisant de nouveaux d\u00e9fis et des menaces r\u00e9elles, qui impactent la s\u00e9curit\u00e9 et la paix dans la sous-r\u00e9gion\u00a0\u00bb.A l&rsquo;issue de la rencontre, les deux parties ont \u00e9chang\u00e9 des pr\u00e9sents symboliques et le g\u00e9n\u00e9ral-colonel Alexander Fomine a sign\u00e9 le livre d&rsquo;or de l&rsquo;Etat-major de l&rsquo;Arm\u00e9e nationale populaire.<\/p>\n\n\n\n<p>APS<\/p>\n","protected":false},"excerpt":{"rendered":"<p>Le G\u00e9n\u00e9ral de Corps d\u2019Arm\u00e9e Sa\u00efd Chanegriha, chef d\u2019Etat-major de l&rsquo;Arm\u00e9e nationale populaire (ANP), a re\u00e7u en audience lundi matin<\/p>\n","protected":false},"author":3,"featured_media":5984,"comment_status":"open","ping_status":"closed","sticky":false,"template":"","format":"standard","meta":{"colormag_page_container_layout":"default_layout","colormag_page_sidebar_layout":"default_layout","om_disable_all_campaigns":false,"_monsterinsights_skip_tracking":false,"_monsterinsights_sitenote_active":false,"_monsterinsights_sitenote_note":"","_monsterinsights_sitenote_category":0,"footnotes":"","_wpscppro_dont_share_socialmedia":false,"_wpscppro_custom_social_share_image":0,"_facebook_share_type":"","_twitter_share_type":"","_linkedin_share_type":"","_pinterest_share_type":"","_linkedin_share_type_page":"","_instagram_share_type":"","_medium_share_type":"","_threads_share_type":"","_google_business_share_type":"","_selected_social_profile":[],"_wpsp_enable_custom_social_template":false,"_wpsp_social_scheduling":{"enabled":false,"datetime":null,"platforms":[],"status":"template_only","dateOption":"today","timeOption":"now","customDays":"","customHours":"","customDate":"","customTime":"","schedulingType":"absolute"},"_wpsp_active_default_template":true},"categories":[27],"tags":[],"class_list":["post-5974","post","type-post","status-publish","format-standard","has-post-thumbnail","hentry","category-actualite"],"aioseo_notices":[],"yoast_head":"<!-- This site is optimized with the Yoast SEO plugin v27.5 - https:\/\/yoast.com\/product\/yoast-seo-wordpress\/ -->\n<title>M. Chanegriha re\u00e7oit le vice-ministre de la D\u00e9fense de la F\u00e9d\u00e9ration de Russie - La Sentinelle<\/title>\n<meta name=\"robots\" content=\"index, follow, max-snippet:-1, max-image-preview:large, max-video-preview:-1\" \/>\n<link rel=\"canonical\" href=\"https:\/\/lasentinelle.dz\/index.php\/2021\/08\/31\/m-chanegriha-recoit-le-vice-ministre-de-la-defense-de-la-federation-de-russie\/\" \/>\n<meta property=\"og:locale\" content=\"fr_FR\" \/>\n<meta property=\"og:type\" content=\"article\" \/>\n<meta property=\"og:title\" content=\"M. Chanegriha re\u00e7oit le vice-ministre de la D\u00e9fense de la F\u00e9d\u00e9ration de Russie - La Sentinelle\" \/>\n<meta property=\"og:description\" content=\"Le G\u00e9n\u00e9ral de Corps d\u2019Arm\u00e9e Sa\u00efd Chanegriha, chef d\u2019Etat-major de l&rsquo;Arm\u00e9e nationale populaire (ANP), a re\u00e7u en audience lundi matin\" \/>\n<meta property=\"og:url\" content=\"https:\/\/lasentinelle.dz\/index.php\/2021\/08\/31\/m-chanegriha-recoit-le-vice-ministre-de-la-defense-de-la-federation-de-russie\/\" \/>\n<meta property=\"og:site_name\" content=\"La Sentinelle\" \/>\n<meta property=\"article:publisher\" content=\"https:\/\/www.facebook.com\/La-Sentinelle-104059864394773\" \/>\n<meta property=\"article:published_time\" content=\"2021-08-30T23:01:00+00:00\" \/>\n<meta property=\"og:image\" content=\"https:\/\/lasentinelle.dz\/wp-content\/uploads\/2021\/08\/image_2021-08-30_194649.png\" \/>\n\t<meta property=\"og:image:width\" content=\"960\" \/>\n\t<meta property=\"og:image:height\" content=\"640\" \/>\n\t<meta property=\"og:image:type\" content=\"image\/png\" \/>\n<meta name=\"author\" content=\"La Sentinelle\" \/>\n<meta name=\"twitter:card\" content=\"summary_large_image\" \/>\n<meta name=\"twitter:label1\" content=\"\u00c9crit par\" \/>\n\t<meta name=\"twitter:data1\" content=\"La Sentinelle\" \/>\n\t<meta name=\"twitter:label2\" content=\"Dur\u00e9e de lecture estim\u00e9e\" \/>\n\t<meta name=\"twitter:data2\" content=\"2 minutes\" \/>\n<script type=\"application\/ld+json\" class=\"yoast-schema-graph\">{\"@context\":\"https:\\\/\\\/schema.org\",\"@graph\":[{\"@type\":\"Article\",\"@id\":\"https:\\\/\\\/lasentinelle.dz\\\/index.php\\\/2021\\\/08\\\/31\\\/m-chanegriha-recoit-le-vice-ministre-de-la-defense-de-la-federation-de-russie\\\/#article\",\"isPartOf\":{\"@id\":\"https:\\\/\\\/lasentinelle.dz\\\/index.php\\\/2021\\\/08\\\/31\\\/m-chanegriha-recoit-le-vice-ministre-de-la-defense-de-la-federation-de-russie\\\/\"},\"author\":{\"name\":\"La Sentinelle\",\"@id\":\"https:\\\/\\\/lasentinelle.dz\\\/#\\\/schema\\\/person\\\/d865044e22e70a75174ce8bcad3acfb3\"},\"headline\":\"M. Chanegriha re\u00e7oit le vice-ministre de la D\u00e9fense de la F\u00e9d\u00e9ration de Russie\",\"datePublished\":\"2021-08-30T23:01:00+00:00\",\"mainEntityOfPage\":{\"@id\":\"https:\\\/\\\/lasentinelle.dz\\\/index.php\\\/2021\\\/08\\\/31\\\/m-chanegriha-recoit-le-vice-ministre-de-la-defense-de-la-federation-de-russie\\\/\"},\"wordCount\":312,\"commentCount\":0,\"publisher\":{\"@id\":\"https:\\\/\\\/lasentinelle.dz\\\/#organization\"},\"image\":{\"@id\":\"https:\\\/\\\/lasentinelle.dz\\\/index.php\\\/2021\\\/08\\\/31\\\/m-chanegriha-recoit-le-vice-ministre-de-la-defense-de-la-federation-de-russie\\\/#primaryimage\"},\"thumbnailUrl\":\"https:\\\/\\\/lasentinelle.dz\\\/wp-content\\\/uploads\\\/2021\\\/08\\\/image_2021-08-30_194649.png\",\"articleSection\":[\"Actualit\u00e9\"],\"inLanguage\":\"fr-FR\",\"potentialAction\":[{\"@type\":\"CommentAction\",\"name\":\"Comment\",\"target\":[\"https:\\\/\\\/lasentinelle.dz\\\/index.php\\\/2021\\\/08\\\/31\\\/m-chanegriha-recoit-le-vice-ministre-de-la-defense-de-la-federation-de-russie\\\/#respond\"]}]},{\"@type\":\"WebPage\",\"@id\":\"https:\\\/\\\/lasentinelle.dz\\\/index.php\\\/2021\\\/08\\\/31\\\/m-chanegriha-recoit-le-vice-ministre-de-la-defense-de-la-federation-de-russie\\\/\",\"url\":\"https:\\\/\\\/lasentinelle.dz\\\/index.php\\\/2021\\\/08\\\/31\\\/m-chanegriha-recoit-le-vice-ministre-de-la-defense-de-la-federation-de-russie\\\/\",\"name\":\"M. Chanegriha re\u00e7oit le vice-ministre de la D\u00e9fense de la F\u00e9d\u00e9ration de Russie - La Sentinelle\",\"isPartOf\":{\"@id\":\"https:\\\/\\\/lasentinelle.dz\\\/#website\"},\"primaryImageOfPage\":{\"@id\":\"https:\\\/\\\/lasentinelle.dz\\\/index.php\\\/2021\\\/08\\\/31\\\/m-chanegriha-recoit-le-vice-ministre-de-la-defense-de-la-federation-de-russie\\\/#primaryimage\"},\"image\":{\"@id\":\"https:\\\/\\\/lasentinelle.dz\\\/index.php\\\/2021\\\/08\\\/31\\\/m-chanegriha-recoit-le-vice-ministre-de-la-defense-de-la-federation-de-russie\\\/#primaryimage\"},\"thumbnailUrl\":\"https:\\\/\\\/lasentinelle.dz\\\/wp-content\\\/uploads\\\/2021\\\/08\\\/image_2021-08-30_194649.png\",\"datePublished\":\"2021-08-30T23:01:00+00:00\",\"breadcrumb\":{\"@id\":\"https:\\\/\\\/lasentinelle.dz\\\/index.php\\\/2021\\\/08\\\/31\\\/m-chanegriha-recoit-le-vice-ministre-de-la-defense-de-la-federation-de-russie\\\/#breadcrumb\"},\"inLanguage\":\"fr-FR\",\"potentialAction\":[{\"@type\":\"ReadAction\",\"target\":[\"https:\\\/\\\/lasentinelle.dz\\\/index.php\\\/2021\\\/08\\\/31\\\/m-chanegriha-recoit-le-vice-ministre-de-la-defense-de-la-federation-de-russie\\\/\"]}]},{\"@type\":\"ImageObject\",\"inLanguage\":\"fr-FR\",\"@id\":\"https:\\\/\\\/lasentinelle.dz\\\/index.php\\\/2021\\\/08\\\/31\\\/m-chanegriha-recoit-le-vice-ministre-de-la-defense-de-la-federation-de-russie\\\/#primaryimage\",\"url\":\"https:\\\/\\\/lasentinelle.dz\\\/wp-content\\\/uploads\\\/2021\\\/08\\\/image_2021-08-30_194649.png\",\"contentUrl\":\"https:\\\/\\\/lasentinelle.dz\\\/wp-content\\\/uploads\\\/2021\\\/08\\\/image_2021-08-30_194649.png\",\"width\":960,\"height\":640},{\"@type\":\"BreadcrumbList\",\"@id\":\"https:\\\/\\\/lasentinelle.dz\\\/index.php\\\/2021\\\/08\\\/31\\\/m-chanegriha-recoit-le-vice-ministre-de-la-defense-de-la-federation-de-russie\\\/#breadcrumb\",\"itemListElement\":[{\"@type\":\"ListItem\",\"position\":1,\"name\":\"Accueil\",\"item\":\"https:\\\/\\\/lasentinelle.dz\\\/\"},{\"@type\":\"ListItem\",\"position\":2,\"name\":\"M. Chanegriha re\u00e7oit le vice-ministre de la D\u00e9fense de la F\u00e9d\u00e9ration de Russie\"}]},{\"@type\":\"WebSite\",\"@id\":\"https:\\\/\\\/lasentinelle.dz\\\/#website\",\"url\":\"https:\\\/\\\/lasentinelle.dz\\\/\",\"name\":\"La Sentinelle\",\"description\":\"Quotidien national d&#039;information\",\"publisher\":{\"@id\":\"https:\\\/\\\/lasentinelle.dz\\\/#organization\"},\"potentialAction\":[{\"@type\":\"SearchAction\",\"target\":{\"@type\":\"EntryPoint\",\"urlTemplate\":\"https:\\\/\\\/lasentinelle.dz\\\/?s={search_term_string}\"},\"query-input\":{\"@type\":\"PropertyValueSpecification\",\"valueRequired\":true,\"valueName\":\"search_term_string\"}}],\"inLanguage\":\"fr-FR\"},{\"@type\":\"Organization\",\"@id\":\"https:\\\/\\\/lasentinelle.dz\\\/#organization\",\"name\":\"Quotidien La Sentinelle\",\"url\":\"https:\\\/\\\/lasentinelle.dz\\\/\",\"logo\":{\"@type\":\"ImageObject\",\"inLanguage\":\"fr-FR\",\"@id\":\"https:\\\/\\\/lasentinelle.dz\\\/#\\\/schema\\\/logo\\\/image\\\/\",\"url\":\"https:\\\/\\\/lasentinelle.dz\\\/wp-content\\\/uploads\\\/2021\\\/09\\\/logo-sentinelleSLOGAN-1.png\",\"contentUrl\":\"https:\\\/\\\/lasentinelle.dz\\\/wp-content\\\/uploads\\\/2021\\\/09\\\/logo-sentinelleSLOGAN-1.png\",\"width\":615,\"height\":142,\"caption\":\"Quotidien La Sentinelle\"},\"image\":{\"@id\":\"https:\\\/\\\/lasentinelle.dz\\\/#\\\/schema\\\/logo\\\/image\\\/\"},\"sameAs\":[\"https:\\\/\\\/www.facebook.com\\\/La-Sentinelle-104059864394773\"]},{\"@type\":\"Person\",\"@id\":\"https:\\\/\\\/lasentinelle.dz\\\/#\\\/schema\\\/person\\\/d865044e22e70a75174ce8bcad3acfb3\",\"name\":\"La Sentinelle\",\"image\":{\"@type\":\"ImageObject\",\"inLanguage\":\"fr-FR\",\"@id\":\"https:\\\/\\\/secure.gravatar.com\\\/avatar\\\/57de8e5d4b15d43fb361a71fbb36338450fe67865b528a43dd10ef7c51a20392?s=96&d=mm&r=g\",\"url\":\"https:\\\/\\\/secure.gravatar.com\\\/avatar\\\/57de8e5d4b15d43fb361a71fbb36338450fe67865b528a43dd10ef7c51a20392?s=96&d=mm&r=g\",\"contentUrl\":\"https:\\\/\\\/secure.gravatar.com\\\/avatar\\\/57de8e5d4b15d43fb361a71fbb36338450fe67865b528a43dd10ef7c51a20392?s=96&d=mm&r=g\",\"caption\":\"La Sentinelle\"},\"sameAs\":[\"http:\\\/\\\/www.lasentinelle.dz\"],\"url\":\"https:\\\/\\\/lasentinelle.dz\\\/author\\\/redaction\\\/\"}]}<\/script>\n<!-- \/ Yoast SEO plugin. -->","yoast_head_json":{"title":"M. Chanegriha re\u00e7oit le vice-ministre de la D\u00e9fense de la F\u00e9d\u00e9ration de Russie - La Sentinelle","robots":{"index":"index","follow":"follow","max-snippet":"max-snippet:-1","max-image-preview":"max-image-preview:large","max-video-preview":"max-video-preview:-1"},"canonical":"https:\/\/lasentinelle.dz\/index.php\/2021\/08\/31\/m-chanegriha-recoit-le-vice-ministre-de-la-defense-de-la-federation-de-russie\/","og_locale":"fr_FR","og_type":"article","og_title":"M. Chanegriha re\u00e7oit le vice-ministre de la D\u00e9fense de la F\u00e9d\u00e9ration de Russie - La Sentinelle","og_description":"Le G\u00e9n\u00e9ral de Corps d\u2019Arm\u00e9e Sa\u00efd Chanegriha, chef d\u2019Etat-major de l&rsquo;Arm\u00e9e nationale populaire (ANP), a re\u00e7u en audience lundi matin","og_url":"https:\/\/lasentinelle.dz\/index.php\/2021\/08\/31\/m-chanegriha-recoit-le-vice-ministre-de-la-defense-de-la-federation-de-russie\/","og_site_name":"La Sentinelle","article_publisher":"https:\/\/www.facebook.com\/La-Sentinelle-104059864394773","article_published_time":"2021-08-30T23:01:00+00:00","og_image":[{"width":960,"height":640,"url":"https:\/\/lasentinelle.dz\/wp-content\/uploads\/2021\/08\/image_2021-08-30_194649.png","type":"image\/png"}],"author":"La Sentinelle","twitter_card":"summary_large_image","twitter_misc":{"\u00c9crit par":"La Sentinelle","Dur\u00e9e de lecture estim\u00e9e":"2 minutes"},"schema":{"@context":"https:\/\/schema.org","@graph":[{"@type":"Article","@id":"https:\/\/lasentinelle.dz\/index.php\/2021\/08\/31\/m-chanegriha-recoit-le-vice-ministre-de-la-defense-de-la-federation-de-russie\/#article","isPartOf":{"@id":"https:\/\/lasentinelle.dz\/index.php\/2021\/08\/31\/m-chanegriha-recoit-le-vice-ministre-de-la-defense-de-la-federation-de-russie\/"},"author":{"name":"La Sentinelle","@id":"https:\/\/lasentinelle.dz\/#\/schema\/person\/d865044e22e70a75174ce8bcad3acfb3"},"headline":"M. Chanegriha re\u00e7oit le vice-ministre de la D\u00e9fense de la F\u00e9d\u00e9ration de Russie","datePublished":"2021-08-30T23:01:00+00:00","mainEntityOfPage":{"@id":"https:\/\/lasentinelle.dz\/index.php\/2021\/08\/31\/m-chanegriha-recoit-le-vice-ministre-de-la-defense-de-la-federation-de-russie\/"},"wordCount":312,"commentCount":0,"publisher":{"@id":"https:\/\/lasentinelle.dz\/#organization"},"image":{"@id":"https:\/\/lasentinelle.dz\/index.php\/2021\/08\/31\/m-chanegriha-recoit-le-vice-ministre-de-la-defense-de-la-federation-de-russie\/#primaryimage"},"thumbnailUrl":"https:\/\/lasentinelle.dz\/wp-content\/uploads\/2021\/08\/image_2021-08-30_194649.png","articleSection":["Actualit\u00e9"],"inLanguage":"fr-FR","potentialAction":[{"@type":"CommentAction","name":"Comment","target":["https:\/\/lasentinelle.dz\/index.php\/2021\/08\/31\/m-chanegriha-recoit-le-vice-ministre-de-la-defense-de-la-federation-de-russie\/#respond"]}]},{"@type":"WebPage","@id":"https:\/\/lasentinelle.dz\/index.php\/2021\/08\/31\/m-chanegriha-recoit-le-vice-ministre-de-la-defense-de-la-federation-de-russie\/","url":"https:\/\/lasentinelle.dz\/index.php\/2021\/08\/31\/m-chanegriha-recoit-le-vice-ministre-de-la-defense-de-la-federation-de-russie\/","name":"M. Chanegriha re\u00e7oit le vice-ministre de la D\u00e9fense de la F\u00e9d\u00e9ration de Russie - La Sentinelle","isPartOf":{"@id":"https:\/\/lasentinelle.dz\/#website"},"primaryImageOfPage":{"@id":"https:\/\/lasentinelle.dz\/index.php\/2021\/08\/31\/m-chanegriha-recoit-le-vice-ministre-de-la-defense-de-la-federation-de-russie\/#primaryimage"},"image":{"@id":"https:\/\/lasentinelle.dz\/index.php\/2021\/08\/31\/m-chanegriha-recoit-le-vice-ministre-de-la-defense-de-la-federation-de-russie\/#primaryimage"},"thumbnailUrl":"https:\/\/lasentinelle.dz\/wp-content\/uploads\/2021\/08\/image_2021-08-30_194649.png","datePublished":"2021-08-30T23:01:00+00:00","breadcrumb":{"@id":"https:\/\/lasentinelle.dz\/index.php\/2021\/08\/31\/m-chanegriha-recoit-le-vice-ministre-de-la-defense-de-la-federation-de-russie\/#breadcrumb"},"inLanguage":"fr-FR","potentialAction":[{"@type":"ReadAction","target":["https:\/\/lasentinelle.dz\/index.php\/2021\/08\/31\/m-chanegriha-recoit-le-vice-ministre-de-la-defense-de-la-federation-de-russie\/"]}]},{"@type":"ImageObject","inLanguage":"fr-FR","@id":"https:\/\/lasentinelle.dz\/index.php\/2021\/08\/31\/m-chanegriha-recoit-le-vice-ministre-de-la-defense-de-la-federation-de-russie\/#primaryimage","url":"https:\/\/lasentinelle.dz\/wp-content\/uploads\/2021\/08\/image_2021-08-30_194649.png","contentUrl":"https:\/\/lasentinelle.dz\/wp-content\/uploads\/2021\/08\/image_2021-08-30_194649.png","width":960,"height":640},{"@type":"BreadcrumbList","@id":"https:\/\/lasentinelle.dz\/index.php\/2021\/08\/31\/m-chanegriha-recoit-le-vice-ministre-de-la-defense-de-la-federation-de-russie\/#breadcrumb","itemListElement":[{"@type":"ListItem","position":1,"name":"Accueil","item":"https:\/\/lasentinelle.dz\/"},{"@type":"ListItem","position":2,"name":"M. Chanegriha re\u00e7oit le vice-ministre de la D\u00e9fense de la F\u00e9d\u00e9ration de Russie"}]},{"@type":"WebSite","@id":"https:\/\/lasentinelle.dz\/#website","url":"https:\/\/lasentinelle.dz\/","name":"La Sentinelle","description":"Quotidien national d&#039;information","publisher":{"@id":"https:\/\/lasentinelle.dz\/#organization"},"potentialAction":[{"@type":"SearchAction","target":{"@type":"EntryPoint","urlTemplate":"https:\/\/lasentinelle.dz\/?s={search_term_string}"},"query-input":{"@type":"PropertyValueSpecification","valueRequired":true,"valueName":"search_term_string"}}],"inLanguage":"fr-FR"},{"@type":"Organization","@id":"https:\/\/lasentinelle.dz\/#organization","name":"Quotidien La Sentinelle","url":"https:\/\/lasentinelle.dz\/","logo":{"@type":"ImageObject","inLanguage":"fr-FR","@id":"https:\/\/lasentinelle.dz\/#\/schema\/logo\/image\/","url":"https:\/\/lasentinelle.dz\/wp-content\/uploads\/2021\/09\/logo-sentinelleSLOGAN-1.png","contentUrl":"https:\/\/lasentinelle.dz\/wp-content\/uploads\/2021\/09\/logo-sentinelleSLOGAN-1.png","width":615,"height":142,"caption":"Quotidien La Sentinelle"},"image":{"@id":"https:\/\/lasentinelle.dz\/#\/schema\/logo\/image\/"},"sameAs":["https:\/\/www.facebook.com\/La-Sentinelle-104059864394773"]},{"@type":"Person","@id":"https:\/\/lasentinelle.dz\/#\/schema\/person\/d865044e22e70a75174ce8bcad3acfb3","name":"La Sentinelle","image":{"@type":"ImageObject","inLanguage":"fr-FR","@id":"https:\/\/secure.gravatar.com\/avatar\/57de8e5d4b15d43fb361a71fbb36338450fe67865b528a43dd10ef7c51a20392?s=96&d=mm&r=g","url":"https:\/\/secure.gravatar.com\/avatar\/57de8e5d4b15d43fb361a71fbb36338450fe67865b528a43dd10ef7c51a20392?s=96&d=mm&r=g","contentUrl":"https:\/\/secure.gravatar.com\/avatar\/57de8e5d4b15d43fb361a71fbb36338450fe67865b528a43dd10ef7c51a20392?s=96&d=mm&r=g","caption":"La Sentinelle"},"sameAs":["http:\/\/www.lasentinelle.dz"],"url":"https:\/\/lasentinelle.dz\/author\/redaction\/"}]}},"_links":{"self":[{"href":"https:\/\/lasentinelle.dz\/index.php\/wp-json\/wp\/v2\/posts\/5974","targetHints":{"allow":["GET"]}}],"collection":[{"href":"https:\/\/lasentinelle.dz\/index.php\/wp-json\/wp\/v2\/posts"}],"about":[{"href":"https:\/\/lasentinelle.dz\/index.php\/wp-json\/wp\/v2\/types\/post"}],"author":[{"embeddable":true,"href":"https:\/\/lasentinelle.dz\/index.php\/wp-json\/wp\/v2\/users\/3"}],"replies":[{"embeddable":true,"href":"https:\/\/lasentinelle.dz\/index.php\/wp-json\/wp\/v2\/comments?post=5974"}],"version-history":[{"count":1,"href":"https:\/\/lasentinelle.dz\/index.php\/wp-json\/wp\/v2\/posts\/5974\/revisions"}],"predecessor-version":[{"id":5987,"href":"https:\/\/lasentinelle.dz\/index.php\/wp-json\/wp\/v2\/posts\/5974\/revisions\/5987"}],"wp:featuredmedia":[{"embeddable":true,"href":"https:\/\/lasentinelle.dz\/index.php\/wp-json\/wp\/v2\/media\/5984"}],"wp:attachment":[{"href":"https:\/\/lasentinelle.dz\/index.php\/wp-json\/wp\/v2\/media?parent=5974"}],"wp:term":[{"taxonomy":"category","embeddable":true,"href":"https:\/\/lasentinelle.dz\/index.php\/wp-json\/wp\/v2\/categories?post=5974"},{"taxonomy":"post_tag","embeddable":true,"href":"https:\/\/lasentinelle.dz\/index.php\/wp-json\/wp\/v2\/tags?post=5974"}],"curies":[{"name":"wp","href":"https:\/\/api.w.org\/{rel}","templated":true}]}}