{"id":59762,"date":"2024-11-25T11:53:40","date_gmt":"2024-11-25T10:53:40","guid":{"rendered":"https:\/\/lasentinelle.dz\/?p=59762"},"modified":"2024-11-25T11:53:41","modified_gmt":"2024-11-25T10:53:41","slug":"application-des-mandats-darret-de-la-cpi-contre-netanyahu-et-gallant-washington-menace-meme-ses-allies","status":"publish","type":"post","link":"https:\/\/lasentinelle.dz\/index.php\/2024\/11\/25\/application-des-mandats-darret-de-la-cpi-contre-netanyahu-et-gallant-washington-menace-meme-ses-allies\/","title":{"rendered":"Application des mandats d\u2019arr\u00eat de la CPI\u00a0contre Netanyahu et Gallant: Washington menace m\u00eame ses alli\u00e9s\u00a0!"},"content":{"rendered":"\n<p>Obnubil\u00e9s par leur volont\u00e9 de prot\u00e9ger l\u2019entit\u00e9 sioniste ainsi que ses dirigeants et de pr\u00e9server leur impunit\u00e9 \u00e0 tout prix, les Am\u00e9ricains n\u2019h\u00e9sitent plus \u00e0 menacer m\u00eame leurs alli\u00e9s de sanctions si ces derniers appliquaient les mandats d\u2019arr\u00eat \u00e9mis par la Cour p\u00e9nale internationale contre Benjamin Netanyahu et Yoav Gallant.<\/p>\n\n\n\n<p>Les menaces prof\u00e9r\u00e9es par le s\u00e9nateur am\u00e9ricain Lindsey Graham contre les alli\u00e9s des \u00c9tats-Unis illustrent, une fois de plus, le profond m\u00e9pris de Washington pour le droit international et ses institutions. Face aux mandats d&rsquo;arr\u00eat \u00e9mis par la Cour p\u00e9nale internationale contre Netanyahu et Gallant pour crimes de guerre et crimes contre l&rsquo;humanit\u00e9, la r\u00e9action am\u00e9ricaine ne laisse place \u00e0 aucune ambigu\u00eft\u00e9. \u00ab\u00a0\u00c0 tout alli\u00e9, Canada, Royaume-Uni, Allemagne, France, si vous cherchez \u00e0 aider la CPI, nous vous sanctionnerons\u00a0\u00bb, a d\u00e9clar\u00e9 sans d\u00e9tour le s\u00e9nateur r\u00e9publicain sur Fox News, ajoutant que les nations devront \u00ab\u00a0choisir entre la CPI et les \u00c9tats-Unis\u00a0\u00bb. Cette rh\u00e9torique brutale n&rsquo;est pas une simple posture diplomatique, mais l&rsquo;expression d&rsquo;une vision h\u00e9g\u00e9monique o\u00f9 le droit international est per\u00e7u comme un obstacle \u00e0 \u00e9carter d\u00e8s lors qu&rsquo;il contrarie les int\u00e9r\u00eats am\u00e9ricains ou ceux de leurs alli\u00e9s, notamment l\u2019entit\u00e9 sioniste. Cette attitude de m\u00e9pris flagrant contraste fortement avec les obligations l\u00e9gales qui incombent aux \u00c9tats signataires du Statut de Rome. L&rsquo;Union europ\u00e9enne, par la voix de Josep Borrell, a d\u00fb rappeler une \u00e9vidence juridique : les d\u00e9cisions de la CPI sont contraignantes pour tous les \u00c9tats parties au Statut. La Suisse, fid\u00e8le \u00e0 sa tradition de respect du droit international, a d&rsquo;ailleurs clairement affirm\u00e9 par le biais de son Office f\u00e9d\u00e9ral de justice qu&rsquo;elle honorerait ses obligations en cas de pr\u00e9sence de Netanyahu sur son territoire. Il faut dire que les \u00c9tats-Unis ne sont pas \u00e0 leur coup d\u2019essai et ont us\u00e9 de pressions et menaces similaires \u00e0 l\u2019encontre du Procureur et des magistrats de la CPI.&nbsp; Le timing de ces menaces am\u00e9ricaines est particuli\u00e8rement r\u00e9v\u00e9lateur, intervenant alors m\u00eame que les crimes de guerre et crimes contre l&rsquo;humanit\u00e9 se poursuivent \u00e0 Ghaza, avec un bilan qui ne cesse de s&rsquo;alourdir : plus de 44 000 morts, majoritairement des femmes et des enfants, plus de 104 000 bless\u00e9s depuis octobre 2023. Au Liban, l&rsquo;extension du conflit a d\u00e9j\u00e0 caus\u00e9 plus de 3 600 morts, 15 300 bless\u00e9s et le d\u00e9placement d&rsquo;un million de personnes. En choisissant d&rsquo;instrumentaliser leur puissance \u00e9conomique pour entraver le fonctionnement de la justice internationale, les \u00c9tats-Unis d\u00e9montrent leur conception purement utilitariste du droit international. Celui-ci n&rsquo;est acceptable \u00e0 leurs yeux que lorsqu&rsquo;il sert leurs int\u00e9r\u00eats ou peut \u00eatre utilis\u00e9 contre leurs adversaires, comme ce f\u00fbt le cas lors de l\u2019\u00e9mission des mandats d\u2019arr\u00eat contre Vladimir Poutine que Washington a vivement salu\u00e9. Cette approche \u00e0 g\u00e9om\u00e9trie variable r\u00e9v\u00e8le une constante de la politique \u00e9trang\u00e8re am\u00e9ricaine : le droit international n&rsquo;est qu&rsquo;un outil de domination, \u00e0 brandir ou \u00e0 ignorer selon les circonstances. Cette posture met les alli\u00e9s traditionnels des \u00c9tats-Unis face \u00e0 un choix r\u00e9v\u00e9lateur : se soumettre aux diktats am\u00e9ricains ou honorer leurs engagements internationaux. En tentant d&rsquo;imposer cette alternative par la menace, Washington r\u00e9v\u00e8le sa vision d&rsquo;un ordre mondial o\u00f9 la force prime syst\u00e9matiquement sur le droit, o\u00f9 les institutions internationales ne sont tol\u00e9r\u00e9es que tant qu&rsquo;elles restent dociles aux int\u00e9r\u00eats am\u00e9ricains.<\/p>\n\n\n\n<p><strong>Lyes Sa\u00efdi<\/strong><\/p>\n","protected":false},"excerpt":{"rendered":"<p>Obnubil\u00e9s par leur volont\u00e9 de prot\u00e9ger l\u2019entit\u00e9 sioniste ainsi que ses dirigeants et de pr\u00e9server leur impunit\u00e9 \u00e0 tout prix,<\/p>\n","protected":false},"author":6,"featured_media":59763,"comment_status":"open","ping_status":"closed","sticky":false,"template":"","format":"standard","meta":{"colormag_page_container_layout":"default_layout","colormag_page_sidebar_layout":"default_layout","om_disable_all_campaigns":false,"_monsterinsights_skip_tracking":false,"_monsterinsights_sitenote_active":false,"_monsterinsights_sitenote_note":"","_monsterinsights_sitenote_category":0,"footnotes":"","_wpscppro_dont_share_socialmedia":false,"_wpscppro_custom_social_share_image":0,"_facebook_share_type":"default","_twitter_share_type":"default","_linkedin_share_type":"default","_pinterest_share_type":"default","_linkedin_share_type_page":"","_instagram_share_type":"default","_medium_share_type":"default","_threads_share_type":"","_google_business_share_type":"","_selected_social_profile":[],"_wpsp_enable_custom_social_template":false,"_wpsp_social_scheduling":{"enabled":false,"datetime":null,"platforms":[],"status":"template_only","dateOption":"today","timeOption":"now","customDays":"","customHours":"","customDate":"","customTime":"","schedulingType":"absolute"},"_wpsp_active_default_template":true},"categories":[52,27],"tags":[],"class_list":["post-59762","post","type-post","status-publish","format-standard","has-post-thumbnail","hentry","category-a-la-une","category-actualite"],"aioseo_notices":[],"yoast_head":"<!-- This site is optimized with the Yoast SEO plugin v27.5 - https:\/\/yoast.com\/product\/yoast-seo-wordpress\/ -->\n<title>Application des mandats d\u2019arr\u00eat de la CPI\u00a0contre Netanyahu et Gallant: Washington menace m\u00eame ses alli\u00e9s\u00a0! - La Sentinelle<\/title>\n<meta name=\"robots\" content=\"index, follow, max-snippet:-1, max-image-preview:large, max-video-preview:-1\" \/>\n<link rel=\"canonical\" href=\"https:\/\/lasentinelle.dz\/index.php\/2024\/11\/25\/application-des-mandats-darret-de-la-cpi-contre-netanyahu-et-gallant-washington-menace-meme-ses-allies\/\" \/>\n<meta property=\"og:locale\" content=\"fr_FR\" \/>\n<meta property=\"og:type\" content=\"article\" \/>\n<meta property=\"og:title\" content=\"Application des mandats d\u2019arr\u00eat de la CPI\u00a0contre Netanyahu et Gallant: Washington menace m\u00eame ses alli\u00e9s\u00a0! - La Sentinelle\" \/>\n<meta property=\"og:description\" content=\"Obnubil\u00e9s par leur volont\u00e9 de prot\u00e9ger l\u2019entit\u00e9 sioniste ainsi que ses dirigeants et de pr\u00e9server leur impunit\u00e9 \u00e0 tout prix,\" \/>\n<meta property=\"og:url\" content=\"https:\/\/lasentinelle.dz\/index.php\/2024\/11\/25\/application-des-mandats-darret-de-la-cpi-contre-netanyahu-et-gallant-washington-menace-meme-ses-allies\/\" \/>\n<meta property=\"og:site_name\" content=\"La Sentinelle\" \/>\n<meta property=\"article:publisher\" content=\"https:\/\/www.facebook.com\/La-Sentinelle-104059864394773\" \/>\n<meta property=\"article:published_time\" content=\"2024-11-25T10:53:40+00:00\" \/>\n<meta property=\"article:modified_time\" content=\"2024-11-25T10:53:41+00:00\" \/>\n<meta property=\"og:image\" content=\"https:\/\/lasentinelle.dz\/wp-content\/uploads\/2024\/11\/Lindsey-Graham-.jpg\" \/>\n\t<meta property=\"og:image:width\" content=\"864\" \/>\n\t<meta property=\"og:image:height\" content=\"486\" \/>\n\t<meta property=\"og:image:type\" content=\"image\/jpeg\" \/>\n<meta name=\"author\" content=\"admin\" \/>\n<meta name=\"twitter:card\" content=\"summary_large_image\" \/>\n<meta name=\"twitter:label1\" content=\"\u00c9crit par\" \/>\n\t<meta name=\"twitter:data1\" content=\"admin\" \/>\n\t<meta name=\"twitter:label2\" content=\"Dur\u00e9e de lecture estim\u00e9e\" \/>\n\t<meta name=\"twitter:data2\" content=\"3 minutes\" \/>\n<script type=\"application\/ld+json\" class=\"yoast-schema-graph\">{\"@context\":\"https:\\\/\\\/schema.org\",\"@graph\":[{\"@type\":\"Article\",\"@id\":\"https:\\\/\\\/lasentinelle.dz\\\/index.php\\\/2024\\\/11\\\/25\\\/application-des-mandats-darret-de-la-cpi-contre-netanyahu-et-gallant-washington-menace-meme-ses-allies\\\/#article\",\"isPartOf\":{\"@id\":\"https:\\\/\\\/lasentinelle.dz\\\/index.php\\\/2024\\\/11\\\/25\\\/application-des-mandats-darret-de-la-cpi-contre-netanyahu-et-gallant-washington-menace-meme-ses-allies\\\/\"},\"author\":{\"name\":\"admin\",\"@id\":\"https:\\\/\\\/lasentinelle.dz\\\/#\\\/schema\\\/person\\\/729ee0024f24e0b8c5ec17232f8e8b41\"},\"headline\":\"Application des mandats d\u2019arr\u00eat de la CPI\u00a0contre Netanyahu et Gallant: Washington menace m\u00eame ses alli\u00e9s\u00a0!\",\"datePublished\":\"2024-11-25T10:53:40+00:00\",\"dateModified\":\"2024-11-25T10:53:41+00:00\",\"mainEntityOfPage\":{\"@id\":\"https:\\\/\\\/lasentinelle.dz\\\/index.php\\\/2024\\\/11\\\/25\\\/application-des-mandats-darret-de-la-cpi-contre-netanyahu-et-gallant-washington-menace-meme-ses-allies\\\/\"},\"wordCount\":635,\"commentCount\":0,\"publisher\":{\"@id\":\"https:\\\/\\\/lasentinelle.dz\\\/#organization\"},\"image\":{\"@id\":\"https:\\\/\\\/lasentinelle.dz\\\/index.php\\\/2024\\\/11\\\/25\\\/application-des-mandats-darret-de-la-cpi-contre-netanyahu-et-gallant-washington-menace-meme-ses-allies\\\/#primaryimage\"},\"thumbnailUrl\":\"https:\\\/\\\/lasentinelle.dz\\\/wp-content\\\/uploads\\\/2024\\\/11\\\/Lindsey-Graham-.jpg\",\"articleSection\":[\"\u00c0 la Une\",\"Actualit\u00e9\"],\"inLanguage\":\"fr-FR\",\"potentialAction\":[{\"@type\":\"CommentAction\",\"name\":\"Comment\",\"target\":[\"https:\\\/\\\/lasentinelle.dz\\\/index.php\\\/2024\\\/11\\\/25\\\/application-des-mandats-darret-de-la-cpi-contre-netanyahu-et-gallant-washington-menace-meme-ses-allies\\\/#respond\"]}]},{\"@type\":\"WebPage\",\"@id\":\"https:\\\/\\\/lasentinelle.dz\\\/index.php\\\/2024\\\/11\\\/25\\\/application-des-mandats-darret-de-la-cpi-contre-netanyahu-et-gallant-washington-menace-meme-ses-allies\\\/\",\"url\":\"https:\\\/\\\/lasentinelle.dz\\\/index.php\\\/2024\\\/11\\\/25\\\/application-des-mandats-darret-de-la-cpi-contre-netanyahu-et-gallant-washington-menace-meme-ses-allies\\\/\",\"name\":\"Application des mandats d\u2019arr\u00eat de la CPI\u00a0contre Netanyahu et Gallant: Washington menace m\u00eame ses alli\u00e9s\u00a0! - La Sentinelle\",\"isPartOf\":{\"@id\":\"https:\\\/\\\/lasentinelle.dz\\\/#website\"},\"primaryImageOfPage\":{\"@id\":\"https:\\\/\\\/lasentinelle.dz\\\/index.php\\\/2024\\\/11\\\/25\\\/application-des-mandats-darret-de-la-cpi-contre-netanyahu-et-gallant-washington-menace-meme-ses-allies\\\/#primaryimage\"},\"image\":{\"@id\":\"https:\\\/\\\/lasentinelle.dz\\\/index.php\\\/2024\\\/11\\\/25\\\/application-des-mandats-darret-de-la-cpi-contre-netanyahu-et-gallant-washington-menace-meme-ses-allies\\\/#primaryimage\"},\"thumbnailUrl\":\"https:\\\/\\\/lasentinelle.dz\\\/wp-content\\\/uploads\\\/2024\\\/11\\\/Lindsey-Graham-.jpg\",\"datePublished\":\"2024-11-25T10:53:40+00:00\",\"dateModified\":\"2024-11-25T10:53:41+00:00\",\"breadcrumb\":{\"@id\":\"https:\\\/\\\/lasentinelle.dz\\\/index.php\\\/2024\\\/11\\\/25\\\/application-des-mandats-darret-de-la-cpi-contre-netanyahu-et-gallant-washington-menace-meme-ses-allies\\\/#breadcrumb\"},\"inLanguage\":\"fr-FR\",\"potentialAction\":[{\"@type\":\"ReadAction\",\"target\":[\"https:\\\/\\\/lasentinelle.dz\\\/index.php\\\/2024\\\/11\\\/25\\\/application-des-mandats-darret-de-la-cpi-contre-netanyahu-et-gallant-washington-menace-meme-ses-allies\\\/\"]}]},{\"@type\":\"ImageObject\",\"inLanguage\":\"fr-FR\",\"@id\":\"https:\\\/\\\/lasentinelle.dz\\\/index.php\\\/2024\\\/11\\\/25\\\/application-des-mandats-darret-de-la-cpi-contre-netanyahu-et-gallant-washington-menace-meme-ses-allies\\\/#primaryimage\",\"url\":\"https:\\\/\\\/lasentinelle.dz\\\/wp-content\\\/uploads\\\/2024\\\/11\\\/Lindsey-Graham-.jpg\",\"contentUrl\":\"https:\\\/\\\/lasentinelle.dz\\\/wp-content\\\/uploads\\\/2024\\\/11\\\/Lindsey-Graham-.jpg\",\"width\":864,\"height\":486},{\"@type\":\"BreadcrumbList\",\"@id\":\"https:\\\/\\\/lasentinelle.dz\\\/index.php\\\/2024\\\/11\\\/25\\\/application-des-mandats-darret-de-la-cpi-contre-netanyahu-et-gallant-washington-menace-meme-ses-allies\\\/#breadcrumb\",\"itemListElement\":[{\"@type\":\"ListItem\",\"position\":1,\"name\":\"Accueil\",\"item\":\"https:\\\/\\\/lasentinelle.dz\\\/\"},{\"@type\":\"ListItem\",\"position\":2,\"name\":\"Application des mandats d\u2019arr\u00eat de la CPI\u00a0contre Netanyahu et Gallant: Washington menace m\u00eame ses alli\u00e9s\u00a0!\"}]},{\"@type\":\"WebSite\",\"@id\":\"https:\\\/\\\/lasentinelle.dz\\\/#website\",\"url\":\"https:\\\/\\\/lasentinelle.dz\\\/\",\"name\":\"La Sentinelle\",\"description\":\"Quotidien national d&#039;information\",\"publisher\":{\"@id\":\"https:\\\/\\\/lasentinelle.dz\\\/#organization\"},\"potentialAction\":[{\"@type\":\"SearchAction\",\"target\":{\"@type\":\"EntryPoint\",\"urlTemplate\":\"https:\\\/\\\/lasentinelle.dz\\\/?s={search_term_string}\"},\"query-input\":{\"@type\":\"PropertyValueSpecification\",\"valueRequired\":true,\"valueName\":\"search_term_string\"}}],\"inLanguage\":\"fr-FR\"},{\"@type\":\"Organization\",\"@id\":\"https:\\\/\\\/lasentinelle.dz\\\/#organization\",\"name\":\"Quotidien La Sentinelle\",\"url\":\"https:\\\/\\\/lasentinelle.dz\\\/\",\"logo\":{\"@type\":\"ImageObject\",\"inLanguage\":\"fr-FR\",\"@id\":\"https:\\\/\\\/lasentinelle.dz\\\/#\\\/schema\\\/logo\\\/image\\\/\",\"url\":\"https:\\\/\\\/lasentinelle.dz\\\/wp-content\\\/uploads\\\/2021\\\/09\\\/logo-sentinelleSLOGAN-1.png\",\"contentUrl\":\"https:\\\/\\\/lasentinelle.dz\\\/wp-content\\\/uploads\\\/2021\\\/09\\\/logo-sentinelleSLOGAN-1.png\",\"width\":615,\"height\":142,\"caption\":\"Quotidien La Sentinelle\"},\"image\":{\"@id\":\"https:\\\/\\\/lasentinelle.dz\\\/#\\\/schema\\\/logo\\\/image\\\/\"},\"sameAs\":[\"https:\\\/\\\/www.facebook.com\\\/La-Sentinelle-104059864394773\"]},{\"@type\":\"Person\",\"@id\":\"https:\\\/\\\/lasentinelle.dz\\\/#\\\/schema\\\/person\\\/729ee0024f24e0b8c5ec17232f8e8b41\",\"name\":\"admin\",\"image\":{\"@type\":\"ImageObject\",\"inLanguage\":\"fr-FR\",\"@id\":\"https:\\\/\\\/secure.gravatar.com\\\/avatar\\\/4c81fed838786e9b53f540bf46533e750f5d292099ae3b66cfc6fb1982e29df7?s=96&d=mm&r=g\",\"url\":\"https:\\\/\\\/secure.gravatar.com\\\/avatar\\\/4c81fed838786e9b53f540bf46533e750f5d292099ae3b66cfc6fb1982e29df7?s=96&d=mm&r=g\",\"contentUrl\":\"https:\\\/\\\/secure.gravatar.com\\\/avatar\\\/4c81fed838786e9b53f540bf46533e750f5d292099ae3b66cfc6fb1982e29df7?s=96&d=mm&r=g\",\"caption\":\"admin\"},\"description\":\"admin\",\"url\":\"https:\\\/\\\/lasentinelle.dz\\\/author\\\/admin\\\/\"}]}<\/script>\n<!-- \/ Yoast SEO plugin. -->","yoast_head_json":{"title":"Application des mandats d\u2019arr\u00eat de la CPI\u00a0contre Netanyahu et Gallant: Washington menace m\u00eame ses alli\u00e9s\u00a0! - La Sentinelle","robots":{"index":"index","follow":"follow","max-snippet":"max-snippet:-1","max-image-preview":"max-image-preview:large","max-video-preview":"max-video-preview:-1"},"canonical":"https:\/\/lasentinelle.dz\/index.php\/2024\/11\/25\/application-des-mandats-darret-de-la-cpi-contre-netanyahu-et-gallant-washington-menace-meme-ses-allies\/","og_locale":"fr_FR","og_type":"article","og_title":"Application des mandats d\u2019arr\u00eat de la CPI\u00a0contre Netanyahu et Gallant: Washington menace m\u00eame ses alli\u00e9s\u00a0! - La Sentinelle","og_description":"Obnubil\u00e9s par leur volont\u00e9 de prot\u00e9ger l\u2019entit\u00e9 sioniste ainsi que ses dirigeants et de pr\u00e9server leur impunit\u00e9 \u00e0 tout prix,","og_url":"https:\/\/lasentinelle.dz\/index.php\/2024\/11\/25\/application-des-mandats-darret-de-la-cpi-contre-netanyahu-et-gallant-washington-menace-meme-ses-allies\/","og_site_name":"La Sentinelle","article_publisher":"https:\/\/www.facebook.com\/La-Sentinelle-104059864394773","article_published_time":"2024-11-25T10:53:40+00:00","article_modified_time":"2024-11-25T10:53:41+00:00","og_image":[{"width":864,"height":486,"url":"https:\/\/lasentinelle.dz\/wp-content\/uploads\/2024\/11\/Lindsey-Graham-.jpg","type":"image\/jpeg"}],"author":"admin","twitter_card":"summary_large_image","twitter_misc":{"\u00c9crit par":"admin","Dur\u00e9e de lecture estim\u00e9e":"3 minutes"},"schema":{"@context":"https:\/\/schema.org","@graph":[{"@type":"Article","@id":"https:\/\/lasentinelle.dz\/index.php\/2024\/11\/25\/application-des-mandats-darret-de-la-cpi-contre-netanyahu-et-gallant-washington-menace-meme-ses-allies\/#article","isPartOf":{"@id":"https:\/\/lasentinelle.dz\/index.php\/2024\/11\/25\/application-des-mandats-darret-de-la-cpi-contre-netanyahu-et-gallant-washington-menace-meme-ses-allies\/"},"author":{"name":"admin","@id":"https:\/\/lasentinelle.dz\/#\/schema\/person\/729ee0024f24e0b8c5ec17232f8e8b41"},"headline":"Application des mandats d\u2019arr\u00eat de la CPI\u00a0contre Netanyahu et Gallant: Washington menace m\u00eame ses alli\u00e9s\u00a0!","datePublished":"2024-11-25T10:53:40+00:00","dateModified":"2024-11-25T10:53:41+00:00","mainEntityOfPage":{"@id":"https:\/\/lasentinelle.dz\/index.php\/2024\/11\/25\/application-des-mandats-darret-de-la-cpi-contre-netanyahu-et-gallant-washington-menace-meme-ses-allies\/"},"wordCount":635,"commentCount":0,"publisher":{"@id":"https:\/\/lasentinelle.dz\/#organization"},"image":{"@id":"https:\/\/lasentinelle.dz\/index.php\/2024\/11\/25\/application-des-mandats-darret-de-la-cpi-contre-netanyahu-et-gallant-washington-menace-meme-ses-allies\/#primaryimage"},"thumbnailUrl":"https:\/\/lasentinelle.dz\/wp-content\/uploads\/2024\/11\/Lindsey-Graham-.jpg","articleSection":["\u00c0 la Une","Actualit\u00e9"],"inLanguage":"fr-FR","potentialAction":[{"@type":"CommentAction","name":"Comment","target":["https:\/\/lasentinelle.dz\/index.php\/2024\/11\/25\/application-des-mandats-darret-de-la-cpi-contre-netanyahu-et-gallant-washington-menace-meme-ses-allies\/#respond"]}]},{"@type":"WebPage","@id":"https:\/\/lasentinelle.dz\/index.php\/2024\/11\/25\/application-des-mandats-darret-de-la-cpi-contre-netanyahu-et-gallant-washington-menace-meme-ses-allies\/","url":"https:\/\/lasentinelle.dz\/index.php\/2024\/11\/25\/application-des-mandats-darret-de-la-cpi-contre-netanyahu-et-gallant-washington-menace-meme-ses-allies\/","name":"Application des mandats d\u2019arr\u00eat de la CPI\u00a0contre Netanyahu et Gallant: Washington menace m\u00eame ses alli\u00e9s\u00a0! - La Sentinelle","isPartOf":{"@id":"https:\/\/lasentinelle.dz\/#website"},"primaryImageOfPage":{"@id":"https:\/\/lasentinelle.dz\/index.php\/2024\/11\/25\/application-des-mandats-darret-de-la-cpi-contre-netanyahu-et-gallant-washington-menace-meme-ses-allies\/#primaryimage"},"image":{"@id":"https:\/\/lasentinelle.dz\/index.php\/2024\/11\/25\/application-des-mandats-darret-de-la-cpi-contre-netanyahu-et-gallant-washington-menace-meme-ses-allies\/#primaryimage"},"thumbnailUrl":"https:\/\/lasentinelle.dz\/wp-content\/uploads\/2024\/11\/Lindsey-Graham-.jpg","datePublished":"2024-11-25T10:53:40+00:00","dateModified":"2024-11-25T10:53:41+00:00","breadcrumb":{"@id":"https:\/\/lasentinelle.dz\/index.php\/2024\/11\/25\/application-des-mandats-darret-de-la-cpi-contre-netanyahu-et-gallant-washington-menace-meme-ses-allies\/#breadcrumb"},"inLanguage":"fr-FR","potentialAction":[{"@type":"ReadAction","target":["https:\/\/lasentinelle.dz\/index.php\/2024\/11\/25\/application-des-mandats-darret-de-la-cpi-contre-netanyahu-et-gallant-washington-menace-meme-ses-allies\/"]}]},{"@type":"ImageObject","inLanguage":"fr-FR","@id":"https:\/\/lasentinelle.dz\/index.php\/2024\/11\/25\/application-des-mandats-darret-de-la-cpi-contre-netanyahu-et-gallant-washington-menace-meme-ses-allies\/#primaryimage","url":"https:\/\/lasentinelle.dz\/wp-content\/uploads\/2024\/11\/Lindsey-Graham-.jpg","contentUrl":"https:\/\/lasentinelle.dz\/wp-content\/uploads\/2024\/11\/Lindsey-Graham-.jpg","width":864,"height":486},{"@type":"BreadcrumbList","@id":"https:\/\/lasentinelle.dz\/index.php\/2024\/11\/25\/application-des-mandats-darret-de-la-cpi-contre-netanyahu-et-gallant-washington-menace-meme-ses-allies\/#breadcrumb","itemListElement":[{"@type":"ListItem","position":1,"name":"Accueil","item":"https:\/\/lasentinelle.dz\/"},{"@type":"ListItem","position":2,"name":"Application des mandats d\u2019arr\u00eat de la CPI\u00a0contre Netanyahu et Gallant: Washington menace m\u00eame ses alli\u00e9s\u00a0!"}]},{"@type":"WebSite","@id":"https:\/\/lasentinelle.dz\/#website","url":"https:\/\/lasentinelle.dz\/","name":"La Sentinelle","description":"Quotidien national d&#039;information","publisher":{"@id":"https:\/\/lasentinelle.dz\/#organization"},"potentialAction":[{"@type":"SearchAction","target":{"@type":"EntryPoint","urlTemplate":"https:\/\/lasentinelle.dz\/?s={search_term_string}"},"query-input":{"@type":"PropertyValueSpecification","valueRequired":true,"valueName":"search_term_string"}}],"inLanguage":"fr-FR"},{"@type":"Organization","@id":"https:\/\/lasentinelle.dz\/#organization","name":"Quotidien La Sentinelle","url":"https:\/\/lasentinelle.dz\/","logo":{"@type":"ImageObject","inLanguage":"fr-FR","@id":"https:\/\/lasentinelle.dz\/#\/schema\/logo\/image\/","url":"https:\/\/lasentinelle.dz\/wp-content\/uploads\/2021\/09\/logo-sentinelleSLOGAN-1.png","contentUrl":"https:\/\/lasentinelle.dz\/wp-content\/uploads\/2021\/09\/logo-sentinelleSLOGAN-1.png","width":615,"height":142,"caption":"Quotidien La Sentinelle"},"image":{"@id":"https:\/\/lasentinelle.dz\/#\/schema\/logo\/image\/"},"sameAs":["https:\/\/www.facebook.com\/La-Sentinelle-104059864394773"]},{"@type":"Person","@id":"https:\/\/lasentinelle.dz\/#\/schema\/person\/729ee0024f24e0b8c5ec17232f8e8b41","name":"admin","image":{"@type":"ImageObject","inLanguage":"fr-FR","@id":"https:\/\/secure.gravatar.com\/avatar\/4c81fed838786e9b53f540bf46533e750f5d292099ae3b66cfc6fb1982e29df7?s=96&d=mm&r=g","url":"https:\/\/secure.gravatar.com\/avatar\/4c81fed838786e9b53f540bf46533e750f5d292099ae3b66cfc6fb1982e29df7?s=96&d=mm&r=g","contentUrl":"https:\/\/secure.gravatar.com\/avatar\/4c81fed838786e9b53f540bf46533e750f5d292099ae3b66cfc6fb1982e29df7?s=96&d=mm&r=g","caption":"admin"},"description":"admin","url":"https:\/\/lasentinelle.dz\/author\/admin\/"}]}},"_links":{"self":[{"href":"https:\/\/lasentinelle.dz\/index.php\/wp-json\/wp\/v2\/posts\/59762","targetHints":{"allow":["GET"]}}],"collection":[{"href":"https:\/\/lasentinelle.dz\/index.php\/wp-json\/wp\/v2\/posts"}],"about":[{"href":"https:\/\/lasentinelle.dz\/index.php\/wp-json\/wp\/v2\/types\/post"}],"author":[{"embeddable":true,"href":"https:\/\/lasentinelle.dz\/index.php\/wp-json\/wp\/v2\/users\/6"}],"replies":[{"embeddable":true,"href":"https:\/\/lasentinelle.dz\/index.php\/wp-json\/wp\/v2\/comments?post=59762"}],"version-history":[{"count":1,"href":"https:\/\/lasentinelle.dz\/index.php\/wp-json\/wp\/v2\/posts\/59762\/revisions"}],"predecessor-version":[{"id":59764,"href":"https:\/\/lasentinelle.dz\/index.php\/wp-json\/wp\/v2\/posts\/59762\/revisions\/59764"}],"wp:featuredmedia":[{"embeddable":true,"href":"https:\/\/lasentinelle.dz\/index.php\/wp-json\/wp\/v2\/media\/59763"}],"wp:attachment":[{"href":"https:\/\/lasentinelle.dz\/index.php\/wp-json\/wp\/v2\/media?parent=59762"}],"wp:term":[{"taxonomy":"category","embeddable":true,"href":"https:\/\/lasentinelle.dz\/index.php\/wp-json\/wp\/v2\/categories?post=59762"},{"taxonomy":"post_tag","embeddable":true,"href":"https:\/\/lasentinelle.dz\/index.php\/wp-json\/wp\/v2\/tags?post=59762"}],"curies":[{"name":"wp","href":"https:\/\/api.w.org\/{rel}","templated":true}]}}