{"id":59772,"date":"2024-11-25T11:58:33","date_gmt":"2024-11-25T10:58:33","guid":{"rendered":"https:\/\/lasentinelle.dz\/?p=59772"},"modified":"2024-11-25T11:59:31","modified_gmt":"2024-11-25T10:59:31","slug":"le-president-de-la-republique-signe-la-loi-de-finances-2025-concilier-le-developpement-economique-et-lamelioration-du-cadre-de-vie-des-citoyens","status":"publish","type":"post","link":"https:\/\/lasentinelle.dz\/index.php\/2024\/11\/25\/le-president-de-la-republique-signe-la-loi-de-finances-2025-concilier-le-developpement-economique-et-lamelioration-du-cadre-de-vie-des-citoyens\/","title":{"rendered":"Le pr\u00e9sident de la R\u00e9publique signe la Loi de finances 2025"},"content":{"rendered":"\n<p>Le pr\u00e9sident de la R\u00e9publique, M. Abdelmadjid Tebboune, a sign\u00e9 hier la Loi de finances 2025 qui doit entrer en vigueur le 1<sup>er<\/sup> janvier prochain, lors d\u2019une c\u00e9r\u00e9monie solennelle, qui s&rsquo;est d\u00e9roul\u00e9e au si\u00e8ge de la pr\u00e9sidence de la R\u00e9publique en pr\u00e9sence des hauts responsables de l&rsquo;\u00c9tat laquelle a \u00e9t\u00e9 suivie de la traditionnelle photo-souvenir avec les membres du nouveau gouvernement.<\/p>\n\n\n\n<p>Le texte d\u00e9finitif de la Loi de finances 2025 se distingue par son ambition de concilier le d\u00e9veloppement \u00e9conomique et l&rsquo;am\u00e9lioration du cadre de vie des citoyens et traduit le d\u00e9but de la concr\u00e9tisation des engagements du pr\u00e9sident de la R\u00e9publique pour son second mandat, notamment en ce concerne la protection du pouvoir d\u2019achat, en mati\u00e8re \u00e9conomique et de r\u00e9alisation de nouvelles infrastructures et programmes de logements. Dans le domaine financier, une innovation majeure r\u00e9side dans l&rsquo;autorisation donn\u00e9e au Tr\u00e9sor public d&rsquo;\u00e9mettre des \u00ab\u00a0sukuk souverains\u00a0\u00bb, permettant aux personnes physiques et morales de participer au financement des infrastructures et \u00e9quipements publics marchands de l&rsquo;\u00c9tat. Ces instruments b\u00e9n\u00e9ficieront d&rsquo;une exemption fiscale significative pendant cinq ans, concernant tant l&rsquo;Imp\u00f4t sur le revenu global (IRG) que l&rsquo;imp\u00f4t sur le b\u00e9n\u00e9fice des soci\u00e9t\u00e9s (IBS). Le d\u00e9veloppement territorial n&rsquo;est pas en reste, avec la reconduction pour cinq ans de l&rsquo;abattement de 50% en mati\u00e8re d&rsquo;IRG et d&rsquo;IBS pour les revenus r\u00e9alis\u00e9s dans les wilayas du Sud. L&rsquo;innovation et l&rsquo;entreprenariat sont \u00e9galement encourag\u00e9s \u00e0 travers un abattement de 30% du b\u00e9n\u00e9fice comptable, plafonn\u00e9 \u00e0 200 millions de DA, pour les d\u00e9penses de recherche et d\u00e9veloppement et les programmes d&rsquo;innovation r\u00e9alis\u00e9s avec les start-up, alors que le Pr\u00e9sident mise sur la cr\u00e9ation de 20.000 startups. Le texte accorde une attention particuli\u00e8re \u00e0 la transformation num\u00e9rique avec l&rsquo;exon\u00e9ration de TVA et de droits de douane pour les terminaux de paiement \u00e9lectronique jusqu&rsquo;\u00e0 fin 2027. Le renforcement des capacit\u00e9s d&rsquo;investissement se traduit par l&rsquo;augmentation du capital du Fonds national d&rsquo;investissement, port\u00e9 \u00e0 275 milliards de dinars, et l&rsquo;extension des garanties du FGAR \u00e0 l&rsquo;ensemble des cr\u00e9dits bancaires. Dans le domaine du logement, des mesures significatives sont pr\u00e9vues, notamment la prise en charge par le Tr\u00e9sor des int\u00e9r\u00eats des pr\u00eats accord\u00e9s par les banques publiques pour le programme de location-vente de 135.000 logements. Un abattement de 10% est \u00e9galement pr\u00e9vu pour les b\u00e9n\u00e9ficiaires du programme \u00ab\u00a0AADL 3\u00a0\u00bb qui souhaiteraient solder leur logement par anticipation. Le pouvoir d&rsquo;achat des citoyens fait l&rsquo;objet d&rsquo;une attention particuli\u00e8re avec l&rsquo;autorisation donn\u00e9e aux banques d&rsquo;accorder des cr\u00e9dits \u00e0 la consommation pour l&rsquo;achat de biens et services, notamment dans les domaines de la sant\u00e9 et des voyages. Des exon\u00e9rations fiscales significatives sont maintenues ou introduites, notamment sur les importations de viandes blanches congel\u00e9es, les l\u00e9gumes secs, le riz, les fruits et l\u00e9gumes frais, et divers produits de premi\u00e8re n\u00e9cessit\u00e9 jusqu&rsquo;\u00e0 fin 2025. Cette loi de finances, qui entrera en vigueur le 1er janvier 2025, traduit ainsi une volont\u00e9 politique d&rsquo;\u00e9quilibrer les imp\u00e9ratifs de d\u00e9veloppement \u00e9conomique et les pr\u00e9occupations sociales, tout en poursuivant la modernisation des instruments financiers et la transformation num\u00e9rique du pays. Elle s&rsquo;inscrit dans la continuit\u00e9 des r\u00e9formes engag\u00e9es tout en introduisant des innovations significatives pour r\u00e9pondre aux d\u00e9fis contemporains de l&rsquo;\u00e9conomie nationale. Rappelons que la signature de la LF2025 intervient quelques jours apr\u00e8s la d\u00e9cision la semaine derni\u00e8re de la Cour constitutionnelle qui, le 17 novembre, a d\u00e9clar\u00e9 inconstitutionnels quatre amendements introduits par les d\u00e9put\u00e9s. Cette d\u00e9cision fait suite \u00e0 une double saisine du Premier ministre Nadir Larbaoui et du pr\u00e9sident du Conseil de la Nation, s&rsquo;appuyant sur l&rsquo;article 147 de la Constitution qui stipule qu\u2019aucune proposition de loi ou amendement pr\u00e9sent\u00e9 par les membres du Parlement ne peut \u00eatre accept\u00e9 s\u2019il entra\u00eene une diminution des ressources publiques, sauf \u00e0 \u00eatre accompagn\u00e9 de mesures compensatoires visant \u00e0 augmenter les recettes de l\u2019\u00c9tat ou \u00e0 r\u00e9aliser des \u00e9conomies \u00e9quivalentes sur d\u2019autres postes budg\u00e9taires.<\/p>\n\n\n\n<p>Lyna Larbi<\/p>\n","protected":false},"excerpt":{"rendered":"<p>Le pr\u00e9sident de la R\u00e9publique, M. Abdelmadjid Tebboune, a sign\u00e9 hier la Loi de finances 2025 qui doit entrer en<\/p>\n","protected":false},"author":6,"featured_media":59773,"comment_status":"open","ping_status":"closed","sticky":false,"template":"","format":"standard","meta":{"colormag_page_container_layout":"default_layout","colormag_page_sidebar_layout":"default_layout","om_disable_all_campaigns":false,"_monsterinsights_skip_tracking":false,"_monsterinsights_sitenote_active":false,"_monsterinsights_sitenote_note":"","_monsterinsights_sitenote_category":0,"footnotes":"","_wpscppro_dont_share_socialmedia":false,"_wpscppro_custom_social_share_image":0,"_facebook_share_type":"default","_twitter_share_type":"default","_linkedin_share_type":"default","_pinterest_share_type":"default","_linkedin_share_type_page":"","_instagram_share_type":"default","_medium_share_type":"default","_threads_share_type":"","_google_business_share_type":"","_selected_social_profile":[],"_wpsp_enable_custom_social_template":false,"_wpsp_social_scheduling":{"enabled":false,"datetime":null,"platforms":[],"status":"template_only","dateOption":"today","timeOption":"now","customDays":"","customHours":"","customDate":"","customTime":"","schedulingType":"absolute"},"_wpsp_active_default_template":true},"categories":[27],"tags":[],"class_list":["post-59772","post","type-post","status-publish","format-standard","has-post-thumbnail","hentry","category-actualite"],"aioseo_notices":[],"yoast_head":"<!-- This site is optimized with the Yoast SEO plugin v27.5 - https:\/\/yoast.com\/product\/yoast-seo-wordpress\/ -->\n<title>Le pr\u00e9sident de la R\u00e9publique signe la Loi de finances 2025 - La Sentinelle<\/title>\n<meta name=\"robots\" content=\"index, follow, max-snippet:-1, max-image-preview:large, max-video-preview:-1\" \/>\n<link rel=\"canonical\" href=\"https:\/\/lasentinelle.dz\/index.php\/2024\/11\/25\/le-president-de-la-republique-signe-la-loi-de-finances-2025-concilier-le-developpement-economique-et-lamelioration-du-cadre-de-vie-des-citoyens\/\" \/>\n<meta property=\"og:locale\" content=\"fr_FR\" \/>\n<meta property=\"og:type\" content=\"article\" \/>\n<meta property=\"og:title\" content=\"Le pr\u00e9sident de la R\u00e9publique signe la Loi de finances 2025 - La Sentinelle\" \/>\n<meta property=\"og:description\" content=\"Le pr\u00e9sident de la R\u00e9publique, M. Abdelmadjid Tebboune, a sign\u00e9 hier la Loi de finances 2025 qui doit entrer en\" \/>\n<meta property=\"og:url\" content=\"https:\/\/lasentinelle.dz\/index.php\/2024\/11\/25\/le-president-de-la-republique-signe-la-loi-de-finances-2025-concilier-le-developpement-economique-et-lamelioration-du-cadre-de-vie-des-citoyens\/\" \/>\n<meta property=\"og:site_name\" content=\"La Sentinelle\" \/>\n<meta property=\"article:publisher\" content=\"https:\/\/www.facebook.com\/La-Sentinelle-104059864394773\" \/>\n<meta property=\"article:published_time\" content=\"2024-11-25T10:58:33+00:00\" \/>\n<meta property=\"article:modified_time\" content=\"2024-11-25T10:59:31+00:00\" \/>\n<meta property=\"og:image\" content=\"https:\/\/lasentinelle.dz\/wp-content\/uploads\/2024\/11\/tebboune-signature.jpg\" \/>\n\t<meta property=\"og:image:width\" content=\"2048\" \/>\n\t<meta property=\"og:image:height\" content=\"1366\" \/>\n\t<meta property=\"og:image:type\" content=\"image\/jpeg\" \/>\n<meta name=\"author\" content=\"admin\" \/>\n<meta name=\"twitter:card\" content=\"summary_large_image\" \/>\n<meta name=\"twitter:label1\" content=\"\u00c9crit par\" \/>\n\t<meta name=\"twitter:data1\" content=\"admin\" \/>\n\t<meta name=\"twitter:label2\" content=\"Dur\u00e9e de lecture estim\u00e9e\" \/>\n\t<meta name=\"twitter:data2\" content=\"4 minutes\" \/>\n<script type=\"application\/ld+json\" class=\"yoast-schema-graph\">{\"@context\":\"https:\\\/\\\/schema.org\",\"@graph\":[{\"@type\":\"Article\",\"@id\":\"https:\\\/\\\/lasentinelle.dz\\\/index.php\\\/2024\\\/11\\\/25\\\/le-president-de-la-republique-signe-la-loi-de-finances-2025-concilier-le-developpement-economique-et-lamelioration-du-cadre-de-vie-des-citoyens\\\/#article\",\"isPartOf\":{\"@id\":\"https:\\\/\\\/lasentinelle.dz\\\/index.php\\\/2024\\\/11\\\/25\\\/le-president-de-la-republique-signe-la-loi-de-finances-2025-concilier-le-developpement-economique-et-lamelioration-du-cadre-de-vie-des-citoyens\\\/\"},\"author\":{\"name\":\"admin\",\"@id\":\"https:\\\/\\\/lasentinelle.dz\\\/#\\\/schema\\\/person\\\/729ee0024f24e0b8c5ec17232f8e8b41\"},\"headline\":\"Le pr\u00e9sident de la R\u00e9publique signe la Loi de finances 2025\",\"datePublished\":\"2024-11-25T10:58:33+00:00\",\"dateModified\":\"2024-11-25T10:59:31+00:00\",\"mainEntityOfPage\":{\"@id\":\"https:\\\/\\\/lasentinelle.dz\\\/index.php\\\/2024\\\/11\\\/25\\\/le-president-de-la-republique-signe-la-loi-de-finances-2025-concilier-le-developpement-economique-et-lamelioration-du-cadre-de-vie-des-citoyens\\\/\"},\"wordCount\":743,\"commentCount\":0,\"publisher\":{\"@id\":\"https:\\\/\\\/lasentinelle.dz\\\/#organization\"},\"image\":{\"@id\":\"https:\\\/\\\/lasentinelle.dz\\\/index.php\\\/2024\\\/11\\\/25\\\/le-president-de-la-republique-signe-la-loi-de-finances-2025-concilier-le-developpement-economique-et-lamelioration-du-cadre-de-vie-des-citoyens\\\/#primaryimage\"},\"thumbnailUrl\":\"https:\\\/\\\/lasentinelle.dz\\\/wp-content\\\/uploads\\\/2024\\\/11\\\/tebboune-signature.jpg\",\"articleSection\":[\"Actualit\u00e9\"],\"inLanguage\":\"fr-FR\",\"potentialAction\":[{\"@type\":\"CommentAction\",\"name\":\"Comment\",\"target\":[\"https:\\\/\\\/lasentinelle.dz\\\/index.php\\\/2024\\\/11\\\/25\\\/le-president-de-la-republique-signe-la-loi-de-finances-2025-concilier-le-developpement-economique-et-lamelioration-du-cadre-de-vie-des-citoyens\\\/#respond\"]}]},{\"@type\":\"WebPage\",\"@id\":\"https:\\\/\\\/lasentinelle.dz\\\/index.php\\\/2024\\\/11\\\/25\\\/le-president-de-la-republique-signe-la-loi-de-finances-2025-concilier-le-developpement-economique-et-lamelioration-du-cadre-de-vie-des-citoyens\\\/\",\"url\":\"https:\\\/\\\/lasentinelle.dz\\\/index.php\\\/2024\\\/11\\\/25\\\/le-president-de-la-republique-signe-la-loi-de-finances-2025-concilier-le-developpement-economique-et-lamelioration-du-cadre-de-vie-des-citoyens\\\/\",\"name\":\"Le pr\u00e9sident de la R\u00e9publique signe la Loi de finances 2025 - La Sentinelle\",\"isPartOf\":{\"@id\":\"https:\\\/\\\/lasentinelle.dz\\\/#website\"},\"primaryImageOfPage\":{\"@id\":\"https:\\\/\\\/lasentinelle.dz\\\/index.php\\\/2024\\\/11\\\/25\\\/le-president-de-la-republique-signe-la-loi-de-finances-2025-concilier-le-developpement-economique-et-lamelioration-du-cadre-de-vie-des-citoyens\\\/#primaryimage\"},\"image\":{\"@id\":\"https:\\\/\\\/lasentinelle.dz\\\/index.php\\\/2024\\\/11\\\/25\\\/le-president-de-la-republique-signe-la-loi-de-finances-2025-concilier-le-developpement-economique-et-lamelioration-du-cadre-de-vie-des-citoyens\\\/#primaryimage\"},\"thumbnailUrl\":\"https:\\\/\\\/lasentinelle.dz\\\/wp-content\\\/uploads\\\/2024\\\/11\\\/tebboune-signature.jpg\",\"datePublished\":\"2024-11-25T10:58:33+00:00\",\"dateModified\":\"2024-11-25T10:59:31+00:00\",\"breadcrumb\":{\"@id\":\"https:\\\/\\\/lasentinelle.dz\\\/index.php\\\/2024\\\/11\\\/25\\\/le-president-de-la-republique-signe-la-loi-de-finances-2025-concilier-le-developpement-economique-et-lamelioration-du-cadre-de-vie-des-citoyens\\\/#breadcrumb\"},\"inLanguage\":\"fr-FR\",\"potentialAction\":[{\"@type\":\"ReadAction\",\"target\":[\"https:\\\/\\\/lasentinelle.dz\\\/index.php\\\/2024\\\/11\\\/25\\\/le-president-de-la-republique-signe-la-loi-de-finances-2025-concilier-le-developpement-economique-et-lamelioration-du-cadre-de-vie-des-citoyens\\\/\"]}]},{\"@type\":\"ImageObject\",\"inLanguage\":\"fr-FR\",\"@id\":\"https:\\\/\\\/lasentinelle.dz\\\/index.php\\\/2024\\\/11\\\/25\\\/le-president-de-la-republique-signe-la-loi-de-finances-2025-concilier-le-developpement-economique-et-lamelioration-du-cadre-de-vie-des-citoyens\\\/#primaryimage\",\"url\":\"https:\\\/\\\/lasentinelle.dz\\\/wp-content\\\/uploads\\\/2024\\\/11\\\/tebboune-signature.jpg\",\"contentUrl\":\"https:\\\/\\\/lasentinelle.dz\\\/wp-content\\\/uploads\\\/2024\\\/11\\\/tebboune-signature.jpg\",\"width\":2048,\"height\":1366},{\"@type\":\"BreadcrumbList\",\"@id\":\"https:\\\/\\\/lasentinelle.dz\\\/index.php\\\/2024\\\/11\\\/25\\\/le-president-de-la-republique-signe-la-loi-de-finances-2025-concilier-le-developpement-economique-et-lamelioration-du-cadre-de-vie-des-citoyens\\\/#breadcrumb\",\"itemListElement\":[{\"@type\":\"ListItem\",\"position\":1,\"name\":\"Accueil\",\"item\":\"https:\\\/\\\/lasentinelle.dz\\\/\"},{\"@type\":\"ListItem\",\"position\":2,\"name\":\"Le pr\u00e9sident de la R\u00e9publique signe la Loi de finances 2025\"}]},{\"@type\":\"WebSite\",\"@id\":\"https:\\\/\\\/lasentinelle.dz\\\/#website\",\"url\":\"https:\\\/\\\/lasentinelle.dz\\\/\",\"name\":\"La Sentinelle\",\"description\":\"Quotidien national d&#039;information\",\"publisher\":{\"@id\":\"https:\\\/\\\/lasentinelle.dz\\\/#organization\"},\"potentialAction\":[{\"@type\":\"SearchAction\",\"target\":{\"@type\":\"EntryPoint\",\"urlTemplate\":\"https:\\\/\\\/lasentinelle.dz\\\/?s={search_term_string}\"},\"query-input\":{\"@type\":\"PropertyValueSpecification\",\"valueRequired\":true,\"valueName\":\"search_term_string\"}}],\"inLanguage\":\"fr-FR\"},{\"@type\":\"Organization\",\"@id\":\"https:\\\/\\\/lasentinelle.dz\\\/#organization\",\"name\":\"Quotidien La Sentinelle\",\"url\":\"https:\\\/\\\/lasentinelle.dz\\\/\",\"logo\":{\"@type\":\"ImageObject\",\"inLanguage\":\"fr-FR\",\"@id\":\"https:\\\/\\\/lasentinelle.dz\\\/#\\\/schema\\\/logo\\\/image\\\/\",\"url\":\"https:\\\/\\\/lasentinelle.dz\\\/wp-content\\\/uploads\\\/2021\\\/09\\\/logo-sentinelleSLOGAN-1.png\",\"contentUrl\":\"https:\\\/\\\/lasentinelle.dz\\\/wp-content\\\/uploads\\\/2021\\\/09\\\/logo-sentinelleSLOGAN-1.png\",\"width\":615,\"height\":142,\"caption\":\"Quotidien La Sentinelle\"},\"image\":{\"@id\":\"https:\\\/\\\/lasentinelle.dz\\\/#\\\/schema\\\/logo\\\/image\\\/\"},\"sameAs\":[\"https:\\\/\\\/www.facebook.com\\\/La-Sentinelle-104059864394773\"]},{\"@type\":\"Person\",\"@id\":\"https:\\\/\\\/lasentinelle.dz\\\/#\\\/schema\\\/person\\\/729ee0024f24e0b8c5ec17232f8e8b41\",\"name\":\"admin\",\"image\":{\"@type\":\"ImageObject\",\"inLanguage\":\"fr-FR\",\"@id\":\"https:\\\/\\\/secure.gravatar.com\\\/avatar\\\/4c81fed838786e9b53f540bf46533e750f5d292099ae3b66cfc6fb1982e29df7?s=96&d=mm&r=g\",\"url\":\"https:\\\/\\\/secure.gravatar.com\\\/avatar\\\/4c81fed838786e9b53f540bf46533e750f5d292099ae3b66cfc6fb1982e29df7?s=96&d=mm&r=g\",\"contentUrl\":\"https:\\\/\\\/secure.gravatar.com\\\/avatar\\\/4c81fed838786e9b53f540bf46533e750f5d292099ae3b66cfc6fb1982e29df7?s=96&d=mm&r=g\",\"caption\":\"admin\"},\"description\":\"admin\",\"url\":\"https:\\\/\\\/lasentinelle.dz\\\/author\\\/admin\\\/\"}]}<\/script>\n<!-- \/ Yoast SEO plugin. -->","yoast_head_json":{"title":"Le pr\u00e9sident de la R\u00e9publique signe la Loi de finances 2025 - La Sentinelle","robots":{"index":"index","follow":"follow","max-snippet":"max-snippet:-1","max-image-preview":"max-image-preview:large","max-video-preview":"max-video-preview:-1"},"canonical":"https:\/\/lasentinelle.dz\/index.php\/2024\/11\/25\/le-president-de-la-republique-signe-la-loi-de-finances-2025-concilier-le-developpement-economique-et-lamelioration-du-cadre-de-vie-des-citoyens\/","og_locale":"fr_FR","og_type":"article","og_title":"Le pr\u00e9sident de la R\u00e9publique signe la Loi de finances 2025 - La Sentinelle","og_description":"Le pr\u00e9sident de la R\u00e9publique, M. Abdelmadjid Tebboune, a sign\u00e9 hier la Loi de finances 2025 qui doit entrer en","og_url":"https:\/\/lasentinelle.dz\/index.php\/2024\/11\/25\/le-president-de-la-republique-signe-la-loi-de-finances-2025-concilier-le-developpement-economique-et-lamelioration-du-cadre-de-vie-des-citoyens\/","og_site_name":"La Sentinelle","article_publisher":"https:\/\/www.facebook.com\/La-Sentinelle-104059864394773","article_published_time":"2024-11-25T10:58:33+00:00","article_modified_time":"2024-11-25T10:59:31+00:00","og_image":[{"width":2048,"height":1366,"url":"https:\/\/lasentinelle.dz\/wp-content\/uploads\/2024\/11\/tebboune-signature.jpg","type":"image\/jpeg"}],"author":"admin","twitter_card":"summary_large_image","twitter_misc":{"\u00c9crit par":"admin","Dur\u00e9e de lecture estim\u00e9e":"4 minutes"},"schema":{"@context":"https:\/\/schema.org","@graph":[{"@type":"Article","@id":"https:\/\/lasentinelle.dz\/index.php\/2024\/11\/25\/le-president-de-la-republique-signe-la-loi-de-finances-2025-concilier-le-developpement-economique-et-lamelioration-du-cadre-de-vie-des-citoyens\/#article","isPartOf":{"@id":"https:\/\/lasentinelle.dz\/index.php\/2024\/11\/25\/le-president-de-la-republique-signe-la-loi-de-finances-2025-concilier-le-developpement-economique-et-lamelioration-du-cadre-de-vie-des-citoyens\/"},"author":{"name":"admin","@id":"https:\/\/lasentinelle.dz\/#\/schema\/person\/729ee0024f24e0b8c5ec17232f8e8b41"},"headline":"Le pr\u00e9sident de la R\u00e9publique signe la Loi de finances 2025","datePublished":"2024-11-25T10:58:33+00:00","dateModified":"2024-11-25T10:59:31+00:00","mainEntityOfPage":{"@id":"https:\/\/lasentinelle.dz\/index.php\/2024\/11\/25\/le-president-de-la-republique-signe-la-loi-de-finances-2025-concilier-le-developpement-economique-et-lamelioration-du-cadre-de-vie-des-citoyens\/"},"wordCount":743,"commentCount":0,"publisher":{"@id":"https:\/\/lasentinelle.dz\/#organization"},"image":{"@id":"https:\/\/lasentinelle.dz\/index.php\/2024\/11\/25\/le-president-de-la-republique-signe-la-loi-de-finances-2025-concilier-le-developpement-economique-et-lamelioration-du-cadre-de-vie-des-citoyens\/#primaryimage"},"thumbnailUrl":"https:\/\/lasentinelle.dz\/wp-content\/uploads\/2024\/11\/tebboune-signature.jpg","articleSection":["Actualit\u00e9"],"inLanguage":"fr-FR","potentialAction":[{"@type":"CommentAction","name":"Comment","target":["https:\/\/lasentinelle.dz\/index.php\/2024\/11\/25\/le-president-de-la-republique-signe-la-loi-de-finances-2025-concilier-le-developpement-economique-et-lamelioration-du-cadre-de-vie-des-citoyens\/#respond"]}]},{"@type":"WebPage","@id":"https:\/\/lasentinelle.dz\/index.php\/2024\/11\/25\/le-president-de-la-republique-signe-la-loi-de-finances-2025-concilier-le-developpement-economique-et-lamelioration-du-cadre-de-vie-des-citoyens\/","url":"https:\/\/lasentinelle.dz\/index.php\/2024\/11\/25\/le-president-de-la-republique-signe-la-loi-de-finances-2025-concilier-le-developpement-economique-et-lamelioration-du-cadre-de-vie-des-citoyens\/","name":"Le pr\u00e9sident de la R\u00e9publique signe la Loi de finances 2025 - La Sentinelle","isPartOf":{"@id":"https:\/\/lasentinelle.dz\/#website"},"primaryImageOfPage":{"@id":"https:\/\/lasentinelle.dz\/index.php\/2024\/11\/25\/le-president-de-la-republique-signe-la-loi-de-finances-2025-concilier-le-developpement-economique-et-lamelioration-du-cadre-de-vie-des-citoyens\/#primaryimage"},"image":{"@id":"https:\/\/lasentinelle.dz\/index.php\/2024\/11\/25\/le-president-de-la-republique-signe-la-loi-de-finances-2025-concilier-le-developpement-economique-et-lamelioration-du-cadre-de-vie-des-citoyens\/#primaryimage"},"thumbnailUrl":"https:\/\/lasentinelle.dz\/wp-content\/uploads\/2024\/11\/tebboune-signature.jpg","datePublished":"2024-11-25T10:58:33+00:00","dateModified":"2024-11-25T10:59:31+00:00","breadcrumb":{"@id":"https:\/\/lasentinelle.dz\/index.php\/2024\/11\/25\/le-president-de-la-republique-signe-la-loi-de-finances-2025-concilier-le-developpement-economique-et-lamelioration-du-cadre-de-vie-des-citoyens\/#breadcrumb"},"inLanguage":"fr-FR","potentialAction":[{"@type":"ReadAction","target":["https:\/\/lasentinelle.dz\/index.php\/2024\/11\/25\/le-president-de-la-republique-signe-la-loi-de-finances-2025-concilier-le-developpement-economique-et-lamelioration-du-cadre-de-vie-des-citoyens\/"]}]},{"@type":"ImageObject","inLanguage":"fr-FR","@id":"https:\/\/lasentinelle.dz\/index.php\/2024\/11\/25\/le-president-de-la-republique-signe-la-loi-de-finances-2025-concilier-le-developpement-economique-et-lamelioration-du-cadre-de-vie-des-citoyens\/#primaryimage","url":"https:\/\/lasentinelle.dz\/wp-content\/uploads\/2024\/11\/tebboune-signature.jpg","contentUrl":"https:\/\/lasentinelle.dz\/wp-content\/uploads\/2024\/11\/tebboune-signature.jpg","width":2048,"height":1366},{"@type":"BreadcrumbList","@id":"https:\/\/lasentinelle.dz\/index.php\/2024\/11\/25\/le-president-de-la-republique-signe-la-loi-de-finances-2025-concilier-le-developpement-economique-et-lamelioration-du-cadre-de-vie-des-citoyens\/#breadcrumb","itemListElement":[{"@type":"ListItem","position":1,"name":"Accueil","item":"https:\/\/lasentinelle.dz\/"},{"@type":"ListItem","position":2,"name":"Le pr\u00e9sident de la R\u00e9publique signe la Loi de finances 2025"}]},{"@type":"WebSite","@id":"https:\/\/lasentinelle.dz\/#website","url":"https:\/\/lasentinelle.dz\/","name":"La Sentinelle","description":"Quotidien national d&#039;information","publisher":{"@id":"https:\/\/lasentinelle.dz\/#organization"},"potentialAction":[{"@type":"SearchAction","target":{"@type":"EntryPoint","urlTemplate":"https:\/\/lasentinelle.dz\/?s={search_term_string}"},"query-input":{"@type":"PropertyValueSpecification","valueRequired":true,"valueName":"search_term_string"}}],"inLanguage":"fr-FR"},{"@type":"Organization","@id":"https:\/\/lasentinelle.dz\/#organization","name":"Quotidien La Sentinelle","url":"https:\/\/lasentinelle.dz\/","logo":{"@type":"ImageObject","inLanguage":"fr-FR","@id":"https:\/\/lasentinelle.dz\/#\/schema\/logo\/image\/","url":"https:\/\/lasentinelle.dz\/wp-content\/uploads\/2021\/09\/logo-sentinelleSLOGAN-1.png","contentUrl":"https:\/\/lasentinelle.dz\/wp-content\/uploads\/2021\/09\/logo-sentinelleSLOGAN-1.png","width":615,"height":142,"caption":"Quotidien La Sentinelle"},"image":{"@id":"https:\/\/lasentinelle.dz\/#\/schema\/logo\/image\/"},"sameAs":["https:\/\/www.facebook.com\/La-Sentinelle-104059864394773"]},{"@type":"Person","@id":"https:\/\/lasentinelle.dz\/#\/schema\/person\/729ee0024f24e0b8c5ec17232f8e8b41","name":"admin","image":{"@type":"ImageObject","inLanguage":"fr-FR","@id":"https:\/\/secure.gravatar.com\/avatar\/4c81fed838786e9b53f540bf46533e750f5d292099ae3b66cfc6fb1982e29df7?s=96&d=mm&r=g","url":"https:\/\/secure.gravatar.com\/avatar\/4c81fed838786e9b53f540bf46533e750f5d292099ae3b66cfc6fb1982e29df7?s=96&d=mm&r=g","contentUrl":"https:\/\/secure.gravatar.com\/avatar\/4c81fed838786e9b53f540bf46533e750f5d292099ae3b66cfc6fb1982e29df7?s=96&d=mm&r=g","caption":"admin"},"description":"admin","url":"https:\/\/lasentinelle.dz\/author\/admin\/"}]}},"_links":{"self":[{"href":"https:\/\/lasentinelle.dz\/index.php\/wp-json\/wp\/v2\/posts\/59772","targetHints":{"allow":["GET"]}}],"collection":[{"href":"https:\/\/lasentinelle.dz\/index.php\/wp-json\/wp\/v2\/posts"}],"about":[{"href":"https:\/\/lasentinelle.dz\/index.php\/wp-json\/wp\/v2\/types\/post"}],"author":[{"embeddable":true,"href":"https:\/\/lasentinelle.dz\/index.php\/wp-json\/wp\/v2\/users\/6"}],"replies":[{"embeddable":true,"href":"https:\/\/lasentinelle.dz\/index.php\/wp-json\/wp\/v2\/comments?post=59772"}],"version-history":[{"count":3,"href":"https:\/\/lasentinelle.dz\/index.php\/wp-json\/wp\/v2\/posts\/59772\/revisions"}],"predecessor-version":[{"id":59777,"href":"https:\/\/lasentinelle.dz\/index.php\/wp-json\/wp\/v2\/posts\/59772\/revisions\/59777"}],"wp:featuredmedia":[{"embeddable":true,"href":"https:\/\/lasentinelle.dz\/index.php\/wp-json\/wp\/v2\/media\/59773"}],"wp:attachment":[{"href":"https:\/\/lasentinelle.dz\/index.php\/wp-json\/wp\/v2\/media?parent=59772"}],"wp:term":[{"taxonomy":"category","embeddable":true,"href":"https:\/\/lasentinelle.dz\/index.php\/wp-json\/wp\/v2\/categories?post=59772"},{"taxonomy":"post_tag","embeddable":true,"href":"https:\/\/lasentinelle.dz\/index.php\/wp-json\/wp\/v2\/tags?post=59772"}],"curies":[{"name":"wp","href":"https:\/\/api.w.org\/{rel}","templated":true}]}}