{"id":59776,"date":"2024-11-25T12:00:00","date_gmt":"2024-11-25T11:00:00","guid":{"rendered":"https:\/\/lasentinelle.dz\/?p=59776"},"modified":"2024-11-25T12:00:00","modified_gmt":"2024-11-25T11:00:00","slug":"tebboune-exige-de-la-diligence","status":"publish","type":"post","link":"https:\/\/lasentinelle.dz\/index.php\/2024\/11\/25\/tebboune-exige-de-la-diligence\/","title":{"rendered":"Tebboune exige de la diligence !"},"content":{"rendered":"\n<p>Le pr\u00e9sident de la R\u00e9publique, Abdelmadjid Tebboune a fix\u00e9 le cap et le tempo attendus de la nouvelle \u00e9quipe gouvernementale.<\/p>\n\n\n\n<p>Le pr\u00e9sident de la R\u00e9publique Abdelmadjid Tebboune a pr\u00e9sid\u00e9, hier, une r\u00e9union du Conseil des ministres. Cette s\u00e9ance rev\u00eatait un caract\u00e8re exceptionnel puisqu&rsquo;elle rassemblait pour la premi\u00e8re fois les membres du nouveau gouvernement nomm\u00e9 la semaine derni\u00e8re sous la conduite du Premier ministre Nadir Larbaoui, une \u00e9quipe largement renouvel\u00e9e et compos\u00e9e essentiellement de technocrates, et qui permis au Pr\u00e9sident Tebboune de donner ses orientations \u00e0 son nouvel Ex\u00e9cutif et tracer la feuille de route pour l\u2019AN I du second mandat.<\/p>\n\n\n\n<p>Le ton est d\u2019ailleurs donn\u00e9 par le pr\u00e9sident de la R\u00e9publique lors de cette r\u00e9union ne laisse aucun doute sur ses attentes : rigueur, efficacit\u00e9 et r\u00e9sultats concrets au service des citoyens. Dans son allocution d&rsquo;ouverture, apr\u00e8s avoir souhait\u00e9 la bienvenue aux nouveaux membres du gouvernement, particuli\u00e8rement \u00e0 ceux qui exercent pour la premi\u00e8re fois des responsabilit\u00e9s ex\u00e9cutives, le pr\u00e9sident Tebboune a imm\u00e9diatement fix\u00e9 le cap et le tempo attendus de cette nouvelle \u00e9quipe gouvernementale.<\/p>\n\n\n\n<p>L&rsquo;accent a \u00e9t\u00e9 mis sur l&rsquo;imp\u00e9ratif de servir les citoyens avec \u00ab\u00a0une grande diligence\u00a0\u00bb, une expression qui traduit la volont\u00e9 pr\u00e9sidentielle de voir son gouvernement agir rapidement et efficacement pour r\u00e9pondre aux attentes de la population. Cette exigence s&rsquo;accompagne d&rsquo;un rappel ferme sur \u00ab\u00a0l&rsquo;imp\u00e9ratif respect des lois de la R\u00e9publique et des fronti\u00e8res de la souverainet\u00e9 nationale\u00a0\u00bb, soulignant ainsi le cadre strict dans lequel doivent s&rsquo;inscrire les actions gouvernementales.<\/p>\n\n\n\n<p>Le pr\u00e9sident n&rsquo;a pas manqu\u00e9 de rappeler \u00e0 ses ministres l&rsquo;importance cruciale du respect des engagements pris envers le peuple et de l&rsquo;ex\u00e9cution int\u00e9grale de son programme pr\u00e9sidentiel. Cette insistance sur les promesses faites aux citoyens prend un relief particulier au moment o\u00f9 la loi de finances 2025, sign\u00e9e hier par le chef de l&rsquo;\u00c9tat, traduit en mesures concr\u00e8tes plusieurs de ces engagements, notamment en mati\u00e8re de pouvoir d&rsquo;achat et de d\u00e9veloppement \u00e9conomique. Les directives pr\u00e9sidentielles ont \u00e9galement port\u00e9 sur la m\u00e9thodologie de travail attendue. Il a orient\u00e9 les efforts du gouvernement pour qu\u2019ils soient enti\u00e8rement d\u00e9di\u00e9s \u00e0 l\u2019am\u00e9lioration du bien-\u00eatre des citoyens et \u00e0 la satisfaction de leurs besoins. Les ministres ont ainsi re\u00e7u l&rsquo;ordre de pr\u00e9parer des plans d&rsquo;action sectoriels qui devront suivre un processus de validation en deux temps : d&rsquo;abord une pr\u00e9sentation au Conseil du gouvernement, puis au Conseil des ministres. L&rsquo;objectif affich\u00e9 est de permettre une mise en \u0153uvre rapide sur le terrain, traduisant la volont\u00e9 pr\u00e9sidentielle d&rsquo;\u00e9viter les lenteurs administratives tout en garantissant la coh\u00e9rence de l&rsquo;action gouvernementale.<\/p>\n\n\n\n<p>IL faut dire que la composition m\u00eame du nouveau gouvernement refl\u00e8te cette volont\u00e9 de changement et d&rsquo;efficacit\u00e9. Si certains ministres r\u00e9galiens ont \u00e9t\u00e9 reconduits, garantissant une continuit\u00e9 dans les secteurs strat\u00e9giques, l&rsquo;arriv\u00e9e de nouvelles comp\u00e9tences nationales aux postes de ministres, ministres d\u00e9l\u00e9gu\u00e9s et secr\u00e9taires d&rsquo;\u00c9tat t\u00e9moigne du souci de renouvellement et d&rsquo;expertise technique.<\/p>\n\n\n\n<p>En conclusion de cette r\u00e9union, le Premier ministre Nadir Larbaoui a tenu \u00e0 renouveler ses remerciements au pr\u00e9sident de la R\u00e9publique pour la confiance accord\u00e9e, s&rsquo;engageant au nom de l&rsquo;ensemble de l&rsquo;\u00e9quipe gouvernementale \u00e0 une ex\u00e9cution optimale et exemplaire du programme pr\u00e9sidentiel. Cet engagement collectif devra rapidement se traduire en actes concrets, la signature de la loi de finances 2025 offrant d\u00e9j\u00e0 un cadre pr\u00e9cis pour les premi\u00e8res actions \u00e0 mener d\u00e8s le 1er janvier prochain. Le message pr\u00e9sidentiel est clair : dans cette premi\u00e8re ann\u00e9e de son nouveau mandat, il n&rsquo;y aura pas de place pour l&rsquo;approximation ou les retards dans l&rsquo;ex\u00e9cution des engagements pris envers les citoyens. La rigueur exig\u00e9e par le pr\u00e9sident Tebboune devra se manifester tant dans la m\u00e9thode que dans les r\u00e9sultats, avec comme seule boussole l&rsquo;am\u00e9lioration concr\u00e8te du quotidien des Alg\u00e9riens.<\/p>\n\n\n\n<p><strong>Hocine Fadheli<\/strong><\/p>\n","protected":false},"excerpt":{"rendered":"<p>Le pr\u00e9sident de la R\u00e9publique, Abdelmadjid Tebboune a fix\u00e9 le cap et le tempo attendus de la nouvelle \u00e9quipe gouvernementale.<\/p>\n","protected":false},"author":6,"featured_media":59778,"comment_status":"open","ping_status":"closed","sticky":false,"template":"","format":"standard","meta":{"colormag_page_container_layout":"default_layout","colormag_page_sidebar_layout":"default_layout","om_disable_all_campaigns":false,"_monsterinsights_skip_tracking":false,"_monsterinsights_sitenote_active":false,"_monsterinsights_sitenote_note":"","_monsterinsights_sitenote_category":0,"footnotes":"","_wpscppro_dont_share_socialmedia":false,"_wpscppro_custom_social_share_image":0,"_facebook_share_type":"default","_twitter_share_type":"default","_linkedin_share_type":"default","_pinterest_share_type":"default","_linkedin_share_type_page":"","_instagram_share_type":"default","_medium_share_type":"default","_threads_share_type":"","_google_business_share_type":"","_selected_social_profile":[],"_wpsp_enable_custom_social_template":false,"_wpsp_social_scheduling":{"enabled":false,"datetime":null,"platforms":[],"status":"template_only","dateOption":"today","timeOption":"now","customDays":"","customHours":"","customDate":"","customTime":"","schedulingType":"absolute"},"_wpsp_active_default_template":true},"categories":[52,27],"tags":[],"class_list":["post-59776","post","type-post","status-publish","format-standard","has-post-thumbnail","hentry","category-a-la-une","category-actualite"],"aioseo_notices":[],"yoast_head":"<!-- This site is optimized with the Yoast SEO plugin v27.5 - https:\/\/yoast.com\/product\/yoast-seo-wordpress\/ -->\n<title>Tebboune exige de la diligence ! - La Sentinelle<\/title>\n<meta name=\"robots\" content=\"index, follow, max-snippet:-1, max-image-preview:large, max-video-preview:-1\" \/>\n<link rel=\"canonical\" href=\"https:\/\/lasentinelle.dz\/index.php\/2024\/11\/25\/tebboune-exige-de-la-diligence\/\" \/>\n<meta property=\"og:locale\" content=\"fr_FR\" \/>\n<meta property=\"og:type\" content=\"article\" \/>\n<meta property=\"og:title\" content=\"Tebboune exige de la diligence ! - La Sentinelle\" \/>\n<meta property=\"og:description\" content=\"Le pr\u00e9sident de la R\u00e9publique, Abdelmadjid Tebboune a fix\u00e9 le cap et le tempo attendus de la nouvelle \u00e9quipe gouvernementale.\" \/>\n<meta property=\"og:url\" content=\"https:\/\/lasentinelle.dz\/index.php\/2024\/11\/25\/tebboune-exige-de-la-diligence\/\" \/>\n<meta property=\"og:site_name\" content=\"La Sentinelle\" \/>\n<meta property=\"article:publisher\" content=\"https:\/\/www.facebook.com\/La-Sentinelle-104059864394773\" \/>\n<meta property=\"article:published_time\" content=\"2024-11-25T11:00:00+00:00\" \/>\n<meta property=\"og:image\" content=\"https:\/\/lasentinelle.dz\/wp-content\/uploads\/2024\/11\/Tebboune-2.jpeg\" \/>\n\t<meta property=\"og:image:width\" content=\"2048\" \/>\n\t<meta property=\"og:image:height\" content=\"1366\" \/>\n\t<meta property=\"og:image:type\" content=\"image\/jpeg\" \/>\n<meta name=\"author\" content=\"admin\" \/>\n<meta name=\"twitter:card\" content=\"summary_large_image\" \/>\n<meta name=\"twitter:label1\" content=\"\u00c9crit par\" \/>\n\t<meta name=\"twitter:data1\" content=\"admin\" \/>\n\t<meta name=\"twitter:label2\" content=\"Dur\u00e9e de lecture estim\u00e9e\" \/>\n\t<meta name=\"twitter:data2\" content=\"4 minutes\" \/>\n<script type=\"application\/ld+json\" class=\"yoast-schema-graph\">{\"@context\":\"https:\\\/\\\/schema.org\",\"@graph\":[{\"@type\":\"Article\",\"@id\":\"https:\\\/\\\/lasentinelle.dz\\\/index.php\\\/2024\\\/11\\\/25\\\/tebboune-exige-de-la-diligence\\\/#article\",\"isPartOf\":{\"@id\":\"https:\\\/\\\/lasentinelle.dz\\\/index.php\\\/2024\\\/11\\\/25\\\/tebboune-exige-de-la-diligence\\\/\"},\"author\":{\"name\":\"admin\",\"@id\":\"https:\\\/\\\/lasentinelle.dz\\\/#\\\/schema\\\/person\\\/729ee0024f24e0b8c5ec17232f8e8b41\"},\"headline\":\"Tebboune exige de la diligence !\",\"datePublished\":\"2024-11-25T11:00:00+00:00\",\"mainEntityOfPage\":{\"@id\":\"https:\\\/\\\/lasentinelle.dz\\\/index.php\\\/2024\\\/11\\\/25\\\/tebboune-exige-de-la-diligence\\\/\"},\"wordCount\":720,\"commentCount\":0,\"publisher\":{\"@id\":\"https:\\\/\\\/lasentinelle.dz\\\/#organization\"},\"image\":{\"@id\":\"https:\\\/\\\/lasentinelle.dz\\\/index.php\\\/2024\\\/11\\\/25\\\/tebboune-exige-de-la-diligence\\\/#primaryimage\"},\"thumbnailUrl\":\"https:\\\/\\\/lasentinelle.dz\\\/wp-content\\\/uploads\\\/2024\\\/11\\\/Tebboune-2.jpeg\",\"articleSection\":[\"\u00c0 la Une\",\"Actualit\u00e9\"],\"inLanguage\":\"fr-FR\",\"potentialAction\":[{\"@type\":\"CommentAction\",\"name\":\"Comment\",\"target\":[\"https:\\\/\\\/lasentinelle.dz\\\/index.php\\\/2024\\\/11\\\/25\\\/tebboune-exige-de-la-diligence\\\/#respond\"]}]},{\"@type\":\"WebPage\",\"@id\":\"https:\\\/\\\/lasentinelle.dz\\\/index.php\\\/2024\\\/11\\\/25\\\/tebboune-exige-de-la-diligence\\\/\",\"url\":\"https:\\\/\\\/lasentinelle.dz\\\/index.php\\\/2024\\\/11\\\/25\\\/tebboune-exige-de-la-diligence\\\/\",\"name\":\"Tebboune exige de la diligence ! - La Sentinelle\",\"isPartOf\":{\"@id\":\"https:\\\/\\\/lasentinelle.dz\\\/#website\"},\"primaryImageOfPage\":{\"@id\":\"https:\\\/\\\/lasentinelle.dz\\\/index.php\\\/2024\\\/11\\\/25\\\/tebboune-exige-de-la-diligence\\\/#primaryimage\"},\"image\":{\"@id\":\"https:\\\/\\\/lasentinelle.dz\\\/index.php\\\/2024\\\/11\\\/25\\\/tebboune-exige-de-la-diligence\\\/#primaryimage\"},\"thumbnailUrl\":\"https:\\\/\\\/lasentinelle.dz\\\/wp-content\\\/uploads\\\/2024\\\/11\\\/Tebboune-2.jpeg\",\"datePublished\":\"2024-11-25T11:00:00+00:00\",\"breadcrumb\":{\"@id\":\"https:\\\/\\\/lasentinelle.dz\\\/index.php\\\/2024\\\/11\\\/25\\\/tebboune-exige-de-la-diligence\\\/#breadcrumb\"},\"inLanguage\":\"fr-FR\",\"potentialAction\":[{\"@type\":\"ReadAction\",\"target\":[\"https:\\\/\\\/lasentinelle.dz\\\/index.php\\\/2024\\\/11\\\/25\\\/tebboune-exige-de-la-diligence\\\/\"]}]},{\"@type\":\"ImageObject\",\"inLanguage\":\"fr-FR\",\"@id\":\"https:\\\/\\\/lasentinelle.dz\\\/index.php\\\/2024\\\/11\\\/25\\\/tebboune-exige-de-la-diligence\\\/#primaryimage\",\"url\":\"https:\\\/\\\/lasentinelle.dz\\\/wp-content\\\/uploads\\\/2024\\\/11\\\/Tebboune-2.jpeg\",\"contentUrl\":\"https:\\\/\\\/lasentinelle.dz\\\/wp-content\\\/uploads\\\/2024\\\/11\\\/Tebboune-2.jpeg\",\"width\":2048,\"height\":1366},{\"@type\":\"BreadcrumbList\",\"@id\":\"https:\\\/\\\/lasentinelle.dz\\\/index.php\\\/2024\\\/11\\\/25\\\/tebboune-exige-de-la-diligence\\\/#breadcrumb\",\"itemListElement\":[{\"@type\":\"ListItem\",\"position\":1,\"name\":\"Accueil\",\"item\":\"https:\\\/\\\/lasentinelle.dz\\\/\"},{\"@type\":\"ListItem\",\"position\":2,\"name\":\"Tebboune exige de la diligence !\"}]},{\"@type\":\"WebSite\",\"@id\":\"https:\\\/\\\/lasentinelle.dz\\\/#website\",\"url\":\"https:\\\/\\\/lasentinelle.dz\\\/\",\"name\":\"La Sentinelle\",\"description\":\"Quotidien national d&#039;information\",\"publisher\":{\"@id\":\"https:\\\/\\\/lasentinelle.dz\\\/#organization\"},\"potentialAction\":[{\"@type\":\"SearchAction\",\"target\":{\"@type\":\"EntryPoint\",\"urlTemplate\":\"https:\\\/\\\/lasentinelle.dz\\\/?s={search_term_string}\"},\"query-input\":{\"@type\":\"PropertyValueSpecification\",\"valueRequired\":true,\"valueName\":\"search_term_string\"}}],\"inLanguage\":\"fr-FR\"},{\"@type\":\"Organization\",\"@id\":\"https:\\\/\\\/lasentinelle.dz\\\/#organization\",\"name\":\"Quotidien La Sentinelle\",\"url\":\"https:\\\/\\\/lasentinelle.dz\\\/\",\"logo\":{\"@type\":\"ImageObject\",\"inLanguage\":\"fr-FR\",\"@id\":\"https:\\\/\\\/lasentinelle.dz\\\/#\\\/schema\\\/logo\\\/image\\\/\",\"url\":\"https:\\\/\\\/lasentinelle.dz\\\/wp-content\\\/uploads\\\/2021\\\/09\\\/logo-sentinelleSLOGAN-1.png\",\"contentUrl\":\"https:\\\/\\\/lasentinelle.dz\\\/wp-content\\\/uploads\\\/2021\\\/09\\\/logo-sentinelleSLOGAN-1.png\",\"width\":615,\"height\":142,\"caption\":\"Quotidien La Sentinelle\"},\"image\":{\"@id\":\"https:\\\/\\\/lasentinelle.dz\\\/#\\\/schema\\\/logo\\\/image\\\/\"},\"sameAs\":[\"https:\\\/\\\/www.facebook.com\\\/La-Sentinelle-104059864394773\"]},{\"@type\":\"Person\",\"@id\":\"https:\\\/\\\/lasentinelle.dz\\\/#\\\/schema\\\/person\\\/729ee0024f24e0b8c5ec17232f8e8b41\",\"name\":\"admin\",\"image\":{\"@type\":\"ImageObject\",\"inLanguage\":\"fr-FR\",\"@id\":\"https:\\\/\\\/secure.gravatar.com\\\/avatar\\\/4c81fed838786e9b53f540bf46533e750f5d292099ae3b66cfc6fb1982e29df7?s=96&d=mm&r=g\",\"url\":\"https:\\\/\\\/secure.gravatar.com\\\/avatar\\\/4c81fed838786e9b53f540bf46533e750f5d292099ae3b66cfc6fb1982e29df7?s=96&d=mm&r=g\",\"contentUrl\":\"https:\\\/\\\/secure.gravatar.com\\\/avatar\\\/4c81fed838786e9b53f540bf46533e750f5d292099ae3b66cfc6fb1982e29df7?s=96&d=mm&r=g\",\"caption\":\"admin\"},\"description\":\"admin\",\"url\":\"https:\\\/\\\/lasentinelle.dz\\\/author\\\/admin\\\/\"}]}<\/script>\n<!-- \/ Yoast SEO plugin. -->","yoast_head_json":{"title":"Tebboune exige de la diligence ! - La Sentinelle","robots":{"index":"index","follow":"follow","max-snippet":"max-snippet:-1","max-image-preview":"max-image-preview:large","max-video-preview":"max-video-preview:-1"},"canonical":"https:\/\/lasentinelle.dz\/index.php\/2024\/11\/25\/tebboune-exige-de-la-diligence\/","og_locale":"fr_FR","og_type":"article","og_title":"Tebboune exige de la diligence ! - La Sentinelle","og_description":"Le pr\u00e9sident de la R\u00e9publique, Abdelmadjid Tebboune a fix\u00e9 le cap et le tempo attendus de la nouvelle \u00e9quipe gouvernementale.","og_url":"https:\/\/lasentinelle.dz\/index.php\/2024\/11\/25\/tebboune-exige-de-la-diligence\/","og_site_name":"La Sentinelle","article_publisher":"https:\/\/www.facebook.com\/La-Sentinelle-104059864394773","article_published_time":"2024-11-25T11:00:00+00:00","og_image":[{"width":2048,"height":1366,"url":"https:\/\/lasentinelle.dz\/wp-content\/uploads\/2024\/11\/Tebboune-2.jpeg","type":"image\/jpeg"}],"author":"admin","twitter_card":"summary_large_image","twitter_misc":{"\u00c9crit par":"admin","Dur\u00e9e de lecture estim\u00e9e":"4 minutes"},"schema":{"@context":"https:\/\/schema.org","@graph":[{"@type":"Article","@id":"https:\/\/lasentinelle.dz\/index.php\/2024\/11\/25\/tebboune-exige-de-la-diligence\/#article","isPartOf":{"@id":"https:\/\/lasentinelle.dz\/index.php\/2024\/11\/25\/tebboune-exige-de-la-diligence\/"},"author":{"name":"admin","@id":"https:\/\/lasentinelle.dz\/#\/schema\/person\/729ee0024f24e0b8c5ec17232f8e8b41"},"headline":"Tebboune exige de la diligence !","datePublished":"2024-11-25T11:00:00+00:00","mainEntityOfPage":{"@id":"https:\/\/lasentinelle.dz\/index.php\/2024\/11\/25\/tebboune-exige-de-la-diligence\/"},"wordCount":720,"commentCount":0,"publisher":{"@id":"https:\/\/lasentinelle.dz\/#organization"},"image":{"@id":"https:\/\/lasentinelle.dz\/index.php\/2024\/11\/25\/tebboune-exige-de-la-diligence\/#primaryimage"},"thumbnailUrl":"https:\/\/lasentinelle.dz\/wp-content\/uploads\/2024\/11\/Tebboune-2.jpeg","articleSection":["\u00c0 la Une","Actualit\u00e9"],"inLanguage":"fr-FR","potentialAction":[{"@type":"CommentAction","name":"Comment","target":["https:\/\/lasentinelle.dz\/index.php\/2024\/11\/25\/tebboune-exige-de-la-diligence\/#respond"]}]},{"@type":"WebPage","@id":"https:\/\/lasentinelle.dz\/index.php\/2024\/11\/25\/tebboune-exige-de-la-diligence\/","url":"https:\/\/lasentinelle.dz\/index.php\/2024\/11\/25\/tebboune-exige-de-la-diligence\/","name":"Tebboune exige de la diligence ! - La Sentinelle","isPartOf":{"@id":"https:\/\/lasentinelle.dz\/#website"},"primaryImageOfPage":{"@id":"https:\/\/lasentinelle.dz\/index.php\/2024\/11\/25\/tebboune-exige-de-la-diligence\/#primaryimage"},"image":{"@id":"https:\/\/lasentinelle.dz\/index.php\/2024\/11\/25\/tebboune-exige-de-la-diligence\/#primaryimage"},"thumbnailUrl":"https:\/\/lasentinelle.dz\/wp-content\/uploads\/2024\/11\/Tebboune-2.jpeg","datePublished":"2024-11-25T11:00:00+00:00","breadcrumb":{"@id":"https:\/\/lasentinelle.dz\/index.php\/2024\/11\/25\/tebboune-exige-de-la-diligence\/#breadcrumb"},"inLanguage":"fr-FR","potentialAction":[{"@type":"ReadAction","target":["https:\/\/lasentinelle.dz\/index.php\/2024\/11\/25\/tebboune-exige-de-la-diligence\/"]}]},{"@type":"ImageObject","inLanguage":"fr-FR","@id":"https:\/\/lasentinelle.dz\/index.php\/2024\/11\/25\/tebboune-exige-de-la-diligence\/#primaryimage","url":"https:\/\/lasentinelle.dz\/wp-content\/uploads\/2024\/11\/Tebboune-2.jpeg","contentUrl":"https:\/\/lasentinelle.dz\/wp-content\/uploads\/2024\/11\/Tebboune-2.jpeg","width":2048,"height":1366},{"@type":"BreadcrumbList","@id":"https:\/\/lasentinelle.dz\/index.php\/2024\/11\/25\/tebboune-exige-de-la-diligence\/#breadcrumb","itemListElement":[{"@type":"ListItem","position":1,"name":"Accueil","item":"https:\/\/lasentinelle.dz\/"},{"@type":"ListItem","position":2,"name":"Tebboune exige de la diligence !"}]},{"@type":"WebSite","@id":"https:\/\/lasentinelle.dz\/#website","url":"https:\/\/lasentinelle.dz\/","name":"La Sentinelle","description":"Quotidien national d&#039;information","publisher":{"@id":"https:\/\/lasentinelle.dz\/#organization"},"potentialAction":[{"@type":"SearchAction","target":{"@type":"EntryPoint","urlTemplate":"https:\/\/lasentinelle.dz\/?s={search_term_string}"},"query-input":{"@type":"PropertyValueSpecification","valueRequired":true,"valueName":"search_term_string"}}],"inLanguage":"fr-FR"},{"@type":"Organization","@id":"https:\/\/lasentinelle.dz\/#organization","name":"Quotidien La Sentinelle","url":"https:\/\/lasentinelle.dz\/","logo":{"@type":"ImageObject","inLanguage":"fr-FR","@id":"https:\/\/lasentinelle.dz\/#\/schema\/logo\/image\/","url":"https:\/\/lasentinelle.dz\/wp-content\/uploads\/2021\/09\/logo-sentinelleSLOGAN-1.png","contentUrl":"https:\/\/lasentinelle.dz\/wp-content\/uploads\/2021\/09\/logo-sentinelleSLOGAN-1.png","width":615,"height":142,"caption":"Quotidien La Sentinelle"},"image":{"@id":"https:\/\/lasentinelle.dz\/#\/schema\/logo\/image\/"},"sameAs":["https:\/\/www.facebook.com\/La-Sentinelle-104059864394773"]},{"@type":"Person","@id":"https:\/\/lasentinelle.dz\/#\/schema\/person\/729ee0024f24e0b8c5ec17232f8e8b41","name":"admin","image":{"@type":"ImageObject","inLanguage":"fr-FR","@id":"https:\/\/secure.gravatar.com\/avatar\/4c81fed838786e9b53f540bf46533e750f5d292099ae3b66cfc6fb1982e29df7?s=96&d=mm&r=g","url":"https:\/\/secure.gravatar.com\/avatar\/4c81fed838786e9b53f540bf46533e750f5d292099ae3b66cfc6fb1982e29df7?s=96&d=mm&r=g","contentUrl":"https:\/\/secure.gravatar.com\/avatar\/4c81fed838786e9b53f540bf46533e750f5d292099ae3b66cfc6fb1982e29df7?s=96&d=mm&r=g","caption":"admin"},"description":"admin","url":"https:\/\/lasentinelle.dz\/author\/admin\/"}]}},"_links":{"self":[{"href":"https:\/\/lasentinelle.dz\/index.php\/wp-json\/wp\/v2\/posts\/59776","targetHints":{"allow":["GET"]}}],"collection":[{"href":"https:\/\/lasentinelle.dz\/index.php\/wp-json\/wp\/v2\/posts"}],"about":[{"href":"https:\/\/lasentinelle.dz\/index.php\/wp-json\/wp\/v2\/types\/post"}],"author":[{"embeddable":true,"href":"https:\/\/lasentinelle.dz\/index.php\/wp-json\/wp\/v2\/users\/6"}],"replies":[{"embeddable":true,"href":"https:\/\/lasentinelle.dz\/index.php\/wp-json\/wp\/v2\/comments?post=59776"}],"version-history":[{"count":1,"href":"https:\/\/lasentinelle.dz\/index.php\/wp-json\/wp\/v2\/posts\/59776\/revisions"}],"predecessor-version":[{"id":59779,"href":"https:\/\/lasentinelle.dz\/index.php\/wp-json\/wp\/v2\/posts\/59776\/revisions\/59779"}],"wp:featuredmedia":[{"embeddable":true,"href":"https:\/\/lasentinelle.dz\/index.php\/wp-json\/wp\/v2\/media\/59778"}],"wp:attachment":[{"href":"https:\/\/lasentinelle.dz\/index.php\/wp-json\/wp\/v2\/media?parent=59776"}],"wp:term":[{"taxonomy":"category","embeddable":true,"href":"https:\/\/lasentinelle.dz\/index.php\/wp-json\/wp\/v2\/categories?post=59776"},{"taxonomy":"post_tag","embeddable":true,"href":"https:\/\/lasentinelle.dz\/index.php\/wp-json\/wp\/v2\/tags?post=59776"}],"curies":[{"name":"wp","href":"https:\/\/api.w.org\/{rel}","templated":true}]}}