{"id":59781,"date":"2024-11-26T11:27:49","date_gmt":"2024-11-26T10:27:49","guid":{"rendered":"https:\/\/lasentinelle.dz\/?p=59781"},"modified":"2024-11-26T11:27:50","modified_gmt":"2024-11-26T10:27:50","slug":"sonatrach-un-concours-national-de-recrutement-lance","status":"publish","type":"post","link":"https:\/\/lasentinelle.dz\/index.php\/2024\/11\/26\/sonatrach-un-concours-national-de-recrutement-lance\/","title":{"rendered":"Sonatrach : Un concours national de recrutement lanc\u00e9"},"content":{"rendered":"\n<p>Sonatrach confirme son engagement en faveur du renouvellement des ressources humaines et de l&rsquo;insertion professionnelle des jeunes dipl\u00f4m\u00e9s \u00e0 travers le lancement d&rsquo;un concours national de recrutement ouvert aux universitaires. Ce dispositif, orchestr\u00e9 en partenariat \u00e9troit avec l&rsquo;Agence nationale de l&#8217;emploi (Anem), s&rsquo;inscrit dans une strat\u00e9gie claire de consolidation des comp\u00e9tences au sein du groupe p\u00e9trolier national dans le cadre d\u2019un processus qui garantit la transparence et l\u2019\u00e9galit\u00e9 des chances. Le groupe Sonatrach a annonc\u00e9, hierdans un communiqu\u00e9, le lancement d&rsquo;un concours national ouvert de recrutement au profit des dipl\u00f4m\u00e9s universitaires issus des universit\u00e9s, instituts, \u00e9coles acad\u00e9miques, pour le pourvoi des postes d&rsquo;ing\u00e9nieurs et de techniciens.<\/p>\n\n\n\n<p>Les modalit\u00e9s du concours sont pr\u00e9cis\u00e9ment d\u00e9finies pour garantir transparence et \u00e9quit\u00e9. Les inscriptions seront exclusivement num\u00e9riques, via le site internet https:\/\/nationalrecruit.sonatrach.dz\/, avec une p\u00e9riode d&rsquo;ouverture fix\u00e9e du jeudi prochain \u00e0 8h00 jusqu&rsquo;au mardi 10 d\u00e9cembre \u00e0 20h00, pr\u00e9cise le communiqu\u00e9. Cette approche d\u00e9mat\u00e9rialis\u00e9e permet un acc\u00e8s \u00e9gal et standardis\u00e9 pour tous les candidats, ind\u00e9pendamment de leur localisation g\u00e9ographique. Les conditions de candidature sont clairement \u00e9tablies. Deux profils sont principalement recherch\u00e9s : des ing\u00e9nieurs et des techniciens. Pour le poste d&rsquo;ing\u00e9nieur, les candidats doivent justifier d&rsquo;un niveau acad\u00e9mique baccalaur\u00e9at +5 ans ou plus, avec un dipl\u00f4me de master, d&rsquo;ing\u00e9nieur ou de doctorat dans des sp\u00e9cialit\u00e9s en lien direct avec la cha\u00eene de valeur des hydrocarbures. Les candidats au poste de technicien doivent d\u00e9tenir un niveau baccalaur\u00e9at +3 ans, avec un dipl\u00f4me de licence LMD ou DEUA dans les sp\u00e9cialit\u00e9s requises. Un pr\u00e9requis administratif est impos\u00e9 : le candidat doit imp\u00e9rativement \u00eatre inscrit et avoir sa demande activ\u00e9e dans la base de donn\u00e9es de l&rsquo;Anem. &nbsp;La convocation des candidats retenus pour les \u00e9preuves se fera par voie \u00e9lectronique, via l&rsquo;adresse mail communiqu\u00e9e lors de l&rsquo;inscription. Chaque candidat recevra les d\u00e9tails pr\u00e9cis concernant la date et le centre d&rsquo;examen, assurant ainsi une information individualis\u00e9e et transparente. \u00c0 l&rsquo;issue du processus de s\u00e9lection, les candidats retenus seront progressivement affect\u00e9s aux diff\u00e9rentes unit\u00e9s de production et installations de Sonatrach \u00e0 travers le territoire national, en fonction des besoins exprim\u00e9s par chaque site, pr\u00e9cise le groupe.<\/p>\n\n\n\n<p>\u00ab\u00a0Sonatrach et l&rsquo;Anem renouvellent leur engagement \u00e0 garantir le principe d&rsquo;\u00e9galit\u00e9 des chances et de transparence dans la s\u00e9lection, dans le but d&rsquo;attirer les meilleurs jeunes talents issus des universit\u00e9s et instituts sur l&rsquo;ensemble du territoire national\u00a0\u00bb, est-il soulign\u00e9 dans le communiqu\u00e9. Ce concours national entre dans le cadre d\u2019un m\u00e9canisme structur\u00e9 de renouvellement et de dynamisation du capital humain de Sonatrach, articulant les besoins de l&rsquo;entreprise avec les aspirations professionnelles de la jeunesse acad\u00e9mique alg\u00e9rienne.Haut du formulaire<\/p>\n\n\n\n<p>Samir Benisid<\/p>\n","protected":false},"excerpt":{"rendered":"<p>Sonatrach confirme son engagement en faveur du renouvellement des ressources humaines et de l&rsquo;insertion professionnelle des jeunes dipl\u00f4m\u00e9s \u00e0 travers<\/p>\n","protected":false},"author":6,"featured_media":33165,"comment_status":"open","ping_status":"closed","sticky":false,"template":"","format":"standard","meta":{"colormag_page_container_layout":"default_layout","colormag_page_sidebar_layout":"default_layout","om_disable_all_campaigns":false,"_monsterinsights_skip_tracking":false,"_monsterinsights_sitenote_active":false,"_monsterinsights_sitenote_note":"","_monsterinsights_sitenote_category":0,"footnotes":"","_wpscppro_dont_share_socialmedia":false,"_wpscppro_custom_social_share_image":0,"_facebook_share_type":"default","_twitter_share_type":"default","_linkedin_share_type":"default","_pinterest_share_type":"default","_linkedin_share_type_page":"","_instagram_share_type":"default","_medium_share_type":"default","_threads_share_type":"","_google_business_share_type":"","_selected_social_profile":[],"_wpsp_enable_custom_social_template":false,"_wpsp_social_scheduling":{"enabled":false,"datetime":null,"platforms":[],"status":"template_only","dateOption":"today","timeOption":"now","customDays":"","customHours":"","customDate":"","customTime":"","schedulingType":"absolute"},"_wpsp_active_default_template":true},"categories":[29],"tags":[],"class_list":["post-59781","post","type-post","status-publish","format-standard","has-post-thumbnail","hentry","category-economie"],"aioseo_notices":[],"yoast_head":"<!-- This site is optimized with the Yoast SEO plugin v27.5 - https:\/\/yoast.com\/product\/yoast-seo-wordpress\/ -->\n<title>Sonatrach : Un concours national de recrutement lanc\u00e9 - La Sentinelle<\/title>\n<meta name=\"robots\" content=\"index, follow, max-snippet:-1, max-image-preview:large, max-video-preview:-1\" \/>\n<link rel=\"canonical\" href=\"https:\/\/lasentinelle.dz\/index.php\/2024\/11\/26\/sonatrach-un-concours-national-de-recrutement-lance\/\" \/>\n<meta property=\"og:locale\" content=\"fr_FR\" \/>\n<meta property=\"og:type\" content=\"article\" \/>\n<meta property=\"og:title\" content=\"Sonatrach : Un concours national de recrutement lanc\u00e9 - La Sentinelle\" \/>\n<meta property=\"og:description\" content=\"Sonatrach confirme son engagement en faveur du renouvellement des ressources humaines et de l&rsquo;insertion professionnelle des jeunes dipl\u00f4m\u00e9s \u00e0 travers\" \/>\n<meta property=\"og:url\" content=\"https:\/\/lasentinelle.dz\/index.php\/2024\/11\/26\/sonatrach-un-concours-national-de-recrutement-lance\/\" \/>\n<meta property=\"og:site_name\" content=\"La Sentinelle\" \/>\n<meta property=\"article:publisher\" content=\"https:\/\/www.facebook.com\/La-Sentinelle-104059864394773\" \/>\n<meta property=\"article:published_time\" content=\"2024-11-26T10:27:49+00:00\" \/>\n<meta property=\"article:modified_time\" content=\"2024-11-26T10:27:50+00:00\" \/>\n<meta property=\"og:image\" content=\"https:\/\/lasentinelle.dz\/wp-content\/uploads\/2022\/12\/Sonatrach-1.png\" \/>\n\t<meta property=\"og:image:width\" content=\"1349\" \/>\n\t<meta property=\"og:image:height\" content=\"900\" \/>\n\t<meta property=\"og:image:type\" content=\"image\/png\" \/>\n<meta name=\"author\" content=\"admin\" \/>\n<meta name=\"twitter:card\" content=\"summary_large_image\" \/>\n<meta name=\"twitter:label1\" content=\"\u00c9crit par\" \/>\n\t<meta name=\"twitter:data1\" content=\"admin\" \/>\n\t<meta name=\"twitter:label2\" content=\"Dur\u00e9e de lecture estim\u00e9e\" \/>\n\t<meta name=\"twitter:data2\" content=\"3 minutes\" \/>\n<script type=\"application\/ld+json\" class=\"yoast-schema-graph\">{\"@context\":\"https:\\\/\\\/schema.org\",\"@graph\":[{\"@type\":\"Article\",\"@id\":\"https:\\\/\\\/lasentinelle.dz\\\/index.php\\\/2024\\\/11\\\/26\\\/sonatrach-un-concours-national-de-recrutement-lance\\\/#article\",\"isPartOf\":{\"@id\":\"https:\\\/\\\/lasentinelle.dz\\\/index.php\\\/2024\\\/11\\\/26\\\/sonatrach-un-concours-national-de-recrutement-lance\\\/\"},\"author\":{\"name\":\"admin\",\"@id\":\"https:\\\/\\\/lasentinelle.dz\\\/#\\\/schema\\\/person\\\/729ee0024f24e0b8c5ec17232f8e8b41\"},\"headline\":\"Sonatrach : Un concours national de recrutement lanc\u00e9\",\"datePublished\":\"2024-11-26T10:27:49+00:00\",\"dateModified\":\"2024-11-26T10:27:50+00:00\",\"mainEntityOfPage\":{\"@id\":\"https:\\\/\\\/lasentinelle.dz\\\/index.php\\\/2024\\\/11\\\/26\\\/sonatrach-un-concours-national-de-recrutement-lance\\\/\"},\"wordCount\":512,\"commentCount\":0,\"publisher\":{\"@id\":\"https:\\\/\\\/lasentinelle.dz\\\/#organization\"},\"image\":{\"@id\":\"https:\\\/\\\/lasentinelle.dz\\\/index.php\\\/2024\\\/11\\\/26\\\/sonatrach-un-concours-national-de-recrutement-lance\\\/#primaryimage\"},\"thumbnailUrl\":\"https:\\\/\\\/lasentinelle.dz\\\/wp-content\\\/uploads\\\/2022\\\/12\\\/Sonatrach-1.png\",\"articleSection\":[\"\u00c9conomie\"],\"inLanguage\":\"fr-FR\",\"potentialAction\":[{\"@type\":\"CommentAction\",\"name\":\"Comment\",\"target\":[\"https:\\\/\\\/lasentinelle.dz\\\/index.php\\\/2024\\\/11\\\/26\\\/sonatrach-un-concours-national-de-recrutement-lance\\\/#respond\"]}]},{\"@type\":\"WebPage\",\"@id\":\"https:\\\/\\\/lasentinelle.dz\\\/index.php\\\/2024\\\/11\\\/26\\\/sonatrach-un-concours-national-de-recrutement-lance\\\/\",\"url\":\"https:\\\/\\\/lasentinelle.dz\\\/index.php\\\/2024\\\/11\\\/26\\\/sonatrach-un-concours-national-de-recrutement-lance\\\/\",\"name\":\"Sonatrach : Un concours national de recrutement lanc\u00e9 - La Sentinelle\",\"isPartOf\":{\"@id\":\"https:\\\/\\\/lasentinelle.dz\\\/#website\"},\"primaryImageOfPage\":{\"@id\":\"https:\\\/\\\/lasentinelle.dz\\\/index.php\\\/2024\\\/11\\\/26\\\/sonatrach-un-concours-national-de-recrutement-lance\\\/#primaryimage\"},\"image\":{\"@id\":\"https:\\\/\\\/lasentinelle.dz\\\/index.php\\\/2024\\\/11\\\/26\\\/sonatrach-un-concours-national-de-recrutement-lance\\\/#primaryimage\"},\"thumbnailUrl\":\"https:\\\/\\\/lasentinelle.dz\\\/wp-content\\\/uploads\\\/2022\\\/12\\\/Sonatrach-1.png\",\"datePublished\":\"2024-11-26T10:27:49+00:00\",\"dateModified\":\"2024-11-26T10:27:50+00:00\",\"breadcrumb\":{\"@id\":\"https:\\\/\\\/lasentinelle.dz\\\/index.php\\\/2024\\\/11\\\/26\\\/sonatrach-un-concours-national-de-recrutement-lance\\\/#breadcrumb\"},\"inLanguage\":\"fr-FR\",\"potentialAction\":[{\"@type\":\"ReadAction\",\"target\":[\"https:\\\/\\\/lasentinelle.dz\\\/index.php\\\/2024\\\/11\\\/26\\\/sonatrach-un-concours-national-de-recrutement-lance\\\/\"]}]},{\"@type\":\"ImageObject\",\"inLanguage\":\"fr-FR\",\"@id\":\"https:\\\/\\\/lasentinelle.dz\\\/index.php\\\/2024\\\/11\\\/26\\\/sonatrach-un-concours-national-de-recrutement-lance\\\/#primaryimage\",\"url\":\"https:\\\/\\\/lasentinelle.dz\\\/wp-content\\\/uploads\\\/2022\\\/12\\\/Sonatrach-1.png\",\"contentUrl\":\"https:\\\/\\\/lasentinelle.dz\\\/wp-content\\\/uploads\\\/2022\\\/12\\\/Sonatrach-1.png\",\"width\":1349,\"height\":900},{\"@type\":\"BreadcrumbList\",\"@id\":\"https:\\\/\\\/lasentinelle.dz\\\/index.php\\\/2024\\\/11\\\/26\\\/sonatrach-un-concours-national-de-recrutement-lance\\\/#breadcrumb\",\"itemListElement\":[{\"@type\":\"ListItem\",\"position\":1,\"name\":\"Accueil\",\"item\":\"https:\\\/\\\/lasentinelle.dz\\\/\"},{\"@type\":\"ListItem\",\"position\":2,\"name\":\"Sonatrach : Un concours national de recrutement lanc\u00e9\"}]},{\"@type\":\"WebSite\",\"@id\":\"https:\\\/\\\/lasentinelle.dz\\\/#website\",\"url\":\"https:\\\/\\\/lasentinelle.dz\\\/\",\"name\":\"La Sentinelle\",\"description\":\"Quotidien national d&#039;information\",\"publisher\":{\"@id\":\"https:\\\/\\\/lasentinelle.dz\\\/#organization\"},\"potentialAction\":[{\"@type\":\"SearchAction\",\"target\":{\"@type\":\"EntryPoint\",\"urlTemplate\":\"https:\\\/\\\/lasentinelle.dz\\\/?s={search_term_string}\"},\"query-input\":{\"@type\":\"PropertyValueSpecification\",\"valueRequired\":true,\"valueName\":\"search_term_string\"}}],\"inLanguage\":\"fr-FR\"},{\"@type\":\"Organization\",\"@id\":\"https:\\\/\\\/lasentinelle.dz\\\/#organization\",\"name\":\"Quotidien La Sentinelle\",\"url\":\"https:\\\/\\\/lasentinelle.dz\\\/\",\"logo\":{\"@type\":\"ImageObject\",\"inLanguage\":\"fr-FR\",\"@id\":\"https:\\\/\\\/lasentinelle.dz\\\/#\\\/schema\\\/logo\\\/image\\\/\",\"url\":\"https:\\\/\\\/lasentinelle.dz\\\/wp-content\\\/uploads\\\/2021\\\/09\\\/logo-sentinelleSLOGAN-1.png\",\"contentUrl\":\"https:\\\/\\\/lasentinelle.dz\\\/wp-content\\\/uploads\\\/2021\\\/09\\\/logo-sentinelleSLOGAN-1.png\",\"width\":615,\"height\":142,\"caption\":\"Quotidien La Sentinelle\"},\"image\":{\"@id\":\"https:\\\/\\\/lasentinelle.dz\\\/#\\\/schema\\\/logo\\\/image\\\/\"},\"sameAs\":[\"https:\\\/\\\/www.facebook.com\\\/La-Sentinelle-104059864394773\"]},{\"@type\":\"Person\",\"@id\":\"https:\\\/\\\/lasentinelle.dz\\\/#\\\/schema\\\/person\\\/729ee0024f24e0b8c5ec17232f8e8b41\",\"name\":\"admin\",\"image\":{\"@type\":\"ImageObject\",\"inLanguage\":\"fr-FR\",\"@id\":\"https:\\\/\\\/secure.gravatar.com\\\/avatar\\\/4c81fed838786e9b53f540bf46533e750f5d292099ae3b66cfc6fb1982e29df7?s=96&d=mm&r=g\",\"url\":\"https:\\\/\\\/secure.gravatar.com\\\/avatar\\\/4c81fed838786e9b53f540bf46533e750f5d292099ae3b66cfc6fb1982e29df7?s=96&d=mm&r=g\",\"contentUrl\":\"https:\\\/\\\/secure.gravatar.com\\\/avatar\\\/4c81fed838786e9b53f540bf46533e750f5d292099ae3b66cfc6fb1982e29df7?s=96&d=mm&r=g\",\"caption\":\"admin\"},\"description\":\"admin\",\"url\":\"https:\\\/\\\/lasentinelle.dz\\\/author\\\/admin\\\/\"}]}<\/script>\n<!-- \/ Yoast SEO plugin. -->","yoast_head_json":{"title":"Sonatrach : Un concours national de recrutement lanc\u00e9 - La Sentinelle","robots":{"index":"index","follow":"follow","max-snippet":"max-snippet:-1","max-image-preview":"max-image-preview:large","max-video-preview":"max-video-preview:-1"},"canonical":"https:\/\/lasentinelle.dz\/index.php\/2024\/11\/26\/sonatrach-un-concours-national-de-recrutement-lance\/","og_locale":"fr_FR","og_type":"article","og_title":"Sonatrach : Un concours national de recrutement lanc\u00e9 - La Sentinelle","og_description":"Sonatrach confirme son engagement en faveur du renouvellement des ressources humaines et de l&rsquo;insertion professionnelle des jeunes dipl\u00f4m\u00e9s \u00e0 travers","og_url":"https:\/\/lasentinelle.dz\/index.php\/2024\/11\/26\/sonatrach-un-concours-national-de-recrutement-lance\/","og_site_name":"La Sentinelle","article_publisher":"https:\/\/www.facebook.com\/La-Sentinelle-104059864394773","article_published_time":"2024-11-26T10:27:49+00:00","article_modified_time":"2024-11-26T10:27:50+00:00","og_image":[{"width":1349,"height":900,"url":"https:\/\/lasentinelle.dz\/wp-content\/uploads\/2022\/12\/Sonatrach-1.png","type":"image\/png"}],"author":"admin","twitter_card":"summary_large_image","twitter_misc":{"\u00c9crit par":"admin","Dur\u00e9e de lecture estim\u00e9e":"3 minutes"},"schema":{"@context":"https:\/\/schema.org","@graph":[{"@type":"Article","@id":"https:\/\/lasentinelle.dz\/index.php\/2024\/11\/26\/sonatrach-un-concours-national-de-recrutement-lance\/#article","isPartOf":{"@id":"https:\/\/lasentinelle.dz\/index.php\/2024\/11\/26\/sonatrach-un-concours-national-de-recrutement-lance\/"},"author":{"name":"admin","@id":"https:\/\/lasentinelle.dz\/#\/schema\/person\/729ee0024f24e0b8c5ec17232f8e8b41"},"headline":"Sonatrach : Un concours national de recrutement lanc\u00e9","datePublished":"2024-11-26T10:27:49+00:00","dateModified":"2024-11-26T10:27:50+00:00","mainEntityOfPage":{"@id":"https:\/\/lasentinelle.dz\/index.php\/2024\/11\/26\/sonatrach-un-concours-national-de-recrutement-lance\/"},"wordCount":512,"commentCount":0,"publisher":{"@id":"https:\/\/lasentinelle.dz\/#organization"},"image":{"@id":"https:\/\/lasentinelle.dz\/index.php\/2024\/11\/26\/sonatrach-un-concours-national-de-recrutement-lance\/#primaryimage"},"thumbnailUrl":"https:\/\/lasentinelle.dz\/wp-content\/uploads\/2022\/12\/Sonatrach-1.png","articleSection":["\u00c9conomie"],"inLanguage":"fr-FR","potentialAction":[{"@type":"CommentAction","name":"Comment","target":["https:\/\/lasentinelle.dz\/index.php\/2024\/11\/26\/sonatrach-un-concours-national-de-recrutement-lance\/#respond"]}]},{"@type":"WebPage","@id":"https:\/\/lasentinelle.dz\/index.php\/2024\/11\/26\/sonatrach-un-concours-national-de-recrutement-lance\/","url":"https:\/\/lasentinelle.dz\/index.php\/2024\/11\/26\/sonatrach-un-concours-national-de-recrutement-lance\/","name":"Sonatrach : Un concours national de recrutement lanc\u00e9 - La Sentinelle","isPartOf":{"@id":"https:\/\/lasentinelle.dz\/#website"},"primaryImageOfPage":{"@id":"https:\/\/lasentinelle.dz\/index.php\/2024\/11\/26\/sonatrach-un-concours-national-de-recrutement-lance\/#primaryimage"},"image":{"@id":"https:\/\/lasentinelle.dz\/index.php\/2024\/11\/26\/sonatrach-un-concours-national-de-recrutement-lance\/#primaryimage"},"thumbnailUrl":"https:\/\/lasentinelle.dz\/wp-content\/uploads\/2022\/12\/Sonatrach-1.png","datePublished":"2024-11-26T10:27:49+00:00","dateModified":"2024-11-26T10:27:50+00:00","breadcrumb":{"@id":"https:\/\/lasentinelle.dz\/index.php\/2024\/11\/26\/sonatrach-un-concours-national-de-recrutement-lance\/#breadcrumb"},"inLanguage":"fr-FR","potentialAction":[{"@type":"ReadAction","target":["https:\/\/lasentinelle.dz\/index.php\/2024\/11\/26\/sonatrach-un-concours-national-de-recrutement-lance\/"]}]},{"@type":"ImageObject","inLanguage":"fr-FR","@id":"https:\/\/lasentinelle.dz\/index.php\/2024\/11\/26\/sonatrach-un-concours-national-de-recrutement-lance\/#primaryimage","url":"https:\/\/lasentinelle.dz\/wp-content\/uploads\/2022\/12\/Sonatrach-1.png","contentUrl":"https:\/\/lasentinelle.dz\/wp-content\/uploads\/2022\/12\/Sonatrach-1.png","width":1349,"height":900},{"@type":"BreadcrumbList","@id":"https:\/\/lasentinelle.dz\/index.php\/2024\/11\/26\/sonatrach-un-concours-national-de-recrutement-lance\/#breadcrumb","itemListElement":[{"@type":"ListItem","position":1,"name":"Accueil","item":"https:\/\/lasentinelle.dz\/"},{"@type":"ListItem","position":2,"name":"Sonatrach : Un concours national de recrutement lanc\u00e9"}]},{"@type":"WebSite","@id":"https:\/\/lasentinelle.dz\/#website","url":"https:\/\/lasentinelle.dz\/","name":"La Sentinelle","description":"Quotidien national d&#039;information","publisher":{"@id":"https:\/\/lasentinelle.dz\/#organization"},"potentialAction":[{"@type":"SearchAction","target":{"@type":"EntryPoint","urlTemplate":"https:\/\/lasentinelle.dz\/?s={search_term_string}"},"query-input":{"@type":"PropertyValueSpecification","valueRequired":true,"valueName":"search_term_string"}}],"inLanguage":"fr-FR"},{"@type":"Organization","@id":"https:\/\/lasentinelle.dz\/#organization","name":"Quotidien La Sentinelle","url":"https:\/\/lasentinelle.dz\/","logo":{"@type":"ImageObject","inLanguage":"fr-FR","@id":"https:\/\/lasentinelle.dz\/#\/schema\/logo\/image\/","url":"https:\/\/lasentinelle.dz\/wp-content\/uploads\/2021\/09\/logo-sentinelleSLOGAN-1.png","contentUrl":"https:\/\/lasentinelle.dz\/wp-content\/uploads\/2021\/09\/logo-sentinelleSLOGAN-1.png","width":615,"height":142,"caption":"Quotidien La Sentinelle"},"image":{"@id":"https:\/\/lasentinelle.dz\/#\/schema\/logo\/image\/"},"sameAs":["https:\/\/www.facebook.com\/La-Sentinelle-104059864394773"]},{"@type":"Person","@id":"https:\/\/lasentinelle.dz\/#\/schema\/person\/729ee0024f24e0b8c5ec17232f8e8b41","name":"admin","image":{"@type":"ImageObject","inLanguage":"fr-FR","@id":"https:\/\/secure.gravatar.com\/avatar\/4c81fed838786e9b53f540bf46533e750f5d292099ae3b66cfc6fb1982e29df7?s=96&d=mm&r=g","url":"https:\/\/secure.gravatar.com\/avatar\/4c81fed838786e9b53f540bf46533e750f5d292099ae3b66cfc6fb1982e29df7?s=96&d=mm&r=g","contentUrl":"https:\/\/secure.gravatar.com\/avatar\/4c81fed838786e9b53f540bf46533e750f5d292099ae3b66cfc6fb1982e29df7?s=96&d=mm&r=g","caption":"admin"},"description":"admin","url":"https:\/\/lasentinelle.dz\/author\/admin\/"}]}},"_links":{"self":[{"href":"https:\/\/lasentinelle.dz\/index.php\/wp-json\/wp\/v2\/posts\/59781","targetHints":{"allow":["GET"]}}],"collection":[{"href":"https:\/\/lasentinelle.dz\/index.php\/wp-json\/wp\/v2\/posts"}],"about":[{"href":"https:\/\/lasentinelle.dz\/index.php\/wp-json\/wp\/v2\/types\/post"}],"author":[{"embeddable":true,"href":"https:\/\/lasentinelle.dz\/index.php\/wp-json\/wp\/v2\/users\/6"}],"replies":[{"embeddable":true,"href":"https:\/\/lasentinelle.dz\/index.php\/wp-json\/wp\/v2\/comments?post=59781"}],"version-history":[{"count":1,"href":"https:\/\/lasentinelle.dz\/index.php\/wp-json\/wp\/v2\/posts\/59781\/revisions"}],"predecessor-version":[{"id":59782,"href":"https:\/\/lasentinelle.dz\/index.php\/wp-json\/wp\/v2\/posts\/59781\/revisions\/59782"}],"wp:featuredmedia":[{"embeddable":true,"href":"https:\/\/lasentinelle.dz\/index.php\/wp-json\/wp\/v2\/media\/33165"}],"wp:attachment":[{"href":"https:\/\/lasentinelle.dz\/index.php\/wp-json\/wp\/v2\/media?parent=59781"}],"wp:term":[{"taxonomy":"category","embeddable":true,"href":"https:\/\/lasentinelle.dz\/index.php\/wp-json\/wp\/v2\/categories?post=59781"},{"taxonomy":"post_tag","embeddable":true,"href":"https:\/\/lasentinelle.dz\/index.php\/wp-json\/wp\/v2\/tags?post=59781"}],"curies":[{"name":"wp","href":"https:\/\/api.w.org\/{rel}","templated":true}]}}