{"id":59783,"date":"2024-11-26T11:28:43","date_gmt":"2024-11-26T10:28:43","guid":{"rendered":"https:\/\/lasentinelle.dz\/?p=59783"},"modified":"2024-11-26T11:28:43","modified_gmt":"2024-11-26T10:28:43","slug":"soudan-le-pam-avertit-contre-une-famine-catastrophique","status":"publish","type":"post","link":"https:\/\/lasentinelle.dz\/index.php\/2024\/11\/26\/soudan-le-pam-avertit-contre-une-famine-catastrophique\/","title":{"rendered":"Soudan: Le PAM avertit contre une famine catastrophique"},"content":{"rendered":"\n<p>Selon le Programme alimentaire mondial (PAM), le Soudan abrite d\u00e9sormais la moiti\u00e9 de la population mondiale confront\u00e9e \u00e0 une famine catastrophique, une r\u00e9alit\u00e9 qui souligne l&rsquo;ampleur sans pr\u00e9c\u00e9dent de cette trag\u00e9die humaine.<\/p>\n\n\n\n<p>Le Soudan traverse actuellement l&rsquo;une des crises humanitaires les plus dramatiques et d\u00e9vastatrices de l&rsquo;histoire contemporaine. Depuis avril 2023, le pays est plong\u00e9 dans un conflit arm\u00e9 destructeur entre l&rsquo;arm\u00e9e soudanaise et les Forces de soutien rapide (FSR), qui a pr\u00e9cipit\u00e9 une situation humanitaire au bord du gouffre, mena\u00e7ant la survie de millions de personnes et risquant de faire basculer une nation enti\u00e8re dans un effondrement total. Selon le Programme alimentaire mondial (PAM), le Soudan abrite d\u00e9sormais la moiti\u00e9 de la population mondiale confront\u00e9e \u00e0 une famine catastrophique, une r\u00e9alit\u00e9 qui souligne l&rsquo;ampleur sans pr\u00e9c\u00e9dent de cette trag\u00e9die humaine. Cette crise multidimensionnelle combine des d\u00e9fis alimentaires, sanitaires, s\u00e9curitaires et d\u00e9mographiques d&rsquo;une gravit\u00e9 extr\u00eame. Les chiffres sont \u00e9difiants : pr\u00e8s d&rsquo;une personne sur trois au Soudan souffre d&rsquo;une grave ins\u00e9curit\u00e9 alimentaire, cons\u00e9quence directe du conflit arm\u00e9 qui d\u00e9chire le pays depuis plus d&rsquo;un an. Les infrastructures agricoles et \u00e9conomiques ont \u00e9t\u00e9 m\u00e9thodiquement sabot\u00e9es, privant des millions de personnes de leurs moyens de subsistance et de production alimentaire. La situation est particuli\u00e8rement catastrophique pour les populations les plus vuln\u00e9rables. On estime que 4,7 millions d&rsquo;enfants de moins de cinq ans, ainsi que des femmes enceintes et allaitantes, souffrent de malnutrition aigu\u00eb, une r\u00e9alit\u00e9 qui compromet dangereusement l&rsquo;avenir m\u00eame de la nation soudanaise. Les d\u00e9placements de populations atteignent des proportions historiques : plus de 3 millions d&rsquo;enfants ont \u00e9t\u00e9 d\u00e9plac\u00e9s \u00e0 l&rsquo;int\u00e9rieur et \u00e0 l&rsquo;ext\u00e9rieur du pays, cr\u00e9ant une g\u00e9n\u00e9ration de r\u00e9fugi\u00e9s et de d\u00e9racin\u00e9s dont les traumatismes marqueront durablement l&rsquo;histoire du pays. Ian Egeland, secr\u00e9taire g\u00e9n\u00e9ral du Conseil norv\u00e9gien pour les r\u00e9fugi\u00e9s, a d\u00e9crit avec une poignante lucidit\u00e9 l&rsquo;ampleur du d\u00e9sastre, affirmant que la vie de 24 millions de personnes est d\u00e9sormais en jeu au Soudan. Sa d\u00e9claration r\u00e9sonne comme un avertissement : nous assistons \u00e0 un compte \u00e0 rebours vers la famine, le d\u00e9sespoir et l&rsquo;effondrement potentiel d&rsquo;une nation. La violence qui accompagne cette crise humanitaire atteint un niveau de brutalit\u00e9 rarement observ\u00e9. Les rapports des Nations Unies r\u00e9v\u00e8lent une violence sexuelle omnipr\u00e9sente, particuli\u00e8rement dans les zones de conflit, qui constitue une arme de guerre syst\u00e9mique visant \u00e0 terroriser et d\u00e9structurer les communaut\u00e9s. Les t\u00e9moignages recueillis par la Mission d&rsquo;enqu\u00eate du Conseil des droits de l&rsquo;homme de l&rsquo;ONU d\u00e9crivent des scenarios de violence qui d\u00e9passent l&rsquo;entendement, avec des cons\u00e9quences psychologiques et soci\u00e9tales d\u00e9vastatrices. Pour rappel, le Soudan est le th\u00e9\u00e2tre depuis avril 2023 d\u2019une guerre sanglante entre les paramilitaires des forces de soutien rapide (FSR), dirig\u00e9es par le g\u00e9n\u00e9ral Mohamed Hamdane Daglo, et l\u2019arm\u00e9e men\u00e9e par le g\u00e9n\u00e9ral Abdel Fattah al-Burhane. Les combats ont non seulement caus\u00e9 des milliers de morts mais ont \u00e9galement d\u00e9truit les fondements m\u00eames de l&rsquo;organisation sociale et \u00e9conomique du pays.<\/p>\n\n\n\n<p>Lyes Sa\u00efdi<\/p>\n","protected":false},"excerpt":{"rendered":"<p>Selon le Programme alimentaire mondial (PAM), le Soudan abrite d\u00e9sormais la moiti\u00e9 de la population mondiale confront\u00e9e \u00e0 une famine<\/p>\n","protected":false},"author":6,"featured_media":51197,"comment_status":"open","ping_status":"closed","sticky":false,"template":"","format":"standard","meta":{"colormag_page_container_layout":"default_layout","colormag_page_sidebar_layout":"default_layout","om_disable_all_campaigns":false,"_monsterinsights_skip_tracking":false,"_monsterinsights_sitenote_active":false,"_monsterinsights_sitenote_note":"","_monsterinsights_sitenote_category":0,"footnotes":"","_wpscppro_dont_share_socialmedia":false,"_wpscppro_custom_social_share_image":0,"_facebook_share_type":"default","_twitter_share_type":"default","_linkedin_share_type":"default","_pinterest_share_type":"default","_linkedin_share_type_page":"","_instagram_share_type":"default","_medium_share_type":"default","_threads_share_type":"","_google_business_share_type":"","_selected_social_profile":[],"_wpsp_enable_custom_social_template":false,"_wpsp_social_scheduling":{"enabled":false,"datetime":null,"platforms":[],"status":"template_only","dateOption":"today","timeOption":"now","customDays":"","customHours":"","customDate":"","customTime":"","schedulingType":"absolute"},"_wpsp_active_default_template":true},"categories":[37],"tags":[],"class_list":["post-59783","post","type-post","status-publish","format-standard","has-post-thumbnail","hentry","category-monde"],"aioseo_notices":[],"yoast_head":"<!-- This site is optimized with the Yoast SEO plugin v27.5 - https:\/\/yoast.com\/product\/yoast-seo-wordpress\/ -->\n<title>Soudan: Le PAM avertit contre une famine catastrophique - La Sentinelle<\/title>\n<meta name=\"robots\" content=\"index, follow, max-snippet:-1, max-image-preview:large, max-video-preview:-1\" \/>\n<link rel=\"canonical\" href=\"https:\/\/lasentinelle.dz\/index.php\/2024\/11\/26\/soudan-le-pam-avertit-contre-une-famine-catastrophique\/\" \/>\n<meta property=\"og:locale\" content=\"fr_FR\" \/>\n<meta property=\"og:type\" content=\"article\" \/>\n<meta property=\"og:title\" content=\"Soudan: Le PAM avertit contre une famine catastrophique - La Sentinelle\" \/>\n<meta property=\"og:description\" content=\"Selon le Programme alimentaire mondial (PAM), le Soudan abrite d\u00e9sormais la moiti\u00e9 de la population mondiale confront\u00e9e \u00e0 une famine\" \/>\n<meta property=\"og:url\" content=\"https:\/\/lasentinelle.dz\/index.php\/2024\/11\/26\/soudan-le-pam-avertit-contre-une-famine-catastrophique\/\" \/>\n<meta property=\"og:site_name\" content=\"La Sentinelle\" \/>\n<meta property=\"article:publisher\" content=\"https:\/\/www.facebook.com\/La-Sentinelle-104059864394773\" \/>\n<meta property=\"article:published_time\" content=\"2024-11-26T10:28:43+00:00\" \/>\n<meta property=\"og:image\" content=\"https:\/\/lasentinelle.dz\/wp-content\/uploads\/2024\/04\/Soudan-refugies.jpeg\" \/>\n\t<meta property=\"og:image:width\" content=\"638\" \/>\n\t<meta property=\"og:image:height\" content=\"425\" \/>\n\t<meta property=\"og:image:type\" content=\"image\/jpeg\" \/>\n<meta name=\"author\" content=\"admin\" \/>\n<meta name=\"twitter:card\" content=\"summary_large_image\" \/>\n<meta name=\"twitter:label1\" content=\"\u00c9crit par\" \/>\n\t<meta name=\"twitter:data1\" content=\"admin\" \/>\n\t<meta name=\"twitter:label2\" content=\"Dur\u00e9e de lecture estim\u00e9e\" \/>\n\t<meta name=\"twitter:data2\" content=\"3 minutes\" \/>\n<script type=\"application\/ld+json\" class=\"yoast-schema-graph\">{\"@context\":\"https:\\\/\\\/schema.org\",\"@graph\":[{\"@type\":\"Article\",\"@id\":\"https:\\\/\\\/lasentinelle.dz\\\/index.php\\\/2024\\\/11\\\/26\\\/soudan-le-pam-avertit-contre-une-famine-catastrophique\\\/#article\",\"isPartOf\":{\"@id\":\"https:\\\/\\\/lasentinelle.dz\\\/index.php\\\/2024\\\/11\\\/26\\\/soudan-le-pam-avertit-contre-une-famine-catastrophique\\\/\"},\"author\":{\"name\":\"admin\",\"@id\":\"https:\\\/\\\/lasentinelle.dz\\\/#\\\/schema\\\/person\\\/729ee0024f24e0b8c5ec17232f8e8b41\"},\"headline\":\"Soudan: Le PAM avertit contre une famine catastrophique\",\"datePublished\":\"2024-11-26T10:28:43+00:00\",\"mainEntityOfPage\":{\"@id\":\"https:\\\/\\\/lasentinelle.dz\\\/index.php\\\/2024\\\/11\\\/26\\\/soudan-le-pam-avertit-contre-une-famine-catastrophique\\\/\"},\"wordCount\":576,\"commentCount\":0,\"publisher\":{\"@id\":\"https:\\\/\\\/lasentinelle.dz\\\/#organization\"},\"image\":{\"@id\":\"https:\\\/\\\/lasentinelle.dz\\\/index.php\\\/2024\\\/11\\\/26\\\/soudan-le-pam-avertit-contre-une-famine-catastrophique\\\/#primaryimage\"},\"thumbnailUrl\":\"https:\\\/\\\/lasentinelle.dz\\\/wp-content\\\/uploads\\\/2024\\\/04\\\/Soudan-refugies.jpeg\",\"articleSection\":[\"Monde\"],\"inLanguage\":\"fr-FR\",\"potentialAction\":[{\"@type\":\"CommentAction\",\"name\":\"Comment\",\"target\":[\"https:\\\/\\\/lasentinelle.dz\\\/index.php\\\/2024\\\/11\\\/26\\\/soudan-le-pam-avertit-contre-une-famine-catastrophique\\\/#respond\"]}]},{\"@type\":\"WebPage\",\"@id\":\"https:\\\/\\\/lasentinelle.dz\\\/index.php\\\/2024\\\/11\\\/26\\\/soudan-le-pam-avertit-contre-une-famine-catastrophique\\\/\",\"url\":\"https:\\\/\\\/lasentinelle.dz\\\/index.php\\\/2024\\\/11\\\/26\\\/soudan-le-pam-avertit-contre-une-famine-catastrophique\\\/\",\"name\":\"Soudan: Le PAM avertit contre une famine catastrophique - La Sentinelle\",\"isPartOf\":{\"@id\":\"https:\\\/\\\/lasentinelle.dz\\\/#website\"},\"primaryImageOfPage\":{\"@id\":\"https:\\\/\\\/lasentinelle.dz\\\/index.php\\\/2024\\\/11\\\/26\\\/soudan-le-pam-avertit-contre-une-famine-catastrophique\\\/#primaryimage\"},\"image\":{\"@id\":\"https:\\\/\\\/lasentinelle.dz\\\/index.php\\\/2024\\\/11\\\/26\\\/soudan-le-pam-avertit-contre-une-famine-catastrophique\\\/#primaryimage\"},\"thumbnailUrl\":\"https:\\\/\\\/lasentinelle.dz\\\/wp-content\\\/uploads\\\/2024\\\/04\\\/Soudan-refugies.jpeg\",\"datePublished\":\"2024-11-26T10:28:43+00:00\",\"breadcrumb\":{\"@id\":\"https:\\\/\\\/lasentinelle.dz\\\/index.php\\\/2024\\\/11\\\/26\\\/soudan-le-pam-avertit-contre-une-famine-catastrophique\\\/#breadcrumb\"},\"inLanguage\":\"fr-FR\",\"potentialAction\":[{\"@type\":\"ReadAction\",\"target\":[\"https:\\\/\\\/lasentinelle.dz\\\/index.php\\\/2024\\\/11\\\/26\\\/soudan-le-pam-avertit-contre-une-famine-catastrophique\\\/\"]}]},{\"@type\":\"ImageObject\",\"inLanguage\":\"fr-FR\",\"@id\":\"https:\\\/\\\/lasentinelle.dz\\\/index.php\\\/2024\\\/11\\\/26\\\/soudan-le-pam-avertit-contre-une-famine-catastrophique\\\/#primaryimage\",\"url\":\"https:\\\/\\\/lasentinelle.dz\\\/wp-content\\\/uploads\\\/2024\\\/04\\\/Soudan-refugies.jpeg\",\"contentUrl\":\"https:\\\/\\\/lasentinelle.dz\\\/wp-content\\\/uploads\\\/2024\\\/04\\\/Soudan-refugies.jpeg\",\"width\":638,\"height\":425},{\"@type\":\"BreadcrumbList\",\"@id\":\"https:\\\/\\\/lasentinelle.dz\\\/index.php\\\/2024\\\/11\\\/26\\\/soudan-le-pam-avertit-contre-une-famine-catastrophique\\\/#breadcrumb\",\"itemListElement\":[{\"@type\":\"ListItem\",\"position\":1,\"name\":\"Accueil\",\"item\":\"https:\\\/\\\/lasentinelle.dz\\\/\"},{\"@type\":\"ListItem\",\"position\":2,\"name\":\"Soudan: Le PAM avertit contre une famine catastrophique\"}]},{\"@type\":\"WebSite\",\"@id\":\"https:\\\/\\\/lasentinelle.dz\\\/#website\",\"url\":\"https:\\\/\\\/lasentinelle.dz\\\/\",\"name\":\"La Sentinelle\",\"description\":\"Quotidien national d&#039;information\",\"publisher\":{\"@id\":\"https:\\\/\\\/lasentinelle.dz\\\/#organization\"},\"potentialAction\":[{\"@type\":\"SearchAction\",\"target\":{\"@type\":\"EntryPoint\",\"urlTemplate\":\"https:\\\/\\\/lasentinelle.dz\\\/?s={search_term_string}\"},\"query-input\":{\"@type\":\"PropertyValueSpecification\",\"valueRequired\":true,\"valueName\":\"search_term_string\"}}],\"inLanguage\":\"fr-FR\"},{\"@type\":\"Organization\",\"@id\":\"https:\\\/\\\/lasentinelle.dz\\\/#organization\",\"name\":\"Quotidien La Sentinelle\",\"url\":\"https:\\\/\\\/lasentinelle.dz\\\/\",\"logo\":{\"@type\":\"ImageObject\",\"inLanguage\":\"fr-FR\",\"@id\":\"https:\\\/\\\/lasentinelle.dz\\\/#\\\/schema\\\/logo\\\/image\\\/\",\"url\":\"https:\\\/\\\/lasentinelle.dz\\\/wp-content\\\/uploads\\\/2021\\\/09\\\/logo-sentinelleSLOGAN-1.png\",\"contentUrl\":\"https:\\\/\\\/lasentinelle.dz\\\/wp-content\\\/uploads\\\/2021\\\/09\\\/logo-sentinelleSLOGAN-1.png\",\"width\":615,\"height\":142,\"caption\":\"Quotidien La Sentinelle\"},\"image\":{\"@id\":\"https:\\\/\\\/lasentinelle.dz\\\/#\\\/schema\\\/logo\\\/image\\\/\"},\"sameAs\":[\"https:\\\/\\\/www.facebook.com\\\/La-Sentinelle-104059864394773\"]},{\"@type\":\"Person\",\"@id\":\"https:\\\/\\\/lasentinelle.dz\\\/#\\\/schema\\\/person\\\/729ee0024f24e0b8c5ec17232f8e8b41\",\"name\":\"admin\",\"image\":{\"@type\":\"ImageObject\",\"inLanguage\":\"fr-FR\",\"@id\":\"https:\\\/\\\/secure.gravatar.com\\\/avatar\\\/4c81fed838786e9b53f540bf46533e750f5d292099ae3b66cfc6fb1982e29df7?s=96&d=mm&r=g\",\"url\":\"https:\\\/\\\/secure.gravatar.com\\\/avatar\\\/4c81fed838786e9b53f540bf46533e750f5d292099ae3b66cfc6fb1982e29df7?s=96&d=mm&r=g\",\"contentUrl\":\"https:\\\/\\\/secure.gravatar.com\\\/avatar\\\/4c81fed838786e9b53f540bf46533e750f5d292099ae3b66cfc6fb1982e29df7?s=96&d=mm&r=g\",\"caption\":\"admin\"},\"description\":\"admin\",\"url\":\"https:\\\/\\\/lasentinelle.dz\\\/author\\\/admin\\\/\"}]}<\/script>\n<!-- \/ Yoast SEO plugin. -->","yoast_head_json":{"title":"Soudan: Le PAM avertit contre une famine catastrophique - La Sentinelle","robots":{"index":"index","follow":"follow","max-snippet":"max-snippet:-1","max-image-preview":"max-image-preview:large","max-video-preview":"max-video-preview:-1"},"canonical":"https:\/\/lasentinelle.dz\/index.php\/2024\/11\/26\/soudan-le-pam-avertit-contre-une-famine-catastrophique\/","og_locale":"fr_FR","og_type":"article","og_title":"Soudan: Le PAM avertit contre une famine catastrophique - La Sentinelle","og_description":"Selon le Programme alimentaire mondial (PAM), le Soudan abrite d\u00e9sormais la moiti\u00e9 de la population mondiale confront\u00e9e \u00e0 une famine","og_url":"https:\/\/lasentinelle.dz\/index.php\/2024\/11\/26\/soudan-le-pam-avertit-contre-une-famine-catastrophique\/","og_site_name":"La Sentinelle","article_publisher":"https:\/\/www.facebook.com\/La-Sentinelle-104059864394773","article_published_time":"2024-11-26T10:28:43+00:00","og_image":[{"width":638,"height":425,"url":"https:\/\/lasentinelle.dz\/wp-content\/uploads\/2024\/04\/Soudan-refugies.jpeg","type":"image\/jpeg"}],"author":"admin","twitter_card":"summary_large_image","twitter_misc":{"\u00c9crit par":"admin","Dur\u00e9e de lecture estim\u00e9e":"3 minutes"},"schema":{"@context":"https:\/\/schema.org","@graph":[{"@type":"Article","@id":"https:\/\/lasentinelle.dz\/index.php\/2024\/11\/26\/soudan-le-pam-avertit-contre-une-famine-catastrophique\/#article","isPartOf":{"@id":"https:\/\/lasentinelle.dz\/index.php\/2024\/11\/26\/soudan-le-pam-avertit-contre-une-famine-catastrophique\/"},"author":{"name":"admin","@id":"https:\/\/lasentinelle.dz\/#\/schema\/person\/729ee0024f24e0b8c5ec17232f8e8b41"},"headline":"Soudan: Le PAM avertit contre une famine catastrophique","datePublished":"2024-11-26T10:28:43+00:00","mainEntityOfPage":{"@id":"https:\/\/lasentinelle.dz\/index.php\/2024\/11\/26\/soudan-le-pam-avertit-contre-une-famine-catastrophique\/"},"wordCount":576,"commentCount":0,"publisher":{"@id":"https:\/\/lasentinelle.dz\/#organization"},"image":{"@id":"https:\/\/lasentinelle.dz\/index.php\/2024\/11\/26\/soudan-le-pam-avertit-contre-une-famine-catastrophique\/#primaryimage"},"thumbnailUrl":"https:\/\/lasentinelle.dz\/wp-content\/uploads\/2024\/04\/Soudan-refugies.jpeg","articleSection":["Monde"],"inLanguage":"fr-FR","potentialAction":[{"@type":"CommentAction","name":"Comment","target":["https:\/\/lasentinelle.dz\/index.php\/2024\/11\/26\/soudan-le-pam-avertit-contre-une-famine-catastrophique\/#respond"]}]},{"@type":"WebPage","@id":"https:\/\/lasentinelle.dz\/index.php\/2024\/11\/26\/soudan-le-pam-avertit-contre-une-famine-catastrophique\/","url":"https:\/\/lasentinelle.dz\/index.php\/2024\/11\/26\/soudan-le-pam-avertit-contre-une-famine-catastrophique\/","name":"Soudan: Le PAM avertit contre une famine catastrophique - La Sentinelle","isPartOf":{"@id":"https:\/\/lasentinelle.dz\/#website"},"primaryImageOfPage":{"@id":"https:\/\/lasentinelle.dz\/index.php\/2024\/11\/26\/soudan-le-pam-avertit-contre-une-famine-catastrophique\/#primaryimage"},"image":{"@id":"https:\/\/lasentinelle.dz\/index.php\/2024\/11\/26\/soudan-le-pam-avertit-contre-une-famine-catastrophique\/#primaryimage"},"thumbnailUrl":"https:\/\/lasentinelle.dz\/wp-content\/uploads\/2024\/04\/Soudan-refugies.jpeg","datePublished":"2024-11-26T10:28:43+00:00","breadcrumb":{"@id":"https:\/\/lasentinelle.dz\/index.php\/2024\/11\/26\/soudan-le-pam-avertit-contre-une-famine-catastrophique\/#breadcrumb"},"inLanguage":"fr-FR","potentialAction":[{"@type":"ReadAction","target":["https:\/\/lasentinelle.dz\/index.php\/2024\/11\/26\/soudan-le-pam-avertit-contre-une-famine-catastrophique\/"]}]},{"@type":"ImageObject","inLanguage":"fr-FR","@id":"https:\/\/lasentinelle.dz\/index.php\/2024\/11\/26\/soudan-le-pam-avertit-contre-une-famine-catastrophique\/#primaryimage","url":"https:\/\/lasentinelle.dz\/wp-content\/uploads\/2024\/04\/Soudan-refugies.jpeg","contentUrl":"https:\/\/lasentinelle.dz\/wp-content\/uploads\/2024\/04\/Soudan-refugies.jpeg","width":638,"height":425},{"@type":"BreadcrumbList","@id":"https:\/\/lasentinelle.dz\/index.php\/2024\/11\/26\/soudan-le-pam-avertit-contre-une-famine-catastrophique\/#breadcrumb","itemListElement":[{"@type":"ListItem","position":1,"name":"Accueil","item":"https:\/\/lasentinelle.dz\/"},{"@type":"ListItem","position":2,"name":"Soudan: Le PAM avertit contre une famine catastrophique"}]},{"@type":"WebSite","@id":"https:\/\/lasentinelle.dz\/#website","url":"https:\/\/lasentinelle.dz\/","name":"La Sentinelle","description":"Quotidien national d&#039;information","publisher":{"@id":"https:\/\/lasentinelle.dz\/#organization"},"potentialAction":[{"@type":"SearchAction","target":{"@type":"EntryPoint","urlTemplate":"https:\/\/lasentinelle.dz\/?s={search_term_string}"},"query-input":{"@type":"PropertyValueSpecification","valueRequired":true,"valueName":"search_term_string"}}],"inLanguage":"fr-FR"},{"@type":"Organization","@id":"https:\/\/lasentinelle.dz\/#organization","name":"Quotidien La Sentinelle","url":"https:\/\/lasentinelle.dz\/","logo":{"@type":"ImageObject","inLanguage":"fr-FR","@id":"https:\/\/lasentinelle.dz\/#\/schema\/logo\/image\/","url":"https:\/\/lasentinelle.dz\/wp-content\/uploads\/2021\/09\/logo-sentinelleSLOGAN-1.png","contentUrl":"https:\/\/lasentinelle.dz\/wp-content\/uploads\/2021\/09\/logo-sentinelleSLOGAN-1.png","width":615,"height":142,"caption":"Quotidien La Sentinelle"},"image":{"@id":"https:\/\/lasentinelle.dz\/#\/schema\/logo\/image\/"},"sameAs":["https:\/\/www.facebook.com\/La-Sentinelle-104059864394773"]},{"@type":"Person","@id":"https:\/\/lasentinelle.dz\/#\/schema\/person\/729ee0024f24e0b8c5ec17232f8e8b41","name":"admin","image":{"@type":"ImageObject","inLanguage":"fr-FR","@id":"https:\/\/secure.gravatar.com\/avatar\/4c81fed838786e9b53f540bf46533e750f5d292099ae3b66cfc6fb1982e29df7?s=96&d=mm&r=g","url":"https:\/\/secure.gravatar.com\/avatar\/4c81fed838786e9b53f540bf46533e750f5d292099ae3b66cfc6fb1982e29df7?s=96&d=mm&r=g","contentUrl":"https:\/\/secure.gravatar.com\/avatar\/4c81fed838786e9b53f540bf46533e750f5d292099ae3b66cfc6fb1982e29df7?s=96&d=mm&r=g","caption":"admin"},"description":"admin","url":"https:\/\/lasentinelle.dz\/author\/admin\/"}]}},"_links":{"self":[{"href":"https:\/\/lasentinelle.dz\/index.php\/wp-json\/wp\/v2\/posts\/59783","targetHints":{"allow":["GET"]}}],"collection":[{"href":"https:\/\/lasentinelle.dz\/index.php\/wp-json\/wp\/v2\/posts"}],"about":[{"href":"https:\/\/lasentinelle.dz\/index.php\/wp-json\/wp\/v2\/types\/post"}],"author":[{"embeddable":true,"href":"https:\/\/lasentinelle.dz\/index.php\/wp-json\/wp\/v2\/users\/6"}],"replies":[{"embeddable":true,"href":"https:\/\/lasentinelle.dz\/index.php\/wp-json\/wp\/v2\/comments?post=59783"}],"version-history":[{"count":1,"href":"https:\/\/lasentinelle.dz\/index.php\/wp-json\/wp\/v2\/posts\/59783\/revisions"}],"predecessor-version":[{"id":59784,"href":"https:\/\/lasentinelle.dz\/index.php\/wp-json\/wp\/v2\/posts\/59783\/revisions\/59784"}],"wp:featuredmedia":[{"embeddable":true,"href":"https:\/\/lasentinelle.dz\/index.php\/wp-json\/wp\/v2\/media\/51197"}],"wp:attachment":[{"href":"https:\/\/lasentinelle.dz\/index.php\/wp-json\/wp\/v2\/media?parent=59783"}],"wp:term":[{"taxonomy":"category","embeddable":true,"href":"https:\/\/lasentinelle.dz\/index.php\/wp-json\/wp\/v2\/categories?post=59783"},{"taxonomy":"post_tag","embeddable":true,"href":"https:\/\/lasentinelle.dz\/index.php\/wp-json\/wp\/v2\/tags?post=59783"}],"curies":[{"name":"wp","href":"https:\/\/api.w.org\/{rel}","templated":true}]}}