{"id":59805,"date":"2024-11-26T11:35:01","date_gmt":"2024-11-26T10:35:01","guid":{"rendered":"https:\/\/lasentinelle.dz\/?p=59805"},"modified":"2024-11-26T11:35:02","modified_gmt":"2024-11-26T10:35:02","slug":"appel-a-concurrence-algeria-bid-round-2024-ouverture-de-lacces-aux-data-rooms","status":"publish","type":"post","link":"https:\/\/lasentinelle.dz\/index.php\/2024\/11\/26\/appel-a-concurrence-algeria-bid-round-2024-ouverture-de-lacces-aux-data-rooms\/","title":{"rendered":"Appel \u00e0 concurrence \u00ab\u00a0Algeria Bid Round 2024\u00a0\u00bb : Ouverture de l&rsquo;acc\u00e8s aux Data rooms"},"content":{"rendered":"\n<p>L&rsquo;Agence nationale pour la valorisation des ressources en hydrocarbures (ALNAFT) a annonc\u00e9, lundi dans un communiqu\u00e9, l&rsquo;ouverture mardi de l\u2019acc\u00e8s aux \u00ab\u00a0Data rooms\u00a0\u00bb, dans le cadre de l&rsquo;appel \u00e0 concurrence \u00ab\u00a0Algeria Bid Round 2024\u00a0\u00bb, destin\u00e9 aux investisseurs dans le secteur p\u00e9trolier et gazier. \u00ab\u00a0L&rsquo;Agence Nationale pour la Valorisation des Ressources en Hydrocarbures (ALNAFT) annonce l\u2019ouverture de l\u2019acc\u00e8s aux Data rooms dans le cadre du ALGERIA BID ROUND 2024, ce mardi 26 novembre 2024 et ce, conform\u00e9ment au plan pr\u00e9\u00e9tabli par l\u2019Agence\u00a0\u00bb, a pr\u00e9cis\u00e9 la m\u00eame source. Elle a, dans ce sens, expliqu\u00e9 que \u00ab\u00a0les sessions de Data rooms est un espace de pr\u00e9sentation de donn\u00e9es techniques mises \u00e0 la disposition des investisseurs autoris\u00e9s \u00e0 y acc\u00e9der en vue de faire une offre d\u2019acquisition de p\u00e9rim\u00e8tre\u00a0\u00bb. ALNAFT a, par ailleurs, rappel\u00e9 que le pr\u00e9sent appel \u00e0 concurrence concerne six p\u00e9rim\u00e8tres, \u00e0 savoir : EL M\u2019zaid, Ahara, Toual, Reggane II, Zerafa II et Guern EL Guessa\u00a0\u00bb.<\/p>\n","protected":false},"excerpt":{"rendered":"<p>L&rsquo;Agence nationale pour la valorisation des ressources en hydrocarbures (ALNAFT) a annonc\u00e9, lundi dans un communiqu\u00e9, l&rsquo;ouverture mardi de l\u2019acc\u00e8s<\/p>\n","protected":false},"author":6,"featured_media":41259,"comment_status":"open","ping_status":"closed","sticky":false,"template":"","format":"standard","meta":{"colormag_page_container_layout":"default_layout","colormag_page_sidebar_layout":"default_layout","om_disable_all_campaigns":false,"_monsterinsights_skip_tracking":false,"_monsterinsights_sitenote_active":false,"_monsterinsights_sitenote_note":"","_monsterinsights_sitenote_category":0,"footnotes":"","_wpscppro_dont_share_socialmedia":false,"_wpscppro_custom_social_share_image":0,"_facebook_share_type":"default","_twitter_share_type":"default","_linkedin_share_type":"default","_pinterest_share_type":"default","_linkedin_share_type_page":"","_instagram_share_type":"default","_medium_share_type":"default","_threads_share_type":"","_google_business_share_type":"","_selected_social_profile":[],"_wpsp_enable_custom_social_template":false,"_wpsp_social_scheduling":{"enabled":false,"datetime":null,"platforms":[],"status":"template_only","dateOption":"today","timeOption":"now","customDays":"","customHours":"","customDate":"","customTime":"","schedulingType":"absolute"},"_wpsp_active_default_template":true},"categories":[29],"tags":[],"class_list":["post-59805","post","type-post","status-publish","format-standard","has-post-thumbnail","hentry","category-economie"],"aioseo_notices":[],"yoast_head":"<!-- This site is optimized with the Yoast SEO plugin v27.5 - https:\/\/yoast.com\/product\/yoast-seo-wordpress\/ -->\n<title>Appel \u00e0 concurrence \u00ab\u00a0Algeria Bid Round 2024\u00a0\u00bb : Ouverture de l&rsquo;acc\u00e8s aux Data rooms - La Sentinelle<\/title>\n<meta name=\"robots\" content=\"index, follow, max-snippet:-1, max-image-preview:large, max-video-preview:-1\" \/>\n<link rel=\"canonical\" href=\"https:\/\/lasentinelle.dz\/index.php\/2024\/11\/26\/appel-a-concurrence-algeria-bid-round-2024-ouverture-de-lacces-aux-data-rooms\/\" \/>\n<meta property=\"og:locale\" content=\"fr_FR\" \/>\n<meta property=\"og:type\" content=\"article\" \/>\n<meta property=\"og:title\" content=\"Appel \u00e0 concurrence \u00ab\u00a0Algeria Bid Round 2024\u00a0\u00bb : Ouverture de l&rsquo;acc\u00e8s aux Data rooms - La Sentinelle\" \/>\n<meta property=\"og:description\" content=\"L&rsquo;Agence nationale pour la valorisation des ressources en hydrocarbures (ALNAFT) a annonc\u00e9, lundi dans un communiqu\u00e9, l&rsquo;ouverture mardi de l\u2019acc\u00e8s\" \/>\n<meta property=\"og:url\" content=\"https:\/\/lasentinelle.dz\/index.php\/2024\/11\/26\/appel-a-concurrence-algeria-bid-round-2024-ouverture-de-lacces-aux-data-rooms\/\" \/>\n<meta property=\"og:site_name\" content=\"La Sentinelle\" \/>\n<meta property=\"article:publisher\" content=\"https:\/\/www.facebook.com\/La-Sentinelle-104059864394773\" \/>\n<meta property=\"article:published_time\" content=\"2024-11-26T10:35:01+00:00\" \/>\n<meta property=\"article:modified_time\" content=\"2024-11-26T10:35:02+00:00\" \/>\n<meta property=\"og:image\" content=\"https:\/\/lasentinelle.dz\/wp-content\/uploads\/2023\/05\/Ministere-de-lenergie-1024x682.png\" \/>\n\t<meta property=\"og:image:width\" content=\"1024\" \/>\n\t<meta property=\"og:image:height\" content=\"682\" \/>\n\t<meta property=\"og:image:type\" content=\"image\/png\" \/>\n<meta name=\"author\" content=\"admin\" \/>\n<meta name=\"twitter:card\" content=\"summary_large_image\" \/>\n<meta name=\"twitter:label1\" content=\"\u00c9crit par\" \/>\n\t<meta name=\"twitter:data1\" content=\"admin\" \/>\n\t<meta name=\"twitter:label2\" content=\"Dur\u00e9e de lecture estim\u00e9e\" \/>\n\t<meta name=\"twitter:data2\" content=\"1 minute\" \/>\n<script type=\"application\/ld+json\" class=\"yoast-schema-graph\">{\"@context\":\"https:\\\/\\\/schema.org\",\"@graph\":[{\"@type\":\"Article\",\"@id\":\"https:\\\/\\\/lasentinelle.dz\\\/index.php\\\/2024\\\/11\\\/26\\\/appel-a-concurrence-algeria-bid-round-2024-ouverture-de-lacces-aux-data-rooms\\\/#article\",\"isPartOf\":{\"@id\":\"https:\\\/\\\/lasentinelle.dz\\\/index.php\\\/2024\\\/11\\\/26\\\/appel-a-concurrence-algeria-bid-round-2024-ouverture-de-lacces-aux-data-rooms\\\/\"},\"author\":{\"name\":\"admin\",\"@id\":\"https:\\\/\\\/lasentinelle.dz\\\/#\\\/schema\\\/person\\\/729ee0024f24e0b8c5ec17232f8e8b41\"},\"headline\":\"Appel \u00e0 concurrence \u00ab\u00a0Algeria Bid Round 2024\u00a0\u00bb : Ouverture de l&rsquo;acc\u00e8s aux Data rooms\",\"datePublished\":\"2024-11-26T10:35:01+00:00\",\"dateModified\":\"2024-11-26T10:35:02+00:00\",\"mainEntityOfPage\":{\"@id\":\"https:\\\/\\\/lasentinelle.dz\\\/index.php\\\/2024\\\/11\\\/26\\\/appel-a-concurrence-algeria-bid-round-2024-ouverture-de-lacces-aux-data-rooms\\\/\"},\"wordCount\":184,\"commentCount\":0,\"publisher\":{\"@id\":\"https:\\\/\\\/lasentinelle.dz\\\/#organization\"},\"image\":{\"@id\":\"https:\\\/\\\/lasentinelle.dz\\\/index.php\\\/2024\\\/11\\\/26\\\/appel-a-concurrence-algeria-bid-round-2024-ouverture-de-lacces-aux-data-rooms\\\/#primaryimage\"},\"thumbnailUrl\":\"https:\\\/\\\/lasentinelle.dz\\\/wp-content\\\/uploads\\\/2023\\\/05\\\/Ministere-de-lenergie.png\",\"articleSection\":[\"\u00c9conomie\"],\"inLanguage\":\"fr-FR\",\"potentialAction\":[{\"@type\":\"CommentAction\",\"name\":\"Comment\",\"target\":[\"https:\\\/\\\/lasentinelle.dz\\\/index.php\\\/2024\\\/11\\\/26\\\/appel-a-concurrence-algeria-bid-round-2024-ouverture-de-lacces-aux-data-rooms\\\/#respond\"]}]},{\"@type\":\"WebPage\",\"@id\":\"https:\\\/\\\/lasentinelle.dz\\\/index.php\\\/2024\\\/11\\\/26\\\/appel-a-concurrence-algeria-bid-round-2024-ouverture-de-lacces-aux-data-rooms\\\/\",\"url\":\"https:\\\/\\\/lasentinelle.dz\\\/index.php\\\/2024\\\/11\\\/26\\\/appel-a-concurrence-algeria-bid-round-2024-ouverture-de-lacces-aux-data-rooms\\\/\",\"name\":\"Appel \u00e0 concurrence \u00ab\u00a0Algeria Bid Round 2024\u00a0\u00bb : Ouverture de l&rsquo;acc\u00e8s aux Data rooms - La Sentinelle\",\"isPartOf\":{\"@id\":\"https:\\\/\\\/lasentinelle.dz\\\/#website\"},\"primaryImageOfPage\":{\"@id\":\"https:\\\/\\\/lasentinelle.dz\\\/index.php\\\/2024\\\/11\\\/26\\\/appel-a-concurrence-algeria-bid-round-2024-ouverture-de-lacces-aux-data-rooms\\\/#primaryimage\"},\"image\":{\"@id\":\"https:\\\/\\\/lasentinelle.dz\\\/index.php\\\/2024\\\/11\\\/26\\\/appel-a-concurrence-algeria-bid-round-2024-ouverture-de-lacces-aux-data-rooms\\\/#primaryimage\"},\"thumbnailUrl\":\"https:\\\/\\\/lasentinelle.dz\\\/wp-content\\\/uploads\\\/2023\\\/05\\\/Ministere-de-lenergie.png\",\"datePublished\":\"2024-11-26T10:35:01+00:00\",\"dateModified\":\"2024-11-26T10:35:02+00:00\",\"breadcrumb\":{\"@id\":\"https:\\\/\\\/lasentinelle.dz\\\/index.php\\\/2024\\\/11\\\/26\\\/appel-a-concurrence-algeria-bid-round-2024-ouverture-de-lacces-aux-data-rooms\\\/#breadcrumb\"},\"inLanguage\":\"fr-FR\",\"potentialAction\":[{\"@type\":\"ReadAction\",\"target\":[\"https:\\\/\\\/lasentinelle.dz\\\/index.php\\\/2024\\\/11\\\/26\\\/appel-a-concurrence-algeria-bid-round-2024-ouverture-de-lacces-aux-data-rooms\\\/\"]}]},{\"@type\":\"ImageObject\",\"inLanguage\":\"fr-FR\",\"@id\":\"https:\\\/\\\/lasentinelle.dz\\\/index.php\\\/2024\\\/11\\\/26\\\/appel-a-concurrence-algeria-bid-round-2024-ouverture-de-lacces-aux-data-rooms\\\/#primaryimage\",\"url\":\"https:\\\/\\\/lasentinelle.dz\\\/wp-content\\\/uploads\\\/2023\\\/05\\\/Ministere-de-lenergie.png\",\"contentUrl\":\"https:\\\/\\\/lasentinelle.dz\\\/wp-content\\\/uploads\\\/2023\\\/05\\\/Ministere-de-lenergie.png\",\"width\":1352,\"height\":900},{\"@type\":\"BreadcrumbList\",\"@id\":\"https:\\\/\\\/lasentinelle.dz\\\/index.php\\\/2024\\\/11\\\/26\\\/appel-a-concurrence-algeria-bid-round-2024-ouverture-de-lacces-aux-data-rooms\\\/#breadcrumb\",\"itemListElement\":[{\"@type\":\"ListItem\",\"position\":1,\"name\":\"Accueil\",\"item\":\"https:\\\/\\\/lasentinelle.dz\\\/\"},{\"@type\":\"ListItem\",\"position\":2,\"name\":\"Appel \u00e0 concurrence \u00ab\u00a0Algeria Bid Round 2024\u00a0\u00bb : Ouverture de l&rsquo;acc\u00e8s aux Data rooms\"}]},{\"@type\":\"WebSite\",\"@id\":\"https:\\\/\\\/lasentinelle.dz\\\/#website\",\"url\":\"https:\\\/\\\/lasentinelle.dz\\\/\",\"name\":\"La Sentinelle\",\"description\":\"Quotidien national d&#039;information\",\"publisher\":{\"@id\":\"https:\\\/\\\/lasentinelle.dz\\\/#organization\"},\"potentialAction\":[{\"@type\":\"SearchAction\",\"target\":{\"@type\":\"EntryPoint\",\"urlTemplate\":\"https:\\\/\\\/lasentinelle.dz\\\/?s={search_term_string}\"},\"query-input\":{\"@type\":\"PropertyValueSpecification\",\"valueRequired\":true,\"valueName\":\"search_term_string\"}}],\"inLanguage\":\"fr-FR\"},{\"@type\":\"Organization\",\"@id\":\"https:\\\/\\\/lasentinelle.dz\\\/#organization\",\"name\":\"Quotidien La Sentinelle\",\"url\":\"https:\\\/\\\/lasentinelle.dz\\\/\",\"logo\":{\"@type\":\"ImageObject\",\"inLanguage\":\"fr-FR\",\"@id\":\"https:\\\/\\\/lasentinelle.dz\\\/#\\\/schema\\\/logo\\\/image\\\/\",\"url\":\"https:\\\/\\\/lasentinelle.dz\\\/wp-content\\\/uploads\\\/2021\\\/09\\\/logo-sentinelleSLOGAN-1.png\",\"contentUrl\":\"https:\\\/\\\/lasentinelle.dz\\\/wp-content\\\/uploads\\\/2021\\\/09\\\/logo-sentinelleSLOGAN-1.png\",\"width\":615,\"height\":142,\"caption\":\"Quotidien La Sentinelle\"},\"image\":{\"@id\":\"https:\\\/\\\/lasentinelle.dz\\\/#\\\/schema\\\/logo\\\/image\\\/\"},\"sameAs\":[\"https:\\\/\\\/www.facebook.com\\\/La-Sentinelle-104059864394773\"]},{\"@type\":\"Person\",\"@id\":\"https:\\\/\\\/lasentinelle.dz\\\/#\\\/schema\\\/person\\\/729ee0024f24e0b8c5ec17232f8e8b41\",\"name\":\"admin\",\"image\":{\"@type\":\"ImageObject\",\"inLanguage\":\"fr-FR\",\"@id\":\"https:\\\/\\\/secure.gravatar.com\\\/avatar\\\/4c81fed838786e9b53f540bf46533e750f5d292099ae3b66cfc6fb1982e29df7?s=96&d=mm&r=g\",\"url\":\"https:\\\/\\\/secure.gravatar.com\\\/avatar\\\/4c81fed838786e9b53f540bf46533e750f5d292099ae3b66cfc6fb1982e29df7?s=96&d=mm&r=g\",\"contentUrl\":\"https:\\\/\\\/secure.gravatar.com\\\/avatar\\\/4c81fed838786e9b53f540bf46533e750f5d292099ae3b66cfc6fb1982e29df7?s=96&d=mm&r=g\",\"caption\":\"admin\"},\"description\":\"admin\",\"url\":\"https:\\\/\\\/lasentinelle.dz\\\/author\\\/admin\\\/\"}]}<\/script>\n<!-- \/ Yoast SEO plugin. -->","yoast_head_json":{"title":"Appel \u00e0 concurrence \u00ab\u00a0Algeria Bid Round 2024\u00a0\u00bb : Ouverture de l&rsquo;acc\u00e8s aux Data rooms - La Sentinelle","robots":{"index":"index","follow":"follow","max-snippet":"max-snippet:-1","max-image-preview":"max-image-preview:large","max-video-preview":"max-video-preview:-1"},"canonical":"https:\/\/lasentinelle.dz\/index.php\/2024\/11\/26\/appel-a-concurrence-algeria-bid-round-2024-ouverture-de-lacces-aux-data-rooms\/","og_locale":"fr_FR","og_type":"article","og_title":"Appel \u00e0 concurrence \u00ab\u00a0Algeria Bid Round 2024\u00a0\u00bb : Ouverture de l&rsquo;acc\u00e8s aux Data rooms - La Sentinelle","og_description":"L&rsquo;Agence nationale pour la valorisation des ressources en hydrocarbures (ALNAFT) a annonc\u00e9, lundi dans un communiqu\u00e9, l&rsquo;ouverture mardi de l\u2019acc\u00e8s","og_url":"https:\/\/lasentinelle.dz\/index.php\/2024\/11\/26\/appel-a-concurrence-algeria-bid-round-2024-ouverture-de-lacces-aux-data-rooms\/","og_site_name":"La Sentinelle","article_publisher":"https:\/\/www.facebook.com\/La-Sentinelle-104059864394773","article_published_time":"2024-11-26T10:35:01+00:00","article_modified_time":"2024-11-26T10:35:02+00:00","og_image":[{"width":1024,"height":682,"url":"https:\/\/lasentinelle.dz\/wp-content\/uploads\/2023\/05\/Ministere-de-lenergie-1024x682.png","type":"image\/png"}],"author":"admin","twitter_card":"summary_large_image","twitter_misc":{"\u00c9crit par":"admin","Dur\u00e9e de lecture estim\u00e9e":"1 minute"},"schema":{"@context":"https:\/\/schema.org","@graph":[{"@type":"Article","@id":"https:\/\/lasentinelle.dz\/index.php\/2024\/11\/26\/appel-a-concurrence-algeria-bid-round-2024-ouverture-de-lacces-aux-data-rooms\/#article","isPartOf":{"@id":"https:\/\/lasentinelle.dz\/index.php\/2024\/11\/26\/appel-a-concurrence-algeria-bid-round-2024-ouverture-de-lacces-aux-data-rooms\/"},"author":{"name":"admin","@id":"https:\/\/lasentinelle.dz\/#\/schema\/person\/729ee0024f24e0b8c5ec17232f8e8b41"},"headline":"Appel \u00e0 concurrence \u00ab\u00a0Algeria Bid Round 2024\u00a0\u00bb : Ouverture de l&rsquo;acc\u00e8s aux Data rooms","datePublished":"2024-11-26T10:35:01+00:00","dateModified":"2024-11-26T10:35:02+00:00","mainEntityOfPage":{"@id":"https:\/\/lasentinelle.dz\/index.php\/2024\/11\/26\/appel-a-concurrence-algeria-bid-round-2024-ouverture-de-lacces-aux-data-rooms\/"},"wordCount":184,"commentCount":0,"publisher":{"@id":"https:\/\/lasentinelle.dz\/#organization"},"image":{"@id":"https:\/\/lasentinelle.dz\/index.php\/2024\/11\/26\/appel-a-concurrence-algeria-bid-round-2024-ouverture-de-lacces-aux-data-rooms\/#primaryimage"},"thumbnailUrl":"https:\/\/lasentinelle.dz\/wp-content\/uploads\/2023\/05\/Ministere-de-lenergie.png","articleSection":["\u00c9conomie"],"inLanguage":"fr-FR","potentialAction":[{"@type":"CommentAction","name":"Comment","target":["https:\/\/lasentinelle.dz\/index.php\/2024\/11\/26\/appel-a-concurrence-algeria-bid-round-2024-ouverture-de-lacces-aux-data-rooms\/#respond"]}]},{"@type":"WebPage","@id":"https:\/\/lasentinelle.dz\/index.php\/2024\/11\/26\/appel-a-concurrence-algeria-bid-round-2024-ouverture-de-lacces-aux-data-rooms\/","url":"https:\/\/lasentinelle.dz\/index.php\/2024\/11\/26\/appel-a-concurrence-algeria-bid-round-2024-ouverture-de-lacces-aux-data-rooms\/","name":"Appel \u00e0 concurrence \u00ab\u00a0Algeria Bid Round 2024\u00a0\u00bb : Ouverture de l&rsquo;acc\u00e8s aux Data rooms - La Sentinelle","isPartOf":{"@id":"https:\/\/lasentinelle.dz\/#website"},"primaryImageOfPage":{"@id":"https:\/\/lasentinelle.dz\/index.php\/2024\/11\/26\/appel-a-concurrence-algeria-bid-round-2024-ouverture-de-lacces-aux-data-rooms\/#primaryimage"},"image":{"@id":"https:\/\/lasentinelle.dz\/index.php\/2024\/11\/26\/appel-a-concurrence-algeria-bid-round-2024-ouverture-de-lacces-aux-data-rooms\/#primaryimage"},"thumbnailUrl":"https:\/\/lasentinelle.dz\/wp-content\/uploads\/2023\/05\/Ministere-de-lenergie.png","datePublished":"2024-11-26T10:35:01+00:00","dateModified":"2024-11-26T10:35:02+00:00","breadcrumb":{"@id":"https:\/\/lasentinelle.dz\/index.php\/2024\/11\/26\/appel-a-concurrence-algeria-bid-round-2024-ouverture-de-lacces-aux-data-rooms\/#breadcrumb"},"inLanguage":"fr-FR","potentialAction":[{"@type":"ReadAction","target":["https:\/\/lasentinelle.dz\/index.php\/2024\/11\/26\/appel-a-concurrence-algeria-bid-round-2024-ouverture-de-lacces-aux-data-rooms\/"]}]},{"@type":"ImageObject","inLanguage":"fr-FR","@id":"https:\/\/lasentinelle.dz\/index.php\/2024\/11\/26\/appel-a-concurrence-algeria-bid-round-2024-ouverture-de-lacces-aux-data-rooms\/#primaryimage","url":"https:\/\/lasentinelle.dz\/wp-content\/uploads\/2023\/05\/Ministere-de-lenergie.png","contentUrl":"https:\/\/lasentinelle.dz\/wp-content\/uploads\/2023\/05\/Ministere-de-lenergie.png","width":1352,"height":900},{"@type":"BreadcrumbList","@id":"https:\/\/lasentinelle.dz\/index.php\/2024\/11\/26\/appel-a-concurrence-algeria-bid-round-2024-ouverture-de-lacces-aux-data-rooms\/#breadcrumb","itemListElement":[{"@type":"ListItem","position":1,"name":"Accueil","item":"https:\/\/lasentinelle.dz\/"},{"@type":"ListItem","position":2,"name":"Appel \u00e0 concurrence \u00ab\u00a0Algeria Bid Round 2024\u00a0\u00bb : Ouverture de l&rsquo;acc\u00e8s aux Data rooms"}]},{"@type":"WebSite","@id":"https:\/\/lasentinelle.dz\/#website","url":"https:\/\/lasentinelle.dz\/","name":"La Sentinelle","description":"Quotidien national d&#039;information","publisher":{"@id":"https:\/\/lasentinelle.dz\/#organization"},"potentialAction":[{"@type":"SearchAction","target":{"@type":"EntryPoint","urlTemplate":"https:\/\/lasentinelle.dz\/?s={search_term_string}"},"query-input":{"@type":"PropertyValueSpecification","valueRequired":true,"valueName":"search_term_string"}}],"inLanguage":"fr-FR"},{"@type":"Organization","@id":"https:\/\/lasentinelle.dz\/#organization","name":"Quotidien La Sentinelle","url":"https:\/\/lasentinelle.dz\/","logo":{"@type":"ImageObject","inLanguage":"fr-FR","@id":"https:\/\/lasentinelle.dz\/#\/schema\/logo\/image\/","url":"https:\/\/lasentinelle.dz\/wp-content\/uploads\/2021\/09\/logo-sentinelleSLOGAN-1.png","contentUrl":"https:\/\/lasentinelle.dz\/wp-content\/uploads\/2021\/09\/logo-sentinelleSLOGAN-1.png","width":615,"height":142,"caption":"Quotidien La Sentinelle"},"image":{"@id":"https:\/\/lasentinelle.dz\/#\/schema\/logo\/image\/"},"sameAs":["https:\/\/www.facebook.com\/La-Sentinelle-104059864394773"]},{"@type":"Person","@id":"https:\/\/lasentinelle.dz\/#\/schema\/person\/729ee0024f24e0b8c5ec17232f8e8b41","name":"admin","image":{"@type":"ImageObject","inLanguage":"fr-FR","@id":"https:\/\/secure.gravatar.com\/avatar\/4c81fed838786e9b53f540bf46533e750f5d292099ae3b66cfc6fb1982e29df7?s=96&d=mm&r=g","url":"https:\/\/secure.gravatar.com\/avatar\/4c81fed838786e9b53f540bf46533e750f5d292099ae3b66cfc6fb1982e29df7?s=96&d=mm&r=g","contentUrl":"https:\/\/secure.gravatar.com\/avatar\/4c81fed838786e9b53f540bf46533e750f5d292099ae3b66cfc6fb1982e29df7?s=96&d=mm&r=g","caption":"admin"},"description":"admin","url":"https:\/\/lasentinelle.dz\/author\/admin\/"}]}},"_links":{"self":[{"href":"https:\/\/lasentinelle.dz\/index.php\/wp-json\/wp\/v2\/posts\/59805","targetHints":{"allow":["GET"]}}],"collection":[{"href":"https:\/\/lasentinelle.dz\/index.php\/wp-json\/wp\/v2\/posts"}],"about":[{"href":"https:\/\/lasentinelle.dz\/index.php\/wp-json\/wp\/v2\/types\/post"}],"author":[{"embeddable":true,"href":"https:\/\/lasentinelle.dz\/index.php\/wp-json\/wp\/v2\/users\/6"}],"replies":[{"embeddable":true,"href":"https:\/\/lasentinelle.dz\/index.php\/wp-json\/wp\/v2\/comments?post=59805"}],"version-history":[{"count":2,"href":"https:\/\/lasentinelle.dz\/index.php\/wp-json\/wp\/v2\/posts\/59805\/revisions"}],"predecessor-version":[{"id":59807,"href":"https:\/\/lasentinelle.dz\/index.php\/wp-json\/wp\/v2\/posts\/59805\/revisions\/59807"}],"wp:featuredmedia":[{"embeddable":true,"href":"https:\/\/lasentinelle.dz\/index.php\/wp-json\/wp\/v2\/media\/41259"}],"wp:attachment":[{"href":"https:\/\/lasentinelle.dz\/index.php\/wp-json\/wp\/v2\/media?parent=59805"}],"wp:term":[{"taxonomy":"category","embeddable":true,"href":"https:\/\/lasentinelle.dz\/index.php\/wp-json\/wp\/v2\/categories?post=59805"},{"taxonomy":"post_tag","embeddable":true,"href":"https:\/\/lasentinelle.dz\/index.php\/wp-json\/wp\/v2\/tags?post=59805"}],"curies":[{"name":"wp","href":"https:\/\/api.w.org\/{rel}","templated":true}]}}