{"id":59817,"date":"2024-11-26T11:40:13","date_gmt":"2024-11-26T10:40:13","guid":{"rendered":"https:\/\/lasentinelle.dz\/?p=59817"},"modified":"2024-11-26T11:40:14","modified_gmt":"2024-11-26T10:40:14","slug":"lutte-contre-les-feux-de-forets-des-resultats-exceptionnels-en-2024","status":"publish","type":"post","link":"https:\/\/lasentinelle.dz\/index.php\/2024\/11\/26\/lutte-contre-les-feux-de-forets-des-resultats-exceptionnels-en-2024\/","title":{"rendered":"Lutte contre les feux de for\u00eats: Des r\u00e9sultats exceptionnels en 2024"},"content":{"rendered":"\n<p>L&rsquo;ann\u00e9e 2024 a \u00e9t\u00e9 marqu\u00e9 par des r\u00e9sultats probants la lutte contre les incendies de for\u00eats en Alg\u00e9rie, qui tranchent radicalement avec les ann\u00e9es pr\u00e9c\u00e9dentes. Abdelghani Boumessoud, inspecteur g\u00e9n\u00e9ral \u00e0 la Direction g\u00e9n\u00e9rale des for\u00eats (DGF), a ainsi soulign\u00e9 hier lors d\u2019une intervention sur les ondes de la Radio alg\u00e9rienne que \u00ab\u00a0c&rsquo;est l&rsquo;ann\u00e9e o\u00f9 nous avons enregistr\u00e9 le moins d&rsquo;incendies depuis l&rsquo;ind\u00e9pendance\u00a0\u00bb. Les chiffres parlent d&rsquo;eux-m\u00eames : seulement 3.484 hectares d\u00e9truits, r\u00e9partis sur 732 foyers dans 35 wilayas, contre plus de 38.000 hectares ravag\u00e9s en 2023. Cette performance remarquable r\u00e9sulte d&rsquo;une strat\u00e9gie pr\u00e9ventive novatrice et d&rsquo;une mobilisation sans pr\u00e9c\u00e9dent de tous les acteurs concern\u00e9s. Le dispositif national de lutte contre les incendies, mis en place exceptionnellement d\u00e8s mai 2024 en raison de conditions m\u00e9t\u00e9orologiques \u00ab\u00a0particuli\u00e8res\u00a0\u00bb, a d\u00e9montr\u00e9 son efficacit\u00e9. \u00ab\u00a0Les op\u00e9rations pr\u00e9ventives men\u00e9es par les diff\u00e9rents services, tels que Sonelgaz, la DGF, les directions des travaux publics, les collectivit\u00e9s locales et les exploitations agricoles, ainsi que la mobilisation des moyens a\u00e9riens, ont permis de r\u00e9duire de mani\u00e8re significative les incendies de for\u00eat\u00a0\u00bb, souligne Boumessoud. Malgr\u00e9 des temp\u00e9ratures record et un climat caniculaire durant la saison estivale, le nouveau dispositif \u00e9labor\u00e9 par la Commission nationale de protection des for\u00eats (CNPF) a prouv\u00e9 son efficacit\u00e9. Les moyens a\u00e9riens ont jou\u00e9 un r\u00f4le crucial, \u00ab\u00a0sans lesquels cet exploit n&rsquo;aurait pas \u00e9t\u00e9 possible\u00a0\u00bb, pr\u00e9cise l&rsquo;inspecteur. Cette strat\u00e9gie pr\u00e9ventive marque un changement de paradigme dans la gestion des risques forestiers, privil\u00e9giant l&rsquo;anticipation \u00e0 la r\u00e9action. Boumessoud insiste sur l&rsquo;importance de reconduire ce dispositif et de renforcer les op\u00e9rations pr\u00e9ventives, consid\u00e9r\u00e9es comme \u00ab\u00a0plus importantes que les op\u00e9rations de lutte\u00a0\u00bb. La r\u00e9duction significative des surfaces br\u00fbl\u00e9es repr\u00e9sente un succ\u00e8s majeur pour la pr\u00e9servation du patrimoine forestier alg\u00e9rien, \u00e9cosyst\u00e8me fragile et crucial pour l&rsquo;environnement national. Ce r\u00e9sultat t\u00e9moigne de la capacit\u00e9 des autorit\u00e9s \u00e0 d\u00e9velopper des approches innovantes et collaboratives face aux d\u00e9fis environnementaux, notamment dans un contexte de changement climatique o\u00f9 les risques d&rsquo;incendies sont de plus en plus \u00e9lev\u00e9s. La mobilisation collective, l&rsquo;anticipation et l&rsquo;utilisation de moyens technologiques modernes ont permis de prot\u00e9ger efficacement les for\u00eats alg\u00e9riennes, ouvrant la voie \u00e0 une gestion plus r\u00e9siliente et durable des ressources naturelles du pays.<\/p>\n\n\n\n<p>Chokri Hafed<\/p>\n","protected":false},"excerpt":{"rendered":"<p>L&rsquo;ann\u00e9e 2024 a \u00e9t\u00e9 marqu\u00e9 par des r\u00e9sultats probants la lutte contre les incendies de for\u00eats en Alg\u00e9rie, qui tranchent<\/p>\n","protected":false},"author":6,"featured_media":42834,"comment_status":"open","ping_status":"closed","sticky":false,"template":"","format":"standard","meta":{"colormag_page_container_layout":"default_layout","colormag_page_sidebar_layout":"default_layout","om_disable_all_campaigns":false,"_monsterinsights_skip_tracking":false,"_monsterinsights_sitenote_active":false,"_monsterinsights_sitenote_note":"","_monsterinsights_sitenote_category":0,"footnotes":"","_wpscppro_dont_share_socialmedia":false,"_wpscppro_custom_social_share_image":0,"_facebook_share_type":"default","_twitter_share_type":"default","_linkedin_share_type":"default","_pinterest_share_type":"default","_linkedin_share_type_page":"","_instagram_share_type":"default","_medium_share_type":"default","_threads_share_type":"","_google_business_share_type":"","_selected_social_profile":[],"_wpsp_enable_custom_social_template":false,"_wpsp_social_scheduling":{"enabled":false,"datetime":null,"platforms":[],"status":"template_only","dateOption":"today","timeOption":"now","customDays":"","customHours":"","customDate":"","customTime":"","schedulingType":"absolute"},"_wpsp_active_default_template":true},"categories":[27],"tags":[],"class_list":["post-59817","post","type-post","status-publish","format-standard","has-post-thumbnail","hentry","category-actualite"],"aioseo_notices":[],"yoast_head":"<!-- This site is optimized with the Yoast SEO plugin v27.4 - https:\/\/yoast.com\/product\/yoast-seo-wordpress\/ -->\n<title>Lutte contre les feux de for\u00eats: Des r\u00e9sultats exceptionnels en 2024 - La Sentinelle<\/title>\n<meta name=\"robots\" content=\"index, follow, max-snippet:-1, max-image-preview:large, max-video-preview:-1\" \/>\n<link rel=\"canonical\" href=\"https:\/\/lasentinelle.dz\/index.php\/2024\/11\/26\/lutte-contre-les-feux-de-forets-des-resultats-exceptionnels-en-2024\/\" \/>\n<meta property=\"og:locale\" content=\"fr_FR\" \/>\n<meta property=\"og:type\" content=\"article\" \/>\n<meta property=\"og:title\" content=\"Lutte contre les feux de for\u00eats: Des r\u00e9sultats exceptionnels en 2024 - La Sentinelle\" \/>\n<meta property=\"og:description\" content=\"L&rsquo;ann\u00e9e 2024 a \u00e9t\u00e9 marqu\u00e9 par des r\u00e9sultats probants la lutte contre les incendies de for\u00eats en Alg\u00e9rie, qui tranchent\" \/>\n<meta property=\"og:url\" content=\"https:\/\/lasentinelle.dz\/index.php\/2024\/11\/26\/lutte-contre-les-feux-de-forets-des-resultats-exceptionnels-en-2024\/\" \/>\n<meta property=\"og:site_name\" content=\"La Sentinelle\" \/>\n<meta property=\"article:publisher\" content=\"https:\/\/www.facebook.com\/La-Sentinelle-104059864394773\" \/>\n<meta property=\"article:published_time\" content=\"2024-11-26T10:40:13+00:00\" \/>\n<meta property=\"article:modified_time\" content=\"2024-11-26T10:40:14+00:00\" \/>\n<meta property=\"og:image\" content=\"https:\/\/lasentinelle.dz\/wp-content\/uploads\/2023\/06\/feux.jpeg\" \/>\n\t<meta property=\"og:image:width\" content=\"864\" \/>\n\t<meta property=\"og:image:height\" content=\"486\" \/>\n\t<meta property=\"og:image:type\" content=\"image\/jpeg\" \/>\n<meta name=\"author\" content=\"admin\" \/>\n<meta name=\"twitter:card\" content=\"summary_large_image\" \/>\n<meta name=\"twitter:label1\" content=\"\u00c9crit par\" \/>\n\t<meta name=\"twitter:data1\" content=\"admin\" \/>\n\t<meta name=\"twitter:label2\" content=\"Dur\u00e9e de lecture estim\u00e9e\" \/>\n\t<meta name=\"twitter:data2\" content=\"3 minutes\" \/>\n<script type=\"application\/ld+json\" class=\"yoast-schema-graph\">{\"@context\":\"https:\\\/\\\/schema.org\",\"@graph\":[{\"@type\":\"Article\",\"@id\":\"https:\\\/\\\/lasentinelle.dz\\\/index.php\\\/2024\\\/11\\\/26\\\/lutte-contre-les-feux-de-forets-des-resultats-exceptionnels-en-2024\\\/#article\",\"isPartOf\":{\"@id\":\"https:\\\/\\\/lasentinelle.dz\\\/index.php\\\/2024\\\/11\\\/26\\\/lutte-contre-les-feux-de-forets-des-resultats-exceptionnels-en-2024\\\/\"},\"author\":{\"name\":\"admin\",\"@id\":\"https:\\\/\\\/lasentinelle.dz\\\/#\\\/schema\\\/person\\\/729ee0024f24e0b8c5ec17232f8e8b41\"},\"headline\":\"Lutte contre les feux de for\u00eats: Des r\u00e9sultats exceptionnels en 2024\",\"datePublished\":\"2024-11-26T10:40:13+00:00\",\"dateModified\":\"2024-11-26T10:40:14+00:00\",\"mainEntityOfPage\":{\"@id\":\"https:\\\/\\\/lasentinelle.dz\\\/index.php\\\/2024\\\/11\\\/26\\\/lutte-contre-les-feux-de-forets-des-resultats-exceptionnels-en-2024\\\/\"},\"wordCount\":446,\"commentCount\":0,\"publisher\":{\"@id\":\"https:\\\/\\\/lasentinelle.dz\\\/#organization\"},\"image\":{\"@id\":\"https:\\\/\\\/lasentinelle.dz\\\/index.php\\\/2024\\\/11\\\/26\\\/lutte-contre-les-feux-de-forets-des-resultats-exceptionnels-en-2024\\\/#primaryimage\"},\"thumbnailUrl\":\"https:\\\/\\\/lasentinelle.dz\\\/wp-content\\\/uploads\\\/2023\\\/06\\\/feux.jpeg\",\"articleSection\":[\"Actualit\u00e9\"],\"inLanguage\":\"fr-FR\",\"potentialAction\":[{\"@type\":\"CommentAction\",\"name\":\"Comment\",\"target\":[\"https:\\\/\\\/lasentinelle.dz\\\/index.php\\\/2024\\\/11\\\/26\\\/lutte-contre-les-feux-de-forets-des-resultats-exceptionnels-en-2024\\\/#respond\"]}]},{\"@type\":\"WebPage\",\"@id\":\"https:\\\/\\\/lasentinelle.dz\\\/index.php\\\/2024\\\/11\\\/26\\\/lutte-contre-les-feux-de-forets-des-resultats-exceptionnels-en-2024\\\/\",\"url\":\"https:\\\/\\\/lasentinelle.dz\\\/index.php\\\/2024\\\/11\\\/26\\\/lutte-contre-les-feux-de-forets-des-resultats-exceptionnels-en-2024\\\/\",\"name\":\"Lutte contre les feux de for\u00eats: Des r\u00e9sultats exceptionnels en 2024 - La Sentinelle\",\"isPartOf\":{\"@id\":\"https:\\\/\\\/lasentinelle.dz\\\/#website\"},\"primaryImageOfPage\":{\"@id\":\"https:\\\/\\\/lasentinelle.dz\\\/index.php\\\/2024\\\/11\\\/26\\\/lutte-contre-les-feux-de-forets-des-resultats-exceptionnels-en-2024\\\/#primaryimage\"},\"image\":{\"@id\":\"https:\\\/\\\/lasentinelle.dz\\\/index.php\\\/2024\\\/11\\\/26\\\/lutte-contre-les-feux-de-forets-des-resultats-exceptionnels-en-2024\\\/#primaryimage\"},\"thumbnailUrl\":\"https:\\\/\\\/lasentinelle.dz\\\/wp-content\\\/uploads\\\/2023\\\/06\\\/feux.jpeg\",\"datePublished\":\"2024-11-26T10:40:13+00:00\",\"dateModified\":\"2024-11-26T10:40:14+00:00\",\"breadcrumb\":{\"@id\":\"https:\\\/\\\/lasentinelle.dz\\\/index.php\\\/2024\\\/11\\\/26\\\/lutte-contre-les-feux-de-forets-des-resultats-exceptionnels-en-2024\\\/#breadcrumb\"},\"inLanguage\":\"fr-FR\",\"potentialAction\":[{\"@type\":\"ReadAction\",\"target\":[\"https:\\\/\\\/lasentinelle.dz\\\/index.php\\\/2024\\\/11\\\/26\\\/lutte-contre-les-feux-de-forets-des-resultats-exceptionnels-en-2024\\\/\"]}]},{\"@type\":\"ImageObject\",\"inLanguage\":\"fr-FR\",\"@id\":\"https:\\\/\\\/lasentinelle.dz\\\/index.php\\\/2024\\\/11\\\/26\\\/lutte-contre-les-feux-de-forets-des-resultats-exceptionnels-en-2024\\\/#primaryimage\",\"url\":\"https:\\\/\\\/lasentinelle.dz\\\/wp-content\\\/uploads\\\/2023\\\/06\\\/feux.jpeg\",\"contentUrl\":\"https:\\\/\\\/lasentinelle.dz\\\/wp-content\\\/uploads\\\/2023\\\/06\\\/feux.jpeg\",\"width\":864,\"height\":486},{\"@type\":\"BreadcrumbList\",\"@id\":\"https:\\\/\\\/lasentinelle.dz\\\/index.php\\\/2024\\\/11\\\/26\\\/lutte-contre-les-feux-de-forets-des-resultats-exceptionnels-en-2024\\\/#breadcrumb\",\"itemListElement\":[{\"@type\":\"ListItem\",\"position\":1,\"name\":\"Accueil\",\"item\":\"https:\\\/\\\/lasentinelle.dz\\\/\"},{\"@type\":\"ListItem\",\"position\":2,\"name\":\"Lutte contre les feux de for\u00eats: Des r\u00e9sultats exceptionnels en 2024\"}]},{\"@type\":\"WebSite\",\"@id\":\"https:\\\/\\\/lasentinelle.dz\\\/#website\",\"url\":\"https:\\\/\\\/lasentinelle.dz\\\/\",\"name\":\"La Sentinelle\",\"description\":\"Quotidien national d&#039;information\",\"publisher\":{\"@id\":\"https:\\\/\\\/lasentinelle.dz\\\/#organization\"},\"potentialAction\":[{\"@type\":\"SearchAction\",\"target\":{\"@type\":\"EntryPoint\",\"urlTemplate\":\"https:\\\/\\\/lasentinelle.dz\\\/?s={search_term_string}\"},\"query-input\":{\"@type\":\"PropertyValueSpecification\",\"valueRequired\":true,\"valueName\":\"search_term_string\"}}],\"inLanguage\":\"fr-FR\"},{\"@type\":\"Organization\",\"@id\":\"https:\\\/\\\/lasentinelle.dz\\\/#organization\",\"name\":\"Quotidien La Sentinelle\",\"url\":\"https:\\\/\\\/lasentinelle.dz\\\/\",\"logo\":{\"@type\":\"ImageObject\",\"inLanguage\":\"fr-FR\",\"@id\":\"https:\\\/\\\/lasentinelle.dz\\\/#\\\/schema\\\/logo\\\/image\\\/\",\"url\":\"https:\\\/\\\/lasentinelle.dz\\\/wp-content\\\/uploads\\\/2021\\\/09\\\/logo-sentinelleSLOGAN-1.png\",\"contentUrl\":\"https:\\\/\\\/lasentinelle.dz\\\/wp-content\\\/uploads\\\/2021\\\/09\\\/logo-sentinelleSLOGAN-1.png\",\"width\":615,\"height\":142,\"caption\":\"Quotidien La Sentinelle\"},\"image\":{\"@id\":\"https:\\\/\\\/lasentinelle.dz\\\/#\\\/schema\\\/logo\\\/image\\\/\"},\"sameAs\":[\"https:\\\/\\\/www.facebook.com\\\/La-Sentinelle-104059864394773\"]},{\"@type\":\"Person\",\"@id\":\"https:\\\/\\\/lasentinelle.dz\\\/#\\\/schema\\\/person\\\/729ee0024f24e0b8c5ec17232f8e8b41\",\"name\":\"admin\",\"image\":{\"@type\":\"ImageObject\",\"inLanguage\":\"fr-FR\",\"@id\":\"https:\\\/\\\/secure.gravatar.com\\\/avatar\\\/4c81fed838786e9b53f540bf46533e750f5d292099ae3b66cfc6fb1982e29df7?s=96&d=mm&r=g\",\"url\":\"https:\\\/\\\/secure.gravatar.com\\\/avatar\\\/4c81fed838786e9b53f540bf46533e750f5d292099ae3b66cfc6fb1982e29df7?s=96&d=mm&r=g\",\"contentUrl\":\"https:\\\/\\\/secure.gravatar.com\\\/avatar\\\/4c81fed838786e9b53f540bf46533e750f5d292099ae3b66cfc6fb1982e29df7?s=96&d=mm&r=g\",\"caption\":\"admin\"},\"description\":\"admin\",\"url\":\"https:\\\/\\\/lasentinelle.dz\\\/author\\\/admin\\\/\"}]}<\/script>\n<!-- \/ Yoast SEO plugin. -->","yoast_head_json":{"title":"Lutte contre les feux de for\u00eats: Des r\u00e9sultats exceptionnels en 2024 - La Sentinelle","robots":{"index":"index","follow":"follow","max-snippet":"max-snippet:-1","max-image-preview":"max-image-preview:large","max-video-preview":"max-video-preview:-1"},"canonical":"https:\/\/lasentinelle.dz\/index.php\/2024\/11\/26\/lutte-contre-les-feux-de-forets-des-resultats-exceptionnels-en-2024\/","og_locale":"fr_FR","og_type":"article","og_title":"Lutte contre les feux de for\u00eats: Des r\u00e9sultats exceptionnels en 2024 - La Sentinelle","og_description":"L&rsquo;ann\u00e9e 2024 a \u00e9t\u00e9 marqu\u00e9 par des r\u00e9sultats probants la lutte contre les incendies de for\u00eats en Alg\u00e9rie, qui tranchent","og_url":"https:\/\/lasentinelle.dz\/index.php\/2024\/11\/26\/lutte-contre-les-feux-de-forets-des-resultats-exceptionnels-en-2024\/","og_site_name":"La Sentinelle","article_publisher":"https:\/\/www.facebook.com\/La-Sentinelle-104059864394773","article_published_time":"2024-11-26T10:40:13+00:00","article_modified_time":"2024-11-26T10:40:14+00:00","og_image":[{"width":864,"height":486,"url":"https:\/\/lasentinelle.dz\/wp-content\/uploads\/2023\/06\/feux.jpeg","type":"image\/jpeg"}],"author":"admin","twitter_card":"summary_large_image","twitter_misc":{"\u00c9crit par":"admin","Dur\u00e9e de lecture estim\u00e9e":"3 minutes"},"schema":{"@context":"https:\/\/schema.org","@graph":[{"@type":"Article","@id":"https:\/\/lasentinelle.dz\/index.php\/2024\/11\/26\/lutte-contre-les-feux-de-forets-des-resultats-exceptionnels-en-2024\/#article","isPartOf":{"@id":"https:\/\/lasentinelle.dz\/index.php\/2024\/11\/26\/lutte-contre-les-feux-de-forets-des-resultats-exceptionnels-en-2024\/"},"author":{"name":"admin","@id":"https:\/\/lasentinelle.dz\/#\/schema\/person\/729ee0024f24e0b8c5ec17232f8e8b41"},"headline":"Lutte contre les feux de for\u00eats: Des r\u00e9sultats exceptionnels en 2024","datePublished":"2024-11-26T10:40:13+00:00","dateModified":"2024-11-26T10:40:14+00:00","mainEntityOfPage":{"@id":"https:\/\/lasentinelle.dz\/index.php\/2024\/11\/26\/lutte-contre-les-feux-de-forets-des-resultats-exceptionnels-en-2024\/"},"wordCount":446,"commentCount":0,"publisher":{"@id":"https:\/\/lasentinelle.dz\/#organization"},"image":{"@id":"https:\/\/lasentinelle.dz\/index.php\/2024\/11\/26\/lutte-contre-les-feux-de-forets-des-resultats-exceptionnels-en-2024\/#primaryimage"},"thumbnailUrl":"https:\/\/lasentinelle.dz\/wp-content\/uploads\/2023\/06\/feux.jpeg","articleSection":["Actualit\u00e9"],"inLanguage":"fr-FR","potentialAction":[{"@type":"CommentAction","name":"Comment","target":["https:\/\/lasentinelle.dz\/index.php\/2024\/11\/26\/lutte-contre-les-feux-de-forets-des-resultats-exceptionnels-en-2024\/#respond"]}]},{"@type":"WebPage","@id":"https:\/\/lasentinelle.dz\/index.php\/2024\/11\/26\/lutte-contre-les-feux-de-forets-des-resultats-exceptionnels-en-2024\/","url":"https:\/\/lasentinelle.dz\/index.php\/2024\/11\/26\/lutte-contre-les-feux-de-forets-des-resultats-exceptionnels-en-2024\/","name":"Lutte contre les feux de for\u00eats: Des r\u00e9sultats exceptionnels en 2024 - La Sentinelle","isPartOf":{"@id":"https:\/\/lasentinelle.dz\/#website"},"primaryImageOfPage":{"@id":"https:\/\/lasentinelle.dz\/index.php\/2024\/11\/26\/lutte-contre-les-feux-de-forets-des-resultats-exceptionnels-en-2024\/#primaryimage"},"image":{"@id":"https:\/\/lasentinelle.dz\/index.php\/2024\/11\/26\/lutte-contre-les-feux-de-forets-des-resultats-exceptionnels-en-2024\/#primaryimage"},"thumbnailUrl":"https:\/\/lasentinelle.dz\/wp-content\/uploads\/2023\/06\/feux.jpeg","datePublished":"2024-11-26T10:40:13+00:00","dateModified":"2024-11-26T10:40:14+00:00","breadcrumb":{"@id":"https:\/\/lasentinelle.dz\/index.php\/2024\/11\/26\/lutte-contre-les-feux-de-forets-des-resultats-exceptionnels-en-2024\/#breadcrumb"},"inLanguage":"fr-FR","potentialAction":[{"@type":"ReadAction","target":["https:\/\/lasentinelle.dz\/index.php\/2024\/11\/26\/lutte-contre-les-feux-de-forets-des-resultats-exceptionnels-en-2024\/"]}]},{"@type":"ImageObject","inLanguage":"fr-FR","@id":"https:\/\/lasentinelle.dz\/index.php\/2024\/11\/26\/lutte-contre-les-feux-de-forets-des-resultats-exceptionnels-en-2024\/#primaryimage","url":"https:\/\/lasentinelle.dz\/wp-content\/uploads\/2023\/06\/feux.jpeg","contentUrl":"https:\/\/lasentinelle.dz\/wp-content\/uploads\/2023\/06\/feux.jpeg","width":864,"height":486},{"@type":"BreadcrumbList","@id":"https:\/\/lasentinelle.dz\/index.php\/2024\/11\/26\/lutte-contre-les-feux-de-forets-des-resultats-exceptionnels-en-2024\/#breadcrumb","itemListElement":[{"@type":"ListItem","position":1,"name":"Accueil","item":"https:\/\/lasentinelle.dz\/"},{"@type":"ListItem","position":2,"name":"Lutte contre les feux de for\u00eats: Des r\u00e9sultats exceptionnels en 2024"}]},{"@type":"WebSite","@id":"https:\/\/lasentinelle.dz\/#website","url":"https:\/\/lasentinelle.dz\/","name":"La Sentinelle","description":"Quotidien national d&#039;information","publisher":{"@id":"https:\/\/lasentinelle.dz\/#organization"},"potentialAction":[{"@type":"SearchAction","target":{"@type":"EntryPoint","urlTemplate":"https:\/\/lasentinelle.dz\/?s={search_term_string}"},"query-input":{"@type":"PropertyValueSpecification","valueRequired":true,"valueName":"search_term_string"}}],"inLanguage":"fr-FR"},{"@type":"Organization","@id":"https:\/\/lasentinelle.dz\/#organization","name":"Quotidien La Sentinelle","url":"https:\/\/lasentinelle.dz\/","logo":{"@type":"ImageObject","inLanguage":"fr-FR","@id":"https:\/\/lasentinelle.dz\/#\/schema\/logo\/image\/","url":"https:\/\/lasentinelle.dz\/wp-content\/uploads\/2021\/09\/logo-sentinelleSLOGAN-1.png","contentUrl":"https:\/\/lasentinelle.dz\/wp-content\/uploads\/2021\/09\/logo-sentinelleSLOGAN-1.png","width":615,"height":142,"caption":"Quotidien La Sentinelle"},"image":{"@id":"https:\/\/lasentinelle.dz\/#\/schema\/logo\/image\/"},"sameAs":["https:\/\/www.facebook.com\/La-Sentinelle-104059864394773"]},{"@type":"Person","@id":"https:\/\/lasentinelle.dz\/#\/schema\/person\/729ee0024f24e0b8c5ec17232f8e8b41","name":"admin","image":{"@type":"ImageObject","inLanguage":"fr-FR","@id":"https:\/\/secure.gravatar.com\/avatar\/4c81fed838786e9b53f540bf46533e750f5d292099ae3b66cfc6fb1982e29df7?s=96&d=mm&r=g","url":"https:\/\/secure.gravatar.com\/avatar\/4c81fed838786e9b53f540bf46533e750f5d292099ae3b66cfc6fb1982e29df7?s=96&d=mm&r=g","contentUrl":"https:\/\/secure.gravatar.com\/avatar\/4c81fed838786e9b53f540bf46533e750f5d292099ae3b66cfc6fb1982e29df7?s=96&d=mm&r=g","caption":"admin"},"description":"admin","url":"https:\/\/lasentinelle.dz\/author\/admin\/"}]}},"_links":{"self":[{"href":"https:\/\/lasentinelle.dz\/index.php\/wp-json\/wp\/v2\/posts\/59817","targetHints":{"allow":["GET"]}}],"collection":[{"href":"https:\/\/lasentinelle.dz\/index.php\/wp-json\/wp\/v2\/posts"}],"about":[{"href":"https:\/\/lasentinelle.dz\/index.php\/wp-json\/wp\/v2\/types\/post"}],"author":[{"embeddable":true,"href":"https:\/\/lasentinelle.dz\/index.php\/wp-json\/wp\/v2\/users\/6"}],"replies":[{"embeddable":true,"href":"https:\/\/lasentinelle.dz\/index.php\/wp-json\/wp\/v2\/comments?post=59817"}],"version-history":[{"count":1,"href":"https:\/\/lasentinelle.dz\/index.php\/wp-json\/wp\/v2\/posts\/59817\/revisions"}],"predecessor-version":[{"id":59818,"href":"https:\/\/lasentinelle.dz\/index.php\/wp-json\/wp\/v2\/posts\/59817\/revisions\/59818"}],"wp:featuredmedia":[{"embeddable":true,"href":"https:\/\/lasentinelle.dz\/index.php\/wp-json\/wp\/v2\/media\/42834"}],"wp:attachment":[{"href":"https:\/\/lasentinelle.dz\/index.php\/wp-json\/wp\/v2\/media?parent=59817"}],"wp:term":[{"taxonomy":"category","embeddable":true,"href":"https:\/\/lasentinelle.dz\/index.php\/wp-json\/wp\/v2\/categories?post=59817"},{"taxonomy":"post_tag","embeddable":true,"href":"https:\/\/lasentinelle.dz\/index.php\/wp-json\/wp\/v2\/tags?post=59817"}],"curies":[{"name":"wp","href":"https:\/\/api.w.org\/{rel}","templated":true}]}}