{"id":59819,"date":"2024-11-26T11:41:26","date_gmt":"2024-11-26T10:41:26","guid":{"rendered":"https:\/\/lasentinelle.dz\/?p=59819"},"modified":"2024-11-26T11:41:27","modified_gmt":"2024-11-26T10:41:27","slug":"ligne-miniere-bechar-tindouf-le-projet-livre-avant-les-delais-en-mars-2026","status":"publish","type":"post","link":"https:\/\/lasentinelle.dz\/index.php\/2024\/11\/26\/ligne-miniere-bechar-tindouf-le-projet-livre-avant-les-delais-en-mars-2026\/","title":{"rendered":"Ligne mini\u00e8re B\u00e9char-Tindouf: Le projet livr\u00e9 avant les d\u00e9lais en mars 2026"},"content":{"rendered":"\n<p>La ligne ferroviaire mini\u00e8re ouest reliant B\u00e9char \u00e0 Gara Djebilet, un projet d&rsquo;envergure de 950 kilom\u00e8tres, se trouve actuellement dans une phase de d\u00e9veloppement particuli\u00e8rement dynamique, comme l&rsquo;a confirm\u00e9 Abdelkader Mazar, directeur de la communication \u00e0 l&rsquo;Anesrif, lors de sa participation \u00e0 la 20\u00e8me \u00e9dition du Salon international des travaux publics. L&rsquo;Agence nationale d&rsquo;\u00e9tudes et de suivi de la r\u00e9alisation des investissements ferroviaires affiche une confiance manifeste quant \u00e0 la livraison anticip\u00e9e du projet, initialement programm\u00e9e pour mars 2026. Les travaux progressent \u00e0 un rythme soutenu sur les trois tron\u00e7ons principaux, permettant d&rsquo;envisager une r\u00e9alisation avant l&rsquo;\u00e9ch\u00e9ance contractuelle. Le projet, dont la premi\u00e8re pierre a \u00e9t\u00e9 pos\u00e9e par le pr\u00e9sident de la R\u00e9publique en novembre 2023, repr\u00e9sente l&rsquo;un des m\u00e9gaprojets structurants que l&rsquo;Alg\u00e9rie entend d\u00e9velopper, ouvrant de nouvelles perspectives de d\u00e9veloppement par la valorisation des ressources mini\u00e8res. Les entreprises charg\u00e9es de la construction ont pratiquement termin\u00e9 les phases pr\u00e9liminaires d&rsquo;ouverture et de terrassement des diff\u00e9rents segments, ouvrant ainsi la voie \u00e0 l&rsquo;installation des rails. Une innovation technologique majeure se distingue dans ce projet : la production de traverses en b\u00e9ton pr\u00e9contraint, une premi\u00e8re en Alg\u00e9rie. Ces traverses remarquables, longues de 2,6 m\u00e8tres, sont con\u00e7ues pour supporter des charges impressionnantes de 32,5 tonnes et des convois ferroviaires pouvant atteindre 2,5 kilom\u00e8tres de long. La capacit\u00e9 de production est particuli\u00e8rement significative, atteignant 5 400 unit\u00e9s quotidiennes r\u00e9parties sur quatre unit\u00e9s de production. Trois entit\u00e9s nationales &#8211; Infrarail, Infrafer et Cosider &#8211; produisent respectivement 800 traverses par jour, tandis que la soci\u00e9t\u00e9 chinoise CRCC assure une production quotidienne de 3 000 unit\u00e9s. Le projet se d\u00e9compose en trois tron\u00e7ons strat\u00e9giques : le premier, long de 200 kilom\u00e8tres, relie B\u00e9char \u00e0 la limite de la wilaya de B\u00e9ni Abb\u00e8s et est r\u00e9alis\u00e9 par un consortium d&rsquo;entreprises publiques. Le deuxi\u00e8me segment, d&rsquo;une longueur de 175 kilom\u00e8tres, s&rsquo;\u00e9tend entre Oum El Assel et Tindouf, \u00e9galement confi\u00e9 \u00e0 un consortium public. Le troisi\u00e8me tron\u00e7on, le plus long avec 575 kilom\u00e8tres, est supervis\u00e9 par un consortium dirig\u00e9 par l&rsquo;entreprise chinoise CRCC. Ce segment se subdivise en deux parties : 440 kilom\u00e8tres du point kilom\u00e9trique 200 jusqu&rsquo;\u00e0 Oum El Assel, et 135 kilom\u00e8tres reliant Tindouf au site minier de Gara Djebilet. Ana Chen, directrice g\u00e9n\u00e9rale adjointe du d\u00e9veloppement des projets r\u00e9gionaux pour l&rsquo;Afrique du Nord chez CRCC, a personnellement confirm\u00e9 l&rsquo;ach\u00e8vement du tron\u00e7on Tindouf-Gara Djebilet pour l&rsquo;ann\u00e9e 2025. Pour assurer la rapidit\u00e9 des travaux, la soci\u00e9t\u00e9 chinoise CRCC a d\u00e9ploy\u00e9 des moyens consid\u00e9rables, notamment une unit\u00e9 de fabrication de traverses en b\u00e9ton d&rsquo;une capacit\u00e9 de 3 000 unit\u00e9s par jour, ainsi que des unit\u00e9s de production de ballast permettant d&rsquo;atteindre 100 000 tonnes par jour d\u00e8s d\u00e9cembre prochain. L&rsquo;entreprise a mobilis\u00e9 plus de 1 600 \u00e9quipements lourds et 3 500 employ\u00e9s alg\u00e9riens pour l&rsquo;ex\u00e9cution du projet. Au-del\u00e0 de ce projet, l&rsquo;Anesrif poursuit simultan\u00e9ment d&rsquo;autres initiatives ferroviaires majeures. La ligne des Hauts-Plateaux, reliant T\u00e9bessa \u00e0 l&rsquo;est et Sidi Bel Abb\u00e8s \u00e0 l&rsquo;ouest, a vu la plupart de ses segments se concr\u00e9tiser, avec le dernier tron\u00e7on entre Tissemsilt et l&rsquo;ouest de la wilaya de Tiaret r\u00e9cemment lanc\u00e9. Parall\u00e8lement, la ligne Touggourt-Hassi Messaoud, longue de 154 kilom\u00e8tres, progresse de mani\u00e8re significative. Ce projet comprend la construction de gares modernes strat\u00e9giquement positionn\u00e9es \u00e0 Touggourt, dans la nouvelle ville de Hassi Messaoud et au p\u00f4le p\u00e9trolier, tous situ\u00e9s dans la wilaya de Ouargla. L&rsquo;ensemble de ces r\u00e9alisations t\u00e9moigne de l&rsquo;ambition de moderniser et d\u00e9velopper son r\u00e9seau ferroviaire, en int\u00e9grant des technologies innovantes et en collaborant avec des partenaires internationaux comme l&rsquo;entreprise chinoise CRCC.<\/p>\n\n\n\n<p>Lyna Larbi<\/p>\n","protected":false},"excerpt":{"rendered":"<p>La ligne ferroviaire mini\u00e8re ouest reliant B\u00e9char \u00e0 Gara Djebilet, un projet d&rsquo;envergure de 950 kilom\u00e8tres, se trouve actuellement dans<\/p>\n","protected":false},"author":6,"featured_media":59820,"comment_status":"open","ping_status":"closed","sticky":false,"template":"","format":"standard","meta":{"colormag_page_container_layout":"default_layout","colormag_page_sidebar_layout":"default_layout","om_disable_all_campaigns":false,"_monsterinsights_skip_tracking":false,"_monsterinsights_sitenote_active":false,"_monsterinsights_sitenote_note":"","_monsterinsights_sitenote_category":0,"footnotes":"","_wpscppro_dont_share_socialmedia":false,"_wpscppro_custom_social_share_image":0,"_facebook_share_type":"default","_twitter_share_type":"default","_linkedin_share_type":"default","_pinterest_share_type":"default","_linkedin_share_type_page":"","_instagram_share_type":"default","_medium_share_type":"default","_threads_share_type":"","_google_business_share_type":"","_selected_social_profile":[],"_wpsp_enable_custom_social_template":false,"_wpsp_social_scheduling":{"enabled":false,"datetime":null,"platforms":[],"status":"template_only","dateOption":"today","timeOption":"now","customDays":"","customHours":"","customDate":"","customTime":"","schedulingType":"absolute"},"_wpsp_active_default_template":true},"categories":[27],"tags":[],"class_list":["post-59819","post","type-post","status-publish","format-standard","has-post-thumbnail","hentry","category-actualite"],"aioseo_notices":[],"yoast_head":"<!-- This site is optimized with the Yoast SEO plugin v27.4 - https:\/\/yoast.com\/product\/yoast-seo-wordpress\/ -->\n<title>Ligne mini\u00e8re B\u00e9char-Tindouf: Le projet livr\u00e9 avant les d\u00e9lais en mars 2026 - La Sentinelle<\/title>\n<meta name=\"robots\" content=\"index, follow, max-snippet:-1, max-image-preview:large, max-video-preview:-1\" \/>\n<link rel=\"canonical\" href=\"https:\/\/lasentinelle.dz\/index.php\/2024\/11\/26\/ligne-miniere-bechar-tindouf-le-projet-livre-avant-les-delais-en-mars-2026\/\" \/>\n<meta property=\"og:locale\" content=\"fr_FR\" \/>\n<meta property=\"og:type\" content=\"article\" \/>\n<meta property=\"og:title\" content=\"Ligne mini\u00e8re B\u00e9char-Tindouf: Le projet livr\u00e9 avant les d\u00e9lais en mars 2026 - La Sentinelle\" \/>\n<meta property=\"og:description\" content=\"La ligne ferroviaire mini\u00e8re ouest reliant B\u00e9char \u00e0 Gara Djebilet, un projet d&rsquo;envergure de 950 kilom\u00e8tres, se trouve actuellement dans\" \/>\n<meta property=\"og:url\" content=\"https:\/\/lasentinelle.dz\/index.php\/2024\/11\/26\/ligne-miniere-bechar-tindouf-le-projet-livre-avant-les-delais-en-mars-2026\/\" \/>\n<meta property=\"og:site_name\" content=\"La Sentinelle\" \/>\n<meta property=\"article:publisher\" content=\"https:\/\/www.facebook.com\/La-Sentinelle-104059864394773\" \/>\n<meta property=\"article:published_time\" content=\"2024-11-26T10:41:26+00:00\" \/>\n<meta property=\"article:modified_time\" content=\"2024-11-26T10:41:27+00:00\" \/>\n<meta property=\"og:image\" content=\"https:\/\/lasentinelle.dz\/wp-content\/uploads\/2024\/11\/Ligne-bechar-tindouf.jpg\" \/>\n\t<meta property=\"og:image:width\" content=\"745\" \/>\n\t<meta property=\"og:image:height\" content=\"470\" \/>\n\t<meta property=\"og:image:type\" content=\"image\/jpeg\" \/>\n<meta name=\"author\" content=\"admin\" \/>\n<meta name=\"twitter:card\" content=\"summary_large_image\" \/>\n<meta name=\"twitter:label1\" content=\"\u00c9crit par\" \/>\n\t<meta name=\"twitter:data1\" content=\"admin\" \/>\n\t<meta name=\"twitter:label2\" content=\"Dur\u00e9e de lecture estim\u00e9e\" \/>\n\t<meta name=\"twitter:data2\" content=\"4 minutes\" \/>\n<script type=\"application\/ld+json\" class=\"yoast-schema-graph\">{\"@context\":\"https:\\\/\\\/schema.org\",\"@graph\":[{\"@type\":\"Article\",\"@id\":\"https:\\\/\\\/lasentinelle.dz\\\/index.php\\\/2024\\\/11\\\/26\\\/ligne-miniere-bechar-tindouf-le-projet-livre-avant-les-delais-en-mars-2026\\\/#article\",\"isPartOf\":{\"@id\":\"https:\\\/\\\/lasentinelle.dz\\\/index.php\\\/2024\\\/11\\\/26\\\/ligne-miniere-bechar-tindouf-le-projet-livre-avant-les-delais-en-mars-2026\\\/\"},\"author\":{\"name\":\"admin\",\"@id\":\"https:\\\/\\\/lasentinelle.dz\\\/#\\\/schema\\\/person\\\/729ee0024f24e0b8c5ec17232f8e8b41\"},\"headline\":\"Ligne mini\u00e8re B\u00e9char-Tindouf: Le projet livr\u00e9 avant les d\u00e9lais en mars 2026\",\"datePublished\":\"2024-11-26T10:41:26+00:00\",\"dateModified\":\"2024-11-26T10:41:27+00:00\",\"mainEntityOfPage\":{\"@id\":\"https:\\\/\\\/lasentinelle.dz\\\/index.php\\\/2024\\\/11\\\/26\\\/ligne-miniere-bechar-tindouf-le-projet-livre-avant-les-delais-en-mars-2026\\\/\"},\"wordCount\":675,\"commentCount\":0,\"publisher\":{\"@id\":\"https:\\\/\\\/lasentinelle.dz\\\/#organization\"},\"image\":{\"@id\":\"https:\\\/\\\/lasentinelle.dz\\\/index.php\\\/2024\\\/11\\\/26\\\/ligne-miniere-bechar-tindouf-le-projet-livre-avant-les-delais-en-mars-2026\\\/#primaryimage\"},\"thumbnailUrl\":\"https:\\\/\\\/lasentinelle.dz\\\/wp-content\\\/uploads\\\/2024\\\/11\\\/Ligne-bechar-tindouf.jpg\",\"articleSection\":[\"Actualit\u00e9\"],\"inLanguage\":\"fr-FR\",\"potentialAction\":[{\"@type\":\"CommentAction\",\"name\":\"Comment\",\"target\":[\"https:\\\/\\\/lasentinelle.dz\\\/index.php\\\/2024\\\/11\\\/26\\\/ligne-miniere-bechar-tindouf-le-projet-livre-avant-les-delais-en-mars-2026\\\/#respond\"]}]},{\"@type\":\"WebPage\",\"@id\":\"https:\\\/\\\/lasentinelle.dz\\\/index.php\\\/2024\\\/11\\\/26\\\/ligne-miniere-bechar-tindouf-le-projet-livre-avant-les-delais-en-mars-2026\\\/\",\"url\":\"https:\\\/\\\/lasentinelle.dz\\\/index.php\\\/2024\\\/11\\\/26\\\/ligne-miniere-bechar-tindouf-le-projet-livre-avant-les-delais-en-mars-2026\\\/\",\"name\":\"Ligne mini\u00e8re B\u00e9char-Tindouf: Le projet livr\u00e9 avant les d\u00e9lais en mars 2026 - La Sentinelle\",\"isPartOf\":{\"@id\":\"https:\\\/\\\/lasentinelle.dz\\\/#website\"},\"primaryImageOfPage\":{\"@id\":\"https:\\\/\\\/lasentinelle.dz\\\/index.php\\\/2024\\\/11\\\/26\\\/ligne-miniere-bechar-tindouf-le-projet-livre-avant-les-delais-en-mars-2026\\\/#primaryimage\"},\"image\":{\"@id\":\"https:\\\/\\\/lasentinelle.dz\\\/index.php\\\/2024\\\/11\\\/26\\\/ligne-miniere-bechar-tindouf-le-projet-livre-avant-les-delais-en-mars-2026\\\/#primaryimage\"},\"thumbnailUrl\":\"https:\\\/\\\/lasentinelle.dz\\\/wp-content\\\/uploads\\\/2024\\\/11\\\/Ligne-bechar-tindouf.jpg\",\"datePublished\":\"2024-11-26T10:41:26+00:00\",\"dateModified\":\"2024-11-26T10:41:27+00:00\",\"breadcrumb\":{\"@id\":\"https:\\\/\\\/lasentinelle.dz\\\/index.php\\\/2024\\\/11\\\/26\\\/ligne-miniere-bechar-tindouf-le-projet-livre-avant-les-delais-en-mars-2026\\\/#breadcrumb\"},\"inLanguage\":\"fr-FR\",\"potentialAction\":[{\"@type\":\"ReadAction\",\"target\":[\"https:\\\/\\\/lasentinelle.dz\\\/index.php\\\/2024\\\/11\\\/26\\\/ligne-miniere-bechar-tindouf-le-projet-livre-avant-les-delais-en-mars-2026\\\/\"]}]},{\"@type\":\"ImageObject\",\"inLanguage\":\"fr-FR\",\"@id\":\"https:\\\/\\\/lasentinelle.dz\\\/index.php\\\/2024\\\/11\\\/26\\\/ligne-miniere-bechar-tindouf-le-projet-livre-avant-les-delais-en-mars-2026\\\/#primaryimage\",\"url\":\"https:\\\/\\\/lasentinelle.dz\\\/wp-content\\\/uploads\\\/2024\\\/11\\\/Ligne-bechar-tindouf.jpg\",\"contentUrl\":\"https:\\\/\\\/lasentinelle.dz\\\/wp-content\\\/uploads\\\/2024\\\/11\\\/Ligne-bechar-tindouf.jpg\",\"width\":745,\"height\":470},{\"@type\":\"BreadcrumbList\",\"@id\":\"https:\\\/\\\/lasentinelle.dz\\\/index.php\\\/2024\\\/11\\\/26\\\/ligne-miniere-bechar-tindouf-le-projet-livre-avant-les-delais-en-mars-2026\\\/#breadcrumb\",\"itemListElement\":[{\"@type\":\"ListItem\",\"position\":1,\"name\":\"Accueil\",\"item\":\"https:\\\/\\\/lasentinelle.dz\\\/\"},{\"@type\":\"ListItem\",\"position\":2,\"name\":\"Ligne mini\u00e8re B\u00e9char-Tindouf: Le projet livr\u00e9 avant les d\u00e9lais en mars 2026\"}]},{\"@type\":\"WebSite\",\"@id\":\"https:\\\/\\\/lasentinelle.dz\\\/#website\",\"url\":\"https:\\\/\\\/lasentinelle.dz\\\/\",\"name\":\"La Sentinelle\",\"description\":\"Quotidien national d&#039;information\",\"publisher\":{\"@id\":\"https:\\\/\\\/lasentinelle.dz\\\/#organization\"},\"potentialAction\":[{\"@type\":\"SearchAction\",\"target\":{\"@type\":\"EntryPoint\",\"urlTemplate\":\"https:\\\/\\\/lasentinelle.dz\\\/?s={search_term_string}\"},\"query-input\":{\"@type\":\"PropertyValueSpecification\",\"valueRequired\":true,\"valueName\":\"search_term_string\"}}],\"inLanguage\":\"fr-FR\"},{\"@type\":\"Organization\",\"@id\":\"https:\\\/\\\/lasentinelle.dz\\\/#organization\",\"name\":\"Quotidien La Sentinelle\",\"url\":\"https:\\\/\\\/lasentinelle.dz\\\/\",\"logo\":{\"@type\":\"ImageObject\",\"inLanguage\":\"fr-FR\",\"@id\":\"https:\\\/\\\/lasentinelle.dz\\\/#\\\/schema\\\/logo\\\/image\\\/\",\"url\":\"https:\\\/\\\/lasentinelle.dz\\\/wp-content\\\/uploads\\\/2021\\\/09\\\/logo-sentinelleSLOGAN-1.png\",\"contentUrl\":\"https:\\\/\\\/lasentinelle.dz\\\/wp-content\\\/uploads\\\/2021\\\/09\\\/logo-sentinelleSLOGAN-1.png\",\"width\":615,\"height\":142,\"caption\":\"Quotidien La Sentinelle\"},\"image\":{\"@id\":\"https:\\\/\\\/lasentinelle.dz\\\/#\\\/schema\\\/logo\\\/image\\\/\"},\"sameAs\":[\"https:\\\/\\\/www.facebook.com\\\/La-Sentinelle-104059864394773\"]},{\"@type\":\"Person\",\"@id\":\"https:\\\/\\\/lasentinelle.dz\\\/#\\\/schema\\\/person\\\/729ee0024f24e0b8c5ec17232f8e8b41\",\"name\":\"admin\",\"image\":{\"@type\":\"ImageObject\",\"inLanguage\":\"fr-FR\",\"@id\":\"https:\\\/\\\/secure.gravatar.com\\\/avatar\\\/4c81fed838786e9b53f540bf46533e750f5d292099ae3b66cfc6fb1982e29df7?s=96&d=mm&r=g\",\"url\":\"https:\\\/\\\/secure.gravatar.com\\\/avatar\\\/4c81fed838786e9b53f540bf46533e750f5d292099ae3b66cfc6fb1982e29df7?s=96&d=mm&r=g\",\"contentUrl\":\"https:\\\/\\\/secure.gravatar.com\\\/avatar\\\/4c81fed838786e9b53f540bf46533e750f5d292099ae3b66cfc6fb1982e29df7?s=96&d=mm&r=g\",\"caption\":\"admin\"},\"description\":\"admin\",\"url\":\"https:\\\/\\\/lasentinelle.dz\\\/author\\\/admin\\\/\"}]}<\/script>\n<!-- \/ Yoast SEO plugin. -->","yoast_head_json":{"title":"Ligne mini\u00e8re B\u00e9char-Tindouf: Le projet livr\u00e9 avant les d\u00e9lais en mars 2026 - La Sentinelle","robots":{"index":"index","follow":"follow","max-snippet":"max-snippet:-1","max-image-preview":"max-image-preview:large","max-video-preview":"max-video-preview:-1"},"canonical":"https:\/\/lasentinelle.dz\/index.php\/2024\/11\/26\/ligne-miniere-bechar-tindouf-le-projet-livre-avant-les-delais-en-mars-2026\/","og_locale":"fr_FR","og_type":"article","og_title":"Ligne mini\u00e8re B\u00e9char-Tindouf: Le projet livr\u00e9 avant les d\u00e9lais en mars 2026 - La Sentinelle","og_description":"La ligne ferroviaire mini\u00e8re ouest reliant B\u00e9char \u00e0 Gara Djebilet, un projet d&rsquo;envergure de 950 kilom\u00e8tres, se trouve actuellement dans","og_url":"https:\/\/lasentinelle.dz\/index.php\/2024\/11\/26\/ligne-miniere-bechar-tindouf-le-projet-livre-avant-les-delais-en-mars-2026\/","og_site_name":"La Sentinelle","article_publisher":"https:\/\/www.facebook.com\/La-Sentinelle-104059864394773","article_published_time":"2024-11-26T10:41:26+00:00","article_modified_time":"2024-11-26T10:41:27+00:00","og_image":[{"width":745,"height":470,"url":"https:\/\/lasentinelle.dz\/wp-content\/uploads\/2024\/11\/Ligne-bechar-tindouf.jpg","type":"image\/jpeg"}],"author":"admin","twitter_card":"summary_large_image","twitter_misc":{"\u00c9crit par":"admin","Dur\u00e9e de lecture estim\u00e9e":"4 minutes"},"schema":{"@context":"https:\/\/schema.org","@graph":[{"@type":"Article","@id":"https:\/\/lasentinelle.dz\/index.php\/2024\/11\/26\/ligne-miniere-bechar-tindouf-le-projet-livre-avant-les-delais-en-mars-2026\/#article","isPartOf":{"@id":"https:\/\/lasentinelle.dz\/index.php\/2024\/11\/26\/ligne-miniere-bechar-tindouf-le-projet-livre-avant-les-delais-en-mars-2026\/"},"author":{"name":"admin","@id":"https:\/\/lasentinelle.dz\/#\/schema\/person\/729ee0024f24e0b8c5ec17232f8e8b41"},"headline":"Ligne mini\u00e8re B\u00e9char-Tindouf: Le projet livr\u00e9 avant les d\u00e9lais en mars 2026","datePublished":"2024-11-26T10:41:26+00:00","dateModified":"2024-11-26T10:41:27+00:00","mainEntityOfPage":{"@id":"https:\/\/lasentinelle.dz\/index.php\/2024\/11\/26\/ligne-miniere-bechar-tindouf-le-projet-livre-avant-les-delais-en-mars-2026\/"},"wordCount":675,"commentCount":0,"publisher":{"@id":"https:\/\/lasentinelle.dz\/#organization"},"image":{"@id":"https:\/\/lasentinelle.dz\/index.php\/2024\/11\/26\/ligne-miniere-bechar-tindouf-le-projet-livre-avant-les-delais-en-mars-2026\/#primaryimage"},"thumbnailUrl":"https:\/\/lasentinelle.dz\/wp-content\/uploads\/2024\/11\/Ligne-bechar-tindouf.jpg","articleSection":["Actualit\u00e9"],"inLanguage":"fr-FR","potentialAction":[{"@type":"CommentAction","name":"Comment","target":["https:\/\/lasentinelle.dz\/index.php\/2024\/11\/26\/ligne-miniere-bechar-tindouf-le-projet-livre-avant-les-delais-en-mars-2026\/#respond"]}]},{"@type":"WebPage","@id":"https:\/\/lasentinelle.dz\/index.php\/2024\/11\/26\/ligne-miniere-bechar-tindouf-le-projet-livre-avant-les-delais-en-mars-2026\/","url":"https:\/\/lasentinelle.dz\/index.php\/2024\/11\/26\/ligne-miniere-bechar-tindouf-le-projet-livre-avant-les-delais-en-mars-2026\/","name":"Ligne mini\u00e8re B\u00e9char-Tindouf: Le projet livr\u00e9 avant les d\u00e9lais en mars 2026 - La Sentinelle","isPartOf":{"@id":"https:\/\/lasentinelle.dz\/#website"},"primaryImageOfPage":{"@id":"https:\/\/lasentinelle.dz\/index.php\/2024\/11\/26\/ligne-miniere-bechar-tindouf-le-projet-livre-avant-les-delais-en-mars-2026\/#primaryimage"},"image":{"@id":"https:\/\/lasentinelle.dz\/index.php\/2024\/11\/26\/ligne-miniere-bechar-tindouf-le-projet-livre-avant-les-delais-en-mars-2026\/#primaryimage"},"thumbnailUrl":"https:\/\/lasentinelle.dz\/wp-content\/uploads\/2024\/11\/Ligne-bechar-tindouf.jpg","datePublished":"2024-11-26T10:41:26+00:00","dateModified":"2024-11-26T10:41:27+00:00","breadcrumb":{"@id":"https:\/\/lasentinelle.dz\/index.php\/2024\/11\/26\/ligne-miniere-bechar-tindouf-le-projet-livre-avant-les-delais-en-mars-2026\/#breadcrumb"},"inLanguage":"fr-FR","potentialAction":[{"@type":"ReadAction","target":["https:\/\/lasentinelle.dz\/index.php\/2024\/11\/26\/ligne-miniere-bechar-tindouf-le-projet-livre-avant-les-delais-en-mars-2026\/"]}]},{"@type":"ImageObject","inLanguage":"fr-FR","@id":"https:\/\/lasentinelle.dz\/index.php\/2024\/11\/26\/ligne-miniere-bechar-tindouf-le-projet-livre-avant-les-delais-en-mars-2026\/#primaryimage","url":"https:\/\/lasentinelle.dz\/wp-content\/uploads\/2024\/11\/Ligne-bechar-tindouf.jpg","contentUrl":"https:\/\/lasentinelle.dz\/wp-content\/uploads\/2024\/11\/Ligne-bechar-tindouf.jpg","width":745,"height":470},{"@type":"BreadcrumbList","@id":"https:\/\/lasentinelle.dz\/index.php\/2024\/11\/26\/ligne-miniere-bechar-tindouf-le-projet-livre-avant-les-delais-en-mars-2026\/#breadcrumb","itemListElement":[{"@type":"ListItem","position":1,"name":"Accueil","item":"https:\/\/lasentinelle.dz\/"},{"@type":"ListItem","position":2,"name":"Ligne mini\u00e8re B\u00e9char-Tindouf: Le projet livr\u00e9 avant les d\u00e9lais en mars 2026"}]},{"@type":"WebSite","@id":"https:\/\/lasentinelle.dz\/#website","url":"https:\/\/lasentinelle.dz\/","name":"La Sentinelle","description":"Quotidien national d&#039;information","publisher":{"@id":"https:\/\/lasentinelle.dz\/#organization"},"potentialAction":[{"@type":"SearchAction","target":{"@type":"EntryPoint","urlTemplate":"https:\/\/lasentinelle.dz\/?s={search_term_string}"},"query-input":{"@type":"PropertyValueSpecification","valueRequired":true,"valueName":"search_term_string"}}],"inLanguage":"fr-FR"},{"@type":"Organization","@id":"https:\/\/lasentinelle.dz\/#organization","name":"Quotidien La Sentinelle","url":"https:\/\/lasentinelle.dz\/","logo":{"@type":"ImageObject","inLanguage":"fr-FR","@id":"https:\/\/lasentinelle.dz\/#\/schema\/logo\/image\/","url":"https:\/\/lasentinelle.dz\/wp-content\/uploads\/2021\/09\/logo-sentinelleSLOGAN-1.png","contentUrl":"https:\/\/lasentinelle.dz\/wp-content\/uploads\/2021\/09\/logo-sentinelleSLOGAN-1.png","width":615,"height":142,"caption":"Quotidien La Sentinelle"},"image":{"@id":"https:\/\/lasentinelle.dz\/#\/schema\/logo\/image\/"},"sameAs":["https:\/\/www.facebook.com\/La-Sentinelle-104059864394773"]},{"@type":"Person","@id":"https:\/\/lasentinelle.dz\/#\/schema\/person\/729ee0024f24e0b8c5ec17232f8e8b41","name":"admin","image":{"@type":"ImageObject","inLanguage":"fr-FR","@id":"https:\/\/secure.gravatar.com\/avatar\/4c81fed838786e9b53f540bf46533e750f5d292099ae3b66cfc6fb1982e29df7?s=96&d=mm&r=g","url":"https:\/\/secure.gravatar.com\/avatar\/4c81fed838786e9b53f540bf46533e750f5d292099ae3b66cfc6fb1982e29df7?s=96&d=mm&r=g","contentUrl":"https:\/\/secure.gravatar.com\/avatar\/4c81fed838786e9b53f540bf46533e750f5d292099ae3b66cfc6fb1982e29df7?s=96&d=mm&r=g","caption":"admin"},"description":"admin","url":"https:\/\/lasentinelle.dz\/author\/admin\/"}]}},"_links":{"self":[{"href":"https:\/\/lasentinelle.dz\/index.php\/wp-json\/wp\/v2\/posts\/59819","targetHints":{"allow":["GET"]}}],"collection":[{"href":"https:\/\/lasentinelle.dz\/index.php\/wp-json\/wp\/v2\/posts"}],"about":[{"href":"https:\/\/lasentinelle.dz\/index.php\/wp-json\/wp\/v2\/types\/post"}],"author":[{"embeddable":true,"href":"https:\/\/lasentinelle.dz\/index.php\/wp-json\/wp\/v2\/users\/6"}],"replies":[{"embeddable":true,"href":"https:\/\/lasentinelle.dz\/index.php\/wp-json\/wp\/v2\/comments?post=59819"}],"version-history":[{"count":1,"href":"https:\/\/lasentinelle.dz\/index.php\/wp-json\/wp\/v2\/posts\/59819\/revisions"}],"predecessor-version":[{"id":59821,"href":"https:\/\/lasentinelle.dz\/index.php\/wp-json\/wp\/v2\/posts\/59819\/revisions\/59821"}],"wp:featuredmedia":[{"embeddable":true,"href":"https:\/\/lasentinelle.dz\/index.php\/wp-json\/wp\/v2\/media\/59820"}],"wp:attachment":[{"href":"https:\/\/lasentinelle.dz\/index.php\/wp-json\/wp\/v2\/media?parent=59819"}],"wp:term":[{"taxonomy":"category","embeddable":true,"href":"https:\/\/lasentinelle.dz\/index.php\/wp-json\/wp\/v2\/categories?post=59819"},{"taxonomy":"post_tag","embeddable":true,"href":"https:\/\/lasentinelle.dz\/index.php\/wp-json\/wp\/v2\/tags?post=59819"}],"curies":[{"name":"wp","href":"https:\/\/api.w.org\/{rel}","templated":true}]}}