{"id":59842,"date":"2024-11-27T12:42:37","date_gmt":"2024-11-27T11:42:37","guid":{"rendered":"https:\/\/lasentinelle.dz\/?p=59842"},"modified":"2024-11-27T12:42:38","modified_gmt":"2024-11-27T11:42:38","slug":"ligue-des-champions-de-la-cafle-mca-arrache-un-point-precieux-face-au-tp-mazembe","status":"publish","type":"post","link":"https:\/\/lasentinelle.dz\/index.php\/2024\/11\/27\/ligue-des-champions-de-la-cafle-mca-arrache-un-point-precieux-face-au-tp-mazembe\/","title":{"rendered":"Ligue des champions de la CAF:Le MCA arrache un point pr\u00e9cieux face au TP Mazembe"},"content":{"rendered":"\n<p>Au c\u0153ur de la bouillante province du Katanga, dans le stade de Lubumbashi transform\u00e9 en chaudron ardent, le Mouloudia d&rsquo;Alger a d\u00e9montr\u00e9 toute sa r\u00e9silience et sa maturit\u00e9 tactique. Face au TP Mazembe, \u00e9pouvantail historique de la Ligue des champions africaine, les Alg\u00e9rois ont arrach\u00e9 un match nul (0-0) qui ressemble \u00e0 un authentique exploit.<\/p>\n\n\n\n<p>Cette rencontre de la premi\u00e8re journ\u00e9e du groupe A \u00e9tait promise \u00e0 un calvaire pour les visiteurs. Le TP Mazembe, quadruple vainqueur de la comp\u00e9tition, r\u00e8gne en ma\u00eetre sur le football africain et peut compter sur un public parmi les plus chauds du continent. L&rsquo;ambiance \u00e9lectrique du stade, noir de monde et de passion, promettait un d\u00e9fi quasi insurmontable pour le MCA. Le match s&rsquo;est rapidement transform\u00e9 en un v\u00e9ritable rapport de force tactique. Les Congolais, habitu\u00e9s \u00e0 ce type de rendez-vous continentaux, ont d&rsquo;abord cherch\u00e9 \u00e0 impressionner par leur volume de jeu et leur agressivit\u00e9. Le milieu de terrain mouloud\u00e9en, conscient des enjeux, a r\u00e9pondu par un bloc compact et une discipline tactique remarquable.<\/p>\n\n\n\n<p>Le gardien Abdelatif Ramdane a \u00e9t\u00e9 le grand h\u00e9ros de cette rencontre. \u00c0 28 ans, le portier alg\u00e9rien a confirm\u00e9 tout son potentiel dans ce match \u00e0 hauts risques. Sa parade d\u00e9cisive \u00e0 la 79e minute, o\u00f9 il a miraculeusement d\u00e9tourn\u00e9 une frappe qui semblait promise au fond des filets, restera comme le moment cl\u00e9 de la rencontre. Un arr\u00eat qui symbolise la d\u00e9termination du MCA \u00e0 exister sur la sc\u00e8ne continentale. Tactiquement, le coach du Mouloudia a opt\u00e9 pour une strat\u00e9gie prudente mais intelligente. Apr\u00e8s une premi\u00e8re p\u00e9riode \u00e9quilibr\u00e9e o\u00f9 les deux formations se sont jaug\u00e9es, les Alg\u00e9rois ont d\u00e9lib\u00e9r\u00e9ment choisi de reculer, absorbant la pression adverse et multipliant les contres dangereux. Cette lecture du match a parfaitement neutralis\u00e9 l&rsquo;\u00e9lan des attaquants congolais. Dans l&rsquo;autre rencontre du groupe, Al-Hilal Omdourman a cr\u00e9\u00e9 la premi\u00e8re surprise en s&rsquo;imposant \u00e0 Dar Es-Salaam face \u00e0 Young Africans. Ce r\u00e9sultat compl\u00e8te avantageusement le point ramen\u00e9 par le MCA, positionnant les Alg\u00e9rois en embuscade pour la qualification. Le classement du groupe apr\u00e8s cette premi\u00e8re journ\u00e9e est d\u00e9sormais le suivant : Al-Hilal en t\u00eate avec 3 points, le MCA et TP Mazembe avec 1 point chacun, et Young Africans lanterne rouge. La qualification pour les quarts de finale se jouera sans doute sur des d\u00e9tails. Le prochain rendez-vous, dans quelques semaines, opposera le MCA \u00e0 Young Africans, un match \u00e0 huis clos qui s&rsquo;annonce d\u00e9licat.<\/p>\n\n\n\n<p>Moncef Dahleb<\/p>\n","protected":false},"excerpt":{"rendered":"<p>Au c\u0153ur de la bouillante province du Katanga, dans le stade de Lubumbashi transform\u00e9 en chaudron ardent, le Mouloudia d&rsquo;Alger<\/p>\n","protected":false},"author":6,"featured_media":59843,"comment_status":"open","ping_status":"closed","sticky":false,"template":"","format":"standard","meta":{"colormag_page_container_layout":"default_layout","colormag_page_sidebar_layout":"default_layout","om_disable_all_campaigns":false,"_monsterinsights_skip_tracking":false,"_monsterinsights_sitenote_active":false,"_monsterinsights_sitenote_note":"","_monsterinsights_sitenote_category":0,"footnotes":"","_wpscppro_dont_share_socialmedia":false,"_wpscppro_custom_social_share_image":0,"_facebook_share_type":"default","_twitter_share_type":"default","_linkedin_share_type":"default","_pinterest_share_type":"default","_linkedin_share_type_page":"","_instagram_share_type":"default","_medium_share_type":"default","_threads_share_type":"","_google_business_share_type":"","_selected_social_profile":[],"_wpsp_enable_custom_social_template":false,"_wpsp_social_scheduling":{"enabled":false,"datetime":null,"platforms":[],"status":"template_only","dateOption":"today","timeOption":"now","customDays":"","customHours":"","customDate":"","customTime":"","schedulingType":"absolute"},"_wpsp_active_default_template":true},"categories":[52,33],"tags":[],"class_list":["post-59842","post","type-post","status-publish","format-standard","has-post-thumbnail","hentry","category-a-la-une","category-sports"],"aioseo_notices":[],"yoast_head":"<!-- This site is optimized with the Yoast SEO plugin v27.5 - https:\/\/yoast.com\/product\/yoast-seo-wordpress\/ -->\n<title>Ligue des champions de la CAF:Le MCA arrache un point pr\u00e9cieux face au TP Mazembe - La Sentinelle<\/title>\n<meta name=\"robots\" content=\"index, follow, max-snippet:-1, max-image-preview:large, max-video-preview:-1\" \/>\n<link rel=\"canonical\" href=\"https:\/\/lasentinelle.dz\/index.php\/2024\/11\/27\/ligue-des-champions-de-la-cafle-mca-arrache-un-point-precieux-face-au-tp-mazembe\/\" \/>\n<meta property=\"og:locale\" content=\"fr_FR\" \/>\n<meta property=\"og:type\" content=\"article\" \/>\n<meta property=\"og:title\" content=\"Ligue des champions de la CAF:Le MCA arrache un point pr\u00e9cieux face au TP Mazembe - La Sentinelle\" \/>\n<meta property=\"og:description\" content=\"Au c\u0153ur de la bouillante province du Katanga, dans le stade de Lubumbashi transform\u00e9 en chaudron ardent, le Mouloudia d&rsquo;Alger\" \/>\n<meta property=\"og:url\" content=\"https:\/\/lasentinelle.dz\/index.php\/2024\/11\/27\/ligue-des-champions-de-la-cafle-mca-arrache-un-point-precieux-face-au-tp-mazembe\/\" \/>\n<meta property=\"og:site_name\" content=\"La Sentinelle\" \/>\n<meta property=\"article:publisher\" content=\"https:\/\/www.facebook.com\/La-Sentinelle-104059864394773\" \/>\n<meta property=\"article:published_time\" content=\"2024-11-27T11:42:37+00:00\" \/>\n<meta property=\"article:modified_time\" content=\"2024-11-27T11:42:38+00:00\" \/>\n<meta property=\"og:image\" content=\"https:\/\/lasentinelle.dz\/wp-content\/uploads\/2024\/11\/MCA.jpeg\" \/>\n\t<meta property=\"og:image:width\" content=\"1100\" \/>\n\t<meta property=\"og:image:height\" content=\"838\" \/>\n\t<meta property=\"og:image:type\" content=\"image\/jpeg\" \/>\n<meta name=\"author\" content=\"admin\" \/>\n<meta name=\"twitter:card\" content=\"summary_large_image\" \/>\n<meta name=\"twitter:label1\" content=\"\u00c9crit par\" \/>\n\t<meta name=\"twitter:data1\" content=\"admin\" \/>\n\t<meta name=\"twitter:label2\" content=\"Dur\u00e9e de lecture estim\u00e9e\" \/>\n\t<meta name=\"twitter:data2\" content=\"3 minutes\" \/>\n<script type=\"application\/ld+json\" class=\"yoast-schema-graph\">{\"@context\":\"https:\\\/\\\/schema.org\",\"@graph\":[{\"@type\":\"Article\",\"@id\":\"https:\\\/\\\/lasentinelle.dz\\\/index.php\\\/2024\\\/11\\\/27\\\/ligue-des-champions-de-la-cafle-mca-arrache-un-point-precieux-face-au-tp-mazembe\\\/#article\",\"isPartOf\":{\"@id\":\"https:\\\/\\\/lasentinelle.dz\\\/index.php\\\/2024\\\/11\\\/27\\\/ligue-des-champions-de-la-cafle-mca-arrache-un-point-precieux-face-au-tp-mazembe\\\/\"},\"author\":{\"name\":\"admin\",\"@id\":\"https:\\\/\\\/lasentinelle.dz\\\/#\\\/schema\\\/person\\\/729ee0024f24e0b8c5ec17232f8e8b41\"},\"headline\":\"Ligue des champions de la CAF:Le MCA arrache un point pr\u00e9cieux face au TP Mazembe\",\"datePublished\":\"2024-11-27T11:42:37+00:00\",\"dateModified\":\"2024-11-27T11:42:38+00:00\",\"mainEntityOfPage\":{\"@id\":\"https:\\\/\\\/lasentinelle.dz\\\/index.php\\\/2024\\\/11\\\/27\\\/ligue-des-champions-de-la-cafle-mca-arrache-un-point-precieux-face-au-tp-mazembe\\\/\"},\"wordCount\":453,\"commentCount\":0,\"publisher\":{\"@id\":\"https:\\\/\\\/lasentinelle.dz\\\/#organization\"},\"image\":{\"@id\":\"https:\\\/\\\/lasentinelle.dz\\\/index.php\\\/2024\\\/11\\\/27\\\/ligue-des-champions-de-la-cafle-mca-arrache-un-point-precieux-face-au-tp-mazembe\\\/#primaryimage\"},\"thumbnailUrl\":\"https:\\\/\\\/lasentinelle.dz\\\/wp-content\\\/uploads\\\/2024\\\/11\\\/MCA.jpeg\",\"articleSection\":[\"\u00c0 la Une\",\"Sports\"],\"inLanguage\":\"fr-FR\",\"potentialAction\":[{\"@type\":\"CommentAction\",\"name\":\"Comment\",\"target\":[\"https:\\\/\\\/lasentinelle.dz\\\/index.php\\\/2024\\\/11\\\/27\\\/ligue-des-champions-de-la-cafle-mca-arrache-un-point-precieux-face-au-tp-mazembe\\\/#respond\"]}]},{\"@type\":\"WebPage\",\"@id\":\"https:\\\/\\\/lasentinelle.dz\\\/index.php\\\/2024\\\/11\\\/27\\\/ligue-des-champions-de-la-cafle-mca-arrache-un-point-precieux-face-au-tp-mazembe\\\/\",\"url\":\"https:\\\/\\\/lasentinelle.dz\\\/index.php\\\/2024\\\/11\\\/27\\\/ligue-des-champions-de-la-cafle-mca-arrache-un-point-precieux-face-au-tp-mazembe\\\/\",\"name\":\"Ligue des champions de la CAF:Le MCA arrache un point pr\u00e9cieux face au TP Mazembe - La Sentinelle\",\"isPartOf\":{\"@id\":\"https:\\\/\\\/lasentinelle.dz\\\/#website\"},\"primaryImageOfPage\":{\"@id\":\"https:\\\/\\\/lasentinelle.dz\\\/index.php\\\/2024\\\/11\\\/27\\\/ligue-des-champions-de-la-cafle-mca-arrache-un-point-precieux-face-au-tp-mazembe\\\/#primaryimage\"},\"image\":{\"@id\":\"https:\\\/\\\/lasentinelle.dz\\\/index.php\\\/2024\\\/11\\\/27\\\/ligue-des-champions-de-la-cafle-mca-arrache-un-point-precieux-face-au-tp-mazembe\\\/#primaryimage\"},\"thumbnailUrl\":\"https:\\\/\\\/lasentinelle.dz\\\/wp-content\\\/uploads\\\/2024\\\/11\\\/MCA.jpeg\",\"datePublished\":\"2024-11-27T11:42:37+00:00\",\"dateModified\":\"2024-11-27T11:42:38+00:00\",\"breadcrumb\":{\"@id\":\"https:\\\/\\\/lasentinelle.dz\\\/index.php\\\/2024\\\/11\\\/27\\\/ligue-des-champions-de-la-cafle-mca-arrache-un-point-precieux-face-au-tp-mazembe\\\/#breadcrumb\"},\"inLanguage\":\"fr-FR\",\"potentialAction\":[{\"@type\":\"ReadAction\",\"target\":[\"https:\\\/\\\/lasentinelle.dz\\\/index.php\\\/2024\\\/11\\\/27\\\/ligue-des-champions-de-la-cafle-mca-arrache-un-point-precieux-face-au-tp-mazembe\\\/\"]}]},{\"@type\":\"ImageObject\",\"inLanguage\":\"fr-FR\",\"@id\":\"https:\\\/\\\/lasentinelle.dz\\\/index.php\\\/2024\\\/11\\\/27\\\/ligue-des-champions-de-la-cafle-mca-arrache-un-point-precieux-face-au-tp-mazembe\\\/#primaryimage\",\"url\":\"https:\\\/\\\/lasentinelle.dz\\\/wp-content\\\/uploads\\\/2024\\\/11\\\/MCA.jpeg\",\"contentUrl\":\"https:\\\/\\\/lasentinelle.dz\\\/wp-content\\\/uploads\\\/2024\\\/11\\\/MCA.jpeg\",\"width\":1100,\"height\":838},{\"@type\":\"BreadcrumbList\",\"@id\":\"https:\\\/\\\/lasentinelle.dz\\\/index.php\\\/2024\\\/11\\\/27\\\/ligue-des-champions-de-la-cafle-mca-arrache-un-point-precieux-face-au-tp-mazembe\\\/#breadcrumb\",\"itemListElement\":[{\"@type\":\"ListItem\",\"position\":1,\"name\":\"Accueil\",\"item\":\"https:\\\/\\\/lasentinelle.dz\\\/\"},{\"@type\":\"ListItem\",\"position\":2,\"name\":\"Ligue des champions de la CAF:Le MCA arrache un point pr\u00e9cieux face au TP Mazembe\"}]},{\"@type\":\"WebSite\",\"@id\":\"https:\\\/\\\/lasentinelle.dz\\\/#website\",\"url\":\"https:\\\/\\\/lasentinelle.dz\\\/\",\"name\":\"La Sentinelle\",\"description\":\"Quotidien national d&#039;information\",\"publisher\":{\"@id\":\"https:\\\/\\\/lasentinelle.dz\\\/#organization\"},\"potentialAction\":[{\"@type\":\"SearchAction\",\"target\":{\"@type\":\"EntryPoint\",\"urlTemplate\":\"https:\\\/\\\/lasentinelle.dz\\\/?s={search_term_string}\"},\"query-input\":{\"@type\":\"PropertyValueSpecification\",\"valueRequired\":true,\"valueName\":\"search_term_string\"}}],\"inLanguage\":\"fr-FR\"},{\"@type\":\"Organization\",\"@id\":\"https:\\\/\\\/lasentinelle.dz\\\/#organization\",\"name\":\"Quotidien La Sentinelle\",\"url\":\"https:\\\/\\\/lasentinelle.dz\\\/\",\"logo\":{\"@type\":\"ImageObject\",\"inLanguage\":\"fr-FR\",\"@id\":\"https:\\\/\\\/lasentinelle.dz\\\/#\\\/schema\\\/logo\\\/image\\\/\",\"url\":\"https:\\\/\\\/lasentinelle.dz\\\/wp-content\\\/uploads\\\/2021\\\/09\\\/logo-sentinelleSLOGAN-1.png\",\"contentUrl\":\"https:\\\/\\\/lasentinelle.dz\\\/wp-content\\\/uploads\\\/2021\\\/09\\\/logo-sentinelleSLOGAN-1.png\",\"width\":615,\"height\":142,\"caption\":\"Quotidien La Sentinelle\"},\"image\":{\"@id\":\"https:\\\/\\\/lasentinelle.dz\\\/#\\\/schema\\\/logo\\\/image\\\/\"},\"sameAs\":[\"https:\\\/\\\/www.facebook.com\\\/La-Sentinelle-104059864394773\"]},{\"@type\":\"Person\",\"@id\":\"https:\\\/\\\/lasentinelle.dz\\\/#\\\/schema\\\/person\\\/729ee0024f24e0b8c5ec17232f8e8b41\",\"name\":\"admin\",\"image\":{\"@type\":\"ImageObject\",\"inLanguage\":\"fr-FR\",\"@id\":\"https:\\\/\\\/secure.gravatar.com\\\/avatar\\\/4c81fed838786e9b53f540bf46533e750f5d292099ae3b66cfc6fb1982e29df7?s=96&d=mm&r=g\",\"url\":\"https:\\\/\\\/secure.gravatar.com\\\/avatar\\\/4c81fed838786e9b53f540bf46533e750f5d292099ae3b66cfc6fb1982e29df7?s=96&d=mm&r=g\",\"contentUrl\":\"https:\\\/\\\/secure.gravatar.com\\\/avatar\\\/4c81fed838786e9b53f540bf46533e750f5d292099ae3b66cfc6fb1982e29df7?s=96&d=mm&r=g\",\"caption\":\"admin\"},\"description\":\"admin\",\"url\":\"https:\\\/\\\/lasentinelle.dz\\\/author\\\/admin\\\/\"}]}<\/script>\n<!-- \/ Yoast SEO plugin. -->","yoast_head_json":{"title":"Ligue des champions de la CAF:Le MCA arrache un point pr\u00e9cieux face au TP Mazembe - La Sentinelle","robots":{"index":"index","follow":"follow","max-snippet":"max-snippet:-1","max-image-preview":"max-image-preview:large","max-video-preview":"max-video-preview:-1"},"canonical":"https:\/\/lasentinelle.dz\/index.php\/2024\/11\/27\/ligue-des-champions-de-la-cafle-mca-arrache-un-point-precieux-face-au-tp-mazembe\/","og_locale":"fr_FR","og_type":"article","og_title":"Ligue des champions de la CAF:Le MCA arrache un point pr\u00e9cieux face au TP Mazembe - La Sentinelle","og_description":"Au c\u0153ur de la bouillante province du Katanga, dans le stade de Lubumbashi transform\u00e9 en chaudron ardent, le Mouloudia d&rsquo;Alger","og_url":"https:\/\/lasentinelle.dz\/index.php\/2024\/11\/27\/ligue-des-champions-de-la-cafle-mca-arrache-un-point-precieux-face-au-tp-mazembe\/","og_site_name":"La Sentinelle","article_publisher":"https:\/\/www.facebook.com\/La-Sentinelle-104059864394773","article_published_time":"2024-11-27T11:42:37+00:00","article_modified_time":"2024-11-27T11:42:38+00:00","og_image":[{"width":1100,"height":838,"url":"https:\/\/lasentinelle.dz\/wp-content\/uploads\/2024\/11\/MCA.jpeg","type":"image\/jpeg"}],"author":"admin","twitter_card":"summary_large_image","twitter_misc":{"\u00c9crit par":"admin","Dur\u00e9e de lecture estim\u00e9e":"3 minutes"},"schema":{"@context":"https:\/\/schema.org","@graph":[{"@type":"Article","@id":"https:\/\/lasentinelle.dz\/index.php\/2024\/11\/27\/ligue-des-champions-de-la-cafle-mca-arrache-un-point-precieux-face-au-tp-mazembe\/#article","isPartOf":{"@id":"https:\/\/lasentinelle.dz\/index.php\/2024\/11\/27\/ligue-des-champions-de-la-cafle-mca-arrache-un-point-precieux-face-au-tp-mazembe\/"},"author":{"name":"admin","@id":"https:\/\/lasentinelle.dz\/#\/schema\/person\/729ee0024f24e0b8c5ec17232f8e8b41"},"headline":"Ligue des champions de la CAF:Le MCA arrache un point pr\u00e9cieux face au TP Mazembe","datePublished":"2024-11-27T11:42:37+00:00","dateModified":"2024-11-27T11:42:38+00:00","mainEntityOfPage":{"@id":"https:\/\/lasentinelle.dz\/index.php\/2024\/11\/27\/ligue-des-champions-de-la-cafle-mca-arrache-un-point-precieux-face-au-tp-mazembe\/"},"wordCount":453,"commentCount":0,"publisher":{"@id":"https:\/\/lasentinelle.dz\/#organization"},"image":{"@id":"https:\/\/lasentinelle.dz\/index.php\/2024\/11\/27\/ligue-des-champions-de-la-cafle-mca-arrache-un-point-precieux-face-au-tp-mazembe\/#primaryimage"},"thumbnailUrl":"https:\/\/lasentinelle.dz\/wp-content\/uploads\/2024\/11\/MCA.jpeg","articleSection":["\u00c0 la Une","Sports"],"inLanguage":"fr-FR","potentialAction":[{"@type":"CommentAction","name":"Comment","target":["https:\/\/lasentinelle.dz\/index.php\/2024\/11\/27\/ligue-des-champions-de-la-cafle-mca-arrache-un-point-precieux-face-au-tp-mazembe\/#respond"]}]},{"@type":"WebPage","@id":"https:\/\/lasentinelle.dz\/index.php\/2024\/11\/27\/ligue-des-champions-de-la-cafle-mca-arrache-un-point-precieux-face-au-tp-mazembe\/","url":"https:\/\/lasentinelle.dz\/index.php\/2024\/11\/27\/ligue-des-champions-de-la-cafle-mca-arrache-un-point-precieux-face-au-tp-mazembe\/","name":"Ligue des champions de la CAF:Le MCA arrache un point pr\u00e9cieux face au TP Mazembe - La Sentinelle","isPartOf":{"@id":"https:\/\/lasentinelle.dz\/#website"},"primaryImageOfPage":{"@id":"https:\/\/lasentinelle.dz\/index.php\/2024\/11\/27\/ligue-des-champions-de-la-cafle-mca-arrache-un-point-precieux-face-au-tp-mazembe\/#primaryimage"},"image":{"@id":"https:\/\/lasentinelle.dz\/index.php\/2024\/11\/27\/ligue-des-champions-de-la-cafle-mca-arrache-un-point-precieux-face-au-tp-mazembe\/#primaryimage"},"thumbnailUrl":"https:\/\/lasentinelle.dz\/wp-content\/uploads\/2024\/11\/MCA.jpeg","datePublished":"2024-11-27T11:42:37+00:00","dateModified":"2024-11-27T11:42:38+00:00","breadcrumb":{"@id":"https:\/\/lasentinelle.dz\/index.php\/2024\/11\/27\/ligue-des-champions-de-la-cafle-mca-arrache-un-point-precieux-face-au-tp-mazembe\/#breadcrumb"},"inLanguage":"fr-FR","potentialAction":[{"@type":"ReadAction","target":["https:\/\/lasentinelle.dz\/index.php\/2024\/11\/27\/ligue-des-champions-de-la-cafle-mca-arrache-un-point-precieux-face-au-tp-mazembe\/"]}]},{"@type":"ImageObject","inLanguage":"fr-FR","@id":"https:\/\/lasentinelle.dz\/index.php\/2024\/11\/27\/ligue-des-champions-de-la-cafle-mca-arrache-un-point-precieux-face-au-tp-mazembe\/#primaryimage","url":"https:\/\/lasentinelle.dz\/wp-content\/uploads\/2024\/11\/MCA.jpeg","contentUrl":"https:\/\/lasentinelle.dz\/wp-content\/uploads\/2024\/11\/MCA.jpeg","width":1100,"height":838},{"@type":"BreadcrumbList","@id":"https:\/\/lasentinelle.dz\/index.php\/2024\/11\/27\/ligue-des-champions-de-la-cafle-mca-arrache-un-point-precieux-face-au-tp-mazembe\/#breadcrumb","itemListElement":[{"@type":"ListItem","position":1,"name":"Accueil","item":"https:\/\/lasentinelle.dz\/"},{"@type":"ListItem","position":2,"name":"Ligue des champions de la CAF:Le MCA arrache un point pr\u00e9cieux face au TP Mazembe"}]},{"@type":"WebSite","@id":"https:\/\/lasentinelle.dz\/#website","url":"https:\/\/lasentinelle.dz\/","name":"La Sentinelle","description":"Quotidien national d&#039;information","publisher":{"@id":"https:\/\/lasentinelle.dz\/#organization"},"potentialAction":[{"@type":"SearchAction","target":{"@type":"EntryPoint","urlTemplate":"https:\/\/lasentinelle.dz\/?s={search_term_string}"},"query-input":{"@type":"PropertyValueSpecification","valueRequired":true,"valueName":"search_term_string"}}],"inLanguage":"fr-FR"},{"@type":"Organization","@id":"https:\/\/lasentinelle.dz\/#organization","name":"Quotidien La Sentinelle","url":"https:\/\/lasentinelle.dz\/","logo":{"@type":"ImageObject","inLanguage":"fr-FR","@id":"https:\/\/lasentinelle.dz\/#\/schema\/logo\/image\/","url":"https:\/\/lasentinelle.dz\/wp-content\/uploads\/2021\/09\/logo-sentinelleSLOGAN-1.png","contentUrl":"https:\/\/lasentinelle.dz\/wp-content\/uploads\/2021\/09\/logo-sentinelleSLOGAN-1.png","width":615,"height":142,"caption":"Quotidien La Sentinelle"},"image":{"@id":"https:\/\/lasentinelle.dz\/#\/schema\/logo\/image\/"},"sameAs":["https:\/\/www.facebook.com\/La-Sentinelle-104059864394773"]},{"@type":"Person","@id":"https:\/\/lasentinelle.dz\/#\/schema\/person\/729ee0024f24e0b8c5ec17232f8e8b41","name":"admin","image":{"@type":"ImageObject","inLanguage":"fr-FR","@id":"https:\/\/secure.gravatar.com\/avatar\/4c81fed838786e9b53f540bf46533e750f5d292099ae3b66cfc6fb1982e29df7?s=96&d=mm&r=g","url":"https:\/\/secure.gravatar.com\/avatar\/4c81fed838786e9b53f540bf46533e750f5d292099ae3b66cfc6fb1982e29df7?s=96&d=mm&r=g","contentUrl":"https:\/\/secure.gravatar.com\/avatar\/4c81fed838786e9b53f540bf46533e750f5d292099ae3b66cfc6fb1982e29df7?s=96&d=mm&r=g","caption":"admin"},"description":"admin","url":"https:\/\/lasentinelle.dz\/author\/admin\/"}]}},"_links":{"self":[{"href":"https:\/\/lasentinelle.dz\/index.php\/wp-json\/wp\/v2\/posts\/59842","targetHints":{"allow":["GET"]}}],"collection":[{"href":"https:\/\/lasentinelle.dz\/index.php\/wp-json\/wp\/v2\/posts"}],"about":[{"href":"https:\/\/lasentinelle.dz\/index.php\/wp-json\/wp\/v2\/types\/post"}],"author":[{"embeddable":true,"href":"https:\/\/lasentinelle.dz\/index.php\/wp-json\/wp\/v2\/users\/6"}],"replies":[{"embeddable":true,"href":"https:\/\/lasentinelle.dz\/index.php\/wp-json\/wp\/v2\/comments?post=59842"}],"version-history":[{"count":1,"href":"https:\/\/lasentinelle.dz\/index.php\/wp-json\/wp\/v2\/posts\/59842\/revisions"}],"predecessor-version":[{"id":59844,"href":"https:\/\/lasentinelle.dz\/index.php\/wp-json\/wp\/v2\/posts\/59842\/revisions\/59844"}],"wp:featuredmedia":[{"embeddable":true,"href":"https:\/\/lasentinelle.dz\/index.php\/wp-json\/wp\/v2\/media\/59843"}],"wp:attachment":[{"href":"https:\/\/lasentinelle.dz\/index.php\/wp-json\/wp\/v2\/media?parent=59842"}],"wp:term":[{"taxonomy":"category","embeddable":true,"href":"https:\/\/lasentinelle.dz\/index.php\/wp-json\/wp\/v2\/categories?post=59842"},{"taxonomy":"post_tag","embeddable":true,"href":"https:\/\/lasentinelle.dz\/index.php\/wp-json\/wp\/v2\/tags?post=59842"}],"curies":[{"name":"wp","href":"https:\/\/api.w.org\/{rel}","templated":true}]}}