{"id":59854,"date":"2024-11-27T12:51:17","date_gmt":"2024-11-27T11:51:17","guid":{"rendered":"https:\/\/lasentinelle.dz\/?p=59854"},"modified":"2024-11-27T12:51:17","modified_gmt":"2024-11-27T11:51:17","slug":"20e-edition-du-salon-international-des-travaux-publics-signature-dun-accord-de-partenariat-entre-sapta-et-crcc","status":"publish","type":"post","link":"https:\/\/lasentinelle.dz\/index.php\/2024\/11\/27\/20e-edition-du-salon-international-des-travaux-publics-signature-dun-accord-de-partenariat-entre-sapta-et-crcc\/","title":{"rendered":"20e \u00e9dition du Salon international des travaux publics: Signature d\u2019un accord de partenariat entre SAPTA et CRCC"},"content":{"rendered":"\n<p>Un accord de partenariat strat\u00e9gique entre l&rsquo;entreprise publique SAPTA et le groupe chinois China Railway Construction Corporation (CRCC) a \u00e9t\u00e9 sign\u00e9 en de la 20e \u00e9dition du Salon international des travaux publics (SITP) qui se tient actuellement \u00e0 Alger. Cette joint-venture ambitieuse vise \u00e0 cr\u00e9er une unit\u00e9 de production locale enti\u00e8rement d\u00e9di\u00e9e \u00e0 la fabrication d&rsquo;\u00e9quipements cruciaux pour les infrastructures, notamment des appareils d&rsquo;appui et des joints de chauss\u00e9e. Aux yeux d&rsquo;A\u00efssa Naidjaoui, pr\u00e9sident-directeur g\u00e9n\u00e9ral de SAPTA, ce partenariat industriel repr\u00e9sente bien plus qu&rsquo;un simple accord commercial : c&rsquo;est une opportunit\u00e9 structurante de r\u00e9duire significativement les importations et de construire, \u00e0 moyen terme, des perspectives d&rsquo;exportation prometteuses. Un objectif important dans un contexte de d\u00e9veloppement des infrastructures notamment ferroviaires.<\/p>\n\n\n\n<p>Dans ce contexte de transformation profonde des infrastructures nationales, le ministre des Travaux publics et des Infrastructures de base, Lakhdar Rekhroukh, a d\u00e9voil\u00e9 une vision strat\u00e9gique particuli\u00e8rement ambitieuse. Il souligne ainsi que la cr\u00e9ation du Groupe public de construction ferroviaire (GPF), qui f\u00e9d\u00e8re quatre soci\u00e9t\u00e9s sp\u00e9cialis\u00e9es dans les travaux et l&rsquo;ing\u00e9nierie ferroviaire, constitue ind\u00e9niablement un pilier essentiel pour dynamiser les projets d&rsquo;infrastructure. Le ministre a clairement \u00e9nonc\u00e9 les objectifs nationaux : r\u00e9aliser un r\u00e9seau ferroviaire de 15.000 km, dont 4.700 km sont d\u00e9j\u00e0 op\u00e9rationnels, avec une projection \u00e0 6.000 km dans un horizon proche. Cette ambition ferroviaire s&rsquo;accompagne d&rsquo;une approche globale et syst\u00e9mique du d\u00e9veloppement des infrastructures. Lors de sa visite au stand de l&rsquo;Alg\u00e9rienne des Autoroutes (ADA), Rekhroukh a insist\u00e9 sur des aspects cruciaux de la s\u00e9curit\u00e9 routi\u00e8re. Les signalisations verticales et horizontales sont d\u00e9sormais consid\u00e9r\u00e9es comme des outils strat\u00e9giques pour r\u00e9duire significativement les accidents de circulation. L&rsquo;entretien constant et la r\u00e9novation rapide des sections autorouti\u00e8res d\u00e9grad\u00e9es sont pr\u00e9sent\u00e9s comme des priorit\u00e9s nationales, refl\u00e9tant une vision pr\u00e9ventive et dynamique de la gestion des infrastructures. La formation et le d\u00e9veloppement des comp\u00e9tences locales occupent une place centrale dans cette strat\u00e9gie. Au stand du projet du port de Djen Djen, le ministre a martel\u00e9 l&rsquo;importance cruciale de la formation, particuli\u00e8rement pour les ing\u00e9nieurs. L&rsquo;objectif est clair : garantir non seulement la qualit\u00e9 mais surtout la p\u00e9rennit\u00e9 des infrastructures \u00e0 travers un investissement massif dans le capital humain. La dimension internationale de cette strat\u00e9gie de d\u00e9veloppement transpara\u00eet \u00e0 travers des partenariats strat\u00e9giques choisis. La pr\u00e9sence de la soci\u00e9t\u00e9 chinoise Harbour Engineering, charg\u00e9e de r\u00e9aliser les projets d&rsquo;extension des ports d&rsquo;Arzew et d&rsquo;Annaba, symbolise cette volont\u00e9 de collaboration technologique et industrielle. Ces partenariats ne sont pas de simples accords commerciaux, mais des opportunit\u00e9s d&rsquo;\u00e9changes de savoir-faire et de transfert de technologies. Le Salon international des travaux publics lui-m\u00eame incarne cette dynamique d&rsquo;ouverture et d&rsquo;innovation. Organis\u00e9 par le minist\u00e8re des Travaux publics et Algeria Exhibitions, l&rsquo;\u00e9v\u00e9nement a r\u00e9uni 232 entreprises alg\u00e9riennes et internationales, dont 22 entreprises \u00e9trang\u00e8res venues de Chine, Turquie, Italie, Pologne, Allemagne et Portugal. La pr\u00e9sence de start-ups, d&rsquo;instituts sp\u00e9cialis\u00e9s, de banques et d&rsquo;institutions financi\u00e8res t\u00e9moigne de l&rsquo;approche holistique adopt\u00e9e. Il ne s&rsquo;agit plus seulement de construire des infrastructures, mais de cr\u00e9er un \u00e9cosyst\u00e8me complet d&rsquo;innovation, de financement et de d\u00e9veloppement technologique. Cette \u00e9dition du SITP repr\u00e9sente ainsi bien plus qu&rsquo;un simple \u00e9v\u00e9nement \u00e9conomique : c&rsquo;est un marqueur de la transformation profonde du secteur des infrastructures alg\u00e9riennes, o\u00f9 d\u00e9veloppement local, formation, innovation et ouverture internationale se conjuguent pour dessiner les contours d&rsquo;un avenir ambitieux et dynamique.<\/p>\n\n\n\n<p>Salim Amokrane<\/p>\n","protected":false},"excerpt":{"rendered":"<p>Un accord de partenariat strat\u00e9gique entre l&rsquo;entreprise publique SAPTA et le groupe chinois China Railway Construction Corporation (CRCC) a \u00e9t\u00e9<\/p>\n","protected":false},"author":6,"featured_media":59855,"comment_status":"open","ping_status":"closed","sticky":false,"template":"","format":"standard","meta":{"colormag_page_container_layout":"default_layout","colormag_page_sidebar_layout":"default_layout","om_disable_all_campaigns":false,"_monsterinsights_skip_tracking":false,"_monsterinsights_sitenote_active":false,"_monsterinsights_sitenote_note":"","_monsterinsights_sitenote_category":0,"footnotes":"","_wpscppro_dont_share_socialmedia":false,"_wpscppro_custom_social_share_image":0,"_facebook_share_type":"default","_twitter_share_type":"default","_linkedin_share_type":"default","_pinterest_share_type":"default","_linkedin_share_type_page":"","_instagram_share_type":"default","_medium_share_type":"default","_threads_share_type":"","_google_business_share_type":"","_selected_social_profile":[],"_wpsp_enable_custom_social_template":false,"_wpsp_social_scheduling":{"enabled":false,"datetime":null,"platforms":[],"status":"template_only","dateOption":"today","timeOption":"now","customDays":"","customHours":"","customDate":"","customTime":"","schedulingType":"absolute"},"_wpsp_active_default_template":true},"categories":[29],"tags":[],"class_list":["post-59854","post","type-post","status-publish","format-standard","has-post-thumbnail","hentry","category-economie"],"aioseo_notices":[],"yoast_head":"<!-- This site is optimized with the Yoast SEO plugin v27.5 - https:\/\/yoast.com\/product\/yoast-seo-wordpress\/ -->\n<title>20e \u00e9dition du Salon international des travaux publics: Signature d\u2019un accord de partenariat entre SAPTA et CRCC - La Sentinelle<\/title>\n<meta name=\"robots\" content=\"index, follow, max-snippet:-1, max-image-preview:large, max-video-preview:-1\" \/>\n<link rel=\"canonical\" href=\"https:\/\/lasentinelle.dz\/index.php\/2024\/11\/27\/20e-edition-du-salon-international-des-travaux-publics-signature-dun-accord-de-partenariat-entre-sapta-et-crcc\/\" \/>\n<meta property=\"og:locale\" content=\"fr_FR\" \/>\n<meta property=\"og:type\" content=\"article\" \/>\n<meta property=\"og:title\" content=\"20e \u00e9dition du Salon international des travaux publics: Signature d\u2019un accord de partenariat entre SAPTA et CRCC - La Sentinelle\" \/>\n<meta property=\"og:description\" content=\"Un accord de partenariat strat\u00e9gique entre l&rsquo;entreprise publique SAPTA et le groupe chinois China Railway Construction Corporation (CRCC) a \u00e9t\u00e9\" \/>\n<meta property=\"og:url\" content=\"https:\/\/lasentinelle.dz\/index.php\/2024\/11\/27\/20e-edition-du-salon-international-des-travaux-publics-signature-dun-accord-de-partenariat-entre-sapta-et-crcc\/\" \/>\n<meta property=\"og:site_name\" content=\"La Sentinelle\" \/>\n<meta property=\"article:publisher\" content=\"https:\/\/www.facebook.com\/La-Sentinelle-104059864394773\" \/>\n<meta property=\"article:published_time\" content=\"2024-11-27T11:51:17+00:00\" \/>\n<meta property=\"og:image\" content=\"https:\/\/lasentinelle.dz\/wp-content\/uploads\/2024\/11\/accord.jpg\" \/>\n\t<meta property=\"og:image:width\" content=\"1920\" \/>\n\t<meta property=\"og:image:height\" content=\"1080\" \/>\n\t<meta property=\"og:image:type\" content=\"image\/jpeg\" \/>\n<meta name=\"author\" content=\"admin\" \/>\n<meta name=\"twitter:card\" content=\"summary_large_image\" \/>\n<meta name=\"twitter:label1\" content=\"\u00c9crit par\" \/>\n\t<meta name=\"twitter:data1\" content=\"admin\" \/>\n\t<meta name=\"twitter:label2\" content=\"Dur\u00e9e de lecture estim\u00e9e\" \/>\n\t<meta name=\"twitter:data2\" content=\"3 minutes\" \/>\n<script type=\"application\/ld+json\" class=\"yoast-schema-graph\">{\"@context\":\"https:\\\/\\\/schema.org\",\"@graph\":[{\"@type\":\"Article\",\"@id\":\"https:\\\/\\\/lasentinelle.dz\\\/index.php\\\/2024\\\/11\\\/27\\\/20e-edition-du-salon-international-des-travaux-publics-signature-dun-accord-de-partenariat-entre-sapta-et-crcc\\\/#article\",\"isPartOf\":{\"@id\":\"https:\\\/\\\/lasentinelle.dz\\\/index.php\\\/2024\\\/11\\\/27\\\/20e-edition-du-salon-international-des-travaux-publics-signature-dun-accord-de-partenariat-entre-sapta-et-crcc\\\/\"},\"author\":{\"name\":\"admin\",\"@id\":\"https:\\\/\\\/lasentinelle.dz\\\/#\\\/schema\\\/person\\\/729ee0024f24e0b8c5ec17232f8e8b41\"},\"headline\":\"20e \u00e9dition du Salon international des travaux publics: Signature d\u2019un accord de partenariat entre SAPTA et CRCC\",\"datePublished\":\"2024-11-27T11:51:17+00:00\",\"mainEntityOfPage\":{\"@id\":\"https:\\\/\\\/lasentinelle.dz\\\/index.php\\\/2024\\\/11\\\/27\\\/20e-edition-du-salon-international-des-travaux-publics-signature-dun-accord-de-partenariat-entre-sapta-et-crcc\\\/\"},\"wordCount\":659,\"commentCount\":0,\"publisher\":{\"@id\":\"https:\\\/\\\/lasentinelle.dz\\\/#organization\"},\"image\":{\"@id\":\"https:\\\/\\\/lasentinelle.dz\\\/index.php\\\/2024\\\/11\\\/27\\\/20e-edition-du-salon-international-des-travaux-publics-signature-dun-accord-de-partenariat-entre-sapta-et-crcc\\\/#primaryimage\"},\"thumbnailUrl\":\"https:\\\/\\\/lasentinelle.dz\\\/wp-content\\\/uploads\\\/2024\\\/11\\\/accord.jpg\",\"articleSection\":[\"\u00c9conomie\"],\"inLanguage\":\"fr-FR\",\"potentialAction\":[{\"@type\":\"CommentAction\",\"name\":\"Comment\",\"target\":[\"https:\\\/\\\/lasentinelle.dz\\\/index.php\\\/2024\\\/11\\\/27\\\/20e-edition-du-salon-international-des-travaux-publics-signature-dun-accord-de-partenariat-entre-sapta-et-crcc\\\/#respond\"]}]},{\"@type\":\"WebPage\",\"@id\":\"https:\\\/\\\/lasentinelle.dz\\\/index.php\\\/2024\\\/11\\\/27\\\/20e-edition-du-salon-international-des-travaux-publics-signature-dun-accord-de-partenariat-entre-sapta-et-crcc\\\/\",\"url\":\"https:\\\/\\\/lasentinelle.dz\\\/index.php\\\/2024\\\/11\\\/27\\\/20e-edition-du-salon-international-des-travaux-publics-signature-dun-accord-de-partenariat-entre-sapta-et-crcc\\\/\",\"name\":\"20e \u00e9dition du Salon international des travaux publics: Signature d\u2019un accord de partenariat entre SAPTA et CRCC - La Sentinelle\",\"isPartOf\":{\"@id\":\"https:\\\/\\\/lasentinelle.dz\\\/#website\"},\"primaryImageOfPage\":{\"@id\":\"https:\\\/\\\/lasentinelle.dz\\\/index.php\\\/2024\\\/11\\\/27\\\/20e-edition-du-salon-international-des-travaux-publics-signature-dun-accord-de-partenariat-entre-sapta-et-crcc\\\/#primaryimage\"},\"image\":{\"@id\":\"https:\\\/\\\/lasentinelle.dz\\\/index.php\\\/2024\\\/11\\\/27\\\/20e-edition-du-salon-international-des-travaux-publics-signature-dun-accord-de-partenariat-entre-sapta-et-crcc\\\/#primaryimage\"},\"thumbnailUrl\":\"https:\\\/\\\/lasentinelle.dz\\\/wp-content\\\/uploads\\\/2024\\\/11\\\/accord.jpg\",\"datePublished\":\"2024-11-27T11:51:17+00:00\",\"breadcrumb\":{\"@id\":\"https:\\\/\\\/lasentinelle.dz\\\/index.php\\\/2024\\\/11\\\/27\\\/20e-edition-du-salon-international-des-travaux-publics-signature-dun-accord-de-partenariat-entre-sapta-et-crcc\\\/#breadcrumb\"},\"inLanguage\":\"fr-FR\",\"potentialAction\":[{\"@type\":\"ReadAction\",\"target\":[\"https:\\\/\\\/lasentinelle.dz\\\/index.php\\\/2024\\\/11\\\/27\\\/20e-edition-du-salon-international-des-travaux-publics-signature-dun-accord-de-partenariat-entre-sapta-et-crcc\\\/\"]}]},{\"@type\":\"ImageObject\",\"inLanguage\":\"fr-FR\",\"@id\":\"https:\\\/\\\/lasentinelle.dz\\\/index.php\\\/2024\\\/11\\\/27\\\/20e-edition-du-salon-international-des-travaux-publics-signature-dun-accord-de-partenariat-entre-sapta-et-crcc\\\/#primaryimage\",\"url\":\"https:\\\/\\\/lasentinelle.dz\\\/wp-content\\\/uploads\\\/2024\\\/11\\\/accord.jpg\",\"contentUrl\":\"https:\\\/\\\/lasentinelle.dz\\\/wp-content\\\/uploads\\\/2024\\\/11\\\/accord.jpg\",\"width\":1920,\"height\":1080},{\"@type\":\"BreadcrumbList\",\"@id\":\"https:\\\/\\\/lasentinelle.dz\\\/index.php\\\/2024\\\/11\\\/27\\\/20e-edition-du-salon-international-des-travaux-publics-signature-dun-accord-de-partenariat-entre-sapta-et-crcc\\\/#breadcrumb\",\"itemListElement\":[{\"@type\":\"ListItem\",\"position\":1,\"name\":\"Accueil\",\"item\":\"https:\\\/\\\/lasentinelle.dz\\\/\"},{\"@type\":\"ListItem\",\"position\":2,\"name\":\"20e \u00e9dition du Salon international des travaux publics: Signature d\u2019un accord de partenariat entre SAPTA et CRCC\"}]},{\"@type\":\"WebSite\",\"@id\":\"https:\\\/\\\/lasentinelle.dz\\\/#website\",\"url\":\"https:\\\/\\\/lasentinelle.dz\\\/\",\"name\":\"La Sentinelle\",\"description\":\"Quotidien national d&#039;information\",\"publisher\":{\"@id\":\"https:\\\/\\\/lasentinelle.dz\\\/#organization\"},\"potentialAction\":[{\"@type\":\"SearchAction\",\"target\":{\"@type\":\"EntryPoint\",\"urlTemplate\":\"https:\\\/\\\/lasentinelle.dz\\\/?s={search_term_string}\"},\"query-input\":{\"@type\":\"PropertyValueSpecification\",\"valueRequired\":true,\"valueName\":\"search_term_string\"}}],\"inLanguage\":\"fr-FR\"},{\"@type\":\"Organization\",\"@id\":\"https:\\\/\\\/lasentinelle.dz\\\/#organization\",\"name\":\"Quotidien La Sentinelle\",\"url\":\"https:\\\/\\\/lasentinelle.dz\\\/\",\"logo\":{\"@type\":\"ImageObject\",\"inLanguage\":\"fr-FR\",\"@id\":\"https:\\\/\\\/lasentinelle.dz\\\/#\\\/schema\\\/logo\\\/image\\\/\",\"url\":\"https:\\\/\\\/lasentinelle.dz\\\/wp-content\\\/uploads\\\/2021\\\/09\\\/logo-sentinelleSLOGAN-1.png\",\"contentUrl\":\"https:\\\/\\\/lasentinelle.dz\\\/wp-content\\\/uploads\\\/2021\\\/09\\\/logo-sentinelleSLOGAN-1.png\",\"width\":615,\"height\":142,\"caption\":\"Quotidien La Sentinelle\"},\"image\":{\"@id\":\"https:\\\/\\\/lasentinelle.dz\\\/#\\\/schema\\\/logo\\\/image\\\/\"},\"sameAs\":[\"https:\\\/\\\/www.facebook.com\\\/La-Sentinelle-104059864394773\"]},{\"@type\":\"Person\",\"@id\":\"https:\\\/\\\/lasentinelle.dz\\\/#\\\/schema\\\/person\\\/729ee0024f24e0b8c5ec17232f8e8b41\",\"name\":\"admin\",\"image\":{\"@type\":\"ImageObject\",\"inLanguage\":\"fr-FR\",\"@id\":\"https:\\\/\\\/secure.gravatar.com\\\/avatar\\\/4c81fed838786e9b53f540bf46533e750f5d292099ae3b66cfc6fb1982e29df7?s=96&d=mm&r=g\",\"url\":\"https:\\\/\\\/secure.gravatar.com\\\/avatar\\\/4c81fed838786e9b53f540bf46533e750f5d292099ae3b66cfc6fb1982e29df7?s=96&d=mm&r=g\",\"contentUrl\":\"https:\\\/\\\/secure.gravatar.com\\\/avatar\\\/4c81fed838786e9b53f540bf46533e750f5d292099ae3b66cfc6fb1982e29df7?s=96&d=mm&r=g\",\"caption\":\"admin\"},\"description\":\"admin\",\"url\":\"https:\\\/\\\/lasentinelle.dz\\\/author\\\/admin\\\/\"}]}<\/script>\n<!-- \/ Yoast SEO plugin. -->","yoast_head_json":{"title":"20e \u00e9dition du Salon international des travaux publics: Signature d\u2019un accord de partenariat entre SAPTA et CRCC - La Sentinelle","robots":{"index":"index","follow":"follow","max-snippet":"max-snippet:-1","max-image-preview":"max-image-preview:large","max-video-preview":"max-video-preview:-1"},"canonical":"https:\/\/lasentinelle.dz\/index.php\/2024\/11\/27\/20e-edition-du-salon-international-des-travaux-publics-signature-dun-accord-de-partenariat-entre-sapta-et-crcc\/","og_locale":"fr_FR","og_type":"article","og_title":"20e \u00e9dition du Salon international des travaux publics: Signature d\u2019un accord de partenariat entre SAPTA et CRCC - La Sentinelle","og_description":"Un accord de partenariat strat\u00e9gique entre l&rsquo;entreprise publique SAPTA et le groupe chinois China Railway Construction Corporation (CRCC) a \u00e9t\u00e9","og_url":"https:\/\/lasentinelle.dz\/index.php\/2024\/11\/27\/20e-edition-du-salon-international-des-travaux-publics-signature-dun-accord-de-partenariat-entre-sapta-et-crcc\/","og_site_name":"La Sentinelle","article_publisher":"https:\/\/www.facebook.com\/La-Sentinelle-104059864394773","article_published_time":"2024-11-27T11:51:17+00:00","og_image":[{"width":1920,"height":1080,"url":"https:\/\/lasentinelle.dz\/wp-content\/uploads\/2024\/11\/accord.jpg","type":"image\/jpeg"}],"author":"admin","twitter_card":"summary_large_image","twitter_misc":{"\u00c9crit par":"admin","Dur\u00e9e de lecture estim\u00e9e":"3 minutes"},"schema":{"@context":"https:\/\/schema.org","@graph":[{"@type":"Article","@id":"https:\/\/lasentinelle.dz\/index.php\/2024\/11\/27\/20e-edition-du-salon-international-des-travaux-publics-signature-dun-accord-de-partenariat-entre-sapta-et-crcc\/#article","isPartOf":{"@id":"https:\/\/lasentinelle.dz\/index.php\/2024\/11\/27\/20e-edition-du-salon-international-des-travaux-publics-signature-dun-accord-de-partenariat-entre-sapta-et-crcc\/"},"author":{"name":"admin","@id":"https:\/\/lasentinelle.dz\/#\/schema\/person\/729ee0024f24e0b8c5ec17232f8e8b41"},"headline":"20e \u00e9dition du Salon international des travaux publics: Signature d\u2019un accord de partenariat entre SAPTA et CRCC","datePublished":"2024-11-27T11:51:17+00:00","mainEntityOfPage":{"@id":"https:\/\/lasentinelle.dz\/index.php\/2024\/11\/27\/20e-edition-du-salon-international-des-travaux-publics-signature-dun-accord-de-partenariat-entre-sapta-et-crcc\/"},"wordCount":659,"commentCount":0,"publisher":{"@id":"https:\/\/lasentinelle.dz\/#organization"},"image":{"@id":"https:\/\/lasentinelle.dz\/index.php\/2024\/11\/27\/20e-edition-du-salon-international-des-travaux-publics-signature-dun-accord-de-partenariat-entre-sapta-et-crcc\/#primaryimage"},"thumbnailUrl":"https:\/\/lasentinelle.dz\/wp-content\/uploads\/2024\/11\/accord.jpg","articleSection":["\u00c9conomie"],"inLanguage":"fr-FR","potentialAction":[{"@type":"CommentAction","name":"Comment","target":["https:\/\/lasentinelle.dz\/index.php\/2024\/11\/27\/20e-edition-du-salon-international-des-travaux-publics-signature-dun-accord-de-partenariat-entre-sapta-et-crcc\/#respond"]}]},{"@type":"WebPage","@id":"https:\/\/lasentinelle.dz\/index.php\/2024\/11\/27\/20e-edition-du-salon-international-des-travaux-publics-signature-dun-accord-de-partenariat-entre-sapta-et-crcc\/","url":"https:\/\/lasentinelle.dz\/index.php\/2024\/11\/27\/20e-edition-du-salon-international-des-travaux-publics-signature-dun-accord-de-partenariat-entre-sapta-et-crcc\/","name":"20e \u00e9dition du Salon international des travaux publics: Signature d\u2019un accord de partenariat entre SAPTA et CRCC - La Sentinelle","isPartOf":{"@id":"https:\/\/lasentinelle.dz\/#website"},"primaryImageOfPage":{"@id":"https:\/\/lasentinelle.dz\/index.php\/2024\/11\/27\/20e-edition-du-salon-international-des-travaux-publics-signature-dun-accord-de-partenariat-entre-sapta-et-crcc\/#primaryimage"},"image":{"@id":"https:\/\/lasentinelle.dz\/index.php\/2024\/11\/27\/20e-edition-du-salon-international-des-travaux-publics-signature-dun-accord-de-partenariat-entre-sapta-et-crcc\/#primaryimage"},"thumbnailUrl":"https:\/\/lasentinelle.dz\/wp-content\/uploads\/2024\/11\/accord.jpg","datePublished":"2024-11-27T11:51:17+00:00","breadcrumb":{"@id":"https:\/\/lasentinelle.dz\/index.php\/2024\/11\/27\/20e-edition-du-salon-international-des-travaux-publics-signature-dun-accord-de-partenariat-entre-sapta-et-crcc\/#breadcrumb"},"inLanguage":"fr-FR","potentialAction":[{"@type":"ReadAction","target":["https:\/\/lasentinelle.dz\/index.php\/2024\/11\/27\/20e-edition-du-salon-international-des-travaux-publics-signature-dun-accord-de-partenariat-entre-sapta-et-crcc\/"]}]},{"@type":"ImageObject","inLanguage":"fr-FR","@id":"https:\/\/lasentinelle.dz\/index.php\/2024\/11\/27\/20e-edition-du-salon-international-des-travaux-publics-signature-dun-accord-de-partenariat-entre-sapta-et-crcc\/#primaryimage","url":"https:\/\/lasentinelle.dz\/wp-content\/uploads\/2024\/11\/accord.jpg","contentUrl":"https:\/\/lasentinelle.dz\/wp-content\/uploads\/2024\/11\/accord.jpg","width":1920,"height":1080},{"@type":"BreadcrumbList","@id":"https:\/\/lasentinelle.dz\/index.php\/2024\/11\/27\/20e-edition-du-salon-international-des-travaux-publics-signature-dun-accord-de-partenariat-entre-sapta-et-crcc\/#breadcrumb","itemListElement":[{"@type":"ListItem","position":1,"name":"Accueil","item":"https:\/\/lasentinelle.dz\/"},{"@type":"ListItem","position":2,"name":"20e \u00e9dition du Salon international des travaux publics: Signature d\u2019un accord de partenariat entre SAPTA et CRCC"}]},{"@type":"WebSite","@id":"https:\/\/lasentinelle.dz\/#website","url":"https:\/\/lasentinelle.dz\/","name":"La Sentinelle","description":"Quotidien national d&#039;information","publisher":{"@id":"https:\/\/lasentinelle.dz\/#organization"},"potentialAction":[{"@type":"SearchAction","target":{"@type":"EntryPoint","urlTemplate":"https:\/\/lasentinelle.dz\/?s={search_term_string}"},"query-input":{"@type":"PropertyValueSpecification","valueRequired":true,"valueName":"search_term_string"}}],"inLanguage":"fr-FR"},{"@type":"Organization","@id":"https:\/\/lasentinelle.dz\/#organization","name":"Quotidien La Sentinelle","url":"https:\/\/lasentinelle.dz\/","logo":{"@type":"ImageObject","inLanguage":"fr-FR","@id":"https:\/\/lasentinelle.dz\/#\/schema\/logo\/image\/","url":"https:\/\/lasentinelle.dz\/wp-content\/uploads\/2021\/09\/logo-sentinelleSLOGAN-1.png","contentUrl":"https:\/\/lasentinelle.dz\/wp-content\/uploads\/2021\/09\/logo-sentinelleSLOGAN-1.png","width":615,"height":142,"caption":"Quotidien La Sentinelle"},"image":{"@id":"https:\/\/lasentinelle.dz\/#\/schema\/logo\/image\/"},"sameAs":["https:\/\/www.facebook.com\/La-Sentinelle-104059864394773"]},{"@type":"Person","@id":"https:\/\/lasentinelle.dz\/#\/schema\/person\/729ee0024f24e0b8c5ec17232f8e8b41","name":"admin","image":{"@type":"ImageObject","inLanguage":"fr-FR","@id":"https:\/\/secure.gravatar.com\/avatar\/4c81fed838786e9b53f540bf46533e750f5d292099ae3b66cfc6fb1982e29df7?s=96&d=mm&r=g","url":"https:\/\/secure.gravatar.com\/avatar\/4c81fed838786e9b53f540bf46533e750f5d292099ae3b66cfc6fb1982e29df7?s=96&d=mm&r=g","contentUrl":"https:\/\/secure.gravatar.com\/avatar\/4c81fed838786e9b53f540bf46533e750f5d292099ae3b66cfc6fb1982e29df7?s=96&d=mm&r=g","caption":"admin"},"description":"admin","url":"https:\/\/lasentinelle.dz\/author\/admin\/"}]}},"_links":{"self":[{"href":"https:\/\/lasentinelle.dz\/index.php\/wp-json\/wp\/v2\/posts\/59854","targetHints":{"allow":["GET"]}}],"collection":[{"href":"https:\/\/lasentinelle.dz\/index.php\/wp-json\/wp\/v2\/posts"}],"about":[{"href":"https:\/\/lasentinelle.dz\/index.php\/wp-json\/wp\/v2\/types\/post"}],"author":[{"embeddable":true,"href":"https:\/\/lasentinelle.dz\/index.php\/wp-json\/wp\/v2\/users\/6"}],"replies":[{"embeddable":true,"href":"https:\/\/lasentinelle.dz\/index.php\/wp-json\/wp\/v2\/comments?post=59854"}],"version-history":[{"count":1,"href":"https:\/\/lasentinelle.dz\/index.php\/wp-json\/wp\/v2\/posts\/59854\/revisions"}],"predecessor-version":[{"id":59856,"href":"https:\/\/lasentinelle.dz\/index.php\/wp-json\/wp\/v2\/posts\/59854\/revisions\/59856"}],"wp:featuredmedia":[{"embeddable":true,"href":"https:\/\/lasentinelle.dz\/index.php\/wp-json\/wp\/v2\/media\/59855"}],"wp:attachment":[{"href":"https:\/\/lasentinelle.dz\/index.php\/wp-json\/wp\/v2\/media?parent=59854"}],"wp:term":[{"taxonomy":"category","embeddable":true,"href":"https:\/\/lasentinelle.dz\/index.php\/wp-json\/wp\/v2\/categories?post=59854"},{"taxonomy":"post_tag","embeddable":true,"href":"https:\/\/lasentinelle.dz\/index.php\/wp-json\/wp\/v2\/tags?post=59854"}],"curies":[{"name":"wp","href":"https:\/\/api.w.org\/{rel}","templated":true}]}}