{"id":59904,"date":"2024-11-28T13:32:57","date_gmt":"2024-11-28T12:32:57","guid":{"rendered":"https:\/\/lasentinelle.dz\/?p=59904"},"modified":"2024-11-29T14:05:24","modified_gmt":"2024-11-29T13:05:24","slug":"trou-financier-a-la-faf-kheireddine-zetchi-place-en-detention","status":"publish","type":"post","link":"https:\/\/lasentinelle.dz\/index.php\/2024\/11\/28\/trou-financier-a-la-faf-kheireddine-zetchi-place-en-detention\/","title":{"rendered":"Trou financier \u00e0 la FAF: Kheireddine Zetchi plac\u00e9 en d\u00e9tention"},"content":{"rendered":"\n<p>L\u2019ancien pr\u00e9sident de la F\u00e9d\u00e9ration alg\u00e9rienne de football, Kheireddine Zetchi a \u00e9t\u00e9 plac\u00e9 hier mercredi, en d\u00e9tention, sur d\u00e9cision du juge d&rsquo;instruction de la troisi\u00e8me chambre au p\u00f4le p\u00e9nal \u00e9conomique et financier du tribunal de Sidi M&rsquo;Hamed, apprend-on de source judiciaire. Comme annonc\u00e9 dans notre pr\u00e9c\u00e9dente \u00e9dition, l&rsquo;ancien dirigeant de la FAF Kheireddine Zetchi a \u00e9t\u00e9 auditionn\u00e9 sur la gestion de la FAF, dont notamment les primes gratifi\u00e9es \u00e0 l\u2019encadrement technique apr\u00e8s la victoire de l\u2019Alg\u00e9rie \u00e0 la Coupe d\u2019Afrique des Nations (CAN) en 2019. A cela s&rsquo;ajoutent les d\u00e9penses de l\u2019organisation de la Coupe d\u2019Afrique des nations des moins de 17 ans, en particulier les d\u00e9penses jug\u00e9es tr\u00e8s excessive, a ajout\u00e9 la m\u00eame source. Kheireddine Zetchi est poursuivi dans le cadre de la loi 01\/06 relative \u00e0 lutte contre la corruption. En plus des faits cit\u00e9s ci-dessus, il est accus\u00e9 du mauvais usage intentionnel de la fonction, de dilapidation et la participation \u00e0 la dilapidation de fonds publics, ainsi la contraction de contrat en contradiction avec la l\u00e9gislation et la r\u00e9glementation en vue d&rsquo;attribution d&rsquo;avantages injustifi\u00e9s en plus du b\u00e9n\u00e9fice d&rsquo;avantages injustifi\u00e9s, lors de la conclusion de contrats avec un pays \u00e9tranger ou avec une institution ou bien un organe li\u00e9, a-t-on d\u00e9taill\u00e9. Des agissements qualifi\u00e9s de corruption ayant occasionn\u00e9 la dilapidation des deniers publics de la FAF et du Tr\u00e9sor public, a conclu notre source. Sont impliqu\u00e9s dans cette m\u00eame affaire, les deux autres anciens pr\u00e9sidents de la FAF, \u00e0 savoir Charaf Eddine Amara et Djahid Zefizef, tous les deux plac\u00e9s sous contr\u00f4le judiciaire, par le m\u00eame magistrat instructeur pr\u00e8s le magistrat instructeur du tribunal de Sidi M&rsquo;Hamed. Ces deux derniers seront \u00e9galement auditionn\u00e9s par le juge d&rsquo;instruction du p\u00f4le \u00e9conomique et financier sur la gestion de la FAF entre et 2023. Une gestion, dont l&rsquo;enqu\u00eate pr\u00e9liminaire a d\u00e9bouch\u00e9 sur la pr\u00e9sence d&rsquo;un trou financier de huit milliards de dinars, que l&rsquo;actuel pr\u00e9sident de la FAF, a d\u00e9couvert. Suite \u00e0 quoi, une information judiciaire a \u00e9t\u00e9, rappelons-le, ouverte en juillet dernier, par le parquet d\u2019Alger contre 14 accus\u00e9s.<\/p>\n\n\n\n<p><strong>Sofia Chahine<\/strong><\/p>\n","protected":false},"excerpt":{"rendered":"<p>L\u2019ancien pr\u00e9sident de la F\u00e9d\u00e9ration alg\u00e9rienne de football, Kheireddine Zetchi a \u00e9t\u00e9 plac\u00e9 hier mercredi, en d\u00e9tention, sur d\u00e9cision du<\/p>\n","protected":false},"author":6,"featured_media":59905,"comment_status":"open","ping_status":"closed","sticky":false,"template":"","format":"standard","meta":{"colormag_page_container_layout":"default_layout","colormag_page_sidebar_layout":"default_layout","om_disable_all_campaigns":false,"_monsterinsights_skip_tracking":false,"_monsterinsights_sitenote_active":false,"_monsterinsights_sitenote_note":"","_monsterinsights_sitenote_category":0,"footnotes":"","_wpscppro_dont_share_socialmedia":false,"_wpscppro_custom_social_share_image":0,"_facebook_share_type":"default","_twitter_share_type":"default","_linkedin_share_type":"default","_pinterest_share_type":"default","_linkedin_share_type_page":"","_instagram_share_type":"default","_medium_share_type":"default","_threads_share_type":"","_google_business_share_type":"","_selected_social_profile":[],"_wpsp_enable_custom_social_template":false,"_wpsp_social_scheduling":{"enabled":false,"datetime":null,"platforms":[],"status":"template_only","dateOption":"today","timeOption":"now","customDays":"","customHours":"","customDate":"","customTime":"","schedulingType":"absolute"},"_wpsp_active_default_template":true},"categories":[52,33],"tags":[],"class_list":["post-59904","post","type-post","status-publish","format-standard","has-post-thumbnail","hentry","category-a-la-une","category-sports"],"aioseo_notices":[],"yoast_head":"<!-- This site is optimized with the Yoast SEO plugin v27.5 - https:\/\/yoast.com\/product\/yoast-seo-wordpress\/ -->\n<title>Trou financier \u00e0 la FAF: Kheireddine Zetchi plac\u00e9 en d\u00e9tention - La Sentinelle<\/title>\n<meta name=\"robots\" content=\"index, follow, max-snippet:-1, max-image-preview:large, max-video-preview:-1\" \/>\n<link rel=\"canonical\" href=\"https:\/\/lasentinelle.dz\/index.php\/2024\/11\/28\/trou-financier-a-la-faf-kheireddine-zetchi-place-en-detention\/\" \/>\n<meta property=\"og:locale\" content=\"fr_FR\" \/>\n<meta property=\"og:type\" content=\"article\" \/>\n<meta property=\"og:title\" content=\"Trou financier \u00e0 la FAF: Kheireddine Zetchi plac\u00e9 en d\u00e9tention - La Sentinelle\" \/>\n<meta property=\"og:description\" content=\"L\u2019ancien pr\u00e9sident de la F\u00e9d\u00e9ration alg\u00e9rienne de football, Kheireddine Zetchi a \u00e9t\u00e9 plac\u00e9 hier mercredi, en d\u00e9tention, sur d\u00e9cision du\" \/>\n<meta property=\"og:url\" content=\"https:\/\/lasentinelle.dz\/index.php\/2024\/11\/28\/trou-financier-a-la-faf-kheireddine-zetchi-place-en-detention\/\" \/>\n<meta property=\"og:site_name\" content=\"La Sentinelle\" \/>\n<meta property=\"article:publisher\" content=\"https:\/\/www.facebook.com\/La-Sentinelle-104059864394773\" \/>\n<meta property=\"article:published_time\" content=\"2024-11-28T12:32:57+00:00\" \/>\n<meta property=\"article:modified_time\" content=\"2024-11-29T13:05:24+00:00\" \/>\n<meta name=\"author\" content=\"admin\" \/>\n<meta name=\"twitter:card\" content=\"summary_large_image\" \/>\n<meta name=\"twitter:label1\" content=\"\u00c9crit par\" \/>\n\t<meta name=\"twitter:data1\" content=\"admin\" \/>\n\t<meta name=\"twitter:label2\" content=\"Dur\u00e9e de lecture estim\u00e9e\" \/>\n\t<meta name=\"twitter:data2\" content=\"2 minutes\" \/>\n<script type=\"application\/ld+json\" class=\"yoast-schema-graph\">{\"@context\":\"https:\\\/\\\/schema.org\",\"@graph\":[{\"@type\":\"Article\",\"@id\":\"https:\\\/\\\/lasentinelle.dz\\\/index.php\\\/2024\\\/11\\\/28\\\/trou-financier-a-la-faf-kheireddine-zetchi-place-en-detention\\\/#article\",\"isPartOf\":{\"@id\":\"https:\\\/\\\/lasentinelle.dz\\\/index.php\\\/2024\\\/11\\\/28\\\/trou-financier-a-la-faf-kheireddine-zetchi-place-en-detention\\\/\"},\"author\":{\"name\":\"admin\",\"@id\":\"https:\\\/\\\/lasentinelle.dz\\\/#\\\/schema\\\/person\\\/729ee0024f24e0b8c5ec17232f8e8b41\"},\"headline\":\"Trou financier \u00e0 la FAF: Kheireddine Zetchi plac\u00e9 en d\u00e9tention\",\"datePublished\":\"2024-11-28T12:32:57+00:00\",\"dateModified\":\"2024-11-29T13:05:24+00:00\",\"mainEntityOfPage\":{\"@id\":\"https:\\\/\\\/lasentinelle.dz\\\/index.php\\\/2024\\\/11\\\/28\\\/trou-financier-a-la-faf-kheireddine-zetchi-place-en-detention\\\/\"},\"wordCount\":405,\"commentCount\":0,\"publisher\":{\"@id\":\"https:\\\/\\\/lasentinelle.dz\\\/#organization\"},\"image\":{\"@id\":\"https:\\\/\\\/lasentinelle.dz\\\/index.php\\\/2024\\\/11\\\/28\\\/trou-financier-a-la-faf-kheireddine-zetchi-place-en-detention\\\/#primaryimage\"},\"thumbnailUrl\":\"https:\\\/\\\/lasentinelle.dz\\\/wp-content\\\/uploads\\\/2024\\\/11\\\/zetchi.avif\",\"articleSection\":[\"\u00c0 la Une\",\"Sports\"],\"inLanguage\":\"fr-FR\",\"potentialAction\":[{\"@type\":\"CommentAction\",\"name\":\"Comment\",\"target\":[\"https:\\\/\\\/lasentinelle.dz\\\/index.php\\\/2024\\\/11\\\/28\\\/trou-financier-a-la-faf-kheireddine-zetchi-place-en-detention\\\/#respond\"]}]},{\"@type\":\"WebPage\",\"@id\":\"https:\\\/\\\/lasentinelle.dz\\\/index.php\\\/2024\\\/11\\\/28\\\/trou-financier-a-la-faf-kheireddine-zetchi-place-en-detention\\\/\",\"url\":\"https:\\\/\\\/lasentinelle.dz\\\/index.php\\\/2024\\\/11\\\/28\\\/trou-financier-a-la-faf-kheireddine-zetchi-place-en-detention\\\/\",\"name\":\"Trou financier \u00e0 la FAF: Kheireddine Zetchi plac\u00e9 en d\u00e9tention - La Sentinelle\",\"isPartOf\":{\"@id\":\"https:\\\/\\\/lasentinelle.dz\\\/#website\"},\"primaryImageOfPage\":{\"@id\":\"https:\\\/\\\/lasentinelle.dz\\\/index.php\\\/2024\\\/11\\\/28\\\/trou-financier-a-la-faf-kheireddine-zetchi-place-en-detention\\\/#primaryimage\"},\"image\":{\"@id\":\"https:\\\/\\\/lasentinelle.dz\\\/index.php\\\/2024\\\/11\\\/28\\\/trou-financier-a-la-faf-kheireddine-zetchi-place-en-detention\\\/#primaryimage\"},\"thumbnailUrl\":\"https:\\\/\\\/lasentinelle.dz\\\/wp-content\\\/uploads\\\/2024\\\/11\\\/zetchi.avif\",\"datePublished\":\"2024-11-28T12:32:57+00:00\",\"dateModified\":\"2024-11-29T13:05:24+00:00\",\"breadcrumb\":{\"@id\":\"https:\\\/\\\/lasentinelle.dz\\\/index.php\\\/2024\\\/11\\\/28\\\/trou-financier-a-la-faf-kheireddine-zetchi-place-en-detention\\\/#breadcrumb\"},\"inLanguage\":\"fr-FR\",\"potentialAction\":[{\"@type\":\"ReadAction\",\"target\":[\"https:\\\/\\\/lasentinelle.dz\\\/index.php\\\/2024\\\/11\\\/28\\\/trou-financier-a-la-faf-kheireddine-zetchi-place-en-detention\\\/\"]}]},{\"@type\":\"ImageObject\",\"inLanguage\":\"fr-FR\",\"@id\":\"https:\\\/\\\/lasentinelle.dz\\\/index.php\\\/2024\\\/11\\\/28\\\/trou-financier-a-la-faf-kheireddine-zetchi-place-en-detention\\\/#primaryimage\",\"url\":\"https:\\\/\\\/lasentinelle.dz\\\/wp-content\\\/uploads\\\/2024\\\/11\\\/zetchi.avif\",\"contentUrl\":\"https:\\\/\\\/lasentinelle.dz\\\/wp-content\\\/uploads\\\/2024\\\/11\\\/zetchi.avif\",\"width\":1215,\"height\":810},{\"@type\":\"BreadcrumbList\",\"@id\":\"https:\\\/\\\/lasentinelle.dz\\\/index.php\\\/2024\\\/11\\\/28\\\/trou-financier-a-la-faf-kheireddine-zetchi-place-en-detention\\\/#breadcrumb\",\"itemListElement\":[{\"@type\":\"ListItem\",\"position\":1,\"name\":\"Accueil\",\"item\":\"https:\\\/\\\/lasentinelle.dz\\\/\"},{\"@type\":\"ListItem\",\"position\":2,\"name\":\"Trou financier \u00e0 la FAF: Kheireddine Zetchi plac\u00e9 en d\u00e9tention\"}]},{\"@type\":\"WebSite\",\"@id\":\"https:\\\/\\\/lasentinelle.dz\\\/#website\",\"url\":\"https:\\\/\\\/lasentinelle.dz\\\/\",\"name\":\"La Sentinelle\",\"description\":\"Quotidien national d&#039;information\",\"publisher\":{\"@id\":\"https:\\\/\\\/lasentinelle.dz\\\/#organization\"},\"potentialAction\":[{\"@type\":\"SearchAction\",\"target\":{\"@type\":\"EntryPoint\",\"urlTemplate\":\"https:\\\/\\\/lasentinelle.dz\\\/?s={search_term_string}\"},\"query-input\":{\"@type\":\"PropertyValueSpecification\",\"valueRequired\":true,\"valueName\":\"search_term_string\"}}],\"inLanguage\":\"fr-FR\"},{\"@type\":\"Organization\",\"@id\":\"https:\\\/\\\/lasentinelle.dz\\\/#organization\",\"name\":\"Quotidien La Sentinelle\",\"url\":\"https:\\\/\\\/lasentinelle.dz\\\/\",\"logo\":{\"@type\":\"ImageObject\",\"inLanguage\":\"fr-FR\",\"@id\":\"https:\\\/\\\/lasentinelle.dz\\\/#\\\/schema\\\/logo\\\/image\\\/\",\"url\":\"https:\\\/\\\/lasentinelle.dz\\\/wp-content\\\/uploads\\\/2021\\\/09\\\/logo-sentinelleSLOGAN-1.png\",\"contentUrl\":\"https:\\\/\\\/lasentinelle.dz\\\/wp-content\\\/uploads\\\/2021\\\/09\\\/logo-sentinelleSLOGAN-1.png\",\"width\":615,\"height\":142,\"caption\":\"Quotidien La Sentinelle\"},\"image\":{\"@id\":\"https:\\\/\\\/lasentinelle.dz\\\/#\\\/schema\\\/logo\\\/image\\\/\"},\"sameAs\":[\"https:\\\/\\\/www.facebook.com\\\/La-Sentinelle-104059864394773\"]},{\"@type\":\"Person\",\"@id\":\"https:\\\/\\\/lasentinelle.dz\\\/#\\\/schema\\\/person\\\/729ee0024f24e0b8c5ec17232f8e8b41\",\"name\":\"admin\",\"image\":{\"@type\":\"ImageObject\",\"inLanguage\":\"fr-FR\",\"@id\":\"https:\\\/\\\/secure.gravatar.com\\\/avatar\\\/4c81fed838786e9b53f540bf46533e750f5d292099ae3b66cfc6fb1982e29df7?s=96&d=mm&r=g\",\"url\":\"https:\\\/\\\/secure.gravatar.com\\\/avatar\\\/4c81fed838786e9b53f540bf46533e750f5d292099ae3b66cfc6fb1982e29df7?s=96&d=mm&r=g\",\"contentUrl\":\"https:\\\/\\\/secure.gravatar.com\\\/avatar\\\/4c81fed838786e9b53f540bf46533e750f5d292099ae3b66cfc6fb1982e29df7?s=96&d=mm&r=g\",\"caption\":\"admin\"},\"description\":\"admin\",\"url\":\"https:\\\/\\\/lasentinelle.dz\\\/author\\\/admin\\\/\"}]}<\/script>\n<!-- \/ Yoast SEO plugin. -->","yoast_head_json":{"title":"Trou financier \u00e0 la FAF: Kheireddine Zetchi plac\u00e9 en d\u00e9tention - La Sentinelle","robots":{"index":"index","follow":"follow","max-snippet":"max-snippet:-1","max-image-preview":"max-image-preview:large","max-video-preview":"max-video-preview:-1"},"canonical":"https:\/\/lasentinelle.dz\/index.php\/2024\/11\/28\/trou-financier-a-la-faf-kheireddine-zetchi-place-en-detention\/","og_locale":"fr_FR","og_type":"article","og_title":"Trou financier \u00e0 la FAF: Kheireddine Zetchi plac\u00e9 en d\u00e9tention - La Sentinelle","og_description":"L\u2019ancien pr\u00e9sident de la F\u00e9d\u00e9ration alg\u00e9rienne de football, Kheireddine Zetchi a \u00e9t\u00e9 plac\u00e9 hier mercredi, en d\u00e9tention, sur d\u00e9cision du","og_url":"https:\/\/lasentinelle.dz\/index.php\/2024\/11\/28\/trou-financier-a-la-faf-kheireddine-zetchi-place-en-detention\/","og_site_name":"La Sentinelle","article_publisher":"https:\/\/www.facebook.com\/La-Sentinelle-104059864394773","article_published_time":"2024-11-28T12:32:57+00:00","article_modified_time":"2024-11-29T13:05:24+00:00","author":"admin","twitter_card":"summary_large_image","twitter_misc":{"\u00c9crit par":"admin","Dur\u00e9e de lecture estim\u00e9e":"2 minutes"},"schema":{"@context":"https:\/\/schema.org","@graph":[{"@type":"Article","@id":"https:\/\/lasentinelle.dz\/index.php\/2024\/11\/28\/trou-financier-a-la-faf-kheireddine-zetchi-place-en-detention\/#article","isPartOf":{"@id":"https:\/\/lasentinelle.dz\/index.php\/2024\/11\/28\/trou-financier-a-la-faf-kheireddine-zetchi-place-en-detention\/"},"author":{"name":"admin","@id":"https:\/\/lasentinelle.dz\/#\/schema\/person\/729ee0024f24e0b8c5ec17232f8e8b41"},"headline":"Trou financier \u00e0 la FAF: Kheireddine Zetchi plac\u00e9 en d\u00e9tention","datePublished":"2024-11-28T12:32:57+00:00","dateModified":"2024-11-29T13:05:24+00:00","mainEntityOfPage":{"@id":"https:\/\/lasentinelle.dz\/index.php\/2024\/11\/28\/trou-financier-a-la-faf-kheireddine-zetchi-place-en-detention\/"},"wordCount":405,"commentCount":0,"publisher":{"@id":"https:\/\/lasentinelle.dz\/#organization"},"image":{"@id":"https:\/\/lasentinelle.dz\/index.php\/2024\/11\/28\/trou-financier-a-la-faf-kheireddine-zetchi-place-en-detention\/#primaryimage"},"thumbnailUrl":"https:\/\/lasentinelle.dz\/wp-content\/uploads\/2024\/11\/zetchi.avif","articleSection":["\u00c0 la Une","Sports"],"inLanguage":"fr-FR","potentialAction":[{"@type":"CommentAction","name":"Comment","target":["https:\/\/lasentinelle.dz\/index.php\/2024\/11\/28\/trou-financier-a-la-faf-kheireddine-zetchi-place-en-detention\/#respond"]}]},{"@type":"WebPage","@id":"https:\/\/lasentinelle.dz\/index.php\/2024\/11\/28\/trou-financier-a-la-faf-kheireddine-zetchi-place-en-detention\/","url":"https:\/\/lasentinelle.dz\/index.php\/2024\/11\/28\/trou-financier-a-la-faf-kheireddine-zetchi-place-en-detention\/","name":"Trou financier \u00e0 la FAF: Kheireddine Zetchi plac\u00e9 en d\u00e9tention - La Sentinelle","isPartOf":{"@id":"https:\/\/lasentinelle.dz\/#website"},"primaryImageOfPage":{"@id":"https:\/\/lasentinelle.dz\/index.php\/2024\/11\/28\/trou-financier-a-la-faf-kheireddine-zetchi-place-en-detention\/#primaryimage"},"image":{"@id":"https:\/\/lasentinelle.dz\/index.php\/2024\/11\/28\/trou-financier-a-la-faf-kheireddine-zetchi-place-en-detention\/#primaryimage"},"thumbnailUrl":"https:\/\/lasentinelle.dz\/wp-content\/uploads\/2024\/11\/zetchi.avif","datePublished":"2024-11-28T12:32:57+00:00","dateModified":"2024-11-29T13:05:24+00:00","breadcrumb":{"@id":"https:\/\/lasentinelle.dz\/index.php\/2024\/11\/28\/trou-financier-a-la-faf-kheireddine-zetchi-place-en-detention\/#breadcrumb"},"inLanguage":"fr-FR","potentialAction":[{"@type":"ReadAction","target":["https:\/\/lasentinelle.dz\/index.php\/2024\/11\/28\/trou-financier-a-la-faf-kheireddine-zetchi-place-en-detention\/"]}]},{"@type":"ImageObject","inLanguage":"fr-FR","@id":"https:\/\/lasentinelle.dz\/index.php\/2024\/11\/28\/trou-financier-a-la-faf-kheireddine-zetchi-place-en-detention\/#primaryimage","url":"https:\/\/lasentinelle.dz\/wp-content\/uploads\/2024\/11\/zetchi.avif","contentUrl":"https:\/\/lasentinelle.dz\/wp-content\/uploads\/2024\/11\/zetchi.avif","width":1215,"height":810},{"@type":"BreadcrumbList","@id":"https:\/\/lasentinelle.dz\/index.php\/2024\/11\/28\/trou-financier-a-la-faf-kheireddine-zetchi-place-en-detention\/#breadcrumb","itemListElement":[{"@type":"ListItem","position":1,"name":"Accueil","item":"https:\/\/lasentinelle.dz\/"},{"@type":"ListItem","position":2,"name":"Trou financier \u00e0 la FAF: Kheireddine Zetchi plac\u00e9 en d\u00e9tention"}]},{"@type":"WebSite","@id":"https:\/\/lasentinelle.dz\/#website","url":"https:\/\/lasentinelle.dz\/","name":"La Sentinelle","description":"Quotidien national d&#039;information","publisher":{"@id":"https:\/\/lasentinelle.dz\/#organization"},"potentialAction":[{"@type":"SearchAction","target":{"@type":"EntryPoint","urlTemplate":"https:\/\/lasentinelle.dz\/?s={search_term_string}"},"query-input":{"@type":"PropertyValueSpecification","valueRequired":true,"valueName":"search_term_string"}}],"inLanguage":"fr-FR"},{"@type":"Organization","@id":"https:\/\/lasentinelle.dz\/#organization","name":"Quotidien La Sentinelle","url":"https:\/\/lasentinelle.dz\/","logo":{"@type":"ImageObject","inLanguage":"fr-FR","@id":"https:\/\/lasentinelle.dz\/#\/schema\/logo\/image\/","url":"https:\/\/lasentinelle.dz\/wp-content\/uploads\/2021\/09\/logo-sentinelleSLOGAN-1.png","contentUrl":"https:\/\/lasentinelle.dz\/wp-content\/uploads\/2021\/09\/logo-sentinelleSLOGAN-1.png","width":615,"height":142,"caption":"Quotidien La Sentinelle"},"image":{"@id":"https:\/\/lasentinelle.dz\/#\/schema\/logo\/image\/"},"sameAs":["https:\/\/www.facebook.com\/La-Sentinelle-104059864394773"]},{"@type":"Person","@id":"https:\/\/lasentinelle.dz\/#\/schema\/person\/729ee0024f24e0b8c5ec17232f8e8b41","name":"admin","image":{"@type":"ImageObject","inLanguage":"fr-FR","@id":"https:\/\/secure.gravatar.com\/avatar\/4c81fed838786e9b53f540bf46533e750f5d292099ae3b66cfc6fb1982e29df7?s=96&d=mm&r=g","url":"https:\/\/secure.gravatar.com\/avatar\/4c81fed838786e9b53f540bf46533e750f5d292099ae3b66cfc6fb1982e29df7?s=96&d=mm&r=g","contentUrl":"https:\/\/secure.gravatar.com\/avatar\/4c81fed838786e9b53f540bf46533e750f5d292099ae3b66cfc6fb1982e29df7?s=96&d=mm&r=g","caption":"admin"},"description":"admin","url":"https:\/\/lasentinelle.dz\/author\/admin\/"}]}},"_links":{"self":[{"href":"https:\/\/lasentinelle.dz\/index.php\/wp-json\/wp\/v2\/posts\/59904","targetHints":{"allow":["GET"]}}],"collection":[{"href":"https:\/\/lasentinelle.dz\/index.php\/wp-json\/wp\/v2\/posts"}],"about":[{"href":"https:\/\/lasentinelle.dz\/index.php\/wp-json\/wp\/v2\/types\/post"}],"author":[{"embeddable":true,"href":"https:\/\/lasentinelle.dz\/index.php\/wp-json\/wp\/v2\/users\/6"}],"replies":[{"embeddable":true,"href":"https:\/\/lasentinelle.dz\/index.php\/wp-json\/wp\/v2\/comments?post=59904"}],"version-history":[{"count":1,"href":"https:\/\/lasentinelle.dz\/index.php\/wp-json\/wp\/v2\/posts\/59904\/revisions"}],"predecessor-version":[{"id":59906,"href":"https:\/\/lasentinelle.dz\/index.php\/wp-json\/wp\/v2\/posts\/59904\/revisions\/59906"}],"wp:featuredmedia":[{"embeddable":true,"href":"https:\/\/lasentinelle.dz\/index.php\/wp-json\/wp\/v2\/media\/59905"}],"wp:attachment":[{"href":"https:\/\/lasentinelle.dz\/index.php\/wp-json\/wp\/v2\/media?parent=59904"}],"wp:term":[{"taxonomy":"category","embeddable":true,"href":"https:\/\/lasentinelle.dz\/index.php\/wp-json\/wp\/v2\/categories?post=59904"},{"taxonomy":"post_tag","embeddable":true,"href":"https:\/\/lasentinelle.dz\/index.php\/wp-json\/wp\/v2\/tags?post=59904"}],"curies":[{"name":"wp","href":"https:\/\/api.w.org\/{rel}","templated":true}]}}