{"id":59924,"date":"2024-11-28T14:10:32","date_gmt":"2024-11-28T13:10:32","guid":{"rendered":"https:\/\/lasentinelle.dz\/?p=59924"},"modified":"2024-11-29T14:22:01","modified_gmt":"2024-11-29T13:22:01","slug":"bilan-operationnel-de-lanp-reddition-dun-terroriste-a-bordj-badji-mokhtar-4","status":"publish","type":"post","link":"https:\/\/lasentinelle.dz\/index.php\/2024\/11\/28\/bilan-operationnel-de-lanp-reddition-dun-terroriste-a-bordj-badji-mokhtar-4\/","title":{"rendered":"Bilan op\u00e9rationnel de l\u2019ANP: Reddition d&rsquo;un terroriste \u00e0 Bordj Badji Mokhtar"},"content":{"rendered":"\n<p>Un terroriste s&rsquo;est rendu aux autorit\u00e9s militaires de Bordj Badji Mokhtar, et cinq \u00e9l\u00e9ments de soutien aux groupes terroristes ont \u00e9t\u00e9 arr\u00eat\u00e9s dans diff\u00e9rentes op\u00e9rations men\u00e9es par des d\u00e9tachements de l&rsquo;Arm\u00e9e nationale populaire (ANP), durant la p\u00e9riode du 20 au 26 novembre, indique mercredi un bilan op\u00e9rationnel de l&rsquo;ANP. \u00ab\u00a0Dans la dynamique des efforts soutenus dans la lutte antiterroriste et contre la criminalit\u00e9 organis\u00e9e multiforme, des unit\u00e9s et des d\u00e9tachements de l&rsquo;ANP ont ex\u00e9cut\u00e9, durant la p\u00e9riode allant du 20 au 26 novembre 2024, plusieurs op\u00e9rations ayant abouti \u00e0 des r\u00e9sultats de qualit\u00e9 qui refl\u00e8tent le haut professionnalisme, la vigilance et la disponibilit\u00e9 permanente de nos Forces arm\u00e9es \u00e0 travers tout le territoire national\u00a0\u00bb, pr\u00e9cise la m\u00eame source. Dans le cadre de la lutte antiterroriste et \u00ab\u00a0gr\u00e2ce aux efforts des unit\u00e9s de l&rsquo;ANP, le terroriste d\u00e9nomm\u00e9 +Hocine Karzazi+ dit +Abderrazzak+, s&rsquo;est rendu aux autorit\u00e9s militaires de Bordj Badji Mokhtar en 6\u00e8me R\u00e9gion militaire, en sa possession un pistolet-mitrailleur de type kalachnikov, une bombe de confection artisanale, une quantit\u00e9 de munitions et d&rsquo;autres effets, tandis que des d\u00e9tachements de l&rsquo;ANP ont arr\u00eat\u00e9 5 \u00e9l\u00e9ments de soutien aux groupes terroristes dans diff\u00e9rentes op\u00e9rations\u00a0\u00bb, note le communiqu\u00e9. Ces exploits sont le r\u00e9sultat des efforts soutenus dans la lutte antiterroriste et contre la criminalit\u00e9 organis\u00e9e multiforme. Dans ce contexte, et comme rapport\u00e9 par ledit communiqu\u00e9 des unit\u00e9s et des d\u00e9tachements combin\u00e9s de l&rsquo;ANP ont ex\u00e9cut\u00e9, en coordination avec les diff\u00e9rents services de s\u00e9curit\u00e9, plusieurs op\u00e9rations \u00e0 travers les R\u00e9gions militaires, aboutissant \u00e0 la mise en \u00e9chec de tentative d&rsquo;introduction via les fronti\u00e8res avec le Maroc, de quantit\u00e9 de kif trait\u00e9 s&rsquo;\u00e9levant \u00e0 5 qx et 36 kg en plus de l&rsquo;arrestation de 64 narcotrafiquants. Toujours dans le cadre de la lutte contre le narcotrafic, des d\u00e9tachements combin\u00e9s de l&rsquo;ANP ont, en coordination avec les services des Douanes, saisi une importante quantit\u00e9 de coca\u00efne s&rsquo;\u00e9levant \u00e0 112,648 kg, \u00e0 Oran en 2\u00e8me R\u00e9gion militaire. Dans le m\u00eame contexte, il a \u00e9t\u00e9 \u00e9galement pr\u00e9c\u00e9d\u00e9 \u00e0 la saisie de 13,33 kg de la m\u00eame substance et 1314165 comprim\u00e9s psychotropes, lors de diff\u00e9rentes op\u00e9rations men\u00e9es \u00e0 travers l&rsquo;ensemble du territoire, a ajout\u00e9 la m\u00eame source. S&rsquo;agissant de la lutte contre la l&rsquo;orpaillage illicite, des d\u00e9tachements de l&rsquo;ANP ont arr\u00eat\u00e9 \u00e0 Tamanrasset, Bordj Badji Mokhtar, In Salah, In Guezzam et Illizi 207 orpailleurs et saisi 18 v\u00e9hicules, 269 groupes \u00e9lectrog\u00e8nes, 127 marteaux-piqueurs, 4 d\u00e9tecteurs de m\u00e9taux et des quantit\u00e9s de m\u00e9lange d&rsquo;or brut ainsi que des pierres, des explosifs et des outils de d\u00e9tonation et autres \u00e9quipements utilis\u00e9s dans des op\u00e9rations d&rsquo;orpaillage ill\u00e9gal, a d\u00e9taill\u00e9 la m\u00eame source. Au registre de la lutte contre contrebande et la sp\u00e9culation, pas moins de 15 personnes ont \u00e9t\u00e9 arr\u00eat\u00e9es en possession d&rsquo;importants objets et produits destin\u00e9s \u00e0 la contrebande et la sp\u00e9culation. Les saisies repr\u00e9sentent 07 fusils de chasse, 02 pistolets automatiques, 01 fusil mitrailleur et 41530 litres de carburants, ainsi que 9,46 qx de tabac et 61,74 tonnes de denr\u00e9es alimentaires destin\u00e9es \u00e0 la contrebande et la sp\u00e9culation. De leur c\u00f4t\u00e9, les Garde-c\u00f4tes sont parvenus \u00e0 d\u00e9jouer, au niveau de nos c\u00f4tes nationales, des tentatives d&rsquo;\u00e9migration clandestine et ont apport\u00e9 secours \u00e0 213 individus, se trouvant \u00e0 bord d&#8217;embarcations de construction artisanale, et ont intercept\u00e9, \u00e0 travers le territoire national 460 immigrants clandestins de diff\u00e9rentes, a conclu le communiqu\u00e9 du MDN.<\/p>\n\n\n\n<p><strong>S. C.<\/strong><\/p>\n","protected":false},"excerpt":{"rendered":"<p>Un terroriste s&rsquo;est rendu aux autorit\u00e9s militaires de Bordj Badji Mokhtar, et cinq \u00e9l\u00e9ments de soutien aux groupes terroristes ont<\/p>\n","protected":false},"author":6,"featured_media":27980,"comment_status":"open","ping_status":"closed","sticky":false,"template":"","format":"standard","meta":{"colormag_page_container_layout":"default_layout","colormag_page_sidebar_layout":"default_layout","om_disable_all_campaigns":false,"_monsterinsights_skip_tracking":false,"_monsterinsights_sitenote_active":false,"_monsterinsights_sitenote_note":"","_monsterinsights_sitenote_category":0,"footnotes":"","_wpscppro_dont_share_socialmedia":false,"_wpscppro_custom_social_share_image":0,"_facebook_share_type":"default","_twitter_share_type":"default","_linkedin_share_type":"default","_pinterest_share_type":"default","_linkedin_share_type_page":"","_instagram_share_type":"default","_medium_share_type":"default","_threads_share_type":"","_google_business_share_type":"","_selected_social_profile":[],"_wpsp_enable_custom_social_template":false,"_wpsp_social_scheduling":{"enabled":false,"datetime":null,"platforms":[],"status":"template_only","dateOption":"today","timeOption":"now","customDays":"","customHours":"","customDate":"","customTime":"","schedulingType":"absolute"},"_wpsp_active_default_template":true},"categories":[27],"tags":[],"class_list":["post-59924","post","type-post","status-publish","format-standard","has-post-thumbnail","hentry","category-actualite"],"aioseo_notices":[],"yoast_head":"<!-- This site is optimized with the Yoast SEO plugin v27.5 - https:\/\/yoast.com\/product\/yoast-seo-wordpress\/ -->\n<title>Bilan op\u00e9rationnel de l\u2019ANP: Reddition d&rsquo;un terroriste \u00e0 Bordj Badji Mokhtar - La Sentinelle<\/title>\n<meta name=\"robots\" content=\"index, follow, max-snippet:-1, max-image-preview:large, max-video-preview:-1\" \/>\n<link rel=\"canonical\" href=\"https:\/\/lasentinelle.dz\/index.php\/2024\/11\/28\/bilan-operationnel-de-lanp-reddition-dun-terroriste-a-bordj-badji-mokhtar-4\/\" \/>\n<meta property=\"og:locale\" content=\"fr_FR\" \/>\n<meta property=\"og:type\" content=\"article\" \/>\n<meta property=\"og:title\" content=\"Bilan op\u00e9rationnel de l\u2019ANP: Reddition d&rsquo;un terroriste \u00e0 Bordj Badji Mokhtar - La Sentinelle\" \/>\n<meta property=\"og:description\" content=\"Un terroriste s&rsquo;est rendu aux autorit\u00e9s militaires de Bordj Badji Mokhtar, et cinq \u00e9l\u00e9ments de soutien aux groupes terroristes ont\" \/>\n<meta property=\"og:url\" content=\"https:\/\/lasentinelle.dz\/index.php\/2024\/11\/28\/bilan-operationnel-de-lanp-reddition-dun-terroriste-a-bordj-badji-mokhtar-4\/\" \/>\n<meta property=\"og:site_name\" content=\"La Sentinelle\" \/>\n<meta property=\"article:publisher\" content=\"https:\/\/www.facebook.com\/La-Sentinelle-104059864394773\" \/>\n<meta property=\"article:published_time\" content=\"2024-11-28T13:10:32+00:00\" \/>\n<meta property=\"article:modified_time\" content=\"2024-11-29T13:22:01+00:00\" \/>\n<meta property=\"og:image\" content=\"https:\/\/lasentinelle.dz\/wp-content\/uploads\/2022\/09\/MDN.png\" \/>\n\t<meta property=\"og:image:width\" content=\"1350\" \/>\n\t<meta property=\"og:image:height\" content=\"900\" \/>\n\t<meta property=\"og:image:type\" content=\"image\/png\" \/>\n<meta name=\"author\" content=\"admin\" \/>\n<meta name=\"twitter:card\" content=\"summary_large_image\" \/>\n<meta name=\"twitter:label1\" content=\"\u00c9crit par\" \/>\n\t<meta name=\"twitter:data1\" content=\"admin\" \/>\n\t<meta name=\"twitter:label2\" content=\"Dur\u00e9e de lecture estim\u00e9e\" \/>\n\t<meta name=\"twitter:data2\" content=\"4 minutes\" \/>\n<script type=\"application\/ld+json\" class=\"yoast-schema-graph\">{\"@context\":\"https:\\\/\\\/schema.org\",\"@graph\":[{\"@type\":\"Article\",\"@id\":\"https:\\\/\\\/lasentinelle.dz\\\/index.php\\\/2024\\\/11\\\/28\\\/bilan-operationnel-de-lanp-reddition-dun-terroriste-a-bordj-badji-mokhtar-4\\\/#article\",\"isPartOf\":{\"@id\":\"https:\\\/\\\/lasentinelle.dz\\\/index.php\\\/2024\\\/11\\\/28\\\/bilan-operationnel-de-lanp-reddition-dun-terroriste-a-bordj-badji-mokhtar-4\\\/\"},\"author\":{\"name\":\"admin\",\"@id\":\"https:\\\/\\\/lasentinelle.dz\\\/#\\\/schema\\\/person\\\/729ee0024f24e0b8c5ec17232f8e8b41\"},\"headline\":\"Bilan op\u00e9rationnel de l\u2019ANP: Reddition d&rsquo;un terroriste \u00e0 Bordj Badji Mokhtar\",\"datePublished\":\"2024-11-28T13:10:32+00:00\",\"dateModified\":\"2024-11-29T13:22:01+00:00\",\"mainEntityOfPage\":{\"@id\":\"https:\\\/\\\/lasentinelle.dz\\\/index.php\\\/2024\\\/11\\\/28\\\/bilan-operationnel-de-lanp-reddition-dun-terroriste-a-bordj-badji-mokhtar-4\\\/\"},\"wordCount\":631,\"commentCount\":0,\"publisher\":{\"@id\":\"https:\\\/\\\/lasentinelle.dz\\\/#organization\"},\"image\":{\"@id\":\"https:\\\/\\\/lasentinelle.dz\\\/index.php\\\/2024\\\/11\\\/28\\\/bilan-operationnel-de-lanp-reddition-dun-terroriste-a-bordj-badji-mokhtar-4\\\/#primaryimage\"},\"thumbnailUrl\":\"https:\\\/\\\/lasentinelle.dz\\\/wp-content\\\/uploads\\\/2022\\\/09\\\/MDN.png\",\"articleSection\":[\"Actualit\u00e9\"],\"inLanguage\":\"fr-FR\",\"potentialAction\":[{\"@type\":\"CommentAction\",\"name\":\"Comment\",\"target\":[\"https:\\\/\\\/lasentinelle.dz\\\/index.php\\\/2024\\\/11\\\/28\\\/bilan-operationnel-de-lanp-reddition-dun-terroriste-a-bordj-badji-mokhtar-4\\\/#respond\"]}]},{\"@type\":\"WebPage\",\"@id\":\"https:\\\/\\\/lasentinelle.dz\\\/index.php\\\/2024\\\/11\\\/28\\\/bilan-operationnel-de-lanp-reddition-dun-terroriste-a-bordj-badji-mokhtar-4\\\/\",\"url\":\"https:\\\/\\\/lasentinelle.dz\\\/index.php\\\/2024\\\/11\\\/28\\\/bilan-operationnel-de-lanp-reddition-dun-terroriste-a-bordj-badji-mokhtar-4\\\/\",\"name\":\"Bilan op\u00e9rationnel de l\u2019ANP: Reddition d&rsquo;un terroriste \u00e0 Bordj Badji Mokhtar - La Sentinelle\",\"isPartOf\":{\"@id\":\"https:\\\/\\\/lasentinelle.dz\\\/#website\"},\"primaryImageOfPage\":{\"@id\":\"https:\\\/\\\/lasentinelle.dz\\\/index.php\\\/2024\\\/11\\\/28\\\/bilan-operationnel-de-lanp-reddition-dun-terroriste-a-bordj-badji-mokhtar-4\\\/#primaryimage\"},\"image\":{\"@id\":\"https:\\\/\\\/lasentinelle.dz\\\/index.php\\\/2024\\\/11\\\/28\\\/bilan-operationnel-de-lanp-reddition-dun-terroriste-a-bordj-badji-mokhtar-4\\\/#primaryimage\"},\"thumbnailUrl\":\"https:\\\/\\\/lasentinelle.dz\\\/wp-content\\\/uploads\\\/2022\\\/09\\\/MDN.png\",\"datePublished\":\"2024-11-28T13:10:32+00:00\",\"dateModified\":\"2024-11-29T13:22:01+00:00\",\"breadcrumb\":{\"@id\":\"https:\\\/\\\/lasentinelle.dz\\\/index.php\\\/2024\\\/11\\\/28\\\/bilan-operationnel-de-lanp-reddition-dun-terroriste-a-bordj-badji-mokhtar-4\\\/#breadcrumb\"},\"inLanguage\":\"fr-FR\",\"potentialAction\":[{\"@type\":\"ReadAction\",\"target\":[\"https:\\\/\\\/lasentinelle.dz\\\/index.php\\\/2024\\\/11\\\/28\\\/bilan-operationnel-de-lanp-reddition-dun-terroriste-a-bordj-badji-mokhtar-4\\\/\"]}]},{\"@type\":\"ImageObject\",\"inLanguage\":\"fr-FR\",\"@id\":\"https:\\\/\\\/lasentinelle.dz\\\/index.php\\\/2024\\\/11\\\/28\\\/bilan-operationnel-de-lanp-reddition-dun-terroriste-a-bordj-badji-mokhtar-4\\\/#primaryimage\",\"url\":\"https:\\\/\\\/lasentinelle.dz\\\/wp-content\\\/uploads\\\/2022\\\/09\\\/MDN.png\",\"contentUrl\":\"https:\\\/\\\/lasentinelle.dz\\\/wp-content\\\/uploads\\\/2022\\\/09\\\/MDN.png\",\"width\":1350,\"height\":900},{\"@type\":\"BreadcrumbList\",\"@id\":\"https:\\\/\\\/lasentinelle.dz\\\/index.php\\\/2024\\\/11\\\/28\\\/bilan-operationnel-de-lanp-reddition-dun-terroriste-a-bordj-badji-mokhtar-4\\\/#breadcrumb\",\"itemListElement\":[{\"@type\":\"ListItem\",\"position\":1,\"name\":\"Accueil\",\"item\":\"https:\\\/\\\/lasentinelle.dz\\\/\"},{\"@type\":\"ListItem\",\"position\":2,\"name\":\"Bilan op\u00e9rationnel de l\u2019ANP: Reddition d&rsquo;un terroriste \u00e0 Bordj Badji Mokhtar\"}]},{\"@type\":\"WebSite\",\"@id\":\"https:\\\/\\\/lasentinelle.dz\\\/#website\",\"url\":\"https:\\\/\\\/lasentinelle.dz\\\/\",\"name\":\"La Sentinelle\",\"description\":\"Quotidien national d&#039;information\",\"publisher\":{\"@id\":\"https:\\\/\\\/lasentinelle.dz\\\/#organization\"},\"potentialAction\":[{\"@type\":\"SearchAction\",\"target\":{\"@type\":\"EntryPoint\",\"urlTemplate\":\"https:\\\/\\\/lasentinelle.dz\\\/?s={search_term_string}\"},\"query-input\":{\"@type\":\"PropertyValueSpecification\",\"valueRequired\":true,\"valueName\":\"search_term_string\"}}],\"inLanguage\":\"fr-FR\"},{\"@type\":\"Organization\",\"@id\":\"https:\\\/\\\/lasentinelle.dz\\\/#organization\",\"name\":\"Quotidien La Sentinelle\",\"url\":\"https:\\\/\\\/lasentinelle.dz\\\/\",\"logo\":{\"@type\":\"ImageObject\",\"inLanguage\":\"fr-FR\",\"@id\":\"https:\\\/\\\/lasentinelle.dz\\\/#\\\/schema\\\/logo\\\/image\\\/\",\"url\":\"https:\\\/\\\/lasentinelle.dz\\\/wp-content\\\/uploads\\\/2021\\\/09\\\/logo-sentinelleSLOGAN-1.png\",\"contentUrl\":\"https:\\\/\\\/lasentinelle.dz\\\/wp-content\\\/uploads\\\/2021\\\/09\\\/logo-sentinelleSLOGAN-1.png\",\"width\":615,\"height\":142,\"caption\":\"Quotidien La Sentinelle\"},\"image\":{\"@id\":\"https:\\\/\\\/lasentinelle.dz\\\/#\\\/schema\\\/logo\\\/image\\\/\"},\"sameAs\":[\"https:\\\/\\\/www.facebook.com\\\/La-Sentinelle-104059864394773\"]},{\"@type\":\"Person\",\"@id\":\"https:\\\/\\\/lasentinelle.dz\\\/#\\\/schema\\\/person\\\/729ee0024f24e0b8c5ec17232f8e8b41\",\"name\":\"admin\",\"image\":{\"@type\":\"ImageObject\",\"inLanguage\":\"fr-FR\",\"@id\":\"https:\\\/\\\/secure.gravatar.com\\\/avatar\\\/4c81fed838786e9b53f540bf46533e750f5d292099ae3b66cfc6fb1982e29df7?s=96&d=mm&r=g\",\"url\":\"https:\\\/\\\/secure.gravatar.com\\\/avatar\\\/4c81fed838786e9b53f540bf46533e750f5d292099ae3b66cfc6fb1982e29df7?s=96&d=mm&r=g\",\"contentUrl\":\"https:\\\/\\\/secure.gravatar.com\\\/avatar\\\/4c81fed838786e9b53f540bf46533e750f5d292099ae3b66cfc6fb1982e29df7?s=96&d=mm&r=g\",\"caption\":\"admin\"},\"description\":\"admin\",\"url\":\"https:\\\/\\\/lasentinelle.dz\\\/author\\\/admin\\\/\"}]}<\/script>\n<!-- \/ Yoast SEO plugin. -->","yoast_head_json":{"title":"Bilan op\u00e9rationnel de l\u2019ANP: Reddition d&rsquo;un terroriste \u00e0 Bordj Badji Mokhtar - La Sentinelle","robots":{"index":"index","follow":"follow","max-snippet":"max-snippet:-1","max-image-preview":"max-image-preview:large","max-video-preview":"max-video-preview:-1"},"canonical":"https:\/\/lasentinelle.dz\/index.php\/2024\/11\/28\/bilan-operationnel-de-lanp-reddition-dun-terroriste-a-bordj-badji-mokhtar-4\/","og_locale":"fr_FR","og_type":"article","og_title":"Bilan op\u00e9rationnel de l\u2019ANP: Reddition d&rsquo;un terroriste \u00e0 Bordj Badji Mokhtar - La Sentinelle","og_description":"Un terroriste s&rsquo;est rendu aux autorit\u00e9s militaires de Bordj Badji Mokhtar, et cinq \u00e9l\u00e9ments de soutien aux groupes terroristes ont","og_url":"https:\/\/lasentinelle.dz\/index.php\/2024\/11\/28\/bilan-operationnel-de-lanp-reddition-dun-terroriste-a-bordj-badji-mokhtar-4\/","og_site_name":"La Sentinelle","article_publisher":"https:\/\/www.facebook.com\/La-Sentinelle-104059864394773","article_published_time":"2024-11-28T13:10:32+00:00","article_modified_time":"2024-11-29T13:22:01+00:00","og_image":[{"width":1350,"height":900,"url":"https:\/\/lasentinelle.dz\/wp-content\/uploads\/2022\/09\/MDN.png","type":"image\/png"}],"author":"admin","twitter_card":"summary_large_image","twitter_misc":{"\u00c9crit par":"admin","Dur\u00e9e de lecture estim\u00e9e":"4 minutes"},"schema":{"@context":"https:\/\/schema.org","@graph":[{"@type":"Article","@id":"https:\/\/lasentinelle.dz\/index.php\/2024\/11\/28\/bilan-operationnel-de-lanp-reddition-dun-terroriste-a-bordj-badji-mokhtar-4\/#article","isPartOf":{"@id":"https:\/\/lasentinelle.dz\/index.php\/2024\/11\/28\/bilan-operationnel-de-lanp-reddition-dun-terroriste-a-bordj-badji-mokhtar-4\/"},"author":{"name":"admin","@id":"https:\/\/lasentinelle.dz\/#\/schema\/person\/729ee0024f24e0b8c5ec17232f8e8b41"},"headline":"Bilan op\u00e9rationnel de l\u2019ANP: Reddition d&rsquo;un terroriste \u00e0 Bordj Badji Mokhtar","datePublished":"2024-11-28T13:10:32+00:00","dateModified":"2024-11-29T13:22:01+00:00","mainEntityOfPage":{"@id":"https:\/\/lasentinelle.dz\/index.php\/2024\/11\/28\/bilan-operationnel-de-lanp-reddition-dun-terroriste-a-bordj-badji-mokhtar-4\/"},"wordCount":631,"commentCount":0,"publisher":{"@id":"https:\/\/lasentinelle.dz\/#organization"},"image":{"@id":"https:\/\/lasentinelle.dz\/index.php\/2024\/11\/28\/bilan-operationnel-de-lanp-reddition-dun-terroriste-a-bordj-badji-mokhtar-4\/#primaryimage"},"thumbnailUrl":"https:\/\/lasentinelle.dz\/wp-content\/uploads\/2022\/09\/MDN.png","articleSection":["Actualit\u00e9"],"inLanguage":"fr-FR","potentialAction":[{"@type":"CommentAction","name":"Comment","target":["https:\/\/lasentinelle.dz\/index.php\/2024\/11\/28\/bilan-operationnel-de-lanp-reddition-dun-terroriste-a-bordj-badji-mokhtar-4\/#respond"]}]},{"@type":"WebPage","@id":"https:\/\/lasentinelle.dz\/index.php\/2024\/11\/28\/bilan-operationnel-de-lanp-reddition-dun-terroriste-a-bordj-badji-mokhtar-4\/","url":"https:\/\/lasentinelle.dz\/index.php\/2024\/11\/28\/bilan-operationnel-de-lanp-reddition-dun-terroriste-a-bordj-badji-mokhtar-4\/","name":"Bilan op\u00e9rationnel de l\u2019ANP: Reddition d&rsquo;un terroriste \u00e0 Bordj Badji Mokhtar - La Sentinelle","isPartOf":{"@id":"https:\/\/lasentinelle.dz\/#website"},"primaryImageOfPage":{"@id":"https:\/\/lasentinelle.dz\/index.php\/2024\/11\/28\/bilan-operationnel-de-lanp-reddition-dun-terroriste-a-bordj-badji-mokhtar-4\/#primaryimage"},"image":{"@id":"https:\/\/lasentinelle.dz\/index.php\/2024\/11\/28\/bilan-operationnel-de-lanp-reddition-dun-terroriste-a-bordj-badji-mokhtar-4\/#primaryimage"},"thumbnailUrl":"https:\/\/lasentinelle.dz\/wp-content\/uploads\/2022\/09\/MDN.png","datePublished":"2024-11-28T13:10:32+00:00","dateModified":"2024-11-29T13:22:01+00:00","breadcrumb":{"@id":"https:\/\/lasentinelle.dz\/index.php\/2024\/11\/28\/bilan-operationnel-de-lanp-reddition-dun-terroriste-a-bordj-badji-mokhtar-4\/#breadcrumb"},"inLanguage":"fr-FR","potentialAction":[{"@type":"ReadAction","target":["https:\/\/lasentinelle.dz\/index.php\/2024\/11\/28\/bilan-operationnel-de-lanp-reddition-dun-terroriste-a-bordj-badji-mokhtar-4\/"]}]},{"@type":"ImageObject","inLanguage":"fr-FR","@id":"https:\/\/lasentinelle.dz\/index.php\/2024\/11\/28\/bilan-operationnel-de-lanp-reddition-dun-terroriste-a-bordj-badji-mokhtar-4\/#primaryimage","url":"https:\/\/lasentinelle.dz\/wp-content\/uploads\/2022\/09\/MDN.png","contentUrl":"https:\/\/lasentinelle.dz\/wp-content\/uploads\/2022\/09\/MDN.png","width":1350,"height":900},{"@type":"BreadcrumbList","@id":"https:\/\/lasentinelle.dz\/index.php\/2024\/11\/28\/bilan-operationnel-de-lanp-reddition-dun-terroriste-a-bordj-badji-mokhtar-4\/#breadcrumb","itemListElement":[{"@type":"ListItem","position":1,"name":"Accueil","item":"https:\/\/lasentinelle.dz\/"},{"@type":"ListItem","position":2,"name":"Bilan op\u00e9rationnel de l\u2019ANP: Reddition d&rsquo;un terroriste \u00e0 Bordj Badji Mokhtar"}]},{"@type":"WebSite","@id":"https:\/\/lasentinelle.dz\/#website","url":"https:\/\/lasentinelle.dz\/","name":"La Sentinelle","description":"Quotidien national d&#039;information","publisher":{"@id":"https:\/\/lasentinelle.dz\/#organization"},"potentialAction":[{"@type":"SearchAction","target":{"@type":"EntryPoint","urlTemplate":"https:\/\/lasentinelle.dz\/?s={search_term_string}"},"query-input":{"@type":"PropertyValueSpecification","valueRequired":true,"valueName":"search_term_string"}}],"inLanguage":"fr-FR"},{"@type":"Organization","@id":"https:\/\/lasentinelle.dz\/#organization","name":"Quotidien La Sentinelle","url":"https:\/\/lasentinelle.dz\/","logo":{"@type":"ImageObject","inLanguage":"fr-FR","@id":"https:\/\/lasentinelle.dz\/#\/schema\/logo\/image\/","url":"https:\/\/lasentinelle.dz\/wp-content\/uploads\/2021\/09\/logo-sentinelleSLOGAN-1.png","contentUrl":"https:\/\/lasentinelle.dz\/wp-content\/uploads\/2021\/09\/logo-sentinelleSLOGAN-1.png","width":615,"height":142,"caption":"Quotidien La Sentinelle"},"image":{"@id":"https:\/\/lasentinelle.dz\/#\/schema\/logo\/image\/"},"sameAs":["https:\/\/www.facebook.com\/La-Sentinelle-104059864394773"]},{"@type":"Person","@id":"https:\/\/lasentinelle.dz\/#\/schema\/person\/729ee0024f24e0b8c5ec17232f8e8b41","name":"admin","image":{"@type":"ImageObject","inLanguage":"fr-FR","@id":"https:\/\/secure.gravatar.com\/avatar\/4c81fed838786e9b53f540bf46533e750f5d292099ae3b66cfc6fb1982e29df7?s=96&d=mm&r=g","url":"https:\/\/secure.gravatar.com\/avatar\/4c81fed838786e9b53f540bf46533e750f5d292099ae3b66cfc6fb1982e29df7?s=96&d=mm&r=g","contentUrl":"https:\/\/secure.gravatar.com\/avatar\/4c81fed838786e9b53f540bf46533e750f5d292099ae3b66cfc6fb1982e29df7?s=96&d=mm&r=g","caption":"admin"},"description":"admin","url":"https:\/\/lasentinelle.dz\/author\/admin\/"}]}},"_links":{"self":[{"href":"https:\/\/lasentinelle.dz\/index.php\/wp-json\/wp\/v2\/posts\/59924","targetHints":{"allow":["GET"]}}],"collection":[{"href":"https:\/\/lasentinelle.dz\/index.php\/wp-json\/wp\/v2\/posts"}],"about":[{"href":"https:\/\/lasentinelle.dz\/index.php\/wp-json\/wp\/v2\/types\/post"}],"author":[{"embeddable":true,"href":"https:\/\/lasentinelle.dz\/index.php\/wp-json\/wp\/v2\/users\/6"}],"replies":[{"embeddable":true,"href":"https:\/\/lasentinelle.dz\/index.php\/wp-json\/wp\/v2\/comments?post=59924"}],"version-history":[{"count":2,"href":"https:\/\/lasentinelle.dz\/index.php\/wp-json\/wp\/v2\/posts\/59924\/revisions"}],"predecessor-version":[{"id":59926,"href":"https:\/\/lasentinelle.dz\/index.php\/wp-json\/wp\/v2\/posts\/59924\/revisions\/59926"}],"wp:featuredmedia":[{"embeddable":true,"href":"https:\/\/lasentinelle.dz\/index.php\/wp-json\/wp\/v2\/media\/27980"}],"wp:attachment":[{"href":"https:\/\/lasentinelle.dz\/index.php\/wp-json\/wp\/v2\/media?parent=59924"}],"wp:term":[{"taxonomy":"category","embeddable":true,"href":"https:\/\/lasentinelle.dz\/index.php\/wp-json\/wp\/v2\/categories?post=59924"},{"taxonomy":"post_tag","embeddable":true,"href":"https:\/\/lasentinelle.dz\/index.php\/wp-json\/wp\/v2\/tags?post=59924"}],"curies":[{"name":"wp","href":"https:\/\/api.w.org\/{rel}","templated":true}]}}