{"id":59941,"date":"2024-11-28T14:27:59","date_gmt":"2024-11-28T13:27:59","guid":{"rendered":"https:\/\/lasentinelle.dz\/?p=59941"},"modified":"2024-11-29T14:28:54","modified_gmt":"2024-11-29T13:28:54","slug":"il-est-imperatif-de-demander-des-comptes-a-loccupant","status":"publish","type":"post","link":"https:\/\/lasentinelle.dz\/index.php\/2024\/11\/28\/il-est-imperatif-de-demander-des-comptes-a-loccupant\/","title":{"rendered":"\u00ab\u00a0Il est imp\u00e9ratif de demander des comptes \u00e0 l&rsquo;occupant\u00a0\u00bb"},"content":{"rendered":"\n<p>Le pr\u00e9sident de la R\u00e9publique, Abdelmadjid Tebboune, a d\u00e9livr\u00e9 hier un message fort de solidarit\u00e9 avec le peuple palestinien \u00e0 l&rsquo;occasion de la c\u00e9l\u00e9bration de la Journ\u00e9e internationale de solidarit\u00e9, le 29 novembre 2024.<\/p>\n\n\n\n<p>Prononc\u00e9 par le ministre des Moudjahidine et des Ayants-droit, La\u00efd Rebiga, lors d&rsquo;une c\u00e9r\u00e9monie tenue hier \u00e0 Alger, ce message intervient dans une p\u00e9riode marqu\u00e9e par une agression sioniste prolong\u00e9e contre Ghaza, entrant d\u00e9sormais dans sa deuxi\u00e8me ann\u00e9e. \u00abLa c\u00e9l\u00e9bration de la Journ\u00e9e internationale de solidarit\u00e9 avec le peuple palestinien intervient cette ann\u00e9e dans une conjoncture particuli\u00e8re, marqu\u00e9e par l&rsquo;agression brutale de l&rsquo;occupation isra\u00e9lienne contre le peuple palestinien sans d\u00e9fense, particuli\u00e8rement dans la bande de Ghaza, une agression qui a entam\u00e9 sa deuxi\u00e8me ann\u00e9e face \u00e0 l&rsquo;inf\u00e2me incapacit\u00e9 internationale \u00e0 mettre fin \u00e0 ses cons\u00e9quences atroces \u00e0 travers lesquelles l&rsquo;occupant isra\u00e9lien pi\u00e9tine toutes les chartes et r\u00e8gles&nbsp;\u00bb, a indiqu\u00e9 le pr\u00e9sident de la R\u00e9publique dans son message.<\/p>\n\n\n\n<p>Le pr\u00e9sident Tebboune a r\u00e9affirm\u00e9 avec force le soutien de l&rsquo;Alg\u00e9rie, d\u00e9clarant : \u00ab\u00a0L&rsquo;Alg\u00e9rie r\u00e9affirme son soutien constant et ind\u00e9fectible au peuple palestinien dans sa lutte l\u00e9gitime pour arracher son droit \u00e0 l&rsquo;autod\u00e9termination et \u00e0 l&rsquo;\u00e9tablissement de son Etat ind\u00e9pendant et souverain sur les fronti\u00e8res du 4 juin 1967 avec El Qods pour capitale, conform\u00e9ment aux d\u00e9cisions de la l\u00e9galit\u00e9 internationale.\u00a0\u00bb \u00ab&nbsp;En tant que partisans d&rsquo;une paix juste, il nous incombe d&rsquo;unir nos efforts, de rassembler nos forces et de nous montrer plus d\u00e9termin\u00e9s que jamais pour permettre au peuple palestinien d&rsquo;acc\u00e9der \u00e0 la r\u00e9alit\u00e9 esp\u00e9r\u00e9e, pleinement garantie par les lois et la l\u00e9galit\u00e9 internationale, une r\u00e9alit\u00e9 inali\u00e9nable et imprescriptible, tel que d\u00e9cr\u00e9t\u00e9 par la Cour internationale de justice (CIJ) dans son avis rendu le 19 juillet 2024 et approuv\u00e9 par l&rsquo;Assembl\u00e9e g\u00e9n\u00e9rale des Nations Unies dans sa r\u00e9solution ES-10\/24.&nbsp;\u00bb, a indiqu\u00e9 le pr\u00e9sident de la R\u00e9publique. Et de plaider dans ce sens pour &nbsp;\u00ab\u00a0l&rsquo;admission de la Palestine comme \u00c9tat membre de plein droit des Nations Unies\u00a0\u00bb et \u00e0 \u00ab\u00a0barrer la route d\u00e9finitivement aux extr\u00e9mistes qui d\u00e9nient aux Palestiniens leurs droits existentiels et nationaux\u00a0\u00bb. \u00ab&nbsp;Alors que le monde plaide unanimement en faveur de la solution \u00e0 deux Etats, il n&rsquo;y a pas d&rsquo;autre alternative que de permettre l&rsquo;admission de la Palestine comme Etat membre de plein droit des Nations Unies et de barrer la route d\u00e9finitivement aux extr\u00e9mistes qui d\u00e9nient aux Palestiniens leurs droits existentiels et nationaux. Il convient ici de saluer la tendance actuelle croissante vers la reconnaissance internationale de l&rsquo;Etat de Palestine et d&rsquo;encourager les pays qui ne l&rsquo;ont pas encore fait, \u00e0 se joindre \u00e0 cet \u00e9lan et \u00e0 adh\u00e9rer au processus visant \u00e0 asseoir une paix juste&nbsp;\u00bb, a indiqu\u00e9 le pr\u00e9sident de la R\u00e9publique.<\/p>\n\n\n\n<p>Dans un langage sans ambigu\u00eft\u00e9, le chef de l&rsquo;\u00c9tat a d\u00e9nonc\u00e9 \u00ab\u00a0l&rsquo;agression brutale de l&rsquo;occupation isra\u00e9lienne contre le peuple palestinien sans d\u00e9fense\u00a0\u00bb, soulignant \u00ab\u00a0l&rsquo;inf\u00e2me incapacit\u00e9 internationale \u00e0 mettre fin \u00e0 ses cons\u00e9quences atroces\u00a0\u00bb. Tebboune a insist\u00e9 sur \u00ab\u00a0l&rsquo;imp\u00e9ratif de demander des comptes \u00e0 l&rsquo;occupant pour les crimes de g\u00e9nocide, les crimes de guerre et les crimes contre l&rsquo;humanit\u00e9\u00a0\u00bb commis contre les Palestiniens. Il a \u00e9galement rejet\u00e9 \u00ab\u00a0toute tentative d\u00e9sesp\u00e9r\u00e9e de liquider la cause palestinienne\u00a0\u00bb.<\/p>\n\n\n\n<p>En tant que membre du Conseil de s\u00e9curit\u00e9, l&rsquo;Alg\u00e9rie s&rsquo;engage \u00e0 \u00ab\u00a0d\u00e9fendre haut et fort sa position en parfait accord avec ses principes constants et ses engagements vis-\u00e0-vis de la Charte des Nations Unies\u00a0\u00bb, ajout\u00e9 le pr\u00e9sident Tebboune. Il a enfin soulign\u00e9 que \u00ab&nbsp;la stabilit\u00e9 et la s\u00e9curit\u00e9 au Moyen-Orient sont \u00e9troitement li\u00e9es au r\u00e8glement de la question palestinienne, qui passe par la fin de l&rsquo;occupation, origine du mal et de la violence, et le recouvrement par le peuple palestinien de ses droits inali\u00e9nables&nbsp;\u00bb. Le message de Tebboune refl\u00e8te ainsi la position constante de l&rsquo;Alg\u00e9rie : un soutien ind\u00e9fectible au peuple palestinien, ancr\u00e9 dans des principes de justice internationale et de solidarit\u00e9. La c\u00e9r\u00e9monie, organis\u00e9e par l&rsquo;ambassade de l&rsquo;\u00c9tat de Palestine en collaboration avec la Repr\u00e9sentation des Nations Unies en Alg\u00e9rie, a r\u00e9uni de nombreux repr\u00e9sentants diplomatiques, parlementaires et de la soci\u00e9t\u00e9 civile, symbolisant l&rsquo;engagement collectif en faveur de la cause palestinienne.<\/p>\n\n\n\n<p><strong>Chokri Hafed<\/strong><\/p>\n","protected":false},"excerpt":{"rendered":"<p>Le pr\u00e9sident de la R\u00e9publique, Abdelmadjid Tebboune, a d\u00e9livr\u00e9 hier un message fort de solidarit\u00e9 avec le peuple palestinien \u00e0<\/p>\n","protected":false},"author":6,"featured_media":59942,"comment_status":"open","ping_status":"closed","sticky":false,"template":"","format":"standard","meta":{"colormag_page_container_layout":"default_layout","colormag_page_sidebar_layout":"default_layout","om_disable_all_campaigns":false,"_monsterinsights_skip_tracking":false,"_monsterinsights_sitenote_active":false,"_monsterinsights_sitenote_note":"","_monsterinsights_sitenote_category":0,"footnotes":"","_wpscppro_dont_share_socialmedia":false,"_wpscppro_custom_social_share_image":0,"_facebook_share_type":"default","_twitter_share_type":"default","_linkedin_share_type":"default","_pinterest_share_type":"default","_linkedin_share_type_page":"","_instagram_share_type":"default","_medium_share_type":"default","_threads_share_type":"","_google_business_share_type":"","_selected_social_profile":[],"_wpsp_enable_custom_social_template":false,"_wpsp_social_scheduling":{"enabled":false,"datetime":null,"platforms":[],"status":"template_only","dateOption":"today","timeOption":"now","customDays":"","customHours":"","customDate":"","customTime":"","schedulingType":"absolute"},"_wpsp_active_default_template":true},"categories":[52,27],"tags":[],"class_list":["post-59941","post","type-post","status-publish","format-standard","has-post-thumbnail","hentry","category-a-la-une","category-actualite"],"aioseo_notices":[],"yoast_head":"<!-- This site is optimized with the Yoast SEO plugin v27.5 - https:\/\/yoast.com\/product\/yoast-seo-wordpress\/ -->\n<title>\u00ab\u00a0Il est imp\u00e9ratif de demander des comptes \u00e0 l&rsquo;occupant\u00a0\u00bb - La Sentinelle<\/title>\n<meta name=\"robots\" content=\"index, follow, max-snippet:-1, max-image-preview:large, max-video-preview:-1\" \/>\n<link rel=\"canonical\" href=\"https:\/\/lasentinelle.dz\/index.php\/2024\/11\/28\/il-est-imperatif-de-demander-des-comptes-a-loccupant\/\" \/>\n<meta property=\"og:locale\" content=\"fr_FR\" \/>\n<meta property=\"og:type\" content=\"article\" \/>\n<meta property=\"og:title\" content=\"\u00ab\u00a0Il est imp\u00e9ratif de demander des comptes \u00e0 l&rsquo;occupant\u00a0\u00bb - La Sentinelle\" \/>\n<meta property=\"og:description\" content=\"Le pr\u00e9sident de la R\u00e9publique, Abdelmadjid Tebboune, a d\u00e9livr\u00e9 hier un message fort de solidarit\u00e9 avec le peuple palestinien \u00e0\" \/>\n<meta property=\"og:url\" content=\"https:\/\/lasentinelle.dz\/index.php\/2024\/11\/28\/il-est-imperatif-de-demander-des-comptes-a-loccupant\/\" \/>\n<meta property=\"og:site_name\" content=\"La Sentinelle\" \/>\n<meta property=\"article:publisher\" content=\"https:\/\/www.facebook.com\/La-Sentinelle-104059864394773\" \/>\n<meta property=\"article:published_time\" content=\"2024-11-28T13:27:59+00:00\" \/>\n<meta property=\"article:modified_time\" content=\"2024-11-29T13:28:54+00:00\" \/>\n<meta property=\"og:image\" content=\"https:\/\/lasentinelle.dz\/wp-content\/uploads\/2024\/11\/Tebboune-5.jpeg\" \/>\n\t<meta property=\"og:image:width\" content=\"908\" \/>\n\t<meta property=\"og:image:height\" content=\"605\" \/>\n\t<meta property=\"og:image:type\" content=\"image\/jpeg\" \/>\n<meta name=\"author\" content=\"admin\" \/>\n<meta name=\"twitter:card\" content=\"summary_large_image\" \/>\n<meta name=\"twitter:label1\" content=\"\u00c9crit par\" \/>\n\t<meta name=\"twitter:data1\" content=\"admin\" \/>\n\t<meta name=\"twitter:label2\" content=\"Dur\u00e9e de lecture estim\u00e9e\" \/>\n\t<meta name=\"twitter:data2\" content=\"4 minutes\" \/>\n<script type=\"application\/ld+json\" class=\"yoast-schema-graph\">{\"@context\":\"https:\\\/\\\/schema.org\",\"@graph\":[{\"@type\":\"Article\",\"@id\":\"https:\\\/\\\/lasentinelle.dz\\\/index.php\\\/2024\\\/11\\\/28\\\/il-est-imperatif-de-demander-des-comptes-a-loccupant\\\/#article\",\"isPartOf\":{\"@id\":\"https:\\\/\\\/lasentinelle.dz\\\/index.php\\\/2024\\\/11\\\/28\\\/il-est-imperatif-de-demander-des-comptes-a-loccupant\\\/\"},\"author\":{\"name\":\"admin\",\"@id\":\"https:\\\/\\\/lasentinelle.dz\\\/#\\\/schema\\\/person\\\/729ee0024f24e0b8c5ec17232f8e8b41\"},\"headline\":\"\u00ab\u00a0Il est imp\u00e9ratif de demander des comptes \u00e0 l&rsquo;occupant\u00a0\u00bb\",\"datePublished\":\"2024-11-28T13:27:59+00:00\",\"dateModified\":\"2024-11-29T13:28:54+00:00\",\"mainEntityOfPage\":{\"@id\":\"https:\\\/\\\/lasentinelle.dz\\\/index.php\\\/2024\\\/11\\\/28\\\/il-est-imperatif-de-demander-des-comptes-a-loccupant\\\/\"},\"wordCount\":798,\"commentCount\":0,\"publisher\":{\"@id\":\"https:\\\/\\\/lasentinelle.dz\\\/#organization\"},\"image\":{\"@id\":\"https:\\\/\\\/lasentinelle.dz\\\/index.php\\\/2024\\\/11\\\/28\\\/il-est-imperatif-de-demander-des-comptes-a-loccupant\\\/#primaryimage\"},\"thumbnailUrl\":\"https:\\\/\\\/lasentinelle.dz\\\/wp-content\\\/uploads\\\/2024\\\/11\\\/Tebboune-5.jpeg\",\"articleSection\":[\"\u00c0 la Une\",\"Actualit\u00e9\"],\"inLanguage\":\"fr-FR\",\"potentialAction\":[{\"@type\":\"CommentAction\",\"name\":\"Comment\",\"target\":[\"https:\\\/\\\/lasentinelle.dz\\\/index.php\\\/2024\\\/11\\\/28\\\/il-est-imperatif-de-demander-des-comptes-a-loccupant\\\/#respond\"]}]},{\"@type\":\"WebPage\",\"@id\":\"https:\\\/\\\/lasentinelle.dz\\\/index.php\\\/2024\\\/11\\\/28\\\/il-est-imperatif-de-demander-des-comptes-a-loccupant\\\/\",\"url\":\"https:\\\/\\\/lasentinelle.dz\\\/index.php\\\/2024\\\/11\\\/28\\\/il-est-imperatif-de-demander-des-comptes-a-loccupant\\\/\",\"name\":\"\u00ab\u00a0Il est imp\u00e9ratif de demander des comptes \u00e0 l&rsquo;occupant\u00a0\u00bb - La Sentinelle\",\"isPartOf\":{\"@id\":\"https:\\\/\\\/lasentinelle.dz\\\/#website\"},\"primaryImageOfPage\":{\"@id\":\"https:\\\/\\\/lasentinelle.dz\\\/index.php\\\/2024\\\/11\\\/28\\\/il-est-imperatif-de-demander-des-comptes-a-loccupant\\\/#primaryimage\"},\"image\":{\"@id\":\"https:\\\/\\\/lasentinelle.dz\\\/index.php\\\/2024\\\/11\\\/28\\\/il-est-imperatif-de-demander-des-comptes-a-loccupant\\\/#primaryimage\"},\"thumbnailUrl\":\"https:\\\/\\\/lasentinelle.dz\\\/wp-content\\\/uploads\\\/2024\\\/11\\\/Tebboune-5.jpeg\",\"datePublished\":\"2024-11-28T13:27:59+00:00\",\"dateModified\":\"2024-11-29T13:28:54+00:00\",\"breadcrumb\":{\"@id\":\"https:\\\/\\\/lasentinelle.dz\\\/index.php\\\/2024\\\/11\\\/28\\\/il-est-imperatif-de-demander-des-comptes-a-loccupant\\\/#breadcrumb\"},\"inLanguage\":\"fr-FR\",\"potentialAction\":[{\"@type\":\"ReadAction\",\"target\":[\"https:\\\/\\\/lasentinelle.dz\\\/index.php\\\/2024\\\/11\\\/28\\\/il-est-imperatif-de-demander-des-comptes-a-loccupant\\\/\"]}]},{\"@type\":\"ImageObject\",\"inLanguage\":\"fr-FR\",\"@id\":\"https:\\\/\\\/lasentinelle.dz\\\/index.php\\\/2024\\\/11\\\/28\\\/il-est-imperatif-de-demander-des-comptes-a-loccupant\\\/#primaryimage\",\"url\":\"https:\\\/\\\/lasentinelle.dz\\\/wp-content\\\/uploads\\\/2024\\\/11\\\/Tebboune-5.jpeg\",\"contentUrl\":\"https:\\\/\\\/lasentinelle.dz\\\/wp-content\\\/uploads\\\/2024\\\/11\\\/Tebboune-5.jpeg\",\"width\":908,\"height\":605},{\"@type\":\"BreadcrumbList\",\"@id\":\"https:\\\/\\\/lasentinelle.dz\\\/index.php\\\/2024\\\/11\\\/28\\\/il-est-imperatif-de-demander-des-comptes-a-loccupant\\\/#breadcrumb\",\"itemListElement\":[{\"@type\":\"ListItem\",\"position\":1,\"name\":\"Accueil\",\"item\":\"https:\\\/\\\/lasentinelle.dz\\\/\"},{\"@type\":\"ListItem\",\"position\":2,\"name\":\"\u00ab\u00a0Il est imp\u00e9ratif de demander des comptes \u00e0 l&rsquo;occupant\u00a0\u00bb\"}]},{\"@type\":\"WebSite\",\"@id\":\"https:\\\/\\\/lasentinelle.dz\\\/#website\",\"url\":\"https:\\\/\\\/lasentinelle.dz\\\/\",\"name\":\"La Sentinelle\",\"description\":\"Quotidien national d&#039;information\",\"publisher\":{\"@id\":\"https:\\\/\\\/lasentinelle.dz\\\/#organization\"},\"potentialAction\":[{\"@type\":\"SearchAction\",\"target\":{\"@type\":\"EntryPoint\",\"urlTemplate\":\"https:\\\/\\\/lasentinelle.dz\\\/?s={search_term_string}\"},\"query-input\":{\"@type\":\"PropertyValueSpecification\",\"valueRequired\":true,\"valueName\":\"search_term_string\"}}],\"inLanguage\":\"fr-FR\"},{\"@type\":\"Organization\",\"@id\":\"https:\\\/\\\/lasentinelle.dz\\\/#organization\",\"name\":\"Quotidien La Sentinelle\",\"url\":\"https:\\\/\\\/lasentinelle.dz\\\/\",\"logo\":{\"@type\":\"ImageObject\",\"inLanguage\":\"fr-FR\",\"@id\":\"https:\\\/\\\/lasentinelle.dz\\\/#\\\/schema\\\/logo\\\/image\\\/\",\"url\":\"https:\\\/\\\/lasentinelle.dz\\\/wp-content\\\/uploads\\\/2021\\\/09\\\/logo-sentinelleSLOGAN-1.png\",\"contentUrl\":\"https:\\\/\\\/lasentinelle.dz\\\/wp-content\\\/uploads\\\/2021\\\/09\\\/logo-sentinelleSLOGAN-1.png\",\"width\":615,\"height\":142,\"caption\":\"Quotidien La Sentinelle\"},\"image\":{\"@id\":\"https:\\\/\\\/lasentinelle.dz\\\/#\\\/schema\\\/logo\\\/image\\\/\"},\"sameAs\":[\"https:\\\/\\\/www.facebook.com\\\/La-Sentinelle-104059864394773\"]},{\"@type\":\"Person\",\"@id\":\"https:\\\/\\\/lasentinelle.dz\\\/#\\\/schema\\\/person\\\/729ee0024f24e0b8c5ec17232f8e8b41\",\"name\":\"admin\",\"image\":{\"@type\":\"ImageObject\",\"inLanguage\":\"fr-FR\",\"@id\":\"https:\\\/\\\/secure.gravatar.com\\\/avatar\\\/4c81fed838786e9b53f540bf46533e750f5d292099ae3b66cfc6fb1982e29df7?s=96&d=mm&r=g\",\"url\":\"https:\\\/\\\/secure.gravatar.com\\\/avatar\\\/4c81fed838786e9b53f540bf46533e750f5d292099ae3b66cfc6fb1982e29df7?s=96&d=mm&r=g\",\"contentUrl\":\"https:\\\/\\\/secure.gravatar.com\\\/avatar\\\/4c81fed838786e9b53f540bf46533e750f5d292099ae3b66cfc6fb1982e29df7?s=96&d=mm&r=g\",\"caption\":\"admin\"},\"description\":\"admin\",\"url\":\"https:\\\/\\\/lasentinelle.dz\\\/author\\\/admin\\\/\"}]}<\/script>\n<!-- \/ Yoast SEO plugin. -->","yoast_head_json":{"title":"\u00ab\u00a0Il est imp\u00e9ratif de demander des comptes \u00e0 l&rsquo;occupant\u00a0\u00bb - La Sentinelle","robots":{"index":"index","follow":"follow","max-snippet":"max-snippet:-1","max-image-preview":"max-image-preview:large","max-video-preview":"max-video-preview:-1"},"canonical":"https:\/\/lasentinelle.dz\/index.php\/2024\/11\/28\/il-est-imperatif-de-demander-des-comptes-a-loccupant\/","og_locale":"fr_FR","og_type":"article","og_title":"\u00ab\u00a0Il est imp\u00e9ratif de demander des comptes \u00e0 l&rsquo;occupant\u00a0\u00bb - La Sentinelle","og_description":"Le pr\u00e9sident de la R\u00e9publique, Abdelmadjid Tebboune, a d\u00e9livr\u00e9 hier un message fort de solidarit\u00e9 avec le peuple palestinien \u00e0","og_url":"https:\/\/lasentinelle.dz\/index.php\/2024\/11\/28\/il-est-imperatif-de-demander-des-comptes-a-loccupant\/","og_site_name":"La Sentinelle","article_publisher":"https:\/\/www.facebook.com\/La-Sentinelle-104059864394773","article_published_time":"2024-11-28T13:27:59+00:00","article_modified_time":"2024-11-29T13:28:54+00:00","og_image":[{"width":908,"height":605,"url":"https:\/\/lasentinelle.dz\/wp-content\/uploads\/2024\/11\/Tebboune-5.jpeg","type":"image\/jpeg"}],"author":"admin","twitter_card":"summary_large_image","twitter_misc":{"\u00c9crit par":"admin","Dur\u00e9e de lecture estim\u00e9e":"4 minutes"},"schema":{"@context":"https:\/\/schema.org","@graph":[{"@type":"Article","@id":"https:\/\/lasentinelle.dz\/index.php\/2024\/11\/28\/il-est-imperatif-de-demander-des-comptes-a-loccupant\/#article","isPartOf":{"@id":"https:\/\/lasentinelle.dz\/index.php\/2024\/11\/28\/il-est-imperatif-de-demander-des-comptes-a-loccupant\/"},"author":{"name":"admin","@id":"https:\/\/lasentinelle.dz\/#\/schema\/person\/729ee0024f24e0b8c5ec17232f8e8b41"},"headline":"\u00ab\u00a0Il est imp\u00e9ratif de demander des comptes \u00e0 l&rsquo;occupant\u00a0\u00bb","datePublished":"2024-11-28T13:27:59+00:00","dateModified":"2024-11-29T13:28:54+00:00","mainEntityOfPage":{"@id":"https:\/\/lasentinelle.dz\/index.php\/2024\/11\/28\/il-est-imperatif-de-demander-des-comptes-a-loccupant\/"},"wordCount":798,"commentCount":0,"publisher":{"@id":"https:\/\/lasentinelle.dz\/#organization"},"image":{"@id":"https:\/\/lasentinelle.dz\/index.php\/2024\/11\/28\/il-est-imperatif-de-demander-des-comptes-a-loccupant\/#primaryimage"},"thumbnailUrl":"https:\/\/lasentinelle.dz\/wp-content\/uploads\/2024\/11\/Tebboune-5.jpeg","articleSection":["\u00c0 la Une","Actualit\u00e9"],"inLanguage":"fr-FR","potentialAction":[{"@type":"CommentAction","name":"Comment","target":["https:\/\/lasentinelle.dz\/index.php\/2024\/11\/28\/il-est-imperatif-de-demander-des-comptes-a-loccupant\/#respond"]}]},{"@type":"WebPage","@id":"https:\/\/lasentinelle.dz\/index.php\/2024\/11\/28\/il-est-imperatif-de-demander-des-comptes-a-loccupant\/","url":"https:\/\/lasentinelle.dz\/index.php\/2024\/11\/28\/il-est-imperatif-de-demander-des-comptes-a-loccupant\/","name":"\u00ab\u00a0Il est imp\u00e9ratif de demander des comptes \u00e0 l&rsquo;occupant\u00a0\u00bb - La Sentinelle","isPartOf":{"@id":"https:\/\/lasentinelle.dz\/#website"},"primaryImageOfPage":{"@id":"https:\/\/lasentinelle.dz\/index.php\/2024\/11\/28\/il-est-imperatif-de-demander-des-comptes-a-loccupant\/#primaryimage"},"image":{"@id":"https:\/\/lasentinelle.dz\/index.php\/2024\/11\/28\/il-est-imperatif-de-demander-des-comptes-a-loccupant\/#primaryimage"},"thumbnailUrl":"https:\/\/lasentinelle.dz\/wp-content\/uploads\/2024\/11\/Tebboune-5.jpeg","datePublished":"2024-11-28T13:27:59+00:00","dateModified":"2024-11-29T13:28:54+00:00","breadcrumb":{"@id":"https:\/\/lasentinelle.dz\/index.php\/2024\/11\/28\/il-est-imperatif-de-demander-des-comptes-a-loccupant\/#breadcrumb"},"inLanguage":"fr-FR","potentialAction":[{"@type":"ReadAction","target":["https:\/\/lasentinelle.dz\/index.php\/2024\/11\/28\/il-est-imperatif-de-demander-des-comptes-a-loccupant\/"]}]},{"@type":"ImageObject","inLanguage":"fr-FR","@id":"https:\/\/lasentinelle.dz\/index.php\/2024\/11\/28\/il-est-imperatif-de-demander-des-comptes-a-loccupant\/#primaryimage","url":"https:\/\/lasentinelle.dz\/wp-content\/uploads\/2024\/11\/Tebboune-5.jpeg","contentUrl":"https:\/\/lasentinelle.dz\/wp-content\/uploads\/2024\/11\/Tebboune-5.jpeg","width":908,"height":605},{"@type":"BreadcrumbList","@id":"https:\/\/lasentinelle.dz\/index.php\/2024\/11\/28\/il-est-imperatif-de-demander-des-comptes-a-loccupant\/#breadcrumb","itemListElement":[{"@type":"ListItem","position":1,"name":"Accueil","item":"https:\/\/lasentinelle.dz\/"},{"@type":"ListItem","position":2,"name":"\u00ab\u00a0Il est imp\u00e9ratif de demander des comptes \u00e0 l&rsquo;occupant\u00a0\u00bb"}]},{"@type":"WebSite","@id":"https:\/\/lasentinelle.dz\/#website","url":"https:\/\/lasentinelle.dz\/","name":"La Sentinelle","description":"Quotidien national d&#039;information","publisher":{"@id":"https:\/\/lasentinelle.dz\/#organization"},"potentialAction":[{"@type":"SearchAction","target":{"@type":"EntryPoint","urlTemplate":"https:\/\/lasentinelle.dz\/?s={search_term_string}"},"query-input":{"@type":"PropertyValueSpecification","valueRequired":true,"valueName":"search_term_string"}}],"inLanguage":"fr-FR"},{"@type":"Organization","@id":"https:\/\/lasentinelle.dz\/#organization","name":"Quotidien La Sentinelle","url":"https:\/\/lasentinelle.dz\/","logo":{"@type":"ImageObject","inLanguage":"fr-FR","@id":"https:\/\/lasentinelle.dz\/#\/schema\/logo\/image\/","url":"https:\/\/lasentinelle.dz\/wp-content\/uploads\/2021\/09\/logo-sentinelleSLOGAN-1.png","contentUrl":"https:\/\/lasentinelle.dz\/wp-content\/uploads\/2021\/09\/logo-sentinelleSLOGAN-1.png","width":615,"height":142,"caption":"Quotidien La Sentinelle"},"image":{"@id":"https:\/\/lasentinelle.dz\/#\/schema\/logo\/image\/"},"sameAs":["https:\/\/www.facebook.com\/La-Sentinelle-104059864394773"]},{"@type":"Person","@id":"https:\/\/lasentinelle.dz\/#\/schema\/person\/729ee0024f24e0b8c5ec17232f8e8b41","name":"admin","image":{"@type":"ImageObject","inLanguage":"fr-FR","@id":"https:\/\/secure.gravatar.com\/avatar\/4c81fed838786e9b53f540bf46533e750f5d292099ae3b66cfc6fb1982e29df7?s=96&d=mm&r=g","url":"https:\/\/secure.gravatar.com\/avatar\/4c81fed838786e9b53f540bf46533e750f5d292099ae3b66cfc6fb1982e29df7?s=96&d=mm&r=g","contentUrl":"https:\/\/secure.gravatar.com\/avatar\/4c81fed838786e9b53f540bf46533e750f5d292099ae3b66cfc6fb1982e29df7?s=96&d=mm&r=g","caption":"admin"},"description":"admin","url":"https:\/\/lasentinelle.dz\/author\/admin\/"}]}},"_links":{"self":[{"href":"https:\/\/lasentinelle.dz\/index.php\/wp-json\/wp\/v2\/posts\/59941","targetHints":{"allow":["GET"]}}],"collection":[{"href":"https:\/\/lasentinelle.dz\/index.php\/wp-json\/wp\/v2\/posts"}],"about":[{"href":"https:\/\/lasentinelle.dz\/index.php\/wp-json\/wp\/v2\/types\/post"}],"author":[{"embeddable":true,"href":"https:\/\/lasentinelle.dz\/index.php\/wp-json\/wp\/v2\/users\/6"}],"replies":[{"embeddable":true,"href":"https:\/\/lasentinelle.dz\/index.php\/wp-json\/wp\/v2\/comments?post=59941"}],"version-history":[{"count":2,"href":"https:\/\/lasentinelle.dz\/index.php\/wp-json\/wp\/v2\/posts\/59941\/revisions"}],"predecessor-version":[{"id":59944,"href":"https:\/\/lasentinelle.dz\/index.php\/wp-json\/wp\/v2\/posts\/59941\/revisions\/59944"}],"wp:featuredmedia":[{"embeddable":true,"href":"https:\/\/lasentinelle.dz\/index.php\/wp-json\/wp\/v2\/media\/59942"}],"wp:attachment":[{"href":"https:\/\/lasentinelle.dz\/index.php\/wp-json\/wp\/v2\/media?parent=59941"}],"wp:term":[{"taxonomy":"category","embeddable":true,"href":"https:\/\/lasentinelle.dz\/index.php\/wp-json\/wp\/v2\/categories?post=59941"},{"taxonomy":"post_tag","embeddable":true,"href":"https:\/\/lasentinelle.dz\/index.php\/wp-json\/wp\/v2\/tags?post=59941"}],"curies":[{"name":"wp","href":"https:\/\/api.w.org\/{rel}","templated":true}]}}