{"id":60047,"date":"2024-12-02T12:19:47","date_gmt":"2024-12-02T11:19:47","guid":{"rendered":"https:\/\/lasentinelle.dz\/?p=60047"},"modified":"2024-12-02T12:19:48","modified_gmt":"2024-12-02T11:19:48","slug":"laps-celebre-son-63e-anniversaire-sadapter-aux-defis-mediatiques-de-lheure","status":"publish","type":"post","link":"https:\/\/lasentinelle.dz\/index.php\/2024\/12\/02\/laps-celebre-son-63e-anniversaire-sadapter-aux-defis-mediatiques-de-lheure\/","title":{"rendered":"L\u2019APS c\u00e9l\u00e8bre son 63e anniversaire : S\u2019adapter aux d\u00e9fis m\u00e9diatiques de l\u2019heure"},"content":{"rendered":"\n<p>L&rsquo;Agence Alg\u00e9rienne de Presse (APS) a c\u00e9l\u00e9br\u00e9 hier \u00e0 Alger son 63e anniversaire, en affichant des ambitions de rayonnement m\u00e9diatique. Cette comm\u00e9moration, pr\u00e9sid\u00e9e par le ministre de la Communication Mohamed Meziane, a \u00e9t\u00e9 l&rsquo;occasion de r\u00e9affirmer l&rsquo;engagement de l&rsquo;agence \u00e0 moderniser ses pratiques tout en pr\u00e9servant son h\u00e9ritage r\u00e9volutionnaire. Un \u00e9v\u00e9nement marqu\u00e9 d\u2019ailleurs lancement d&rsquo;un service d&rsquo;information en langue russe, symbolisant la volont\u00e9 de l&rsquo;agence d&rsquo;\u00e9largir sa port\u00e9e g\u00e9ographique et linguistique. Cette initiative s&rsquo;inscrit dans une strat\u00e9gie plus large de diversification des contenus, comme l&rsquo;a expliqu\u00e9 le directeur g\u00e9n\u00e9ral Samir Kaid, qui a annonc\u00e9 qu&rsquo;un service en langue chinoise suivra prochainement. Le ministre de la Communication a ainsi soulign\u00e9 cette trajectoire singuli\u00e8re dans un discours empreint de fiert\u00e9 historique : \u00ab Les 63 ann\u00e9es de parcours de l&rsquo;agence refl\u00e8tent les diff\u00e9rentes \u00e9tapes qu&rsquo;elle a travers\u00e9es. De son r\u00f4le pionnier pendant la R\u00e9volution de lib\u00e9ration nationale avec des moyens modestes, elle a \u00e9volu\u00e9 pour rivaliser aujourd&rsquo;hui avec les grandes agences de presse internationales. \u00bb La dimension technologique occupe \u00e9galement une place centrale dans les r\u00e9flexions. Mohamed Meziane a insist\u00e9 sur la n\u00e9cessit\u00e9 pour l&rsquo;agence \u00ab d&rsquo;investir les espaces institutionnels et m\u00e9diatiques en vue de ma\u00eetriser les nouvelles technologies, notamment l&rsquo;intelligence artificielle, tout en renfor\u00e7ant la formation pour relever les d\u00e9fis actuels \u00bb. De son c\u00f4t\u00e9, le conseiller pr\u00e9sidentiel Kamel Sidi Sa\u00efd a pour sa part mis en lumi\u00e8re les progr\u00e8s remarquables de l&rsquo;agence, se f\u00e9licitant de la capacit\u00e9 de l&rsquo;APS \u00e0 diffuser d\u00e9sormais son contenu en six langues. Il a promis que \u00ab la question des bureaux de l&rsquo;agence \u00e0 l&rsquo;\u00e9tranger sera trait\u00e9e dans les plus brefs d\u00e9lais \u00bb, confirmant une ambition d&rsquo;expansion internationale.<\/p>\n\n\n\n<p>Samir Kaid a enrichi cette perspective en qualifiant cet anniversaire de \u00ab moment de m\u00e9moire nationale, l&rsquo;agence \u00e9tant n\u00e9e du sein de la R\u00e9volution dont l&rsquo;Alg\u00e9rie c\u00e9l\u00e8bre le 70e anniversaire du d\u00e9clenchement \u00bb. Il a \u00e9galement d\u00e9taill\u00e9 les projets en cours, notamment le d\u00e9veloppement d&rsquo;une nouvelle plateforme num\u00e9rique multim\u00e9dia pr\u00e9vue pour d\u00e9but 2025, qui marquera la transition vers \u00ab une agence de presse int\u00e9gr\u00e9e \u00bb. L&rsquo;agence entend \u00e9galement jouer un r\u00f4le de contre-pouvoir informationnel. Kaid a explicitement indiqu\u00e9 que la diversification linguistique de ses contenus vise \u00e0 \u00ab contrer les fausses informations propag\u00e9es par certains m\u00e9dias hostiles \u00e0 l&rsquo;Alg\u00e9rie \u00bb. Cette dimension g\u00e9opolitique de la communication est renforc\u00e9e par un dispositif de veille m\u00e9diatique en constante am\u00e9lioration. La s\u00e9curit\u00e9 num\u00e9rique constitue un autre axe strat\u00e9gique crucial. L&rsquo;APS affirme sa priorit\u00e9 accord\u00e9e \u00ab \u00e0 la s\u00e9curit\u00e9 cybern\u00e9tique des infrastructures techniques de l&rsquo;agence, symbole de la souverainet\u00e9 num\u00e9rique de l&rsquo;Alg\u00e9rie \u00bb. La c\u00e9r\u00e9monie a \u00e9galement \u00e9t\u00e9 l&rsquo;occasion de rendre hommage aux journalistes et employ\u00e9s retrait\u00e9s, \u00e9tablissant un lien symbolique entre l&rsquo;histoire pass\u00e9e et les perspectives futures de l&rsquo;institution. Des \u00e9v\u00e9nements similaires ont \u00e9t\u00e9 organis\u00e9s dans les directions r\u00e9gionales de l&rsquo;agence, comprenant des conf\u00e9rences historiques et des c\u00e9r\u00e9monies de reconnaissance.<\/p>\n\n\n\n<p>Samir Benisid<\/p>\n","protected":false},"excerpt":{"rendered":"<p>L&rsquo;Agence Alg\u00e9rienne de Presse (APS) a c\u00e9l\u00e9br\u00e9 hier \u00e0 Alger son 63e anniversaire, en affichant des ambitions de rayonnement m\u00e9diatique.<\/p>\n","protected":false},"author":6,"featured_media":60048,"comment_status":"open","ping_status":"closed","sticky":false,"template":"","format":"standard","meta":{"colormag_page_container_layout":"default_layout","colormag_page_sidebar_layout":"default_layout","om_disable_all_campaigns":false,"_monsterinsights_skip_tracking":false,"_monsterinsights_sitenote_active":false,"_monsterinsights_sitenote_note":"","_monsterinsights_sitenote_category":0,"footnotes":"","_wpscppro_dont_share_socialmedia":false,"_wpscppro_custom_social_share_image":0,"_facebook_share_type":"default","_twitter_share_type":"default","_linkedin_share_type":"default","_pinterest_share_type":"default","_linkedin_share_type_page":"","_instagram_share_type":"default","_medium_share_type":"default","_threads_share_type":"","_google_business_share_type":"","_selected_social_profile":[],"_wpsp_enable_custom_social_template":false,"_wpsp_social_scheduling":{"enabled":false,"datetime":null,"platforms":[],"status":"template_only","dateOption":"today","timeOption":"now","customDays":"","customHours":"","customDate":"","customTime":"","schedulingType":"absolute"},"_wpsp_active_default_template":true},"categories":[27],"tags":[],"class_list":["post-60047","post","type-post","status-publish","format-standard","has-post-thumbnail","hentry","category-actualite"],"aioseo_notices":[],"yoast_head":"<!-- This site is optimized with the Yoast SEO plugin v27.5 - https:\/\/yoast.com\/product\/yoast-seo-wordpress\/ -->\n<title>L\u2019APS c\u00e9l\u00e8bre son 63e anniversaire : S\u2019adapter aux d\u00e9fis m\u00e9diatiques de l\u2019heure - La Sentinelle<\/title>\n<meta name=\"robots\" content=\"index, follow, max-snippet:-1, max-image-preview:large, max-video-preview:-1\" \/>\n<link rel=\"canonical\" href=\"https:\/\/lasentinelle.dz\/index.php\/2024\/12\/02\/laps-celebre-son-63e-anniversaire-sadapter-aux-defis-mediatiques-de-lheure\/\" \/>\n<meta property=\"og:locale\" content=\"fr_FR\" \/>\n<meta property=\"og:type\" content=\"article\" \/>\n<meta property=\"og:title\" content=\"L\u2019APS c\u00e9l\u00e8bre son 63e anniversaire : S\u2019adapter aux d\u00e9fis m\u00e9diatiques de l\u2019heure - La Sentinelle\" \/>\n<meta property=\"og:description\" content=\"L&rsquo;Agence Alg\u00e9rienne de Presse (APS) a c\u00e9l\u00e9br\u00e9 hier \u00e0 Alger son 63e anniversaire, en affichant des ambitions de rayonnement m\u00e9diatique.\" \/>\n<meta property=\"og:url\" content=\"https:\/\/lasentinelle.dz\/index.php\/2024\/12\/02\/laps-celebre-son-63e-anniversaire-sadapter-aux-defis-mediatiques-de-lheure\/\" \/>\n<meta property=\"og:site_name\" content=\"La Sentinelle\" \/>\n<meta property=\"article:publisher\" content=\"https:\/\/www.facebook.com\/La-Sentinelle-104059864394773\" \/>\n<meta property=\"article:published_time\" content=\"2024-12-02T11:19:47+00:00\" \/>\n<meta property=\"article:modified_time\" content=\"2024-12-02T11:19:48+00:00\" \/>\n<meta property=\"og:image\" content=\"https:\/\/lasentinelle.dz\/wp-content\/uploads\/2024\/12\/mohamed_meziane.webp\" \/>\n\t<meta property=\"og:image:width\" content=\"900\" \/>\n\t<meta property=\"og:image:height\" content=\"675\" \/>\n\t<meta property=\"og:image:type\" content=\"image\/webp\" \/>\n<meta name=\"author\" content=\"admin\" \/>\n<meta name=\"twitter:card\" content=\"summary_large_image\" \/>\n<meta name=\"twitter:label1\" content=\"\u00c9crit par\" \/>\n\t<meta name=\"twitter:data1\" content=\"admin\" \/>\n\t<meta name=\"twitter:label2\" content=\"Dur\u00e9e de lecture estim\u00e9e\" \/>\n\t<meta name=\"twitter:data2\" content=\"3 minutes\" \/>\n<script type=\"application\/ld+json\" class=\"yoast-schema-graph\">{\"@context\":\"https:\\\/\\\/schema.org\",\"@graph\":[{\"@type\":\"Article\",\"@id\":\"https:\\\/\\\/lasentinelle.dz\\\/index.php\\\/2024\\\/12\\\/02\\\/laps-celebre-son-63e-anniversaire-sadapter-aux-defis-mediatiques-de-lheure\\\/#article\",\"isPartOf\":{\"@id\":\"https:\\\/\\\/lasentinelle.dz\\\/index.php\\\/2024\\\/12\\\/02\\\/laps-celebre-son-63e-anniversaire-sadapter-aux-defis-mediatiques-de-lheure\\\/\"},\"author\":{\"name\":\"admin\",\"@id\":\"https:\\\/\\\/lasentinelle.dz\\\/#\\\/schema\\\/person\\\/729ee0024f24e0b8c5ec17232f8e8b41\"},\"headline\":\"L\u2019APS c\u00e9l\u00e8bre son 63e anniversaire : S\u2019adapter aux d\u00e9fis m\u00e9diatiques de l\u2019heure\",\"datePublished\":\"2024-12-02T11:19:47+00:00\",\"dateModified\":\"2024-12-02T11:19:48+00:00\",\"mainEntityOfPage\":{\"@id\":\"https:\\\/\\\/lasentinelle.dz\\\/index.php\\\/2024\\\/12\\\/02\\\/laps-celebre-son-63e-anniversaire-sadapter-aux-defis-mediatiques-de-lheure\\\/\"},\"wordCount\":583,\"commentCount\":0,\"publisher\":{\"@id\":\"https:\\\/\\\/lasentinelle.dz\\\/#organization\"},\"image\":{\"@id\":\"https:\\\/\\\/lasentinelle.dz\\\/index.php\\\/2024\\\/12\\\/02\\\/laps-celebre-son-63e-anniversaire-sadapter-aux-defis-mediatiques-de-lheure\\\/#primaryimage\"},\"thumbnailUrl\":\"https:\\\/\\\/lasentinelle.dz\\\/wp-content\\\/uploads\\\/2024\\\/12\\\/mohamed_meziane.webp\",\"articleSection\":[\"Actualit\u00e9\"],\"inLanguage\":\"fr-FR\",\"potentialAction\":[{\"@type\":\"CommentAction\",\"name\":\"Comment\",\"target\":[\"https:\\\/\\\/lasentinelle.dz\\\/index.php\\\/2024\\\/12\\\/02\\\/laps-celebre-son-63e-anniversaire-sadapter-aux-defis-mediatiques-de-lheure\\\/#respond\"]}]},{\"@type\":\"WebPage\",\"@id\":\"https:\\\/\\\/lasentinelle.dz\\\/index.php\\\/2024\\\/12\\\/02\\\/laps-celebre-son-63e-anniversaire-sadapter-aux-defis-mediatiques-de-lheure\\\/\",\"url\":\"https:\\\/\\\/lasentinelle.dz\\\/index.php\\\/2024\\\/12\\\/02\\\/laps-celebre-son-63e-anniversaire-sadapter-aux-defis-mediatiques-de-lheure\\\/\",\"name\":\"L\u2019APS c\u00e9l\u00e8bre son 63e anniversaire : S\u2019adapter aux d\u00e9fis m\u00e9diatiques de l\u2019heure - La Sentinelle\",\"isPartOf\":{\"@id\":\"https:\\\/\\\/lasentinelle.dz\\\/#website\"},\"primaryImageOfPage\":{\"@id\":\"https:\\\/\\\/lasentinelle.dz\\\/index.php\\\/2024\\\/12\\\/02\\\/laps-celebre-son-63e-anniversaire-sadapter-aux-defis-mediatiques-de-lheure\\\/#primaryimage\"},\"image\":{\"@id\":\"https:\\\/\\\/lasentinelle.dz\\\/index.php\\\/2024\\\/12\\\/02\\\/laps-celebre-son-63e-anniversaire-sadapter-aux-defis-mediatiques-de-lheure\\\/#primaryimage\"},\"thumbnailUrl\":\"https:\\\/\\\/lasentinelle.dz\\\/wp-content\\\/uploads\\\/2024\\\/12\\\/mohamed_meziane.webp\",\"datePublished\":\"2024-12-02T11:19:47+00:00\",\"dateModified\":\"2024-12-02T11:19:48+00:00\",\"breadcrumb\":{\"@id\":\"https:\\\/\\\/lasentinelle.dz\\\/index.php\\\/2024\\\/12\\\/02\\\/laps-celebre-son-63e-anniversaire-sadapter-aux-defis-mediatiques-de-lheure\\\/#breadcrumb\"},\"inLanguage\":\"fr-FR\",\"potentialAction\":[{\"@type\":\"ReadAction\",\"target\":[\"https:\\\/\\\/lasentinelle.dz\\\/index.php\\\/2024\\\/12\\\/02\\\/laps-celebre-son-63e-anniversaire-sadapter-aux-defis-mediatiques-de-lheure\\\/\"]}]},{\"@type\":\"ImageObject\",\"inLanguage\":\"fr-FR\",\"@id\":\"https:\\\/\\\/lasentinelle.dz\\\/index.php\\\/2024\\\/12\\\/02\\\/laps-celebre-son-63e-anniversaire-sadapter-aux-defis-mediatiques-de-lheure\\\/#primaryimage\",\"url\":\"https:\\\/\\\/lasentinelle.dz\\\/wp-content\\\/uploads\\\/2024\\\/12\\\/mohamed_meziane.webp\",\"contentUrl\":\"https:\\\/\\\/lasentinelle.dz\\\/wp-content\\\/uploads\\\/2024\\\/12\\\/mohamed_meziane.webp\",\"width\":900,\"height\":675},{\"@type\":\"BreadcrumbList\",\"@id\":\"https:\\\/\\\/lasentinelle.dz\\\/index.php\\\/2024\\\/12\\\/02\\\/laps-celebre-son-63e-anniversaire-sadapter-aux-defis-mediatiques-de-lheure\\\/#breadcrumb\",\"itemListElement\":[{\"@type\":\"ListItem\",\"position\":1,\"name\":\"Accueil\",\"item\":\"https:\\\/\\\/lasentinelle.dz\\\/\"},{\"@type\":\"ListItem\",\"position\":2,\"name\":\"L\u2019APS c\u00e9l\u00e8bre son 63e anniversaire : S\u2019adapter aux d\u00e9fis m\u00e9diatiques de l\u2019heure\"}]},{\"@type\":\"WebSite\",\"@id\":\"https:\\\/\\\/lasentinelle.dz\\\/#website\",\"url\":\"https:\\\/\\\/lasentinelle.dz\\\/\",\"name\":\"La Sentinelle\",\"description\":\"Quotidien national d&#039;information\",\"publisher\":{\"@id\":\"https:\\\/\\\/lasentinelle.dz\\\/#organization\"},\"potentialAction\":[{\"@type\":\"SearchAction\",\"target\":{\"@type\":\"EntryPoint\",\"urlTemplate\":\"https:\\\/\\\/lasentinelle.dz\\\/?s={search_term_string}\"},\"query-input\":{\"@type\":\"PropertyValueSpecification\",\"valueRequired\":true,\"valueName\":\"search_term_string\"}}],\"inLanguage\":\"fr-FR\"},{\"@type\":\"Organization\",\"@id\":\"https:\\\/\\\/lasentinelle.dz\\\/#organization\",\"name\":\"Quotidien La Sentinelle\",\"url\":\"https:\\\/\\\/lasentinelle.dz\\\/\",\"logo\":{\"@type\":\"ImageObject\",\"inLanguage\":\"fr-FR\",\"@id\":\"https:\\\/\\\/lasentinelle.dz\\\/#\\\/schema\\\/logo\\\/image\\\/\",\"url\":\"https:\\\/\\\/lasentinelle.dz\\\/wp-content\\\/uploads\\\/2021\\\/09\\\/logo-sentinelleSLOGAN-1.png\",\"contentUrl\":\"https:\\\/\\\/lasentinelle.dz\\\/wp-content\\\/uploads\\\/2021\\\/09\\\/logo-sentinelleSLOGAN-1.png\",\"width\":615,\"height\":142,\"caption\":\"Quotidien La Sentinelle\"},\"image\":{\"@id\":\"https:\\\/\\\/lasentinelle.dz\\\/#\\\/schema\\\/logo\\\/image\\\/\"},\"sameAs\":[\"https:\\\/\\\/www.facebook.com\\\/La-Sentinelle-104059864394773\"]},{\"@type\":\"Person\",\"@id\":\"https:\\\/\\\/lasentinelle.dz\\\/#\\\/schema\\\/person\\\/729ee0024f24e0b8c5ec17232f8e8b41\",\"name\":\"admin\",\"image\":{\"@type\":\"ImageObject\",\"inLanguage\":\"fr-FR\",\"@id\":\"https:\\\/\\\/secure.gravatar.com\\\/avatar\\\/4c81fed838786e9b53f540bf46533e750f5d292099ae3b66cfc6fb1982e29df7?s=96&d=mm&r=g\",\"url\":\"https:\\\/\\\/secure.gravatar.com\\\/avatar\\\/4c81fed838786e9b53f540bf46533e750f5d292099ae3b66cfc6fb1982e29df7?s=96&d=mm&r=g\",\"contentUrl\":\"https:\\\/\\\/secure.gravatar.com\\\/avatar\\\/4c81fed838786e9b53f540bf46533e750f5d292099ae3b66cfc6fb1982e29df7?s=96&d=mm&r=g\",\"caption\":\"admin\"},\"description\":\"admin\",\"url\":\"https:\\\/\\\/lasentinelle.dz\\\/author\\\/admin\\\/\"}]}<\/script>\n<!-- \/ Yoast SEO plugin. -->","yoast_head_json":{"title":"L\u2019APS c\u00e9l\u00e8bre son 63e anniversaire : S\u2019adapter aux d\u00e9fis m\u00e9diatiques de l\u2019heure - La Sentinelle","robots":{"index":"index","follow":"follow","max-snippet":"max-snippet:-1","max-image-preview":"max-image-preview:large","max-video-preview":"max-video-preview:-1"},"canonical":"https:\/\/lasentinelle.dz\/index.php\/2024\/12\/02\/laps-celebre-son-63e-anniversaire-sadapter-aux-defis-mediatiques-de-lheure\/","og_locale":"fr_FR","og_type":"article","og_title":"L\u2019APS c\u00e9l\u00e8bre son 63e anniversaire : S\u2019adapter aux d\u00e9fis m\u00e9diatiques de l\u2019heure - La Sentinelle","og_description":"L&rsquo;Agence Alg\u00e9rienne de Presse (APS) a c\u00e9l\u00e9br\u00e9 hier \u00e0 Alger son 63e anniversaire, en affichant des ambitions de rayonnement m\u00e9diatique.","og_url":"https:\/\/lasentinelle.dz\/index.php\/2024\/12\/02\/laps-celebre-son-63e-anniversaire-sadapter-aux-defis-mediatiques-de-lheure\/","og_site_name":"La Sentinelle","article_publisher":"https:\/\/www.facebook.com\/La-Sentinelle-104059864394773","article_published_time":"2024-12-02T11:19:47+00:00","article_modified_time":"2024-12-02T11:19:48+00:00","og_image":[{"width":900,"height":675,"url":"https:\/\/lasentinelle.dz\/wp-content\/uploads\/2024\/12\/mohamed_meziane.webp","type":"image\/webp"}],"author":"admin","twitter_card":"summary_large_image","twitter_misc":{"\u00c9crit par":"admin","Dur\u00e9e de lecture estim\u00e9e":"3 minutes"},"schema":{"@context":"https:\/\/schema.org","@graph":[{"@type":"Article","@id":"https:\/\/lasentinelle.dz\/index.php\/2024\/12\/02\/laps-celebre-son-63e-anniversaire-sadapter-aux-defis-mediatiques-de-lheure\/#article","isPartOf":{"@id":"https:\/\/lasentinelle.dz\/index.php\/2024\/12\/02\/laps-celebre-son-63e-anniversaire-sadapter-aux-defis-mediatiques-de-lheure\/"},"author":{"name":"admin","@id":"https:\/\/lasentinelle.dz\/#\/schema\/person\/729ee0024f24e0b8c5ec17232f8e8b41"},"headline":"L\u2019APS c\u00e9l\u00e8bre son 63e anniversaire : S\u2019adapter aux d\u00e9fis m\u00e9diatiques de l\u2019heure","datePublished":"2024-12-02T11:19:47+00:00","dateModified":"2024-12-02T11:19:48+00:00","mainEntityOfPage":{"@id":"https:\/\/lasentinelle.dz\/index.php\/2024\/12\/02\/laps-celebre-son-63e-anniversaire-sadapter-aux-defis-mediatiques-de-lheure\/"},"wordCount":583,"commentCount":0,"publisher":{"@id":"https:\/\/lasentinelle.dz\/#organization"},"image":{"@id":"https:\/\/lasentinelle.dz\/index.php\/2024\/12\/02\/laps-celebre-son-63e-anniversaire-sadapter-aux-defis-mediatiques-de-lheure\/#primaryimage"},"thumbnailUrl":"https:\/\/lasentinelle.dz\/wp-content\/uploads\/2024\/12\/mohamed_meziane.webp","articleSection":["Actualit\u00e9"],"inLanguage":"fr-FR","potentialAction":[{"@type":"CommentAction","name":"Comment","target":["https:\/\/lasentinelle.dz\/index.php\/2024\/12\/02\/laps-celebre-son-63e-anniversaire-sadapter-aux-defis-mediatiques-de-lheure\/#respond"]}]},{"@type":"WebPage","@id":"https:\/\/lasentinelle.dz\/index.php\/2024\/12\/02\/laps-celebre-son-63e-anniversaire-sadapter-aux-defis-mediatiques-de-lheure\/","url":"https:\/\/lasentinelle.dz\/index.php\/2024\/12\/02\/laps-celebre-son-63e-anniversaire-sadapter-aux-defis-mediatiques-de-lheure\/","name":"L\u2019APS c\u00e9l\u00e8bre son 63e anniversaire : S\u2019adapter aux d\u00e9fis m\u00e9diatiques de l\u2019heure - La Sentinelle","isPartOf":{"@id":"https:\/\/lasentinelle.dz\/#website"},"primaryImageOfPage":{"@id":"https:\/\/lasentinelle.dz\/index.php\/2024\/12\/02\/laps-celebre-son-63e-anniversaire-sadapter-aux-defis-mediatiques-de-lheure\/#primaryimage"},"image":{"@id":"https:\/\/lasentinelle.dz\/index.php\/2024\/12\/02\/laps-celebre-son-63e-anniversaire-sadapter-aux-defis-mediatiques-de-lheure\/#primaryimage"},"thumbnailUrl":"https:\/\/lasentinelle.dz\/wp-content\/uploads\/2024\/12\/mohamed_meziane.webp","datePublished":"2024-12-02T11:19:47+00:00","dateModified":"2024-12-02T11:19:48+00:00","breadcrumb":{"@id":"https:\/\/lasentinelle.dz\/index.php\/2024\/12\/02\/laps-celebre-son-63e-anniversaire-sadapter-aux-defis-mediatiques-de-lheure\/#breadcrumb"},"inLanguage":"fr-FR","potentialAction":[{"@type":"ReadAction","target":["https:\/\/lasentinelle.dz\/index.php\/2024\/12\/02\/laps-celebre-son-63e-anniversaire-sadapter-aux-defis-mediatiques-de-lheure\/"]}]},{"@type":"ImageObject","inLanguage":"fr-FR","@id":"https:\/\/lasentinelle.dz\/index.php\/2024\/12\/02\/laps-celebre-son-63e-anniversaire-sadapter-aux-defis-mediatiques-de-lheure\/#primaryimage","url":"https:\/\/lasentinelle.dz\/wp-content\/uploads\/2024\/12\/mohamed_meziane.webp","contentUrl":"https:\/\/lasentinelle.dz\/wp-content\/uploads\/2024\/12\/mohamed_meziane.webp","width":900,"height":675},{"@type":"BreadcrumbList","@id":"https:\/\/lasentinelle.dz\/index.php\/2024\/12\/02\/laps-celebre-son-63e-anniversaire-sadapter-aux-defis-mediatiques-de-lheure\/#breadcrumb","itemListElement":[{"@type":"ListItem","position":1,"name":"Accueil","item":"https:\/\/lasentinelle.dz\/"},{"@type":"ListItem","position":2,"name":"L\u2019APS c\u00e9l\u00e8bre son 63e anniversaire : S\u2019adapter aux d\u00e9fis m\u00e9diatiques de l\u2019heure"}]},{"@type":"WebSite","@id":"https:\/\/lasentinelle.dz\/#website","url":"https:\/\/lasentinelle.dz\/","name":"La Sentinelle","description":"Quotidien national d&#039;information","publisher":{"@id":"https:\/\/lasentinelle.dz\/#organization"},"potentialAction":[{"@type":"SearchAction","target":{"@type":"EntryPoint","urlTemplate":"https:\/\/lasentinelle.dz\/?s={search_term_string}"},"query-input":{"@type":"PropertyValueSpecification","valueRequired":true,"valueName":"search_term_string"}}],"inLanguage":"fr-FR"},{"@type":"Organization","@id":"https:\/\/lasentinelle.dz\/#organization","name":"Quotidien La Sentinelle","url":"https:\/\/lasentinelle.dz\/","logo":{"@type":"ImageObject","inLanguage":"fr-FR","@id":"https:\/\/lasentinelle.dz\/#\/schema\/logo\/image\/","url":"https:\/\/lasentinelle.dz\/wp-content\/uploads\/2021\/09\/logo-sentinelleSLOGAN-1.png","contentUrl":"https:\/\/lasentinelle.dz\/wp-content\/uploads\/2021\/09\/logo-sentinelleSLOGAN-1.png","width":615,"height":142,"caption":"Quotidien La Sentinelle"},"image":{"@id":"https:\/\/lasentinelle.dz\/#\/schema\/logo\/image\/"},"sameAs":["https:\/\/www.facebook.com\/La-Sentinelle-104059864394773"]},{"@type":"Person","@id":"https:\/\/lasentinelle.dz\/#\/schema\/person\/729ee0024f24e0b8c5ec17232f8e8b41","name":"admin","image":{"@type":"ImageObject","inLanguage":"fr-FR","@id":"https:\/\/secure.gravatar.com\/avatar\/4c81fed838786e9b53f540bf46533e750f5d292099ae3b66cfc6fb1982e29df7?s=96&d=mm&r=g","url":"https:\/\/secure.gravatar.com\/avatar\/4c81fed838786e9b53f540bf46533e750f5d292099ae3b66cfc6fb1982e29df7?s=96&d=mm&r=g","contentUrl":"https:\/\/secure.gravatar.com\/avatar\/4c81fed838786e9b53f540bf46533e750f5d292099ae3b66cfc6fb1982e29df7?s=96&d=mm&r=g","caption":"admin"},"description":"admin","url":"https:\/\/lasentinelle.dz\/author\/admin\/"}]}},"_links":{"self":[{"href":"https:\/\/lasentinelle.dz\/index.php\/wp-json\/wp\/v2\/posts\/60047","targetHints":{"allow":["GET"]}}],"collection":[{"href":"https:\/\/lasentinelle.dz\/index.php\/wp-json\/wp\/v2\/posts"}],"about":[{"href":"https:\/\/lasentinelle.dz\/index.php\/wp-json\/wp\/v2\/types\/post"}],"author":[{"embeddable":true,"href":"https:\/\/lasentinelle.dz\/index.php\/wp-json\/wp\/v2\/users\/6"}],"replies":[{"embeddable":true,"href":"https:\/\/lasentinelle.dz\/index.php\/wp-json\/wp\/v2\/comments?post=60047"}],"version-history":[{"count":1,"href":"https:\/\/lasentinelle.dz\/index.php\/wp-json\/wp\/v2\/posts\/60047\/revisions"}],"predecessor-version":[{"id":60049,"href":"https:\/\/lasentinelle.dz\/index.php\/wp-json\/wp\/v2\/posts\/60047\/revisions\/60049"}],"wp:featuredmedia":[{"embeddable":true,"href":"https:\/\/lasentinelle.dz\/index.php\/wp-json\/wp\/v2\/media\/60048"}],"wp:attachment":[{"href":"https:\/\/lasentinelle.dz\/index.php\/wp-json\/wp\/v2\/media?parent=60047"}],"wp:term":[{"taxonomy":"category","embeddable":true,"href":"https:\/\/lasentinelle.dz\/index.php\/wp-json\/wp\/v2\/categories?post=60047"},{"taxonomy":"post_tag","embeddable":true,"href":"https:\/\/lasentinelle.dz\/index.php\/wp-json\/wp\/v2\/tags?post=60047"}],"curies":[{"name":"wp","href":"https:\/\/api.w.org\/{rel}","templated":true}]}}