{"id":60053,"date":"2024-12-02T12:23:38","date_gmt":"2024-12-02T11:23:38","guid":{"rendered":"https:\/\/lasentinelle.dz\/?p=60053"},"modified":"2024-12-02T12:23:39","modified_gmt":"2024-12-02T11:23:39","slug":"relance-du-secteur-industriel-la-feuille-de-route-de-ghrieb","status":"publish","type":"post","link":"https:\/\/lasentinelle.dz\/index.php\/2024\/12\/02\/relance-du-secteur-industriel-la-feuille-de-route-de-ghrieb\/","title":{"rendered":"Relance du secteur industriel : La feuille de route de Ghrieb"},"content":{"rendered":"\n<p>Le ministre de l&rsquo;Industrie, Sifi Ghrieb, a entam\u00e9, samedi \u00e0 Alger, une s\u00e9rie de rencontres avec les responsables des groupes industriels publics afin d\u2019\u00e9valuer, selon un communiqu\u00e9 du minist\u00e8re de l\u2019industrie, leurs performances, celles de leurs filiales et entreprises affili\u00e9es, afin de garantir leur efficacit\u00e9 et de rem\u00e9dier aux dysfonctionnements et obstacles qu\u2019ils rencontrent. &nbsp;Selon ce communiqu\u00e9, le ministre a tenu des r\u00e9unions de travail au si\u00e8ge du minist\u00e8re avec les responsables du groupe public des industries locales (Divindus), du groupe des industries \u00e9lectroniques, \u00e9lectrom\u00e9nag\u00e8res et \u00e9lectriques (Elec El Djazair), de la soci\u00e9t\u00e9 nationale de sid\u00e9rurgie (SNS), ainsi que du groupe Algerian Chemical Specialties (ACS) et leurs filiales respectives. &nbsp;Le ministre a ainsi \u00e9labor\u00e9 une feuille de route, donnant des instructions concr\u00e8tes visant \u00e0 am\u00e9liorer les performances, l&rsquo;efficacit\u00e9 et les r\u00e9sultats de ces groupes industriels et de leurs filiales, conform\u00e9ment aux orientations du Pr\u00e9sident de la R\u00e9publique, M. Abdelmadjid Tebboune, pour dynamiser le secteur industriel.<\/p>\n\n\n\n<p>Continuant dans le m\u00eame sens, ces r\u00e9dacteurs ont soulign\u00e9 que ces directives concernent principalement les plans d\u2019action des groupes, les strat\u00e9gies de relance, leur situation financi\u00e8re et \u00e9conomique, l\u2019adoption de politiques de marketing dynamiques sur les march\u00e9s ext\u00e9rieurs, notamment africains, ainsi que le renforcement du r\u00f4le des centres de formation du secteur et leur implication accrue dans la r\u00e9alisation des objectifs fix\u00e9s.<\/p>\n\n\n\n<p>Selon la m\u00eame source, le ministre a \u00e9galement insist\u00e9 sur la n\u00e9cessit\u00e9 de trouver des solutions urgentes aux entraves et aux difficult\u00e9s rencontr\u00e9es par certaines entreprises relevant du portefeuille du secteur, ajoutant que parmi les m\u00e9canismes \u00e9voqu\u00e9s pour surmonter ces d\u00e9fis, M. Ghrieb a soulign\u00e9 l&rsquo;importance de cr\u00e9er un cadre de coop\u00e9ration et de coordination entre les groupes industriels et les autres secteurs \u00e9conomiques.<\/p>\n\n\n\n<p>Par ailleurs, le ministre a \u00e9voqu\u00e9, lors de cette r\u00e9union, l\u2019importance d\u2019\u00e9laborer un guide strat\u00e9gique national pour l\u2019industrie, portant sur les intrants, les extrants, les comp\u00e9tences nationales dans les m\u00e9tiers de l\u2019industrie, les d\u00e9chets industriels et les parcs de technologie industrielle, afin de servir de r\u00e9f\u00e9rence pour la prise de d\u00e9cisions au niveau des groupes publics, le d\u00e9veloppement de l\u2019ing\u00e9nierie inverse dans le domaine industriel, l\u2019orientation des investisseurs et des startups, ainsi que pour les diff\u00e9rents centres de recherche.<\/p>\n\n\n\n<p>La conformit\u00e9 a figur\u00e9, aussi, parmi les priorit\u00e9s abord\u00e9es par Sifi Ghrieb dans ses orientations, en raison de son r\u00f4le crucial dans l&rsquo;assurance de la qualit\u00e9 des produits, facilitant ainsi leur exportation et leur acc\u00e8s aux march\u00e9s internationaux.<\/p>\n\n\n\n<p>A l\u2019issue de ces r\u00e9unions, il a \u00e9t\u00e9 d\u00e9cid\u00e9 notamment d\u2019adopter une s\u00e9rie de mesures et de proc\u00e9dures en vue d\u2019assurer une prise en charge urgente des situations et des contraintes rencontr\u00e9es par les groupes industriels publics et leurs filiales, conclut la m\u00eame source.<\/p>\n\n\n\n<p>Hakim Aomar<\/p>\n","protected":false},"excerpt":{"rendered":"<p>Le ministre de l&rsquo;Industrie, Sifi Ghrieb, a entam\u00e9, samedi \u00e0 Alger, une s\u00e9rie de rencontres avec les responsables des groupes<\/p>\n","protected":false},"author":6,"featured_media":60054,"comment_status":"open","ping_status":"closed","sticky":false,"template":"","format":"standard","meta":{"colormag_page_container_layout":"default_layout","colormag_page_sidebar_layout":"default_layout","om_disable_all_campaigns":false,"_monsterinsights_skip_tracking":false,"_monsterinsights_sitenote_active":false,"_monsterinsights_sitenote_note":"","_monsterinsights_sitenote_category":0,"footnotes":"","_wpscppro_dont_share_socialmedia":false,"_wpscppro_custom_social_share_image":0,"_facebook_share_type":"default","_twitter_share_type":"default","_linkedin_share_type":"default","_pinterest_share_type":"default","_linkedin_share_type_page":"","_instagram_share_type":"default","_medium_share_type":"default","_threads_share_type":"","_google_business_share_type":"","_selected_social_profile":[],"_wpsp_enable_custom_social_template":false,"_wpsp_social_scheduling":{"enabled":false,"datetime":null,"platforms":[],"status":"template_only","dateOption":"today","timeOption":"now","customDays":"","customHours":"","customDate":"","customTime":"","schedulingType":"absolute"},"_wpsp_active_default_template":true},"categories":[29],"tags":[],"class_list":["post-60053","post","type-post","status-publish","format-standard","has-post-thumbnail","hentry","category-economie"],"aioseo_notices":[],"yoast_head":"<!-- This site is optimized with the Yoast SEO plugin v27.5 - https:\/\/yoast.com\/product\/yoast-seo-wordpress\/ -->\n<title>Relance du secteur industriel : La feuille de route de Ghrieb - La Sentinelle<\/title>\n<meta name=\"robots\" content=\"index, follow, max-snippet:-1, max-image-preview:large, max-video-preview:-1\" \/>\n<link rel=\"canonical\" href=\"https:\/\/lasentinelle.dz\/index.php\/2024\/12\/02\/relance-du-secteur-industriel-la-feuille-de-route-de-ghrieb\/\" \/>\n<meta property=\"og:locale\" content=\"fr_FR\" \/>\n<meta property=\"og:type\" content=\"article\" \/>\n<meta property=\"og:title\" content=\"Relance du secteur industriel : La feuille de route de Ghrieb - La Sentinelle\" \/>\n<meta property=\"og:description\" content=\"Le ministre de l&rsquo;Industrie, Sifi Ghrieb, a entam\u00e9, samedi \u00e0 Alger, une s\u00e9rie de rencontres avec les responsables des groupes\" \/>\n<meta property=\"og:url\" content=\"https:\/\/lasentinelle.dz\/index.php\/2024\/12\/02\/relance-du-secteur-industriel-la-feuille-de-route-de-ghrieb\/\" \/>\n<meta property=\"og:site_name\" content=\"La Sentinelle\" \/>\n<meta property=\"article:publisher\" content=\"https:\/\/www.facebook.com\/La-Sentinelle-104059864394773\" \/>\n<meta property=\"article:published_time\" content=\"2024-12-02T11:23:38+00:00\" \/>\n<meta property=\"article:modified_time\" content=\"2024-12-02T11:23:39+00:00\" \/>\n<meta property=\"og:image\" content=\"https:\/\/lasentinelle.dz\/wp-content\/uploads\/2024\/12\/ghrieb.webp\" \/>\n\t<meta property=\"og:image:width\" content=\"900\" \/>\n\t<meta property=\"og:image:height\" content=\"675\" \/>\n\t<meta property=\"og:image:type\" content=\"image\/webp\" \/>\n<meta name=\"author\" content=\"admin\" \/>\n<meta name=\"twitter:card\" content=\"summary_large_image\" \/>\n<meta name=\"twitter:label1\" content=\"\u00c9crit par\" \/>\n\t<meta name=\"twitter:data1\" content=\"admin\" \/>\n\t<meta name=\"twitter:label2\" content=\"Dur\u00e9e de lecture estim\u00e9e\" \/>\n\t<meta name=\"twitter:data2\" content=\"3 minutes\" \/>\n<script type=\"application\/ld+json\" class=\"yoast-schema-graph\">{\"@context\":\"https:\\\/\\\/schema.org\",\"@graph\":[{\"@type\":\"Article\",\"@id\":\"https:\\\/\\\/lasentinelle.dz\\\/index.php\\\/2024\\\/12\\\/02\\\/relance-du-secteur-industriel-la-feuille-de-route-de-ghrieb\\\/#article\",\"isPartOf\":{\"@id\":\"https:\\\/\\\/lasentinelle.dz\\\/index.php\\\/2024\\\/12\\\/02\\\/relance-du-secteur-industriel-la-feuille-de-route-de-ghrieb\\\/\"},\"author\":{\"name\":\"admin\",\"@id\":\"https:\\\/\\\/lasentinelle.dz\\\/#\\\/schema\\\/person\\\/729ee0024f24e0b8c5ec17232f8e8b41\"},\"headline\":\"Relance du secteur industriel : La feuille de route de Ghrieb\",\"datePublished\":\"2024-12-02T11:23:38+00:00\",\"dateModified\":\"2024-12-02T11:23:39+00:00\",\"mainEntityOfPage\":{\"@id\":\"https:\\\/\\\/lasentinelle.dz\\\/index.php\\\/2024\\\/12\\\/02\\\/relance-du-secteur-industriel-la-feuille-de-route-de-ghrieb\\\/\"},\"wordCount\":529,\"commentCount\":0,\"publisher\":{\"@id\":\"https:\\\/\\\/lasentinelle.dz\\\/#organization\"},\"image\":{\"@id\":\"https:\\\/\\\/lasentinelle.dz\\\/index.php\\\/2024\\\/12\\\/02\\\/relance-du-secteur-industriel-la-feuille-de-route-de-ghrieb\\\/#primaryimage\"},\"thumbnailUrl\":\"https:\\\/\\\/lasentinelle.dz\\\/wp-content\\\/uploads\\\/2024\\\/12\\\/ghrieb.webp\",\"articleSection\":[\"\u00c9conomie\"],\"inLanguage\":\"fr-FR\",\"potentialAction\":[{\"@type\":\"CommentAction\",\"name\":\"Comment\",\"target\":[\"https:\\\/\\\/lasentinelle.dz\\\/index.php\\\/2024\\\/12\\\/02\\\/relance-du-secteur-industriel-la-feuille-de-route-de-ghrieb\\\/#respond\"]}]},{\"@type\":\"WebPage\",\"@id\":\"https:\\\/\\\/lasentinelle.dz\\\/index.php\\\/2024\\\/12\\\/02\\\/relance-du-secteur-industriel-la-feuille-de-route-de-ghrieb\\\/\",\"url\":\"https:\\\/\\\/lasentinelle.dz\\\/index.php\\\/2024\\\/12\\\/02\\\/relance-du-secteur-industriel-la-feuille-de-route-de-ghrieb\\\/\",\"name\":\"Relance du secteur industriel : La feuille de route de Ghrieb - La Sentinelle\",\"isPartOf\":{\"@id\":\"https:\\\/\\\/lasentinelle.dz\\\/#website\"},\"primaryImageOfPage\":{\"@id\":\"https:\\\/\\\/lasentinelle.dz\\\/index.php\\\/2024\\\/12\\\/02\\\/relance-du-secteur-industriel-la-feuille-de-route-de-ghrieb\\\/#primaryimage\"},\"image\":{\"@id\":\"https:\\\/\\\/lasentinelle.dz\\\/index.php\\\/2024\\\/12\\\/02\\\/relance-du-secteur-industriel-la-feuille-de-route-de-ghrieb\\\/#primaryimage\"},\"thumbnailUrl\":\"https:\\\/\\\/lasentinelle.dz\\\/wp-content\\\/uploads\\\/2024\\\/12\\\/ghrieb.webp\",\"datePublished\":\"2024-12-02T11:23:38+00:00\",\"dateModified\":\"2024-12-02T11:23:39+00:00\",\"breadcrumb\":{\"@id\":\"https:\\\/\\\/lasentinelle.dz\\\/index.php\\\/2024\\\/12\\\/02\\\/relance-du-secteur-industriel-la-feuille-de-route-de-ghrieb\\\/#breadcrumb\"},\"inLanguage\":\"fr-FR\",\"potentialAction\":[{\"@type\":\"ReadAction\",\"target\":[\"https:\\\/\\\/lasentinelle.dz\\\/index.php\\\/2024\\\/12\\\/02\\\/relance-du-secteur-industriel-la-feuille-de-route-de-ghrieb\\\/\"]}]},{\"@type\":\"ImageObject\",\"inLanguage\":\"fr-FR\",\"@id\":\"https:\\\/\\\/lasentinelle.dz\\\/index.php\\\/2024\\\/12\\\/02\\\/relance-du-secteur-industriel-la-feuille-de-route-de-ghrieb\\\/#primaryimage\",\"url\":\"https:\\\/\\\/lasentinelle.dz\\\/wp-content\\\/uploads\\\/2024\\\/12\\\/ghrieb.webp\",\"contentUrl\":\"https:\\\/\\\/lasentinelle.dz\\\/wp-content\\\/uploads\\\/2024\\\/12\\\/ghrieb.webp\",\"width\":900,\"height\":675},{\"@type\":\"BreadcrumbList\",\"@id\":\"https:\\\/\\\/lasentinelle.dz\\\/index.php\\\/2024\\\/12\\\/02\\\/relance-du-secteur-industriel-la-feuille-de-route-de-ghrieb\\\/#breadcrumb\",\"itemListElement\":[{\"@type\":\"ListItem\",\"position\":1,\"name\":\"Accueil\",\"item\":\"https:\\\/\\\/lasentinelle.dz\\\/\"},{\"@type\":\"ListItem\",\"position\":2,\"name\":\"Relance du secteur industriel : La feuille de route de Ghrieb\"}]},{\"@type\":\"WebSite\",\"@id\":\"https:\\\/\\\/lasentinelle.dz\\\/#website\",\"url\":\"https:\\\/\\\/lasentinelle.dz\\\/\",\"name\":\"La Sentinelle\",\"description\":\"Quotidien national d&#039;information\",\"publisher\":{\"@id\":\"https:\\\/\\\/lasentinelle.dz\\\/#organization\"},\"potentialAction\":[{\"@type\":\"SearchAction\",\"target\":{\"@type\":\"EntryPoint\",\"urlTemplate\":\"https:\\\/\\\/lasentinelle.dz\\\/?s={search_term_string}\"},\"query-input\":{\"@type\":\"PropertyValueSpecification\",\"valueRequired\":true,\"valueName\":\"search_term_string\"}}],\"inLanguage\":\"fr-FR\"},{\"@type\":\"Organization\",\"@id\":\"https:\\\/\\\/lasentinelle.dz\\\/#organization\",\"name\":\"Quotidien La Sentinelle\",\"url\":\"https:\\\/\\\/lasentinelle.dz\\\/\",\"logo\":{\"@type\":\"ImageObject\",\"inLanguage\":\"fr-FR\",\"@id\":\"https:\\\/\\\/lasentinelle.dz\\\/#\\\/schema\\\/logo\\\/image\\\/\",\"url\":\"https:\\\/\\\/lasentinelle.dz\\\/wp-content\\\/uploads\\\/2021\\\/09\\\/logo-sentinelleSLOGAN-1.png\",\"contentUrl\":\"https:\\\/\\\/lasentinelle.dz\\\/wp-content\\\/uploads\\\/2021\\\/09\\\/logo-sentinelleSLOGAN-1.png\",\"width\":615,\"height\":142,\"caption\":\"Quotidien La Sentinelle\"},\"image\":{\"@id\":\"https:\\\/\\\/lasentinelle.dz\\\/#\\\/schema\\\/logo\\\/image\\\/\"},\"sameAs\":[\"https:\\\/\\\/www.facebook.com\\\/La-Sentinelle-104059864394773\"]},{\"@type\":\"Person\",\"@id\":\"https:\\\/\\\/lasentinelle.dz\\\/#\\\/schema\\\/person\\\/729ee0024f24e0b8c5ec17232f8e8b41\",\"name\":\"admin\",\"image\":{\"@type\":\"ImageObject\",\"inLanguage\":\"fr-FR\",\"@id\":\"https:\\\/\\\/secure.gravatar.com\\\/avatar\\\/4c81fed838786e9b53f540bf46533e750f5d292099ae3b66cfc6fb1982e29df7?s=96&d=mm&r=g\",\"url\":\"https:\\\/\\\/secure.gravatar.com\\\/avatar\\\/4c81fed838786e9b53f540bf46533e750f5d292099ae3b66cfc6fb1982e29df7?s=96&d=mm&r=g\",\"contentUrl\":\"https:\\\/\\\/secure.gravatar.com\\\/avatar\\\/4c81fed838786e9b53f540bf46533e750f5d292099ae3b66cfc6fb1982e29df7?s=96&d=mm&r=g\",\"caption\":\"admin\"},\"description\":\"admin\",\"url\":\"https:\\\/\\\/lasentinelle.dz\\\/author\\\/admin\\\/\"}]}<\/script>\n<!-- \/ Yoast SEO plugin. -->","yoast_head_json":{"title":"Relance du secteur industriel : La feuille de route de Ghrieb - La Sentinelle","robots":{"index":"index","follow":"follow","max-snippet":"max-snippet:-1","max-image-preview":"max-image-preview:large","max-video-preview":"max-video-preview:-1"},"canonical":"https:\/\/lasentinelle.dz\/index.php\/2024\/12\/02\/relance-du-secteur-industriel-la-feuille-de-route-de-ghrieb\/","og_locale":"fr_FR","og_type":"article","og_title":"Relance du secteur industriel : La feuille de route de Ghrieb - La Sentinelle","og_description":"Le ministre de l&rsquo;Industrie, Sifi Ghrieb, a entam\u00e9, samedi \u00e0 Alger, une s\u00e9rie de rencontres avec les responsables des groupes","og_url":"https:\/\/lasentinelle.dz\/index.php\/2024\/12\/02\/relance-du-secteur-industriel-la-feuille-de-route-de-ghrieb\/","og_site_name":"La Sentinelle","article_publisher":"https:\/\/www.facebook.com\/La-Sentinelle-104059864394773","article_published_time":"2024-12-02T11:23:38+00:00","article_modified_time":"2024-12-02T11:23:39+00:00","og_image":[{"width":900,"height":675,"url":"https:\/\/lasentinelle.dz\/wp-content\/uploads\/2024\/12\/ghrieb.webp","type":"image\/webp"}],"author":"admin","twitter_card":"summary_large_image","twitter_misc":{"\u00c9crit par":"admin","Dur\u00e9e de lecture estim\u00e9e":"3 minutes"},"schema":{"@context":"https:\/\/schema.org","@graph":[{"@type":"Article","@id":"https:\/\/lasentinelle.dz\/index.php\/2024\/12\/02\/relance-du-secteur-industriel-la-feuille-de-route-de-ghrieb\/#article","isPartOf":{"@id":"https:\/\/lasentinelle.dz\/index.php\/2024\/12\/02\/relance-du-secteur-industriel-la-feuille-de-route-de-ghrieb\/"},"author":{"name":"admin","@id":"https:\/\/lasentinelle.dz\/#\/schema\/person\/729ee0024f24e0b8c5ec17232f8e8b41"},"headline":"Relance du secteur industriel : La feuille de route de Ghrieb","datePublished":"2024-12-02T11:23:38+00:00","dateModified":"2024-12-02T11:23:39+00:00","mainEntityOfPage":{"@id":"https:\/\/lasentinelle.dz\/index.php\/2024\/12\/02\/relance-du-secteur-industriel-la-feuille-de-route-de-ghrieb\/"},"wordCount":529,"commentCount":0,"publisher":{"@id":"https:\/\/lasentinelle.dz\/#organization"},"image":{"@id":"https:\/\/lasentinelle.dz\/index.php\/2024\/12\/02\/relance-du-secteur-industriel-la-feuille-de-route-de-ghrieb\/#primaryimage"},"thumbnailUrl":"https:\/\/lasentinelle.dz\/wp-content\/uploads\/2024\/12\/ghrieb.webp","articleSection":["\u00c9conomie"],"inLanguage":"fr-FR","potentialAction":[{"@type":"CommentAction","name":"Comment","target":["https:\/\/lasentinelle.dz\/index.php\/2024\/12\/02\/relance-du-secteur-industriel-la-feuille-de-route-de-ghrieb\/#respond"]}]},{"@type":"WebPage","@id":"https:\/\/lasentinelle.dz\/index.php\/2024\/12\/02\/relance-du-secteur-industriel-la-feuille-de-route-de-ghrieb\/","url":"https:\/\/lasentinelle.dz\/index.php\/2024\/12\/02\/relance-du-secteur-industriel-la-feuille-de-route-de-ghrieb\/","name":"Relance du secteur industriel : La feuille de route de Ghrieb - La Sentinelle","isPartOf":{"@id":"https:\/\/lasentinelle.dz\/#website"},"primaryImageOfPage":{"@id":"https:\/\/lasentinelle.dz\/index.php\/2024\/12\/02\/relance-du-secteur-industriel-la-feuille-de-route-de-ghrieb\/#primaryimage"},"image":{"@id":"https:\/\/lasentinelle.dz\/index.php\/2024\/12\/02\/relance-du-secteur-industriel-la-feuille-de-route-de-ghrieb\/#primaryimage"},"thumbnailUrl":"https:\/\/lasentinelle.dz\/wp-content\/uploads\/2024\/12\/ghrieb.webp","datePublished":"2024-12-02T11:23:38+00:00","dateModified":"2024-12-02T11:23:39+00:00","breadcrumb":{"@id":"https:\/\/lasentinelle.dz\/index.php\/2024\/12\/02\/relance-du-secteur-industriel-la-feuille-de-route-de-ghrieb\/#breadcrumb"},"inLanguage":"fr-FR","potentialAction":[{"@type":"ReadAction","target":["https:\/\/lasentinelle.dz\/index.php\/2024\/12\/02\/relance-du-secteur-industriel-la-feuille-de-route-de-ghrieb\/"]}]},{"@type":"ImageObject","inLanguage":"fr-FR","@id":"https:\/\/lasentinelle.dz\/index.php\/2024\/12\/02\/relance-du-secteur-industriel-la-feuille-de-route-de-ghrieb\/#primaryimage","url":"https:\/\/lasentinelle.dz\/wp-content\/uploads\/2024\/12\/ghrieb.webp","contentUrl":"https:\/\/lasentinelle.dz\/wp-content\/uploads\/2024\/12\/ghrieb.webp","width":900,"height":675},{"@type":"BreadcrumbList","@id":"https:\/\/lasentinelle.dz\/index.php\/2024\/12\/02\/relance-du-secteur-industriel-la-feuille-de-route-de-ghrieb\/#breadcrumb","itemListElement":[{"@type":"ListItem","position":1,"name":"Accueil","item":"https:\/\/lasentinelle.dz\/"},{"@type":"ListItem","position":2,"name":"Relance du secteur industriel : La feuille de route de Ghrieb"}]},{"@type":"WebSite","@id":"https:\/\/lasentinelle.dz\/#website","url":"https:\/\/lasentinelle.dz\/","name":"La Sentinelle","description":"Quotidien national d&#039;information","publisher":{"@id":"https:\/\/lasentinelle.dz\/#organization"},"potentialAction":[{"@type":"SearchAction","target":{"@type":"EntryPoint","urlTemplate":"https:\/\/lasentinelle.dz\/?s={search_term_string}"},"query-input":{"@type":"PropertyValueSpecification","valueRequired":true,"valueName":"search_term_string"}}],"inLanguage":"fr-FR"},{"@type":"Organization","@id":"https:\/\/lasentinelle.dz\/#organization","name":"Quotidien La Sentinelle","url":"https:\/\/lasentinelle.dz\/","logo":{"@type":"ImageObject","inLanguage":"fr-FR","@id":"https:\/\/lasentinelle.dz\/#\/schema\/logo\/image\/","url":"https:\/\/lasentinelle.dz\/wp-content\/uploads\/2021\/09\/logo-sentinelleSLOGAN-1.png","contentUrl":"https:\/\/lasentinelle.dz\/wp-content\/uploads\/2021\/09\/logo-sentinelleSLOGAN-1.png","width":615,"height":142,"caption":"Quotidien La Sentinelle"},"image":{"@id":"https:\/\/lasentinelle.dz\/#\/schema\/logo\/image\/"},"sameAs":["https:\/\/www.facebook.com\/La-Sentinelle-104059864394773"]},{"@type":"Person","@id":"https:\/\/lasentinelle.dz\/#\/schema\/person\/729ee0024f24e0b8c5ec17232f8e8b41","name":"admin","image":{"@type":"ImageObject","inLanguage":"fr-FR","@id":"https:\/\/secure.gravatar.com\/avatar\/4c81fed838786e9b53f540bf46533e750f5d292099ae3b66cfc6fb1982e29df7?s=96&d=mm&r=g","url":"https:\/\/secure.gravatar.com\/avatar\/4c81fed838786e9b53f540bf46533e750f5d292099ae3b66cfc6fb1982e29df7?s=96&d=mm&r=g","contentUrl":"https:\/\/secure.gravatar.com\/avatar\/4c81fed838786e9b53f540bf46533e750f5d292099ae3b66cfc6fb1982e29df7?s=96&d=mm&r=g","caption":"admin"},"description":"admin","url":"https:\/\/lasentinelle.dz\/author\/admin\/"}]}},"_links":{"self":[{"href":"https:\/\/lasentinelle.dz\/index.php\/wp-json\/wp\/v2\/posts\/60053","targetHints":{"allow":["GET"]}}],"collection":[{"href":"https:\/\/lasentinelle.dz\/index.php\/wp-json\/wp\/v2\/posts"}],"about":[{"href":"https:\/\/lasentinelle.dz\/index.php\/wp-json\/wp\/v2\/types\/post"}],"author":[{"embeddable":true,"href":"https:\/\/lasentinelle.dz\/index.php\/wp-json\/wp\/v2\/users\/6"}],"replies":[{"embeddable":true,"href":"https:\/\/lasentinelle.dz\/index.php\/wp-json\/wp\/v2\/comments?post=60053"}],"version-history":[{"count":1,"href":"https:\/\/lasentinelle.dz\/index.php\/wp-json\/wp\/v2\/posts\/60053\/revisions"}],"predecessor-version":[{"id":60055,"href":"https:\/\/lasentinelle.dz\/index.php\/wp-json\/wp\/v2\/posts\/60053\/revisions\/60055"}],"wp:featuredmedia":[{"embeddable":true,"href":"https:\/\/lasentinelle.dz\/index.php\/wp-json\/wp\/v2\/media\/60054"}],"wp:attachment":[{"href":"https:\/\/lasentinelle.dz\/index.php\/wp-json\/wp\/v2\/media?parent=60053"}],"wp:term":[{"taxonomy":"category","embeddable":true,"href":"https:\/\/lasentinelle.dz\/index.php\/wp-json\/wp\/v2\/categories?post=60053"},{"taxonomy":"post_tag","embeddable":true,"href":"https:\/\/lasentinelle.dz\/index.php\/wp-json\/wp\/v2\/tags?post=60053"}],"curies":[{"name":"wp","href":"https:\/\/api.w.org\/{rel}","templated":true}]}}