{"id":60068,"date":"2024-12-02T12:29:23","date_gmt":"2024-12-02T11:29:23","guid":{"rendered":"https:\/\/lasentinelle.dz\/?p=60068"},"modified":"2024-12-02T12:29:24","modified_gmt":"2024-12-02T11:29:24","slug":"sahara-occidental-la-position-de-lalgerie-saluee","status":"publish","type":"post","link":"https:\/\/lasentinelle.dz\/index.php\/2024\/12\/02\/sahara-occidental-la-position-de-lalgerie-saluee\/","title":{"rendered":"Sahara occidental : La position de l\u2019Alg\u00e9rie salu\u00e9e"},"content":{"rendered":"\n<p>La 48e Conf\u00e9rence de la Coordination europ\u00e9enne de soutien et de solidarit\u00e9 avec le peuple sahraoui (Eucoco) s&rsquo;est tenue les 29 et 30 novembre 2024 \u00e0 Lisbonne, au Portugal, dans un contexte g\u00e9opolitique complexe marquant une \u00e9tape cruciale pour la reconnaissance du droit \u00e0 l&rsquo;autod\u00e9termination du Sahara occidental, derni\u00e8re colonie en Afrique. Sous le th\u00e8me f\u00e9d\u00e9rateur \u00ab\u00a0L&rsquo;Europe et l&rsquo;Afrique, deux continents unis pour d\u00e9fendre l&rsquo;autod\u00e9termination et l&rsquo;ind\u00e9pendance du Sahara occidental\u00a0\u00bb, cette conf\u00e9rence internationale a constitu\u00e9 un moment fort de mobilisation diplomatique et militante. L&rsquo;\u00e9v\u00e9nement a rassembl\u00e9 une participation remarquable, avec 302 participants issus de 21 pays, incluant une d\u00e9l\u00e9gation significative de l&rsquo;Alg\u00e9rie, des repr\u00e9sentants gouvernementaux, parlementaires, associations et comit\u00e9s de soutien. Pierre Galand, pr\u00e9sident de l&rsquo;Eucoco, a particuli\u00e8rement mis en lumi\u00e8re la position de principe de l&rsquo;Alg\u00e9rie, saluant son soutien constant \u00e0 la lutte du peuple sahraoui. Le communiqu\u00e9 final a insist\u00e9 sur \u00ab\u00a0la n\u00e9cessit\u00e9 de mettre fin \u00e0 l&rsquo;occupation marocaine du Sahara occidental\u00a0\u00bb, soulignant que le retrait des forces d&rsquo;occupation repr\u00e9sente \u00ab\u00a0une priorit\u00e9 absolue que l&rsquo;ONU doit concr\u00e9tiser, sous peine de perdre toute cr\u00e9dibilit\u00e9\u00a0\u00bb. Parall\u00e8lement \u00e0 la conf\u00e9rence principale, deux \u00e9v\u00e9nements compl\u00e9mentaires ont \u00e9t\u00e9 organis\u00e9s : une conf\u00e9rence parlementaire et la premi\u00e8re Conf\u00e9rence syndicale de solidarit\u00e9, \u00e9largissant ainsi les perspectives de mobilisation internationale. Cette derni\u00e8re a particuli\u00e8rement mis l&rsquo;accent sur le r\u00f4le potentiel des organisations syndicales comme \u00ab\u00a0force active\u00a0\u00bb pour faire pression sur les gouvernements afin de permettre au peuple sahraoui de recouvrer ses droits reconnus par les r\u00e9solutions onusiennes et internationales. Les participants ont formul\u00e9 des revendications explicites, appelant \u00e0 la cr\u00e9ation de \u00ab\u00a0r\u00e9seaux syndicaux r\u00e9gionaux et internationaux de solidarit\u00e9\u00a0\u00bb avec la cause sahraouie. L&rsquo;objectif strat\u00e9gique est de construire une feuille de route commune visant \u00e0 sensibiliser l&rsquo;opinion publique internationale, renforcer la coordination entre structures repr\u00e9sentatives des travailleurs et lutter contre le colonialisme.<\/p>\n\n\n\n<p>La conf\u00e9rence a d\u00e9nonc\u00e9 avec une grande fermet\u00e9 les violations syst\u00e9matiques des droits humains commises par l\u2019occupation marocaine dans les territoires occup\u00e9s. Les participants ont condamn\u00e9 les \u00ab\u00a0politiques de s\u00e9gr\u00e9gation raciale, de marginalisation et d&rsquo;exclusion\u00a0\u00bb des populations sahraouies, ainsi que \u00ab\u00a0l&rsquo;accaparement des terres et l&rsquo;exploitation ill\u00e9gale des ressources naturelles\u00a0\u00bb, en totale contradiction avec les chartes internationales et les d\u00e9cisions des juridictions europ\u00e9enne et africaine. Les atteintes aux droits humains ont \u00e9t\u00e9 minutieusement document\u00e9es : r\u00e9pression, arrestations arbitraires, recours \u00e0 la torture, proc\u00e8s sommaires, disparitions forc\u00e9es, conditions de d\u00e9tention inhumaines et ex\u00e9cutions. Un aspect particuli\u00e8rement r\u00e9v\u00e9lateur a \u00e9t\u00e9 soulign\u00e9 : le blocus m\u00e9diatique syst\u00e9matique, avec 300 expulsions document\u00e9es d&rsquo;observateurs des droits humains au cours de la derni\u00e8re d\u00e9cennie. La r\u00e9solution finale appelle tous les syndicats mondiaux \u00e0 \u00ab\u00a0renforcer leur engagement ferme\u00a0\u00bb en faveur du droit sahraoui \u00ab\u00a0\u00e0 la libert\u00e9, \u00e0 l&rsquo;autod\u00e9termination et \u00e0 l&rsquo;ind\u00e9pendance\u00a0\u00bb, conform\u00e9ment aux principes \u00e9tablis par le droit international. L&rsquo;engagement se veut constructif, avec la volont\u00e9 affich\u00e9e \u00ab\u00a0d&rsquo;\u0153uvrer sans rel\u00e2che pour soutenir la lutte du peuple sahraoui et construire un avenir fond\u00e9 sur la paix, la justice, les droits de l&rsquo;homme et la primaut\u00e9 du droit\u00a0\u00bb. Cette conf\u00e9rence s&rsquo;inscrit dans une dynamique historique de solidarit\u00e9 internationale, rappelant que le mouvement syndical a traditionnellement \u00e9t\u00e9 \u00ab\u00a0l&rsquo;un des piliers du mouvement de solidarit\u00e9 internationale avec les peuples colonis\u00e9s\u00a0\u00bb.<\/p>\n\n\n\n<p>Salim Amokrane<\/p>\n","protected":false},"excerpt":{"rendered":"<p>La 48e Conf\u00e9rence de la Coordination europ\u00e9enne de soutien et de solidarit\u00e9 avec le peuple sahraoui (Eucoco) s&rsquo;est tenue les<\/p>\n","protected":false},"author":6,"featured_media":60010,"comment_status":"open","ping_status":"closed","sticky":false,"template":"","format":"standard","meta":{"colormag_page_container_layout":"default_layout","colormag_page_sidebar_layout":"default_layout","om_disable_all_campaigns":false,"_monsterinsights_skip_tracking":false,"_monsterinsights_sitenote_active":false,"_monsterinsights_sitenote_note":"","_monsterinsights_sitenote_category":0,"footnotes":"","_wpscppro_dont_share_socialmedia":false,"_wpscppro_custom_social_share_image":0,"_facebook_share_type":"default","_twitter_share_type":"default","_linkedin_share_type":"default","_pinterest_share_type":"default","_linkedin_share_type_page":"","_instagram_share_type":"default","_medium_share_type":"default","_threads_share_type":"","_google_business_share_type":"","_selected_social_profile":[],"_wpsp_enable_custom_social_template":false,"_wpsp_social_scheduling":{"enabled":false,"datetime":null,"platforms":[],"status":"template_only","dateOption":"today","timeOption":"now","customDays":"","customHours":"","customDate":"","customTime":"","schedulingType":"absolute"},"_wpsp_active_default_template":true},"categories":[27],"tags":[],"class_list":["post-60068","post","type-post","status-publish","format-standard","has-post-thumbnail","hentry","category-actualite"],"aioseo_notices":[],"yoast_head":"<!-- This site is optimized with the Yoast SEO plugin v27.4 - https:\/\/yoast.com\/product\/yoast-seo-wordpress\/ -->\n<title>Sahara occidental : La position de l\u2019Alg\u00e9rie salu\u00e9e - La Sentinelle<\/title>\n<meta name=\"robots\" content=\"index, follow, max-snippet:-1, max-image-preview:large, max-video-preview:-1\" \/>\n<link rel=\"canonical\" href=\"https:\/\/lasentinelle.dz\/index.php\/2024\/12\/02\/sahara-occidental-la-position-de-lalgerie-saluee\/\" \/>\n<meta property=\"og:locale\" content=\"fr_FR\" \/>\n<meta property=\"og:type\" content=\"article\" \/>\n<meta property=\"og:title\" content=\"Sahara occidental : La position de l\u2019Alg\u00e9rie salu\u00e9e - La Sentinelle\" \/>\n<meta property=\"og:description\" content=\"La 48e Conf\u00e9rence de la Coordination europ\u00e9enne de soutien et de solidarit\u00e9 avec le peuple sahraoui (Eucoco) s&rsquo;est tenue les\" \/>\n<meta property=\"og:url\" content=\"https:\/\/lasentinelle.dz\/index.php\/2024\/12\/02\/sahara-occidental-la-position-de-lalgerie-saluee\/\" \/>\n<meta property=\"og:site_name\" content=\"La Sentinelle\" \/>\n<meta property=\"article:publisher\" content=\"https:\/\/www.facebook.com\/La-Sentinelle-104059864394773\" \/>\n<meta property=\"article:published_time\" content=\"2024-12-02T11:29:23+00:00\" \/>\n<meta property=\"article:modified_time\" content=\"2024-12-02T11:29:24+00:00\" \/>\n<meta property=\"og:image\" content=\"https:\/\/lasentinelle.dz\/wp-content\/uploads\/2024\/12\/eucoco.jpeg\" \/>\n\t<meta property=\"og:image:width\" content=\"600\" \/>\n\t<meta property=\"og:image:height\" content=\"338\" \/>\n\t<meta property=\"og:image:type\" content=\"image\/jpeg\" \/>\n<meta name=\"author\" content=\"admin\" \/>\n<meta name=\"twitter:card\" content=\"summary_large_image\" \/>\n<meta name=\"twitter:label1\" content=\"\u00c9crit par\" \/>\n\t<meta name=\"twitter:data1\" content=\"admin\" \/>\n\t<meta name=\"twitter:label2\" content=\"Dur\u00e9e de lecture estim\u00e9e\" \/>\n\t<meta name=\"twitter:data2\" content=\"3 minutes\" \/>\n<script type=\"application\/ld+json\" class=\"yoast-schema-graph\">{\"@context\":\"https:\\\/\\\/schema.org\",\"@graph\":[{\"@type\":\"Article\",\"@id\":\"https:\\\/\\\/lasentinelle.dz\\\/index.php\\\/2024\\\/12\\\/02\\\/sahara-occidental-la-position-de-lalgerie-saluee\\\/#article\",\"isPartOf\":{\"@id\":\"https:\\\/\\\/lasentinelle.dz\\\/index.php\\\/2024\\\/12\\\/02\\\/sahara-occidental-la-position-de-lalgerie-saluee\\\/\"},\"author\":{\"name\":\"admin\",\"@id\":\"https:\\\/\\\/lasentinelle.dz\\\/#\\\/schema\\\/person\\\/729ee0024f24e0b8c5ec17232f8e8b41\"},\"headline\":\"Sahara occidental : La position de l\u2019Alg\u00e9rie salu\u00e9e\",\"datePublished\":\"2024-12-02T11:29:23+00:00\",\"dateModified\":\"2024-12-02T11:29:24+00:00\",\"mainEntityOfPage\":{\"@id\":\"https:\\\/\\\/lasentinelle.dz\\\/index.php\\\/2024\\\/12\\\/02\\\/sahara-occidental-la-position-de-lalgerie-saluee\\\/\"},\"wordCount\":606,\"commentCount\":0,\"publisher\":{\"@id\":\"https:\\\/\\\/lasentinelle.dz\\\/#organization\"},\"image\":{\"@id\":\"https:\\\/\\\/lasentinelle.dz\\\/index.php\\\/2024\\\/12\\\/02\\\/sahara-occidental-la-position-de-lalgerie-saluee\\\/#primaryimage\"},\"thumbnailUrl\":\"https:\\\/\\\/lasentinelle.dz\\\/wp-content\\\/uploads\\\/2024\\\/12\\\/eucoco.jpeg\",\"articleSection\":[\"Actualit\u00e9\"],\"inLanguage\":\"fr-FR\",\"potentialAction\":[{\"@type\":\"CommentAction\",\"name\":\"Comment\",\"target\":[\"https:\\\/\\\/lasentinelle.dz\\\/index.php\\\/2024\\\/12\\\/02\\\/sahara-occidental-la-position-de-lalgerie-saluee\\\/#respond\"]}]},{\"@type\":\"WebPage\",\"@id\":\"https:\\\/\\\/lasentinelle.dz\\\/index.php\\\/2024\\\/12\\\/02\\\/sahara-occidental-la-position-de-lalgerie-saluee\\\/\",\"url\":\"https:\\\/\\\/lasentinelle.dz\\\/index.php\\\/2024\\\/12\\\/02\\\/sahara-occidental-la-position-de-lalgerie-saluee\\\/\",\"name\":\"Sahara occidental : La position de l\u2019Alg\u00e9rie salu\u00e9e - La Sentinelle\",\"isPartOf\":{\"@id\":\"https:\\\/\\\/lasentinelle.dz\\\/#website\"},\"primaryImageOfPage\":{\"@id\":\"https:\\\/\\\/lasentinelle.dz\\\/index.php\\\/2024\\\/12\\\/02\\\/sahara-occidental-la-position-de-lalgerie-saluee\\\/#primaryimage\"},\"image\":{\"@id\":\"https:\\\/\\\/lasentinelle.dz\\\/index.php\\\/2024\\\/12\\\/02\\\/sahara-occidental-la-position-de-lalgerie-saluee\\\/#primaryimage\"},\"thumbnailUrl\":\"https:\\\/\\\/lasentinelle.dz\\\/wp-content\\\/uploads\\\/2024\\\/12\\\/eucoco.jpeg\",\"datePublished\":\"2024-12-02T11:29:23+00:00\",\"dateModified\":\"2024-12-02T11:29:24+00:00\",\"breadcrumb\":{\"@id\":\"https:\\\/\\\/lasentinelle.dz\\\/index.php\\\/2024\\\/12\\\/02\\\/sahara-occidental-la-position-de-lalgerie-saluee\\\/#breadcrumb\"},\"inLanguage\":\"fr-FR\",\"potentialAction\":[{\"@type\":\"ReadAction\",\"target\":[\"https:\\\/\\\/lasentinelle.dz\\\/index.php\\\/2024\\\/12\\\/02\\\/sahara-occidental-la-position-de-lalgerie-saluee\\\/\"]}]},{\"@type\":\"ImageObject\",\"inLanguage\":\"fr-FR\",\"@id\":\"https:\\\/\\\/lasentinelle.dz\\\/index.php\\\/2024\\\/12\\\/02\\\/sahara-occidental-la-position-de-lalgerie-saluee\\\/#primaryimage\",\"url\":\"https:\\\/\\\/lasentinelle.dz\\\/wp-content\\\/uploads\\\/2024\\\/12\\\/eucoco.jpeg\",\"contentUrl\":\"https:\\\/\\\/lasentinelle.dz\\\/wp-content\\\/uploads\\\/2024\\\/12\\\/eucoco.jpeg\",\"width\":600,\"height\":338},{\"@type\":\"BreadcrumbList\",\"@id\":\"https:\\\/\\\/lasentinelle.dz\\\/index.php\\\/2024\\\/12\\\/02\\\/sahara-occidental-la-position-de-lalgerie-saluee\\\/#breadcrumb\",\"itemListElement\":[{\"@type\":\"ListItem\",\"position\":1,\"name\":\"Accueil\",\"item\":\"https:\\\/\\\/lasentinelle.dz\\\/\"},{\"@type\":\"ListItem\",\"position\":2,\"name\":\"Sahara occidental : La position de l\u2019Alg\u00e9rie salu\u00e9e\"}]},{\"@type\":\"WebSite\",\"@id\":\"https:\\\/\\\/lasentinelle.dz\\\/#website\",\"url\":\"https:\\\/\\\/lasentinelle.dz\\\/\",\"name\":\"La Sentinelle\",\"description\":\"Quotidien national d&#039;information\",\"publisher\":{\"@id\":\"https:\\\/\\\/lasentinelle.dz\\\/#organization\"},\"potentialAction\":[{\"@type\":\"SearchAction\",\"target\":{\"@type\":\"EntryPoint\",\"urlTemplate\":\"https:\\\/\\\/lasentinelle.dz\\\/?s={search_term_string}\"},\"query-input\":{\"@type\":\"PropertyValueSpecification\",\"valueRequired\":true,\"valueName\":\"search_term_string\"}}],\"inLanguage\":\"fr-FR\"},{\"@type\":\"Organization\",\"@id\":\"https:\\\/\\\/lasentinelle.dz\\\/#organization\",\"name\":\"Quotidien La Sentinelle\",\"url\":\"https:\\\/\\\/lasentinelle.dz\\\/\",\"logo\":{\"@type\":\"ImageObject\",\"inLanguage\":\"fr-FR\",\"@id\":\"https:\\\/\\\/lasentinelle.dz\\\/#\\\/schema\\\/logo\\\/image\\\/\",\"url\":\"https:\\\/\\\/lasentinelle.dz\\\/wp-content\\\/uploads\\\/2021\\\/09\\\/logo-sentinelleSLOGAN-1.png\",\"contentUrl\":\"https:\\\/\\\/lasentinelle.dz\\\/wp-content\\\/uploads\\\/2021\\\/09\\\/logo-sentinelleSLOGAN-1.png\",\"width\":615,\"height\":142,\"caption\":\"Quotidien La Sentinelle\"},\"image\":{\"@id\":\"https:\\\/\\\/lasentinelle.dz\\\/#\\\/schema\\\/logo\\\/image\\\/\"},\"sameAs\":[\"https:\\\/\\\/www.facebook.com\\\/La-Sentinelle-104059864394773\"]},{\"@type\":\"Person\",\"@id\":\"https:\\\/\\\/lasentinelle.dz\\\/#\\\/schema\\\/person\\\/729ee0024f24e0b8c5ec17232f8e8b41\",\"name\":\"admin\",\"image\":{\"@type\":\"ImageObject\",\"inLanguage\":\"fr-FR\",\"@id\":\"https:\\\/\\\/secure.gravatar.com\\\/avatar\\\/4c81fed838786e9b53f540bf46533e750f5d292099ae3b66cfc6fb1982e29df7?s=96&d=mm&r=g\",\"url\":\"https:\\\/\\\/secure.gravatar.com\\\/avatar\\\/4c81fed838786e9b53f540bf46533e750f5d292099ae3b66cfc6fb1982e29df7?s=96&d=mm&r=g\",\"contentUrl\":\"https:\\\/\\\/secure.gravatar.com\\\/avatar\\\/4c81fed838786e9b53f540bf46533e750f5d292099ae3b66cfc6fb1982e29df7?s=96&d=mm&r=g\",\"caption\":\"admin\"},\"description\":\"admin\",\"url\":\"https:\\\/\\\/lasentinelle.dz\\\/author\\\/admin\\\/\"}]}<\/script>\n<!-- \/ Yoast SEO plugin. -->","yoast_head_json":{"title":"Sahara occidental : La position de l\u2019Alg\u00e9rie salu\u00e9e - La Sentinelle","robots":{"index":"index","follow":"follow","max-snippet":"max-snippet:-1","max-image-preview":"max-image-preview:large","max-video-preview":"max-video-preview:-1"},"canonical":"https:\/\/lasentinelle.dz\/index.php\/2024\/12\/02\/sahara-occidental-la-position-de-lalgerie-saluee\/","og_locale":"fr_FR","og_type":"article","og_title":"Sahara occidental : La position de l\u2019Alg\u00e9rie salu\u00e9e - La Sentinelle","og_description":"La 48e Conf\u00e9rence de la Coordination europ\u00e9enne de soutien et de solidarit\u00e9 avec le peuple sahraoui (Eucoco) s&rsquo;est tenue les","og_url":"https:\/\/lasentinelle.dz\/index.php\/2024\/12\/02\/sahara-occidental-la-position-de-lalgerie-saluee\/","og_site_name":"La Sentinelle","article_publisher":"https:\/\/www.facebook.com\/La-Sentinelle-104059864394773","article_published_time":"2024-12-02T11:29:23+00:00","article_modified_time":"2024-12-02T11:29:24+00:00","og_image":[{"width":600,"height":338,"url":"https:\/\/lasentinelle.dz\/wp-content\/uploads\/2024\/12\/eucoco.jpeg","type":"image\/jpeg"}],"author":"admin","twitter_card":"summary_large_image","twitter_misc":{"\u00c9crit par":"admin","Dur\u00e9e de lecture estim\u00e9e":"3 minutes"},"schema":{"@context":"https:\/\/schema.org","@graph":[{"@type":"Article","@id":"https:\/\/lasentinelle.dz\/index.php\/2024\/12\/02\/sahara-occidental-la-position-de-lalgerie-saluee\/#article","isPartOf":{"@id":"https:\/\/lasentinelle.dz\/index.php\/2024\/12\/02\/sahara-occidental-la-position-de-lalgerie-saluee\/"},"author":{"name":"admin","@id":"https:\/\/lasentinelle.dz\/#\/schema\/person\/729ee0024f24e0b8c5ec17232f8e8b41"},"headline":"Sahara occidental : La position de l\u2019Alg\u00e9rie salu\u00e9e","datePublished":"2024-12-02T11:29:23+00:00","dateModified":"2024-12-02T11:29:24+00:00","mainEntityOfPage":{"@id":"https:\/\/lasentinelle.dz\/index.php\/2024\/12\/02\/sahara-occidental-la-position-de-lalgerie-saluee\/"},"wordCount":606,"commentCount":0,"publisher":{"@id":"https:\/\/lasentinelle.dz\/#organization"},"image":{"@id":"https:\/\/lasentinelle.dz\/index.php\/2024\/12\/02\/sahara-occidental-la-position-de-lalgerie-saluee\/#primaryimage"},"thumbnailUrl":"https:\/\/lasentinelle.dz\/wp-content\/uploads\/2024\/12\/eucoco.jpeg","articleSection":["Actualit\u00e9"],"inLanguage":"fr-FR","potentialAction":[{"@type":"CommentAction","name":"Comment","target":["https:\/\/lasentinelle.dz\/index.php\/2024\/12\/02\/sahara-occidental-la-position-de-lalgerie-saluee\/#respond"]}]},{"@type":"WebPage","@id":"https:\/\/lasentinelle.dz\/index.php\/2024\/12\/02\/sahara-occidental-la-position-de-lalgerie-saluee\/","url":"https:\/\/lasentinelle.dz\/index.php\/2024\/12\/02\/sahara-occidental-la-position-de-lalgerie-saluee\/","name":"Sahara occidental : La position de l\u2019Alg\u00e9rie salu\u00e9e - La Sentinelle","isPartOf":{"@id":"https:\/\/lasentinelle.dz\/#website"},"primaryImageOfPage":{"@id":"https:\/\/lasentinelle.dz\/index.php\/2024\/12\/02\/sahara-occidental-la-position-de-lalgerie-saluee\/#primaryimage"},"image":{"@id":"https:\/\/lasentinelle.dz\/index.php\/2024\/12\/02\/sahara-occidental-la-position-de-lalgerie-saluee\/#primaryimage"},"thumbnailUrl":"https:\/\/lasentinelle.dz\/wp-content\/uploads\/2024\/12\/eucoco.jpeg","datePublished":"2024-12-02T11:29:23+00:00","dateModified":"2024-12-02T11:29:24+00:00","breadcrumb":{"@id":"https:\/\/lasentinelle.dz\/index.php\/2024\/12\/02\/sahara-occidental-la-position-de-lalgerie-saluee\/#breadcrumb"},"inLanguage":"fr-FR","potentialAction":[{"@type":"ReadAction","target":["https:\/\/lasentinelle.dz\/index.php\/2024\/12\/02\/sahara-occidental-la-position-de-lalgerie-saluee\/"]}]},{"@type":"ImageObject","inLanguage":"fr-FR","@id":"https:\/\/lasentinelle.dz\/index.php\/2024\/12\/02\/sahara-occidental-la-position-de-lalgerie-saluee\/#primaryimage","url":"https:\/\/lasentinelle.dz\/wp-content\/uploads\/2024\/12\/eucoco.jpeg","contentUrl":"https:\/\/lasentinelle.dz\/wp-content\/uploads\/2024\/12\/eucoco.jpeg","width":600,"height":338},{"@type":"BreadcrumbList","@id":"https:\/\/lasentinelle.dz\/index.php\/2024\/12\/02\/sahara-occidental-la-position-de-lalgerie-saluee\/#breadcrumb","itemListElement":[{"@type":"ListItem","position":1,"name":"Accueil","item":"https:\/\/lasentinelle.dz\/"},{"@type":"ListItem","position":2,"name":"Sahara occidental : La position de l\u2019Alg\u00e9rie salu\u00e9e"}]},{"@type":"WebSite","@id":"https:\/\/lasentinelle.dz\/#website","url":"https:\/\/lasentinelle.dz\/","name":"La Sentinelle","description":"Quotidien national d&#039;information","publisher":{"@id":"https:\/\/lasentinelle.dz\/#organization"},"potentialAction":[{"@type":"SearchAction","target":{"@type":"EntryPoint","urlTemplate":"https:\/\/lasentinelle.dz\/?s={search_term_string}"},"query-input":{"@type":"PropertyValueSpecification","valueRequired":true,"valueName":"search_term_string"}}],"inLanguage":"fr-FR"},{"@type":"Organization","@id":"https:\/\/lasentinelle.dz\/#organization","name":"Quotidien La Sentinelle","url":"https:\/\/lasentinelle.dz\/","logo":{"@type":"ImageObject","inLanguage":"fr-FR","@id":"https:\/\/lasentinelle.dz\/#\/schema\/logo\/image\/","url":"https:\/\/lasentinelle.dz\/wp-content\/uploads\/2021\/09\/logo-sentinelleSLOGAN-1.png","contentUrl":"https:\/\/lasentinelle.dz\/wp-content\/uploads\/2021\/09\/logo-sentinelleSLOGAN-1.png","width":615,"height":142,"caption":"Quotidien La Sentinelle"},"image":{"@id":"https:\/\/lasentinelle.dz\/#\/schema\/logo\/image\/"},"sameAs":["https:\/\/www.facebook.com\/La-Sentinelle-104059864394773"]},{"@type":"Person","@id":"https:\/\/lasentinelle.dz\/#\/schema\/person\/729ee0024f24e0b8c5ec17232f8e8b41","name":"admin","image":{"@type":"ImageObject","inLanguage":"fr-FR","@id":"https:\/\/secure.gravatar.com\/avatar\/4c81fed838786e9b53f540bf46533e750f5d292099ae3b66cfc6fb1982e29df7?s=96&d=mm&r=g","url":"https:\/\/secure.gravatar.com\/avatar\/4c81fed838786e9b53f540bf46533e750f5d292099ae3b66cfc6fb1982e29df7?s=96&d=mm&r=g","contentUrl":"https:\/\/secure.gravatar.com\/avatar\/4c81fed838786e9b53f540bf46533e750f5d292099ae3b66cfc6fb1982e29df7?s=96&d=mm&r=g","caption":"admin"},"description":"admin","url":"https:\/\/lasentinelle.dz\/author\/admin\/"}]}},"_links":{"self":[{"href":"https:\/\/lasentinelle.dz\/index.php\/wp-json\/wp\/v2\/posts\/60068","targetHints":{"allow":["GET"]}}],"collection":[{"href":"https:\/\/lasentinelle.dz\/index.php\/wp-json\/wp\/v2\/posts"}],"about":[{"href":"https:\/\/lasentinelle.dz\/index.php\/wp-json\/wp\/v2\/types\/post"}],"author":[{"embeddable":true,"href":"https:\/\/lasentinelle.dz\/index.php\/wp-json\/wp\/v2\/users\/6"}],"replies":[{"embeddable":true,"href":"https:\/\/lasentinelle.dz\/index.php\/wp-json\/wp\/v2\/comments?post=60068"}],"version-history":[{"count":1,"href":"https:\/\/lasentinelle.dz\/index.php\/wp-json\/wp\/v2\/posts\/60068\/revisions"}],"predecessor-version":[{"id":60069,"href":"https:\/\/lasentinelle.dz\/index.php\/wp-json\/wp\/v2\/posts\/60068\/revisions\/60069"}],"wp:featuredmedia":[{"embeddable":true,"href":"https:\/\/lasentinelle.dz\/index.php\/wp-json\/wp\/v2\/media\/60010"}],"wp:attachment":[{"href":"https:\/\/lasentinelle.dz\/index.php\/wp-json\/wp\/v2\/media?parent=60068"}],"wp:term":[{"taxonomy":"category","embeddable":true,"href":"https:\/\/lasentinelle.dz\/index.php\/wp-json\/wp\/v2\/categories?post=60068"},{"taxonomy":"post_tag","embeddable":true,"href":"https:\/\/lasentinelle.dz\/index.php\/wp-json\/wp\/v2\/tags?post=60068"}],"curies":[{"name":"wp","href":"https:\/\/api.w.org\/{rel}","templated":true}]}}