{"id":60081,"date":"2024-12-03T12:12:11","date_gmt":"2024-12-03T11:12:11","guid":{"rendered":"https:\/\/lasentinelle.dz\/?p=60081"},"modified":"2024-12-03T12:12:11","modified_gmt":"2024-12-03T11:12:11","slug":"jeux-militaires-africains-ceremonie-de-distinction-de-la-selection-nationale-militaire","status":"publish","type":"post","link":"https:\/\/lasentinelle.dz\/index.php\/2024\/12\/03\/jeux-militaires-africains-ceremonie-de-distinction-de-la-selection-nationale-militaire\/","title":{"rendered":"Jeux militaires africains : C\u00e9r\u00e9monie de distinction de la s\u00e9lection nationale militaire"},"content":{"rendered":"\n<p>&nbsp;Le G\u00e9n\u00e9ral d&rsquo;Arm\u00e9e Sa\u00efd Chanegriha, ministre d\u00e9l\u00e9gu\u00e9 aupr\u00e8s du ministre de la D\u00e9fense nationale, Chef d&rsquo;Etat-major de l&rsquo;Arm\u00e9e nationale populaire (ANP), a pr\u00e9sid\u00e9, lundi, au si\u00e8ge du minist\u00e8re de la D\u00e9fense nationale (MDN), une c\u00e9r\u00e9monie d&rsquo;accueil et de distinction en l&rsquo;honneur de la d\u00e9l\u00e9gation sportive militaire ayant pris part \u00e0 la 2e \u00e9dition des Jeux militaires africains qui s\u2019est d\u00e9roul\u00e9e \u00e0 Abuja au Nig\u00e9ria du 18 au 30 novembre 2024, indique le MDN dans un communiqu\u00e9. \u00ab\u00a0Monsieur le G\u00e9n\u00e9ral d&rsquo;Arm\u00e9e, ministre d\u00e9l\u00e9gu\u00e9 aupr\u00e8s du ministre de la D\u00e9fense nationale, Chef d&rsquo;Etat-major de l&rsquo;Arm\u00e9e nationale populaire a pr\u00e9sid\u00e9, aujourd\u2019hui lundi 2 d\u00e9cembre 2024 au si\u00e8ge du MDN, une c\u00e9r\u00e9monie d&rsquo;accueil et de distinction en l&rsquo;honneur de la d\u00e9l\u00e9gation sportive militaire ayant pris part \u00e0 la 2e \u00e9dition des Jeux militaires africains qui s&rsquo;est d\u00e9roul\u00e9e \u00e0 Abuja au Nig\u00e9ria du 18 au 30 novembre 2024\u00a0\u00bb, pr\u00e9cise la m\u00eame source. Cette c\u00e9r\u00e9monie de distinction fait suite \u00e0 la participation \u00ab\u00a0forte honorable de la d\u00e9l\u00e9gation sportive militaire alg\u00e9rienne \u00e0 cette 2e \u00e9dition des Jeux militaires africains, o\u00f9 notre d\u00e9l\u00e9gation militaire a remport\u00e9 la 2e place parmi les 22 pays participants\u00a0\u00bb, ajoute le communiqu\u00e9. Lors de cette c\u00e9r\u00e9monie, le G\u00e9n\u00e9ral d&rsquo;Arm\u00e9e \u00ab\u00a0a veill\u00e9, dans son allocution, \u00e0 transmettre les v\u0153ux de Monsieur le Pr\u00e9sident de la R\u00e9publique, Chef supr\u00eame des Forces arm\u00e9es, ministre de la D\u00e9fense nationale et \u00e0 pr\u00e9senter ses sinc\u00e8res f\u00e9licitations aux membres de la d\u00e9l\u00e9gation sportive militaire\u00a0\u00bb. \u00ab\u00a0Suite \u00e0 votre retour victorieux d&rsquo;Abuja et votre participation honorable aux Jeux militaires africains, il m&rsquo;est tr\u00e8s agr\u00e9able de vous accueillir aujourd\u2019hui, dans cette c\u00e9r\u00e9monie symbolique, et de vous transmettre les plus vives f\u00e9licitations de Monsieur le Pr\u00e9sident de la R\u00e9publique, Chef supr\u00eame des Forces arm\u00e9es, ministre de la D\u00e9fense nationale\u00a0\u00bb, a-t-il dit. \u00ab\u00a0Je tiens \u00e9galement \u00e0 vous pr\u00e9senter, en mon nom personnel et au nom de tous les personnels de l&rsquo;ANP, mes v\u0153ux les plus sinc\u00e8res pour votre participation distingu\u00e9e et votre retour orn\u00e9 par des r\u00e9sultats par lesquels vous avez honor\u00e9 votre arm\u00e9e et votre pays et qui ont trouv\u00e9 aupr\u00e8s de notre peuple \u00e0 travers tout le pays toute la consid\u00e9ration et toute la reconnaissance\u00a0\u00bb, a-t-il ajout\u00e9. \u00ab\u00a0Vous avez arrach\u00e9 avec bravoure et m\u00e9rite la deuxi\u00e8me place du classement g\u00e9n\u00e9ral parmi les 22 pays participants. Cela repr\u00e9sente des r\u00e9sultats qualitatifs et forts probants d\u2019autant plus qu\u2019ils ont \u00e9t\u00e9 r\u00e9alis\u00e9s face \u00e0 des \u00e9quipes militaires africaines comp\u00e9titives et jouissant d\u2019une longue exp\u00e9rience dans ce genre de comp\u00e9titions\u00a0\u00bb, a-t-il poursuivi. \u00ab\u00a0Vous avez \u00e9t\u00e9 v\u00e9ritablement le repr\u00e9sentant et l\u2019ambassadeur du sport militaire alg\u00e9rien et vous \u00eates parvenu \u00e0 marquer profond\u00e9ment les pages de l\u2019histoire de ces jeux militaires africains par des r\u00e9sultats en parfaite coh\u00e9sion avec le message de paix et d\u2019amiti\u00e9 contenu dans le slogan sous lequel se sont tenus ces jeux, et assur\u00e9ment en parfaite harmonie avec la noblesse de nos nobles valeurs nationales\u00a0\u00bb, a-t-il encore dit. Le ministre d\u00e9l\u00e9gu\u00e9 aupr\u00e8s du ministre de la D\u00e9fense nationale a affirm\u00e9 que \u00ab\u00a0le Haut Commandement accorde un int\u00e9r\u00eat majeur aux sports militaires, avant d\u2019exhorter les athl\u00e8tes \u00e0 faire preuve d\u2019amour et de fid\u00e9lit\u00e9 envers la patrie dans la mesure o\u00f9 cela constitue une r\u00e9elle garantie pour le succ\u00e8s dans tous les domaines\u00a0\u00bb. \u00ab\u00a0Vous avez illustr\u00e9, par ces r\u00e9sultats distingu\u00e9s, les grandes \u00e9tapes que le sport militaire en Alg\u00e9rie a franchies dans divers domaines et disciplines, et ce, gr\u00e2ce \u00e0 l\u2019appui continue et au soutien ind\u00e9fectible que le Haut Commandement de l&rsquo;Arm\u00e9e nationale populaire n\u2019a eu de cesse \u00e0 accorder aux sports et \u00e0 la pr\u00e9paration physique au sein de l\u2019ANP\u00a0\u00bb, a-t-il affirm\u00e9. \u00ab\u00a0Je ne manquerais pas, en cette honorable occasion, \u00e0 exprimer mes sinc\u00e8res remerciements et ma grande reconnaissance aux encadreurs, dont le staff technique et les entraineurs, qui ont su conf\u00e9rer \u00e0 la notion de l\u2019amour du pays tous son sens \u00e0 travers leur d\u00e9termination \u00e0 r\u00e9ussir, confirmant \u00e0 cet \u00e9gard que les cadres des sports militaires, qui portent l\u2019Alg\u00e9rie dans leurs c\u0153urs, n\u2019h\u00e9siteraient pas \u00e0 remporter la victoire dans tous les domaines\u00a0\u00bb, a-t-il ajout\u00e9. \u00ab\u00a0En effet, la motivation la plus sure pour arracher la victoire et parvenir au succ\u00e8s demeure indubitablement li\u00e9e \u00e0 l\u2019amour, la fid\u00e9lit\u00e9 et la loyaut\u00e9 envers la patrie. C\u2019est en cela m\u00eame que se manifeste le sens du devoir national et le sens de la responsabilit\u00e9, que nous veillons constamment \u00e0 ancrer dans l\u2019esprit des personnels de l\u2019ANP, digne h\u00e9riti\u00e8re de l\u2019Arm\u00e9e de Lib\u00e9ration nationale, tous grades et cat\u00e9gories confondus\u00a0\u00bb, a-t-il fait valoir. Par la suite, le G\u00e9n\u00e9ral d\u2019Arm\u00e9e a honor\u00e9 les membres des s\u00e9lections militaires nationales, avant de prendre une photo souvenir, \u00e0 l\u2019issue de cette c\u00e9r\u00e9monie, pour immortaliser cet \u00e9v\u00e9nement\u00a0\u00bb, conclut le communiqu\u00e9 du MDN.<\/p>\n\n\n\n<p>APS<\/p>\n","protected":false},"excerpt":{"rendered":"<p>&nbsp;Le G\u00e9n\u00e9ral d&rsquo;Arm\u00e9e Sa\u00efd Chanegriha, ministre d\u00e9l\u00e9gu\u00e9 aupr\u00e8s du ministre de la D\u00e9fense nationale, Chef d&rsquo;Etat-major de l&rsquo;Arm\u00e9e nationale populaire<\/p>\n","protected":false},"author":6,"featured_media":60082,"comment_status":"open","ping_status":"closed","sticky":false,"template":"","format":"standard","meta":{"colormag_page_container_layout":"default_layout","colormag_page_sidebar_layout":"default_layout","om_disable_all_campaigns":false,"_monsterinsights_skip_tracking":false,"_monsterinsights_sitenote_active":false,"_monsterinsights_sitenote_note":"","_monsterinsights_sitenote_category":0,"footnotes":"","_wpscppro_dont_share_socialmedia":false,"_wpscppro_custom_social_share_image":0,"_facebook_share_type":"default","_twitter_share_type":"default","_linkedin_share_type":"default","_pinterest_share_type":"default","_linkedin_share_type_page":"","_instagram_share_type":"default","_medium_share_type":"default","_threads_share_type":"","_google_business_share_type":"","_selected_social_profile":[],"_wpsp_enable_custom_social_template":false,"_wpsp_social_scheduling":{"enabled":false,"datetime":null,"platforms":[],"status":"template_only","dateOption":"today","timeOption":"now","customDays":"","customHours":"","customDate":"","customTime":"","schedulingType":"absolute"},"_wpsp_active_default_template":true},"categories":[33],"tags":[],"class_list":["post-60081","post","type-post","status-publish","format-standard","has-post-thumbnail","hentry","category-sports"],"aioseo_notices":[],"yoast_head":"<!-- This site is optimized with the Yoast SEO plugin v27.5 - https:\/\/yoast.com\/product\/yoast-seo-wordpress\/ -->\n<title>Jeux militaires africains : C\u00e9r\u00e9monie de distinction de la s\u00e9lection nationale militaire - La Sentinelle<\/title>\n<meta name=\"robots\" content=\"index, follow, max-snippet:-1, max-image-preview:large, max-video-preview:-1\" \/>\n<link rel=\"canonical\" href=\"https:\/\/lasentinelle.dz\/index.php\/2024\/12\/03\/jeux-militaires-africains-ceremonie-de-distinction-de-la-selection-nationale-militaire\/\" \/>\n<meta property=\"og:locale\" content=\"fr_FR\" \/>\n<meta property=\"og:type\" content=\"article\" \/>\n<meta property=\"og:title\" content=\"Jeux militaires africains : C\u00e9r\u00e9monie de distinction de la s\u00e9lection nationale militaire - La Sentinelle\" \/>\n<meta property=\"og:description\" content=\"&nbsp;Le G\u00e9n\u00e9ral d&rsquo;Arm\u00e9e Sa\u00efd Chanegriha, ministre d\u00e9l\u00e9gu\u00e9 aupr\u00e8s du ministre de la D\u00e9fense nationale, Chef d&rsquo;Etat-major de l&rsquo;Arm\u00e9e nationale populaire\" \/>\n<meta property=\"og:url\" content=\"https:\/\/lasentinelle.dz\/index.php\/2024\/12\/03\/jeux-militaires-africains-ceremonie-de-distinction-de-la-selection-nationale-militaire\/\" \/>\n<meta property=\"og:site_name\" content=\"La Sentinelle\" \/>\n<meta property=\"article:publisher\" content=\"https:\/\/www.facebook.com\/La-Sentinelle-104059864394773\" \/>\n<meta property=\"article:published_time\" content=\"2024-12-03T11:12:11+00:00\" \/>\n<meta property=\"og:image\" content=\"https:\/\/lasentinelle.dz\/wp-content\/uploads\/2024\/12\/chane-jeux-militaires.jpg\" \/>\n\t<meta property=\"og:image:width\" content=\"2048\" \/>\n\t<meta property=\"og:image:height\" content=\"1365\" \/>\n\t<meta property=\"og:image:type\" content=\"image\/jpeg\" \/>\n<meta name=\"author\" content=\"admin\" \/>\n<meta name=\"twitter:card\" content=\"summary_large_image\" \/>\n<meta name=\"twitter:label1\" content=\"\u00c9crit par\" \/>\n\t<meta name=\"twitter:data1\" content=\"admin\" \/>\n\t<meta name=\"twitter:label2\" content=\"Dur\u00e9e de lecture estim\u00e9e\" \/>\n\t<meta name=\"twitter:data2\" content=\"5 minutes\" \/>\n<script type=\"application\/ld+json\" class=\"yoast-schema-graph\">{\"@context\":\"https:\\\/\\\/schema.org\",\"@graph\":[{\"@type\":\"Article\",\"@id\":\"https:\\\/\\\/lasentinelle.dz\\\/index.php\\\/2024\\\/12\\\/03\\\/jeux-militaires-africains-ceremonie-de-distinction-de-la-selection-nationale-militaire\\\/#article\",\"isPartOf\":{\"@id\":\"https:\\\/\\\/lasentinelle.dz\\\/index.php\\\/2024\\\/12\\\/03\\\/jeux-militaires-africains-ceremonie-de-distinction-de-la-selection-nationale-militaire\\\/\"},\"author\":{\"name\":\"admin\",\"@id\":\"https:\\\/\\\/lasentinelle.dz\\\/#\\\/schema\\\/person\\\/729ee0024f24e0b8c5ec17232f8e8b41\"},\"headline\":\"Jeux militaires africains : C\u00e9r\u00e9monie de distinction de la s\u00e9lection nationale militaire\",\"datePublished\":\"2024-12-03T11:12:11+00:00\",\"mainEntityOfPage\":{\"@id\":\"https:\\\/\\\/lasentinelle.dz\\\/index.php\\\/2024\\\/12\\\/03\\\/jeux-militaires-africains-ceremonie-de-distinction-de-la-selection-nationale-militaire\\\/\"},\"wordCount\":927,\"commentCount\":0,\"publisher\":{\"@id\":\"https:\\\/\\\/lasentinelle.dz\\\/#organization\"},\"image\":{\"@id\":\"https:\\\/\\\/lasentinelle.dz\\\/index.php\\\/2024\\\/12\\\/03\\\/jeux-militaires-africains-ceremonie-de-distinction-de-la-selection-nationale-militaire\\\/#primaryimage\"},\"thumbnailUrl\":\"https:\\\/\\\/lasentinelle.dz\\\/wp-content\\\/uploads\\\/2024\\\/12\\\/chane-jeux-militaires.jpg\",\"articleSection\":[\"Sports\"],\"inLanguage\":\"fr-FR\",\"potentialAction\":[{\"@type\":\"CommentAction\",\"name\":\"Comment\",\"target\":[\"https:\\\/\\\/lasentinelle.dz\\\/index.php\\\/2024\\\/12\\\/03\\\/jeux-militaires-africains-ceremonie-de-distinction-de-la-selection-nationale-militaire\\\/#respond\"]}]},{\"@type\":\"WebPage\",\"@id\":\"https:\\\/\\\/lasentinelle.dz\\\/index.php\\\/2024\\\/12\\\/03\\\/jeux-militaires-africains-ceremonie-de-distinction-de-la-selection-nationale-militaire\\\/\",\"url\":\"https:\\\/\\\/lasentinelle.dz\\\/index.php\\\/2024\\\/12\\\/03\\\/jeux-militaires-africains-ceremonie-de-distinction-de-la-selection-nationale-militaire\\\/\",\"name\":\"Jeux militaires africains : C\u00e9r\u00e9monie de distinction de la s\u00e9lection nationale militaire - La Sentinelle\",\"isPartOf\":{\"@id\":\"https:\\\/\\\/lasentinelle.dz\\\/#website\"},\"primaryImageOfPage\":{\"@id\":\"https:\\\/\\\/lasentinelle.dz\\\/index.php\\\/2024\\\/12\\\/03\\\/jeux-militaires-africains-ceremonie-de-distinction-de-la-selection-nationale-militaire\\\/#primaryimage\"},\"image\":{\"@id\":\"https:\\\/\\\/lasentinelle.dz\\\/index.php\\\/2024\\\/12\\\/03\\\/jeux-militaires-africains-ceremonie-de-distinction-de-la-selection-nationale-militaire\\\/#primaryimage\"},\"thumbnailUrl\":\"https:\\\/\\\/lasentinelle.dz\\\/wp-content\\\/uploads\\\/2024\\\/12\\\/chane-jeux-militaires.jpg\",\"datePublished\":\"2024-12-03T11:12:11+00:00\",\"breadcrumb\":{\"@id\":\"https:\\\/\\\/lasentinelle.dz\\\/index.php\\\/2024\\\/12\\\/03\\\/jeux-militaires-africains-ceremonie-de-distinction-de-la-selection-nationale-militaire\\\/#breadcrumb\"},\"inLanguage\":\"fr-FR\",\"potentialAction\":[{\"@type\":\"ReadAction\",\"target\":[\"https:\\\/\\\/lasentinelle.dz\\\/index.php\\\/2024\\\/12\\\/03\\\/jeux-militaires-africains-ceremonie-de-distinction-de-la-selection-nationale-militaire\\\/\"]}]},{\"@type\":\"ImageObject\",\"inLanguage\":\"fr-FR\",\"@id\":\"https:\\\/\\\/lasentinelle.dz\\\/index.php\\\/2024\\\/12\\\/03\\\/jeux-militaires-africains-ceremonie-de-distinction-de-la-selection-nationale-militaire\\\/#primaryimage\",\"url\":\"https:\\\/\\\/lasentinelle.dz\\\/wp-content\\\/uploads\\\/2024\\\/12\\\/chane-jeux-militaires.jpg\",\"contentUrl\":\"https:\\\/\\\/lasentinelle.dz\\\/wp-content\\\/uploads\\\/2024\\\/12\\\/chane-jeux-militaires.jpg\",\"width\":2048,\"height\":1365},{\"@type\":\"BreadcrumbList\",\"@id\":\"https:\\\/\\\/lasentinelle.dz\\\/index.php\\\/2024\\\/12\\\/03\\\/jeux-militaires-africains-ceremonie-de-distinction-de-la-selection-nationale-militaire\\\/#breadcrumb\",\"itemListElement\":[{\"@type\":\"ListItem\",\"position\":1,\"name\":\"Accueil\",\"item\":\"https:\\\/\\\/lasentinelle.dz\\\/\"},{\"@type\":\"ListItem\",\"position\":2,\"name\":\"Jeux militaires africains : C\u00e9r\u00e9monie de distinction de la s\u00e9lection nationale militaire\"}]},{\"@type\":\"WebSite\",\"@id\":\"https:\\\/\\\/lasentinelle.dz\\\/#website\",\"url\":\"https:\\\/\\\/lasentinelle.dz\\\/\",\"name\":\"La Sentinelle\",\"description\":\"Quotidien national d&#039;information\",\"publisher\":{\"@id\":\"https:\\\/\\\/lasentinelle.dz\\\/#organization\"},\"potentialAction\":[{\"@type\":\"SearchAction\",\"target\":{\"@type\":\"EntryPoint\",\"urlTemplate\":\"https:\\\/\\\/lasentinelle.dz\\\/?s={search_term_string}\"},\"query-input\":{\"@type\":\"PropertyValueSpecification\",\"valueRequired\":true,\"valueName\":\"search_term_string\"}}],\"inLanguage\":\"fr-FR\"},{\"@type\":\"Organization\",\"@id\":\"https:\\\/\\\/lasentinelle.dz\\\/#organization\",\"name\":\"Quotidien La Sentinelle\",\"url\":\"https:\\\/\\\/lasentinelle.dz\\\/\",\"logo\":{\"@type\":\"ImageObject\",\"inLanguage\":\"fr-FR\",\"@id\":\"https:\\\/\\\/lasentinelle.dz\\\/#\\\/schema\\\/logo\\\/image\\\/\",\"url\":\"https:\\\/\\\/lasentinelle.dz\\\/wp-content\\\/uploads\\\/2021\\\/09\\\/logo-sentinelleSLOGAN-1.png\",\"contentUrl\":\"https:\\\/\\\/lasentinelle.dz\\\/wp-content\\\/uploads\\\/2021\\\/09\\\/logo-sentinelleSLOGAN-1.png\",\"width\":615,\"height\":142,\"caption\":\"Quotidien La Sentinelle\"},\"image\":{\"@id\":\"https:\\\/\\\/lasentinelle.dz\\\/#\\\/schema\\\/logo\\\/image\\\/\"},\"sameAs\":[\"https:\\\/\\\/www.facebook.com\\\/La-Sentinelle-104059864394773\"]},{\"@type\":\"Person\",\"@id\":\"https:\\\/\\\/lasentinelle.dz\\\/#\\\/schema\\\/person\\\/729ee0024f24e0b8c5ec17232f8e8b41\",\"name\":\"admin\",\"image\":{\"@type\":\"ImageObject\",\"inLanguage\":\"fr-FR\",\"@id\":\"https:\\\/\\\/secure.gravatar.com\\\/avatar\\\/4c81fed838786e9b53f540bf46533e750f5d292099ae3b66cfc6fb1982e29df7?s=96&d=mm&r=g\",\"url\":\"https:\\\/\\\/secure.gravatar.com\\\/avatar\\\/4c81fed838786e9b53f540bf46533e750f5d292099ae3b66cfc6fb1982e29df7?s=96&d=mm&r=g\",\"contentUrl\":\"https:\\\/\\\/secure.gravatar.com\\\/avatar\\\/4c81fed838786e9b53f540bf46533e750f5d292099ae3b66cfc6fb1982e29df7?s=96&d=mm&r=g\",\"caption\":\"admin\"},\"description\":\"admin\",\"url\":\"https:\\\/\\\/lasentinelle.dz\\\/author\\\/admin\\\/\"}]}<\/script>\n<!-- \/ Yoast SEO plugin. -->","yoast_head_json":{"title":"Jeux militaires africains : C\u00e9r\u00e9monie de distinction de la s\u00e9lection nationale militaire - La Sentinelle","robots":{"index":"index","follow":"follow","max-snippet":"max-snippet:-1","max-image-preview":"max-image-preview:large","max-video-preview":"max-video-preview:-1"},"canonical":"https:\/\/lasentinelle.dz\/index.php\/2024\/12\/03\/jeux-militaires-africains-ceremonie-de-distinction-de-la-selection-nationale-militaire\/","og_locale":"fr_FR","og_type":"article","og_title":"Jeux militaires africains : C\u00e9r\u00e9monie de distinction de la s\u00e9lection nationale militaire - La Sentinelle","og_description":"&nbsp;Le G\u00e9n\u00e9ral d&rsquo;Arm\u00e9e Sa\u00efd Chanegriha, ministre d\u00e9l\u00e9gu\u00e9 aupr\u00e8s du ministre de la D\u00e9fense nationale, Chef d&rsquo;Etat-major de l&rsquo;Arm\u00e9e nationale populaire","og_url":"https:\/\/lasentinelle.dz\/index.php\/2024\/12\/03\/jeux-militaires-africains-ceremonie-de-distinction-de-la-selection-nationale-militaire\/","og_site_name":"La Sentinelle","article_publisher":"https:\/\/www.facebook.com\/La-Sentinelle-104059864394773","article_published_time":"2024-12-03T11:12:11+00:00","og_image":[{"width":2048,"height":1365,"url":"https:\/\/lasentinelle.dz\/wp-content\/uploads\/2024\/12\/chane-jeux-militaires.jpg","type":"image\/jpeg"}],"author":"admin","twitter_card":"summary_large_image","twitter_misc":{"\u00c9crit par":"admin","Dur\u00e9e de lecture estim\u00e9e":"5 minutes"},"schema":{"@context":"https:\/\/schema.org","@graph":[{"@type":"Article","@id":"https:\/\/lasentinelle.dz\/index.php\/2024\/12\/03\/jeux-militaires-africains-ceremonie-de-distinction-de-la-selection-nationale-militaire\/#article","isPartOf":{"@id":"https:\/\/lasentinelle.dz\/index.php\/2024\/12\/03\/jeux-militaires-africains-ceremonie-de-distinction-de-la-selection-nationale-militaire\/"},"author":{"name":"admin","@id":"https:\/\/lasentinelle.dz\/#\/schema\/person\/729ee0024f24e0b8c5ec17232f8e8b41"},"headline":"Jeux militaires africains : C\u00e9r\u00e9monie de distinction de la s\u00e9lection nationale militaire","datePublished":"2024-12-03T11:12:11+00:00","mainEntityOfPage":{"@id":"https:\/\/lasentinelle.dz\/index.php\/2024\/12\/03\/jeux-militaires-africains-ceremonie-de-distinction-de-la-selection-nationale-militaire\/"},"wordCount":927,"commentCount":0,"publisher":{"@id":"https:\/\/lasentinelle.dz\/#organization"},"image":{"@id":"https:\/\/lasentinelle.dz\/index.php\/2024\/12\/03\/jeux-militaires-africains-ceremonie-de-distinction-de-la-selection-nationale-militaire\/#primaryimage"},"thumbnailUrl":"https:\/\/lasentinelle.dz\/wp-content\/uploads\/2024\/12\/chane-jeux-militaires.jpg","articleSection":["Sports"],"inLanguage":"fr-FR","potentialAction":[{"@type":"CommentAction","name":"Comment","target":["https:\/\/lasentinelle.dz\/index.php\/2024\/12\/03\/jeux-militaires-africains-ceremonie-de-distinction-de-la-selection-nationale-militaire\/#respond"]}]},{"@type":"WebPage","@id":"https:\/\/lasentinelle.dz\/index.php\/2024\/12\/03\/jeux-militaires-africains-ceremonie-de-distinction-de-la-selection-nationale-militaire\/","url":"https:\/\/lasentinelle.dz\/index.php\/2024\/12\/03\/jeux-militaires-africains-ceremonie-de-distinction-de-la-selection-nationale-militaire\/","name":"Jeux militaires africains : C\u00e9r\u00e9monie de distinction de la s\u00e9lection nationale militaire - La Sentinelle","isPartOf":{"@id":"https:\/\/lasentinelle.dz\/#website"},"primaryImageOfPage":{"@id":"https:\/\/lasentinelle.dz\/index.php\/2024\/12\/03\/jeux-militaires-africains-ceremonie-de-distinction-de-la-selection-nationale-militaire\/#primaryimage"},"image":{"@id":"https:\/\/lasentinelle.dz\/index.php\/2024\/12\/03\/jeux-militaires-africains-ceremonie-de-distinction-de-la-selection-nationale-militaire\/#primaryimage"},"thumbnailUrl":"https:\/\/lasentinelle.dz\/wp-content\/uploads\/2024\/12\/chane-jeux-militaires.jpg","datePublished":"2024-12-03T11:12:11+00:00","breadcrumb":{"@id":"https:\/\/lasentinelle.dz\/index.php\/2024\/12\/03\/jeux-militaires-africains-ceremonie-de-distinction-de-la-selection-nationale-militaire\/#breadcrumb"},"inLanguage":"fr-FR","potentialAction":[{"@type":"ReadAction","target":["https:\/\/lasentinelle.dz\/index.php\/2024\/12\/03\/jeux-militaires-africains-ceremonie-de-distinction-de-la-selection-nationale-militaire\/"]}]},{"@type":"ImageObject","inLanguage":"fr-FR","@id":"https:\/\/lasentinelle.dz\/index.php\/2024\/12\/03\/jeux-militaires-africains-ceremonie-de-distinction-de-la-selection-nationale-militaire\/#primaryimage","url":"https:\/\/lasentinelle.dz\/wp-content\/uploads\/2024\/12\/chane-jeux-militaires.jpg","contentUrl":"https:\/\/lasentinelle.dz\/wp-content\/uploads\/2024\/12\/chane-jeux-militaires.jpg","width":2048,"height":1365},{"@type":"BreadcrumbList","@id":"https:\/\/lasentinelle.dz\/index.php\/2024\/12\/03\/jeux-militaires-africains-ceremonie-de-distinction-de-la-selection-nationale-militaire\/#breadcrumb","itemListElement":[{"@type":"ListItem","position":1,"name":"Accueil","item":"https:\/\/lasentinelle.dz\/"},{"@type":"ListItem","position":2,"name":"Jeux militaires africains : C\u00e9r\u00e9monie de distinction de la s\u00e9lection nationale militaire"}]},{"@type":"WebSite","@id":"https:\/\/lasentinelle.dz\/#website","url":"https:\/\/lasentinelle.dz\/","name":"La Sentinelle","description":"Quotidien national d&#039;information","publisher":{"@id":"https:\/\/lasentinelle.dz\/#organization"},"potentialAction":[{"@type":"SearchAction","target":{"@type":"EntryPoint","urlTemplate":"https:\/\/lasentinelle.dz\/?s={search_term_string}"},"query-input":{"@type":"PropertyValueSpecification","valueRequired":true,"valueName":"search_term_string"}}],"inLanguage":"fr-FR"},{"@type":"Organization","@id":"https:\/\/lasentinelle.dz\/#organization","name":"Quotidien La Sentinelle","url":"https:\/\/lasentinelle.dz\/","logo":{"@type":"ImageObject","inLanguage":"fr-FR","@id":"https:\/\/lasentinelle.dz\/#\/schema\/logo\/image\/","url":"https:\/\/lasentinelle.dz\/wp-content\/uploads\/2021\/09\/logo-sentinelleSLOGAN-1.png","contentUrl":"https:\/\/lasentinelle.dz\/wp-content\/uploads\/2021\/09\/logo-sentinelleSLOGAN-1.png","width":615,"height":142,"caption":"Quotidien La Sentinelle"},"image":{"@id":"https:\/\/lasentinelle.dz\/#\/schema\/logo\/image\/"},"sameAs":["https:\/\/www.facebook.com\/La-Sentinelle-104059864394773"]},{"@type":"Person","@id":"https:\/\/lasentinelle.dz\/#\/schema\/person\/729ee0024f24e0b8c5ec17232f8e8b41","name":"admin","image":{"@type":"ImageObject","inLanguage":"fr-FR","@id":"https:\/\/secure.gravatar.com\/avatar\/4c81fed838786e9b53f540bf46533e750f5d292099ae3b66cfc6fb1982e29df7?s=96&d=mm&r=g","url":"https:\/\/secure.gravatar.com\/avatar\/4c81fed838786e9b53f540bf46533e750f5d292099ae3b66cfc6fb1982e29df7?s=96&d=mm&r=g","contentUrl":"https:\/\/secure.gravatar.com\/avatar\/4c81fed838786e9b53f540bf46533e750f5d292099ae3b66cfc6fb1982e29df7?s=96&d=mm&r=g","caption":"admin"},"description":"admin","url":"https:\/\/lasentinelle.dz\/author\/admin\/"}]}},"_links":{"self":[{"href":"https:\/\/lasentinelle.dz\/index.php\/wp-json\/wp\/v2\/posts\/60081","targetHints":{"allow":["GET"]}}],"collection":[{"href":"https:\/\/lasentinelle.dz\/index.php\/wp-json\/wp\/v2\/posts"}],"about":[{"href":"https:\/\/lasentinelle.dz\/index.php\/wp-json\/wp\/v2\/types\/post"}],"author":[{"embeddable":true,"href":"https:\/\/lasentinelle.dz\/index.php\/wp-json\/wp\/v2\/users\/6"}],"replies":[{"embeddable":true,"href":"https:\/\/lasentinelle.dz\/index.php\/wp-json\/wp\/v2\/comments?post=60081"}],"version-history":[{"count":1,"href":"https:\/\/lasentinelle.dz\/index.php\/wp-json\/wp\/v2\/posts\/60081\/revisions"}],"predecessor-version":[{"id":60083,"href":"https:\/\/lasentinelle.dz\/index.php\/wp-json\/wp\/v2\/posts\/60081\/revisions\/60083"}],"wp:featuredmedia":[{"embeddable":true,"href":"https:\/\/lasentinelle.dz\/index.php\/wp-json\/wp\/v2\/media\/60082"}],"wp:attachment":[{"href":"https:\/\/lasentinelle.dz\/index.php\/wp-json\/wp\/v2\/media?parent=60081"}],"wp:term":[{"taxonomy":"category","embeddable":true,"href":"https:\/\/lasentinelle.dz\/index.php\/wp-json\/wp\/v2\/categories?post=60081"},{"taxonomy":"post_tag","embeddable":true,"href":"https:\/\/lasentinelle.dz\/index.php\/wp-json\/wp\/v2\/tags?post=60081"}],"curies":[{"name":"wp","href":"https:\/\/api.w.org\/{rel}","templated":true}]}}