{"id":60092,"date":"2024-12-03T12:15:15","date_gmt":"2024-12-03T11:15:15","guid":{"rendered":"https:\/\/lasentinelle.dz\/?p=60092"},"modified":"2024-12-03T12:15:16","modified_gmt":"2024-12-03T11:15:16","slug":"syrie-assad-denonce-une-tentative-de-redessiner-la-carte-regionale","status":"publish","type":"post","link":"https:\/\/lasentinelle.dz\/index.php\/2024\/12\/03\/syrie-assad-denonce-une-tentative-de-redessiner-la-carte-regionale\/","title":{"rendered":"Syrie: Assad d\u00e9nonce une tentative de \u00ab\u00a0redessiner\u00a0\u00bb la carte r\u00e9gionale"},"content":{"rendered":"\n<p>La situation fait craindre une reprise des hostilit\u00e9s \u00e0 grande \u00e9chelle dans un pays morcel\u00e9 en plusieurs zones d&rsquo;influence, o\u00f9 les bellig\u00e9rants sont soutenus par diff\u00e9rentes puissances r\u00e9gionales et internationales.<\/p>\n\n\n\n<p>Le pr\u00e9sident syrien Bachar al-Assad a d\u00e9nonc\u00e9 hier une tentative de \u00ab\u00a0redessiner\u00a0\u00bb la carte du Moyen-Orient, apr\u00e8s une offensive fulgurante des groupes arm\u00e9s li\u00e9s \u00e0 Al Qa\u00efda qui ont r\u00e9ussi \u00e0 prendre de vastes r\u00e9gions du nord de la Syrie. Damas a perdu totalement le contr\u00f4le d&rsquo;Alep, la deuxi\u00e8me ville du pays, un revers cinglant inflig\u00e9 par une coalition incluant le groupe Hayat Tahrir al-Cham (HTS) li\u00e9 \u00e0 Al Qa\u00efda et d\u2019autres factions dont certaines appuy\u00e9es par Ankara. En riposte, des avions syriens et russes ont men\u00e9 de nouvelles frappes sur des secteurs tenus par ces groupes dans la province d&rsquo;Idleb (nord-ouest). Le 27 novembre et \u00e0 la surprise g\u00e9n\u00e9rale, les groupes arm\u00e9s ont lanc\u00e9 une offensive fulgurante, s&#8217;emparant de dizaines de localit\u00e9s ainsi que de la ville septentrionale d&rsquo;Alep \u00e0 l&rsquo;exception de ses quartiers nord habit\u00e9s par des Kurdes. Bachar al-Assad a cherch\u00e9 \u00e0 obtenir le soutien de ses alli\u00e9s face \u00e0 l&rsquo;assaut qui a fait plus de 457 morts dont plus de 72 civils, selon l&rsquo;Observatoire, une ONG disposant d&rsquo;un vaste r\u00e9seau de sources en Syrie. Dans un entretien t\u00e9l\u00e9phonique avec son homologue iranien, Massoud Pezeshkian, le pr\u00e9sident syrien a d\u00e9clar\u00e9 que \u00ab\u00a0l&rsquo;escalade terroriste\u00a0\u00bb visait \u00e0 \u00ab\u00a0tenter de morceler la r\u00e9gion, d&rsquo;effriter ses Etats et de redessiner la carte de la r\u00e9gion conform\u00e9ment aux int\u00e9r\u00eats et aux objectifs de l&rsquo;Am\u00e9rique et de l&rsquo;Occident\u00a0\u00bb. La situation fait craindre une reprise des hostilit\u00e9s \u00e0 grande \u00e9chelle dans un pays morcel\u00e9 en plusieurs zones d&rsquo;influence, o\u00f9 les bellig\u00e9rants sont soutenus par diff\u00e9rentes puissances r\u00e9gionales et internationales. La Turquie, frontali\u00e8re de la Syrie, ainsi que l&rsquo;Iran, la Russie et les Etats-Unis ont une pr\u00e9sence militaire en Syrie. Le d\u00e9but des groupes arm\u00e9s a co\u00efncid\u00e9 avec l&rsquo;entr\u00e9e en vigueur d&rsquo;un cessez-le-feu entre l\u2019entit\u00e9 sioniste et le Hezbollah libanais, un alli\u00e9 de la Syrie.<\/p>\n\n\n\n<p>R.I. avec agences<\/p>\n","protected":false},"excerpt":{"rendered":"<p>La situation fait craindre une reprise des hostilit\u00e9s \u00e0 grande \u00e9chelle dans un pays morcel\u00e9 en plusieurs zones d&rsquo;influence, o\u00f9<\/p>\n","protected":false},"author":6,"featured_media":60093,"comment_status":"open","ping_status":"closed","sticky":false,"template":"","format":"standard","meta":{"colormag_page_container_layout":"default_layout","colormag_page_sidebar_layout":"default_layout","om_disable_all_campaigns":false,"_monsterinsights_skip_tracking":false,"_monsterinsights_sitenote_active":false,"_monsterinsights_sitenote_note":"","_monsterinsights_sitenote_category":0,"footnotes":"","_wpscppro_dont_share_socialmedia":false,"_wpscppro_custom_social_share_image":0,"_facebook_share_type":"default","_twitter_share_type":"default","_linkedin_share_type":"default","_pinterest_share_type":"default","_linkedin_share_type_page":"","_instagram_share_type":"default","_medium_share_type":"default","_threads_share_type":"","_google_business_share_type":"","_selected_social_profile":[],"_wpsp_enable_custom_social_template":false,"_wpsp_social_scheduling":{"enabled":false,"datetime":null,"platforms":[],"status":"template_only","dateOption":"today","timeOption":"now","customDays":"","customHours":"","customDate":"","customTime":"","schedulingType":"absolute"},"_wpsp_active_default_template":true},"categories":[37],"tags":[],"class_list":["post-60092","post","type-post","status-publish","format-standard","has-post-thumbnail","hentry","category-monde"],"aioseo_notices":[],"yoast_head":"<!-- This site is optimized with the Yoast SEO plugin v27.4 - https:\/\/yoast.com\/product\/yoast-seo-wordpress\/ -->\n<title>Syrie: Assad d\u00e9nonce une tentative de \u00ab\u00a0redessiner\u00a0\u00bb la carte r\u00e9gionale - La Sentinelle<\/title>\n<meta name=\"robots\" content=\"index, follow, max-snippet:-1, max-image-preview:large, max-video-preview:-1\" \/>\n<link rel=\"canonical\" href=\"https:\/\/lasentinelle.dz\/index.php\/2024\/12\/03\/syrie-assad-denonce-une-tentative-de-redessiner-la-carte-regionale\/\" \/>\n<meta property=\"og:locale\" content=\"fr_FR\" \/>\n<meta property=\"og:type\" content=\"article\" \/>\n<meta property=\"og:title\" content=\"Syrie: Assad d\u00e9nonce une tentative de \u00ab\u00a0redessiner\u00a0\u00bb la carte r\u00e9gionale - La Sentinelle\" \/>\n<meta property=\"og:description\" content=\"La situation fait craindre une reprise des hostilit\u00e9s \u00e0 grande \u00e9chelle dans un pays morcel\u00e9 en plusieurs zones d&rsquo;influence, o\u00f9\" \/>\n<meta property=\"og:url\" content=\"https:\/\/lasentinelle.dz\/index.php\/2024\/12\/03\/syrie-assad-denonce-une-tentative-de-redessiner-la-carte-regionale\/\" \/>\n<meta property=\"og:site_name\" content=\"La Sentinelle\" \/>\n<meta property=\"article:publisher\" content=\"https:\/\/www.facebook.com\/La-Sentinelle-104059864394773\" \/>\n<meta property=\"article:published_time\" content=\"2024-12-03T11:15:15+00:00\" \/>\n<meta property=\"article:modified_time\" content=\"2024-12-03T11:15:16+00:00\" \/>\n<meta property=\"og:image\" content=\"https:\/\/lasentinelle.dz\/wp-content\/uploads\/2024\/12\/assad.jpeg\" \/>\n\t<meta property=\"og:image:width\" content=\"1280\" \/>\n\t<meta property=\"og:image:height\" content=\"720\" \/>\n\t<meta property=\"og:image:type\" content=\"image\/jpeg\" \/>\n<meta name=\"author\" content=\"admin\" \/>\n<meta name=\"twitter:card\" content=\"summary_large_image\" \/>\n<meta name=\"twitter:label1\" content=\"\u00c9crit par\" \/>\n\t<meta name=\"twitter:data1\" content=\"admin\" \/>\n\t<meta name=\"twitter:label2\" content=\"Dur\u00e9e de lecture estim\u00e9e\" \/>\n\t<meta name=\"twitter:data2\" content=\"2 minutes\" \/>\n<script type=\"application\/ld+json\" class=\"yoast-schema-graph\">{\"@context\":\"https:\\\/\\\/schema.org\",\"@graph\":[{\"@type\":\"Article\",\"@id\":\"https:\\\/\\\/lasentinelle.dz\\\/index.php\\\/2024\\\/12\\\/03\\\/syrie-assad-denonce-une-tentative-de-redessiner-la-carte-regionale\\\/#article\",\"isPartOf\":{\"@id\":\"https:\\\/\\\/lasentinelle.dz\\\/index.php\\\/2024\\\/12\\\/03\\\/syrie-assad-denonce-une-tentative-de-redessiner-la-carte-regionale\\\/\"},\"author\":{\"name\":\"admin\",\"@id\":\"https:\\\/\\\/lasentinelle.dz\\\/#\\\/schema\\\/person\\\/729ee0024f24e0b8c5ec17232f8e8b41\"},\"headline\":\"Syrie: Assad d\u00e9nonce une tentative de \u00ab\u00a0redessiner\u00a0\u00bb la carte r\u00e9gionale\",\"datePublished\":\"2024-12-03T11:15:15+00:00\",\"dateModified\":\"2024-12-03T11:15:16+00:00\",\"mainEntityOfPage\":{\"@id\":\"https:\\\/\\\/lasentinelle.dz\\\/index.php\\\/2024\\\/12\\\/03\\\/syrie-assad-denonce-une-tentative-de-redessiner-la-carte-regionale\\\/\"},\"wordCount\":395,\"commentCount\":0,\"publisher\":{\"@id\":\"https:\\\/\\\/lasentinelle.dz\\\/#organization\"},\"image\":{\"@id\":\"https:\\\/\\\/lasentinelle.dz\\\/index.php\\\/2024\\\/12\\\/03\\\/syrie-assad-denonce-une-tentative-de-redessiner-la-carte-regionale\\\/#primaryimage\"},\"thumbnailUrl\":\"https:\\\/\\\/lasentinelle.dz\\\/wp-content\\\/uploads\\\/2024\\\/12\\\/assad.jpeg\",\"articleSection\":[\"Monde\"],\"inLanguage\":\"fr-FR\",\"potentialAction\":[{\"@type\":\"CommentAction\",\"name\":\"Comment\",\"target\":[\"https:\\\/\\\/lasentinelle.dz\\\/index.php\\\/2024\\\/12\\\/03\\\/syrie-assad-denonce-une-tentative-de-redessiner-la-carte-regionale\\\/#respond\"]}]},{\"@type\":\"WebPage\",\"@id\":\"https:\\\/\\\/lasentinelle.dz\\\/index.php\\\/2024\\\/12\\\/03\\\/syrie-assad-denonce-une-tentative-de-redessiner-la-carte-regionale\\\/\",\"url\":\"https:\\\/\\\/lasentinelle.dz\\\/index.php\\\/2024\\\/12\\\/03\\\/syrie-assad-denonce-une-tentative-de-redessiner-la-carte-regionale\\\/\",\"name\":\"Syrie: Assad d\u00e9nonce une tentative de \u00ab\u00a0redessiner\u00a0\u00bb la carte r\u00e9gionale - La Sentinelle\",\"isPartOf\":{\"@id\":\"https:\\\/\\\/lasentinelle.dz\\\/#website\"},\"primaryImageOfPage\":{\"@id\":\"https:\\\/\\\/lasentinelle.dz\\\/index.php\\\/2024\\\/12\\\/03\\\/syrie-assad-denonce-une-tentative-de-redessiner-la-carte-regionale\\\/#primaryimage\"},\"image\":{\"@id\":\"https:\\\/\\\/lasentinelle.dz\\\/index.php\\\/2024\\\/12\\\/03\\\/syrie-assad-denonce-une-tentative-de-redessiner-la-carte-regionale\\\/#primaryimage\"},\"thumbnailUrl\":\"https:\\\/\\\/lasentinelle.dz\\\/wp-content\\\/uploads\\\/2024\\\/12\\\/assad.jpeg\",\"datePublished\":\"2024-12-03T11:15:15+00:00\",\"dateModified\":\"2024-12-03T11:15:16+00:00\",\"breadcrumb\":{\"@id\":\"https:\\\/\\\/lasentinelle.dz\\\/index.php\\\/2024\\\/12\\\/03\\\/syrie-assad-denonce-une-tentative-de-redessiner-la-carte-regionale\\\/#breadcrumb\"},\"inLanguage\":\"fr-FR\",\"potentialAction\":[{\"@type\":\"ReadAction\",\"target\":[\"https:\\\/\\\/lasentinelle.dz\\\/index.php\\\/2024\\\/12\\\/03\\\/syrie-assad-denonce-une-tentative-de-redessiner-la-carte-regionale\\\/\"]}]},{\"@type\":\"ImageObject\",\"inLanguage\":\"fr-FR\",\"@id\":\"https:\\\/\\\/lasentinelle.dz\\\/index.php\\\/2024\\\/12\\\/03\\\/syrie-assad-denonce-une-tentative-de-redessiner-la-carte-regionale\\\/#primaryimage\",\"url\":\"https:\\\/\\\/lasentinelle.dz\\\/wp-content\\\/uploads\\\/2024\\\/12\\\/assad.jpeg\",\"contentUrl\":\"https:\\\/\\\/lasentinelle.dz\\\/wp-content\\\/uploads\\\/2024\\\/12\\\/assad.jpeg\",\"width\":1280,\"height\":720},{\"@type\":\"BreadcrumbList\",\"@id\":\"https:\\\/\\\/lasentinelle.dz\\\/index.php\\\/2024\\\/12\\\/03\\\/syrie-assad-denonce-une-tentative-de-redessiner-la-carte-regionale\\\/#breadcrumb\",\"itemListElement\":[{\"@type\":\"ListItem\",\"position\":1,\"name\":\"Accueil\",\"item\":\"https:\\\/\\\/lasentinelle.dz\\\/\"},{\"@type\":\"ListItem\",\"position\":2,\"name\":\"Syrie: Assad d\u00e9nonce une tentative de \u00ab\u00a0redessiner\u00a0\u00bb la carte r\u00e9gionale\"}]},{\"@type\":\"WebSite\",\"@id\":\"https:\\\/\\\/lasentinelle.dz\\\/#website\",\"url\":\"https:\\\/\\\/lasentinelle.dz\\\/\",\"name\":\"La Sentinelle\",\"description\":\"Quotidien national d&#039;information\",\"publisher\":{\"@id\":\"https:\\\/\\\/lasentinelle.dz\\\/#organization\"},\"potentialAction\":[{\"@type\":\"SearchAction\",\"target\":{\"@type\":\"EntryPoint\",\"urlTemplate\":\"https:\\\/\\\/lasentinelle.dz\\\/?s={search_term_string}\"},\"query-input\":{\"@type\":\"PropertyValueSpecification\",\"valueRequired\":true,\"valueName\":\"search_term_string\"}}],\"inLanguage\":\"fr-FR\"},{\"@type\":\"Organization\",\"@id\":\"https:\\\/\\\/lasentinelle.dz\\\/#organization\",\"name\":\"Quotidien La Sentinelle\",\"url\":\"https:\\\/\\\/lasentinelle.dz\\\/\",\"logo\":{\"@type\":\"ImageObject\",\"inLanguage\":\"fr-FR\",\"@id\":\"https:\\\/\\\/lasentinelle.dz\\\/#\\\/schema\\\/logo\\\/image\\\/\",\"url\":\"https:\\\/\\\/lasentinelle.dz\\\/wp-content\\\/uploads\\\/2021\\\/09\\\/logo-sentinelleSLOGAN-1.png\",\"contentUrl\":\"https:\\\/\\\/lasentinelle.dz\\\/wp-content\\\/uploads\\\/2021\\\/09\\\/logo-sentinelleSLOGAN-1.png\",\"width\":615,\"height\":142,\"caption\":\"Quotidien La Sentinelle\"},\"image\":{\"@id\":\"https:\\\/\\\/lasentinelle.dz\\\/#\\\/schema\\\/logo\\\/image\\\/\"},\"sameAs\":[\"https:\\\/\\\/www.facebook.com\\\/La-Sentinelle-104059864394773\"]},{\"@type\":\"Person\",\"@id\":\"https:\\\/\\\/lasentinelle.dz\\\/#\\\/schema\\\/person\\\/729ee0024f24e0b8c5ec17232f8e8b41\",\"name\":\"admin\",\"image\":{\"@type\":\"ImageObject\",\"inLanguage\":\"fr-FR\",\"@id\":\"https:\\\/\\\/secure.gravatar.com\\\/avatar\\\/4c81fed838786e9b53f540bf46533e750f5d292099ae3b66cfc6fb1982e29df7?s=96&d=mm&r=g\",\"url\":\"https:\\\/\\\/secure.gravatar.com\\\/avatar\\\/4c81fed838786e9b53f540bf46533e750f5d292099ae3b66cfc6fb1982e29df7?s=96&d=mm&r=g\",\"contentUrl\":\"https:\\\/\\\/secure.gravatar.com\\\/avatar\\\/4c81fed838786e9b53f540bf46533e750f5d292099ae3b66cfc6fb1982e29df7?s=96&d=mm&r=g\",\"caption\":\"admin\"},\"description\":\"admin\",\"url\":\"https:\\\/\\\/lasentinelle.dz\\\/author\\\/admin\\\/\"}]}<\/script>\n<!-- \/ Yoast SEO plugin. -->","yoast_head_json":{"title":"Syrie: Assad d\u00e9nonce une tentative de \u00ab\u00a0redessiner\u00a0\u00bb la carte r\u00e9gionale - La Sentinelle","robots":{"index":"index","follow":"follow","max-snippet":"max-snippet:-1","max-image-preview":"max-image-preview:large","max-video-preview":"max-video-preview:-1"},"canonical":"https:\/\/lasentinelle.dz\/index.php\/2024\/12\/03\/syrie-assad-denonce-une-tentative-de-redessiner-la-carte-regionale\/","og_locale":"fr_FR","og_type":"article","og_title":"Syrie: Assad d\u00e9nonce une tentative de \u00ab\u00a0redessiner\u00a0\u00bb la carte r\u00e9gionale - La Sentinelle","og_description":"La situation fait craindre une reprise des hostilit\u00e9s \u00e0 grande \u00e9chelle dans un pays morcel\u00e9 en plusieurs zones d&rsquo;influence, o\u00f9","og_url":"https:\/\/lasentinelle.dz\/index.php\/2024\/12\/03\/syrie-assad-denonce-une-tentative-de-redessiner-la-carte-regionale\/","og_site_name":"La Sentinelle","article_publisher":"https:\/\/www.facebook.com\/La-Sentinelle-104059864394773","article_published_time":"2024-12-03T11:15:15+00:00","article_modified_time":"2024-12-03T11:15:16+00:00","og_image":[{"width":1280,"height":720,"url":"https:\/\/lasentinelle.dz\/wp-content\/uploads\/2024\/12\/assad.jpeg","type":"image\/jpeg"}],"author":"admin","twitter_card":"summary_large_image","twitter_misc":{"\u00c9crit par":"admin","Dur\u00e9e de lecture estim\u00e9e":"2 minutes"},"schema":{"@context":"https:\/\/schema.org","@graph":[{"@type":"Article","@id":"https:\/\/lasentinelle.dz\/index.php\/2024\/12\/03\/syrie-assad-denonce-une-tentative-de-redessiner-la-carte-regionale\/#article","isPartOf":{"@id":"https:\/\/lasentinelle.dz\/index.php\/2024\/12\/03\/syrie-assad-denonce-une-tentative-de-redessiner-la-carte-regionale\/"},"author":{"name":"admin","@id":"https:\/\/lasentinelle.dz\/#\/schema\/person\/729ee0024f24e0b8c5ec17232f8e8b41"},"headline":"Syrie: Assad d\u00e9nonce une tentative de \u00ab\u00a0redessiner\u00a0\u00bb la carte r\u00e9gionale","datePublished":"2024-12-03T11:15:15+00:00","dateModified":"2024-12-03T11:15:16+00:00","mainEntityOfPage":{"@id":"https:\/\/lasentinelle.dz\/index.php\/2024\/12\/03\/syrie-assad-denonce-une-tentative-de-redessiner-la-carte-regionale\/"},"wordCount":395,"commentCount":0,"publisher":{"@id":"https:\/\/lasentinelle.dz\/#organization"},"image":{"@id":"https:\/\/lasentinelle.dz\/index.php\/2024\/12\/03\/syrie-assad-denonce-une-tentative-de-redessiner-la-carte-regionale\/#primaryimage"},"thumbnailUrl":"https:\/\/lasentinelle.dz\/wp-content\/uploads\/2024\/12\/assad.jpeg","articleSection":["Monde"],"inLanguage":"fr-FR","potentialAction":[{"@type":"CommentAction","name":"Comment","target":["https:\/\/lasentinelle.dz\/index.php\/2024\/12\/03\/syrie-assad-denonce-une-tentative-de-redessiner-la-carte-regionale\/#respond"]}]},{"@type":"WebPage","@id":"https:\/\/lasentinelle.dz\/index.php\/2024\/12\/03\/syrie-assad-denonce-une-tentative-de-redessiner-la-carte-regionale\/","url":"https:\/\/lasentinelle.dz\/index.php\/2024\/12\/03\/syrie-assad-denonce-une-tentative-de-redessiner-la-carte-regionale\/","name":"Syrie: Assad d\u00e9nonce une tentative de \u00ab\u00a0redessiner\u00a0\u00bb la carte r\u00e9gionale - La Sentinelle","isPartOf":{"@id":"https:\/\/lasentinelle.dz\/#website"},"primaryImageOfPage":{"@id":"https:\/\/lasentinelle.dz\/index.php\/2024\/12\/03\/syrie-assad-denonce-une-tentative-de-redessiner-la-carte-regionale\/#primaryimage"},"image":{"@id":"https:\/\/lasentinelle.dz\/index.php\/2024\/12\/03\/syrie-assad-denonce-une-tentative-de-redessiner-la-carte-regionale\/#primaryimage"},"thumbnailUrl":"https:\/\/lasentinelle.dz\/wp-content\/uploads\/2024\/12\/assad.jpeg","datePublished":"2024-12-03T11:15:15+00:00","dateModified":"2024-12-03T11:15:16+00:00","breadcrumb":{"@id":"https:\/\/lasentinelle.dz\/index.php\/2024\/12\/03\/syrie-assad-denonce-une-tentative-de-redessiner-la-carte-regionale\/#breadcrumb"},"inLanguage":"fr-FR","potentialAction":[{"@type":"ReadAction","target":["https:\/\/lasentinelle.dz\/index.php\/2024\/12\/03\/syrie-assad-denonce-une-tentative-de-redessiner-la-carte-regionale\/"]}]},{"@type":"ImageObject","inLanguage":"fr-FR","@id":"https:\/\/lasentinelle.dz\/index.php\/2024\/12\/03\/syrie-assad-denonce-une-tentative-de-redessiner-la-carte-regionale\/#primaryimage","url":"https:\/\/lasentinelle.dz\/wp-content\/uploads\/2024\/12\/assad.jpeg","contentUrl":"https:\/\/lasentinelle.dz\/wp-content\/uploads\/2024\/12\/assad.jpeg","width":1280,"height":720},{"@type":"BreadcrumbList","@id":"https:\/\/lasentinelle.dz\/index.php\/2024\/12\/03\/syrie-assad-denonce-une-tentative-de-redessiner-la-carte-regionale\/#breadcrumb","itemListElement":[{"@type":"ListItem","position":1,"name":"Accueil","item":"https:\/\/lasentinelle.dz\/"},{"@type":"ListItem","position":2,"name":"Syrie: Assad d\u00e9nonce une tentative de \u00ab\u00a0redessiner\u00a0\u00bb la carte r\u00e9gionale"}]},{"@type":"WebSite","@id":"https:\/\/lasentinelle.dz\/#website","url":"https:\/\/lasentinelle.dz\/","name":"La Sentinelle","description":"Quotidien national d&#039;information","publisher":{"@id":"https:\/\/lasentinelle.dz\/#organization"},"potentialAction":[{"@type":"SearchAction","target":{"@type":"EntryPoint","urlTemplate":"https:\/\/lasentinelle.dz\/?s={search_term_string}"},"query-input":{"@type":"PropertyValueSpecification","valueRequired":true,"valueName":"search_term_string"}}],"inLanguage":"fr-FR"},{"@type":"Organization","@id":"https:\/\/lasentinelle.dz\/#organization","name":"Quotidien La Sentinelle","url":"https:\/\/lasentinelle.dz\/","logo":{"@type":"ImageObject","inLanguage":"fr-FR","@id":"https:\/\/lasentinelle.dz\/#\/schema\/logo\/image\/","url":"https:\/\/lasentinelle.dz\/wp-content\/uploads\/2021\/09\/logo-sentinelleSLOGAN-1.png","contentUrl":"https:\/\/lasentinelle.dz\/wp-content\/uploads\/2021\/09\/logo-sentinelleSLOGAN-1.png","width":615,"height":142,"caption":"Quotidien La Sentinelle"},"image":{"@id":"https:\/\/lasentinelle.dz\/#\/schema\/logo\/image\/"},"sameAs":["https:\/\/www.facebook.com\/La-Sentinelle-104059864394773"]},{"@type":"Person","@id":"https:\/\/lasentinelle.dz\/#\/schema\/person\/729ee0024f24e0b8c5ec17232f8e8b41","name":"admin","image":{"@type":"ImageObject","inLanguage":"fr-FR","@id":"https:\/\/secure.gravatar.com\/avatar\/4c81fed838786e9b53f540bf46533e750f5d292099ae3b66cfc6fb1982e29df7?s=96&d=mm&r=g","url":"https:\/\/secure.gravatar.com\/avatar\/4c81fed838786e9b53f540bf46533e750f5d292099ae3b66cfc6fb1982e29df7?s=96&d=mm&r=g","contentUrl":"https:\/\/secure.gravatar.com\/avatar\/4c81fed838786e9b53f540bf46533e750f5d292099ae3b66cfc6fb1982e29df7?s=96&d=mm&r=g","caption":"admin"},"description":"admin","url":"https:\/\/lasentinelle.dz\/author\/admin\/"}]}},"_links":{"self":[{"href":"https:\/\/lasentinelle.dz\/index.php\/wp-json\/wp\/v2\/posts\/60092","targetHints":{"allow":["GET"]}}],"collection":[{"href":"https:\/\/lasentinelle.dz\/index.php\/wp-json\/wp\/v2\/posts"}],"about":[{"href":"https:\/\/lasentinelle.dz\/index.php\/wp-json\/wp\/v2\/types\/post"}],"author":[{"embeddable":true,"href":"https:\/\/lasentinelle.dz\/index.php\/wp-json\/wp\/v2\/users\/6"}],"replies":[{"embeddable":true,"href":"https:\/\/lasentinelle.dz\/index.php\/wp-json\/wp\/v2\/comments?post=60092"}],"version-history":[{"count":2,"href":"https:\/\/lasentinelle.dz\/index.php\/wp-json\/wp\/v2\/posts\/60092\/revisions"}],"predecessor-version":[{"id":60095,"href":"https:\/\/lasentinelle.dz\/index.php\/wp-json\/wp\/v2\/posts\/60092\/revisions\/60095"}],"wp:featuredmedia":[{"embeddable":true,"href":"https:\/\/lasentinelle.dz\/index.php\/wp-json\/wp\/v2\/media\/60093"}],"wp:attachment":[{"href":"https:\/\/lasentinelle.dz\/index.php\/wp-json\/wp\/v2\/media?parent=60092"}],"wp:term":[{"taxonomy":"category","embeddable":true,"href":"https:\/\/lasentinelle.dz\/index.php\/wp-json\/wp\/v2\/categories?post=60092"},{"taxonomy":"post_tag","embeddable":true,"href":"https:\/\/lasentinelle.dz\/index.php\/wp-json\/wp\/v2\/tags?post=60092"}],"curies":[{"name":"wp","href":"https:\/\/api.w.org\/{rel}","templated":true}]}}