{"id":60114,"date":"2024-12-03T12:23:20","date_gmt":"2024-12-03T11:23:20","guid":{"rendered":"https:\/\/lasentinelle.dz\/?p=60114"},"modified":"2024-12-03T12:23:21","modified_gmt":"2024-12-03T11:23:21","slug":"instrumentalisation-du-droit-international-et-refus-de-lexecution-du-mandat-de-la-cpi-contre-netanyahu-lalgerie-denonce-les-doubles-standards-de-loccident","status":"publish","type":"post","link":"https:\/\/lasentinelle.dz\/index.php\/2024\/12\/03\/instrumentalisation-du-droit-international-et-refus-de-lexecution-du-mandat-de-la-cpi-contre-netanyahu-lalgerie-denonce-les-doubles-standards-de-loccident\/","title":{"rendered":"Instrumentalisation du droit international et refus de l\u2019ex\u00e9cution du mandat de la CPI contre Netanyahu : L\u2019Alg\u00e9rie d\u00e9nonce les doubles standards de l\u2019Occident"},"content":{"rendered":"\n<p>Le ministre d&rsquo;\u00c9tat, ministre des Affaires \u00e9trang\u00e8res, de la Communaut\u00e9 nationale \u00e0 l\u2019\u00e9tranger et des Affaires africaine, Ahmed Attaf, a d\u00e9nonc\u00e9 hier, dans un discours \u00e0 la cl\u00f4ture de la 11e Conf\u00e9rence sur la paix et la s\u00e9curit\u00e9 en Afrique qui s&rsquo;est tenue \u00e0 Oran, les logiques de double standard qui gouvernent actuellement les relations internationales.<\/p>\n\n\n\n<p>Ahmed Attaf a prononc\u00e9 une allocution principalement articul\u00e9e autour d&rsquo;une critique s\u00e9v\u00e8re des m\u00e9canismes de gouvernance mondiale, mettant en lumi\u00e8re les contradictions flagrantes dans le traitement des conflits internationaux et la mise en \u0153uvre du droit international. Le chef de la diplomatie alg\u00e9rienne a notamment point\u00e9 du doigt l&rsquo;attitude de certains \u00c9tats occidentaux, et plus particuli\u00e8rement la France, concernant les r\u00e9cents mandats d&rsquo;arr\u00eat \u00e9mis par la Cour p\u00e9nale internationale contre les responsables sionistes Benyamin Netanyahu et Yoav Gallant.<\/p>\n\n\n\n<p>Attaf a soulign\u00e9 que \u00ab&nbsp;nous vivons dans un monde o\u00f9 il est d&rsquo;abord question de marginaliser le droit international et d&rsquo;affaiblir son statut de boussole \u00e0 laquelle les nations se r\u00e9f\u00e8rent dans leurs interactions&nbsp;\u00bb. \u00ab&nbsp;Nous vivons \u00e9galement dans un monde o\u00f9 il est question de neutraliser les organisations internationales, en particulier les Nations Unies, et de r\u00e9duire leur r\u00f4le dans la r\u00e9solution des diff\u00e9rents conflits, crises et affrontements qui p\u00e8sent sur l\u2019humanit\u00e9\u00bb, a-t-il ajout\u00e9.&nbsp; Et de poursuivre&nbsp;: \u00ab Nous vivons \u00e9galement dans un monde o\u00f9 il s\u2019agit enfin d&rsquo;imposer la logique du recours \u00e0 la force et de son usage excessif, de renforcer une doctrine fond\u00e9e sur les doubles standards, et de la proclamer ouvertement, tout en favorisant des tendances unilat\u00e9rales et \u00e9gocentriques pouss\u00e9es \u00e0 l&rsquo;extr\u00eame. \u00bb&nbsp;&nbsp; Dans ce m\u00eame contexte, M. Attaf a soulign\u00e9 que \u00ab la guerre d\u2019extermination subie par le peuple palestinien depuis plus d\u2019un an r\u00e9sume dans ses dimensions et ses implications toutes ces transformations graves que connaissent actuellement les relations internationales. \u00bb&nbsp; Il a soulign\u00e9 dans ce sens que \u00ab ce qui est encore plus d\u00e9solant et r\u00e9voltant, c\u2019est qu\u2019au moment o\u00f9 la justice internationale a r\u00e9cemment pris conscience de ses responsabilit\u00e9s, nous avons entendu, il y a quelques jours seulement, une d\u00e9claration d\u2019un \u00c9tat europ\u00e9en, partie au Statut de Rome, annon\u00e7ant son intention de ne pas ex\u00e9cuter les mandats d&rsquo;arr\u00eat \u00e9mis par la Cour p\u00e9nale internationale contre les planificateurs, instigateurs et auteurs des crimes de guerre et des crimes contre l\u2019humanit\u00e9 commis \u00e0 Ghaza, o\u00f9 ils ont sem\u00e9 destruction, ruine et d\u00e9solation. Alors que ce m\u00eame \u00c9tat s&rsquo;\u00e9tait empress\u00e9 de se conformer aux mandats d&rsquo;arr\u00eat similaires \u00e9mis par cette m\u00eame Cour contre des dirigeants africains ou non-africains dans le pass\u00e9, sans que sa conscience ne vacille ni que sa moralit\u00e9 ne soit mise en cause. \u00bb&nbsp;<\/p>\n\n\n\n<p>Le ministre des Affaires \u00e9trang\u00e8res d\u00e9nonce frontalement cette hypocrisie, soulignant que cette attitude confirme la n\u00e9cessit\u00e9 urgente de r\u00e9former le syst\u00e8me de gouvernance mondiale et de renforcer la voix du continent africain dans la r\u00e9solution des conflits internationaux. M. Attaf a en effet soulign\u00e9 que \u00ab cette logique biais\u00e9e confirme une fois de plus la pertinence de la vision africaine appelant \u00e0 r\u00e9former le syst\u00e8me de gouvernance mondiale et \u00e0 renforcer le r\u00f4le de notre continent, voix de la raison, de la sagesse et de l\u2019engagement, dans la gestion des d\u00e9fis majeurs aux niveaux international et r\u00e9gional. Cette vision a \u00e9t\u00e9 r\u00e9affirm\u00e9e une fois de plus lors des travaux de notre r\u00e9union. \u00bb&nbsp;<\/p>\n\n\n\n<p>Cette critique s&rsquo;accompagne d&rsquo;un appel fort \u00e0 l&rsquo;\u00e9mergence de solutions africaines aux probl\u00e8mes africains, convaincu que nul ne peut mieux comprendre et servir les int\u00e9r\u00eats du continent que ses propres habitants. \u00ab Nous avons aujourd\u2019hui plus que jamais besoin de solutions africaines aux probl\u00e8mes africains, car personne ne comprend mieux l&rsquo;Afrique que les Africains eux-m\u00eames, personne ne conna\u00eet mieux les besoins de l\u2019Afrique que ses propres enfants, et personne ne souhaite davantage le bien de l\u2019Afrique que les Africains eux-m\u00eames. \u00bb&nbsp;<\/p>\n\n\n\n<p><strong>L&rsquo;Alg\u00e9rie \u0153uvre \u00e0 faire entendre la voix de l&rsquo;Afrique<\/strong><\/p>\n\n\n\n<p>Attaf insiste sur la n\u00e9cessit\u00e9 de mettre fin aux ing\u00e9rences ext\u00e9rieures, de surmonter les divisions entre \u00c9tats africains et de tracer collectivement un avenir meilleur. \u00ab Il nous incombe aujourd&rsquo;hui de redoubler d\u2019efforts pour mettre fin aux ing\u00e9rences ext\u00e9rieures dans les affaires de notre continent, d\u2019apaiser les divisions qui ont \u00e9t\u00e9 sem\u00e9es entre les \u00c9tats africains, et de reprendre les choses en main pour tracer un avenir meilleur pour notre continent et pour le monde entier \u00bb, a-t-il ajout\u00e9. Le ministre a d\u2019ailleurs soulign\u00e9 la pertinence des travaux de cette session qui s\u2019inscrit dans le cadre du processus d\u2019Oran.<\/p>\n\n\n\n<p>Il a soulign\u00e9 dans ce sens que \u00ab l&rsquo;Alg\u00e9rie, en tant que membre non permanent du Conseil de s\u00e9curit\u00e9, s&rsquo;engage aujourd&rsquo;hui avec s\u00e9rieux, int\u00e9grit\u00e9 et d\u00e9vouement pour porter la voix de l&rsquo;Afrique, plaider pour ses pr\u00e9occupations et ses aspirations, et d\u00e9fendre ses priorit\u00e9s et ses causes. \u00bb&nbsp;<\/p>\n\n\n\n<p>Il a \u00e9galement not\u00e9 que \u00ab l&rsquo;Alg\u00e9rie se f\u00e9licite grandement des acquis r\u00e9cents obtenus par l&rsquo;Afrique dans la voie du renforcement de sa position sur la sc\u00e8ne internationale, faisant particuli\u00e8rement r\u00e9f\u00e9rence \u00e0 \u00ab&nbsp;l\u2019obtention par notre continent d\u2019un si\u00e8ge permanent au sein du G20, \u00e0 la reconnaissance croissante du droit de l\u2019Afrique \u00e0 une repr\u00e9sentation permanente au Conseil de s\u00e9curit\u00e9 de l\u2019ONU, et \u00e0 une prise de conscience accrue de la n\u00e9cessit\u00e9 de r\u00e9former les organisations \u00e9conomiques et financi\u00e8res internationales de mani\u00e8re \u00e0 rendre justice \u00e0 notre continent et \u00e0 pr\u00e9server ses droits. Cela inclut \u00e9galement nos revendications concernant le financement des op\u00e9rations de maintien de la paix approuv\u00e9es par l\u2019Union africaine et supervis\u00e9es par celle-ci. \u00bb&nbsp;<\/p>\n\n\n\n<p>Cependant et \u00ab aussi fiers que nous soyons de ces acquis et de ces r\u00e9alisations, le miroir de la v\u00e9rit\u00e9 ne saurait nous dissimuler l\u2019ampleur des d\u00e9fis qui continuent de peser sur les \u00c9tats et les peuples de notre continent. Qu\u2019il s\u2019agisse de lutter contre la mont\u00e9e des menaces terroristes, notamment dans la r\u00e9gion du Sahel, ou de g\u00e9rer les foyers de tensions, de crises et de conflits qui menacent tous les pays africains, ou encore de relever d&rsquo;autres d\u00e9fis s\u00e9curitaires, politiques et environnementaux que nous avons abord\u00e9s en d\u00e9tail au cours de cette session \u00bb, a ajout\u00e9 Attaf. La position de l\u2019Alg\u00e9rie est claire : seuls les Africains peuvent v\u00e9ritablement comprendre et r\u00e9soudre les probl\u00e9matiques africaines, et il est temps que le continent prenne pleinement ses responsabilit\u00e9s sur la sc\u00e8ne internationale. Et sa vision est profond\u00e9ment humaniste et porteuse d&rsquo;espoir, estimant que l&rsquo;Afrique, berceau de l&rsquo;humanit\u00e9, peut offrir au monde un mod\u00e8le civilisationnel int\u00e9gr\u00e9 qui redonne \u00e0 l&rsquo;homme sa dignit\u00e9 et r\u00e9tablisse l&rsquo;autorit\u00e9 du droit international. Cette perspective s&rsquo;appuie sur une sagesse africaine qu&rsquo;il cite en conclusion : \u00ab Nous n&rsquo;h\u00e9ritons pas la terre de nos anc\u00eatres, nous l&#8217;empruntons \u00e0 nos enfants. \u00bb<\/p>\n\n\n\n<p>Hocine Fadheli<\/p>\n\n\n\n<p><\/p>\n","protected":false},"excerpt":{"rendered":"<p>Le ministre d&rsquo;\u00c9tat, ministre des Affaires \u00e9trang\u00e8res, de la Communaut\u00e9 nationale \u00e0 l\u2019\u00e9tranger et des Affaires africaine, Ahmed Attaf, a<\/p>\n","protected":false},"author":6,"featured_media":60115,"comment_status":"open","ping_status":"closed","sticky":false,"template":"","format":"standard","meta":{"colormag_page_container_layout":"default_layout","colormag_page_sidebar_layout":"default_layout","om_disable_all_campaigns":false,"_monsterinsights_skip_tracking":false,"_monsterinsights_sitenote_active":false,"_monsterinsights_sitenote_note":"","_monsterinsights_sitenote_category":0,"footnotes":"","_wpscppro_dont_share_socialmedia":false,"_wpscppro_custom_social_share_image":0,"_facebook_share_type":"default","_twitter_share_type":"default","_linkedin_share_type":"default","_pinterest_share_type":"default","_linkedin_share_type_page":"","_instagram_share_type":"default","_medium_share_type":"default","_threads_share_type":"","_google_business_share_type":"","_selected_social_profile":[],"_wpsp_enable_custom_social_template":false,"_wpsp_social_scheduling":{"enabled":false,"datetime":null,"platforms":[],"status":"template_only","dateOption":"today","timeOption":"now","customDays":"","customHours":"","customDate":"","customTime":"","schedulingType":"absolute"},"_wpsp_active_default_template":true},"categories":[52,27],"tags":[],"class_list":["post-60114","post","type-post","status-publish","format-standard","has-post-thumbnail","hentry","category-a-la-une","category-actualite"],"aioseo_notices":[],"yoast_head":"<!-- This site is optimized with the Yoast SEO plugin v27.5 - https:\/\/yoast.com\/product\/yoast-seo-wordpress\/ -->\n<title>Instrumentalisation du droit international et refus de l\u2019ex\u00e9cution du mandat de la CPI contre Netanyahu : L\u2019Alg\u00e9rie d\u00e9nonce les doubles standards de l\u2019Occident - La Sentinelle<\/title>\n<meta name=\"robots\" content=\"index, follow, max-snippet:-1, max-image-preview:large, max-video-preview:-1\" \/>\n<link rel=\"canonical\" href=\"https:\/\/lasentinelle.dz\/index.php\/2024\/12\/03\/instrumentalisation-du-droit-international-et-refus-de-lexecution-du-mandat-de-la-cpi-contre-netanyahu-lalgerie-denonce-les-doubles-standards-de-loccident\/\" \/>\n<meta property=\"og:locale\" content=\"fr_FR\" \/>\n<meta property=\"og:type\" content=\"article\" \/>\n<meta property=\"og:title\" content=\"Instrumentalisation du droit international et refus de l\u2019ex\u00e9cution du mandat de la CPI contre Netanyahu : L\u2019Alg\u00e9rie d\u00e9nonce les doubles standards de l\u2019Occident - La Sentinelle\" \/>\n<meta property=\"og:description\" content=\"Le ministre d&rsquo;\u00c9tat, ministre des Affaires \u00e9trang\u00e8res, de la Communaut\u00e9 nationale \u00e0 l\u2019\u00e9tranger et des Affaires africaine, Ahmed Attaf, a\" \/>\n<meta property=\"og:url\" content=\"https:\/\/lasentinelle.dz\/index.php\/2024\/12\/03\/instrumentalisation-du-droit-international-et-refus-de-lexecution-du-mandat-de-la-cpi-contre-netanyahu-lalgerie-denonce-les-doubles-standards-de-loccident\/\" \/>\n<meta property=\"og:site_name\" content=\"La Sentinelle\" \/>\n<meta property=\"article:publisher\" content=\"https:\/\/www.facebook.com\/La-Sentinelle-104059864394773\" \/>\n<meta property=\"article:published_time\" content=\"2024-12-03T11:23:20+00:00\" \/>\n<meta property=\"article:modified_time\" content=\"2024-12-03T11:23:21+00:00\" \/>\n<meta property=\"og:image\" content=\"https:\/\/lasentinelle.dz\/wp-content\/uploads\/2024\/12\/Attaf.jpeg\" \/>\n\t<meta property=\"og:image:width\" content=\"1280\" \/>\n\t<meta property=\"og:image:height\" content=\"942\" \/>\n\t<meta property=\"og:image:type\" content=\"image\/jpeg\" \/>\n<meta name=\"author\" content=\"admin\" \/>\n<meta name=\"twitter:card\" content=\"summary_large_image\" \/>\n<meta name=\"twitter:label1\" content=\"\u00c9crit par\" \/>\n\t<meta name=\"twitter:data1\" content=\"admin\" \/>\n\t<meta name=\"twitter:label2\" content=\"Dur\u00e9e de lecture estim\u00e9e\" \/>\n\t<meta name=\"twitter:data2\" content=\"6 minutes\" \/>\n<script type=\"application\/ld+json\" class=\"yoast-schema-graph\">{\"@context\":\"https:\\\/\\\/schema.org\",\"@graph\":[{\"@type\":\"Article\",\"@id\":\"https:\\\/\\\/lasentinelle.dz\\\/index.php\\\/2024\\\/12\\\/03\\\/instrumentalisation-du-droit-international-et-refus-de-lexecution-du-mandat-de-la-cpi-contre-netanyahu-lalgerie-denonce-les-doubles-standards-de-loccident\\\/#article\",\"isPartOf\":{\"@id\":\"https:\\\/\\\/lasentinelle.dz\\\/index.php\\\/2024\\\/12\\\/03\\\/instrumentalisation-du-droit-international-et-refus-de-lexecution-du-mandat-de-la-cpi-contre-netanyahu-lalgerie-denonce-les-doubles-standards-de-loccident\\\/\"},\"author\":{\"name\":\"admin\",\"@id\":\"https:\\\/\\\/lasentinelle.dz\\\/#\\\/schema\\\/person\\\/729ee0024f24e0b8c5ec17232f8e8b41\"},\"headline\":\"Instrumentalisation du droit international et refus de l\u2019ex\u00e9cution du mandat de la CPI contre Netanyahu : L\u2019Alg\u00e9rie d\u00e9nonce les doubles standards de l\u2019Occident\",\"datePublished\":\"2024-12-03T11:23:20+00:00\",\"dateModified\":\"2024-12-03T11:23:21+00:00\",\"mainEntityOfPage\":{\"@id\":\"https:\\\/\\\/lasentinelle.dz\\\/index.php\\\/2024\\\/12\\\/03\\\/instrumentalisation-du-droit-international-et-refus-de-lexecution-du-mandat-de-la-cpi-contre-netanyahu-lalgerie-denonce-les-doubles-standards-de-loccident\\\/\"},\"wordCount\":1278,\"commentCount\":0,\"publisher\":{\"@id\":\"https:\\\/\\\/lasentinelle.dz\\\/#organization\"},\"image\":{\"@id\":\"https:\\\/\\\/lasentinelle.dz\\\/index.php\\\/2024\\\/12\\\/03\\\/instrumentalisation-du-droit-international-et-refus-de-lexecution-du-mandat-de-la-cpi-contre-netanyahu-lalgerie-denonce-les-doubles-standards-de-loccident\\\/#primaryimage\"},\"thumbnailUrl\":\"https:\\\/\\\/lasentinelle.dz\\\/wp-content\\\/uploads\\\/2024\\\/12\\\/Attaf.jpeg\",\"articleSection\":[\"\u00c0 la Une\",\"Actualit\u00e9\"],\"inLanguage\":\"fr-FR\",\"potentialAction\":[{\"@type\":\"CommentAction\",\"name\":\"Comment\",\"target\":[\"https:\\\/\\\/lasentinelle.dz\\\/index.php\\\/2024\\\/12\\\/03\\\/instrumentalisation-du-droit-international-et-refus-de-lexecution-du-mandat-de-la-cpi-contre-netanyahu-lalgerie-denonce-les-doubles-standards-de-loccident\\\/#respond\"]}]},{\"@type\":\"WebPage\",\"@id\":\"https:\\\/\\\/lasentinelle.dz\\\/index.php\\\/2024\\\/12\\\/03\\\/instrumentalisation-du-droit-international-et-refus-de-lexecution-du-mandat-de-la-cpi-contre-netanyahu-lalgerie-denonce-les-doubles-standards-de-loccident\\\/\",\"url\":\"https:\\\/\\\/lasentinelle.dz\\\/index.php\\\/2024\\\/12\\\/03\\\/instrumentalisation-du-droit-international-et-refus-de-lexecution-du-mandat-de-la-cpi-contre-netanyahu-lalgerie-denonce-les-doubles-standards-de-loccident\\\/\",\"name\":\"Instrumentalisation du droit international et refus de l\u2019ex\u00e9cution du mandat de la CPI contre Netanyahu : L\u2019Alg\u00e9rie d\u00e9nonce les doubles standards de l\u2019Occident - La Sentinelle\",\"isPartOf\":{\"@id\":\"https:\\\/\\\/lasentinelle.dz\\\/#website\"},\"primaryImageOfPage\":{\"@id\":\"https:\\\/\\\/lasentinelle.dz\\\/index.php\\\/2024\\\/12\\\/03\\\/instrumentalisation-du-droit-international-et-refus-de-lexecution-du-mandat-de-la-cpi-contre-netanyahu-lalgerie-denonce-les-doubles-standards-de-loccident\\\/#primaryimage\"},\"image\":{\"@id\":\"https:\\\/\\\/lasentinelle.dz\\\/index.php\\\/2024\\\/12\\\/03\\\/instrumentalisation-du-droit-international-et-refus-de-lexecution-du-mandat-de-la-cpi-contre-netanyahu-lalgerie-denonce-les-doubles-standards-de-loccident\\\/#primaryimage\"},\"thumbnailUrl\":\"https:\\\/\\\/lasentinelle.dz\\\/wp-content\\\/uploads\\\/2024\\\/12\\\/Attaf.jpeg\",\"datePublished\":\"2024-12-03T11:23:20+00:00\",\"dateModified\":\"2024-12-03T11:23:21+00:00\",\"breadcrumb\":{\"@id\":\"https:\\\/\\\/lasentinelle.dz\\\/index.php\\\/2024\\\/12\\\/03\\\/instrumentalisation-du-droit-international-et-refus-de-lexecution-du-mandat-de-la-cpi-contre-netanyahu-lalgerie-denonce-les-doubles-standards-de-loccident\\\/#breadcrumb\"},\"inLanguage\":\"fr-FR\",\"potentialAction\":[{\"@type\":\"ReadAction\",\"target\":[\"https:\\\/\\\/lasentinelle.dz\\\/index.php\\\/2024\\\/12\\\/03\\\/instrumentalisation-du-droit-international-et-refus-de-lexecution-du-mandat-de-la-cpi-contre-netanyahu-lalgerie-denonce-les-doubles-standards-de-loccident\\\/\"]}]},{\"@type\":\"ImageObject\",\"inLanguage\":\"fr-FR\",\"@id\":\"https:\\\/\\\/lasentinelle.dz\\\/index.php\\\/2024\\\/12\\\/03\\\/instrumentalisation-du-droit-international-et-refus-de-lexecution-du-mandat-de-la-cpi-contre-netanyahu-lalgerie-denonce-les-doubles-standards-de-loccident\\\/#primaryimage\",\"url\":\"https:\\\/\\\/lasentinelle.dz\\\/wp-content\\\/uploads\\\/2024\\\/12\\\/Attaf.jpeg\",\"contentUrl\":\"https:\\\/\\\/lasentinelle.dz\\\/wp-content\\\/uploads\\\/2024\\\/12\\\/Attaf.jpeg\",\"width\":1280,\"height\":942},{\"@type\":\"BreadcrumbList\",\"@id\":\"https:\\\/\\\/lasentinelle.dz\\\/index.php\\\/2024\\\/12\\\/03\\\/instrumentalisation-du-droit-international-et-refus-de-lexecution-du-mandat-de-la-cpi-contre-netanyahu-lalgerie-denonce-les-doubles-standards-de-loccident\\\/#breadcrumb\",\"itemListElement\":[{\"@type\":\"ListItem\",\"position\":1,\"name\":\"Accueil\",\"item\":\"https:\\\/\\\/lasentinelle.dz\\\/\"},{\"@type\":\"ListItem\",\"position\":2,\"name\":\"Instrumentalisation du droit international et refus de l\u2019ex\u00e9cution du mandat de la CPI contre Netanyahu : L\u2019Alg\u00e9rie d\u00e9nonce les doubles standards de l\u2019Occident\"}]},{\"@type\":\"WebSite\",\"@id\":\"https:\\\/\\\/lasentinelle.dz\\\/#website\",\"url\":\"https:\\\/\\\/lasentinelle.dz\\\/\",\"name\":\"La Sentinelle\",\"description\":\"Quotidien national d&#039;information\",\"publisher\":{\"@id\":\"https:\\\/\\\/lasentinelle.dz\\\/#organization\"},\"potentialAction\":[{\"@type\":\"SearchAction\",\"target\":{\"@type\":\"EntryPoint\",\"urlTemplate\":\"https:\\\/\\\/lasentinelle.dz\\\/?s={search_term_string}\"},\"query-input\":{\"@type\":\"PropertyValueSpecification\",\"valueRequired\":true,\"valueName\":\"search_term_string\"}}],\"inLanguage\":\"fr-FR\"},{\"@type\":\"Organization\",\"@id\":\"https:\\\/\\\/lasentinelle.dz\\\/#organization\",\"name\":\"Quotidien La Sentinelle\",\"url\":\"https:\\\/\\\/lasentinelle.dz\\\/\",\"logo\":{\"@type\":\"ImageObject\",\"inLanguage\":\"fr-FR\",\"@id\":\"https:\\\/\\\/lasentinelle.dz\\\/#\\\/schema\\\/logo\\\/image\\\/\",\"url\":\"https:\\\/\\\/lasentinelle.dz\\\/wp-content\\\/uploads\\\/2021\\\/09\\\/logo-sentinelleSLOGAN-1.png\",\"contentUrl\":\"https:\\\/\\\/lasentinelle.dz\\\/wp-content\\\/uploads\\\/2021\\\/09\\\/logo-sentinelleSLOGAN-1.png\",\"width\":615,\"height\":142,\"caption\":\"Quotidien La Sentinelle\"},\"image\":{\"@id\":\"https:\\\/\\\/lasentinelle.dz\\\/#\\\/schema\\\/logo\\\/image\\\/\"},\"sameAs\":[\"https:\\\/\\\/www.facebook.com\\\/La-Sentinelle-104059864394773\"]},{\"@type\":\"Person\",\"@id\":\"https:\\\/\\\/lasentinelle.dz\\\/#\\\/schema\\\/person\\\/729ee0024f24e0b8c5ec17232f8e8b41\",\"name\":\"admin\",\"image\":{\"@type\":\"ImageObject\",\"inLanguage\":\"fr-FR\",\"@id\":\"https:\\\/\\\/secure.gravatar.com\\\/avatar\\\/4c81fed838786e9b53f540bf46533e750f5d292099ae3b66cfc6fb1982e29df7?s=96&d=mm&r=g\",\"url\":\"https:\\\/\\\/secure.gravatar.com\\\/avatar\\\/4c81fed838786e9b53f540bf46533e750f5d292099ae3b66cfc6fb1982e29df7?s=96&d=mm&r=g\",\"contentUrl\":\"https:\\\/\\\/secure.gravatar.com\\\/avatar\\\/4c81fed838786e9b53f540bf46533e750f5d292099ae3b66cfc6fb1982e29df7?s=96&d=mm&r=g\",\"caption\":\"admin\"},\"description\":\"admin\",\"url\":\"https:\\\/\\\/lasentinelle.dz\\\/author\\\/admin\\\/\"}]}<\/script>\n<!-- \/ Yoast SEO plugin. -->","yoast_head_json":{"title":"Instrumentalisation du droit international et refus de l\u2019ex\u00e9cution du mandat de la CPI contre Netanyahu : L\u2019Alg\u00e9rie d\u00e9nonce les doubles standards de l\u2019Occident - La Sentinelle","robots":{"index":"index","follow":"follow","max-snippet":"max-snippet:-1","max-image-preview":"max-image-preview:large","max-video-preview":"max-video-preview:-1"},"canonical":"https:\/\/lasentinelle.dz\/index.php\/2024\/12\/03\/instrumentalisation-du-droit-international-et-refus-de-lexecution-du-mandat-de-la-cpi-contre-netanyahu-lalgerie-denonce-les-doubles-standards-de-loccident\/","og_locale":"fr_FR","og_type":"article","og_title":"Instrumentalisation du droit international et refus de l\u2019ex\u00e9cution du mandat de la CPI contre Netanyahu : L\u2019Alg\u00e9rie d\u00e9nonce les doubles standards de l\u2019Occident - La Sentinelle","og_description":"Le ministre d&rsquo;\u00c9tat, ministre des Affaires \u00e9trang\u00e8res, de la Communaut\u00e9 nationale \u00e0 l\u2019\u00e9tranger et des Affaires africaine, Ahmed Attaf, a","og_url":"https:\/\/lasentinelle.dz\/index.php\/2024\/12\/03\/instrumentalisation-du-droit-international-et-refus-de-lexecution-du-mandat-de-la-cpi-contre-netanyahu-lalgerie-denonce-les-doubles-standards-de-loccident\/","og_site_name":"La Sentinelle","article_publisher":"https:\/\/www.facebook.com\/La-Sentinelle-104059864394773","article_published_time":"2024-12-03T11:23:20+00:00","article_modified_time":"2024-12-03T11:23:21+00:00","og_image":[{"width":1280,"height":942,"url":"https:\/\/lasentinelle.dz\/wp-content\/uploads\/2024\/12\/Attaf.jpeg","type":"image\/jpeg"}],"author":"admin","twitter_card":"summary_large_image","twitter_misc":{"\u00c9crit par":"admin","Dur\u00e9e de lecture estim\u00e9e":"6 minutes"},"schema":{"@context":"https:\/\/schema.org","@graph":[{"@type":"Article","@id":"https:\/\/lasentinelle.dz\/index.php\/2024\/12\/03\/instrumentalisation-du-droit-international-et-refus-de-lexecution-du-mandat-de-la-cpi-contre-netanyahu-lalgerie-denonce-les-doubles-standards-de-loccident\/#article","isPartOf":{"@id":"https:\/\/lasentinelle.dz\/index.php\/2024\/12\/03\/instrumentalisation-du-droit-international-et-refus-de-lexecution-du-mandat-de-la-cpi-contre-netanyahu-lalgerie-denonce-les-doubles-standards-de-loccident\/"},"author":{"name":"admin","@id":"https:\/\/lasentinelle.dz\/#\/schema\/person\/729ee0024f24e0b8c5ec17232f8e8b41"},"headline":"Instrumentalisation du droit international et refus de l\u2019ex\u00e9cution du mandat de la CPI contre Netanyahu : L\u2019Alg\u00e9rie d\u00e9nonce les doubles standards de l\u2019Occident","datePublished":"2024-12-03T11:23:20+00:00","dateModified":"2024-12-03T11:23:21+00:00","mainEntityOfPage":{"@id":"https:\/\/lasentinelle.dz\/index.php\/2024\/12\/03\/instrumentalisation-du-droit-international-et-refus-de-lexecution-du-mandat-de-la-cpi-contre-netanyahu-lalgerie-denonce-les-doubles-standards-de-loccident\/"},"wordCount":1278,"commentCount":0,"publisher":{"@id":"https:\/\/lasentinelle.dz\/#organization"},"image":{"@id":"https:\/\/lasentinelle.dz\/index.php\/2024\/12\/03\/instrumentalisation-du-droit-international-et-refus-de-lexecution-du-mandat-de-la-cpi-contre-netanyahu-lalgerie-denonce-les-doubles-standards-de-loccident\/#primaryimage"},"thumbnailUrl":"https:\/\/lasentinelle.dz\/wp-content\/uploads\/2024\/12\/Attaf.jpeg","articleSection":["\u00c0 la Une","Actualit\u00e9"],"inLanguage":"fr-FR","potentialAction":[{"@type":"CommentAction","name":"Comment","target":["https:\/\/lasentinelle.dz\/index.php\/2024\/12\/03\/instrumentalisation-du-droit-international-et-refus-de-lexecution-du-mandat-de-la-cpi-contre-netanyahu-lalgerie-denonce-les-doubles-standards-de-loccident\/#respond"]}]},{"@type":"WebPage","@id":"https:\/\/lasentinelle.dz\/index.php\/2024\/12\/03\/instrumentalisation-du-droit-international-et-refus-de-lexecution-du-mandat-de-la-cpi-contre-netanyahu-lalgerie-denonce-les-doubles-standards-de-loccident\/","url":"https:\/\/lasentinelle.dz\/index.php\/2024\/12\/03\/instrumentalisation-du-droit-international-et-refus-de-lexecution-du-mandat-de-la-cpi-contre-netanyahu-lalgerie-denonce-les-doubles-standards-de-loccident\/","name":"Instrumentalisation du droit international et refus de l\u2019ex\u00e9cution du mandat de la CPI contre Netanyahu : L\u2019Alg\u00e9rie d\u00e9nonce les doubles standards de l\u2019Occident - La Sentinelle","isPartOf":{"@id":"https:\/\/lasentinelle.dz\/#website"},"primaryImageOfPage":{"@id":"https:\/\/lasentinelle.dz\/index.php\/2024\/12\/03\/instrumentalisation-du-droit-international-et-refus-de-lexecution-du-mandat-de-la-cpi-contre-netanyahu-lalgerie-denonce-les-doubles-standards-de-loccident\/#primaryimage"},"image":{"@id":"https:\/\/lasentinelle.dz\/index.php\/2024\/12\/03\/instrumentalisation-du-droit-international-et-refus-de-lexecution-du-mandat-de-la-cpi-contre-netanyahu-lalgerie-denonce-les-doubles-standards-de-loccident\/#primaryimage"},"thumbnailUrl":"https:\/\/lasentinelle.dz\/wp-content\/uploads\/2024\/12\/Attaf.jpeg","datePublished":"2024-12-03T11:23:20+00:00","dateModified":"2024-12-03T11:23:21+00:00","breadcrumb":{"@id":"https:\/\/lasentinelle.dz\/index.php\/2024\/12\/03\/instrumentalisation-du-droit-international-et-refus-de-lexecution-du-mandat-de-la-cpi-contre-netanyahu-lalgerie-denonce-les-doubles-standards-de-loccident\/#breadcrumb"},"inLanguage":"fr-FR","potentialAction":[{"@type":"ReadAction","target":["https:\/\/lasentinelle.dz\/index.php\/2024\/12\/03\/instrumentalisation-du-droit-international-et-refus-de-lexecution-du-mandat-de-la-cpi-contre-netanyahu-lalgerie-denonce-les-doubles-standards-de-loccident\/"]}]},{"@type":"ImageObject","inLanguage":"fr-FR","@id":"https:\/\/lasentinelle.dz\/index.php\/2024\/12\/03\/instrumentalisation-du-droit-international-et-refus-de-lexecution-du-mandat-de-la-cpi-contre-netanyahu-lalgerie-denonce-les-doubles-standards-de-loccident\/#primaryimage","url":"https:\/\/lasentinelle.dz\/wp-content\/uploads\/2024\/12\/Attaf.jpeg","contentUrl":"https:\/\/lasentinelle.dz\/wp-content\/uploads\/2024\/12\/Attaf.jpeg","width":1280,"height":942},{"@type":"BreadcrumbList","@id":"https:\/\/lasentinelle.dz\/index.php\/2024\/12\/03\/instrumentalisation-du-droit-international-et-refus-de-lexecution-du-mandat-de-la-cpi-contre-netanyahu-lalgerie-denonce-les-doubles-standards-de-loccident\/#breadcrumb","itemListElement":[{"@type":"ListItem","position":1,"name":"Accueil","item":"https:\/\/lasentinelle.dz\/"},{"@type":"ListItem","position":2,"name":"Instrumentalisation du droit international et refus de l\u2019ex\u00e9cution du mandat de la CPI contre Netanyahu : L\u2019Alg\u00e9rie d\u00e9nonce les doubles standards de l\u2019Occident"}]},{"@type":"WebSite","@id":"https:\/\/lasentinelle.dz\/#website","url":"https:\/\/lasentinelle.dz\/","name":"La Sentinelle","description":"Quotidien national d&#039;information","publisher":{"@id":"https:\/\/lasentinelle.dz\/#organization"},"potentialAction":[{"@type":"SearchAction","target":{"@type":"EntryPoint","urlTemplate":"https:\/\/lasentinelle.dz\/?s={search_term_string}"},"query-input":{"@type":"PropertyValueSpecification","valueRequired":true,"valueName":"search_term_string"}}],"inLanguage":"fr-FR"},{"@type":"Organization","@id":"https:\/\/lasentinelle.dz\/#organization","name":"Quotidien La Sentinelle","url":"https:\/\/lasentinelle.dz\/","logo":{"@type":"ImageObject","inLanguage":"fr-FR","@id":"https:\/\/lasentinelle.dz\/#\/schema\/logo\/image\/","url":"https:\/\/lasentinelle.dz\/wp-content\/uploads\/2021\/09\/logo-sentinelleSLOGAN-1.png","contentUrl":"https:\/\/lasentinelle.dz\/wp-content\/uploads\/2021\/09\/logo-sentinelleSLOGAN-1.png","width":615,"height":142,"caption":"Quotidien La Sentinelle"},"image":{"@id":"https:\/\/lasentinelle.dz\/#\/schema\/logo\/image\/"},"sameAs":["https:\/\/www.facebook.com\/La-Sentinelle-104059864394773"]},{"@type":"Person","@id":"https:\/\/lasentinelle.dz\/#\/schema\/person\/729ee0024f24e0b8c5ec17232f8e8b41","name":"admin","image":{"@type":"ImageObject","inLanguage":"fr-FR","@id":"https:\/\/secure.gravatar.com\/avatar\/4c81fed838786e9b53f540bf46533e750f5d292099ae3b66cfc6fb1982e29df7?s=96&d=mm&r=g","url":"https:\/\/secure.gravatar.com\/avatar\/4c81fed838786e9b53f540bf46533e750f5d292099ae3b66cfc6fb1982e29df7?s=96&d=mm&r=g","contentUrl":"https:\/\/secure.gravatar.com\/avatar\/4c81fed838786e9b53f540bf46533e750f5d292099ae3b66cfc6fb1982e29df7?s=96&d=mm&r=g","caption":"admin"},"description":"admin","url":"https:\/\/lasentinelle.dz\/author\/admin\/"}]}},"_links":{"self":[{"href":"https:\/\/lasentinelle.dz\/index.php\/wp-json\/wp\/v2\/posts\/60114","targetHints":{"allow":["GET"]}}],"collection":[{"href":"https:\/\/lasentinelle.dz\/index.php\/wp-json\/wp\/v2\/posts"}],"about":[{"href":"https:\/\/lasentinelle.dz\/index.php\/wp-json\/wp\/v2\/types\/post"}],"author":[{"embeddable":true,"href":"https:\/\/lasentinelle.dz\/index.php\/wp-json\/wp\/v2\/users\/6"}],"replies":[{"embeddable":true,"href":"https:\/\/lasentinelle.dz\/index.php\/wp-json\/wp\/v2\/comments?post=60114"}],"version-history":[{"count":1,"href":"https:\/\/lasentinelle.dz\/index.php\/wp-json\/wp\/v2\/posts\/60114\/revisions"}],"predecessor-version":[{"id":60116,"href":"https:\/\/lasentinelle.dz\/index.php\/wp-json\/wp\/v2\/posts\/60114\/revisions\/60116"}],"wp:featuredmedia":[{"embeddable":true,"href":"https:\/\/lasentinelle.dz\/index.php\/wp-json\/wp\/v2\/media\/60115"}],"wp:attachment":[{"href":"https:\/\/lasentinelle.dz\/index.php\/wp-json\/wp\/v2\/media?parent=60114"}],"wp:term":[{"taxonomy":"category","embeddable":true,"href":"https:\/\/lasentinelle.dz\/index.php\/wp-json\/wp\/v2\/categories?post=60114"},{"taxonomy":"post_tag","embeddable":true,"href":"https:\/\/lasentinelle.dz\/index.php\/wp-json\/wp\/v2\/tags?post=60114"}],"curies":[{"name":"wp","href":"https:\/\/api.w.org\/{rel}","templated":true}]}}