{"id":60136,"date":"2024-12-04T10:35:23","date_gmt":"2024-12-04T09:35:23","guid":{"rendered":"https:\/\/lasentinelle.dz\/?p=60136"},"modified":"2024-12-04T10:35:24","modified_gmt":"2024-12-04T09:35:24","slug":"echchebka-presente-au-tna-un-cri-poignant-contre-lemigration-clandestine","status":"publish","type":"post","link":"https:\/\/lasentinelle.dz\/index.php\/2024\/12\/04\/echchebka-presente-au-tna-un-cri-poignant-contre-lemigration-clandestine\/","title":{"rendered":"\u00ab\u00a0Ech&rsquo;Chebka\u00a0\u00bb pr\u00e9sent\u00e9 au TNA : Un cri poignant contre l&rsquo;\u00e9migration clandestine"},"content":{"rendered":"\n<p>Au c\u0153ur du Th\u00e9\u00e2tre national Mahieddine-Bachtarzi, un spectacle r\u00e9sonne avec une force singuli\u00e8re : \u00ab\u00a0Ech&rsquo;Chebka\u00a0\u00bb, une cr\u00e9ation th\u00e9\u00e2trale qui transcende le simple divertissement pour devenir un v\u00e9ritable manifeste social. Mise en sc\u00e8ne par Abdelghani Chentouf et \u00e9crite par Ali Tamert, cette pi\u00e8ce bouleversante explore les m\u00e9andres psychologiques et \u00e9motionnels de l&rsquo;\u00e9migration clandestine.<\/p>\n\n\n\n<p>L&rsquo;histoire se concentre sur \u00ab\u00a0Latcha\u00a0\u00bb, interpr\u00e9t\u00e9 magistralement par Smail Ait-Ammar, un jeune homme d\u00e9sesp\u00e9r\u00e9 qui a fait le choix radical de tenter la travers\u00e9e maritime, symbole d&rsquo;un d\u00e9sir d&rsquo;\u00e9chapper \u00e0 un quotidien sans perspective. Install\u00e9 dans une cabane abandonn\u00e9e, il attend le moment fatidique qui pourrait changer son destin, pr\u00eat \u00e0 risquer sa vie aux c\u00f4t\u00e9s de sa bien-aim\u00e9e \u00ab\u00a0Fati\u00a0\u00bb. Le talent d&rsquo;Amina Aberkane, r\u00e9compens\u00e9e du prix de la meilleure interpr\u00e9tation f\u00e9minine au 55e Festival national du Th\u00e9\u00e2tre amateur, donne une profondeur saisissante \u00e0 ce personnage. Sa performance d\u00e9voile toute la complexit\u00e9 \u00e9motionnelle des candidats \u00e0 l&rsquo;exil, oscillant entre espoir d\u00e9mesur\u00e9 et conscience des dangers. La sc\u00e9nographie, con\u00e7ue par Abdelghani Chentouf lui-m\u00eame, traduit admirablement la tension du propos. Un dispositif minimaliste compos\u00e9 de filets de p\u00eacheurs dispos\u00e9s en demi-cercle cr\u00e9e un espace symbolique o\u00f9 se jouent les destins. Ces filets deviennent m\u00e9taphore : filets de la mort, mais aussi filets sociaux qui auraient pu retenir ces \u00e2mes d\u00e9sesp\u00e9r\u00e9es.<\/p>\n\n\n\n<p>L&rsquo;environnement sonore et musical de Halim Bakhali, associ\u00e9 \u00e0 la chor\u00e9graphie de Mohamed KhelfAllah, contribue \u00e0 cr\u00e9er une atmosph\u00e8re tant\u00f4t m\u00e9lancolique, tant\u00f4t porteuse d&rsquo;espoir. Les \u00e9clairages, savamment dos\u00e9s entre tons vifs et nuances feutr\u00e9es, accompagnent subtilement la progression dramatique. Le trio de com\u00e9diens &#8211; Ait-Ammar, Aberkane et Ahmed Bechar (prim\u00e9 meilleur second r\u00f4le) &#8211; offre un dialogue d&rsquo;une rare intensit\u00e9. Le trio de com\u00e9diens qui a occup\u00e9 tous les espaces de la sc\u00e8ne, a su porter la densit\u00e9 du texte, empreinte de quelques situations comiques et burlesques. \u00ab\u00a0Sennour\u00a0\u00bb, personnage dont le fils a d\u00e9j\u00e0 pay\u00e9 le prix ultime de cette aventure d\u00e9sesp\u00e9r\u00e9e, tente de dissuader Latcha. Chaque r\u00e9plique devient un argument, chaque \u00e9change une exploration des ressorts sociaux qui conduisent \u00e0 une telle d\u00e9cision.<\/p>\n\n\n\n<p>\u00ab\u00a0Ech&rsquo;Chebka\u00a0\u00bb &#8211; qui signifie \u00ab\u00a0le filet\u00a0\u00bb &#8211; est bien plus qu&rsquo;une simple pi\u00e8ce de th\u00e9\u00e2tre. C&rsquo;est un cri d&rsquo;alerte, une tentative de comprendre et de pr\u00e9venir. Le spectacle invite le spectateur \u00e0 r\u00e9fl\u00e9chir aux conditions socio-\u00e9conomiques qui poussent des jeunes \u00e0 risquer leur vie, tout en d\u00e9non\u00e7ant la fatalit\u00e9 de ce choix.<\/p>\n\n\n\n<p>Couronn\u00e9 du Grand prix au 55e Festival national du Th\u00e9\u00e2tre amateur, le spectacle entame une tourn\u00e9e dans sept villes de l&rsquo;Ouest alg\u00e9rien. Une reconnaissance qui souligne l&rsquo;importance de son message et la qualit\u00e9 de sa r\u00e9alisation. Produit sous l&rsquo;\u00e9gide du minist\u00e8re de la Culture et des Arts, par l&rsquo;association \u00ab\u00a0Cho\u00e2la pour le th\u00e9\u00e2tre et le cin\u00e9ma\u00a0\u00bb de Boumerd\u00e8s, \u00ab\u00a0Ech&rsquo;Chebka\u00a0\u00bb se veut un miroir tendu \u00e0 une soci\u00e9t\u00e9 qui doit repenser ses m\u00e9canismes d&rsquo;int\u00e9gration et d&rsquo;espoir pour sa jeunesse.<\/p>\n\n\n\n<p>Mohand Seghir<\/p>\n","protected":false},"excerpt":{"rendered":"<p>Au c\u0153ur du Th\u00e9\u00e2tre national Mahieddine-Bachtarzi, un spectacle r\u00e9sonne avec une force singuli\u00e8re : \u00ab\u00a0Ech&rsquo;Chebka\u00a0\u00bb, une cr\u00e9ation th\u00e9\u00e2trale qui transcende<\/p>\n","protected":false},"author":6,"featured_media":60137,"comment_status":"open","ping_status":"closed","sticky":false,"template":"","format":"standard","meta":{"colormag_page_container_layout":"default_layout","colormag_page_sidebar_layout":"default_layout","om_disable_all_campaigns":false,"_monsterinsights_skip_tracking":false,"_monsterinsights_sitenote_active":false,"_monsterinsights_sitenote_note":"","_monsterinsights_sitenote_category":0,"footnotes":"","_wpscppro_dont_share_socialmedia":false,"_wpscppro_custom_social_share_image":0,"_facebook_share_type":"default","_twitter_share_type":"default","_linkedin_share_type":"default","_pinterest_share_type":"default","_linkedin_share_type_page":"","_instagram_share_type":"default","_medium_share_type":"default","_threads_share_type":"","_google_business_share_type":"","_selected_social_profile":[],"_wpsp_enable_custom_social_template":false,"_wpsp_social_scheduling":{"enabled":false,"datetime":null,"platforms":[],"status":"template_only","dateOption":"today","timeOption":"now","customDays":"","customHours":"","customDate":"","customTime":"","schedulingType":"absolute"},"_wpsp_active_default_template":true},"categories":[36],"tags":[],"class_list":["post-60136","post","type-post","status-publish","format-standard","has-post-thumbnail","hentry","category-culture"],"aioseo_notices":[],"yoast_head":"<!-- This site is optimized with the Yoast SEO plugin v27.4 - https:\/\/yoast.com\/product\/yoast-seo-wordpress\/ -->\n<title>\u00ab\u00a0Ech&rsquo;Chebka\u00a0\u00bb pr\u00e9sent\u00e9 au TNA : Un cri poignant contre l&rsquo;\u00e9migration clandestine - La Sentinelle<\/title>\n<meta name=\"robots\" content=\"index, follow, max-snippet:-1, max-image-preview:large, max-video-preview:-1\" \/>\n<link rel=\"canonical\" href=\"https:\/\/lasentinelle.dz\/index.php\/2024\/12\/04\/echchebka-presente-au-tna-un-cri-poignant-contre-lemigration-clandestine\/\" \/>\n<meta property=\"og:locale\" content=\"fr_FR\" \/>\n<meta property=\"og:type\" content=\"article\" \/>\n<meta property=\"og:title\" content=\"\u00ab\u00a0Ech&rsquo;Chebka\u00a0\u00bb pr\u00e9sent\u00e9 au TNA : Un cri poignant contre l&rsquo;\u00e9migration clandestine - La Sentinelle\" \/>\n<meta property=\"og:description\" content=\"Au c\u0153ur du Th\u00e9\u00e2tre national Mahieddine-Bachtarzi, un spectacle r\u00e9sonne avec une force singuli\u00e8re : \u00ab\u00a0Ech&rsquo;Chebka\u00a0\u00bb, une cr\u00e9ation th\u00e9\u00e2trale qui transcende\" \/>\n<meta property=\"og:url\" content=\"https:\/\/lasentinelle.dz\/index.php\/2024\/12\/04\/echchebka-presente-au-tna-un-cri-poignant-contre-lemigration-clandestine\/\" \/>\n<meta property=\"og:site_name\" content=\"La Sentinelle\" \/>\n<meta property=\"article:publisher\" content=\"https:\/\/www.facebook.com\/La-Sentinelle-104059864394773\" \/>\n<meta property=\"article:published_time\" content=\"2024-12-04T09:35:23+00:00\" \/>\n<meta property=\"article:modified_time\" content=\"2024-12-04T09:35:24+00:00\" \/>\n<meta property=\"og:image\" content=\"https:\/\/lasentinelle.dz\/wp-content\/uploads\/2024\/12\/piece.jpeg\" \/>\n\t<meta property=\"og:image:width\" content=\"960\" \/>\n\t<meta property=\"og:image:height\" content=\"639\" \/>\n\t<meta property=\"og:image:type\" content=\"image\/jpeg\" \/>\n<meta name=\"author\" content=\"admin\" \/>\n<meta name=\"twitter:card\" content=\"summary_large_image\" \/>\n<meta name=\"twitter:label1\" content=\"\u00c9crit par\" \/>\n\t<meta name=\"twitter:data1\" content=\"admin\" \/>\n\t<meta name=\"twitter:label2\" content=\"Dur\u00e9e de lecture estim\u00e9e\" \/>\n\t<meta name=\"twitter:data2\" content=\"3 minutes\" \/>\n<script type=\"application\/ld+json\" class=\"yoast-schema-graph\">{\"@context\":\"https:\\\/\\\/schema.org\",\"@graph\":[{\"@type\":\"Article\",\"@id\":\"https:\\\/\\\/lasentinelle.dz\\\/index.php\\\/2024\\\/12\\\/04\\\/echchebka-presente-au-tna-un-cri-poignant-contre-lemigration-clandestine\\\/#article\",\"isPartOf\":{\"@id\":\"https:\\\/\\\/lasentinelle.dz\\\/index.php\\\/2024\\\/12\\\/04\\\/echchebka-presente-au-tna-un-cri-poignant-contre-lemigration-clandestine\\\/\"},\"author\":{\"name\":\"admin\",\"@id\":\"https:\\\/\\\/lasentinelle.dz\\\/#\\\/schema\\\/person\\\/729ee0024f24e0b8c5ec17232f8e8b41\"},\"headline\":\"\u00ab\u00a0Ech&rsquo;Chebka\u00a0\u00bb pr\u00e9sent\u00e9 au TNA : Un cri poignant contre l&rsquo;\u00e9migration clandestine\",\"datePublished\":\"2024-12-04T09:35:23+00:00\",\"dateModified\":\"2024-12-04T09:35:24+00:00\",\"mainEntityOfPage\":{\"@id\":\"https:\\\/\\\/lasentinelle.dz\\\/index.php\\\/2024\\\/12\\\/04\\\/echchebka-presente-au-tna-un-cri-poignant-contre-lemigration-clandestine\\\/\"},\"wordCount\":565,\"commentCount\":0,\"publisher\":{\"@id\":\"https:\\\/\\\/lasentinelle.dz\\\/#organization\"},\"image\":{\"@id\":\"https:\\\/\\\/lasentinelle.dz\\\/index.php\\\/2024\\\/12\\\/04\\\/echchebka-presente-au-tna-un-cri-poignant-contre-lemigration-clandestine\\\/#primaryimage\"},\"thumbnailUrl\":\"https:\\\/\\\/lasentinelle.dz\\\/wp-content\\\/uploads\\\/2024\\\/12\\\/piece.jpeg\",\"articleSection\":[\"Culture\"],\"inLanguage\":\"fr-FR\",\"potentialAction\":[{\"@type\":\"CommentAction\",\"name\":\"Comment\",\"target\":[\"https:\\\/\\\/lasentinelle.dz\\\/index.php\\\/2024\\\/12\\\/04\\\/echchebka-presente-au-tna-un-cri-poignant-contre-lemigration-clandestine\\\/#respond\"]}]},{\"@type\":\"WebPage\",\"@id\":\"https:\\\/\\\/lasentinelle.dz\\\/index.php\\\/2024\\\/12\\\/04\\\/echchebka-presente-au-tna-un-cri-poignant-contre-lemigration-clandestine\\\/\",\"url\":\"https:\\\/\\\/lasentinelle.dz\\\/index.php\\\/2024\\\/12\\\/04\\\/echchebka-presente-au-tna-un-cri-poignant-contre-lemigration-clandestine\\\/\",\"name\":\"\u00ab\u00a0Ech&rsquo;Chebka\u00a0\u00bb pr\u00e9sent\u00e9 au TNA : Un cri poignant contre l&rsquo;\u00e9migration clandestine - La Sentinelle\",\"isPartOf\":{\"@id\":\"https:\\\/\\\/lasentinelle.dz\\\/#website\"},\"primaryImageOfPage\":{\"@id\":\"https:\\\/\\\/lasentinelle.dz\\\/index.php\\\/2024\\\/12\\\/04\\\/echchebka-presente-au-tna-un-cri-poignant-contre-lemigration-clandestine\\\/#primaryimage\"},\"image\":{\"@id\":\"https:\\\/\\\/lasentinelle.dz\\\/index.php\\\/2024\\\/12\\\/04\\\/echchebka-presente-au-tna-un-cri-poignant-contre-lemigration-clandestine\\\/#primaryimage\"},\"thumbnailUrl\":\"https:\\\/\\\/lasentinelle.dz\\\/wp-content\\\/uploads\\\/2024\\\/12\\\/piece.jpeg\",\"datePublished\":\"2024-12-04T09:35:23+00:00\",\"dateModified\":\"2024-12-04T09:35:24+00:00\",\"breadcrumb\":{\"@id\":\"https:\\\/\\\/lasentinelle.dz\\\/index.php\\\/2024\\\/12\\\/04\\\/echchebka-presente-au-tna-un-cri-poignant-contre-lemigration-clandestine\\\/#breadcrumb\"},\"inLanguage\":\"fr-FR\",\"potentialAction\":[{\"@type\":\"ReadAction\",\"target\":[\"https:\\\/\\\/lasentinelle.dz\\\/index.php\\\/2024\\\/12\\\/04\\\/echchebka-presente-au-tna-un-cri-poignant-contre-lemigration-clandestine\\\/\"]}]},{\"@type\":\"ImageObject\",\"inLanguage\":\"fr-FR\",\"@id\":\"https:\\\/\\\/lasentinelle.dz\\\/index.php\\\/2024\\\/12\\\/04\\\/echchebka-presente-au-tna-un-cri-poignant-contre-lemigration-clandestine\\\/#primaryimage\",\"url\":\"https:\\\/\\\/lasentinelle.dz\\\/wp-content\\\/uploads\\\/2024\\\/12\\\/piece.jpeg\",\"contentUrl\":\"https:\\\/\\\/lasentinelle.dz\\\/wp-content\\\/uploads\\\/2024\\\/12\\\/piece.jpeg\",\"width\":960,\"height\":639},{\"@type\":\"BreadcrumbList\",\"@id\":\"https:\\\/\\\/lasentinelle.dz\\\/index.php\\\/2024\\\/12\\\/04\\\/echchebka-presente-au-tna-un-cri-poignant-contre-lemigration-clandestine\\\/#breadcrumb\",\"itemListElement\":[{\"@type\":\"ListItem\",\"position\":1,\"name\":\"Accueil\",\"item\":\"https:\\\/\\\/lasentinelle.dz\\\/\"},{\"@type\":\"ListItem\",\"position\":2,\"name\":\"\u00ab\u00a0Ech&rsquo;Chebka\u00a0\u00bb pr\u00e9sent\u00e9 au TNA : Un cri poignant contre l&rsquo;\u00e9migration clandestine\"}]},{\"@type\":\"WebSite\",\"@id\":\"https:\\\/\\\/lasentinelle.dz\\\/#website\",\"url\":\"https:\\\/\\\/lasentinelle.dz\\\/\",\"name\":\"La Sentinelle\",\"description\":\"Quotidien national d&#039;information\",\"publisher\":{\"@id\":\"https:\\\/\\\/lasentinelle.dz\\\/#organization\"},\"potentialAction\":[{\"@type\":\"SearchAction\",\"target\":{\"@type\":\"EntryPoint\",\"urlTemplate\":\"https:\\\/\\\/lasentinelle.dz\\\/?s={search_term_string}\"},\"query-input\":{\"@type\":\"PropertyValueSpecification\",\"valueRequired\":true,\"valueName\":\"search_term_string\"}}],\"inLanguage\":\"fr-FR\"},{\"@type\":\"Organization\",\"@id\":\"https:\\\/\\\/lasentinelle.dz\\\/#organization\",\"name\":\"Quotidien La Sentinelle\",\"url\":\"https:\\\/\\\/lasentinelle.dz\\\/\",\"logo\":{\"@type\":\"ImageObject\",\"inLanguage\":\"fr-FR\",\"@id\":\"https:\\\/\\\/lasentinelle.dz\\\/#\\\/schema\\\/logo\\\/image\\\/\",\"url\":\"https:\\\/\\\/lasentinelle.dz\\\/wp-content\\\/uploads\\\/2021\\\/09\\\/logo-sentinelleSLOGAN-1.png\",\"contentUrl\":\"https:\\\/\\\/lasentinelle.dz\\\/wp-content\\\/uploads\\\/2021\\\/09\\\/logo-sentinelleSLOGAN-1.png\",\"width\":615,\"height\":142,\"caption\":\"Quotidien La Sentinelle\"},\"image\":{\"@id\":\"https:\\\/\\\/lasentinelle.dz\\\/#\\\/schema\\\/logo\\\/image\\\/\"},\"sameAs\":[\"https:\\\/\\\/www.facebook.com\\\/La-Sentinelle-104059864394773\"]},{\"@type\":\"Person\",\"@id\":\"https:\\\/\\\/lasentinelle.dz\\\/#\\\/schema\\\/person\\\/729ee0024f24e0b8c5ec17232f8e8b41\",\"name\":\"admin\",\"image\":{\"@type\":\"ImageObject\",\"inLanguage\":\"fr-FR\",\"@id\":\"https:\\\/\\\/secure.gravatar.com\\\/avatar\\\/4c81fed838786e9b53f540bf46533e750f5d292099ae3b66cfc6fb1982e29df7?s=96&d=mm&r=g\",\"url\":\"https:\\\/\\\/secure.gravatar.com\\\/avatar\\\/4c81fed838786e9b53f540bf46533e750f5d292099ae3b66cfc6fb1982e29df7?s=96&d=mm&r=g\",\"contentUrl\":\"https:\\\/\\\/secure.gravatar.com\\\/avatar\\\/4c81fed838786e9b53f540bf46533e750f5d292099ae3b66cfc6fb1982e29df7?s=96&d=mm&r=g\",\"caption\":\"admin\"},\"description\":\"admin\",\"url\":\"https:\\\/\\\/lasentinelle.dz\\\/author\\\/admin\\\/\"}]}<\/script>\n<!-- \/ Yoast SEO plugin. -->","yoast_head_json":{"title":"\u00ab\u00a0Ech&rsquo;Chebka\u00a0\u00bb pr\u00e9sent\u00e9 au TNA : Un cri poignant contre l&rsquo;\u00e9migration clandestine - La Sentinelle","robots":{"index":"index","follow":"follow","max-snippet":"max-snippet:-1","max-image-preview":"max-image-preview:large","max-video-preview":"max-video-preview:-1"},"canonical":"https:\/\/lasentinelle.dz\/index.php\/2024\/12\/04\/echchebka-presente-au-tna-un-cri-poignant-contre-lemigration-clandestine\/","og_locale":"fr_FR","og_type":"article","og_title":"\u00ab\u00a0Ech&rsquo;Chebka\u00a0\u00bb pr\u00e9sent\u00e9 au TNA : Un cri poignant contre l&rsquo;\u00e9migration clandestine - La Sentinelle","og_description":"Au c\u0153ur du Th\u00e9\u00e2tre national Mahieddine-Bachtarzi, un spectacle r\u00e9sonne avec une force singuli\u00e8re : \u00ab\u00a0Ech&rsquo;Chebka\u00a0\u00bb, une cr\u00e9ation th\u00e9\u00e2trale qui transcende","og_url":"https:\/\/lasentinelle.dz\/index.php\/2024\/12\/04\/echchebka-presente-au-tna-un-cri-poignant-contre-lemigration-clandestine\/","og_site_name":"La Sentinelle","article_publisher":"https:\/\/www.facebook.com\/La-Sentinelle-104059864394773","article_published_time":"2024-12-04T09:35:23+00:00","article_modified_time":"2024-12-04T09:35:24+00:00","og_image":[{"width":960,"height":639,"url":"https:\/\/lasentinelle.dz\/wp-content\/uploads\/2024\/12\/piece.jpeg","type":"image\/jpeg"}],"author":"admin","twitter_card":"summary_large_image","twitter_misc":{"\u00c9crit par":"admin","Dur\u00e9e de lecture estim\u00e9e":"3 minutes"},"schema":{"@context":"https:\/\/schema.org","@graph":[{"@type":"Article","@id":"https:\/\/lasentinelle.dz\/index.php\/2024\/12\/04\/echchebka-presente-au-tna-un-cri-poignant-contre-lemigration-clandestine\/#article","isPartOf":{"@id":"https:\/\/lasentinelle.dz\/index.php\/2024\/12\/04\/echchebka-presente-au-tna-un-cri-poignant-contre-lemigration-clandestine\/"},"author":{"name":"admin","@id":"https:\/\/lasentinelle.dz\/#\/schema\/person\/729ee0024f24e0b8c5ec17232f8e8b41"},"headline":"\u00ab\u00a0Ech&rsquo;Chebka\u00a0\u00bb pr\u00e9sent\u00e9 au TNA : Un cri poignant contre l&rsquo;\u00e9migration clandestine","datePublished":"2024-12-04T09:35:23+00:00","dateModified":"2024-12-04T09:35:24+00:00","mainEntityOfPage":{"@id":"https:\/\/lasentinelle.dz\/index.php\/2024\/12\/04\/echchebka-presente-au-tna-un-cri-poignant-contre-lemigration-clandestine\/"},"wordCount":565,"commentCount":0,"publisher":{"@id":"https:\/\/lasentinelle.dz\/#organization"},"image":{"@id":"https:\/\/lasentinelle.dz\/index.php\/2024\/12\/04\/echchebka-presente-au-tna-un-cri-poignant-contre-lemigration-clandestine\/#primaryimage"},"thumbnailUrl":"https:\/\/lasentinelle.dz\/wp-content\/uploads\/2024\/12\/piece.jpeg","articleSection":["Culture"],"inLanguage":"fr-FR","potentialAction":[{"@type":"CommentAction","name":"Comment","target":["https:\/\/lasentinelle.dz\/index.php\/2024\/12\/04\/echchebka-presente-au-tna-un-cri-poignant-contre-lemigration-clandestine\/#respond"]}]},{"@type":"WebPage","@id":"https:\/\/lasentinelle.dz\/index.php\/2024\/12\/04\/echchebka-presente-au-tna-un-cri-poignant-contre-lemigration-clandestine\/","url":"https:\/\/lasentinelle.dz\/index.php\/2024\/12\/04\/echchebka-presente-au-tna-un-cri-poignant-contre-lemigration-clandestine\/","name":"\u00ab\u00a0Ech&rsquo;Chebka\u00a0\u00bb pr\u00e9sent\u00e9 au TNA : Un cri poignant contre l&rsquo;\u00e9migration clandestine - La Sentinelle","isPartOf":{"@id":"https:\/\/lasentinelle.dz\/#website"},"primaryImageOfPage":{"@id":"https:\/\/lasentinelle.dz\/index.php\/2024\/12\/04\/echchebka-presente-au-tna-un-cri-poignant-contre-lemigration-clandestine\/#primaryimage"},"image":{"@id":"https:\/\/lasentinelle.dz\/index.php\/2024\/12\/04\/echchebka-presente-au-tna-un-cri-poignant-contre-lemigration-clandestine\/#primaryimage"},"thumbnailUrl":"https:\/\/lasentinelle.dz\/wp-content\/uploads\/2024\/12\/piece.jpeg","datePublished":"2024-12-04T09:35:23+00:00","dateModified":"2024-12-04T09:35:24+00:00","breadcrumb":{"@id":"https:\/\/lasentinelle.dz\/index.php\/2024\/12\/04\/echchebka-presente-au-tna-un-cri-poignant-contre-lemigration-clandestine\/#breadcrumb"},"inLanguage":"fr-FR","potentialAction":[{"@type":"ReadAction","target":["https:\/\/lasentinelle.dz\/index.php\/2024\/12\/04\/echchebka-presente-au-tna-un-cri-poignant-contre-lemigration-clandestine\/"]}]},{"@type":"ImageObject","inLanguage":"fr-FR","@id":"https:\/\/lasentinelle.dz\/index.php\/2024\/12\/04\/echchebka-presente-au-tna-un-cri-poignant-contre-lemigration-clandestine\/#primaryimage","url":"https:\/\/lasentinelle.dz\/wp-content\/uploads\/2024\/12\/piece.jpeg","contentUrl":"https:\/\/lasentinelle.dz\/wp-content\/uploads\/2024\/12\/piece.jpeg","width":960,"height":639},{"@type":"BreadcrumbList","@id":"https:\/\/lasentinelle.dz\/index.php\/2024\/12\/04\/echchebka-presente-au-tna-un-cri-poignant-contre-lemigration-clandestine\/#breadcrumb","itemListElement":[{"@type":"ListItem","position":1,"name":"Accueil","item":"https:\/\/lasentinelle.dz\/"},{"@type":"ListItem","position":2,"name":"\u00ab\u00a0Ech&rsquo;Chebka\u00a0\u00bb pr\u00e9sent\u00e9 au TNA : Un cri poignant contre l&rsquo;\u00e9migration clandestine"}]},{"@type":"WebSite","@id":"https:\/\/lasentinelle.dz\/#website","url":"https:\/\/lasentinelle.dz\/","name":"La Sentinelle","description":"Quotidien national d&#039;information","publisher":{"@id":"https:\/\/lasentinelle.dz\/#organization"},"potentialAction":[{"@type":"SearchAction","target":{"@type":"EntryPoint","urlTemplate":"https:\/\/lasentinelle.dz\/?s={search_term_string}"},"query-input":{"@type":"PropertyValueSpecification","valueRequired":true,"valueName":"search_term_string"}}],"inLanguage":"fr-FR"},{"@type":"Organization","@id":"https:\/\/lasentinelle.dz\/#organization","name":"Quotidien La Sentinelle","url":"https:\/\/lasentinelle.dz\/","logo":{"@type":"ImageObject","inLanguage":"fr-FR","@id":"https:\/\/lasentinelle.dz\/#\/schema\/logo\/image\/","url":"https:\/\/lasentinelle.dz\/wp-content\/uploads\/2021\/09\/logo-sentinelleSLOGAN-1.png","contentUrl":"https:\/\/lasentinelle.dz\/wp-content\/uploads\/2021\/09\/logo-sentinelleSLOGAN-1.png","width":615,"height":142,"caption":"Quotidien La Sentinelle"},"image":{"@id":"https:\/\/lasentinelle.dz\/#\/schema\/logo\/image\/"},"sameAs":["https:\/\/www.facebook.com\/La-Sentinelle-104059864394773"]},{"@type":"Person","@id":"https:\/\/lasentinelle.dz\/#\/schema\/person\/729ee0024f24e0b8c5ec17232f8e8b41","name":"admin","image":{"@type":"ImageObject","inLanguage":"fr-FR","@id":"https:\/\/secure.gravatar.com\/avatar\/4c81fed838786e9b53f540bf46533e750f5d292099ae3b66cfc6fb1982e29df7?s=96&d=mm&r=g","url":"https:\/\/secure.gravatar.com\/avatar\/4c81fed838786e9b53f540bf46533e750f5d292099ae3b66cfc6fb1982e29df7?s=96&d=mm&r=g","contentUrl":"https:\/\/secure.gravatar.com\/avatar\/4c81fed838786e9b53f540bf46533e750f5d292099ae3b66cfc6fb1982e29df7?s=96&d=mm&r=g","caption":"admin"},"description":"admin","url":"https:\/\/lasentinelle.dz\/author\/admin\/"}]}},"_links":{"self":[{"href":"https:\/\/lasentinelle.dz\/index.php\/wp-json\/wp\/v2\/posts\/60136","targetHints":{"allow":["GET"]}}],"collection":[{"href":"https:\/\/lasentinelle.dz\/index.php\/wp-json\/wp\/v2\/posts"}],"about":[{"href":"https:\/\/lasentinelle.dz\/index.php\/wp-json\/wp\/v2\/types\/post"}],"author":[{"embeddable":true,"href":"https:\/\/lasentinelle.dz\/index.php\/wp-json\/wp\/v2\/users\/6"}],"replies":[{"embeddable":true,"href":"https:\/\/lasentinelle.dz\/index.php\/wp-json\/wp\/v2\/comments?post=60136"}],"version-history":[{"count":2,"href":"https:\/\/lasentinelle.dz\/index.php\/wp-json\/wp\/v2\/posts\/60136\/revisions"}],"predecessor-version":[{"id":60139,"href":"https:\/\/lasentinelle.dz\/index.php\/wp-json\/wp\/v2\/posts\/60136\/revisions\/60139"}],"wp:featuredmedia":[{"embeddable":true,"href":"https:\/\/lasentinelle.dz\/index.php\/wp-json\/wp\/v2\/media\/60137"}],"wp:attachment":[{"href":"https:\/\/lasentinelle.dz\/index.php\/wp-json\/wp\/v2\/media?parent=60136"}],"wp:term":[{"taxonomy":"category","embeddable":true,"href":"https:\/\/lasentinelle.dz\/index.php\/wp-json\/wp\/v2\/categories?post=60136"},{"taxonomy":"post_tag","embeddable":true,"href":"https:\/\/lasentinelle.dz\/index.php\/wp-json\/wp\/v2\/tags?post=60136"}],"curies":[{"name":"wp","href":"https:\/\/api.w.org\/{rel}","templated":true}]}}