{"id":60156,"date":"2024-12-04T10:47:37","date_gmt":"2024-12-04T09:47:37","guid":{"rendered":"https:\/\/lasentinelle.dz\/?p=60156"},"modified":"2024-12-04T10:47:37","modified_gmt":"2024-12-04T09:47:37","slug":"prise-en-charge-des-refugies-le-hcr-salue-le-role-modele-de-lalgerie","status":"publish","type":"post","link":"https:\/\/lasentinelle.dz\/index.php\/2024\/12\/04\/prise-en-charge-des-refugies-le-hcr-salue-le-role-modele-de-lalgerie\/","title":{"rendered":"Prise en charge des r\u00e9fugi\u00e9s : Le HCR salue le r\u00f4le \u00ab\u00a0mod\u00e8le\u00a0\u00bb de l\u2019Alg\u00e9rie"},"content":{"rendered":"\n<p>L&rsquo;Alg\u00e9rie, pays frontalier de plusieurs zones de tensions, assume depuis de nombreuses ann\u00e9es un r\u00f4le crucial dans l&rsquo;accueil et la protection des populations d\u00e9plac\u00e9es, particuli\u00e8rement les r\u00e9fugi\u00e9s sahraouis et les populations issues des pays du Sahel.<\/p>\n\n\n\n<p>Dans le contexte des d\u00e9fis humanitaires globaux actuels, l&rsquo;Alg\u00e9rie se distingue par son engagement remarquable envers l&rsquo;accueil et la protection des r\u00e9fugi\u00e9s, une approche qui vient r\u00e9cemment d&rsquo;\u00eatre salu\u00e9e par le Haut-Commissariat des Nations Unies pour les R\u00e9fugi\u00e9s (HCR). Une d\u00e9l\u00e9gation de l\u2019agence onusienne conduite par Raouf Mazou, Haut-Commissaire assistant charg\u00e9 des op\u00e9rations, a effectu\u00e9 depuis le d\u00e9but de la semaine une visite officielle en Alg\u00e9rie, permettant d&rsquo;\u00e9valuer et de reconna\u00eetre les efforts consid\u00e9rables du pays dans la prise en charge humanitaire. Cette visite s&rsquo;inscrit dans un contexte g\u00e9opolitique complexe, marqu\u00e9 par des mouvements migratoires importants et des crises humanitaires multiples, notamment dans la r\u00e9gion sah\u00e9lo-saharienne. L&rsquo;Alg\u00e9rie, pays frontalier de plusieurs zones de tensions, assume depuis de nombreuses ann\u00e9es un r\u00f4le crucial dans l&rsquo;accueil et la protection des populations d\u00e9plac\u00e9es, particuli\u00e8rement les r\u00e9fugi\u00e9s sahraouis et les populations issues des pays du Sahel. Les diff\u00e9rentes rencontres officielles organis\u00e9es durant cette visite ont mis en lumi\u00e8re l&rsquo;engagement profond de l&rsquo;Alg\u00e9rie. Ainsi, lors de son audience avec Larbi Marzouk, Secr\u00e9taire g\u00e9n\u00e9ral du minist\u00e8re de l&rsquo;Int\u00e9rieur, des Collectivit\u00e9s locales et de l&rsquo;Am\u00e9nagement du territoire, Raouf Mazou a explicitement soulign\u00e9 \u00ab\u00a0la coordination constante entre les autorit\u00e9s alg\u00e9riennes et le HCR et d&rsquo;autres instances internationales activant dans ce domaine\u00a0\u00bb. Le responsable onusien a particuli\u00e8rement appr\u00e9ci\u00e9 \u00ab\u00a0la bonne gestion de la question migratoire suivant une approche alliant s\u00e9curit\u00e9 et d\u00e9veloppement et en coordination avec l&rsquo;Organisation internationale pour les migrations (OIM)\u00a0\u00bb. Cette reconnaissance officielle souligne la strat\u00e9gie nuanc\u00e9e et humaniste adopt\u00e9e par l&rsquo;Alg\u00e9rie dans le traitement des enjeux migratoires. Lors de la rencontre avec Lounes Magramane, Secr\u00e9taire g\u00e9n\u00e9ral du minist\u00e8re des Affaires \u00e9trang\u00e8res, de la Communaut\u00e9 nationale \u00e0 l&rsquo;\u00e9tranger et des Affaires africaines, les discussions ont port\u00e9 sur le renforcement de la coordination bilat\u00e9rale pour une meilleure prise en charge des r\u00e9fugi\u00e9s. Le programme de la visite pr\u00e9voyait \u00e9galement une visite des camps de r\u00e9fugi\u00e9s sahraouis pr\u00e8s de Tindouf, avec des rencontres programm\u00e9es avec des responsables sahraouis et des repr\u00e9sentants de la soci\u00e9t\u00e9 civile. La d\u00e9l\u00e9gation onusienne a \u00e9galement \u00e9t\u00e9 re\u00e7ue par Abdelhak Saihi, ministre de la Sant\u00e9, qui a mis en exergue l&rsquo;engagement de l&rsquo;Alg\u00e9rie dans la prise en charge m\u00e9dicale des r\u00e9fugi\u00e9s. Le ministre a pr\u00e9sent\u00e9 un bilan d\u00e9taill\u00e9 des efforts entrepris depuis pr\u00e8s de cinquante ans, soulignant les services fournis sur les plans logistique et humanitaire pour garantir un accompagnement m\u00e9dical aux r\u00e9fugi\u00e9s sahraouis et africains.<\/p>\n\n\n\n<p>Des centres de traitement et de vaccination pour le Sahel<\/p>\n\n\n\n<p>Plus pr\u00e9cis\u00e9ment, M. Saihi a propos\u00e9 des initiatives innovantes, notamment la cr\u00e9ation de centres de traitement et de vaccination dans les pays du Sahel confront\u00e9s \u00e0 des d\u00e9ficits m\u00e9dicaux. L&rsquo;objectif est de permettre une prise en charge sanitaire dans les pays d&rsquo;origine, en fournissant les vaccins n\u00e9cessaires pour limiter les risques de maladies infectieuses et r\u00e9duire les possibilit\u00e9s de transmission transfrontali\u00e8re. Le repr\u00e9sentant du HCR a \u00e9t\u00e9 particuli\u00e8rement impressionn\u00e9 par cette approche globale. Il a salu\u00e9 \u00ab\u00a0tous les efforts d\u00e9ploy\u00e9s par l&rsquo;Alg\u00e9rie dans le cadre de la prise en charge des r\u00e9fugi\u00e9s, notamment sur le plan m\u00e9dical\u00a0\u00bb, qualifiant m\u00eame le pays de \u00ab\u00a0mod\u00e8le en la mati\u00e8re\u00a0\u00bb. Cette reconnaissance s&rsquo;appuie sur des rapports onusiens qui ont syst\u00e9matiquement mis en avant les efforts alg\u00e9riens dans le traitement humanitaire des populations d\u00e9plac\u00e9es. Larbi Marzouk a de son c\u00f4t\u00e9 soulign\u00e9 \u00ab\u00a0l&rsquo;int\u00e9r\u00eat majeur accord\u00e9 par les autorit\u00e9s alg\u00e9riennes \u00e0 la prise en charge humanitaire des r\u00e9fugi\u00e9s\u00a0\u00bb, rappelant notamment \u00ab\u00a0le soutien inconditionnel apport\u00e9 aux r\u00e9fugi\u00e9s sahraouis, notamment en mati\u00e8re d&rsquo;h\u00e9bergement, de prise en charge sanitaire et d&rsquo;enseignement\u00a0\u00bb. La visite de Raouf Mazou symbolise donc la reconnaissance internationale des efforts alg\u00e9riens en mati\u00e8re de politique migratoire et d&rsquo;accueil des r\u00e9fugi\u00e9s. Elle confirme la position de l&rsquo;Alg\u00e9rie comme acteur humanitaire majeur, capable de concilier imp\u00e9ratifs s\u00e9curitaires et consid\u00e9rations humanitaires avec une approche \u00e9quilibr\u00e9e et respectueuse des droits humains. Cette diplomatie humanitaire se caract\u00e9rise par une vision globale qui d\u00e9passe les simples aspects logistiques pour int\u00e9grer des dimensions sanitaires, \u00e9ducatives et sociales, faisant de l&rsquo;Alg\u00e9rie un mod\u00e8le d&rsquo;engagement dans la protection et l&rsquo;accompagnement des populations vuln\u00e9rables.<\/p>\n\n\n\n<p>Salim Amokrane<\/p>\n","protected":false},"excerpt":{"rendered":"<p>L&rsquo;Alg\u00e9rie, pays frontalier de plusieurs zones de tensions, assume depuis de nombreuses ann\u00e9es un r\u00f4le crucial dans l&rsquo;accueil et la<\/p>\n","protected":false},"author":6,"featured_media":60157,"comment_status":"open","ping_status":"closed","sticky":false,"template":"","format":"standard","meta":{"colormag_page_container_layout":"default_layout","colormag_page_sidebar_layout":"default_layout","om_disable_all_campaigns":false,"_monsterinsights_skip_tracking":false,"_monsterinsights_sitenote_active":false,"_monsterinsights_sitenote_note":"","_monsterinsights_sitenote_category":0,"footnotes":"","_wpscppro_dont_share_socialmedia":false,"_wpscppro_custom_social_share_image":0,"_facebook_share_type":"default","_twitter_share_type":"default","_linkedin_share_type":"default","_pinterest_share_type":"default","_linkedin_share_type_page":"","_instagram_share_type":"default","_medium_share_type":"default","_threads_share_type":"","_google_business_share_type":"","_selected_social_profile":[],"_wpsp_enable_custom_social_template":false,"_wpsp_social_scheduling":{"enabled":false,"datetime":null,"platforms":[],"status":"template_only","dateOption":"today","timeOption":"now","customDays":"","customHours":"","customDate":"","customTime":"","schedulingType":"absolute"},"_wpsp_active_default_template":true},"categories":[52,27],"tags":[],"class_list":["post-60156","post","type-post","status-publish","format-standard","has-post-thumbnail","hentry","category-a-la-une","category-actualite"],"aioseo_notices":[],"yoast_head":"<!-- This site is optimized with the Yoast SEO plugin v27.5 - https:\/\/yoast.com\/product\/yoast-seo-wordpress\/ -->\n<title>Prise en charge des r\u00e9fugi\u00e9s : Le HCR salue le r\u00f4le \u00ab\u00a0mod\u00e8le\u00a0\u00bb de l\u2019Alg\u00e9rie - La Sentinelle<\/title>\n<meta name=\"robots\" content=\"index, follow, max-snippet:-1, max-image-preview:large, max-video-preview:-1\" \/>\n<link rel=\"canonical\" href=\"https:\/\/lasentinelle.dz\/index.php\/2024\/12\/04\/prise-en-charge-des-refugies-le-hcr-salue-le-role-modele-de-lalgerie\/\" \/>\n<meta property=\"og:locale\" content=\"fr_FR\" \/>\n<meta property=\"og:type\" content=\"article\" \/>\n<meta property=\"og:title\" content=\"Prise en charge des r\u00e9fugi\u00e9s : Le HCR salue le r\u00f4le \u00ab\u00a0mod\u00e8le\u00a0\u00bb de l\u2019Alg\u00e9rie - La Sentinelle\" \/>\n<meta property=\"og:description\" content=\"L&rsquo;Alg\u00e9rie, pays frontalier de plusieurs zones de tensions, assume depuis de nombreuses ann\u00e9es un r\u00f4le crucial dans l&rsquo;accueil et la\" \/>\n<meta property=\"og:url\" content=\"https:\/\/lasentinelle.dz\/index.php\/2024\/12\/04\/prise-en-charge-des-refugies-le-hcr-salue-le-role-modele-de-lalgerie\/\" \/>\n<meta property=\"og:site_name\" content=\"La Sentinelle\" \/>\n<meta property=\"article:publisher\" content=\"https:\/\/www.facebook.com\/La-Sentinelle-104059864394773\" \/>\n<meta property=\"article:published_time\" content=\"2024-12-04T09:47:37+00:00\" \/>\n<meta property=\"og:image\" content=\"https:\/\/lasentinelle.dz\/wp-content\/uploads\/2024\/12\/HCR.jpeg\" \/>\n\t<meta property=\"og:image:width\" content=\"900\" \/>\n\t<meta property=\"og:image:height\" content=\"675\" \/>\n\t<meta property=\"og:image:type\" content=\"image\/jpeg\" \/>\n<meta name=\"author\" content=\"admin\" \/>\n<meta name=\"twitter:card\" content=\"summary_large_image\" \/>\n<meta name=\"twitter:label1\" content=\"\u00c9crit par\" \/>\n\t<meta name=\"twitter:data1\" content=\"admin\" \/>\n\t<meta name=\"twitter:label2\" content=\"Dur\u00e9e de lecture estim\u00e9e\" \/>\n\t<meta name=\"twitter:data2\" content=\"4 minutes\" \/>\n<script type=\"application\/ld+json\" class=\"yoast-schema-graph\">{\"@context\":\"https:\\\/\\\/schema.org\",\"@graph\":[{\"@type\":\"Article\",\"@id\":\"https:\\\/\\\/lasentinelle.dz\\\/index.php\\\/2024\\\/12\\\/04\\\/prise-en-charge-des-refugies-le-hcr-salue-le-role-modele-de-lalgerie\\\/#article\",\"isPartOf\":{\"@id\":\"https:\\\/\\\/lasentinelle.dz\\\/index.php\\\/2024\\\/12\\\/04\\\/prise-en-charge-des-refugies-le-hcr-salue-le-role-modele-de-lalgerie\\\/\"},\"author\":{\"name\":\"admin\",\"@id\":\"https:\\\/\\\/lasentinelle.dz\\\/#\\\/schema\\\/person\\\/729ee0024f24e0b8c5ec17232f8e8b41\"},\"headline\":\"Prise en charge des r\u00e9fugi\u00e9s : Le HCR salue le r\u00f4le \u00ab\u00a0mod\u00e8le\u00a0\u00bb de l\u2019Alg\u00e9rie\",\"datePublished\":\"2024-12-04T09:47:37+00:00\",\"mainEntityOfPage\":{\"@id\":\"https:\\\/\\\/lasentinelle.dz\\\/index.php\\\/2024\\\/12\\\/04\\\/prise-en-charge-des-refugies-le-hcr-salue-le-role-modele-de-lalgerie\\\/\"},\"wordCount\":878,\"commentCount\":0,\"publisher\":{\"@id\":\"https:\\\/\\\/lasentinelle.dz\\\/#organization\"},\"image\":{\"@id\":\"https:\\\/\\\/lasentinelle.dz\\\/index.php\\\/2024\\\/12\\\/04\\\/prise-en-charge-des-refugies-le-hcr-salue-le-role-modele-de-lalgerie\\\/#primaryimage\"},\"thumbnailUrl\":\"https:\\\/\\\/lasentinelle.dz\\\/wp-content\\\/uploads\\\/2024\\\/12\\\/HCR.jpeg\",\"articleSection\":[\"\u00c0 la Une\",\"Actualit\u00e9\"],\"inLanguage\":\"fr-FR\",\"potentialAction\":[{\"@type\":\"CommentAction\",\"name\":\"Comment\",\"target\":[\"https:\\\/\\\/lasentinelle.dz\\\/index.php\\\/2024\\\/12\\\/04\\\/prise-en-charge-des-refugies-le-hcr-salue-le-role-modele-de-lalgerie\\\/#respond\"]}]},{\"@type\":\"WebPage\",\"@id\":\"https:\\\/\\\/lasentinelle.dz\\\/index.php\\\/2024\\\/12\\\/04\\\/prise-en-charge-des-refugies-le-hcr-salue-le-role-modele-de-lalgerie\\\/\",\"url\":\"https:\\\/\\\/lasentinelle.dz\\\/index.php\\\/2024\\\/12\\\/04\\\/prise-en-charge-des-refugies-le-hcr-salue-le-role-modele-de-lalgerie\\\/\",\"name\":\"Prise en charge des r\u00e9fugi\u00e9s : Le HCR salue le r\u00f4le \u00ab\u00a0mod\u00e8le\u00a0\u00bb de l\u2019Alg\u00e9rie - La Sentinelle\",\"isPartOf\":{\"@id\":\"https:\\\/\\\/lasentinelle.dz\\\/#website\"},\"primaryImageOfPage\":{\"@id\":\"https:\\\/\\\/lasentinelle.dz\\\/index.php\\\/2024\\\/12\\\/04\\\/prise-en-charge-des-refugies-le-hcr-salue-le-role-modele-de-lalgerie\\\/#primaryimage\"},\"image\":{\"@id\":\"https:\\\/\\\/lasentinelle.dz\\\/index.php\\\/2024\\\/12\\\/04\\\/prise-en-charge-des-refugies-le-hcr-salue-le-role-modele-de-lalgerie\\\/#primaryimage\"},\"thumbnailUrl\":\"https:\\\/\\\/lasentinelle.dz\\\/wp-content\\\/uploads\\\/2024\\\/12\\\/HCR.jpeg\",\"datePublished\":\"2024-12-04T09:47:37+00:00\",\"breadcrumb\":{\"@id\":\"https:\\\/\\\/lasentinelle.dz\\\/index.php\\\/2024\\\/12\\\/04\\\/prise-en-charge-des-refugies-le-hcr-salue-le-role-modele-de-lalgerie\\\/#breadcrumb\"},\"inLanguage\":\"fr-FR\",\"potentialAction\":[{\"@type\":\"ReadAction\",\"target\":[\"https:\\\/\\\/lasentinelle.dz\\\/index.php\\\/2024\\\/12\\\/04\\\/prise-en-charge-des-refugies-le-hcr-salue-le-role-modele-de-lalgerie\\\/\"]}]},{\"@type\":\"ImageObject\",\"inLanguage\":\"fr-FR\",\"@id\":\"https:\\\/\\\/lasentinelle.dz\\\/index.php\\\/2024\\\/12\\\/04\\\/prise-en-charge-des-refugies-le-hcr-salue-le-role-modele-de-lalgerie\\\/#primaryimage\",\"url\":\"https:\\\/\\\/lasentinelle.dz\\\/wp-content\\\/uploads\\\/2024\\\/12\\\/HCR.jpeg\",\"contentUrl\":\"https:\\\/\\\/lasentinelle.dz\\\/wp-content\\\/uploads\\\/2024\\\/12\\\/HCR.jpeg\",\"width\":900,\"height\":675},{\"@type\":\"BreadcrumbList\",\"@id\":\"https:\\\/\\\/lasentinelle.dz\\\/index.php\\\/2024\\\/12\\\/04\\\/prise-en-charge-des-refugies-le-hcr-salue-le-role-modele-de-lalgerie\\\/#breadcrumb\",\"itemListElement\":[{\"@type\":\"ListItem\",\"position\":1,\"name\":\"Accueil\",\"item\":\"https:\\\/\\\/lasentinelle.dz\\\/\"},{\"@type\":\"ListItem\",\"position\":2,\"name\":\"Prise en charge des r\u00e9fugi\u00e9s : Le HCR salue le r\u00f4le \u00ab\u00a0mod\u00e8le\u00a0\u00bb de l\u2019Alg\u00e9rie\"}]},{\"@type\":\"WebSite\",\"@id\":\"https:\\\/\\\/lasentinelle.dz\\\/#website\",\"url\":\"https:\\\/\\\/lasentinelle.dz\\\/\",\"name\":\"La Sentinelle\",\"description\":\"Quotidien national d&#039;information\",\"publisher\":{\"@id\":\"https:\\\/\\\/lasentinelle.dz\\\/#organization\"},\"potentialAction\":[{\"@type\":\"SearchAction\",\"target\":{\"@type\":\"EntryPoint\",\"urlTemplate\":\"https:\\\/\\\/lasentinelle.dz\\\/?s={search_term_string}\"},\"query-input\":{\"@type\":\"PropertyValueSpecification\",\"valueRequired\":true,\"valueName\":\"search_term_string\"}}],\"inLanguage\":\"fr-FR\"},{\"@type\":\"Organization\",\"@id\":\"https:\\\/\\\/lasentinelle.dz\\\/#organization\",\"name\":\"Quotidien La Sentinelle\",\"url\":\"https:\\\/\\\/lasentinelle.dz\\\/\",\"logo\":{\"@type\":\"ImageObject\",\"inLanguage\":\"fr-FR\",\"@id\":\"https:\\\/\\\/lasentinelle.dz\\\/#\\\/schema\\\/logo\\\/image\\\/\",\"url\":\"https:\\\/\\\/lasentinelle.dz\\\/wp-content\\\/uploads\\\/2021\\\/09\\\/logo-sentinelleSLOGAN-1.png\",\"contentUrl\":\"https:\\\/\\\/lasentinelle.dz\\\/wp-content\\\/uploads\\\/2021\\\/09\\\/logo-sentinelleSLOGAN-1.png\",\"width\":615,\"height\":142,\"caption\":\"Quotidien La Sentinelle\"},\"image\":{\"@id\":\"https:\\\/\\\/lasentinelle.dz\\\/#\\\/schema\\\/logo\\\/image\\\/\"},\"sameAs\":[\"https:\\\/\\\/www.facebook.com\\\/La-Sentinelle-104059864394773\"]},{\"@type\":\"Person\",\"@id\":\"https:\\\/\\\/lasentinelle.dz\\\/#\\\/schema\\\/person\\\/729ee0024f24e0b8c5ec17232f8e8b41\",\"name\":\"admin\",\"image\":{\"@type\":\"ImageObject\",\"inLanguage\":\"fr-FR\",\"@id\":\"https:\\\/\\\/secure.gravatar.com\\\/avatar\\\/4c81fed838786e9b53f540bf46533e750f5d292099ae3b66cfc6fb1982e29df7?s=96&d=mm&r=g\",\"url\":\"https:\\\/\\\/secure.gravatar.com\\\/avatar\\\/4c81fed838786e9b53f540bf46533e750f5d292099ae3b66cfc6fb1982e29df7?s=96&d=mm&r=g\",\"contentUrl\":\"https:\\\/\\\/secure.gravatar.com\\\/avatar\\\/4c81fed838786e9b53f540bf46533e750f5d292099ae3b66cfc6fb1982e29df7?s=96&d=mm&r=g\",\"caption\":\"admin\"},\"description\":\"admin\",\"url\":\"https:\\\/\\\/lasentinelle.dz\\\/author\\\/admin\\\/\"}]}<\/script>\n<!-- \/ Yoast SEO plugin. -->","yoast_head_json":{"title":"Prise en charge des r\u00e9fugi\u00e9s : Le HCR salue le r\u00f4le \u00ab\u00a0mod\u00e8le\u00a0\u00bb de l\u2019Alg\u00e9rie - La Sentinelle","robots":{"index":"index","follow":"follow","max-snippet":"max-snippet:-1","max-image-preview":"max-image-preview:large","max-video-preview":"max-video-preview:-1"},"canonical":"https:\/\/lasentinelle.dz\/index.php\/2024\/12\/04\/prise-en-charge-des-refugies-le-hcr-salue-le-role-modele-de-lalgerie\/","og_locale":"fr_FR","og_type":"article","og_title":"Prise en charge des r\u00e9fugi\u00e9s : Le HCR salue le r\u00f4le \u00ab\u00a0mod\u00e8le\u00a0\u00bb de l\u2019Alg\u00e9rie - La Sentinelle","og_description":"L&rsquo;Alg\u00e9rie, pays frontalier de plusieurs zones de tensions, assume depuis de nombreuses ann\u00e9es un r\u00f4le crucial dans l&rsquo;accueil et la","og_url":"https:\/\/lasentinelle.dz\/index.php\/2024\/12\/04\/prise-en-charge-des-refugies-le-hcr-salue-le-role-modele-de-lalgerie\/","og_site_name":"La Sentinelle","article_publisher":"https:\/\/www.facebook.com\/La-Sentinelle-104059864394773","article_published_time":"2024-12-04T09:47:37+00:00","og_image":[{"width":900,"height":675,"url":"https:\/\/lasentinelle.dz\/wp-content\/uploads\/2024\/12\/HCR.jpeg","type":"image\/jpeg"}],"author":"admin","twitter_card":"summary_large_image","twitter_misc":{"\u00c9crit par":"admin","Dur\u00e9e de lecture estim\u00e9e":"4 minutes"},"schema":{"@context":"https:\/\/schema.org","@graph":[{"@type":"Article","@id":"https:\/\/lasentinelle.dz\/index.php\/2024\/12\/04\/prise-en-charge-des-refugies-le-hcr-salue-le-role-modele-de-lalgerie\/#article","isPartOf":{"@id":"https:\/\/lasentinelle.dz\/index.php\/2024\/12\/04\/prise-en-charge-des-refugies-le-hcr-salue-le-role-modele-de-lalgerie\/"},"author":{"name":"admin","@id":"https:\/\/lasentinelle.dz\/#\/schema\/person\/729ee0024f24e0b8c5ec17232f8e8b41"},"headline":"Prise en charge des r\u00e9fugi\u00e9s : Le HCR salue le r\u00f4le \u00ab\u00a0mod\u00e8le\u00a0\u00bb de l\u2019Alg\u00e9rie","datePublished":"2024-12-04T09:47:37+00:00","mainEntityOfPage":{"@id":"https:\/\/lasentinelle.dz\/index.php\/2024\/12\/04\/prise-en-charge-des-refugies-le-hcr-salue-le-role-modele-de-lalgerie\/"},"wordCount":878,"commentCount":0,"publisher":{"@id":"https:\/\/lasentinelle.dz\/#organization"},"image":{"@id":"https:\/\/lasentinelle.dz\/index.php\/2024\/12\/04\/prise-en-charge-des-refugies-le-hcr-salue-le-role-modele-de-lalgerie\/#primaryimage"},"thumbnailUrl":"https:\/\/lasentinelle.dz\/wp-content\/uploads\/2024\/12\/HCR.jpeg","articleSection":["\u00c0 la Une","Actualit\u00e9"],"inLanguage":"fr-FR","potentialAction":[{"@type":"CommentAction","name":"Comment","target":["https:\/\/lasentinelle.dz\/index.php\/2024\/12\/04\/prise-en-charge-des-refugies-le-hcr-salue-le-role-modele-de-lalgerie\/#respond"]}]},{"@type":"WebPage","@id":"https:\/\/lasentinelle.dz\/index.php\/2024\/12\/04\/prise-en-charge-des-refugies-le-hcr-salue-le-role-modele-de-lalgerie\/","url":"https:\/\/lasentinelle.dz\/index.php\/2024\/12\/04\/prise-en-charge-des-refugies-le-hcr-salue-le-role-modele-de-lalgerie\/","name":"Prise en charge des r\u00e9fugi\u00e9s : Le HCR salue le r\u00f4le \u00ab\u00a0mod\u00e8le\u00a0\u00bb de l\u2019Alg\u00e9rie - La Sentinelle","isPartOf":{"@id":"https:\/\/lasentinelle.dz\/#website"},"primaryImageOfPage":{"@id":"https:\/\/lasentinelle.dz\/index.php\/2024\/12\/04\/prise-en-charge-des-refugies-le-hcr-salue-le-role-modele-de-lalgerie\/#primaryimage"},"image":{"@id":"https:\/\/lasentinelle.dz\/index.php\/2024\/12\/04\/prise-en-charge-des-refugies-le-hcr-salue-le-role-modele-de-lalgerie\/#primaryimage"},"thumbnailUrl":"https:\/\/lasentinelle.dz\/wp-content\/uploads\/2024\/12\/HCR.jpeg","datePublished":"2024-12-04T09:47:37+00:00","breadcrumb":{"@id":"https:\/\/lasentinelle.dz\/index.php\/2024\/12\/04\/prise-en-charge-des-refugies-le-hcr-salue-le-role-modele-de-lalgerie\/#breadcrumb"},"inLanguage":"fr-FR","potentialAction":[{"@type":"ReadAction","target":["https:\/\/lasentinelle.dz\/index.php\/2024\/12\/04\/prise-en-charge-des-refugies-le-hcr-salue-le-role-modele-de-lalgerie\/"]}]},{"@type":"ImageObject","inLanguage":"fr-FR","@id":"https:\/\/lasentinelle.dz\/index.php\/2024\/12\/04\/prise-en-charge-des-refugies-le-hcr-salue-le-role-modele-de-lalgerie\/#primaryimage","url":"https:\/\/lasentinelle.dz\/wp-content\/uploads\/2024\/12\/HCR.jpeg","contentUrl":"https:\/\/lasentinelle.dz\/wp-content\/uploads\/2024\/12\/HCR.jpeg","width":900,"height":675},{"@type":"BreadcrumbList","@id":"https:\/\/lasentinelle.dz\/index.php\/2024\/12\/04\/prise-en-charge-des-refugies-le-hcr-salue-le-role-modele-de-lalgerie\/#breadcrumb","itemListElement":[{"@type":"ListItem","position":1,"name":"Accueil","item":"https:\/\/lasentinelle.dz\/"},{"@type":"ListItem","position":2,"name":"Prise en charge des r\u00e9fugi\u00e9s : Le HCR salue le r\u00f4le \u00ab\u00a0mod\u00e8le\u00a0\u00bb de l\u2019Alg\u00e9rie"}]},{"@type":"WebSite","@id":"https:\/\/lasentinelle.dz\/#website","url":"https:\/\/lasentinelle.dz\/","name":"La Sentinelle","description":"Quotidien national d&#039;information","publisher":{"@id":"https:\/\/lasentinelle.dz\/#organization"},"potentialAction":[{"@type":"SearchAction","target":{"@type":"EntryPoint","urlTemplate":"https:\/\/lasentinelle.dz\/?s={search_term_string}"},"query-input":{"@type":"PropertyValueSpecification","valueRequired":true,"valueName":"search_term_string"}}],"inLanguage":"fr-FR"},{"@type":"Organization","@id":"https:\/\/lasentinelle.dz\/#organization","name":"Quotidien La Sentinelle","url":"https:\/\/lasentinelle.dz\/","logo":{"@type":"ImageObject","inLanguage":"fr-FR","@id":"https:\/\/lasentinelle.dz\/#\/schema\/logo\/image\/","url":"https:\/\/lasentinelle.dz\/wp-content\/uploads\/2021\/09\/logo-sentinelleSLOGAN-1.png","contentUrl":"https:\/\/lasentinelle.dz\/wp-content\/uploads\/2021\/09\/logo-sentinelleSLOGAN-1.png","width":615,"height":142,"caption":"Quotidien La Sentinelle"},"image":{"@id":"https:\/\/lasentinelle.dz\/#\/schema\/logo\/image\/"},"sameAs":["https:\/\/www.facebook.com\/La-Sentinelle-104059864394773"]},{"@type":"Person","@id":"https:\/\/lasentinelle.dz\/#\/schema\/person\/729ee0024f24e0b8c5ec17232f8e8b41","name":"admin","image":{"@type":"ImageObject","inLanguage":"fr-FR","@id":"https:\/\/secure.gravatar.com\/avatar\/4c81fed838786e9b53f540bf46533e750f5d292099ae3b66cfc6fb1982e29df7?s=96&d=mm&r=g","url":"https:\/\/secure.gravatar.com\/avatar\/4c81fed838786e9b53f540bf46533e750f5d292099ae3b66cfc6fb1982e29df7?s=96&d=mm&r=g","contentUrl":"https:\/\/secure.gravatar.com\/avatar\/4c81fed838786e9b53f540bf46533e750f5d292099ae3b66cfc6fb1982e29df7?s=96&d=mm&r=g","caption":"admin"},"description":"admin","url":"https:\/\/lasentinelle.dz\/author\/admin\/"}]}},"_links":{"self":[{"href":"https:\/\/lasentinelle.dz\/index.php\/wp-json\/wp\/v2\/posts\/60156","targetHints":{"allow":["GET"]}}],"collection":[{"href":"https:\/\/lasentinelle.dz\/index.php\/wp-json\/wp\/v2\/posts"}],"about":[{"href":"https:\/\/lasentinelle.dz\/index.php\/wp-json\/wp\/v2\/types\/post"}],"author":[{"embeddable":true,"href":"https:\/\/lasentinelle.dz\/index.php\/wp-json\/wp\/v2\/users\/6"}],"replies":[{"embeddable":true,"href":"https:\/\/lasentinelle.dz\/index.php\/wp-json\/wp\/v2\/comments?post=60156"}],"version-history":[{"count":1,"href":"https:\/\/lasentinelle.dz\/index.php\/wp-json\/wp\/v2\/posts\/60156\/revisions"}],"predecessor-version":[{"id":60158,"href":"https:\/\/lasentinelle.dz\/index.php\/wp-json\/wp\/v2\/posts\/60156\/revisions\/60158"}],"wp:featuredmedia":[{"embeddable":true,"href":"https:\/\/lasentinelle.dz\/index.php\/wp-json\/wp\/v2\/media\/60157"}],"wp:attachment":[{"href":"https:\/\/lasentinelle.dz\/index.php\/wp-json\/wp\/v2\/media?parent=60156"}],"wp:term":[{"taxonomy":"category","embeddable":true,"href":"https:\/\/lasentinelle.dz\/index.php\/wp-json\/wp\/v2\/categories?post=60156"},{"taxonomy":"post_tag","embeddable":true,"href":"https:\/\/lasentinelle.dz\/index.php\/wp-json\/wp\/v2\/tags?post=60156"}],"curies":[{"name":"wp","href":"https:\/\/api.w.org\/{rel}","templated":true}]}}