{"id":60220,"date":"2024-12-08T13:22:12","date_gmt":"2024-12-08T12:22:12","guid":{"rendered":"https:\/\/lasentinelle.dz\/?p=60220"},"modified":"2024-12-08T13:22:12","modified_gmt":"2024-12-08T12:22:12","slug":"alger-pretoria-une-convergence-totale","status":"publish","type":"post","link":"https:\/\/lasentinelle.dz\/index.php\/2024\/12\/08\/alger-pretoria-une-convergence-totale\/","title":{"rendered":"Alger-Pretoria\u00a0: Une convergence totale"},"content":{"rendered":"\n<p>Le pr\u00e9sident sud-africain a achev\u00e9 hier une visite de trois jours en Alg\u00e9rie. Une visite qui repr\u00e9sente un moment diplomatique crucial qui cristallise les ambitions conjointes de l&rsquo;Alg\u00e9rie et de l&rsquo;Afrique du Sud sur la sc\u00e8ne internationale et continentale. Cette rencontre s&rsquo;est construite autour de plusieurs temps forts r\u00e9v\u00e9lateurs de la profondeur de leur partenariat strat\u00e9gique.<\/p>\n\n\n\n<p>La visite d&rsquo;\u00c9tat de Cyril Ramaphosa en Alg\u00e9rie s&rsquo;inscrit dans une dynamique historique de solidarit\u00e9 et de coop\u00e9ration entre deux nations ayant profond\u00e9ment souffert du colonialisme.&nbsp; Le point d&rsquo;orgue de cette visite fut l&rsquo;intervention solennelle de Ramaphosa devant le Parlement r\u00e9uni avec ses deux chambres vendredi \u00e0 Alger. Dans un discours empreint d&rsquo;\u00e9motion historique, le pr\u00e9sident sud-africain a retrac\u00e9 le parcours de r\u00e9silience commune des deux pays. Il a notamment soulign\u00e9 le r\u00f4le crucial de l&rsquo;Alg\u00e9rie dans la lutte contre l&rsquo;apartheid, rappelant que le Congr\u00e8s national africain avait \u00e9tabli son premier bureau international \u00e0 Alger. Un moment symbolique particuli\u00e8rement fort fut l&rsquo;\u00e9vocation de Nelson Mandela, qui avait d\u00e9clar\u00e9 que \u00ab\u00a0l&rsquo;Alg\u00e9rie l&rsquo;avait fait homme\u00a0\u00bb, soulignant la profondeur du soutien alg\u00e9rien dans le combat pour la libert\u00e9. Dans le contexte international actuel, Ramaphosa a utilis\u00e9 cette tribune parlementaire pour plaider en faveur d&rsquo;une r\u00e9forme significative du Conseil de s\u00e9curit\u00e9 des Nations Unies. Son appel vise \u00e0 rendre cette institution \u00ab\u00a0plus repr\u00e9sentative\u00a0\u00bb, critiquant implicitement les structures de pouvoir h\u00e9rit\u00e9es de la p\u00e9riode coloniale. Cette intervention s&rsquo;inscrit dans une volont\u00e9 commune plus large de repositionner l&rsquo;Afrique comme acteur central des relations internationales.Le pr\u00e9sident Ramaphosa a indiqu\u00e9 que son pays \u00ab\u00a0r\u00e9it\u00e8re son appel en faveur d&rsquo;une r\u00e9forme du Conseil de s\u00e9curit\u00e9 des Nations Unies afin qu&rsquo;il soit plus repr\u00e9sentatif\u00a0\u00bb, saluant \u00ab\u00a0les positions honorables de l&rsquo;Alg\u00e9rie\u00a0\u00bb. \u00ab\u00a0Nous devons \u00eatre ensemble pour r\u00e9former le syst\u00e8me mondial et financier afin qu&rsquo;il serve les int\u00e9r\u00eats de tous les pays et peuples\u00a0\u00bb, a-t-il dit \u00e0 ce propos. Le pr\u00e9sident sud-africain a \u00e9galement soulign\u00e9 \u00ab\u00a0la n\u00e9cessit\u00e9 de soutenir les plus faibles et les marginalis\u00e9s dans toutes les r\u00e9gions du monde et d&rsquo;aider les civils dans les guerres et les conflits pour parvenir \u00e0 une solution durable aux probl\u00e8mes et unifier l&rsquo;Afrique\u00a0\u00bb. \u00ab\u00a0C&rsquo;est l\u00e0 un projet visant \u00e0 atteindre un d\u00e9veloppement durable et une \u00e9conomie prosp\u00e8re, et ce, \u00e0 travers l&rsquo;approfondissement de la coop\u00e9ration entre l&rsquo;Alg\u00e9rie et l&rsquo;Afrique du Sud et la coop\u00e9ration entre les Parlements des deux pays\u00a0\u00bb, a-t-il soutenu. Affirmant que les deux pays \u00ab\u00a0aspirent \u00e0 renforcer leurs relations commerciales et d&rsquo;investissement\u00a0\u00bb, le pr\u00e9sident M. Ramaphosa s&rsquo;est f\u00e9licit\u00e9 de la tenue de la 7e session de la Haute commission bilat\u00e9rale de coop\u00e9ration entre les deux pays et du Forum d&rsquo;affaires, assurant qu&rsquo;ils seront \u00ab\u00a0mis \u00e0 profit pour d\u00e9velopper la coop\u00e9ration dans les domaines de l&rsquo;hydrog\u00e8ne vert, des \u00e9nergies renouvelables, de l&rsquo;aviation et des infrastructures\u00a0\u00bb. Il a \u00e9galement insist\u00e9 sur \u00ab\u00a0la n\u00e9cessit\u00e9 pour les pays africains d&rsquo;exploiter leurs ressources naturelles et de ne pas les laisser \u00e0 la port\u00e9e des puissances coloniales\u00a0\u00bb, et ce, afin de \u00ab\u00a0permettre aux entreprises africaines de se d\u00e9velopper, de prosp\u00e9rer et de cr\u00e9er des emplois\u00a0\u00bb. L&rsquo;Alg\u00e9rie et l&rsquo;Afrique du Sud \u00ab\u00a0partagent les m\u00eames valeurs, le m\u00eame parcours militant et une vision commune dans l&rsquo;Union africaine et l&rsquo;\u00e9dification du continent africain telle que r\u00eav\u00e9 par les a\u00efeux\u00a0\u00bb, a-t-il soulign\u00e9, mettant en avant la d\u00e9termination des deux pays \u00e0 \u00ab\u00a0continuer \u00e0 respecter les valeurs d\u00e9mocratiques\u00a0\u00bb. Rappelant que son pays avait intent\u00e9 une action devant la Cour internationale de Justice (CIJ) contre l&rsquo;occupation sioniste, le pr\u00e9sident Ramaphosa a affirm\u00e9 que cette derni\u00e8re \u00ab\u00a0commet un g\u00e9nocide contre les civiles dans la bande de Ghaza\u00a0\u00bb, ajoutant que \u00ab\u00a0tuer des femmes, des enfants et des personnes sans d\u00e9fense, bombarder les maisons, les \u00e9coles et les h\u00f4pitaux et emp\u00eacher l&rsquo;acc\u00e8s des aides humanitaires est une honte\u00a0\u00bb. \u00ab\u00a0Nous ne pouvons tol\u00e9rer ses violations et il nous incombe de mettre fin \u00e0 ce g\u00e9nocide\u00a0\u00bb, a-t-il martel\u00e9. Concernant la cause sahraouie, le pr\u00e9sident Ramaphosa a affirm\u00e9 que l&rsquo;Alg\u00e9rie et l&rsquo;Afrique du Sud restaient d\u00e9termin\u00e9es \u00e0 soutenir le droit du peuple sahraoui \u00e0 l&rsquo;autod\u00e9termination, saluant le soutien de l&rsquo;Alg\u00e9rie \u00e0 la lutte de ce peuple. Le pr\u00e9sident sud-africain a, \u00e0 cet \u00e9gard, rappel\u00e9 \u00e0 la communaut\u00e9 internationale sa responsabilit\u00e9 envers le peuple sahraoui, l&rsquo;exhortant \u00e0 \u00ab\u00a0respecter le droit international et la Charte des Nations Unies\u00a0\u00bb, tout en insistant sur \u00ab\u00a0l&rsquo;imp\u00e9ratif de construire un nouvel ordre mondial fond\u00e9 sur le droit et la justice\u00a0\u00bb.<\/p>\n\n\n\n<p>Les entretiens officiels entre Ramaphosa et le pr\u00e9sident Abdelmadjid Tebboune durant cette ont d\u2019ailleurs \u00e9t\u00e9 particuli\u00e8rement denses, abordant des enjeux r\u00e9gionaux et internationaux cruciaux et confirmant la convergence des vues entre Alger et Pretoria. Les deux pr\u00e9sidents ont r\u00e9affirm\u00e9 leur convergence de vues sur plusieurs dossiers internationaux, notamment le Sahara occidental, pour lequel ils ont r\u00e9it\u00e9r\u00e9 leur soutien au droit \u00e0 l&rsquo;autod\u00e9termination du peuple sahraoui. Ils ont \u00e9galement \u00e9chang\u00e9 sur les situations au Sahel, en Libye, au Soudan et en Afrique centrale, privil\u00e9giant syst\u00e9matiquement l&rsquo;approche des solutions politiques n\u00e9goci\u00e9es, loin des ing\u00e9rences ext\u00e9rieures. Le pr\u00e9sident Tebboune a soulign\u00e9 lors de sa d\u00e9claration conjointe la convergence exceptionnelle des points de vue entre les deux pays. Il a mis en exergue l&rsquo;importance de privil\u00e9gier des solutions politiques pour r\u00e9soudre les crises r\u00e9gionales, loin de toute ing\u00e9rence ext\u00e9rieure.&nbsp; \u00ab\u00a0Nous avons eu une discussion approfondie sur l&rsquo;actualit\u00e9 r\u00e9gionale et internationale, notamment l&rsquo;agression sioniste contre Ghaza et le Liban, et je saisis cette occasion pour saluer, encore une fois, l&rsquo;action intent\u00e9e par l&rsquo;Afrique du Sud devant la Cour internationale de Justice (CIJ) et r\u00e9affirmer notre plein soutien \u00e0 cette d\u00e9marche\u00a0\u00bb, a dit le pr\u00e9sident de la R\u00e9publique dans une d\u00e9claration conjointe \u00e0 la presse \u00e0 l\u2019issue des entretiens avec son homologue sud-africain<\/p>\n\n\n\n<p>Partenariat strat\u00e9gique<\/p>\n\n\n\n<p>&nbsp;La question palestinienne a occup\u00e9 une place centrale dans leurs discussions. Le pr\u00e9sident de la R\u00e9publique a aussi indiqu\u00e9 avoir proc\u00e9d\u00e9 avec son fr\u00e8re le pr\u00e9sident de la R\u00e9publique d&rsquo;Afrique du Sud \u00e0 \u00ab\u00a0un \u00e9change de vues concernant la situation au Sahel, en Libye, au Soudan, en Afrique centrale et en Afrique australe\u00a0\u00bb et abord\u00e9 \u00ab\u00a0d&rsquo;autres sujets li\u00e9s \u00e0 l&rsquo;action de l&rsquo;Union africaine\u00a0\u00bb. Des \u00e9changes qui ont fait ressortir \u00ab\u00a0une convergence de vues entre nos deux pays sur la n\u00e9cessit\u00e9 de privil\u00e9gier les solutions politiques n\u00e9goci\u00e9es pour le r\u00e8glement des crises loin des ing\u00e9rences ext\u00e9rieures\u00a0\u00bb, a-t-il relev\u00e9. Et d&rsquo;ajouter qu&rsquo;il avait \u00e9galement \u00e9t\u00e9 convenu d&rsquo;intensifier les efforts au sein de l&rsquo;Organisation des Nations Unies et de l&rsquo;Union africaine pour \u00ab\u00a0renforcer le r\u00f4le de notre continent et \u0153uvrer \u00e0 r\u00e9aliser la revendication africaine de r\u00e9forme du Conseil de s\u00e9curit\u00e9 en r\u00e9parant l&rsquo;injustice historique envers l&rsquo;Afrique, conform\u00e9ment au Consensus et \u00e0 la D\u00e9claration de Syrte\u00a0\u00bb. Le pr\u00e9sident de la R\u00e9publique a, par ailleurs, estim\u00e9 que la visite d&rsquo;Etat qu&rsquo;effectue son homologue sud-africain en Alg\u00e9rie \u00ab\u00a0refl\u00e8te la particularit\u00e9 des relations historiques entre les deux pays, fond\u00e9es sur la coop\u00e9ration \u00e9troite et la solidarit\u00e9 permanente\u00a0\u00bb et \u00ab\u00a0le caract\u00e8re strat\u00e9gique de nos relations bilat\u00e9rales\u00a0\u00bb. LSur le plan diplomatique, la visite a d\u00e9bouch\u00e9 sur des r\u00e9sultats concrets. Une D\u00e9claration de partenariat strat\u00e9gique et cinq m\u00e9morandums d&rsquo;entente ont \u00e9t\u00e9 sign\u00e9s, couvrant des domaines aussi vari\u00e9s que la recherche agronomique, la coop\u00e9ration spatiale, l&rsquo;entrepreneuriat, l&rsquo;\u00e9conomie et l&rsquo;entraide juridique. Ces accords traduisent la volont\u00e9 des deux pays de d\u00e9velopper des synergies concr\u00e8tes. La dimension \u00e9conomique de la visite a \u00e9t\u00e9 \u00e9galement significative. L&rsquo;Alg\u00e9rie et l&rsquo;Afrique du Sud se positionnent ainsi comme des acteurs essentiels de la transformation du rapport de force international, en d\u00e9fendant les int\u00e9r\u00eats du continent africain.<\/p>\n\n\n\n<p>Dans le domaine spatial, l&rsquo;accord entre l&rsquo;Agence spatiale alg\u00e9rienne (ASAL) et l&rsquo;Agence spatiale nationale sud-africaine (SANSA) illustre la dynamique d&rsquo;innovation technologique partag\u00e9e. Le m\u00e9morandum sur la recherche agronomique t\u00e9moigne de leur pr\u00e9occupation commune pour la s\u00e9curit\u00e9 alimentaire continentale. Le volet \u00e9conomique a \u00e9t\u00e9 particuli\u00e8rement d\u00e9velopp\u00e9, avec un Forum d&rsquo;affaires permettant aux op\u00e9rateurs \u00e9conomiques des deux pays de \u00ab\u00a0construire des ponts de coop\u00e9ration\u00a0\u00bb, selon les termes m\u00eames du Pr\u00e9sident Tebboune. L&rsquo;objectif est clairement de diversifier et d&rsquo;approfondir les \u00e9changes commerciaux.<\/p>\n\n\n\n<p>Un moment hautement symbolique fut la d\u00e9coration de Ramaphosa par Tebboune de la m\u00e9daille de l&rsquo;Ordre du m\u00e9rite national \u00ab\u00a0Athir\u00a0\u00bb. Cette distinction reconnaissait explicitement \u00ab\u00a0ses efforts \u00e9minents\u00a0\u00bb dans la d\u00e9fense des valeurs humaines et sa d\u00e9nonciation des crimes subis par le peuple palestinien. La visite comportait \u00e9galement des dimensions protocolaires importantes, comme la visite de Ramaphosa \u00e0 la Base centrale de logistique militaire, soulignant la coop\u00e9ration entre les forces arm\u00e9es des deux pays.<\/p>\n\n\n\n<p>Hocine Fadheli<\/p>\n","protected":false},"excerpt":{"rendered":"<p>Le pr\u00e9sident sud-africain a achev\u00e9 hier une visite de trois jours en Alg\u00e9rie. Une visite qui repr\u00e9sente un moment diplomatique<\/p>\n","protected":false},"author":6,"featured_media":60221,"comment_status":"open","ping_status":"closed","sticky":false,"template":"","format":"standard","meta":{"colormag_page_container_layout":"default_layout","colormag_page_sidebar_layout":"default_layout","om_disable_all_campaigns":false,"_monsterinsights_skip_tracking":false,"_monsterinsights_sitenote_active":false,"_monsterinsights_sitenote_note":"","_monsterinsights_sitenote_category":0,"footnotes":"","_wpscppro_dont_share_socialmedia":false,"_wpscppro_custom_social_share_image":0,"_facebook_share_type":"default","_twitter_share_type":"default","_linkedin_share_type":"default","_pinterest_share_type":"default","_linkedin_share_type_page":"","_instagram_share_type":"default","_medium_share_type":"default","_threads_share_type":"","_google_business_share_type":"","_selected_social_profile":[],"_wpsp_enable_custom_social_template":false,"_wpsp_social_scheduling":{"enabled":false,"datetime":null,"platforms":[],"status":"template_only","dateOption":"today","timeOption":"now","customDays":"","customHours":"","customDate":"","customTime":"","schedulingType":"absolute"},"_wpsp_active_default_template":true},"categories":[52,27],"tags":[],"class_list":["post-60220","post","type-post","status-publish","format-standard","has-post-thumbnail","hentry","category-a-la-une","category-actualite"],"aioseo_notices":[],"yoast_head":"<!-- This site is optimized with the Yoast SEO plugin v27.5 - https:\/\/yoast.com\/product\/yoast-seo-wordpress\/ -->\n<title>Alger-Pretoria\u00a0: Une convergence totale - La Sentinelle<\/title>\n<meta name=\"robots\" content=\"index, follow, max-snippet:-1, max-image-preview:large, max-video-preview:-1\" \/>\n<link rel=\"canonical\" href=\"https:\/\/lasentinelle.dz\/index.php\/2024\/12\/08\/alger-pretoria-une-convergence-totale\/\" \/>\n<meta property=\"og:locale\" content=\"fr_FR\" \/>\n<meta property=\"og:type\" content=\"article\" \/>\n<meta property=\"og:title\" content=\"Alger-Pretoria\u00a0: Une convergence totale - La Sentinelle\" \/>\n<meta property=\"og:description\" content=\"Le pr\u00e9sident sud-africain a achev\u00e9 hier une visite de trois jours en Alg\u00e9rie. Une visite qui repr\u00e9sente un moment diplomatique\" \/>\n<meta property=\"og:url\" content=\"https:\/\/lasentinelle.dz\/index.php\/2024\/12\/08\/alger-pretoria-une-convergence-totale\/\" \/>\n<meta property=\"og:site_name\" content=\"La Sentinelle\" \/>\n<meta property=\"article:publisher\" content=\"https:\/\/www.facebook.com\/La-Sentinelle-104059864394773\" \/>\n<meta property=\"article:published_time\" content=\"2024-12-08T12:22:12+00:00\" \/>\n<meta property=\"og:image\" content=\"https:\/\/lasentinelle.dz\/wp-content\/uploads\/2024\/12\/tebboune-ramaphosa.jpeg\" \/>\n\t<meta property=\"og:image:width\" content=\"2048\" \/>\n\t<meta property=\"og:image:height\" content=\"1384\" \/>\n\t<meta property=\"og:image:type\" content=\"image\/jpeg\" \/>\n<meta name=\"author\" content=\"admin\" \/>\n<meta name=\"twitter:card\" content=\"summary_large_image\" \/>\n<meta name=\"twitter:label1\" content=\"\u00c9crit par\" \/>\n\t<meta name=\"twitter:data1\" content=\"admin\" \/>\n\t<meta name=\"twitter:label2\" content=\"Dur\u00e9e de lecture estim\u00e9e\" \/>\n\t<meta name=\"twitter:data2\" content=\"8 minutes\" \/>\n<script type=\"application\/ld+json\" class=\"yoast-schema-graph\">{\"@context\":\"https:\\\/\\\/schema.org\",\"@graph\":[{\"@type\":\"Article\",\"@id\":\"https:\\\/\\\/lasentinelle.dz\\\/index.php\\\/2024\\\/12\\\/08\\\/alger-pretoria-une-convergence-totale\\\/#article\",\"isPartOf\":{\"@id\":\"https:\\\/\\\/lasentinelle.dz\\\/index.php\\\/2024\\\/12\\\/08\\\/alger-pretoria-une-convergence-totale\\\/\"},\"author\":{\"name\":\"admin\",\"@id\":\"https:\\\/\\\/lasentinelle.dz\\\/#\\\/schema\\\/person\\\/729ee0024f24e0b8c5ec17232f8e8b41\"},\"headline\":\"Alger-Pretoria\u00a0: Une convergence totale\",\"datePublished\":\"2024-12-08T12:22:12+00:00\",\"mainEntityOfPage\":{\"@id\":\"https:\\\/\\\/lasentinelle.dz\\\/index.php\\\/2024\\\/12\\\/08\\\/alger-pretoria-une-convergence-totale\\\/\"},\"wordCount\":1602,\"commentCount\":0,\"publisher\":{\"@id\":\"https:\\\/\\\/lasentinelle.dz\\\/#organization\"},\"image\":{\"@id\":\"https:\\\/\\\/lasentinelle.dz\\\/index.php\\\/2024\\\/12\\\/08\\\/alger-pretoria-une-convergence-totale\\\/#primaryimage\"},\"thumbnailUrl\":\"https:\\\/\\\/lasentinelle.dz\\\/wp-content\\\/uploads\\\/2024\\\/12\\\/tebboune-ramaphosa.jpeg\",\"articleSection\":[\"\u00c0 la Une\",\"Actualit\u00e9\"],\"inLanguage\":\"fr-FR\",\"potentialAction\":[{\"@type\":\"CommentAction\",\"name\":\"Comment\",\"target\":[\"https:\\\/\\\/lasentinelle.dz\\\/index.php\\\/2024\\\/12\\\/08\\\/alger-pretoria-une-convergence-totale\\\/#respond\"]}]},{\"@type\":\"WebPage\",\"@id\":\"https:\\\/\\\/lasentinelle.dz\\\/index.php\\\/2024\\\/12\\\/08\\\/alger-pretoria-une-convergence-totale\\\/\",\"url\":\"https:\\\/\\\/lasentinelle.dz\\\/index.php\\\/2024\\\/12\\\/08\\\/alger-pretoria-une-convergence-totale\\\/\",\"name\":\"Alger-Pretoria\u00a0: Une convergence totale - La Sentinelle\",\"isPartOf\":{\"@id\":\"https:\\\/\\\/lasentinelle.dz\\\/#website\"},\"primaryImageOfPage\":{\"@id\":\"https:\\\/\\\/lasentinelle.dz\\\/index.php\\\/2024\\\/12\\\/08\\\/alger-pretoria-une-convergence-totale\\\/#primaryimage\"},\"image\":{\"@id\":\"https:\\\/\\\/lasentinelle.dz\\\/index.php\\\/2024\\\/12\\\/08\\\/alger-pretoria-une-convergence-totale\\\/#primaryimage\"},\"thumbnailUrl\":\"https:\\\/\\\/lasentinelle.dz\\\/wp-content\\\/uploads\\\/2024\\\/12\\\/tebboune-ramaphosa.jpeg\",\"datePublished\":\"2024-12-08T12:22:12+00:00\",\"breadcrumb\":{\"@id\":\"https:\\\/\\\/lasentinelle.dz\\\/index.php\\\/2024\\\/12\\\/08\\\/alger-pretoria-une-convergence-totale\\\/#breadcrumb\"},\"inLanguage\":\"fr-FR\",\"potentialAction\":[{\"@type\":\"ReadAction\",\"target\":[\"https:\\\/\\\/lasentinelle.dz\\\/index.php\\\/2024\\\/12\\\/08\\\/alger-pretoria-une-convergence-totale\\\/\"]}]},{\"@type\":\"ImageObject\",\"inLanguage\":\"fr-FR\",\"@id\":\"https:\\\/\\\/lasentinelle.dz\\\/index.php\\\/2024\\\/12\\\/08\\\/alger-pretoria-une-convergence-totale\\\/#primaryimage\",\"url\":\"https:\\\/\\\/lasentinelle.dz\\\/wp-content\\\/uploads\\\/2024\\\/12\\\/tebboune-ramaphosa.jpeg\",\"contentUrl\":\"https:\\\/\\\/lasentinelle.dz\\\/wp-content\\\/uploads\\\/2024\\\/12\\\/tebboune-ramaphosa.jpeg\",\"width\":2048,\"height\":1384},{\"@type\":\"BreadcrumbList\",\"@id\":\"https:\\\/\\\/lasentinelle.dz\\\/index.php\\\/2024\\\/12\\\/08\\\/alger-pretoria-une-convergence-totale\\\/#breadcrumb\",\"itemListElement\":[{\"@type\":\"ListItem\",\"position\":1,\"name\":\"Accueil\",\"item\":\"https:\\\/\\\/lasentinelle.dz\\\/\"},{\"@type\":\"ListItem\",\"position\":2,\"name\":\"Alger-Pretoria\u00a0: Une convergence totale\"}]},{\"@type\":\"WebSite\",\"@id\":\"https:\\\/\\\/lasentinelle.dz\\\/#website\",\"url\":\"https:\\\/\\\/lasentinelle.dz\\\/\",\"name\":\"La Sentinelle\",\"description\":\"Quotidien national d&#039;information\",\"publisher\":{\"@id\":\"https:\\\/\\\/lasentinelle.dz\\\/#organization\"},\"potentialAction\":[{\"@type\":\"SearchAction\",\"target\":{\"@type\":\"EntryPoint\",\"urlTemplate\":\"https:\\\/\\\/lasentinelle.dz\\\/?s={search_term_string}\"},\"query-input\":{\"@type\":\"PropertyValueSpecification\",\"valueRequired\":true,\"valueName\":\"search_term_string\"}}],\"inLanguage\":\"fr-FR\"},{\"@type\":\"Organization\",\"@id\":\"https:\\\/\\\/lasentinelle.dz\\\/#organization\",\"name\":\"Quotidien La Sentinelle\",\"url\":\"https:\\\/\\\/lasentinelle.dz\\\/\",\"logo\":{\"@type\":\"ImageObject\",\"inLanguage\":\"fr-FR\",\"@id\":\"https:\\\/\\\/lasentinelle.dz\\\/#\\\/schema\\\/logo\\\/image\\\/\",\"url\":\"https:\\\/\\\/lasentinelle.dz\\\/wp-content\\\/uploads\\\/2021\\\/09\\\/logo-sentinelleSLOGAN-1.png\",\"contentUrl\":\"https:\\\/\\\/lasentinelle.dz\\\/wp-content\\\/uploads\\\/2021\\\/09\\\/logo-sentinelleSLOGAN-1.png\",\"width\":615,\"height\":142,\"caption\":\"Quotidien La Sentinelle\"},\"image\":{\"@id\":\"https:\\\/\\\/lasentinelle.dz\\\/#\\\/schema\\\/logo\\\/image\\\/\"},\"sameAs\":[\"https:\\\/\\\/www.facebook.com\\\/La-Sentinelle-104059864394773\"]},{\"@type\":\"Person\",\"@id\":\"https:\\\/\\\/lasentinelle.dz\\\/#\\\/schema\\\/person\\\/729ee0024f24e0b8c5ec17232f8e8b41\",\"name\":\"admin\",\"image\":{\"@type\":\"ImageObject\",\"inLanguage\":\"fr-FR\",\"@id\":\"https:\\\/\\\/secure.gravatar.com\\\/avatar\\\/4c81fed838786e9b53f540bf46533e750f5d292099ae3b66cfc6fb1982e29df7?s=96&d=mm&r=g\",\"url\":\"https:\\\/\\\/secure.gravatar.com\\\/avatar\\\/4c81fed838786e9b53f540bf46533e750f5d292099ae3b66cfc6fb1982e29df7?s=96&d=mm&r=g\",\"contentUrl\":\"https:\\\/\\\/secure.gravatar.com\\\/avatar\\\/4c81fed838786e9b53f540bf46533e750f5d292099ae3b66cfc6fb1982e29df7?s=96&d=mm&r=g\",\"caption\":\"admin\"},\"description\":\"admin\",\"url\":\"https:\\\/\\\/lasentinelle.dz\\\/author\\\/admin\\\/\"}]}<\/script>\n<!-- \/ Yoast SEO plugin. -->","yoast_head_json":{"title":"Alger-Pretoria\u00a0: Une convergence totale - La Sentinelle","robots":{"index":"index","follow":"follow","max-snippet":"max-snippet:-1","max-image-preview":"max-image-preview:large","max-video-preview":"max-video-preview:-1"},"canonical":"https:\/\/lasentinelle.dz\/index.php\/2024\/12\/08\/alger-pretoria-une-convergence-totale\/","og_locale":"fr_FR","og_type":"article","og_title":"Alger-Pretoria\u00a0: Une convergence totale - La Sentinelle","og_description":"Le pr\u00e9sident sud-africain a achev\u00e9 hier une visite de trois jours en Alg\u00e9rie. Une visite qui repr\u00e9sente un moment diplomatique","og_url":"https:\/\/lasentinelle.dz\/index.php\/2024\/12\/08\/alger-pretoria-une-convergence-totale\/","og_site_name":"La Sentinelle","article_publisher":"https:\/\/www.facebook.com\/La-Sentinelle-104059864394773","article_published_time":"2024-12-08T12:22:12+00:00","og_image":[{"width":2048,"height":1384,"url":"https:\/\/lasentinelle.dz\/wp-content\/uploads\/2024\/12\/tebboune-ramaphosa.jpeg","type":"image\/jpeg"}],"author":"admin","twitter_card":"summary_large_image","twitter_misc":{"\u00c9crit par":"admin","Dur\u00e9e de lecture estim\u00e9e":"8 minutes"},"schema":{"@context":"https:\/\/schema.org","@graph":[{"@type":"Article","@id":"https:\/\/lasentinelle.dz\/index.php\/2024\/12\/08\/alger-pretoria-une-convergence-totale\/#article","isPartOf":{"@id":"https:\/\/lasentinelle.dz\/index.php\/2024\/12\/08\/alger-pretoria-une-convergence-totale\/"},"author":{"name":"admin","@id":"https:\/\/lasentinelle.dz\/#\/schema\/person\/729ee0024f24e0b8c5ec17232f8e8b41"},"headline":"Alger-Pretoria\u00a0: Une convergence totale","datePublished":"2024-12-08T12:22:12+00:00","mainEntityOfPage":{"@id":"https:\/\/lasentinelle.dz\/index.php\/2024\/12\/08\/alger-pretoria-une-convergence-totale\/"},"wordCount":1602,"commentCount":0,"publisher":{"@id":"https:\/\/lasentinelle.dz\/#organization"},"image":{"@id":"https:\/\/lasentinelle.dz\/index.php\/2024\/12\/08\/alger-pretoria-une-convergence-totale\/#primaryimage"},"thumbnailUrl":"https:\/\/lasentinelle.dz\/wp-content\/uploads\/2024\/12\/tebboune-ramaphosa.jpeg","articleSection":["\u00c0 la Une","Actualit\u00e9"],"inLanguage":"fr-FR","potentialAction":[{"@type":"CommentAction","name":"Comment","target":["https:\/\/lasentinelle.dz\/index.php\/2024\/12\/08\/alger-pretoria-une-convergence-totale\/#respond"]}]},{"@type":"WebPage","@id":"https:\/\/lasentinelle.dz\/index.php\/2024\/12\/08\/alger-pretoria-une-convergence-totale\/","url":"https:\/\/lasentinelle.dz\/index.php\/2024\/12\/08\/alger-pretoria-une-convergence-totale\/","name":"Alger-Pretoria\u00a0: Une convergence totale - La Sentinelle","isPartOf":{"@id":"https:\/\/lasentinelle.dz\/#website"},"primaryImageOfPage":{"@id":"https:\/\/lasentinelle.dz\/index.php\/2024\/12\/08\/alger-pretoria-une-convergence-totale\/#primaryimage"},"image":{"@id":"https:\/\/lasentinelle.dz\/index.php\/2024\/12\/08\/alger-pretoria-une-convergence-totale\/#primaryimage"},"thumbnailUrl":"https:\/\/lasentinelle.dz\/wp-content\/uploads\/2024\/12\/tebboune-ramaphosa.jpeg","datePublished":"2024-12-08T12:22:12+00:00","breadcrumb":{"@id":"https:\/\/lasentinelle.dz\/index.php\/2024\/12\/08\/alger-pretoria-une-convergence-totale\/#breadcrumb"},"inLanguage":"fr-FR","potentialAction":[{"@type":"ReadAction","target":["https:\/\/lasentinelle.dz\/index.php\/2024\/12\/08\/alger-pretoria-une-convergence-totale\/"]}]},{"@type":"ImageObject","inLanguage":"fr-FR","@id":"https:\/\/lasentinelle.dz\/index.php\/2024\/12\/08\/alger-pretoria-une-convergence-totale\/#primaryimage","url":"https:\/\/lasentinelle.dz\/wp-content\/uploads\/2024\/12\/tebboune-ramaphosa.jpeg","contentUrl":"https:\/\/lasentinelle.dz\/wp-content\/uploads\/2024\/12\/tebboune-ramaphosa.jpeg","width":2048,"height":1384},{"@type":"BreadcrumbList","@id":"https:\/\/lasentinelle.dz\/index.php\/2024\/12\/08\/alger-pretoria-une-convergence-totale\/#breadcrumb","itemListElement":[{"@type":"ListItem","position":1,"name":"Accueil","item":"https:\/\/lasentinelle.dz\/"},{"@type":"ListItem","position":2,"name":"Alger-Pretoria\u00a0: Une convergence totale"}]},{"@type":"WebSite","@id":"https:\/\/lasentinelle.dz\/#website","url":"https:\/\/lasentinelle.dz\/","name":"La Sentinelle","description":"Quotidien national d&#039;information","publisher":{"@id":"https:\/\/lasentinelle.dz\/#organization"},"potentialAction":[{"@type":"SearchAction","target":{"@type":"EntryPoint","urlTemplate":"https:\/\/lasentinelle.dz\/?s={search_term_string}"},"query-input":{"@type":"PropertyValueSpecification","valueRequired":true,"valueName":"search_term_string"}}],"inLanguage":"fr-FR"},{"@type":"Organization","@id":"https:\/\/lasentinelle.dz\/#organization","name":"Quotidien La Sentinelle","url":"https:\/\/lasentinelle.dz\/","logo":{"@type":"ImageObject","inLanguage":"fr-FR","@id":"https:\/\/lasentinelle.dz\/#\/schema\/logo\/image\/","url":"https:\/\/lasentinelle.dz\/wp-content\/uploads\/2021\/09\/logo-sentinelleSLOGAN-1.png","contentUrl":"https:\/\/lasentinelle.dz\/wp-content\/uploads\/2021\/09\/logo-sentinelleSLOGAN-1.png","width":615,"height":142,"caption":"Quotidien La Sentinelle"},"image":{"@id":"https:\/\/lasentinelle.dz\/#\/schema\/logo\/image\/"},"sameAs":["https:\/\/www.facebook.com\/La-Sentinelle-104059864394773"]},{"@type":"Person","@id":"https:\/\/lasentinelle.dz\/#\/schema\/person\/729ee0024f24e0b8c5ec17232f8e8b41","name":"admin","image":{"@type":"ImageObject","inLanguage":"fr-FR","@id":"https:\/\/secure.gravatar.com\/avatar\/4c81fed838786e9b53f540bf46533e750f5d292099ae3b66cfc6fb1982e29df7?s=96&d=mm&r=g","url":"https:\/\/secure.gravatar.com\/avatar\/4c81fed838786e9b53f540bf46533e750f5d292099ae3b66cfc6fb1982e29df7?s=96&d=mm&r=g","contentUrl":"https:\/\/secure.gravatar.com\/avatar\/4c81fed838786e9b53f540bf46533e750f5d292099ae3b66cfc6fb1982e29df7?s=96&d=mm&r=g","caption":"admin"},"description":"admin","url":"https:\/\/lasentinelle.dz\/author\/admin\/"}]}},"_links":{"self":[{"href":"https:\/\/lasentinelle.dz\/index.php\/wp-json\/wp\/v2\/posts\/60220","targetHints":{"allow":["GET"]}}],"collection":[{"href":"https:\/\/lasentinelle.dz\/index.php\/wp-json\/wp\/v2\/posts"}],"about":[{"href":"https:\/\/lasentinelle.dz\/index.php\/wp-json\/wp\/v2\/types\/post"}],"author":[{"embeddable":true,"href":"https:\/\/lasentinelle.dz\/index.php\/wp-json\/wp\/v2\/users\/6"}],"replies":[{"embeddable":true,"href":"https:\/\/lasentinelle.dz\/index.php\/wp-json\/wp\/v2\/comments?post=60220"}],"version-history":[{"count":1,"href":"https:\/\/lasentinelle.dz\/index.php\/wp-json\/wp\/v2\/posts\/60220\/revisions"}],"predecessor-version":[{"id":60222,"href":"https:\/\/lasentinelle.dz\/index.php\/wp-json\/wp\/v2\/posts\/60220\/revisions\/60222"}],"wp:featuredmedia":[{"embeddable":true,"href":"https:\/\/lasentinelle.dz\/index.php\/wp-json\/wp\/v2\/media\/60221"}],"wp:attachment":[{"href":"https:\/\/lasentinelle.dz\/index.php\/wp-json\/wp\/v2\/media?parent=60220"}],"wp:term":[{"taxonomy":"category","embeddable":true,"href":"https:\/\/lasentinelle.dz\/index.php\/wp-json\/wp\/v2\/categories?post=60220"},{"taxonomy":"post_tag","embeddable":true,"href":"https:\/\/lasentinelle.dz\/index.php\/wp-json\/wp\/v2\/tags?post=60220"}],"curies":[{"name":"wp","href":"https:\/\/api.w.org\/{rel}","templated":true}]}}