{"id":60258,"date":"2024-12-09T12:40:27","date_gmt":"2024-12-09T11:40:27","guid":{"rendered":"https:\/\/lasentinelle.dz\/?p=60258"},"modified":"2024-12-09T12:40:27","modified_gmt":"2024-12-09T11:40:27","slug":"universite-badji-mokhtar-dannaba-vers-le-renforcement-de-lenseignement-de-la-langue-coreenne","status":"publish","type":"post","link":"https:\/\/lasentinelle.dz\/index.php\/2024\/12\/09\/universite-badji-mokhtar-dannaba-vers-le-renforcement-de-lenseignement-de-la-langue-coreenne\/","title":{"rendered":"Universit\u00e9 Badji Mokhtar d\u2019Annaba: Vers le renforcement de l\u2019enseignement de la langue cor\u00e9enne"},"content":{"rendered":"\n<p><\/p>\n\n\n\n<p>L&rsquo;Universit\u00e9 Badji Mokhtar d&rsquo;Annaba a re\u00e7u, ce week-end dans une d\u00e9marche qui refl\u00e8te la profondeur des relations bilat\u00e9rales, une d\u00e9l\u00e9gation cor\u00e9enne de haut niveau dans&nbsp;le cadre d\u2019une visite visant \u00e0 renforcer la coop\u00e9ration culturelle et scientifique entre l&rsquo;Alg\u00e9rie et la Cor\u00e9e du Sud.<\/p>\n\n\n\n<p>La d\u00e9l\u00e9gation a \u00e9t\u00e9 re\u00e7ue par le Professeur Mohamed Menaa, directeur de l&rsquo;Universit\u00e9, et les staffs administratifs et p\u00e9dagogiques, a rapport\u00e9 la direction de l&rsquo;UBMA, via son compte Facebook. La d\u00e9l\u00e9gation cor\u00e9enne \u00e9tait compos\u00e9e des repr\u00e9sentants de l&rsquo;ambassade de Cor\u00e9e du Sud, de l&rsquo;Agence cor\u00e9enne de d\u00e9veloppement international (KOICA), de LG Electronics, de Dohwa Engineering et de l&rsquo;\u00e9cole de langue cor\u00e9enne, a fait savoir la m\u00eame source. La visite a \u00e9t\u00e9 une occasion pour le directeur de l&rsquo;universit\u00e9 de donner un aper\u00e7u des activit\u00e9s acad\u00e9miques et de recherche de l&rsquo;universit\u00e9, soulignant l&rsquo;importance du partenariat avec les institutions cor\u00e9ennes pour soutenir les programmes d&rsquo;\u00e9ducation et d&rsquo;\u00e9change culturel, est-il pr\u00e9cis\u00e9. Au cours de la visite, la d\u00e9l\u00e9gation s&rsquo;est rendue \u00e0 la facult\u00e9 des Langues et des Arts du Campus Universitaire d&rsquo;El Bouni, o\u00f9 elle a \u00e9t\u00e9 re\u00e7ue par les professeurs et les \u00e9tudiants de la facult\u00e9. La d\u00e9l\u00e9gation a assist\u00e9 \u00e0 un cours de langue cor\u00e9enne, pr\u00e9sent\u00e9 aux \u00e9tudiants du d\u00e9partement de langue cor\u00e9enne relevant du centre d&rsquo;enseignement intensif des langues. Ce cours mod\u00e8le a \u00e9t\u00e9 pr\u00e9sent\u00e9 par le professeur Lee Sung Ok de mani\u00e8re innovante. Les \u00e9tudiants ont interagi avec la le\u00e7on \u00e0 travers des jeux p\u00e9dagogiques et de la po\u00e9sie en langue cor\u00e9enne, ce qui a mis en \u00e9vidence la profondeur de leur lien avec la culture cor\u00e9enne, a expliqu\u00e9 la m\u00eame source. Les deux parties ont discut\u00e9 des moyens de renforcer la coop\u00e9ration et de d\u00e9velopper ce coin de langue, pour en faire un centre d&rsquo;excellence pour l&rsquo;apprentissage de la langue cor\u00e9enne. Les deux parties ont avanc\u00e9 de nombreuses id\u00e9es innovantes, dont la plus importante \u00e9tait de faciliter la r\u00e9alisation des tests de niveau de langue cor\u00e9enne approuv\u00e9s afin de permettre aux \u00e9tudiants d&rsquo;obtenir des dipl\u00f4mes officiels. Il a \u00e9t\u00e9 \u00e9galement question de faire venir des enseignants invit\u00e9s pour soutenir les programmes acad\u00e9miques, dispenser des cours avanc\u00e9s, organiser des formations linguistiques en Cor\u00e9e du Sud pour les \u00e9tudiants alg\u00e9riens afin d&rsquo;am\u00e9liorer leurs comp\u00e9tences linguistiques et d\u00e9couvrir de pr\u00e8s la culture cor\u00e9enne et de lancer des programmes culturels communs. Ces programmes visent \u00e0 faire d\u00e9couvrir aux \u00e9tudiants alg\u00e9riens les traditions et les coutumes cor\u00e9ennes et \u00e0 promouvoir les \u00e9changes culturels entre les deux pays, a expliqu\u00e9 la direction de l&rsquo;universit\u00e9 Badji Mokhtar d&rsquo;Annaba. La visite a soulign\u00e9 l&rsquo;importance du d\u00e9veloppement de programmes \u00e9ducatifs et l&rsquo;\u00e9change d&rsquo;exp\u00e9riences entre les universit\u00e9s du monde. Il est esp\u00e9r\u00e9 que cette initiative contribuera \u00e0 attirer davantage d\u2019\u00e9tudiants et de personnes int\u00e9ress\u00e9es \u00e0 apprendre la langue cor\u00e9enne, ce qui renforcera la position de l\u2019universit\u00e9 en tant que centre universitaire leader dans la r\u00e9gion. Dans le m\u00eame contexte et dans le cadre des efforts visant \u00e0 soutenir l&rsquo;enseignement de la langue cor\u00e9enne, la d\u00e9l\u00e9gation a fait un don au d\u00e9partement de langue cor\u00e9enne relevant de l&rsquo;universit\u00e9 Badji Mokhtar. Le don consiste en un ensemble de livres p\u00e9dagogiques pour la langue cor\u00e9enne et de deux t\u00e9l\u00e9viseurs, dans le but d&rsquo;am\u00e9liorer les ressources d&rsquo;apprentissage. D&rsquo;autre part, \u00e0 l&rsquo;issue de cette visite, Jeon Sung-bae, premier secr\u00e9taire de l&rsquo;ambassade de Cor\u00e9e du Sud en Alg\u00e9rie, accompagn\u00e9 du doyen du d\u00e9partement des langues et des arts, a plant\u00e9 dans l&rsquo;espace de la facult\u00e9 des langues \u00a0\u00bbl&rsquo;arbre de Cor\u00e9e\u00a0\u00bb, comme un symbole de coop\u00e9ration durable entre les deux pays. Un geste marquant les fortes relations bilat\u00e9rales entre l&rsquo;Alg\u00e9rie et la Cor\u00e9e du Sud, alors que les deux pays \u0153uvrent pour le renforcement de leur partenariat dans les domaines de l&rsquo;\u00e9ducation et de la culture. Les deux parties ont r\u00e9affirm\u00e9 leur engagement \u00e0 poursuivre la coop\u00e9ration \u00e0 l&rsquo;avenir au service de l&rsquo;\u00e9change d&rsquo;exp\u00e9riences et du d\u00e9veloppement de projets \u00e9ducatifs. Car, est-il soulign\u00e9, la visite constitue une plateforme pour renforcer les liens entre les peuples alg\u00e9rien et cor\u00e9en et mettre en lumi\u00e8re l&rsquo;importance de l&rsquo;enseignement en tant qu\u2019un pont pour la compr\u00e9hension culturelle et la cr\u00e9ativit\u00e9 commune, a conclu la direction de l&rsquo;universit\u00e9 Badji Mokhtar d&rsquo;Annaba.<\/p>\n\n\n\n<p><strong>Sofia Chahine<\/strong><\/p>\n","protected":false},"excerpt":{"rendered":"<p>L&rsquo;Universit\u00e9 Badji Mokhtar d&rsquo;Annaba a re\u00e7u, ce week-end dans une d\u00e9marche qui refl\u00e8te la profondeur des relations bilat\u00e9rales, une d\u00e9l\u00e9gation<\/p>\n","protected":false},"author":6,"featured_media":56782,"comment_status":"open","ping_status":"closed","sticky":false,"template":"","format":"standard","meta":{"colormag_page_container_layout":"default_layout","colormag_page_sidebar_layout":"default_layout","om_disable_all_campaigns":false,"_monsterinsights_skip_tracking":false,"_monsterinsights_sitenote_active":false,"_monsterinsights_sitenote_note":"","_monsterinsights_sitenote_category":0,"footnotes":"","_wpscppro_dont_share_socialmedia":false,"_wpscppro_custom_social_share_image":0,"_facebook_share_type":"default","_twitter_share_type":"default","_linkedin_share_type":"default","_pinterest_share_type":"default","_linkedin_share_type_page":"","_instagram_share_type":"default","_medium_share_type":"default","_threads_share_type":"","_google_business_share_type":"","_selected_social_profile":[],"_wpsp_enable_custom_social_template":false,"_wpsp_social_scheduling":{"enabled":false,"datetime":null,"platforms":[],"status":"template_only","dateOption":"today","timeOption":"now","customDays":"","customHours":"","customDate":"","customTime":"","schedulingType":"absolute"},"_wpsp_active_default_template":true},"categories":[31],"tags":[],"class_list":["post-60258","post","type-post","status-publish","format-standard","has-post-thumbnail","hentry","category-regions"],"aioseo_notices":[],"yoast_head":"<!-- This site is optimized with the Yoast SEO plugin v27.5 - https:\/\/yoast.com\/product\/yoast-seo-wordpress\/ -->\n<title>Universit\u00e9 Badji Mokhtar d\u2019Annaba: Vers le renforcement de l\u2019enseignement de la langue cor\u00e9enne - La Sentinelle<\/title>\n<meta name=\"robots\" content=\"index, follow, max-snippet:-1, max-image-preview:large, max-video-preview:-1\" \/>\n<link rel=\"canonical\" href=\"https:\/\/lasentinelle.dz\/index.php\/2024\/12\/09\/universite-badji-mokhtar-dannaba-vers-le-renforcement-de-lenseignement-de-la-langue-coreenne\/\" \/>\n<meta property=\"og:locale\" content=\"fr_FR\" \/>\n<meta property=\"og:type\" content=\"article\" \/>\n<meta property=\"og:title\" content=\"Universit\u00e9 Badji Mokhtar d\u2019Annaba: Vers le renforcement de l\u2019enseignement de la langue cor\u00e9enne - La Sentinelle\" \/>\n<meta property=\"og:description\" content=\"L&rsquo;Universit\u00e9 Badji Mokhtar d&rsquo;Annaba a re\u00e7u, ce week-end dans une d\u00e9marche qui refl\u00e8te la profondeur des relations bilat\u00e9rales, une d\u00e9l\u00e9gation\" \/>\n<meta property=\"og:url\" content=\"https:\/\/lasentinelle.dz\/index.php\/2024\/12\/09\/universite-badji-mokhtar-dannaba-vers-le-renforcement-de-lenseignement-de-la-langue-coreenne\/\" \/>\n<meta property=\"og:site_name\" content=\"La Sentinelle\" \/>\n<meta property=\"article:publisher\" content=\"https:\/\/www.facebook.com\/La-Sentinelle-104059864394773\" \/>\n<meta property=\"article:published_time\" content=\"2024-12-09T11:40:27+00:00\" \/>\n<meta property=\"og:image\" content=\"https:\/\/lasentinelle.dz\/wp-content\/uploads\/2024\/09\/Universite-annaba.gif\" \/>\n\t<meta property=\"og:image:width\" content=\"1024\" \/>\n\t<meta property=\"og:image:height\" content=\"768\" \/>\n\t<meta property=\"og:image:type\" content=\"image\/gif\" \/>\n<meta name=\"author\" content=\"admin\" \/>\n<meta name=\"twitter:card\" content=\"summary_large_image\" \/>\n<meta name=\"twitter:label1\" content=\"\u00c9crit par\" \/>\n\t<meta name=\"twitter:data1\" content=\"admin\" \/>\n\t<meta name=\"twitter:label2\" content=\"Dur\u00e9e de lecture estim\u00e9e\" \/>\n\t<meta name=\"twitter:data2\" content=\"4 minutes\" \/>\n<script type=\"application\/ld+json\" class=\"yoast-schema-graph\">{\"@context\":\"https:\\\/\\\/schema.org\",\"@graph\":[{\"@type\":\"Article\",\"@id\":\"https:\\\/\\\/lasentinelle.dz\\\/index.php\\\/2024\\\/12\\\/09\\\/universite-badji-mokhtar-dannaba-vers-le-renforcement-de-lenseignement-de-la-langue-coreenne\\\/#article\",\"isPartOf\":{\"@id\":\"https:\\\/\\\/lasentinelle.dz\\\/index.php\\\/2024\\\/12\\\/09\\\/universite-badji-mokhtar-dannaba-vers-le-renforcement-de-lenseignement-de-la-langue-coreenne\\\/\"},\"author\":{\"name\":\"admin\",\"@id\":\"https:\\\/\\\/lasentinelle.dz\\\/#\\\/schema\\\/person\\\/729ee0024f24e0b8c5ec17232f8e8b41\"},\"headline\":\"Universit\u00e9 Badji Mokhtar d\u2019Annaba: Vers le renforcement de l\u2019enseignement de la langue cor\u00e9enne\",\"datePublished\":\"2024-12-09T11:40:27+00:00\",\"mainEntityOfPage\":{\"@id\":\"https:\\\/\\\/lasentinelle.dz\\\/index.php\\\/2024\\\/12\\\/09\\\/universite-badji-mokhtar-dannaba-vers-le-renforcement-de-lenseignement-de-la-langue-coreenne\\\/\"},\"wordCount\":844,\"commentCount\":0,\"publisher\":{\"@id\":\"https:\\\/\\\/lasentinelle.dz\\\/#organization\"},\"image\":{\"@id\":\"https:\\\/\\\/lasentinelle.dz\\\/index.php\\\/2024\\\/12\\\/09\\\/universite-badji-mokhtar-dannaba-vers-le-renforcement-de-lenseignement-de-la-langue-coreenne\\\/#primaryimage\"},\"thumbnailUrl\":\"https:\\\/\\\/lasentinelle.dz\\\/wp-content\\\/uploads\\\/2024\\\/09\\\/Universite-annaba.gif\",\"articleSection\":[\"R\u00e9gions\"],\"inLanguage\":\"fr-FR\",\"potentialAction\":[{\"@type\":\"CommentAction\",\"name\":\"Comment\",\"target\":[\"https:\\\/\\\/lasentinelle.dz\\\/index.php\\\/2024\\\/12\\\/09\\\/universite-badji-mokhtar-dannaba-vers-le-renforcement-de-lenseignement-de-la-langue-coreenne\\\/#respond\"]}]},{\"@type\":\"WebPage\",\"@id\":\"https:\\\/\\\/lasentinelle.dz\\\/index.php\\\/2024\\\/12\\\/09\\\/universite-badji-mokhtar-dannaba-vers-le-renforcement-de-lenseignement-de-la-langue-coreenne\\\/\",\"url\":\"https:\\\/\\\/lasentinelle.dz\\\/index.php\\\/2024\\\/12\\\/09\\\/universite-badji-mokhtar-dannaba-vers-le-renforcement-de-lenseignement-de-la-langue-coreenne\\\/\",\"name\":\"Universit\u00e9 Badji Mokhtar d\u2019Annaba: Vers le renforcement de l\u2019enseignement de la langue cor\u00e9enne - La Sentinelle\",\"isPartOf\":{\"@id\":\"https:\\\/\\\/lasentinelle.dz\\\/#website\"},\"primaryImageOfPage\":{\"@id\":\"https:\\\/\\\/lasentinelle.dz\\\/index.php\\\/2024\\\/12\\\/09\\\/universite-badji-mokhtar-dannaba-vers-le-renforcement-de-lenseignement-de-la-langue-coreenne\\\/#primaryimage\"},\"image\":{\"@id\":\"https:\\\/\\\/lasentinelle.dz\\\/index.php\\\/2024\\\/12\\\/09\\\/universite-badji-mokhtar-dannaba-vers-le-renforcement-de-lenseignement-de-la-langue-coreenne\\\/#primaryimage\"},\"thumbnailUrl\":\"https:\\\/\\\/lasentinelle.dz\\\/wp-content\\\/uploads\\\/2024\\\/09\\\/Universite-annaba.gif\",\"datePublished\":\"2024-12-09T11:40:27+00:00\",\"breadcrumb\":{\"@id\":\"https:\\\/\\\/lasentinelle.dz\\\/index.php\\\/2024\\\/12\\\/09\\\/universite-badji-mokhtar-dannaba-vers-le-renforcement-de-lenseignement-de-la-langue-coreenne\\\/#breadcrumb\"},\"inLanguage\":\"fr-FR\",\"potentialAction\":[{\"@type\":\"ReadAction\",\"target\":[\"https:\\\/\\\/lasentinelle.dz\\\/index.php\\\/2024\\\/12\\\/09\\\/universite-badji-mokhtar-dannaba-vers-le-renforcement-de-lenseignement-de-la-langue-coreenne\\\/\"]}]},{\"@type\":\"ImageObject\",\"inLanguage\":\"fr-FR\",\"@id\":\"https:\\\/\\\/lasentinelle.dz\\\/index.php\\\/2024\\\/12\\\/09\\\/universite-badji-mokhtar-dannaba-vers-le-renforcement-de-lenseignement-de-la-langue-coreenne\\\/#primaryimage\",\"url\":\"https:\\\/\\\/lasentinelle.dz\\\/wp-content\\\/uploads\\\/2024\\\/09\\\/Universite-annaba.gif\",\"contentUrl\":\"https:\\\/\\\/lasentinelle.dz\\\/wp-content\\\/uploads\\\/2024\\\/09\\\/Universite-annaba.gif\",\"width\":1024,\"height\":768},{\"@type\":\"BreadcrumbList\",\"@id\":\"https:\\\/\\\/lasentinelle.dz\\\/index.php\\\/2024\\\/12\\\/09\\\/universite-badji-mokhtar-dannaba-vers-le-renforcement-de-lenseignement-de-la-langue-coreenne\\\/#breadcrumb\",\"itemListElement\":[{\"@type\":\"ListItem\",\"position\":1,\"name\":\"Accueil\",\"item\":\"https:\\\/\\\/lasentinelle.dz\\\/\"},{\"@type\":\"ListItem\",\"position\":2,\"name\":\"Universit\u00e9 Badji Mokhtar d\u2019Annaba: Vers le renforcement de l\u2019enseignement de la langue cor\u00e9enne\"}]},{\"@type\":\"WebSite\",\"@id\":\"https:\\\/\\\/lasentinelle.dz\\\/#website\",\"url\":\"https:\\\/\\\/lasentinelle.dz\\\/\",\"name\":\"La Sentinelle\",\"description\":\"Quotidien national d&#039;information\",\"publisher\":{\"@id\":\"https:\\\/\\\/lasentinelle.dz\\\/#organization\"},\"potentialAction\":[{\"@type\":\"SearchAction\",\"target\":{\"@type\":\"EntryPoint\",\"urlTemplate\":\"https:\\\/\\\/lasentinelle.dz\\\/?s={search_term_string}\"},\"query-input\":{\"@type\":\"PropertyValueSpecification\",\"valueRequired\":true,\"valueName\":\"search_term_string\"}}],\"inLanguage\":\"fr-FR\"},{\"@type\":\"Organization\",\"@id\":\"https:\\\/\\\/lasentinelle.dz\\\/#organization\",\"name\":\"Quotidien La Sentinelle\",\"url\":\"https:\\\/\\\/lasentinelle.dz\\\/\",\"logo\":{\"@type\":\"ImageObject\",\"inLanguage\":\"fr-FR\",\"@id\":\"https:\\\/\\\/lasentinelle.dz\\\/#\\\/schema\\\/logo\\\/image\\\/\",\"url\":\"https:\\\/\\\/lasentinelle.dz\\\/wp-content\\\/uploads\\\/2021\\\/09\\\/logo-sentinelleSLOGAN-1.png\",\"contentUrl\":\"https:\\\/\\\/lasentinelle.dz\\\/wp-content\\\/uploads\\\/2021\\\/09\\\/logo-sentinelleSLOGAN-1.png\",\"width\":615,\"height\":142,\"caption\":\"Quotidien La Sentinelle\"},\"image\":{\"@id\":\"https:\\\/\\\/lasentinelle.dz\\\/#\\\/schema\\\/logo\\\/image\\\/\"},\"sameAs\":[\"https:\\\/\\\/www.facebook.com\\\/La-Sentinelle-104059864394773\"]},{\"@type\":\"Person\",\"@id\":\"https:\\\/\\\/lasentinelle.dz\\\/#\\\/schema\\\/person\\\/729ee0024f24e0b8c5ec17232f8e8b41\",\"name\":\"admin\",\"image\":{\"@type\":\"ImageObject\",\"inLanguage\":\"fr-FR\",\"@id\":\"https:\\\/\\\/secure.gravatar.com\\\/avatar\\\/4c81fed838786e9b53f540bf46533e750f5d292099ae3b66cfc6fb1982e29df7?s=96&d=mm&r=g\",\"url\":\"https:\\\/\\\/secure.gravatar.com\\\/avatar\\\/4c81fed838786e9b53f540bf46533e750f5d292099ae3b66cfc6fb1982e29df7?s=96&d=mm&r=g\",\"contentUrl\":\"https:\\\/\\\/secure.gravatar.com\\\/avatar\\\/4c81fed838786e9b53f540bf46533e750f5d292099ae3b66cfc6fb1982e29df7?s=96&d=mm&r=g\",\"caption\":\"admin\"},\"description\":\"admin\",\"url\":\"https:\\\/\\\/lasentinelle.dz\\\/author\\\/admin\\\/\"}]}<\/script>\n<!-- \/ Yoast SEO plugin. -->","yoast_head_json":{"title":"Universit\u00e9 Badji Mokhtar d\u2019Annaba: Vers le renforcement de l\u2019enseignement de la langue cor\u00e9enne - La Sentinelle","robots":{"index":"index","follow":"follow","max-snippet":"max-snippet:-1","max-image-preview":"max-image-preview:large","max-video-preview":"max-video-preview:-1"},"canonical":"https:\/\/lasentinelle.dz\/index.php\/2024\/12\/09\/universite-badji-mokhtar-dannaba-vers-le-renforcement-de-lenseignement-de-la-langue-coreenne\/","og_locale":"fr_FR","og_type":"article","og_title":"Universit\u00e9 Badji Mokhtar d\u2019Annaba: Vers le renforcement de l\u2019enseignement de la langue cor\u00e9enne - La Sentinelle","og_description":"L&rsquo;Universit\u00e9 Badji Mokhtar d&rsquo;Annaba a re\u00e7u, ce week-end dans une d\u00e9marche qui refl\u00e8te la profondeur des relations bilat\u00e9rales, une d\u00e9l\u00e9gation","og_url":"https:\/\/lasentinelle.dz\/index.php\/2024\/12\/09\/universite-badji-mokhtar-dannaba-vers-le-renforcement-de-lenseignement-de-la-langue-coreenne\/","og_site_name":"La Sentinelle","article_publisher":"https:\/\/www.facebook.com\/La-Sentinelle-104059864394773","article_published_time":"2024-12-09T11:40:27+00:00","og_image":[{"width":1024,"height":768,"url":"https:\/\/lasentinelle.dz\/wp-content\/uploads\/2024\/09\/Universite-annaba.gif","type":"image\/gif"}],"author":"admin","twitter_card":"summary_large_image","twitter_misc":{"\u00c9crit par":"admin","Dur\u00e9e de lecture estim\u00e9e":"4 minutes"},"schema":{"@context":"https:\/\/schema.org","@graph":[{"@type":"Article","@id":"https:\/\/lasentinelle.dz\/index.php\/2024\/12\/09\/universite-badji-mokhtar-dannaba-vers-le-renforcement-de-lenseignement-de-la-langue-coreenne\/#article","isPartOf":{"@id":"https:\/\/lasentinelle.dz\/index.php\/2024\/12\/09\/universite-badji-mokhtar-dannaba-vers-le-renforcement-de-lenseignement-de-la-langue-coreenne\/"},"author":{"name":"admin","@id":"https:\/\/lasentinelle.dz\/#\/schema\/person\/729ee0024f24e0b8c5ec17232f8e8b41"},"headline":"Universit\u00e9 Badji Mokhtar d\u2019Annaba: Vers le renforcement de l\u2019enseignement de la langue cor\u00e9enne","datePublished":"2024-12-09T11:40:27+00:00","mainEntityOfPage":{"@id":"https:\/\/lasentinelle.dz\/index.php\/2024\/12\/09\/universite-badji-mokhtar-dannaba-vers-le-renforcement-de-lenseignement-de-la-langue-coreenne\/"},"wordCount":844,"commentCount":0,"publisher":{"@id":"https:\/\/lasentinelle.dz\/#organization"},"image":{"@id":"https:\/\/lasentinelle.dz\/index.php\/2024\/12\/09\/universite-badji-mokhtar-dannaba-vers-le-renforcement-de-lenseignement-de-la-langue-coreenne\/#primaryimage"},"thumbnailUrl":"https:\/\/lasentinelle.dz\/wp-content\/uploads\/2024\/09\/Universite-annaba.gif","articleSection":["R\u00e9gions"],"inLanguage":"fr-FR","potentialAction":[{"@type":"CommentAction","name":"Comment","target":["https:\/\/lasentinelle.dz\/index.php\/2024\/12\/09\/universite-badji-mokhtar-dannaba-vers-le-renforcement-de-lenseignement-de-la-langue-coreenne\/#respond"]}]},{"@type":"WebPage","@id":"https:\/\/lasentinelle.dz\/index.php\/2024\/12\/09\/universite-badji-mokhtar-dannaba-vers-le-renforcement-de-lenseignement-de-la-langue-coreenne\/","url":"https:\/\/lasentinelle.dz\/index.php\/2024\/12\/09\/universite-badji-mokhtar-dannaba-vers-le-renforcement-de-lenseignement-de-la-langue-coreenne\/","name":"Universit\u00e9 Badji Mokhtar d\u2019Annaba: Vers le renforcement de l\u2019enseignement de la langue cor\u00e9enne - La Sentinelle","isPartOf":{"@id":"https:\/\/lasentinelle.dz\/#website"},"primaryImageOfPage":{"@id":"https:\/\/lasentinelle.dz\/index.php\/2024\/12\/09\/universite-badji-mokhtar-dannaba-vers-le-renforcement-de-lenseignement-de-la-langue-coreenne\/#primaryimage"},"image":{"@id":"https:\/\/lasentinelle.dz\/index.php\/2024\/12\/09\/universite-badji-mokhtar-dannaba-vers-le-renforcement-de-lenseignement-de-la-langue-coreenne\/#primaryimage"},"thumbnailUrl":"https:\/\/lasentinelle.dz\/wp-content\/uploads\/2024\/09\/Universite-annaba.gif","datePublished":"2024-12-09T11:40:27+00:00","breadcrumb":{"@id":"https:\/\/lasentinelle.dz\/index.php\/2024\/12\/09\/universite-badji-mokhtar-dannaba-vers-le-renforcement-de-lenseignement-de-la-langue-coreenne\/#breadcrumb"},"inLanguage":"fr-FR","potentialAction":[{"@type":"ReadAction","target":["https:\/\/lasentinelle.dz\/index.php\/2024\/12\/09\/universite-badji-mokhtar-dannaba-vers-le-renforcement-de-lenseignement-de-la-langue-coreenne\/"]}]},{"@type":"ImageObject","inLanguage":"fr-FR","@id":"https:\/\/lasentinelle.dz\/index.php\/2024\/12\/09\/universite-badji-mokhtar-dannaba-vers-le-renforcement-de-lenseignement-de-la-langue-coreenne\/#primaryimage","url":"https:\/\/lasentinelle.dz\/wp-content\/uploads\/2024\/09\/Universite-annaba.gif","contentUrl":"https:\/\/lasentinelle.dz\/wp-content\/uploads\/2024\/09\/Universite-annaba.gif","width":1024,"height":768},{"@type":"BreadcrumbList","@id":"https:\/\/lasentinelle.dz\/index.php\/2024\/12\/09\/universite-badji-mokhtar-dannaba-vers-le-renforcement-de-lenseignement-de-la-langue-coreenne\/#breadcrumb","itemListElement":[{"@type":"ListItem","position":1,"name":"Accueil","item":"https:\/\/lasentinelle.dz\/"},{"@type":"ListItem","position":2,"name":"Universit\u00e9 Badji Mokhtar d\u2019Annaba: Vers le renforcement de l\u2019enseignement de la langue cor\u00e9enne"}]},{"@type":"WebSite","@id":"https:\/\/lasentinelle.dz\/#website","url":"https:\/\/lasentinelle.dz\/","name":"La Sentinelle","description":"Quotidien national d&#039;information","publisher":{"@id":"https:\/\/lasentinelle.dz\/#organization"},"potentialAction":[{"@type":"SearchAction","target":{"@type":"EntryPoint","urlTemplate":"https:\/\/lasentinelle.dz\/?s={search_term_string}"},"query-input":{"@type":"PropertyValueSpecification","valueRequired":true,"valueName":"search_term_string"}}],"inLanguage":"fr-FR"},{"@type":"Organization","@id":"https:\/\/lasentinelle.dz\/#organization","name":"Quotidien La Sentinelle","url":"https:\/\/lasentinelle.dz\/","logo":{"@type":"ImageObject","inLanguage":"fr-FR","@id":"https:\/\/lasentinelle.dz\/#\/schema\/logo\/image\/","url":"https:\/\/lasentinelle.dz\/wp-content\/uploads\/2021\/09\/logo-sentinelleSLOGAN-1.png","contentUrl":"https:\/\/lasentinelle.dz\/wp-content\/uploads\/2021\/09\/logo-sentinelleSLOGAN-1.png","width":615,"height":142,"caption":"Quotidien La Sentinelle"},"image":{"@id":"https:\/\/lasentinelle.dz\/#\/schema\/logo\/image\/"},"sameAs":["https:\/\/www.facebook.com\/La-Sentinelle-104059864394773"]},{"@type":"Person","@id":"https:\/\/lasentinelle.dz\/#\/schema\/person\/729ee0024f24e0b8c5ec17232f8e8b41","name":"admin","image":{"@type":"ImageObject","inLanguage":"fr-FR","@id":"https:\/\/secure.gravatar.com\/avatar\/4c81fed838786e9b53f540bf46533e750f5d292099ae3b66cfc6fb1982e29df7?s=96&d=mm&r=g","url":"https:\/\/secure.gravatar.com\/avatar\/4c81fed838786e9b53f540bf46533e750f5d292099ae3b66cfc6fb1982e29df7?s=96&d=mm&r=g","contentUrl":"https:\/\/secure.gravatar.com\/avatar\/4c81fed838786e9b53f540bf46533e750f5d292099ae3b66cfc6fb1982e29df7?s=96&d=mm&r=g","caption":"admin"},"description":"admin","url":"https:\/\/lasentinelle.dz\/author\/admin\/"}]}},"_links":{"self":[{"href":"https:\/\/lasentinelle.dz\/index.php\/wp-json\/wp\/v2\/posts\/60258","targetHints":{"allow":["GET"]}}],"collection":[{"href":"https:\/\/lasentinelle.dz\/index.php\/wp-json\/wp\/v2\/posts"}],"about":[{"href":"https:\/\/lasentinelle.dz\/index.php\/wp-json\/wp\/v2\/types\/post"}],"author":[{"embeddable":true,"href":"https:\/\/lasentinelle.dz\/index.php\/wp-json\/wp\/v2\/users\/6"}],"replies":[{"embeddable":true,"href":"https:\/\/lasentinelle.dz\/index.php\/wp-json\/wp\/v2\/comments?post=60258"}],"version-history":[{"count":1,"href":"https:\/\/lasentinelle.dz\/index.php\/wp-json\/wp\/v2\/posts\/60258\/revisions"}],"predecessor-version":[{"id":60259,"href":"https:\/\/lasentinelle.dz\/index.php\/wp-json\/wp\/v2\/posts\/60258\/revisions\/60259"}],"wp:featuredmedia":[{"embeddable":true,"href":"https:\/\/lasentinelle.dz\/index.php\/wp-json\/wp\/v2\/media\/56782"}],"wp:attachment":[{"href":"https:\/\/lasentinelle.dz\/index.php\/wp-json\/wp\/v2\/media?parent=60258"}],"wp:term":[{"taxonomy":"category","embeddable":true,"href":"https:\/\/lasentinelle.dz\/index.php\/wp-json\/wp\/v2\/categories?post=60258"},{"taxonomy":"post_tag","embeddable":true,"href":"https:\/\/lasentinelle.dz\/index.php\/wp-json\/wp\/v2\/tags?post=60258"}],"curies":[{"name":"wp","href":"https:\/\/api.w.org\/{rel}","templated":true}]}}