{"id":60281,"date":"2024-12-09T12:50:29","date_gmt":"2024-12-09T11:50:29","guid":{"rendered":"https:\/\/lasentinelle.dz\/?p=60281"},"modified":"2024-12-09T12:50:30","modified_gmt":"2024-12-09T11:50:30","slug":"universite-vers-une-nouvelle-hausse-de-la-bourse-des-etudiants","status":"publish","type":"post","link":"https:\/\/lasentinelle.dz\/index.php\/2024\/12\/09\/universite-vers-une-nouvelle-hausse-de-la-bourse-des-etudiants\/","title":{"rendered":"Universit\u00e9: Vers une nouvelle hausse de la bourse des \u00e9tudiants"},"content":{"rendered":"\n<p>La Directrice de la vie estudiantine au minist\u00e8re de l&rsquo;Enseignement sup\u00e9rieur et de la Recherche scientifique, Assia Sahraoui, a d\u00e9voil\u00e9 une s\u00e9rie de mesures ambitieuses visant \u00e0 am\u00e9liorer substantiellement les conditions de vie et d&rsquo;\u00e9tudes des \u00e9tudiants alg\u00e9riens. Intervenant lors de l&rsquo;\u00e9mission \u00ab L&rsquo;invit\u00e9 du Jour \u00bb de la Cha\u00eene 3 de la Radio alg\u00e9rienne, elle a pr\u00e9sent\u00e9 une strat\u00e9gie globale de r\u00e9forme, dont la revalorisation des bourses constitue l&rsquo;un des \u00e9l\u00e9ments phares. La premi\u00e8re mesure marquante concerne directement le pouvoir d&rsquo;achat des \u00e9tudiants. Elle a annonc\u00e9 ainsi une nouvelle hausse de la bourse des \u00e9tudiants, sur instructions explicites du pr\u00e9sident de la R\u00e9publique, Abdelmadjid Tebboune. Elle a pr\u00e9cis\u00e9 qu\u2019une premi\u00e8re augmentation significative de la bourse a \u00e9t\u00e9 mise en \u0153uvre. Le montant mensuel est pass\u00e9 de 1350 \u00e0 2000 dinars alg\u00e9riens, soit une hausse substantielle de pr\u00e8s de 50%. Et d\u2019ajouter qu\u2019une seconde hausse est en cours. Cette revalorisation n&rsquo;est pas le fruit du hasard, mais repose sur une \u00e9tude approfondie men\u00e9e par une \u00e9quipe de recherche du CREAD. La responsable est \u00e9galement revenue sur les principales r\u00e9formes des \u0153uvres universitaires et mesures prises pour am\u00e9liorer le quotidien des \u00e9tudiants.&nbsp; \u00ab Le syst\u00e8me actuel des \u0153uvres universitaires a atteint ses limites et le chantier est toujours ouvert \u00bb, a d\u00e9clar\u00e9 Sahraoui, illustrant la volont\u00e9 des autorit\u00e9s de repenser globalement l&rsquo;accompagnement des \u00e9tudiants. Elle a insist\u00e9 sur le caract\u00e8re collaboratif de cette r\u00e9forme, soulignant que rien ne se fera \u00ab sans l&rsquo;accompagnement des acteurs \u00bb que sont l&rsquo;Office national des \u0153uvres universitaires (ONOU), les partenaires sociaux, les organisations syndicales et tous les acteurs impliqu\u00e9s dans le secteur. La s\u00e9curit\u00e9 des \u00e9tudiants a \u00e9t\u00e9 au c\u0153ur des pr\u00e9occupations. Reconnaissant qu&rsquo;\u00ab il n&rsquo;y a jamais de risque z\u00e9ro \u00bb, Sahraoui a d\u00e9taill\u00e9 les mesures mises en place pour garantir un environnement s\u00fbr. Les cit\u00e9s universitaires ont \u00e9t\u00e9 dot\u00e9es de 7.000 cam\u00e9ras de surveillance et d&rsquo;un syst\u00e8me de reconnaissance faciale \u00e0 l&rsquo;entr\u00e9e des r\u00e9sidences. Le minist\u00e8re a \u00e9galement fait appel \u00e0 des soci\u00e9t\u00e9s priv\u00e9es de gardiennage pour renforcer la s\u00e9curit\u00e9 existante. La transformation digitale a significativement simplifi\u00e9 les d\u00e9marches administratives. La plateforme progres permet d\u00e9sormais aux \u00e9tudiants d&rsquo;effectuer leurs demandes de logement en ligne, supprimant les contraintes des d\u00e9placements physiques. Un effort consid\u00e9rable a \u00e9t\u00e9 men\u00e9 en termes d&rsquo;infrastructure, avec l&rsquo;acquisition de 80.000 nouveaux lits et des op\u00e9rations de maintenance exhaustives, incluant le renouvellement des \u00e9quipements de cuisine. Les d\u00e9fis de la suroccupation des r\u00e9sidences universitaires n&rsquo;ont pas \u00e9t\u00e9 \u00e9lud\u00e9s. \u00c0 Alger, certaines cit\u00e9s universitaires pour jeunes filles connaissaient initialement une moyenne de 6 \u00e9tudiantes par chambre. \u00ab Le probl\u00e8me a \u00e9t\u00e9 r\u00e9solu \u00bb, a affirm\u00e9 Sahraoui, pr\u00e9cisant que la situation s&rsquo;est normalis\u00e9e avec d\u00e9sormais trois \u00e0 quatre \u00e9tudiantes par chambre. Le traitement du dossier des \u00ab indus occupants \u00bb a permis de lib\u00e9rer de nombreuses chambres, am\u00e9liorant significativement les conditions de vie. Elle a \u00e9galement soulign\u00e9 que l&rsquo;ann\u00e9e 2023 a marqu\u00e9 un tournant avec la r\u00e9ception de 19 nouvelles r\u00e9sidences universitaires \u00e0 travers le territoire national, actuellement en cours d&rsquo;\u00e9quipement. Cette dynamique refl\u00e8te l&rsquo;engagement des autorit\u00e9s \u00e0 moderniser l&rsquo;enseignement sup\u00e9rieur et \u00e0 garantir des conditions d&rsquo;\u00e9tudes optimales.<\/p>\n\n\n\n<p>Lyna Larbi<\/p>\n","protected":false},"excerpt":{"rendered":"<p>La Directrice de la vie estudiantine au minist\u00e8re de l&rsquo;Enseignement sup\u00e9rieur et de la Recherche scientifique, Assia Sahraoui, a d\u00e9voil\u00e9<\/p>\n","protected":false},"author":6,"featured_media":10384,"comment_status":"open","ping_status":"closed","sticky":false,"template":"","format":"standard","meta":{"colormag_page_container_layout":"default_layout","colormag_page_sidebar_layout":"default_layout","om_disable_all_campaigns":false,"_monsterinsights_skip_tracking":false,"_monsterinsights_sitenote_active":false,"_monsterinsights_sitenote_note":"","_monsterinsights_sitenote_category":0,"footnotes":"","_wpscppro_dont_share_socialmedia":false,"_wpscppro_custom_social_share_image":0,"_facebook_share_type":"default","_twitter_share_type":"default","_linkedin_share_type":"default","_pinterest_share_type":"default","_linkedin_share_type_page":"","_instagram_share_type":"default","_medium_share_type":"default","_threads_share_type":"","_google_business_share_type":"","_selected_social_profile":[],"_wpsp_enable_custom_social_template":false,"_wpsp_social_scheduling":{"enabled":false,"datetime":null,"platforms":[],"status":"template_only","dateOption":"today","timeOption":"now","customDays":"","customHours":"","customDate":"","customTime":"","schedulingType":"absolute"},"_wpsp_active_default_template":true},"categories":[52,27],"tags":[],"class_list":["post-60281","post","type-post","status-publish","format-standard","has-post-thumbnail","hentry","category-a-la-une","category-actualite"],"aioseo_notices":[],"yoast_head":"<!-- This site is optimized with the Yoast SEO plugin v27.5 - https:\/\/yoast.com\/product\/yoast-seo-wordpress\/ -->\n<title>Universit\u00e9: Vers une nouvelle hausse de la bourse des \u00e9tudiants - La Sentinelle<\/title>\n<meta name=\"robots\" content=\"index, follow, max-snippet:-1, max-image-preview:large, max-video-preview:-1\" \/>\n<link rel=\"canonical\" href=\"https:\/\/lasentinelle.dz\/index.php\/2024\/12\/09\/universite-vers-une-nouvelle-hausse-de-la-bourse-des-etudiants\/\" \/>\n<meta property=\"og:locale\" content=\"fr_FR\" \/>\n<meta property=\"og:type\" content=\"article\" \/>\n<meta property=\"og:title\" content=\"Universit\u00e9: Vers une nouvelle hausse de la bourse des \u00e9tudiants - La Sentinelle\" \/>\n<meta property=\"og:description\" content=\"La Directrice de la vie estudiantine au minist\u00e8re de l&rsquo;Enseignement sup\u00e9rieur et de la Recherche scientifique, Assia Sahraoui, a d\u00e9voil\u00e9\" \/>\n<meta property=\"og:url\" content=\"https:\/\/lasentinelle.dz\/index.php\/2024\/12\/09\/universite-vers-une-nouvelle-hausse-de-la-bourse-des-etudiants\/\" \/>\n<meta property=\"og:site_name\" content=\"La Sentinelle\" \/>\n<meta property=\"article:publisher\" content=\"https:\/\/www.facebook.com\/La-Sentinelle-104059864394773\" \/>\n<meta property=\"article:published_time\" content=\"2024-12-09T11:50:29+00:00\" \/>\n<meta property=\"article:modified_time\" content=\"2024-12-09T11:50:30+00:00\" \/>\n<meta property=\"og:image\" content=\"https:\/\/lasentinelle.dz\/wp-content\/uploads\/2021\/10\/Universite-algerie.jpg\" \/>\n\t<meta property=\"og:image:width\" content=\"500\" \/>\n\t<meta property=\"og:image:height\" content=\"326\" \/>\n\t<meta property=\"og:image:type\" content=\"image\/jpeg\" \/>\n<meta name=\"author\" content=\"admin\" \/>\n<meta name=\"twitter:card\" content=\"summary_large_image\" \/>\n<meta name=\"twitter:label1\" content=\"\u00c9crit par\" \/>\n\t<meta name=\"twitter:data1\" content=\"admin\" \/>\n\t<meta name=\"twitter:label2\" content=\"Dur\u00e9e de lecture estim\u00e9e\" \/>\n\t<meta name=\"twitter:data2\" content=\"3 minutes\" \/>\n<script type=\"application\/ld+json\" class=\"yoast-schema-graph\">{\"@context\":\"https:\\\/\\\/schema.org\",\"@graph\":[{\"@type\":\"Article\",\"@id\":\"https:\\\/\\\/lasentinelle.dz\\\/index.php\\\/2024\\\/12\\\/09\\\/universite-vers-une-nouvelle-hausse-de-la-bourse-des-etudiants\\\/#article\",\"isPartOf\":{\"@id\":\"https:\\\/\\\/lasentinelle.dz\\\/index.php\\\/2024\\\/12\\\/09\\\/universite-vers-une-nouvelle-hausse-de-la-bourse-des-etudiants\\\/\"},\"author\":{\"name\":\"admin\",\"@id\":\"https:\\\/\\\/lasentinelle.dz\\\/#\\\/schema\\\/person\\\/729ee0024f24e0b8c5ec17232f8e8b41\"},\"headline\":\"Universit\u00e9: Vers une nouvelle hausse de la bourse des \u00e9tudiants\",\"datePublished\":\"2024-12-09T11:50:29+00:00\",\"dateModified\":\"2024-12-09T11:50:30+00:00\",\"mainEntityOfPage\":{\"@id\":\"https:\\\/\\\/lasentinelle.dz\\\/index.php\\\/2024\\\/12\\\/09\\\/universite-vers-une-nouvelle-hausse-de-la-bourse-des-etudiants\\\/\"},\"wordCount\":592,\"commentCount\":0,\"publisher\":{\"@id\":\"https:\\\/\\\/lasentinelle.dz\\\/#organization\"},\"image\":{\"@id\":\"https:\\\/\\\/lasentinelle.dz\\\/index.php\\\/2024\\\/12\\\/09\\\/universite-vers-une-nouvelle-hausse-de-la-bourse-des-etudiants\\\/#primaryimage\"},\"thumbnailUrl\":\"https:\\\/\\\/lasentinelle.dz\\\/wp-content\\\/uploads\\\/2021\\\/10\\\/Universite-algerie.jpg\",\"articleSection\":[\"\u00c0 la Une\",\"Actualit\u00e9\"],\"inLanguage\":\"fr-FR\",\"potentialAction\":[{\"@type\":\"CommentAction\",\"name\":\"Comment\",\"target\":[\"https:\\\/\\\/lasentinelle.dz\\\/index.php\\\/2024\\\/12\\\/09\\\/universite-vers-une-nouvelle-hausse-de-la-bourse-des-etudiants\\\/#respond\"]}]},{\"@type\":\"WebPage\",\"@id\":\"https:\\\/\\\/lasentinelle.dz\\\/index.php\\\/2024\\\/12\\\/09\\\/universite-vers-une-nouvelle-hausse-de-la-bourse-des-etudiants\\\/\",\"url\":\"https:\\\/\\\/lasentinelle.dz\\\/index.php\\\/2024\\\/12\\\/09\\\/universite-vers-une-nouvelle-hausse-de-la-bourse-des-etudiants\\\/\",\"name\":\"Universit\u00e9: Vers une nouvelle hausse de la bourse des \u00e9tudiants - La Sentinelle\",\"isPartOf\":{\"@id\":\"https:\\\/\\\/lasentinelle.dz\\\/#website\"},\"primaryImageOfPage\":{\"@id\":\"https:\\\/\\\/lasentinelle.dz\\\/index.php\\\/2024\\\/12\\\/09\\\/universite-vers-une-nouvelle-hausse-de-la-bourse-des-etudiants\\\/#primaryimage\"},\"image\":{\"@id\":\"https:\\\/\\\/lasentinelle.dz\\\/index.php\\\/2024\\\/12\\\/09\\\/universite-vers-une-nouvelle-hausse-de-la-bourse-des-etudiants\\\/#primaryimage\"},\"thumbnailUrl\":\"https:\\\/\\\/lasentinelle.dz\\\/wp-content\\\/uploads\\\/2021\\\/10\\\/Universite-algerie.jpg\",\"datePublished\":\"2024-12-09T11:50:29+00:00\",\"dateModified\":\"2024-12-09T11:50:30+00:00\",\"breadcrumb\":{\"@id\":\"https:\\\/\\\/lasentinelle.dz\\\/index.php\\\/2024\\\/12\\\/09\\\/universite-vers-une-nouvelle-hausse-de-la-bourse-des-etudiants\\\/#breadcrumb\"},\"inLanguage\":\"fr-FR\",\"potentialAction\":[{\"@type\":\"ReadAction\",\"target\":[\"https:\\\/\\\/lasentinelle.dz\\\/index.php\\\/2024\\\/12\\\/09\\\/universite-vers-une-nouvelle-hausse-de-la-bourse-des-etudiants\\\/\"]}]},{\"@type\":\"ImageObject\",\"inLanguage\":\"fr-FR\",\"@id\":\"https:\\\/\\\/lasentinelle.dz\\\/index.php\\\/2024\\\/12\\\/09\\\/universite-vers-une-nouvelle-hausse-de-la-bourse-des-etudiants\\\/#primaryimage\",\"url\":\"https:\\\/\\\/lasentinelle.dz\\\/wp-content\\\/uploads\\\/2021\\\/10\\\/Universite-algerie.jpg\",\"contentUrl\":\"https:\\\/\\\/lasentinelle.dz\\\/wp-content\\\/uploads\\\/2021\\\/10\\\/Universite-algerie.jpg\",\"width\":500,\"height\":326},{\"@type\":\"BreadcrumbList\",\"@id\":\"https:\\\/\\\/lasentinelle.dz\\\/index.php\\\/2024\\\/12\\\/09\\\/universite-vers-une-nouvelle-hausse-de-la-bourse-des-etudiants\\\/#breadcrumb\",\"itemListElement\":[{\"@type\":\"ListItem\",\"position\":1,\"name\":\"Accueil\",\"item\":\"https:\\\/\\\/lasentinelle.dz\\\/\"},{\"@type\":\"ListItem\",\"position\":2,\"name\":\"Universit\u00e9: Vers une nouvelle hausse de la bourse des \u00e9tudiants\"}]},{\"@type\":\"WebSite\",\"@id\":\"https:\\\/\\\/lasentinelle.dz\\\/#website\",\"url\":\"https:\\\/\\\/lasentinelle.dz\\\/\",\"name\":\"La Sentinelle\",\"description\":\"Quotidien national d&#039;information\",\"publisher\":{\"@id\":\"https:\\\/\\\/lasentinelle.dz\\\/#organization\"},\"potentialAction\":[{\"@type\":\"SearchAction\",\"target\":{\"@type\":\"EntryPoint\",\"urlTemplate\":\"https:\\\/\\\/lasentinelle.dz\\\/?s={search_term_string}\"},\"query-input\":{\"@type\":\"PropertyValueSpecification\",\"valueRequired\":true,\"valueName\":\"search_term_string\"}}],\"inLanguage\":\"fr-FR\"},{\"@type\":\"Organization\",\"@id\":\"https:\\\/\\\/lasentinelle.dz\\\/#organization\",\"name\":\"Quotidien La Sentinelle\",\"url\":\"https:\\\/\\\/lasentinelle.dz\\\/\",\"logo\":{\"@type\":\"ImageObject\",\"inLanguage\":\"fr-FR\",\"@id\":\"https:\\\/\\\/lasentinelle.dz\\\/#\\\/schema\\\/logo\\\/image\\\/\",\"url\":\"https:\\\/\\\/lasentinelle.dz\\\/wp-content\\\/uploads\\\/2021\\\/09\\\/logo-sentinelleSLOGAN-1.png\",\"contentUrl\":\"https:\\\/\\\/lasentinelle.dz\\\/wp-content\\\/uploads\\\/2021\\\/09\\\/logo-sentinelleSLOGAN-1.png\",\"width\":615,\"height\":142,\"caption\":\"Quotidien La Sentinelle\"},\"image\":{\"@id\":\"https:\\\/\\\/lasentinelle.dz\\\/#\\\/schema\\\/logo\\\/image\\\/\"},\"sameAs\":[\"https:\\\/\\\/www.facebook.com\\\/La-Sentinelle-104059864394773\"]},{\"@type\":\"Person\",\"@id\":\"https:\\\/\\\/lasentinelle.dz\\\/#\\\/schema\\\/person\\\/729ee0024f24e0b8c5ec17232f8e8b41\",\"name\":\"admin\",\"image\":{\"@type\":\"ImageObject\",\"inLanguage\":\"fr-FR\",\"@id\":\"https:\\\/\\\/secure.gravatar.com\\\/avatar\\\/4c81fed838786e9b53f540bf46533e750f5d292099ae3b66cfc6fb1982e29df7?s=96&d=mm&r=g\",\"url\":\"https:\\\/\\\/secure.gravatar.com\\\/avatar\\\/4c81fed838786e9b53f540bf46533e750f5d292099ae3b66cfc6fb1982e29df7?s=96&d=mm&r=g\",\"contentUrl\":\"https:\\\/\\\/secure.gravatar.com\\\/avatar\\\/4c81fed838786e9b53f540bf46533e750f5d292099ae3b66cfc6fb1982e29df7?s=96&d=mm&r=g\",\"caption\":\"admin\"},\"description\":\"admin\",\"url\":\"https:\\\/\\\/lasentinelle.dz\\\/author\\\/admin\\\/\"}]}<\/script>\n<!-- \/ Yoast SEO plugin. -->","yoast_head_json":{"title":"Universit\u00e9: Vers une nouvelle hausse de la bourse des \u00e9tudiants - La Sentinelle","robots":{"index":"index","follow":"follow","max-snippet":"max-snippet:-1","max-image-preview":"max-image-preview:large","max-video-preview":"max-video-preview:-1"},"canonical":"https:\/\/lasentinelle.dz\/index.php\/2024\/12\/09\/universite-vers-une-nouvelle-hausse-de-la-bourse-des-etudiants\/","og_locale":"fr_FR","og_type":"article","og_title":"Universit\u00e9: Vers une nouvelle hausse de la bourse des \u00e9tudiants - La Sentinelle","og_description":"La Directrice de la vie estudiantine au minist\u00e8re de l&rsquo;Enseignement sup\u00e9rieur et de la Recherche scientifique, Assia Sahraoui, a d\u00e9voil\u00e9","og_url":"https:\/\/lasentinelle.dz\/index.php\/2024\/12\/09\/universite-vers-une-nouvelle-hausse-de-la-bourse-des-etudiants\/","og_site_name":"La Sentinelle","article_publisher":"https:\/\/www.facebook.com\/La-Sentinelle-104059864394773","article_published_time":"2024-12-09T11:50:29+00:00","article_modified_time":"2024-12-09T11:50:30+00:00","og_image":[{"width":500,"height":326,"url":"https:\/\/lasentinelle.dz\/wp-content\/uploads\/2021\/10\/Universite-algerie.jpg","type":"image\/jpeg"}],"author":"admin","twitter_card":"summary_large_image","twitter_misc":{"\u00c9crit par":"admin","Dur\u00e9e de lecture estim\u00e9e":"3 minutes"},"schema":{"@context":"https:\/\/schema.org","@graph":[{"@type":"Article","@id":"https:\/\/lasentinelle.dz\/index.php\/2024\/12\/09\/universite-vers-une-nouvelle-hausse-de-la-bourse-des-etudiants\/#article","isPartOf":{"@id":"https:\/\/lasentinelle.dz\/index.php\/2024\/12\/09\/universite-vers-une-nouvelle-hausse-de-la-bourse-des-etudiants\/"},"author":{"name":"admin","@id":"https:\/\/lasentinelle.dz\/#\/schema\/person\/729ee0024f24e0b8c5ec17232f8e8b41"},"headline":"Universit\u00e9: Vers une nouvelle hausse de la bourse des \u00e9tudiants","datePublished":"2024-12-09T11:50:29+00:00","dateModified":"2024-12-09T11:50:30+00:00","mainEntityOfPage":{"@id":"https:\/\/lasentinelle.dz\/index.php\/2024\/12\/09\/universite-vers-une-nouvelle-hausse-de-la-bourse-des-etudiants\/"},"wordCount":592,"commentCount":0,"publisher":{"@id":"https:\/\/lasentinelle.dz\/#organization"},"image":{"@id":"https:\/\/lasentinelle.dz\/index.php\/2024\/12\/09\/universite-vers-une-nouvelle-hausse-de-la-bourse-des-etudiants\/#primaryimage"},"thumbnailUrl":"https:\/\/lasentinelle.dz\/wp-content\/uploads\/2021\/10\/Universite-algerie.jpg","articleSection":["\u00c0 la Une","Actualit\u00e9"],"inLanguage":"fr-FR","potentialAction":[{"@type":"CommentAction","name":"Comment","target":["https:\/\/lasentinelle.dz\/index.php\/2024\/12\/09\/universite-vers-une-nouvelle-hausse-de-la-bourse-des-etudiants\/#respond"]}]},{"@type":"WebPage","@id":"https:\/\/lasentinelle.dz\/index.php\/2024\/12\/09\/universite-vers-une-nouvelle-hausse-de-la-bourse-des-etudiants\/","url":"https:\/\/lasentinelle.dz\/index.php\/2024\/12\/09\/universite-vers-une-nouvelle-hausse-de-la-bourse-des-etudiants\/","name":"Universit\u00e9: Vers une nouvelle hausse de la bourse des \u00e9tudiants - La Sentinelle","isPartOf":{"@id":"https:\/\/lasentinelle.dz\/#website"},"primaryImageOfPage":{"@id":"https:\/\/lasentinelle.dz\/index.php\/2024\/12\/09\/universite-vers-une-nouvelle-hausse-de-la-bourse-des-etudiants\/#primaryimage"},"image":{"@id":"https:\/\/lasentinelle.dz\/index.php\/2024\/12\/09\/universite-vers-une-nouvelle-hausse-de-la-bourse-des-etudiants\/#primaryimage"},"thumbnailUrl":"https:\/\/lasentinelle.dz\/wp-content\/uploads\/2021\/10\/Universite-algerie.jpg","datePublished":"2024-12-09T11:50:29+00:00","dateModified":"2024-12-09T11:50:30+00:00","breadcrumb":{"@id":"https:\/\/lasentinelle.dz\/index.php\/2024\/12\/09\/universite-vers-une-nouvelle-hausse-de-la-bourse-des-etudiants\/#breadcrumb"},"inLanguage":"fr-FR","potentialAction":[{"@type":"ReadAction","target":["https:\/\/lasentinelle.dz\/index.php\/2024\/12\/09\/universite-vers-une-nouvelle-hausse-de-la-bourse-des-etudiants\/"]}]},{"@type":"ImageObject","inLanguage":"fr-FR","@id":"https:\/\/lasentinelle.dz\/index.php\/2024\/12\/09\/universite-vers-une-nouvelle-hausse-de-la-bourse-des-etudiants\/#primaryimage","url":"https:\/\/lasentinelle.dz\/wp-content\/uploads\/2021\/10\/Universite-algerie.jpg","contentUrl":"https:\/\/lasentinelle.dz\/wp-content\/uploads\/2021\/10\/Universite-algerie.jpg","width":500,"height":326},{"@type":"BreadcrumbList","@id":"https:\/\/lasentinelle.dz\/index.php\/2024\/12\/09\/universite-vers-une-nouvelle-hausse-de-la-bourse-des-etudiants\/#breadcrumb","itemListElement":[{"@type":"ListItem","position":1,"name":"Accueil","item":"https:\/\/lasentinelle.dz\/"},{"@type":"ListItem","position":2,"name":"Universit\u00e9: Vers une nouvelle hausse de la bourse des \u00e9tudiants"}]},{"@type":"WebSite","@id":"https:\/\/lasentinelle.dz\/#website","url":"https:\/\/lasentinelle.dz\/","name":"La Sentinelle","description":"Quotidien national d&#039;information","publisher":{"@id":"https:\/\/lasentinelle.dz\/#organization"},"potentialAction":[{"@type":"SearchAction","target":{"@type":"EntryPoint","urlTemplate":"https:\/\/lasentinelle.dz\/?s={search_term_string}"},"query-input":{"@type":"PropertyValueSpecification","valueRequired":true,"valueName":"search_term_string"}}],"inLanguage":"fr-FR"},{"@type":"Organization","@id":"https:\/\/lasentinelle.dz\/#organization","name":"Quotidien La Sentinelle","url":"https:\/\/lasentinelle.dz\/","logo":{"@type":"ImageObject","inLanguage":"fr-FR","@id":"https:\/\/lasentinelle.dz\/#\/schema\/logo\/image\/","url":"https:\/\/lasentinelle.dz\/wp-content\/uploads\/2021\/09\/logo-sentinelleSLOGAN-1.png","contentUrl":"https:\/\/lasentinelle.dz\/wp-content\/uploads\/2021\/09\/logo-sentinelleSLOGAN-1.png","width":615,"height":142,"caption":"Quotidien La Sentinelle"},"image":{"@id":"https:\/\/lasentinelle.dz\/#\/schema\/logo\/image\/"},"sameAs":["https:\/\/www.facebook.com\/La-Sentinelle-104059864394773"]},{"@type":"Person","@id":"https:\/\/lasentinelle.dz\/#\/schema\/person\/729ee0024f24e0b8c5ec17232f8e8b41","name":"admin","image":{"@type":"ImageObject","inLanguage":"fr-FR","@id":"https:\/\/secure.gravatar.com\/avatar\/4c81fed838786e9b53f540bf46533e750f5d292099ae3b66cfc6fb1982e29df7?s=96&d=mm&r=g","url":"https:\/\/secure.gravatar.com\/avatar\/4c81fed838786e9b53f540bf46533e750f5d292099ae3b66cfc6fb1982e29df7?s=96&d=mm&r=g","contentUrl":"https:\/\/secure.gravatar.com\/avatar\/4c81fed838786e9b53f540bf46533e750f5d292099ae3b66cfc6fb1982e29df7?s=96&d=mm&r=g","caption":"admin"},"description":"admin","url":"https:\/\/lasentinelle.dz\/author\/admin\/"}]}},"_links":{"self":[{"href":"https:\/\/lasentinelle.dz\/index.php\/wp-json\/wp\/v2\/posts\/60281","targetHints":{"allow":["GET"]}}],"collection":[{"href":"https:\/\/lasentinelle.dz\/index.php\/wp-json\/wp\/v2\/posts"}],"about":[{"href":"https:\/\/lasentinelle.dz\/index.php\/wp-json\/wp\/v2\/types\/post"}],"author":[{"embeddable":true,"href":"https:\/\/lasentinelle.dz\/index.php\/wp-json\/wp\/v2\/users\/6"}],"replies":[{"embeddable":true,"href":"https:\/\/lasentinelle.dz\/index.php\/wp-json\/wp\/v2\/comments?post=60281"}],"version-history":[{"count":1,"href":"https:\/\/lasentinelle.dz\/index.php\/wp-json\/wp\/v2\/posts\/60281\/revisions"}],"predecessor-version":[{"id":60282,"href":"https:\/\/lasentinelle.dz\/index.php\/wp-json\/wp\/v2\/posts\/60281\/revisions\/60282"}],"wp:featuredmedia":[{"embeddable":true,"href":"https:\/\/lasentinelle.dz\/index.php\/wp-json\/wp\/v2\/media\/10384"}],"wp:attachment":[{"href":"https:\/\/lasentinelle.dz\/index.php\/wp-json\/wp\/v2\/media?parent=60281"}],"wp:term":[{"taxonomy":"category","embeddable":true,"href":"https:\/\/lasentinelle.dz\/index.php\/wp-json\/wp\/v2\/categories?post=60281"},{"taxonomy":"post_tag","embeddable":true,"href":"https:\/\/lasentinelle.dz\/index.php\/wp-json\/wp\/v2\/tags?post=60281"}],"curies":[{"name":"wp","href":"https:\/\/api.w.org\/{rel}","templated":true}]}}