{"id":60286,"date":"2024-12-05T12:55:11","date_gmt":"2024-12-05T11:55:11","guid":{"rendered":"https:\/\/lasentinelle.dz\/?p=60286"},"modified":"2024-12-09T12:55:46","modified_gmt":"2024-12-09T11:55:46","slug":"3e-conference-africaine-des-start-up-a-alger-re-imaginer-lafrique-grace-a-lintelligence-artificielle","status":"publish","type":"post","link":"https:\/\/lasentinelle.dz\/index.php\/2024\/12\/05\/3e-conference-africaine-des-start-up-a-alger-re-imaginer-lafrique-grace-a-lintelligence-artificielle\/","title":{"rendered":"3e Conf\u00e9rence africaine des start-up \u00e0 Alger: R\u00e9-imaginer l&rsquo;Afrique gr\u00e2ce \u00e0 l&rsquo;intelligence artificielle"},"content":{"rendered":"\n<p>La troisi\u00e8me \u00e9dition de la Conf\u00e9rence Africaine des Start-up s&rsquo;ouvre aujourd\u2019hui \u00e0 Alger, pla\u00e7ant l&rsquo;intelligence artificielle au c\u0153ur des d\u00e9bats strat\u00e9giques pour le d\u00e9veloppement du continent. Plac\u00e9 sous le haut patronage du pr\u00e9sident Abdelmadjid Tebboune, cet \u00e9v\u00e9nement majeur, organis\u00e9 par le minist\u00e8re de l&rsquo;\u00c9conomie de la Connaissance, des Start-up et des Micro-entreprises, promet d&rsquo;\u00eatre un rendez-vous incontournable de l&rsquo;innovation technologique africaine. L&rsquo;ambition affich\u00e9e est de \u00ab\u00a0r\u00e9-imaginer l&rsquo;Afrique gr\u00e2ce \u00e0 l&rsquo;intelligence artificielle\u00a0\u00bb, comme le soulignent les organisateurs. La conf\u00e9rence attend plus de 25 000 visiteurs, 45 ministres africains, 500 start-up et 100 investisseurs provenant de 50 pays du continent. Un dispositif impressionnant qui traduit l&rsquo;importance strat\u00e9gique de l&rsquo;\u00e9v\u00e9nement pour le d\u00e9veloppement \u00e9conomique et social africain. Pendant trois jours, experts, entrepreneurs et d\u00e9cideurs d\u00e9battront des opportunit\u00e9s et d\u00e9fis li\u00e9s \u00e0 l&rsquo;intelligence artificielle. Les conf\u00e9rences, anim\u00e9es par des intervenants de 35 pays, exploreront des th\u00e9matiques vari\u00e9es : \u00e9conomie des donn\u00e9es, IA dans les villes num\u00e9riques, Big data, blockchain, cybers\u00e9curit\u00e9 et applications dans le domaine de la sant\u00e9. Une grande exposition technologique permettra aux participants de d\u00e9couvrir les derni\u00e8res innovations du secteur. Un sommet du capital-risque sera organis\u00e9, offrant une plateforme d&rsquo;\u00e9changes entre investisseurs et entrepreneurs innovants. Parall\u00e8lement, une conf\u00e9rence sur la strat\u00e9gie nationale d&rsquo;intelligence artificielle dessinera une feuille de route pour l&rsquo;utilisation de cette technologie dans diff\u00e9rents domaines. L&rsquo;Alg\u00e9rie, pays h\u00f4te, affiche d\u00e9j\u00e0 une dynamique prometteuse avec 8 000 start-up, dont 2 000 labellis\u00e9es, et 20 000 jeunes auto-entrepreneurs. L&rsquo;objectif est de capitaliser sur les acquis des pr\u00e9c\u00e9dentes \u00e9ditions, notamment la \u00ab\u00a0deuxi\u00e8me d\u00e9claration minist\u00e9rielle d&rsquo;Alger\u00a0\u00bb qui recommandait l&rsquo;\u00e9laboration d&rsquo;une strat\u00e9gie globale de d\u00e9veloppement des start-up et la lutte contre la fuite des cerveaux. Pour les organisateurs, cette conf\u00e9rence repr\u00e9sente bien plus qu&rsquo;un simple \u00e9v\u00e9nement technologique : c&rsquo;est un moment crucial pour repenser le d\u00e9veloppement \u00e9conomique africain \u00e0 travers l&rsquo;innovation, les technologies de pointe et la collaboration continentale. L&rsquo;intelligence artificielle est per\u00e7ue comme un levier strat\u00e9gique pour transformer les \u00e9conomies et r\u00e9pondre aux d\u00e9fis contemporains du continent.<\/p>\n\n\n\n<p>Lyna Larbi<\/p>\n","protected":false},"excerpt":{"rendered":"<p>La troisi\u00e8me \u00e9dition de la Conf\u00e9rence Africaine des Start-up s&rsquo;ouvre aujourd\u2019hui \u00e0 Alger, pla\u00e7ant l&rsquo;intelligence artificielle au c\u0153ur des d\u00e9bats<\/p>\n","protected":false},"author":6,"featured_media":38928,"comment_status":"open","ping_status":"closed","sticky":false,"template":"","format":"standard","meta":{"colormag_page_container_layout":"default_layout","colormag_page_sidebar_layout":"default_layout","om_disable_all_campaigns":false,"_monsterinsights_skip_tracking":false,"_monsterinsights_sitenote_active":false,"_monsterinsights_sitenote_note":"","_monsterinsights_sitenote_category":0,"footnotes":"","_wpscppro_dont_share_socialmedia":false,"_wpscppro_custom_social_share_image":0,"_facebook_share_type":"default","_twitter_share_type":"default","_linkedin_share_type":"default","_pinterest_share_type":"default","_linkedin_share_type_page":"","_instagram_share_type":"default","_medium_share_type":"default","_threads_share_type":"","_google_business_share_type":"","_selected_social_profile":[],"_wpsp_enable_custom_social_template":false,"_wpsp_social_scheduling":{"enabled":false,"datetime":null,"platforms":[],"status":"template_only","dateOption":"today","timeOption":"now","customDays":"","customHours":"","customDate":"","customTime":"","schedulingType":"absolute"},"_wpsp_active_default_template":true},"categories":[27],"tags":[],"class_list":["post-60286","post","type-post","status-publish","format-standard","has-post-thumbnail","hentry","category-actualite"],"aioseo_notices":[],"yoast_head":"<!-- This site is optimized with the Yoast SEO plugin v27.5 - https:\/\/yoast.com\/product\/yoast-seo-wordpress\/ -->\n<title>3e Conf\u00e9rence africaine des start-up \u00e0 Alger: R\u00e9-imaginer l&rsquo;Afrique gr\u00e2ce \u00e0 l&rsquo;intelligence artificielle - La Sentinelle<\/title>\n<meta name=\"robots\" content=\"index, follow, max-snippet:-1, max-image-preview:large, max-video-preview:-1\" \/>\n<link rel=\"canonical\" href=\"https:\/\/lasentinelle.dz\/index.php\/2024\/12\/05\/3e-conference-africaine-des-start-up-a-alger-re-imaginer-lafrique-grace-a-lintelligence-artificielle\/\" \/>\n<meta property=\"og:locale\" content=\"fr_FR\" \/>\n<meta property=\"og:type\" content=\"article\" \/>\n<meta property=\"og:title\" content=\"3e Conf\u00e9rence africaine des start-up \u00e0 Alger: R\u00e9-imaginer l&rsquo;Afrique gr\u00e2ce \u00e0 l&rsquo;intelligence artificielle - La Sentinelle\" \/>\n<meta property=\"og:description\" content=\"La troisi\u00e8me \u00e9dition de la Conf\u00e9rence Africaine des Start-up s&rsquo;ouvre aujourd\u2019hui \u00e0 Alger, pla\u00e7ant l&rsquo;intelligence artificielle au c\u0153ur des d\u00e9bats\" \/>\n<meta property=\"og:url\" content=\"https:\/\/lasentinelle.dz\/index.php\/2024\/12\/05\/3e-conference-africaine-des-start-up-a-alger-re-imaginer-lafrique-grace-a-lintelligence-artificielle\/\" \/>\n<meta property=\"og:site_name\" content=\"La Sentinelle\" \/>\n<meta property=\"article:publisher\" content=\"https:\/\/www.facebook.com\/La-Sentinelle-104059864394773\" \/>\n<meta property=\"article:published_time\" content=\"2024-12-05T11:55:11+00:00\" \/>\n<meta property=\"article:modified_time\" content=\"2024-12-09T11:55:46+00:00\" \/>\n<meta property=\"og:image\" content=\"https:\/\/lasentinelle.dz\/wp-content\/uploads\/2023\/04\/intelligence-artificielle.png\" \/>\n\t<meta property=\"og:image:width\" content=\"1658\" \/>\n\t<meta property=\"og:image:height\" content=\"900\" \/>\n\t<meta property=\"og:image:type\" content=\"image\/png\" \/>\n<meta name=\"author\" content=\"admin\" \/>\n<meta name=\"twitter:card\" content=\"summary_large_image\" \/>\n<meta name=\"twitter:label1\" content=\"\u00c9crit par\" \/>\n\t<meta name=\"twitter:data1\" content=\"admin\" \/>\n\t<meta name=\"twitter:label2\" content=\"Dur\u00e9e de lecture estim\u00e9e\" \/>\n\t<meta name=\"twitter:data2\" content=\"2 minutes\" \/>\n<script type=\"application\/ld+json\" class=\"yoast-schema-graph\">{\"@context\":\"https:\\\/\\\/schema.org\",\"@graph\":[{\"@type\":\"Article\",\"@id\":\"https:\\\/\\\/lasentinelle.dz\\\/index.php\\\/2024\\\/12\\\/05\\\/3e-conference-africaine-des-start-up-a-alger-re-imaginer-lafrique-grace-a-lintelligence-artificielle\\\/#article\",\"isPartOf\":{\"@id\":\"https:\\\/\\\/lasentinelle.dz\\\/index.php\\\/2024\\\/12\\\/05\\\/3e-conference-africaine-des-start-up-a-alger-re-imaginer-lafrique-grace-a-lintelligence-artificielle\\\/\"},\"author\":{\"name\":\"admin\",\"@id\":\"https:\\\/\\\/lasentinelle.dz\\\/#\\\/schema\\\/person\\\/729ee0024f24e0b8c5ec17232f8e8b41\"},\"headline\":\"3e Conf\u00e9rence africaine des start-up \u00e0 Alger: R\u00e9-imaginer l&rsquo;Afrique gr\u00e2ce \u00e0 l&rsquo;intelligence artificielle\",\"datePublished\":\"2024-12-05T11:55:11+00:00\",\"dateModified\":\"2024-12-09T11:55:46+00:00\",\"mainEntityOfPage\":{\"@id\":\"https:\\\/\\\/lasentinelle.dz\\\/index.php\\\/2024\\\/12\\\/05\\\/3e-conference-africaine-des-start-up-a-alger-re-imaginer-lafrique-grace-a-lintelligence-artificielle\\\/\"},\"wordCount\":402,\"commentCount\":0,\"publisher\":{\"@id\":\"https:\\\/\\\/lasentinelle.dz\\\/#organization\"},\"image\":{\"@id\":\"https:\\\/\\\/lasentinelle.dz\\\/index.php\\\/2024\\\/12\\\/05\\\/3e-conference-africaine-des-start-up-a-alger-re-imaginer-lafrique-grace-a-lintelligence-artificielle\\\/#primaryimage\"},\"thumbnailUrl\":\"https:\\\/\\\/lasentinelle.dz\\\/wp-content\\\/uploads\\\/2023\\\/04\\\/intelligence-artificielle.png\",\"articleSection\":[\"Actualit\u00e9\"],\"inLanguage\":\"fr-FR\",\"potentialAction\":[{\"@type\":\"CommentAction\",\"name\":\"Comment\",\"target\":[\"https:\\\/\\\/lasentinelle.dz\\\/index.php\\\/2024\\\/12\\\/05\\\/3e-conference-africaine-des-start-up-a-alger-re-imaginer-lafrique-grace-a-lintelligence-artificielle\\\/#respond\"]}]},{\"@type\":\"WebPage\",\"@id\":\"https:\\\/\\\/lasentinelle.dz\\\/index.php\\\/2024\\\/12\\\/05\\\/3e-conference-africaine-des-start-up-a-alger-re-imaginer-lafrique-grace-a-lintelligence-artificielle\\\/\",\"url\":\"https:\\\/\\\/lasentinelle.dz\\\/index.php\\\/2024\\\/12\\\/05\\\/3e-conference-africaine-des-start-up-a-alger-re-imaginer-lafrique-grace-a-lintelligence-artificielle\\\/\",\"name\":\"3e Conf\u00e9rence africaine des start-up \u00e0 Alger: R\u00e9-imaginer l&rsquo;Afrique gr\u00e2ce \u00e0 l&rsquo;intelligence artificielle - La Sentinelle\",\"isPartOf\":{\"@id\":\"https:\\\/\\\/lasentinelle.dz\\\/#website\"},\"primaryImageOfPage\":{\"@id\":\"https:\\\/\\\/lasentinelle.dz\\\/index.php\\\/2024\\\/12\\\/05\\\/3e-conference-africaine-des-start-up-a-alger-re-imaginer-lafrique-grace-a-lintelligence-artificielle\\\/#primaryimage\"},\"image\":{\"@id\":\"https:\\\/\\\/lasentinelle.dz\\\/index.php\\\/2024\\\/12\\\/05\\\/3e-conference-africaine-des-start-up-a-alger-re-imaginer-lafrique-grace-a-lintelligence-artificielle\\\/#primaryimage\"},\"thumbnailUrl\":\"https:\\\/\\\/lasentinelle.dz\\\/wp-content\\\/uploads\\\/2023\\\/04\\\/intelligence-artificielle.png\",\"datePublished\":\"2024-12-05T11:55:11+00:00\",\"dateModified\":\"2024-12-09T11:55:46+00:00\",\"breadcrumb\":{\"@id\":\"https:\\\/\\\/lasentinelle.dz\\\/index.php\\\/2024\\\/12\\\/05\\\/3e-conference-africaine-des-start-up-a-alger-re-imaginer-lafrique-grace-a-lintelligence-artificielle\\\/#breadcrumb\"},\"inLanguage\":\"fr-FR\",\"potentialAction\":[{\"@type\":\"ReadAction\",\"target\":[\"https:\\\/\\\/lasentinelle.dz\\\/index.php\\\/2024\\\/12\\\/05\\\/3e-conference-africaine-des-start-up-a-alger-re-imaginer-lafrique-grace-a-lintelligence-artificielle\\\/\"]}]},{\"@type\":\"ImageObject\",\"inLanguage\":\"fr-FR\",\"@id\":\"https:\\\/\\\/lasentinelle.dz\\\/index.php\\\/2024\\\/12\\\/05\\\/3e-conference-africaine-des-start-up-a-alger-re-imaginer-lafrique-grace-a-lintelligence-artificielle\\\/#primaryimage\",\"url\":\"https:\\\/\\\/lasentinelle.dz\\\/wp-content\\\/uploads\\\/2023\\\/04\\\/intelligence-artificielle.png\",\"contentUrl\":\"https:\\\/\\\/lasentinelle.dz\\\/wp-content\\\/uploads\\\/2023\\\/04\\\/intelligence-artificielle.png\",\"width\":1658,\"height\":900},{\"@type\":\"BreadcrumbList\",\"@id\":\"https:\\\/\\\/lasentinelle.dz\\\/index.php\\\/2024\\\/12\\\/05\\\/3e-conference-africaine-des-start-up-a-alger-re-imaginer-lafrique-grace-a-lintelligence-artificielle\\\/#breadcrumb\",\"itemListElement\":[{\"@type\":\"ListItem\",\"position\":1,\"name\":\"Accueil\",\"item\":\"https:\\\/\\\/lasentinelle.dz\\\/\"},{\"@type\":\"ListItem\",\"position\":2,\"name\":\"3e Conf\u00e9rence africaine des start-up \u00e0 Alger: R\u00e9-imaginer l&rsquo;Afrique gr\u00e2ce \u00e0 l&rsquo;intelligence artificielle\"}]},{\"@type\":\"WebSite\",\"@id\":\"https:\\\/\\\/lasentinelle.dz\\\/#website\",\"url\":\"https:\\\/\\\/lasentinelle.dz\\\/\",\"name\":\"La Sentinelle\",\"description\":\"Quotidien national d&#039;information\",\"publisher\":{\"@id\":\"https:\\\/\\\/lasentinelle.dz\\\/#organization\"},\"potentialAction\":[{\"@type\":\"SearchAction\",\"target\":{\"@type\":\"EntryPoint\",\"urlTemplate\":\"https:\\\/\\\/lasentinelle.dz\\\/?s={search_term_string}\"},\"query-input\":{\"@type\":\"PropertyValueSpecification\",\"valueRequired\":true,\"valueName\":\"search_term_string\"}}],\"inLanguage\":\"fr-FR\"},{\"@type\":\"Organization\",\"@id\":\"https:\\\/\\\/lasentinelle.dz\\\/#organization\",\"name\":\"Quotidien La Sentinelle\",\"url\":\"https:\\\/\\\/lasentinelle.dz\\\/\",\"logo\":{\"@type\":\"ImageObject\",\"inLanguage\":\"fr-FR\",\"@id\":\"https:\\\/\\\/lasentinelle.dz\\\/#\\\/schema\\\/logo\\\/image\\\/\",\"url\":\"https:\\\/\\\/lasentinelle.dz\\\/wp-content\\\/uploads\\\/2021\\\/09\\\/logo-sentinelleSLOGAN-1.png\",\"contentUrl\":\"https:\\\/\\\/lasentinelle.dz\\\/wp-content\\\/uploads\\\/2021\\\/09\\\/logo-sentinelleSLOGAN-1.png\",\"width\":615,\"height\":142,\"caption\":\"Quotidien La Sentinelle\"},\"image\":{\"@id\":\"https:\\\/\\\/lasentinelle.dz\\\/#\\\/schema\\\/logo\\\/image\\\/\"},\"sameAs\":[\"https:\\\/\\\/www.facebook.com\\\/La-Sentinelle-104059864394773\"]},{\"@type\":\"Person\",\"@id\":\"https:\\\/\\\/lasentinelle.dz\\\/#\\\/schema\\\/person\\\/729ee0024f24e0b8c5ec17232f8e8b41\",\"name\":\"admin\",\"image\":{\"@type\":\"ImageObject\",\"inLanguage\":\"fr-FR\",\"@id\":\"https:\\\/\\\/secure.gravatar.com\\\/avatar\\\/4c81fed838786e9b53f540bf46533e750f5d292099ae3b66cfc6fb1982e29df7?s=96&d=mm&r=g\",\"url\":\"https:\\\/\\\/secure.gravatar.com\\\/avatar\\\/4c81fed838786e9b53f540bf46533e750f5d292099ae3b66cfc6fb1982e29df7?s=96&d=mm&r=g\",\"contentUrl\":\"https:\\\/\\\/secure.gravatar.com\\\/avatar\\\/4c81fed838786e9b53f540bf46533e750f5d292099ae3b66cfc6fb1982e29df7?s=96&d=mm&r=g\",\"caption\":\"admin\"},\"description\":\"admin\",\"url\":\"https:\\\/\\\/lasentinelle.dz\\\/author\\\/admin\\\/\"}]}<\/script>\n<!-- \/ Yoast SEO plugin. -->","yoast_head_json":{"title":"3e Conf\u00e9rence africaine des start-up \u00e0 Alger: R\u00e9-imaginer l&rsquo;Afrique gr\u00e2ce \u00e0 l&rsquo;intelligence artificielle - La Sentinelle","robots":{"index":"index","follow":"follow","max-snippet":"max-snippet:-1","max-image-preview":"max-image-preview:large","max-video-preview":"max-video-preview:-1"},"canonical":"https:\/\/lasentinelle.dz\/index.php\/2024\/12\/05\/3e-conference-africaine-des-start-up-a-alger-re-imaginer-lafrique-grace-a-lintelligence-artificielle\/","og_locale":"fr_FR","og_type":"article","og_title":"3e Conf\u00e9rence africaine des start-up \u00e0 Alger: R\u00e9-imaginer l&rsquo;Afrique gr\u00e2ce \u00e0 l&rsquo;intelligence artificielle - La Sentinelle","og_description":"La troisi\u00e8me \u00e9dition de la Conf\u00e9rence Africaine des Start-up s&rsquo;ouvre aujourd\u2019hui \u00e0 Alger, pla\u00e7ant l&rsquo;intelligence artificielle au c\u0153ur des d\u00e9bats","og_url":"https:\/\/lasentinelle.dz\/index.php\/2024\/12\/05\/3e-conference-africaine-des-start-up-a-alger-re-imaginer-lafrique-grace-a-lintelligence-artificielle\/","og_site_name":"La Sentinelle","article_publisher":"https:\/\/www.facebook.com\/La-Sentinelle-104059864394773","article_published_time":"2024-12-05T11:55:11+00:00","article_modified_time":"2024-12-09T11:55:46+00:00","og_image":[{"width":1658,"height":900,"url":"https:\/\/lasentinelle.dz\/wp-content\/uploads\/2023\/04\/intelligence-artificielle.png","type":"image\/png"}],"author":"admin","twitter_card":"summary_large_image","twitter_misc":{"\u00c9crit par":"admin","Dur\u00e9e de lecture estim\u00e9e":"2 minutes"},"schema":{"@context":"https:\/\/schema.org","@graph":[{"@type":"Article","@id":"https:\/\/lasentinelle.dz\/index.php\/2024\/12\/05\/3e-conference-africaine-des-start-up-a-alger-re-imaginer-lafrique-grace-a-lintelligence-artificielle\/#article","isPartOf":{"@id":"https:\/\/lasentinelle.dz\/index.php\/2024\/12\/05\/3e-conference-africaine-des-start-up-a-alger-re-imaginer-lafrique-grace-a-lintelligence-artificielle\/"},"author":{"name":"admin","@id":"https:\/\/lasentinelle.dz\/#\/schema\/person\/729ee0024f24e0b8c5ec17232f8e8b41"},"headline":"3e Conf\u00e9rence africaine des start-up \u00e0 Alger: R\u00e9-imaginer l&rsquo;Afrique gr\u00e2ce \u00e0 l&rsquo;intelligence artificielle","datePublished":"2024-12-05T11:55:11+00:00","dateModified":"2024-12-09T11:55:46+00:00","mainEntityOfPage":{"@id":"https:\/\/lasentinelle.dz\/index.php\/2024\/12\/05\/3e-conference-africaine-des-start-up-a-alger-re-imaginer-lafrique-grace-a-lintelligence-artificielle\/"},"wordCount":402,"commentCount":0,"publisher":{"@id":"https:\/\/lasentinelle.dz\/#organization"},"image":{"@id":"https:\/\/lasentinelle.dz\/index.php\/2024\/12\/05\/3e-conference-africaine-des-start-up-a-alger-re-imaginer-lafrique-grace-a-lintelligence-artificielle\/#primaryimage"},"thumbnailUrl":"https:\/\/lasentinelle.dz\/wp-content\/uploads\/2023\/04\/intelligence-artificielle.png","articleSection":["Actualit\u00e9"],"inLanguage":"fr-FR","potentialAction":[{"@type":"CommentAction","name":"Comment","target":["https:\/\/lasentinelle.dz\/index.php\/2024\/12\/05\/3e-conference-africaine-des-start-up-a-alger-re-imaginer-lafrique-grace-a-lintelligence-artificielle\/#respond"]}]},{"@type":"WebPage","@id":"https:\/\/lasentinelle.dz\/index.php\/2024\/12\/05\/3e-conference-africaine-des-start-up-a-alger-re-imaginer-lafrique-grace-a-lintelligence-artificielle\/","url":"https:\/\/lasentinelle.dz\/index.php\/2024\/12\/05\/3e-conference-africaine-des-start-up-a-alger-re-imaginer-lafrique-grace-a-lintelligence-artificielle\/","name":"3e Conf\u00e9rence africaine des start-up \u00e0 Alger: R\u00e9-imaginer l&rsquo;Afrique gr\u00e2ce \u00e0 l&rsquo;intelligence artificielle - La Sentinelle","isPartOf":{"@id":"https:\/\/lasentinelle.dz\/#website"},"primaryImageOfPage":{"@id":"https:\/\/lasentinelle.dz\/index.php\/2024\/12\/05\/3e-conference-africaine-des-start-up-a-alger-re-imaginer-lafrique-grace-a-lintelligence-artificielle\/#primaryimage"},"image":{"@id":"https:\/\/lasentinelle.dz\/index.php\/2024\/12\/05\/3e-conference-africaine-des-start-up-a-alger-re-imaginer-lafrique-grace-a-lintelligence-artificielle\/#primaryimage"},"thumbnailUrl":"https:\/\/lasentinelle.dz\/wp-content\/uploads\/2023\/04\/intelligence-artificielle.png","datePublished":"2024-12-05T11:55:11+00:00","dateModified":"2024-12-09T11:55:46+00:00","breadcrumb":{"@id":"https:\/\/lasentinelle.dz\/index.php\/2024\/12\/05\/3e-conference-africaine-des-start-up-a-alger-re-imaginer-lafrique-grace-a-lintelligence-artificielle\/#breadcrumb"},"inLanguage":"fr-FR","potentialAction":[{"@type":"ReadAction","target":["https:\/\/lasentinelle.dz\/index.php\/2024\/12\/05\/3e-conference-africaine-des-start-up-a-alger-re-imaginer-lafrique-grace-a-lintelligence-artificielle\/"]}]},{"@type":"ImageObject","inLanguage":"fr-FR","@id":"https:\/\/lasentinelle.dz\/index.php\/2024\/12\/05\/3e-conference-africaine-des-start-up-a-alger-re-imaginer-lafrique-grace-a-lintelligence-artificielle\/#primaryimage","url":"https:\/\/lasentinelle.dz\/wp-content\/uploads\/2023\/04\/intelligence-artificielle.png","contentUrl":"https:\/\/lasentinelle.dz\/wp-content\/uploads\/2023\/04\/intelligence-artificielle.png","width":1658,"height":900},{"@type":"BreadcrumbList","@id":"https:\/\/lasentinelle.dz\/index.php\/2024\/12\/05\/3e-conference-africaine-des-start-up-a-alger-re-imaginer-lafrique-grace-a-lintelligence-artificielle\/#breadcrumb","itemListElement":[{"@type":"ListItem","position":1,"name":"Accueil","item":"https:\/\/lasentinelle.dz\/"},{"@type":"ListItem","position":2,"name":"3e Conf\u00e9rence africaine des start-up \u00e0 Alger: R\u00e9-imaginer l&rsquo;Afrique gr\u00e2ce \u00e0 l&rsquo;intelligence artificielle"}]},{"@type":"WebSite","@id":"https:\/\/lasentinelle.dz\/#website","url":"https:\/\/lasentinelle.dz\/","name":"La Sentinelle","description":"Quotidien national d&#039;information","publisher":{"@id":"https:\/\/lasentinelle.dz\/#organization"},"potentialAction":[{"@type":"SearchAction","target":{"@type":"EntryPoint","urlTemplate":"https:\/\/lasentinelle.dz\/?s={search_term_string}"},"query-input":{"@type":"PropertyValueSpecification","valueRequired":true,"valueName":"search_term_string"}}],"inLanguage":"fr-FR"},{"@type":"Organization","@id":"https:\/\/lasentinelle.dz\/#organization","name":"Quotidien La Sentinelle","url":"https:\/\/lasentinelle.dz\/","logo":{"@type":"ImageObject","inLanguage":"fr-FR","@id":"https:\/\/lasentinelle.dz\/#\/schema\/logo\/image\/","url":"https:\/\/lasentinelle.dz\/wp-content\/uploads\/2021\/09\/logo-sentinelleSLOGAN-1.png","contentUrl":"https:\/\/lasentinelle.dz\/wp-content\/uploads\/2021\/09\/logo-sentinelleSLOGAN-1.png","width":615,"height":142,"caption":"Quotidien La Sentinelle"},"image":{"@id":"https:\/\/lasentinelle.dz\/#\/schema\/logo\/image\/"},"sameAs":["https:\/\/www.facebook.com\/La-Sentinelle-104059864394773"]},{"@type":"Person","@id":"https:\/\/lasentinelle.dz\/#\/schema\/person\/729ee0024f24e0b8c5ec17232f8e8b41","name":"admin","image":{"@type":"ImageObject","inLanguage":"fr-FR","@id":"https:\/\/secure.gravatar.com\/avatar\/4c81fed838786e9b53f540bf46533e750f5d292099ae3b66cfc6fb1982e29df7?s=96&d=mm&r=g","url":"https:\/\/secure.gravatar.com\/avatar\/4c81fed838786e9b53f540bf46533e750f5d292099ae3b66cfc6fb1982e29df7?s=96&d=mm&r=g","contentUrl":"https:\/\/secure.gravatar.com\/avatar\/4c81fed838786e9b53f540bf46533e750f5d292099ae3b66cfc6fb1982e29df7?s=96&d=mm&r=g","caption":"admin"},"description":"admin","url":"https:\/\/lasentinelle.dz\/author\/admin\/"}]}},"_links":{"self":[{"href":"https:\/\/lasentinelle.dz\/index.php\/wp-json\/wp\/v2\/posts\/60286","targetHints":{"allow":["GET"]}}],"collection":[{"href":"https:\/\/lasentinelle.dz\/index.php\/wp-json\/wp\/v2\/posts"}],"about":[{"href":"https:\/\/lasentinelle.dz\/index.php\/wp-json\/wp\/v2\/types\/post"}],"author":[{"embeddable":true,"href":"https:\/\/lasentinelle.dz\/index.php\/wp-json\/wp\/v2\/users\/6"}],"replies":[{"embeddable":true,"href":"https:\/\/lasentinelle.dz\/index.php\/wp-json\/wp\/v2\/comments?post=60286"}],"version-history":[{"count":2,"href":"https:\/\/lasentinelle.dz\/index.php\/wp-json\/wp\/v2\/posts\/60286\/revisions"}],"predecessor-version":[{"id":60288,"href":"https:\/\/lasentinelle.dz\/index.php\/wp-json\/wp\/v2\/posts\/60286\/revisions\/60288"}],"wp:featuredmedia":[{"embeddable":true,"href":"https:\/\/lasentinelle.dz\/index.php\/wp-json\/wp\/v2\/media\/38928"}],"wp:attachment":[{"href":"https:\/\/lasentinelle.dz\/index.php\/wp-json\/wp\/v2\/media?parent=60286"}],"wp:term":[{"taxonomy":"category","embeddable":true,"href":"https:\/\/lasentinelle.dz\/index.php\/wp-json\/wp\/v2\/categories?post=60286"},{"taxonomy":"post_tag","embeddable":true,"href":"https:\/\/lasentinelle.dz\/index.php\/wp-json\/wp\/v2\/tags?post=60286"}],"curies":[{"name":"wp","href":"https:\/\/api.w.org\/{rel}","templated":true}]}}