{"id":60306,"date":"2024-12-05T13:03:00","date_gmt":"2024-12-05T12:03:00","guid":{"rendered":"https:\/\/lasentinelle.dz\/?p=60306"},"modified":"2024-12-09T13:04:36","modified_gmt":"2024-12-09T12:04:36","slug":"mila-accord-de-cooperation-entre-luniversite-abdelhafid-boussouf-et-celle-de-sousse","status":"publish","type":"post","link":"https:\/\/lasentinelle.dz\/index.php\/2024\/12\/05\/mila-accord-de-cooperation-entre-luniversite-abdelhafid-boussouf-et-celle-de-sousse\/","title":{"rendered":"Mila : Accord de coop\u00e9ration entre l\u2019universit\u00e9 Abdelhafid Boussouf et celle de Sousse"},"content":{"rendered":"\n<p>Le Centre universitaire Abdelhafid Boussouf de la wilaya de Mila, a conclu un accord de partenariat et de coop\u00e9ration dans le domaine de la recherche scientifique avec l&rsquo;Universit\u00e9 de Sousse, en Tunisie, a rapport\u00e9 une source relevant du rectorat. La m\u00eame source a ajout\u00e9 que des pr\u00e9paratifs sont en cours pour la conclusion, dans les prochains jours, de deux autres accords de partenariat et de coop\u00e9ration avec deux universit\u00e9s de Turquie et de Russie. Selon la m\u00eame source, la conclusion de ces deux accords sera sign\u00e9e d\u00e8s la finalisation de toutes les d\u00e9marches applicables. Ces accords vont permettre au personnel universitaire de b\u00e9n\u00e9ficier de stages et de l&rsquo;\u00e9change d&rsquo;exp\u00e9riences dans divers domaines scientifiques. Ces d\u00e9marches s&rsquo;inscrivent dans le cadre des orientations et recommandations du minist\u00e8re de l&rsquo;Enseignement sup\u00e9rieur et de la Recherche scientifique sur l&rsquo;ouverture de l&rsquo;universit\u00e9 alg\u00e9rienne sur l&rsquo;environnement international. La m\u00eame source a fait savoir qu&rsquo;un accord de partenariat et de coop\u00e9ration a \u00e9t\u00e9 r\u00e9cemment sign\u00e9 avec l&rsquo;Universit\u00e9 tunisienne de Sousse, dont la mise en \u0153uvre s&rsquo;\u00e9tendra sur les cinq prochaines ann\u00e9es permettant, ainsi, l&rsquo;\u00e9change d&rsquo;exp\u00e9riences dans le domaine scientifique et la connaissance entre toutes les parties. Outre cela, des sessions de formation seront tenues, ainsi des conf\u00e9rences scientifiques conjointes seront organis\u00e9es, notamment pour l&rsquo;universit\u00e9 tunisienne leader en mati\u00e8re de qualit\u00e9 de l&rsquo;enseignement sup\u00e9rieur, dont b\u00e9n\u00e9ficieront grandement les \u00e9tudiants du centre universitaire, a-t-on expliqu\u00e9. Cet accord de partenariat Alg\u00e9ro-Tunisien a \u00e9t\u00e9 sign\u00e9 au niveau du si\u00e8ge de l&rsquo;universit\u00e9 de Sousse (Tunisie), entre les responsables de celle-ci et le directeur du centre universitaire, Abdelhafid Boussouf de Mila (Alg\u00e9rie). Dans le m\u00eame contexte, les services charg\u00e9s de la recherche scientifique et des relations ext\u00e9rieures relevant de l&rsquo;universit\u00e9 de Mila s&rsquo;attellent \u00e0 finaliser, dans les prochains jours, un autre accord de partenariat et de coop\u00e9ration avec une universit\u00e9 turque, notamment apr\u00e8s l&rsquo;aval obtenu du minist\u00e8re de tutelle. Il en est de m\u00eame pour une autre convention devant \u00eatre sign\u00e9e avec une universit\u00e9 Russe, comme convenu avec le staff administratif. La signature de cette autre convention n&rsquo;attend que l&rsquo;autorisation du minist\u00e8re de l&rsquo;Enseignement sup\u00e9rieur et de la Recherche scientifique. Cette convention vient s&rsquo;ajouter aux 15 accords conclus au niveau international entre le centre universitaire et les institutions universitaires, dont les universit\u00e9s de Tunisie, de Russie, de Turquie et de Jordanie ainsi que de Pologne. Outre les accords internationaux, l&rsquo;universit\u00e9 Abdelhafid Boussouf continue de conclure des accords locaux, que ce soit avec des institutions publiques ou priv\u00e9es. Le but est de redynamiser l&rsquo;\u00e9conomie nationale et d&rsquo;\u00e9changer des exp\u00e9riences entre diverses institutions, dans le cadre de la nouvelle vision de l&rsquo;\u00c9tat, visant \u00e0 lier l&rsquo;universit\u00e9 \u00e0 son environnement socio\u00e9conomique. Il est \u00e0 souligner que le nombre d&rsquo;accords conclus par le centre universitaire est estim\u00e9 \u00e0 plus de 40 accords de partenariat, a fait savoir notre source. Celle-ci a fait savoir que, dans le m\u00eame contexte, l&rsquo;universit\u00e9 de Mila a sign\u00e9 dimanche, un accord de coop\u00e9ration et d&rsquo;\u00e9change avec le Centre de Recherche en Sciences Pharmaceutiques, dans la wilaya de Constantine. Cet accord permettra d&rsquo;ouvrir des horizons de recherche avanc\u00e9e et d&rsquo; \u00e9change d&rsquo;exp\u00e9riences, a-t-on conclu.<\/p>\n\n\n\n<p><strong>Sofia Chahine<\/strong><\/p>\n","protected":false},"excerpt":{"rendered":"<p>Le Centre universitaire Abdelhafid Boussouf de la wilaya de Mila, a conclu un accord de partenariat et de coop\u00e9ration dans<\/p>\n","protected":false},"author":6,"featured_media":60307,"comment_status":"open","ping_status":"closed","sticky":false,"template":"","format":"standard","meta":{"colormag_page_container_layout":"default_layout","colormag_page_sidebar_layout":"default_layout","om_disable_all_campaigns":false,"_monsterinsights_skip_tracking":false,"_monsterinsights_sitenote_active":false,"_monsterinsights_sitenote_note":"","_monsterinsights_sitenote_category":0,"footnotes":"","_wpscppro_dont_share_socialmedia":false,"_wpscppro_custom_social_share_image":0,"_facebook_share_type":"default","_twitter_share_type":"default","_linkedin_share_type":"default","_pinterest_share_type":"default","_linkedin_share_type_page":"","_instagram_share_type":"default","_medium_share_type":"default","_threads_share_type":"","_google_business_share_type":"","_selected_social_profile":[],"_wpsp_enable_custom_social_template":false,"_wpsp_social_scheduling":{"enabled":false,"datetime":null,"platforms":[],"status":"template_only","dateOption":"today","timeOption":"now","customDays":"","customHours":"","customDate":"","customTime":"","schedulingType":"absolute"},"_wpsp_active_default_template":true},"categories":[31],"tags":[],"class_list":["post-60306","post","type-post","status-publish","format-standard","has-post-thumbnail","hentry","category-regions"],"aioseo_notices":[],"yoast_head":"<!-- This site is optimized with the Yoast SEO plugin v27.5 - https:\/\/yoast.com\/product\/yoast-seo-wordpress\/ -->\n<title>Mila : Accord de coop\u00e9ration entre l\u2019universit\u00e9 Abdelhafid Boussouf et celle de Sousse - La Sentinelle<\/title>\n<meta name=\"robots\" content=\"index, follow, max-snippet:-1, max-image-preview:large, max-video-preview:-1\" \/>\n<link rel=\"canonical\" href=\"https:\/\/lasentinelle.dz\/index.php\/2024\/12\/05\/mila-accord-de-cooperation-entre-luniversite-abdelhafid-boussouf-et-celle-de-sousse\/\" \/>\n<meta property=\"og:locale\" content=\"fr_FR\" \/>\n<meta property=\"og:type\" content=\"article\" \/>\n<meta property=\"og:title\" content=\"Mila : Accord de coop\u00e9ration entre l\u2019universit\u00e9 Abdelhafid Boussouf et celle de Sousse - La Sentinelle\" \/>\n<meta property=\"og:description\" content=\"Le Centre universitaire Abdelhafid Boussouf de la wilaya de Mila, a conclu un accord de partenariat et de coop\u00e9ration dans\" \/>\n<meta property=\"og:url\" content=\"https:\/\/lasentinelle.dz\/index.php\/2024\/12\/05\/mila-accord-de-cooperation-entre-luniversite-abdelhafid-boussouf-et-celle-de-sousse\/\" \/>\n<meta property=\"og:site_name\" content=\"La Sentinelle\" \/>\n<meta property=\"article:publisher\" content=\"https:\/\/www.facebook.com\/La-Sentinelle-104059864394773\" \/>\n<meta property=\"article:published_time\" content=\"2024-12-05T12:03:00+00:00\" \/>\n<meta property=\"article:modified_time\" content=\"2024-12-09T12:04:36+00:00\" \/>\n<meta property=\"og:image\" content=\"https:\/\/lasentinelle.dz\/wp-content\/uploads\/2024\/12\/Universite-de-mila.jpg\" \/>\n\t<meta property=\"og:image:width\" content=\"738\" \/>\n\t<meta property=\"og:image:height\" content=\"393\" \/>\n\t<meta property=\"og:image:type\" content=\"image\/jpeg\" \/>\n<meta name=\"author\" content=\"admin\" \/>\n<meta name=\"twitter:card\" content=\"summary_large_image\" \/>\n<meta name=\"twitter:label1\" content=\"\u00c9crit par\" \/>\n\t<meta name=\"twitter:data1\" content=\"admin\" \/>\n\t<meta name=\"twitter:label2\" content=\"Dur\u00e9e de lecture estim\u00e9e\" \/>\n\t<meta name=\"twitter:data2\" content=\"3 minutes\" \/>\n<script type=\"application\/ld+json\" class=\"yoast-schema-graph\">{\"@context\":\"https:\\\/\\\/schema.org\",\"@graph\":[{\"@type\":\"Article\",\"@id\":\"https:\\\/\\\/lasentinelle.dz\\\/index.php\\\/2024\\\/12\\\/05\\\/mila-accord-de-cooperation-entre-luniversite-abdelhafid-boussouf-et-celle-de-sousse\\\/#article\",\"isPartOf\":{\"@id\":\"https:\\\/\\\/lasentinelle.dz\\\/index.php\\\/2024\\\/12\\\/05\\\/mila-accord-de-cooperation-entre-luniversite-abdelhafid-boussouf-et-celle-de-sousse\\\/\"},\"author\":{\"name\":\"admin\",\"@id\":\"https:\\\/\\\/lasentinelle.dz\\\/#\\\/schema\\\/person\\\/729ee0024f24e0b8c5ec17232f8e8b41\"},\"headline\":\"Mila : Accord de coop\u00e9ration entre l\u2019universit\u00e9 Abdelhafid Boussouf et celle de Sousse\",\"datePublished\":\"2024-12-05T12:03:00+00:00\",\"dateModified\":\"2024-12-09T12:04:36+00:00\",\"mainEntityOfPage\":{\"@id\":\"https:\\\/\\\/lasentinelle.dz\\\/index.php\\\/2024\\\/12\\\/05\\\/mila-accord-de-cooperation-entre-luniversite-abdelhafid-boussouf-et-celle-de-sousse\\\/\"},\"wordCount\":601,\"commentCount\":0,\"publisher\":{\"@id\":\"https:\\\/\\\/lasentinelle.dz\\\/#organization\"},\"image\":{\"@id\":\"https:\\\/\\\/lasentinelle.dz\\\/index.php\\\/2024\\\/12\\\/05\\\/mila-accord-de-cooperation-entre-luniversite-abdelhafid-boussouf-et-celle-de-sousse\\\/#primaryimage\"},\"thumbnailUrl\":\"https:\\\/\\\/lasentinelle.dz\\\/wp-content\\\/uploads\\\/2024\\\/12\\\/Universite-de-mila.jpg\",\"articleSection\":[\"R\u00e9gions\"],\"inLanguage\":\"fr-FR\",\"potentialAction\":[{\"@type\":\"CommentAction\",\"name\":\"Comment\",\"target\":[\"https:\\\/\\\/lasentinelle.dz\\\/index.php\\\/2024\\\/12\\\/05\\\/mila-accord-de-cooperation-entre-luniversite-abdelhafid-boussouf-et-celle-de-sousse\\\/#respond\"]}]},{\"@type\":\"WebPage\",\"@id\":\"https:\\\/\\\/lasentinelle.dz\\\/index.php\\\/2024\\\/12\\\/05\\\/mila-accord-de-cooperation-entre-luniversite-abdelhafid-boussouf-et-celle-de-sousse\\\/\",\"url\":\"https:\\\/\\\/lasentinelle.dz\\\/index.php\\\/2024\\\/12\\\/05\\\/mila-accord-de-cooperation-entre-luniversite-abdelhafid-boussouf-et-celle-de-sousse\\\/\",\"name\":\"Mila : Accord de coop\u00e9ration entre l\u2019universit\u00e9 Abdelhafid Boussouf et celle de Sousse - La Sentinelle\",\"isPartOf\":{\"@id\":\"https:\\\/\\\/lasentinelle.dz\\\/#website\"},\"primaryImageOfPage\":{\"@id\":\"https:\\\/\\\/lasentinelle.dz\\\/index.php\\\/2024\\\/12\\\/05\\\/mila-accord-de-cooperation-entre-luniversite-abdelhafid-boussouf-et-celle-de-sousse\\\/#primaryimage\"},\"image\":{\"@id\":\"https:\\\/\\\/lasentinelle.dz\\\/index.php\\\/2024\\\/12\\\/05\\\/mila-accord-de-cooperation-entre-luniversite-abdelhafid-boussouf-et-celle-de-sousse\\\/#primaryimage\"},\"thumbnailUrl\":\"https:\\\/\\\/lasentinelle.dz\\\/wp-content\\\/uploads\\\/2024\\\/12\\\/Universite-de-mila.jpg\",\"datePublished\":\"2024-12-05T12:03:00+00:00\",\"dateModified\":\"2024-12-09T12:04:36+00:00\",\"breadcrumb\":{\"@id\":\"https:\\\/\\\/lasentinelle.dz\\\/index.php\\\/2024\\\/12\\\/05\\\/mila-accord-de-cooperation-entre-luniversite-abdelhafid-boussouf-et-celle-de-sousse\\\/#breadcrumb\"},\"inLanguage\":\"fr-FR\",\"potentialAction\":[{\"@type\":\"ReadAction\",\"target\":[\"https:\\\/\\\/lasentinelle.dz\\\/index.php\\\/2024\\\/12\\\/05\\\/mila-accord-de-cooperation-entre-luniversite-abdelhafid-boussouf-et-celle-de-sousse\\\/\"]}]},{\"@type\":\"ImageObject\",\"inLanguage\":\"fr-FR\",\"@id\":\"https:\\\/\\\/lasentinelle.dz\\\/index.php\\\/2024\\\/12\\\/05\\\/mila-accord-de-cooperation-entre-luniversite-abdelhafid-boussouf-et-celle-de-sousse\\\/#primaryimage\",\"url\":\"https:\\\/\\\/lasentinelle.dz\\\/wp-content\\\/uploads\\\/2024\\\/12\\\/Universite-de-mila.jpg\",\"contentUrl\":\"https:\\\/\\\/lasentinelle.dz\\\/wp-content\\\/uploads\\\/2024\\\/12\\\/Universite-de-mila.jpg\",\"width\":738,\"height\":393},{\"@type\":\"BreadcrumbList\",\"@id\":\"https:\\\/\\\/lasentinelle.dz\\\/index.php\\\/2024\\\/12\\\/05\\\/mila-accord-de-cooperation-entre-luniversite-abdelhafid-boussouf-et-celle-de-sousse\\\/#breadcrumb\",\"itemListElement\":[{\"@type\":\"ListItem\",\"position\":1,\"name\":\"Accueil\",\"item\":\"https:\\\/\\\/lasentinelle.dz\\\/\"},{\"@type\":\"ListItem\",\"position\":2,\"name\":\"Mila : Accord de coop\u00e9ration entre l\u2019universit\u00e9 Abdelhafid Boussouf et celle de Sousse\"}]},{\"@type\":\"WebSite\",\"@id\":\"https:\\\/\\\/lasentinelle.dz\\\/#website\",\"url\":\"https:\\\/\\\/lasentinelle.dz\\\/\",\"name\":\"La Sentinelle\",\"description\":\"Quotidien national d&#039;information\",\"publisher\":{\"@id\":\"https:\\\/\\\/lasentinelle.dz\\\/#organization\"},\"potentialAction\":[{\"@type\":\"SearchAction\",\"target\":{\"@type\":\"EntryPoint\",\"urlTemplate\":\"https:\\\/\\\/lasentinelle.dz\\\/?s={search_term_string}\"},\"query-input\":{\"@type\":\"PropertyValueSpecification\",\"valueRequired\":true,\"valueName\":\"search_term_string\"}}],\"inLanguage\":\"fr-FR\"},{\"@type\":\"Organization\",\"@id\":\"https:\\\/\\\/lasentinelle.dz\\\/#organization\",\"name\":\"Quotidien La Sentinelle\",\"url\":\"https:\\\/\\\/lasentinelle.dz\\\/\",\"logo\":{\"@type\":\"ImageObject\",\"inLanguage\":\"fr-FR\",\"@id\":\"https:\\\/\\\/lasentinelle.dz\\\/#\\\/schema\\\/logo\\\/image\\\/\",\"url\":\"https:\\\/\\\/lasentinelle.dz\\\/wp-content\\\/uploads\\\/2021\\\/09\\\/logo-sentinelleSLOGAN-1.png\",\"contentUrl\":\"https:\\\/\\\/lasentinelle.dz\\\/wp-content\\\/uploads\\\/2021\\\/09\\\/logo-sentinelleSLOGAN-1.png\",\"width\":615,\"height\":142,\"caption\":\"Quotidien La Sentinelle\"},\"image\":{\"@id\":\"https:\\\/\\\/lasentinelle.dz\\\/#\\\/schema\\\/logo\\\/image\\\/\"},\"sameAs\":[\"https:\\\/\\\/www.facebook.com\\\/La-Sentinelle-104059864394773\"]},{\"@type\":\"Person\",\"@id\":\"https:\\\/\\\/lasentinelle.dz\\\/#\\\/schema\\\/person\\\/729ee0024f24e0b8c5ec17232f8e8b41\",\"name\":\"admin\",\"image\":{\"@type\":\"ImageObject\",\"inLanguage\":\"fr-FR\",\"@id\":\"https:\\\/\\\/secure.gravatar.com\\\/avatar\\\/4c81fed838786e9b53f540bf46533e750f5d292099ae3b66cfc6fb1982e29df7?s=96&d=mm&r=g\",\"url\":\"https:\\\/\\\/secure.gravatar.com\\\/avatar\\\/4c81fed838786e9b53f540bf46533e750f5d292099ae3b66cfc6fb1982e29df7?s=96&d=mm&r=g\",\"contentUrl\":\"https:\\\/\\\/secure.gravatar.com\\\/avatar\\\/4c81fed838786e9b53f540bf46533e750f5d292099ae3b66cfc6fb1982e29df7?s=96&d=mm&r=g\",\"caption\":\"admin\"},\"description\":\"admin\",\"url\":\"https:\\\/\\\/lasentinelle.dz\\\/author\\\/admin\\\/\"}]}<\/script>\n<!-- \/ Yoast SEO plugin. -->","yoast_head_json":{"title":"Mila : Accord de coop\u00e9ration entre l\u2019universit\u00e9 Abdelhafid Boussouf et celle de Sousse - La Sentinelle","robots":{"index":"index","follow":"follow","max-snippet":"max-snippet:-1","max-image-preview":"max-image-preview:large","max-video-preview":"max-video-preview:-1"},"canonical":"https:\/\/lasentinelle.dz\/index.php\/2024\/12\/05\/mila-accord-de-cooperation-entre-luniversite-abdelhafid-boussouf-et-celle-de-sousse\/","og_locale":"fr_FR","og_type":"article","og_title":"Mila : Accord de coop\u00e9ration entre l\u2019universit\u00e9 Abdelhafid Boussouf et celle de Sousse - La Sentinelle","og_description":"Le Centre universitaire Abdelhafid Boussouf de la wilaya de Mila, a conclu un accord de partenariat et de coop\u00e9ration dans","og_url":"https:\/\/lasentinelle.dz\/index.php\/2024\/12\/05\/mila-accord-de-cooperation-entre-luniversite-abdelhafid-boussouf-et-celle-de-sousse\/","og_site_name":"La Sentinelle","article_publisher":"https:\/\/www.facebook.com\/La-Sentinelle-104059864394773","article_published_time":"2024-12-05T12:03:00+00:00","article_modified_time":"2024-12-09T12:04:36+00:00","og_image":[{"width":738,"height":393,"url":"https:\/\/lasentinelle.dz\/wp-content\/uploads\/2024\/12\/Universite-de-mila.jpg","type":"image\/jpeg"}],"author":"admin","twitter_card":"summary_large_image","twitter_misc":{"\u00c9crit par":"admin","Dur\u00e9e de lecture estim\u00e9e":"3 minutes"},"schema":{"@context":"https:\/\/schema.org","@graph":[{"@type":"Article","@id":"https:\/\/lasentinelle.dz\/index.php\/2024\/12\/05\/mila-accord-de-cooperation-entre-luniversite-abdelhafid-boussouf-et-celle-de-sousse\/#article","isPartOf":{"@id":"https:\/\/lasentinelle.dz\/index.php\/2024\/12\/05\/mila-accord-de-cooperation-entre-luniversite-abdelhafid-boussouf-et-celle-de-sousse\/"},"author":{"name":"admin","@id":"https:\/\/lasentinelle.dz\/#\/schema\/person\/729ee0024f24e0b8c5ec17232f8e8b41"},"headline":"Mila : Accord de coop\u00e9ration entre l\u2019universit\u00e9 Abdelhafid Boussouf et celle de Sousse","datePublished":"2024-12-05T12:03:00+00:00","dateModified":"2024-12-09T12:04:36+00:00","mainEntityOfPage":{"@id":"https:\/\/lasentinelle.dz\/index.php\/2024\/12\/05\/mila-accord-de-cooperation-entre-luniversite-abdelhafid-boussouf-et-celle-de-sousse\/"},"wordCount":601,"commentCount":0,"publisher":{"@id":"https:\/\/lasentinelle.dz\/#organization"},"image":{"@id":"https:\/\/lasentinelle.dz\/index.php\/2024\/12\/05\/mila-accord-de-cooperation-entre-luniversite-abdelhafid-boussouf-et-celle-de-sousse\/#primaryimage"},"thumbnailUrl":"https:\/\/lasentinelle.dz\/wp-content\/uploads\/2024\/12\/Universite-de-mila.jpg","articleSection":["R\u00e9gions"],"inLanguage":"fr-FR","potentialAction":[{"@type":"CommentAction","name":"Comment","target":["https:\/\/lasentinelle.dz\/index.php\/2024\/12\/05\/mila-accord-de-cooperation-entre-luniversite-abdelhafid-boussouf-et-celle-de-sousse\/#respond"]}]},{"@type":"WebPage","@id":"https:\/\/lasentinelle.dz\/index.php\/2024\/12\/05\/mila-accord-de-cooperation-entre-luniversite-abdelhafid-boussouf-et-celle-de-sousse\/","url":"https:\/\/lasentinelle.dz\/index.php\/2024\/12\/05\/mila-accord-de-cooperation-entre-luniversite-abdelhafid-boussouf-et-celle-de-sousse\/","name":"Mila : Accord de coop\u00e9ration entre l\u2019universit\u00e9 Abdelhafid Boussouf et celle de Sousse - La Sentinelle","isPartOf":{"@id":"https:\/\/lasentinelle.dz\/#website"},"primaryImageOfPage":{"@id":"https:\/\/lasentinelle.dz\/index.php\/2024\/12\/05\/mila-accord-de-cooperation-entre-luniversite-abdelhafid-boussouf-et-celle-de-sousse\/#primaryimage"},"image":{"@id":"https:\/\/lasentinelle.dz\/index.php\/2024\/12\/05\/mila-accord-de-cooperation-entre-luniversite-abdelhafid-boussouf-et-celle-de-sousse\/#primaryimage"},"thumbnailUrl":"https:\/\/lasentinelle.dz\/wp-content\/uploads\/2024\/12\/Universite-de-mila.jpg","datePublished":"2024-12-05T12:03:00+00:00","dateModified":"2024-12-09T12:04:36+00:00","breadcrumb":{"@id":"https:\/\/lasentinelle.dz\/index.php\/2024\/12\/05\/mila-accord-de-cooperation-entre-luniversite-abdelhafid-boussouf-et-celle-de-sousse\/#breadcrumb"},"inLanguage":"fr-FR","potentialAction":[{"@type":"ReadAction","target":["https:\/\/lasentinelle.dz\/index.php\/2024\/12\/05\/mila-accord-de-cooperation-entre-luniversite-abdelhafid-boussouf-et-celle-de-sousse\/"]}]},{"@type":"ImageObject","inLanguage":"fr-FR","@id":"https:\/\/lasentinelle.dz\/index.php\/2024\/12\/05\/mila-accord-de-cooperation-entre-luniversite-abdelhafid-boussouf-et-celle-de-sousse\/#primaryimage","url":"https:\/\/lasentinelle.dz\/wp-content\/uploads\/2024\/12\/Universite-de-mila.jpg","contentUrl":"https:\/\/lasentinelle.dz\/wp-content\/uploads\/2024\/12\/Universite-de-mila.jpg","width":738,"height":393},{"@type":"BreadcrumbList","@id":"https:\/\/lasentinelle.dz\/index.php\/2024\/12\/05\/mila-accord-de-cooperation-entre-luniversite-abdelhafid-boussouf-et-celle-de-sousse\/#breadcrumb","itemListElement":[{"@type":"ListItem","position":1,"name":"Accueil","item":"https:\/\/lasentinelle.dz\/"},{"@type":"ListItem","position":2,"name":"Mila : Accord de coop\u00e9ration entre l\u2019universit\u00e9 Abdelhafid Boussouf et celle de Sousse"}]},{"@type":"WebSite","@id":"https:\/\/lasentinelle.dz\/#website","url":"https:\/\/lasentinelle.dz\/","name":"La Sentinelle","description":"Quotidien national d&#039;information","publisher":{"@id":"https:\/\/lasentinelle.dz\/#organization"},"potentialAction":[{"@type":"SearchAction","target":{"@type":"EntryPoint","urlTemplate":"https:\/\/lasentinelle.dz\/?s={search_term_string}"},"query-input":{"@type":"PropertyValueSpecification","valueRequired":true,"valueName":"search_term_string"}}],"inLanguage":"fr-FR"},{"@type":"Organization","@id":"https:\/\/lasentinelle.dz\/#organization","name":"Quotidien La Sentinelle","url":"https:\/\/lasentinelle.dz\/","logo":{"@type":"ImageObject","inLanguage":"fr-FR","@id":"https:\/\/lasentinelle.dz\/#\/schema\/logo\/image\/","url":"https:\/\/lasentinelle.dz\/wp-content\/uploads\/2021\/09\/logo-sentinelleSLOGAN-1.png","contentUrl":"https:\/\/lasentinelle.dz\/wp-content\/uploads\/2021\/09\/logo-sentinelleSLOGAN-1.png","width":615,"height":142,"caption":"Quotidien La Sentinelle"},"image":{"@id":"https:\/\/lasentinelle.dz\/#\/schema\/logo\/image\/"},"sameAs":["https:\/\/www.facebook.com\/La-Sentinelle-104059864394773"]},{"@type":"Person","@id":"https:\/\/lasentinelle.dz\/#\/schema\/person\/729ee0024f24e0b8c5ec17232f8e8b41","name":"admin","image":{"@type":"ImageObject","inLanguage":"fr-FR","@id":"https:\/\/secure.gravatar.com\/avatar\/4c81fed838786e9b53f540bf46533e750f5d292099ae3b66cfc6fb1982e29df7?s=96&d=mm&r=g","url":"https:\/\/secure.gravatar.com\/avatar\/4c81fed838786e9b53f540bf46533e750f5d292099ae3b66cfc6fb1982e29df7?s=96&d=mm&r=g","contentUrl":"https:\/\/secure.gravatar.com\/avatar\/4c81fed838786e9b53f540bf46533e750f5d292099ae3b66cfc6fb1982e29df7?s=96&d=mm&r=g","caption":"admin"},"description":"admin","url":"https:\/\/lasentinelle.dz\/author\/admin\/"}]}},"_links":{"self":[{"href":"https:\/\/lasentinelle.dz\/index.php\/wp-json\/wp\/v2\/posts\/60306","targetHints":{"allow":["GET"]}}],"collection":[{"href":"https:\/\/lasentinelle.dz\/index.php\/wp-json\/wp\/v2\/posts"}],"about":[{"href":"https:\/\/lasentinelle.dz\/index.php\/wp-json\/wp\/v2\/types\/post"}],"author":[{"embeddable":true,"href":"https:\/\/lasentinelle.dz\/index.php\/wp-json\/wp\/v2\/users\/6"}],"replies":[{"embeddable":true,"href":"https:\/\/lasentinelle.dz\/index.php\/wp-json\/wp\/v2\/comments?post=60306"}],"version-history":[{"count":1,"href":"https:\/\/lasentinelle.dz\/index.php\/wp-json\/wp\/v2\/posts\/60306\/revisions"}],"predecessor-version":[{"id":60308,"href":"https:\/\/lasentinelle.dz\/index.php\/wp-json\/wp\/v2\/posts\/60306\/revisions\/60308"}],"wp:featuredmedia":[{"embeddable":true,"href":"https:\/\/lasentinelle.dz\/index.php\/wp-json\/wp\/v2\/media\/60307"}],"wp:attachment":[{"href":"https:\/\/lasentinelle.dz\/index.php\/wp-json\/wp\/v2\/media?parent=60306"}],"wp:term":[{"taxonomy":"category","embeddable":true,"href":"https:\/\/lasentinelle.dz\/index.php\/wp-json\/wp\/v2\/categories?post=60306"},{"taxonomy":"post_tag","embeddable":true,"href":"https:\/\/lasentinelle.dz\/index.php\/wp-json\/wp\/v2\/tags?post=60306"}],"curies":[{"name":"wp","href":"https:\/\/api.w.org\/{rel}","templated":true}]}}