{"id":60358,"date":"2024-12-10T10:55:09","date_gmt":"2024-12-10T09:55:09","guid":{"rendered":"https:\/\/lasentinelle.dz\/?p=60358"},"modified":"2024-12-10T10:55:10","modified_gmt":"2024-12-10T09:55:10","slug":"ligue-1-mobilis-12e-journee-le-mco-rejoint-less-a-la-place-de-dauphin-la-jsk-au-pied-du-podium","status":"publish","type":"post","link":"https:\/\/lasentinelle.dz\/index.php\/2024\/12\/10\/ligue-1-mobilis-12e-journee-le-mco-rejoint-less-a-la-place-de-dauphin-la-jsk-au-pied-du-podium\/","title":{"rendered":"Ligue 1 Mobilis (12e journ\u00e9e) : Le MCO rejoint l&rsquo;ESS \u00e0 la place de dauphin, la JSK au pied du podium"},"content":{"rendered":"\n<p>Le MC Oran, vainqueur dimanche soir \u00e0 domicile face \u00e0 l&rsquo;US Biskra (1-0), a rejoint provisoirement l&rsquo;ES S\u00e9tif \u00e0 la position du dauphin, au classement du la Ligue 1 Mobilis de football, alors que la JS Kabylie est revenue de loin pour arracher une victoire \u00e0 la maison face au NC Magra (2-1), \u00e0 l&rsquo;occasion de la 12e journ\u00e9e de la comp\u00e9tition.<\/p>\n\n\n\n<p>Le MC Oran, qui restait sur une mauvaise s\u00e9rie de trois matchs sans victoire (deux d\u00e9faites et un nul, NDLR), a retrouv\u00e9 le sourire en d\u00e9crochant un succ\u00e8s aux forceps, face \u00e0 une accrocheuse \u00e9quipe de l&rsquo;USB. Il a fallu attendre la 78e minute de jeu pour assister \u00e0 l&rsquo;unique but de la partie, marqu\u00e9 par le d\u00e9fenseur Aggoun (78e). Cette victoire laborieuse permet aux Oranais de rejoindre l&rsquo;ES S\u00e9tif \u00e0 la deuxi\u00e8me place du classement, confirmant leur r\u00e9silience apr\u00e8s une p\u00e9riode compliqu\u00e9e marqu\u00e9e par trois matchs sans victoire. Face \u00e0 des Biskris accrocheuses, le MCO a longtemps but\u00e9 sur un excellent gardien, Melala, avant de faire la diff\u00e9rence dans les derniers instants. Une performance qui tranche avec la mauvaise passe travers\u00e9e par l&rsquo;US Biskra, d\u00e9sormais au bord de la zone rouge, \u00e0 un point seulement du premier rel\u00e9gable Paradou AC. La JS Kabylie a de son c\u00f4t\u00e9 su renverser une situation mal engag\u00e9e contre le NC Magra, d\u00e9montrant un mental \u00e0 toute \u00e9preuve. Dans son nouveau antre de Hocine A\u00eft-Ahmed, la JSK s&rsquo;est donn\u00e9e des frayeurs devant son public, en conc\u00e9dant l&rsquo;ouverture du score sign\u00e9e Kemoukh (26e). Mais l&rsquo;avantage du \u00ab\u00a0Nedjm\u00a0\u00bb de Magra n&rsquo;aura dur\u00e9 que quelques minutes, puisque les \u00ab\u00a0Canaris\u00a0\u00bb sont parvenus \u00e0 renverser la vapeur, en \u00e9galisant d&rsquo;abord par le ma\u00eetre \u00e0 jouer Boudebouz peu avant la pause (43e), avant que l&rsquo;attaquant burkinab\u00e9, Ouattara, ne marque le but de la d\u00e9livrance en fin de match (83e). Un succ\u00e8s important qui permet aux Jaune et Vert de pr\u00e9server la dynamique (3 victoires et 2 nuls, NDLR), mais \u00e9galement de se positionner au pied du podium, avec en sus deux matchs en moins. De son c\u00f4t\u00e9, le NCM retombe dans ses travers, et conc\u00e8de sa cinqui\u00e8me d\u00e9faite depuis le d\u00e9but de la saison, lui qui restait sur une belle s\u00e9rie de deux succ\u00e8s et un nul, lors des trois pr\u00e9c\u00e9dentes journ\u00e9es.<\/p>\n\n\n\n<p>La veille, l&rsquo;Entente de S\u00e9tif a r\u00e9alis\u00e9 une belle op\u00e9ration en d\u00e9placement \u00e0 Khenchela, arrachant une victoire spectaculaire sur le score de 3-2. Men\u00e9s \u00e0 la pause apr\u00e8s un but d&rsquo;A\u00efboud (45e+1), les S\u00e9tifiens ont renvers\u00e9 la vapeur en seconde p\u00e9riode, signant un troisi\u00e8me match sans d\u00e9faite. Cette performance leur permet de r\u00e9cup\u00e9rer provisoirement la place de dauphin avec 18 points, \u00e0 une longueur du leader Constantine. L&rsquo;USM Khenchela, qui semblait avoir fait le plus dur en menant \u00e0 la mi-temps, se retrouve frustr\u00e9e et marque le pas apr\u00e8s une s\u00e9rie initiale encourageante. L&rsquo;ASO Chlef n&rsquo;est pas en reste, dominant l&rsquo;ES Mostaganem 2-0 gr\u00e2ce \u00e0 des r\u00e9alisations de l&rsquo;attaquant togolais Agbagno (45e+3) et de Sadahine (90e+7). Ce succ\u00e8s permet aux Ch\u00e9lifiens de confirmer leur efficacit\u00e9 \u00e0 domicile et de s&rsquo;installer confortablement dans le milieu de tableau. Un d\u00e9tail important \u00e0 souligner : quatre rencontres ont \u00e9t\u00e9 report\u00e9es en raison de l&rsquo;engagement de plusieurs clubs alg\u00e9riens dans les comp\u00e9titions africaines interclubs. Sont concern\u00e9s le Paradou AC &#8211; CR Belouizdad, CS Constantine &#8211; MC El-Bayadh, Olympique Akbou &#8211; USM Alger, et MC Alger &#8211; JS Saoura, t\u00e9moignant de l&rsquo;importance du football continental pour les \u00e9quipes nationales. Le championnat confirme ainsi son intensit\u00e9 et son ind\u00e9niable suspense, o\u00f9 chaque journ\u00e9e r\u00e9serve son lot de surprises et de rebondissements. La course au titre et aux places dans les comp\u00e9titions continentales promet d&rsquo;\u00eatre disput\u00e9e jusqu&rsquo;au bout, avec des \u00e9quipes qui montrent tour \u00e0 tour leurs qualit\u00e9s et leurs limites dans un championnat o\u00f9 rien n&rsquo;est jamais acquis.<\/p>\n\n\n\n<p>R.S.<\/p>\n","protected":false},"excerpt":{"rendered":"<p>Le MC Oran, vainqueur dimanche soir \u00e0 domicile face \u00e0 l&rsquo;US Biskra (1-0), a rejoint provisoirement l&rsquo;ES S\u00e9tif \u00e0 la<\/p>\n","protected":false},"author":6,"featured_media":60359,"comment_status":"open","ping_status":"closed","sticky":false,"template":"","format":"standard","meta":{"colormag_page_container_layout":"default_layout","colormag_page_sidebar_layout":"default_layout","om_disable_all_campaigns":false,"_monsterinsights_skip_tracking":false,"_monsterinsights_sitenote_active":false,"_monsterinsights_sitenote_note":"","_monsterinsights_sitenote_category":0,"footnotes":"","_wpscppro_dont_share_socialmedia":false,"_wpscppro_custom_social_share_image":0,"_facebook_share_type":"default","_twitter_share_type":"default","_linkedin_share_type":"default","_pinterest_share_type":"default","_linkedin_share_type_page":"","_instagram_share_type":"default","_medium_share_type":"default","_threads_share_type":"","_google_business_share_type":"","_selected_social_profile":[],"_wpsp_enable_custom_social_template":false,"_wpsp_social_scheduling":{"enabled":false,"datetime":null,"platforms":[],"status":"template_only","dateOption":"today","timeOption":"now","customDays":"","customHours":"","customDate":"","customTime":"","schedulingType":"absolute"},"_wpsp_active_default_template":true},"categories":[33],"tags":[],"class_list":["post-60358","post","type-post","status-publish","format-standard","has-post-thumbnail","hentry","category-sports"],"aioseo_notices":[],"yoast_head":"<!-- This site is optimized with the Yoast SEO plugin v27.5 - https:\/\/yoast.com\/product\/yoast-seo-wordpress\/ -->\n<title>Ligue 1 Mobilis (12e journ\u00e9e) : Le MCO rejoint l&rsquo;ESS \u00e0 la place de dauphin, la JSK au pied du podium - La Sentinelle<\/title>\n<meta name=\"robots\" content=\"index, follow, max-snippet:-1, max-image-preview:large, max-video-preview:-1\" \/>\n<link rel=\"canonical\" href=\"https:\/\/lasentinelle.dz\/index.php\/2024\/12\/10\/ligue-1-mobilis-12e-journee-le-mco-rejoint-less-a-la-place-de-dauphin-la-jsk-au-pied-du-podium\/\" \/>\n<meta property=\"og:locale\" content=\"fr_FR\" \/>\n<meta property=\"og:type\" content=\"article\" \/>\n<meta property=\"og:title\" content=\"Ligue 1 Mobilis (12e journ\u00e9e) : Le MCO rejoint l&rsquo;ESS \u00e0 la place de dauphin, la JSK au pied du podium - La Sentinelle\" \/>\n<meta property=\"og:description\" content=\"Le MC Oran, vainqueur dimanche soir \u00e0 domicile face \u00e0 l&rsquo;US Biskra (1-0), a rejoint provisoirement l&rsquo;ES S\u00e9tif \u00e0 la\" \/>\n<meta property=\"og:url\" content=\"https:\/\/lasentinelle.dz\/index.php\/2024\/12\/10\/ligue-1-mobilis-12e-journee-le-mco-rejoint-less-a-la-place-de-dauphin-la-jsk-au-pied-du-podium\/\" \/>\n<meta property=\"og:site_name\" content=\"La Sentinelle\" \/>\n<meta property=\"article:publisher\" content=\"https:\/\/www.facebook.com\/La-Sentinelle-104059864394773\" \/>\n<meta property=\"article:published_time\" content=\"2024-12-10T09:55:09+00:00\" \/>\n<meta property=\"article:modified_time\" content=\"2024-12-10T09:55:10+00:00\" \/>\n<meta property=\"og:image\" content=\"https:\/\/lasentinelle.dz\/wp-content\/uploads\/2024\/12\/MCO.jpeg\" \/>\n\t<meta property=\"og:image:width\" content=\"1758\" \/>\n\t<meta property=\"og:image:height\" content=\"2048\" \/>\n\t<meta property=\"og:image:type\" content=\"image\/jpeg\" \/>\n<meta name=\"author\" content=\"admin\" \/>\n<meta name=\"twitter:card\" content=\"summary_large_image\" \/>\n<meta name=\"twitter:label1\" content=\"\u00c9crit par\" \/>\n\t<meta name=\"twitter:data1\" content=\"admin\" \/>\n\t<meta name=\"twitter:label2\" content=\"Dur\u00e9e de lecture estim\u00e9e\" \/>\n\t<meta name=\"twitter:data2\" content=\"4 minutes\" \/>\n<script type=\"application\/ld+json\" class=\"yoast-schema-graph\">{\"@context\":\"https:\\\/\\\/schema.org\",\"@graph\":[{\"@type\":\"Article\",\"@id\":\"https:\\\/\\\/lasentinelle.dz\\\/index.php\\\/2024\\\/12\\\/10\\\/ligue-1-mobilis-12e-journee-le-mco-rejoint-less-a-la-place-de-dauphin-la-jsk-au-pied-du-podium\\\/#article\",\"isPartOf\":{\"@id\":\"https:\\\/\\\/lasentinelle.dz\\\/index.php\\\/2024\\\/12\\\/10\\\/ligue-1-mobilis-12e-journee-le-mco-rejoint-less-a-la-place-de-dauphin-la-jsk-au-pied-du-podium\\\/\"},\"author\":{\"name\":\"admin\",\"@id\":\"https:\\\/\\\/lasentinelle.dz\\\/#\\\/schema\\\/person\\\/729ee0024f24e0b8c5ec17232f8e8b41\"},\"headline\":\"Ligue 1 Mobilis (12e journ\u00e9e) : Le MCO rejoint l&rsquo;ESS \u00e0 la place de dauphin, la JSK au pied du podium\",\"datePublished\":\"2024-12-10T09:55:09+00:00\",\"dateModified\":\"2024-12-10T09:55:10+00:00\",\"mainEntityOfPage\":{\"@id\":\"https:\\\/\\\/lasentinelle.dz\\\/index.php\\\/2024\\\/12\\\/10\\\/ligue-1-mobilis-12e-journee-le-mco-rejoint-less-a-la-place-de-dauphin-la-jsk-au-pied-du-podium\\\/\"},\"wordCount\":721,\"commentCount\":0,\"publisher\":{\"@id\":\"https:\\\/\\\/lasentinelle.dz\\\/#organization\"},\"image\":{\"@id\":\"https:\\\/\\\/lasentinelle.dz\\\/index.php\\\/2024\\\/12\\\/10\\\/ligue-1-mobilis-12e-journee-le-mco-rejoint-less-a-la-place-de-dauphin-la-jsk-au-pied-du-podium\\\/#primaryimage\"},\"thumbnailUrl\":\"https:\\\/\\\/lasentinelle.dz\\\/wp-content\\\/uploads\\\/2024\\\/12\\\/MCO.jpeg\",\"articleSection\":[\"Sports\"],\"inLanguage\":\"fr-FR\",\"potentialAction\":[{\"@type\":\"CommentAction\",\"name\":\"Comment\",\"target\":[\"https:\\\/\\\/lasentinelle.dz\\\/index.php\\\/2024\\\/12\\\/10\\\/ligue-1-mobilis-12e-journee-le-mco-rejoint-less-a-la-place-de-dauphin-la-jsk-au-pied-du-podium\\\/#respond\"]}]},{\"@type\":\"WebPage\",\"@id\":\"https:\\\/\\\/lasentinelle.dz\\\/index.php\\\/2024\\\/12\\\/10\\\/ligue-1-mobilis-12e-journee-le-mco-rejoint-less-a-la-place-de-dauphin-la-jsk-au-pied-du-podium\\\/\",\"url\":\"https:\\\/\\\/lasentinelle.dz\\\/index.php\\\/2024\\\/12\\\/10\\\/ligue-1-mobilis-12e-journee-le-mco-rejoint-less-a-la-place-de-dauphin-la-jsk-au-pied-du-podium\\\/\",\"name\":\"Ligue 1 Mobilis (12e journ\u00e9e) : Le MCO rejoint l&rsquo;ESS \u00e0 la place de dauphin, la JSK au pied du podium - La Sentinelle\",\"isPartOf\":{\"@id\":\"https:\\\/\\\/lasentinelle.dz\\\/#website\"},\"primaryImageOfPage\":{\"@id\":\"https:\\\/\\\/lasentinelle.dz\\\/index.php\\\/2024\\\/12\\\/10\\\/ligue-1-mobilis-12e-journee-le-mco-rejoint-less-a-la-place-de-dauphin-la-jsk-au-pied-du-podium\\\/#primaryimage\"},\"image\":{\"@id\":\"https:\\\/\\\/lasentinelle.dz\\\/index.php\\\/2024\\\/12\\\/10\\\/ligue-1-mobilis-12e-journee-le-mco-rejoint-less-a-la-place-de-dauphin-la-jsk-au-pied-du-podium\\\/#primaryimage\"},\"thumbnailUrl\":\"https:\\\/\\\/lasentinelle.dz\\\/wp-content\\\/uploads\\\/2024\\\/12\\\/MCO.jpeg\",\"datePublished\":\"2024-12-10T09:55:09+00:00\",\"dateModified\":\"2024-12-10T09:55:10+00:00\",\"breadcrumb\":{\"@id\":\"https:\\\/\\\/lasentinelle.dz\\\/index.php\\\/2024\\\/12\\\/10\\\/ligue-1-mobilis-12e-journee-le-mco-rejoint-less-a-la-place-de-dauphin-la-jsk-au-pied-du-podium\\\/#breadcrumb\"},\"inLanguage\":\"fr-FR\",\"potentialAction\":[{\"@type\":\"ReadAction\",\"target\":[\"https:\\\/\\\/lasentinelle.dz\\\/index.php\\\/2024\\\/12\\\/10\\\/ligue-1-mobilis-12e-journee-le-mco-rejoint-less-a-la-place-de-dauphin-la-jsk-au-pied-du-podium\\\/\"]}]},{\"@type\":\"ImageObject\",\"inLanguage\":\"fr-FR\",\"@id\":\"https:\\\/\\\/lasentinelle.dz\\\/index.php\\\/2024\\\/12\\\/10\\\/ligue-1-mobilis-12e-journee-le-mco-rejoint-less-a-la-place-de-dauphin-la-jsk-au-pied-du-podium\\\/#primaryimage\",\"url\":\"https:\\\/\\\/lasentinelle.dz\\\/wp-content\\\/uploads\\\/2024\\\/12\\\/MCO.jpeg\",\"contentUrl\":\"https:\\\/\\\/lasentinelle.dz\\\/wp-content\\\/uploads\\\/2024\\\/12\\\/MCO.jpeg\",\"width\":1758,\"height\":2048},{\"@type\":\"BreadcrumbList\",\"@id\":\"https:\\\/\\\/lasentinelle.dz\\\/index.php\\\/2024\\\/12\\\/10\\\/ligue-1-mobilis-12e-journee-le-mco-rejoint-less-a-la-place-de-dauphin-la-jsk-au-pied-du-podium\\\/#breadcrumb\",\"itemListElement\":[{\"@type\":\"ListItem\",\"position\":1,\"name\":\"Accueil\",\"item\":\"https:\\\/\\\/lasentinelle.dz\\\/\"},{\"@type\":\"ListItem\",\"position\":2,\"name\":\"Ligue 1 Mobilis (12e journ\u00e9e) : Le MCO rejoint l&rsquo;ESS \u00e0 la place de dauphin, la JSK au pied du podium\"}]},{\"@type\":\"WebSite\",\"@id\":\"https:\\\/\\\/lasentinelle.dz\\\/#website\",\"url\":\"https:\\\/\\\/lasentinelle.dz\\\/\",\"name\":\"La Sentinelle\",\"description\":\"Quotidien national d&#039;information\",\"publisher\":{\"@id\":\"https:\\\/\\\/lasentinelle.dz\\\/#organization\"},\"potentialAction\":[{\"@type\":\"SearchAction\",\"target\":{\"@type\":\"EntryPoint\",\"urlTemplate\":\"https:\\\/\\\/lasentinelle.dz\\\/?s={search_term_string}\"},\"query-input\":{\"@type\":\"PropertyValueSpecification\",\"valueRequired\":true,\"valueName\":\"search_term_string\"}}],\"inLanguage\":\"fr-FR\"},{\"@type\":\"Organization\",\"@id\":\"https:\\\/\\\/lasentinelle.dz\\\/#organization\",\"name\":\"Quotidien La Sentinelle\",\"url\":\"https:\\\/\\\/lasentinelle.dz\\\/\",\"logo\":{\"@type\":\"ImageObject\",\"inLanguage\":\"fr-FR\",\"@id\":\"https:\\\/\\\/lasentinelle.dz\\\/#\\\/schema\\\/logo\\\/image\\\/\",\"url\":\"https:\\\/\\\/lasentinelle.dz\\\/wp-content\\\/uploads\\\/2021\\\/09\\\/logo-sentinelleSLOGAN-1.png\",\"contentUrl\":\"https:\\\/\\\/lasentinelle.dz\\\/wp-content\\\/uploads\\\/2021\\\/09\\\/logo-sentinelleSLOGAN-1.png\",\"width\":615,\"height\":142,\"caption\":\"Quotidien La Sentinelle\"},\"image\":{\"@id\":\"https:\\\/\\\/lasentinelle.dz\\\/#\\\/schema\\\/logo\\\/image\\\/\"},\"sameAs\":[\"https:\\\/\\\/www.facebook.com\\\/La-Sentinelle-104059864394773\"]},{\"@type\":\"Person\",\"@id\":\"https:\\\/\\\/lasentinelle.dz\\\/#\\\/schema\\\/person\\\/729ee0024f24e0b8c5ec17232f8e8b41\",\"name\":\"admin\",\"image\":{\"@type\":\"ImageObject\",\"inLanguage\":\"fr-FR\",\"@id\":\"https:\\\/\\\/secure.gravatar.com\\\/avatar\\\/4c81fed838786e9b53f540bf46533e750f5d292099ae3b66cfc6fb1982e29df7?s=96&d=mm&r=g\",\"url\":\"https:\\\/\\\/secure.gravatar.com\\\/avatar\\\/4c81fed838786e9b53f540bf46533e750f5d292099ae3b66cfc6fb1982e29df7?s=96&d=mm&r=g\",\"contentUrl\":\"https:\\\/\\\/secure.gravatar.com\\\/avatar\\\/4c81fed838786e9b53f540bf46533e750f5d292099ae3b66cfc6fb1982e29df7?s=96&d=mm&r=g\",\"caption\":\"admin\"},\"description\":\"admin\",\"url\":\"https:\\\/\\\/lasentinelle.dz\\\/author\\\/admin\\\/\"}]}<\/script>\n<!-- \/ Yoast SEO plugin. -->","yoast_head_json":{"title":"Ligue 1 Mobilis (12e journ\u00e9e) : Le MCO rejoint l&rsquo;ESS \u00e0 la place de dauphin, la JSK au pied du podium - La Sentinelle","robots":{"index":"index","follow":"follow","max-snippet":"max-snippet:-1","max-image-preview":"max-image-preview:large","max-video-preview":"max-video-preview:-1"},"canonical":"https:\/\/lasentinelle.dz\/index.php\/2024\/12\/10\/ligue-1-mobilis-12e-journee-le-mco-rejoint-less-a-la-place-de-dauphin-la-jsk-au-pied-du-podium\/","og_locale":"fr_FR","og_type":"article","og_title":"Ligue 1 Mobilis (12e journ\u00e9e) : Le MCO rejoint l&rsquo;ESS \u00e0 la place de dauphin, la JSK au pied du podium - La Sentinelle","og_description":"Le MC Oran, vainqueur dimanche soir \u00e0 domicile face \u00e0 l&rsquo;US Biskra (1-0), a rejoint provisoirement l&rsquo;ES S\u00e9tif \u00e0 la","og_url":"https:\/\/lasentinelle.dz\/index.php\/2024\/12\/10\/ligue-1-mobilis-12e-journee-le-mco-rejoint-less-a-la-place-de-dauphin-la-jsk-au-pied-du-podium\/","og_site_name":"La Sentinelle","article_publisher":"https:\/\/www.facebook.com\/La-Sentinelle-104059864394773","article_published_time":"2024-12-10T09:55:09+00:00","article_modified_time":"2024-12-10T09:55:10+00:00","og_image":[{"width":1758,"height":2048,"url":"https:\/\/lasentinelle.dz\/wp-content\/uploads\/2024\/12\/MCO.jpeg","type":"image\/jpeg"}],"author":"admin","twitter_card":"summary_large_image","twitter_misc":{"\u00c9crit par":"admin","Dur\u00e9e de lecture estim\u00e9e":"4 minutes"},"schema":{"@context":"https:\/\/schema.org","@graph":[{"@type":"Article","@id":"https:\/\/lasentinelle.dz\/index.php\/2024\/12\/10\/ligue-1-mobilis-12e-journee-le-mco-rejoint-less-a-la-place-de-dauphin-la-jsk-au-pied-du-podium\/#article","isPartOf":{"@id":"https:\/\/lasentinelle.dz\/index.php\/2024\/12\/10\/ligue-1-mobilis-12e-journee-le-mco-rejoint-less-a-la-place-de-dauphin-la-jsk-au-pied-du-podium\/"},"author":{"name":"admin","@id":"https:\/\/lasentinelle.dz\/#\/schema\/person\/729ee0024f24e0b8c5ec17232f8e8b41"},"headline":"Ligue 1 Mobilis (12e journ\u00e9e) : Le MCO rejoint l&rsquo;ESS \u00e0 la place de dauphin, la JSK au pied du podium","datePublished":"2024-12-10T09:55:09+00:00","dateModified":"2024-12-10T09:55:10+00:00","mainEntityOfPage":{"@id":"https:\/\/lasentinelle.dz\/index.php\/2024\/12\/10\/ligue-1-mobilis-12e-journee-le-mco-rejoint-less-a-la-place-de-dauphin-la-jsk-au-pied-du-podium\/"},"wordCount":721,"commentCount":0,"publisher":{"@id":"https:\/\/lasentinelle.dz\/#organization"},"image":{"@id":"https:\/\/lasentinelle.dz\/index.php\/2024\/12\/10\/ligue-1-mobilis-12e-journee-le-mco-rejoint-less-a-la-place-de-dauphin-la-jsk-au-pied-du-podium\/#primaryimage"},"thumbnailUrl":"https:\/\/lasentinelle.dz\/wp-content\/uploads\/2024\/12\/MCO.jpeg","articleSection":["Sports"],"inLanguage":"fr-FR","potentialAction":[{"@type":"CommentAction","name":"Comment","target":["https:\/\/lasentinelle.dz\/index.php\/2024\/12\/10\/ligue-1-mobilis-12e-journee-le-mco-rejoint-less-a-la-place-de-dauphin-la-jsk-au-pied-du-podium\/#respond"]}]},{"@type":"WebPage","@id":"https:\/\/lasentinelle.dz\/index.php\/2024\/12\/10\/ligue-1-mobilis-12e-journee-le-mco-rejoint-less-a-la-place-de-dauphin-la-jsk-au-pied-du-podium\/","url":"https:\/\/lasentinelle.dz\/index.php\/2024\/12\/10\/ligue-1-mobilis-12e-journee-le-mco-rejoint-less-a-la-place-de-dauphin-la-jsk-au-pied-du-podium\/","name":"Ligue 1 Mobilis (12e journ\u00e9e) : Le MCO rejoint l&rsquo;ESS \u00e0 la place de dauphin, la JSK au pied du podium - La Sentinelle","isPartOf":{"@id":"https:\/\/lasentinelle.dz\/#website"},"primaryImageOfPage":{"@id":"https:\/\/lasentinelle.dz\/index.php\/2024\/12\/10\/ligue-1-mobilis-12e-journee-le-mco-rejoint-less-a-la-place-de-dauphin-la-jsk-au-pied-du-podium\/#primaryimage"},"image":{"@id":"https:\/\/lasentinelle.dz\/index.php\/2024\/12\/10\/ligue-1-mobilis-12e-journee-le-mco-rejoint-less-a-la-place-de-dauphin-la-jsk-au-pied-du-podium\/#primaryimage"},"thumbnailUrl":"https:\/\/lasentinelle.dz\/wp-content\/uploads\/2024\/12\/MCO.jpeg","datePublished":"2024-12-10T09:55:09+00:00","dateModified":"2024-12-10T09:55:10+00:00","breadcrumb":{"@id":"https:\/\/lasentinelle.dz\/index.php\/2024\/12\/10\/ligue-1-mobilis-12e-journee-le-mco-rejoint-less-a-la-place-de-dauphin-la-jsk-au-pied-du-podium\/#breadcrumb"},"inLanguage":"fr-FR","potentialAction":[{"@type":"ReadAction","target":["https:\/\/lasentinelle.dz\/index.php\/2024\/12\/10\/ligue-1-mobilis-12e-journee-le-mco-rejoint-less-a-la-place-de-dauphin-la-jsk-au-pied-du-podium\/"]}]},{"@type":"ImageObject","inLanguage":"fr-FR","@id":"https:\/\/lasentinelle.dz\/index.php\/2024\/12\/10\/ligue-1-mobilis-12e-journee-le-mco-rejoint-less-a-la-place-de-dauphin-la-jsk-au-pied-du-podium\/#primaryimage","url":"https:\/\/lasentinelle.dz\/wp-content\/uploads\/2024\/12\/MCO.jpeg","contentUrl":"https:\/\/lasentinelle.dz\/wp-content\/uploads\/2024\/12\/MCO.jpeg","width":1758,"height":2048},{"@type":"BreadcrumbList","@id":"https:\/\/lasentinelle.dz\/index.php\/2024\/12\/10\/ligue-1-mobilis-12e-journee-le-mco-rejoint-less-a-la-place-de-dauphin-la-jsk-au-pied-du-podium\/#breadcrumb","itemListElement":[{"@type":"ListItem","position":1,"name":"Accueil","item":"https:\/\/lasentinelle.dz\/"},{"@type":"ListItem","position":2,"name":"Ligue 1 Mobilis (12e journ\u00e9e) : Le MCO rejoint l&rsquo;ESS \u00e0 la place de dauphin, la JSK au pied du podium"}]},{"@type":"WebSite","@id":"https:\/\/lasentinelle.dz\/#website","url":"https:\/\/lasentinelle.dz\/","name":"La Sentinelle","description":"Quotidien national d&#039;information","publisher":{"@id":"https:\/\/lasentinelle.dz\/#organization"},"potentialAction":[{"@type":"SearchAction","target":{"@type":"EntryPoint","urlTemplate":"https:\/\/lasentinelle.dz\/?s={search_term_string}"},"query-input":{"@type":"PropertyValueSpecification","valueRequired":true,"valueName":"search_term_string"}}],"inLanguage":"fr-FR"},{"@type":"Organization","@id":"https:\/\/lasentinelle.dz\/#organization","name":"Quotidien La Sentinelle","url":"https:\/\/lasentinelle.dz\/","logo":{"@type":"ImageObject","inLanguage":"fr-FR","@id":"https:\/\/lasentinelle.dz\/#\/schema\/logo\/image\/","url":"https:\/\/lasentinelle.dz\/wp-content\/uploads\/2021\/09\/logo-sentinelleSLOGAN-1.png","contentUrl":"https:\/\/lasentinelle.dz\/wp-content\/uploads\/2021\/09\/logo-sentinelleSLOGAN-1.png","width":615,"height":142,"caption":"Quotidien La Sentinelle"},"image":{"@id":"https:\/\/lasentinelle.dz\/#\/schema\/logo\/image\/"},"sameAs":["https:\/\/www.facebook.com\/La-Sentinelle-104059864394773"]},{"@type":"Person","@id":"https:\/\/lasentinelle.dz\/#\/schema\/person\/729ee0024f24e0b8c5ec17232f8e8b41","name":"admin","image":{"@type":"ImageObject","inLanguage":"fr-FR","@id":"https:\/\/secure.gravatar.com\/avatar\/4c81fed838786e9b53f540bf46533e750f5d292099ae3b66cfc6fb1982e29df7?s=96&d=mm&r=g","url":"https:\/\/secure.gravatar.com\/avatar\/4c81fed838786e9b53f540bf46533e750f5d292099ae3b66cfc6fb1982e29df7?s=96&d=mm&r=g","contentUrl":"https:\/\/secure.gravatar.com\/avatar\/4c81fed838786e9b53f540bf46533e750f5d292099ae3b66cfc6fb1982e29df7?s=96&d=mm&r=g","caption":"admin"},"description":"admin","url":"https:\/\/lasentinelle.dz\/author\/admin\/"}]}},"_links":{"self":[{"href":"https:\/\/lasentinelle.dz\/index.php\/wp-json\/wp\/v2\/posts\/60358","targetHints":{"allow":["GET"]}}],"collection":[{"href":"https:\/\/lasentinelle.dz\/index.php\/wp-json\/wp\/v2\/posts"}],"about":[{"href":"https:\/\/lasentinelle.dz\/index.php\/wp-json\/wp\/v2\/types\/post"}],"author":[{"embeddable":true,"href":"https:\/\/lasentinelle.dz\/index.php\/wp-json\/wp\/v2\/users\/6"}],"replies":[{"embeddable":true,"href":"https:\/\/lasentinelle.dz\/index.php\/wp-json\/wp\/v2\/comments?post=60358"}],"version-history":[{"count":2,"href":"https:\/\/lasentinelle.dz\/index.php\/wp-json\/wp\/v2\/posts\/60358\/revisions"}],"predecessor-version":[{"id":60361,"href":"https:\/\/lasentinelle.dz\/index.php\/wp-json\/wp\/v2\/posts\/60358\/revisions\/60361"}],"wp:featuredmedia":[{"embeddable":true,"href":"https:\/\/lasentinelle.dz\/index.php\/wp-json\/wp\/v2\/media\/60359"}],"wp:attachment":[{"href":"https:\/\/lasentinelle.dz\/index.php\/wp-json\/wp\/v2\/media?parent=60358"}],"wp:term":[{"taxonomy":"category","embeddable":true,"href":"https:\/\/lasentinelle.dz\/index.php\/wp-json\/wp\/v2\/categories?post=60358"},{"taxonomy":"post_tag","embeddable":true,"href":"https:\/\/lasentinelle.dz\/index.php\/wp-json\/wp\/v2\/tags?post=60358"}],"curies":[{"name":"wp","href":"https:\/\/api.w.org\/{rel}","templated":true}]}}