{"id":60370,"date":"2024-12-10T11:00:07","date_gmt":"2024-12-10T10:00:07","guid":{"rendered":"https:\/\/lasentinelle.dz\/?p=60370"},"modified":"2024-12-10T11:00:08","modified_gmt":"2024-12-10T10:00:08","slug":"5eme-forum-des-universites-frontalieres-algeriennes-et-tunisiennes-55-lentrepreneuriat-au-coeur-des-discussions","status":"publish","type":"post","link":"https:\/\/lasentinelle.dz\/index.php\/2024\/12\/10\/5eme-forum-des-universites-frontalieres-algeriennes-et-tunisiennes-55-lentrepreneuriat-au-coeur-des-discussions\/","title":{"rendered":"5\u00e8me forum des universit\u00e9s frontali\u00e8res alg\u00e9riennes et tunisiennes 5+5 : L\u2019entrepreneuriat au c\u0153ur des discussions"},"content":{"rendered":"\n<p>La coop\u00e9ration entre l&rsquo;Alg\u00e9rie et la Tunisie conna\u00eet une dynamique renouvel\u00e9e dans divers aspects, notamment dans le domaine universitaire et scientifique. C\u2019est dans ce contexte que le 5\u00e8me forum des universit\u00e9s frontali\u00e8res alg\u00e9riennes et tunisiennes, qui s&rsquo;est ouvert hier \u00e0 l&rsquo;Universit\u00e9 Larbi-T\u00e9bessi de T\u00e9bessa, illustrant parfaitement cette volont\u00e9 de rapprochement et de d\u00e9veloppement conjoint. Plac\u00e9e sous le th\u00e8me \u00ab\u00a0L&rsquo;innovation et le r\u00f4le des universit\u00e9s dans la promotion de l&rsquo;\u00e9conomie du savoir\u00a0\u00bb, l&rsquo;\u00e9v\u00e9nement r\u00e9unit des responsables universitaires alg\u00e9riens, tunisiens et \u00e9galement libyens, t\u00e9moignant d&rsquo;une ambition r\u00e9gionale plus large de coop\u00e9ration scientifique. Une coop\u00e9ration qui s\u2019inscrit dans une dynamique plus large de coop\u00e9ration entre les trois pays en droite ligne des aspirations de leur dirigeant de relancer l\u2019action maghr\u00e9bine et le partenariat dans les domaines politique, \u00e9conomique et social. Dans son allocution d&rsquo;ouverture, Abdelkrim Gouasmia, directeur de l&rsquo;universit\u00e9 de T\u00e9bessa, a soulign\u00e9 l&rsquo;importance cruciale de cette manifestation. Selon lui, cette rencontre \u00ab\u00a0rev\u00eat une grande importance dans le processus de coop\u00e9ration scientifique et universitaire entre l&rsquo;Alg\u00e9rie et les pays fr\u00e8res Tunisie et Libye\u00a0\u00bb, constituant \u00ab\u00a0une opportunit\u00e9 pour renforcer les passerelles du savoir, de l&rsquo;innovation et du d\u00e9veloppement commun, et pour aller de l&rsquo;avant dans la promotion de la coop\u00e9ration scientifique et universitaire\u00a0\u00bb. Le forum s&rsquo;inscrit dans le cadre d&rsquo;une convention historique sign\u00e9e en mars 2022 \u00e0 Gammarth, en Tunisie, entre les ministres de l&rsquo;Enseignement sup\u00e9rieur et de la Recherche scientifique des deux pays. Omar Farhati, coordinateur des universit\u00e9s alg\u00e9riennes et directeur de l&rsquo;universit\u00e9 d&rsquo;El Oued, a pr\u00e9cis\u00e9 les objectifs de cette rencontre : \u00ab\u00a0renforcer les partenariats universitaires et cr\u00e9er un r\u00e9seau durable de coop\u00e9ration scientifique pour l&rsquo;\u00e9change de connaissances, d&rsquo;expertises et d&rsquo;innovations\u00a0\u00bb. Fait notable, des discussions sont en cours pour \u00e9largir cette coop\u00e9ration. M. Farhati a r\u00e9v\u00e9l\u00e9 que des travaux sont men\u00e9s \u00ab\u00a0au plus haut niveau pour adjoindre cinq universit\u00e9s libyennes frontali\u00e8res \u00e0 cette convention\u00a0\u00bb, avec l&rsquo;ambition de cr\u00e9er \u00ab\u00a0un partenariat international entre les trois pays dans le domaine de la recherche scientifique et des dipl\u00f4mes scientifiques pour l&rsquo;obtention d&rsquo;une licence ou d&rsquo;un master international conjoint\u00a0\u00bb. Le coordinateur des universit\u00e9s tunisiennes, Hicham Sba\u00ef, directeur de l&rsquo;universit\u00e9 de Jendouba, a apport\u00e9 un \u00e9clairage ssur cette initiative. Il a soulign\u00e9 que le th\u00e8me choisi \u00ab\u00a0s&rsquo;inscrit dans le cadre de la strat\u00e9gie des deux pays destin\u00e9e \u00e0 encourager l&rsquo;esprit entrepreneurial et l&rsquo;innovation dans les diff\u00e9rents domaines afin de promouvoir nos pays en tant que moteur de d\u00e9veloppement \u00e9conomique durable\u00a0\u00bb.<\/p>\n\n\n\n<p>Au-del\u00e0 des discussions acad\u00e9miques, l&rsquo;\u00e9v\u00e9nement pr\u00e9voit un concours de s\u00e9lection des trois meilleurs projets innovants port\u00e9s par des \u00e9tudiants. Ces projets porteront sur des enjeux cruciaux : la s\u00e9curit\u00e9 \u00e9nerg\u00e9tique, la s\u00e9curit\u00e9 alimentaire et la s\u00e9curit\u00e9 sanitaire.<\/p>\n\n\n\n<p>Souleiman Chater, directeur de l&rsquo;Universit\u00e9 de Sirte, a soulign\u00e9 pour sa part l&rsquo;engagement de son pays \u00e0 \u00ab\u00a0\u00e9tablir des liens entre les universit\u00e9s et la soci\u00e9t\u00e9 civile\u00a0\u00bb, avec l&rsquo;objectif de \u00ab\u00a0jeter des passerelles de communication entre les universit\u00e9s alg\u00e9riennes, tunisiennes et libyennes, et \u00e0 promouvoir les moyens de partenariat et d&rsquo;\u00e9changes scientifiques pour s&rsquo;adapter aux transformations mondiales, notamment \u00e9conomiques\u00a0\u00bb. Le programme de la premi\u00e8re journ\u00e9e est riche et vari\u00e9. Il comprend des communications sur l&rsquo;entrepreneuriat et l&rsquo;innovation, une pr\u00e9sentation comparative des exp\u00e9riences alg\u00e9rienne et tunisienne dans le domaine des start-ups, ainsi que des s\u00e9ances de travail entre les directeurs des universit\u00e9s participantes. Cette rencontre s&rsquo;inscrit dans une dynamique continue. Les organisateurs ont rappel\u00e9 le parcours des pr\u00e9c\u00e9dents forums : le premier \u00e0 Annaba en novembre 2022, le deuxi\u00e8me \u00e0 Jendouba en mai 2023, le troisi\u00e8me \u00e0 El Oued en d\u00e9cembre 2023, et le quatri\u00e8me \u00e0 Gafsa en avril 2024. Au-del\u00e0 de sa dimension acad\u00e9mique, cet \u00e9v\u00e9nement symbolise une vision partag\u00e9e du d\u00e9veloppement. Il incarne la volont\u00e9 commune de construire un espace de collaboration scientifique, d&rsquo;innovation et de partage des connaissances, transcendant les fronti\u00e8res g\u00e9ographiques et politiques traditionnelles.<\/p>\n\n\n\n<p>Lyna Larbi<\/p>\n","protected":false},"excerpt":{"rendered":"<p>La coop\u00e9ration entre l&rsquo;Alg\u00e9rie et la Tunisie conna\u00eet une dynamique renouvel\u00e9e dans divers aspects, notamment dans le domaine universitaire et<\/p>\n","protected":false},"author":6,"featured_media":60371,"comment_status":"open","ping_status":"closed","sticky":false,"template":"","format":"standard","meta":{"colormag_page_container_layout":"default_layout","colormag_page_sidebar_layout":"default_layout","om_disable_all_campaigns":false,"_monsterinsights_skip_tracking":false,"_monsterinsights_sitenote_active":false,"_monsterinsights_sitenote_note":"","_monsterinsights_sitenote_category":0,"footnotes":"","_wpscppro_dont_share_socialmedia":false,"_wpscppro_custom_social_share_image":0,"_facebook_share_type":"default","_twitter_share_type":"default","_linkedin_share_type":"default","_pinterest_share_type":"default","_linkedin_share_type_page":"","_instagram_share_type":"default","_medium_share_type":"default","_threads_share_type":"","_google_business_share_type":"","_selected_social_profile":[],"_wpsp_enable_custom_social_template":false,"_wpsp_social_scheduling":{"enabled":false,"datetime":null,"platforms":[],"status":"template_only","dateOption":"today","timeOption":"now","customDays":"","customHours":"","customDate":"","customTime":"","schedulingType":"absolute"},"_wpsp_active_default_template":true},"categories":[27],"tags":[],"class_list":["post-60370","post","type-post","status-publish","format-standard","has-post-thumbnail","hentry","category-actualite"],"aioseo_notices":[],"yoast_head":"<!-- This site is optimized with the Yoast SEO plugin v27.5 - https:\/\/yoast.com\/product\/yoast-seo-wordpress\/ -->\n<title>5\u00e8me forum des universit\u00e9s frontali\u00e8res alg\u00e9riennes et tunisiennes 5+5 : L\u2019entrepreneuriat au c\u0153ur des discussions - La Sentinelle<\/title>\n<meta name=\"robots\" content=\"index, follow, max-snippet:-1, max-image-preview:large, max-video-preview:-1\" \/>\n<link rel=\"canonical\" href=\"https:\/\/lasentinelle.dz\/index.php\/2024\/12\/10\/5eme-forum-des-universites-frontalieres-algeriennes-et-tunisiennes-55-lentrepreneuriat-au-coeur-des-discussions\/\" \/>\n<meta property=\"og:locale\" content=\"fr_FR\" \/>\n<meta property=\"og:type\" content=\"article\" \/>\n<meta property=\"og:title\" content=\"5\u00e8me forum des universit\u00e9s frontali\u00e8res alg\u00e9riennes et tunisiennes 5+5 : L\u2019entrepreneuriat au c\u0153ur des discussions - La Sentinelle\" \/>\n<meta property=\"og:description\" content=\"La coop\u00e9ration entre l&rsquo;Alg\u00e9rie et la Tunisie conna\u00eet une dynamique renouvel\u00e9e dans divers aspects, notamment dans le domaine universitaire et\" \/>\n<meta property=\"og:url\" content=\"https:\/\/lasentinelle.dz\/index.php\/2024\/12\/10\/5eme-forum-des-universites-frontalieres-algeriennes-et-tunisiennes-55-lentrepreneuriat-au-coeur-des-discussions\/\" \/>\n<meta property=\"og:site_name\" content=\"La Sentinelle\" \/>\n<meta property=\"article:publisher\" content=\"https:\/\/www.facebook.com\/La-Sentinelle-104059864394773\" \/>\n<meta property=\"article:published_time\" content=\"2024-12-10T10:00:07+00:00\" \/>\n<meta property=\"article:modified_time\" content=\"2024-12-10T10:00:08+00:00\" \/>\n<meta property=\"og:image\" content=\"https:\/\/lasentinelle.dz\/wp-content\/uploads\/2024\/12\/universites.jpg\" \/>\n\t<meta property=\"og:image:width\" content=\"960\" \/>\n\t<meta property=\"og:image:height\" content=\"640\" \/>\n\t<meta property=\"og:image:type\" content=\"image\/jpeg\" \/>\n<meta name=\"author\" content=\"admin\" \/>\n<meta name=\"twitter:card\" content=\"summary_large_image\" \/>\n<meta name=\"twitter:label1\" content=\"\u00c9crit par\" \/>\n\t<meta name=\"twitter:data1\" content=\"admin\" \/>\n\t<meta name=\"twitter:label2\" content=\"Dur\u00e9e de lecture estim\u00e9e\" \/>\n\t<meta name=\"twitter:data2\" content=\"4 minutes\" \/>\n<script type=\"application\/ld+json\" class=\"yoast-schema-graph\">{\"@context\":\"https:\\\/\\\/schema.org\",\"@graph\":[{\"@type\":\"Article\",\"@id\":\"https:\\\/\\\/lasentinelle.dz\\\/index.php\\\/2024\\\/12\\\/10\\\/5eme-forum-des-universites-frontalieres-algeriennes-et-tunisiennes-55-lentrepreneuriat-au-coeur-des-discussions\\\/#article\",\"isPartOf\":{\"@id\":\"https:\\\/\\\/lasentinelle.dz\\\/index.php\\\/2024\\\/12\\\/10\\\/5eme-forum-des-universites-frontalieres-algeriennes-et-tunisiennes-55-lentrepreneuriat-au-coeur-des-discussions\\\/\"},\"author\":{\"name\":\"admin\",\"@id\":\"https:\\\/\\\/lasentinelle.dz\\\/#\\\/schema\\\/person\\\/729ee0024f24e0b8c5ec17232f8e8b41\"},\"headline\":\"5\u00e8me forum des universit\u00e9s frontali\u00e8res alg\u00e9riennes et tunisiennes 5+5 : L\u2019entrepreneuriat au c\u0153ur des discussions\",\"datePublished\":\"2024-12-10T10:00:07+00:00\",\"dateModified\":\"2024-12-10T10:00:08+00:00\",\"mainEntityOfPage\":{\"@id\":\"https:\\\/\\\/lasentinelle.dz\\\/index.php\\\/2024\\\/12\\\/10\\\/5eme-forum-des-universites-frontalieres-algeriennes-et-tunisiennes-55-lentrepreneuriat-au-coeur-des-discussions\\\/\"},\"wordCount\":745,\"commentCount\":0,\"publisher\":{\"@id\":\"https:\\\/\\\/lasentinelle.dz\\\/#organization\"},\"image\":{\"@id\":\"https:\\\/\\\/lasentinelle.dz\\\/index.php\\\/2024\\\/12\\\/10\\\/5eme-forum-des-universites-frontalieres-algeriennes-et-tunisiennes-55-lentrepreneuriat-au-coeur-des-discussions\\\/#primaryimage\"},\"thumbnailUrl\":\"https:\\\/\\\/lasentinelle.dz\\\/wp-content\\\/uploads\\\/2024\\\/12\\\/universites.jpg\",\"articleSection\":[\"Actualit\u00e9\"],\"inLanguage\":\"fr-FR\",\"potentialAction\":[{\"@type\":\"CommentAction\",\"name\":\"Comment\",\"target\":[\"https:\\\/\\\/lasentinelle.dz\\\/index.php\\\/2024\\\/12\\\/10\\\/5eme-forum-des-universites-frontalieres-algeriennes-et-tunisiennes-55-lentrepreneuriat-au-coeur-des-discussions\\\/#respond\"]}]},{\"@type\":\"WebPage\",\"@id\":\"https:\\\/\\\/lasentinelle.dz\\\/index.php\\\/2024\\\/12\\\/10\\\/5eme-forum-des-universites-frontalieres-algeriennes-et-tunisiennes-55-lentrepreneuriat-au-coeur-des-discussions\\\/\",\"url\":\"https:\\\/\\\/lasentinelle.dz\\\/index.php\\\/2024\\\/12\\\/10\\\/5eme-forum-des-universites-frontalieres-algeriennes-et-tunisiennes-55-lentrepreneuriat-au-coeur-des-discussions\\\/\",\"name\":\"5\u00e8me forum des universit\u00e9s frontali\u00e8res alg\u00e9riennes et tunisiennes 5+5 : L\u2019entrepreneuriat au c\u0153ur des discussions - La Sentinelle\",\"isPartOf\":{\"@id\":\"https:\\\/\\\/lasentinelle.dz\\\/#website\"},\"primaryImageOfPage\":{\"@id\":\"https:\\\/\\\/lasentinelle.dz\\\/index.php\\\/2024\\\/12\\\/10\\\/5eme-forum-des-universites-frontalieres-algeriennes-et-tunisiennes-55-lentrepreneuriat-au-coeur-des-discussions\\\/#primaryimage\"},\"image\":{\"@id\":\"https:\\\/\\\/lasentinelle.dz\\\/index.php\\\/2024\\\/12\\\/10\\\/5eme-forum-des-universites-frontalieres-algeriennes-et-tunisiennes-55-lentrepreneuriat-au-coeur-des-discussions\\\/#primaryimage\"},\"thumbnailUrl\":\"https:\\\/\\\/lasentinelle.dz\\\/wp-content\\\/uploads\\\/2024\\\/12\\\/universites.jpg\",\"datePublished\":\"2024-12-10T10:00:07+00:00\",\"dateModified\":\"2024-12-10T10:00:08+00:00\",\"breadcrumb\":{\"@id\":\"https:\\\/\\\/lasentinelle.dz\\\/index.php\\\/2024\\\/12\\\/10\\\/5eme-forum-des-universites-frontalieres-algeriennes-et-tunisiennes-55-lentrepreneuriat-au-coeur-des-discussions\\\/#breadcrumb\"},\"inLanguage\":\"fr-FR\",\"potentialAction\":[{\"@type\":\"ReadAction\",\"target\":[\"https:\\\/\\\/lasentinelle.dz\\\/index.php\\\/2024\\\/12\\\/10\\\/5eme-forum-des-universites-frontalieres-algeriennes-et-tunisiennes-55-lentrepreneuriat-au-coeur-des-discussions\\\/\"]}]},{\"@type\":\"ImageObject\",\"inLanguage\":\"fr-FR\",\"@id\":\"https:\\\/\\\/lasentinelle.dz\\\/index.php\\\/2024\\\/12\\\/10\\\/5eme-forum-des-universites-frontalieres-algeriennes-et-tunisiennes-55-lentrepreneuriat-au-coeur-des-discussions\\\/#primaryimage\",\"url\":\"https:\\\/\\\/lasentinelle.dz\\\/wp-content\\\/uploads\\\/2024\\\/12\\\/universites.jpg\",\"contentUrl\":\"https:\\\/\\\/lasentinelle.dz\\\/wp-content\\\/uploads\\\/2024\\\/12\\\/universites.jpg\",\"width\":960,\"height\":640},{\"@type\":\"BreadcrumbList\",\"@id\":\"https:\\\/\\\/lasentinelle.dz\\\/index.php\\\/2024\\\/12\\\/10\\\/5eme-forum-des-universites-frontalieres-algeriennes-et-tunisiennes-55-lentrepreneuriat-au-coeur-des-discussions\\\/#breadcrumb\",\"itemListElement\":[{\"@type\":\"ListItem\",\"position\":1,\"name\":\"Accueil\",\"item\":\"https:\\\/\\\/lasentinelle.dz\\\/\"},{\"@type\":\"ListItem\",\"position\":2,\"name\":\"5\u00e8me forum des universit\u00e9s frontali\u00e8res alg\u00e9riennes et tunisiennes 5+5 : L\u2019entrepreneuriat au c\u0153ur des discussions\"}]},{\"@type\":\"WebSite\",\"@id\":\"https:\\\/\\\/lasentinelle.dz\\\/#website\",\"url\":\"https:\\\/\\\/lasentinelle.dz\\\/\",\"name\":\"La Sentinelle\",\"description\":\"Quotidien national d&#039;information\",\"publisher\":{\"@id\":\"https:\\\/\\\/lasentinelle.dz\\\/#organization\"},\"potentialAction\":[{\"@type\":\"SearchAction\",\"target\":{\"@type\":\"EntryPoint\",\"urlTemplate\":\"https:\\\/\\\/lasentinelle.dz\\\/?s={search_term_string}\"},\"query-input\":{\"@type\":\"PropertyValueSpecification\",\"valueRequired\":true,\"valueName\":\"search_term_string\"}}],\"inLanguage\":\"fr-FR\"},{\"@type\":\"Organization\",\"@id\":\"https:\\\/\\\/lasentinelle.dz\\\/#organization\",\"name\":\"Quotidien La Sentinelle\",\"url\":\"https:\\\/\\\/lasentinelle.dz\\\/\",\"logo\":{\"@type\":\"ImageObject\",\"inLanguage\":\"fr-FR\",\"@id\":\"https:\\\/\\\/lasentinelle.dz\\\/#\\\/schema\\\/logo\\\/image\\\/\",\"url\":\"https:\\\/\\\/lasentinelle.dz\\\/wp-content\\\/uploads\\\/2021\\\/09\\\/logo-sentinelleSLOGAN-1.png\",\"contentUrl\":\"https:\\\/\\\/lasentinelle.dz\\\/wp-content\\\/uploads\\\/2021\\\/09\\\/logo-sentinelleSLOGAN-1.png\",\"width\":615,\"height\":142,\"caption\":\"Quotidien La Sentinelle\"},\"image\":{\"@id\":\"https:\\\/\\\/lasentinelle.dz\\\/#\\\/schema\\\/logo\\\/image\\\/\"},\"sameAs\":[\"https:\\\/\\\/www.facebook.com\\\/La-Sentinelle-104059864394773\"]},{\"@type\":\"Person\",\"@id\":\"https:\\\/\\\/lasentinelle.dz\\\/#\\\/schema\\\/person\\\/729ee0024f24e0b8c5ec17232f8e8b41\",\"name\":\"admin\",\"image\":{\"@type\":\"ImageObject\",\"inLanguage\":\"fr-FR\",\"@id\":\"https:\\\/\\\/secure.gravatar.com\\\/avatar\\\/4c81fed838786e9b53f540bf46533e750f5d292099ae3b66cfc6fb1982e29df7?s=96&d=mm&r=g\",\"url\":\"https:\\\/\\\/secure.gravatar.com\\\/avatar\\\/4c81fed838786e9b53f540bf46533e750f5d292099ae3b66cfc6fb1982e29df7?s=96&d=mm&r=g\",\"contentUrl\":\"https:\\\/\\\/secure.gravatar.com\\\/avatar\\\/4c81fed838786e9b53f540bf46533e750f5d292099ae3b66cfc6fb1982e29df7?s=96&d=mm&r=g\",\"caption\":\"admin\"},\"description\":\"admin\",\"url\":\"https:\\\/\\\/lasentinelle.dz\\\/author\\\/admin\\\/\"}]}<\/script>\n<!-- \/ Yoast SEO plugin. -->","yoast_head_json":{"title":"5\u00e8me forum des universit\u00e9s frontali\u00e8res alg\u00e9riennes et tunisiennes 5+5 : L\u2019entrepreneuriat au c\u0153ur des discussions - La Sentinelle","robots":{"index":"index","follow":"follow","max-snippet":"max-snippet:-1","max-image-preview":"max-image-preview:large","max-video-preview":"max-video-preview:-1"},"canonical":"https:\/\/lasentinelle.dz\/index.php\/2024\/12\/10\/5eme-forum-des-universites-frontalieres-algeriennes-et-tunisiennes-55-lentrepreneuriat-au-coeur-des-discussions\/","og_locale":"fr_FR","og_type":"article","og_title":"5\u00e8me forum des universit\u00e9s frontali\u00e8res alg\u00e9riennes et tunisiennes 5+5 : L\u2019entrepreneuriat au c\u0153ur des discussions - La Sentinelle","og_description":"La coop\u00e9ration entre l&rsquo;Alg\u00e9rie et la Tunisie conna\u00eet une dynamique renouvel\u00e9e dans divers aspects, notamment dans le domaine universitaire et","og_url":"https:\/\/lasentinelle.dz\/index.php\/2024\/12\/10\/5eme-forum-des-universites-frontalieres-algeriennes-et-tunisiennes-55-lentrepreneuriat-au-coeur-des-discussions\/","og_site_name":"La Sentinelle","article_publisher":"https:\/\/www.facebook.com\/La-Sentinelle-104059864394773","article_published_time":"2024-12-10T10:00:07+00:00","article_modified_time":"2024-12-10T10:00:08+00:00","og_image":[{"width":960,"height":640,"url":"https:\/\/lasentinelle.dz\/wp-content\/uploads\/2024\/12\/universites.jpg","type":"image\/jpeg"}],"author":"admin","twitter_card":"summary_large_image","twitter_misc":{"\u00c9crit par":"admin","Dur\u00e9e de lecture estim\u00e9e":"4 minutes"},"schema":{"@context":"https:\/\/schema.org","@graph":[{"@type":"Article","@id":"https:\/\/lasentinelle.dz\/index.php\/2024\/12\/10\/5eme-forum-des-universites-frontalieres-algeriennes-et-tunisiennes-55-lentrepreneuriat-au-coeur-des-discussions\/#article","isPartOf":{"@id":"https:\/\/lasentinelle.dz\/index.php\/2024\/12\/10\/5eme-forum-des-universites-frontalieres-algeriennes-et-tunisiennes-55-lentrepreneuriat-au-coeur-des-discussions\/"},"author":{"name":"admin","@id":"https:\/\/lasentinelle.dz\/#\/schema\/person\/729ee0024f24e0b8c5ec17232f8e8b41"},"headline":"5\u00e8me forum des universit\u00e9s frontali\u00e8res alg\u00e9riennes et tunisiennes 5+5 : L\u2019entrepreneuriat au c\u0153ur des discussions","datePublished":"2024-12-10T10:00:07+00:00","dateModified":"2024-12-10T10:00:08+00:00","mainEntityOfPage":{"@id":"https:\/\/lasentinelle.dz\/index.php\/2024\/12\/10\/5eme-forum-des-universites-frontalieres-algeriennes-et-tunisiennes-55-lentrepreneuriat-au-coeur-des-discussions\/"},"wordCount":745,"commentCount":0,"publisher":{"@id":"https:\/\/lasentinelle.dz\/#organization"},"image":{"@id":"https:\/\/lasentinelle.dz\/index.php\/2024\/12\/10\/5eme-forum-des-universites-frontalieres-algeriennes-et-tunisiennes-55-lentrepreneuriat-au-coeur-des-discussions\/#primaryimage"},"thumbnailUrl":"https:\/\/lasentinelle.dz\/wp-content\/uploads\/2024\/12\/universites.jpg","articleSection":["Actualit\u00e9"],"inLanguage":"fr-FR","potentialAction":[{"@type":"CommentAction","name":"Comment","target":["https:\/\/lasentinelle.dz\/index.php\/2024\/12\/10\/5eme-forum-des-universites-frontalieres-algeriennes-et-tunisiennes-55-lentrepreneuriat-au-coeur-des-discussions\/#respond"]}]},{"@type":"WebPage","@id":"https:\/\/lasentinelle.dz\/index.php\/2024\/12\/10\/5eme-forum-des-universites-frontalieres-algeriennes-et-tunisiennes-55-lentrepreneuriat-au-coeur-des-discussions\/","url":"https:\/\/lasentinelle.dz\/index.php\/2024\/12\/10\/5eme-forum-des-universites-frontalieres-algeriennes-et-tunisiennes-55-lentrepreneuriat-au-coeur-des-discussions\/","name":"5\u00e8me forum des universit\u00e9s frontali\u00e8res alg\u00e9riennes et tunisiennes 5+5 : L\u2019entrepreneuriat au c\u0153ur des discussions - La Sentinelle","isPartOf":{"@id":"https:\/\/lasentinelle.dz\/#website"},"primaryImageOfPage":{"@id":"https:\/\/lasentinelle.dz\/index.php\/2024\/12\/10\/5eme-forum-des-universites-frontalieres-algeriennes-et-tunisiennes-55-lentrepreneuriat-au-coeur-des-discussions\/#primaryimage"},"image":{"@id":"https:\/\/lasentinelle.dz\/index.php\/2024\/12\/10\/5eme-forum-des-universites-frontalieres-algeriennes-et-tunisiennes-55-lentrepreneuriat-au-coeur-des-discussions\/#primaryimage"},"thumbnailUrl":"https:\/\/lasentinelle.dz\/wp-content\/uploads\/2024\/12\/universites.jpg","datePublished":"2024-12-10T10:00:07+00:00","dateModified":"2024-12-10T10:00:08+00:00","breadcrumb":{"@id":"https:\/\/lasentinelle.dz\/index.php\/2024\/12\/10\/5eme-forum-des-universites-frontalieres-algeriennes-et-tunisiennes-55-lentrepreneuriat-au-coeur-des-discussions\/#breadcrumb"},"inLanguage":"fr-FR","potentialAction":[{"@type":"ReadAction","target":["https:\/\/lasentinelle.dz\/index.php\/2024\/12\/10\/5eme-forum-des-universites-frontalieres-algeriennes-et-tunisiennes-55-lentrepreneuriat-au-coeur-des-discussions\/"]}]},{"@type":"ImageObject","inLanguage":"fr-FR","@id":"https:\/\/lasentinelle.dz\/index.php\/2024\/12\/10\/5eme-forum-des-universites-frontalieres-algeriennes-et-tunisiennes-55-lentrepreneuriat-au-coeur-des-discussions\/#primaryimage","url":"https:\/\/lasentinelle.dz\/wp-content\/uploads\/2024\/12\/universites.jpg","contentUrl":"https:\/\/lasentinelle.dz\/wp-content\/uploads\/2024\/12\/universites.jpg","width":960,"height":640},{"@type":"BreadcrumbList","@id":"https:\/\/lasentinelle.dz\/index.php\/2024\/12\/10\/5eme-forum-des-universites-frontalieres-algeriennes-et-tunisiennes-55-lentrepreneuriat-au-coeur-des-discussions\/#breadcrumb","itemListElement":[{"@type":"ListItem","position":1,"name":"Accueil","item":"https:\/\/lasentinelle.dz\/"},{"@type":"ListItem","position":2,"name":"5\u00e8me forum des universit\u00e9s frontali\u00e8res alg\u00e9riennes et tunisiennes 5+5 : L\u2019entrepreneuriat au c\u0153ur des discussions"}]},{"@type":"WebSite","@id":"https:\/\/lasentinelle.dz\/#website","url":"https:\/\/lasentinelle.dz\/","name":"La Sentinelle","description":"Quotidien national d&#039;information","publisher":{"@id":"https:\/\/lasentinelle.dz\/#organization"},"potentialAction":[{"@type":"SearchAction","target":{"@type":"EntryPoint","urlTemplate":"https:\/\/lasentinelle.dz\/?s={search_term_string}"},"query-input":{"@type":"PropertyValueSpecification","valueRequired":true,"valueName":"search_term_string"}}],"inLanguage":"fr-FR"},{"@type":"Organization","@id":"https:\/\/lasentinelle.dz\/#organization","name":"Quotidien La Sentinelle","url":"https:\/\/lasentinelle.dz\/","logo":{"@type":"ImageObject","inLanguage":"fr-FR","@id":"https:\/\/lasentinelle.dz\/#\/schema\/logo\/image\/","url":"https:\/\/lasentinelle.dz\/wp-content\/uploads\/2021\/09\/logo-sentinelleSLOGAN-1.png","contentUrl":"https:\/\/lasentinelle.dz\/wp-content\/uploads\/2021\/09\/logo-sentinelleSLOGAN-1.png","width":615,"height":142,"caption":"Quotidien La Sentinelle"},"image":{"@id":"https:\/\/lasentinelle.dz\/#\/schema\/logo\/image\/"},"sameAs":["https:\/\/www.facebook.com\/La-Sentinelle-104059864394773"]},{"@type":"Person","@id":"https:\/\/lasentinelle.dz\/#\/schema\/person\/729ee0024f24e0b8c5ec17232f8e8b41","name":"admin","image":{"@type":"ImageObject","inLanguage":"fr-FR","@id":"https:\/\/secure.gravatar.com\/avatar\/4c81fed838786e9b53f540bf46533e750f5d292099ae3b66cfc6fb1982e29df7?s=96&d=mm&r=g","url":"https:\/\/secure.gravatar.com\/avatar\/4c81fed838786e9b53f540bf46533e750f5d292099ae3b66cfc6fb1982e29df7?s=96&d=mm&r=g","contentUrl":"https:\/\/secure.gravatar.com\/avatar\/4c81fed838786e9b53f540bf46533e750f5d292099ae3b66cfc6fb1982e29df7?s=96&d=mm&r=g","caption":"admin"},"description":"admin","url":"https:\/\/lasentinelle.dz\/author\/admin\/"}]}},"_links":{"self":[{"href":"https:\/\/lasentinelle.dz\/index.php\/wp-json\/wp\/v2\/posts\/60370","targetHints":{"allow":["GET"]}}],"collection":[{"href":"https:\/\/lasentinelle.dz\/index.php\/wp-json\/wp\/v2\/posts"}],"about":[{"href":"https:\/\/lasentinelle.dz\/index.php\/wp-json\/wp\/v2\/types\/post"}],"author":[{"embeddable":true,"href":"https:\/\/lasentinelle.dz\/index.php\/wp-json\/wp\/v2\/users\/6"}],"replies":[{"embeddable":true,"href":"https:\/\/lasentinelle.dz\/index.php\/wp-json\/wp\/v2\/comments?post=60370"}],"version-history":[{"count":1,"href":"https:\/\/lasentinelle.dz\/index.php\/wp-json\/wp\/v2\/posts\/60370\/revisions"}],"predecessor-version":[{"id":60372,"href":"https:\/\/lasentinelle.dz\/index.php\/wp-json\/wp\/v2\/posts\/60370\/revisions\/60372"}],"wp:featuredmedia":[{"embeddable":true,"href":"https:\/\/lasentinelle.dz\/index.php\/wp-json\/wp\/v2\/media\/60371"}],"wp:attachment":[{"href":"https:\/\/lasentinelle.dz\/index.php\/wp-json\/wp\/v2\/media?parent=60370"}],"wp:term":[{"taxonomy":"category","embeddable":true,"href":"https:\/\/lasentinelle.dz\/index.php\/wp-json\/wp\/v2\/categories?post=60370"},{"taxonomy":"post_tag","embeddable":true,"href":"https:\/\/lasentinelle.dz\/index.php\/wp-json\/wp\/v2\/tags?post=60370"}],"curies":[{"name":"wp","href":"https:\/\/api.w.org\/{rel}","templated":true}]}}