{"id":60474,"date":"2024-12-12T11:58:59","date_gmt":"2024-12-12T10:58:59","guid":{"rendered":"https:\/\/lasentinelle.dz\/?p=60474"},"modified":"2024-12-14T12:01:14","modified_gmt":"2024-12-14T11:01:14","slug":"le-projet-de-banque-de-genes-sera-livre-au-premier-semestre-de-2025-consolider-la-souverainete-agricole","status":"publish","type":"post","link":"https:\/\/lasentinelle.dz\/index.php\/2024\/12\/12\/le-projet-de-banque-de-genes-sera-livre-au-premier-semestre-de-2025-consolider-la-souverainete-agricole\/","title":{"rendered":"Le projet de banque de g\u00e8nes sera livr\u00e9 au premier semestre de 2025 : Consolider la souverainet\u00e9 agricole"},"content":{"rendered":"\n<p>La cr\u00e9ation prochaine d&rsquo;une banque de g\u00e8nes nationale constitue un tournant strat\u00e9gique pour l&rsquo;agriculture alg\u00e9rienne. Initi\u00e9e par le minist\u00e8re de l&rsquo;Agriculture, du D\u00e9veloppement rural et de la P\u00eache, cette infrastructure repr\u00e9sente un pas d\u00e9cisif vers la souverainet\u00e9 agricole et la pr\u00e9servation du patrimoine g\u00e9n\u00e9tique v\u00e9g\u00e9tal. Lors de sa visite \u00e0 Boumerdes, le ministre Youcef Cherfa a confirm\u00e9 que \u00ab\u00a0le projet de banque de g\u00e8nes sera livr\u00e9 et inaugur\u00e9 au cours du premier semestre de 2025\u00a0\u00bb. Cette annonce intervient dans un contexte de transformation profonde du secteur agricole, marqu\u00e9 par une volont\u00e9 claire de r\u00e9duire la d\u00e9pendance aux importations et de moderniser les infrastructures.&nbsp; Ce projet s&rsquo;inscrit dans une strat\u00e9gie plus large de d\u00e9veloppement agricole. Le ministre a notamment soulign\u00e9 un projet ambitieux de production locale de semences de l\u00e9gumes, actuellement import\u00e9es en totalit\u00e9. \u00ab\u00a0Nous pr\u00e9parons le lancement de sa r\u00e9alisation, avec l&rsquo;objectif d&rsquo;entrer en phase de production d&rsquo;ici fin 2025 ou d\u00e9but 2026\u00a0\u00bb, a-t-il d\u00e9clar\u00e9. Parall\u00e8lement, le minist\u00e8re travaille sur la cr\u00e9ation d&rsquo;un r\u00e9seau national de chambres froides de petites et moyennes tailles. \u00ab\u00a0Ce r\u00e9seau est important et urgent\u00a0\u00bb, a pr\u00e9cis\u00e9 Cherfa, \u00ab\u00a0il permettra aux producteurs de commercialiser leurs produits plus facilement et soutiendra la r\u00e9gulation des march\u00e9s pour des produits sensibles comme la pomme de terre, l&rsquo;oignon, l&rsquo;ail et les viandes\u00a0\u00bb. Cette initiative b\u00e9n\u00e9ficie du soutien direct du pr\u00e9sident de la R\u00e9publique, Abdelmadjid Tebboune, qui a donn\u00e9 instruction aux banques nationales de faciliter le financement des projets agricoles. Sur le terrain, le ministre a pos\u00e9 les premi\u00e8res pierres de deux centres r\u00e9gionaux de stockage de c\u00e9r\u00e9ales de 5 000 tonnes chacun \u00e0 Si Mustapha et inaugur\u00e9 une p\u00e9pini\u00e8re pilote de 8 000 m\u00b2 \u00e0 Zemmouri. \u00c0 Boumerdes, reconnue comme \u00ab\u00a0leader national\u00a0\u00bb en mati\u00e8re de foncier agricole, 57 actes de concession agricole ont \u00e9t\u00e9 distribu\u00e9s, illustrant la dynamique de modernisation. En pr\u00e9vision du Ramadhan, un programme de stockage a \u00e9t\u00e9 mis en place en collaboration avec le minist\u00e8re du Commerce, garantissant la disponibilit\u00e9 des produits essentiels. Cette approche proactive d\u00e9montre la volont\u00e9 de s\u00e9curiser l&rsquo;approvisionnement alimentaire.<\/p>\n\n\n\n<p>Sabrina Aziouez<\/p>\n","protected":false},"excerpt":{"rendered":"<p>La cr\u00e9ation prochaine d&rsquo;une banque de g\u00e8nes nationale constitue un tournant strat\u00e9gique pour l&rsquo;agriculture alg\u00e9rienne. Initi\u00e9e par le minist\u00e8re de<\/p>\n","protected":false},"author":6,"featured_media":60475,"comment_status":"open","ping_status":"closed","sticky":false,"template":"","format":"standard","meta":{"colormag_page_container_layout":"default_layout","colormag_page_sidebar_layout":"default_layout","om_disable_all_campaigns":false,"_monsterinsights_skip_tracking":false,"_monsterinsights_sitenote_active":false,"_monsterinsights_sitenote_note":"","_monsterinsights_sitenote_category":0,"footnotes":"","_wpscppro_dont_share_socialmedia":false,"_wpscppro_custom_social_share_image":0,"_facebook_share_type":"default","_twitter_share_type":"default","_linkedin_share_type":"default","_pinterest_share_type":"default","_linkedin_share_type_page":"","_instagram_share_type":"default","_medium_share_type":"default","_threads_share_type":"","_google_business_share_type":"","_selected_social_profile":[],"_wpsp_enable_custom_social_template":false,"_wpsp_social_scheduling":{"enabled":false,"datetime":null,"platforms":[],"status":"template_only","dateOption":"today","timeOption":"now","customDays":"","customHours":"","customDate":"","customTime":"","schedulingType":"absolute"},"_wpsp_active_default_template":true},"categories":[29],"tags":[],"class_list":["post-60474","post","type-post","status-publish","format-standard","has-post-thumbnail","hentry","category-economie"],"aioseo_notices":[],"yoast_head":"<!-- This site is optimized with the Yoast SEO plugin v27.5 - https:\/\/yoast.com\/product\/yoast-seo-wordpress\/ -->\n<title>Le projet de banque de g\u00e8nes sera livr\u00e9 au premier semestre de 2025 : Consolider la souverainet\u00e9 agricole - La Sentinelle<\/title>\n<meta name=\"robots\" content=\"index, follow, max-snippet:-1, max-image-preview:large, max-video-preview:-1\" \/>\n<link rel=\"canonical\" href=\"https:\/\/lasentinelle.dz\/index.php\/2024\/12\/12\/le-projet-de-banque-de-genes-sera-livre-au-premier-semestre-de-2025-consolider-la-souverainete-agricole\/\" \/>\n<meta property=\"og:locale\" content=\"fr_FR\" \/>\n<meta property=\"og:type\" content=\"article\" \/>\n<meta property=\"og:title\" content=\"Le projet de banque de g\u00e8nes sera livr\u00e9 au premier semestre de 2025 : Consolider la souverainet\u00e9 agricole - La Sentinelle\" \/>\n<meta property=\"og:description\" content=\"La cr\u00e9ation prochaine d&rsquo;une banque de g\u00e8nes nationale constitue un tournant strat\u00e9gique pour l&rsquo;agriculture alg\u00e9rienne. Initi\u00e9e par le minist\u00e8re de\" \/>\n<meta property=\"og:url\" content=\"https:\/\/lasentinelle.dz\/index.php\/2024\/12\/12\/le-projet-de-banque-de-genes-sera-livre-au-premier-semestre-de-2025-consolider-la-souverainete-agricole\/\" \/>\n<meta property=\"og:site_name\" content=\"La Sentinelle\" \/>\n<meta property=\"article:publisher\" content=\"https:\/\/www.facebook.com\/La-Sentinelle-104059864394773\" \/>\n<meta property=\"article:published_time\" content=\"2024-12-12T10:58:59+00:00\" \/>\n<meta property=\"article:modified_time\" content=\"2024-12-14T11:01:14+00:00\" \/>\n<meta property=\"og:image\" content=\"https:\/\/lasentinelle.dz\/wp-content\/uploads\/2024\/12\/cherfa.jpg\" \/>\n\t<meta property=\"og:image:width\" content=\"1600\" \/>\n\t<meta property=\"og:image:height\" content=\"1066\" \/>\n\t<meta property=\"og:image:type\" content=\"image\/jpeg\" \/>\n<meta name=\"author\" content=\"admin\" \/>\n<meta name=\"twitter:card\" content=\"summary_large_image\" \/>\n<meta name=\"twitter:label1\" content=\"\u00c9crit par\" \/>\n\t<meta name=\"twitter:data1\" content=\"admin\" \/>\n\t<meta name=\"twitter:label2\" content=\"Dur\u00e9e de lecture estim\u00e9e\" \/>\n\t<meta name=\"twitter:data2\" content=\"2 minutes\" \/>\n<script type=\"application\/ld+json\" class=\"yoast-schema-graph\">{\"@context\":\"https:\\\/\\\/schema.org\",\"@graph\":[{\"@type\":\"Article\",\"@id\":\"https:\\\/\\\/lasentinelle.dz\\\/index.php\\\/2024\\\/12\\\/12\\\/le-projet-de-banque-de-genes-sera-livre-au-premier-semestre-de-2025-consolider-la-souverainete-agricole\\\/#article\",\"isPartOf\":{\"@id\":\"https:\\\/\\\/lasentinelle.dz\\\/index.php\\\/2024\\\/12\\\/12\\\/le-projet-de-banque-de-genes-sera-livre-au-premier-semestre-de-2025-consolider-la-souverainete-agricole\\\/\"},\"author\":{\"name\":\"admin\",\"@id\":\"https:\\\/\\\/lasentinelle.dz\\\/#\\\/schema\\\/person\\\/729ee0024f24e0b8c5ec17232f8e8b41\"},\"headline\":\"Le projet de banque de g\u00e8nes sera livr\u00e9 au premier semestre de 2025 : Consolider la souverainet\u00e9 agricole\",\"datePublished\":\"2024-12-12T10:58:59+00:00\",\"dateModified\":\"2024-12-14T11:01:14+00:00\",\"mainEntityOfPage\":{\"@id\":\"https:\\\/\\\/lasentinelle.dz\\\/index.php\\\/2024\\\/12\\\/12\\\/le-projet-de-banque-de-genes-sera-livre-au-premier-semestre-de-2025-consolider-la-souverainete-agricole\\\/\"},\"wordCount\":405,\"commentCount\":0,\"publisher\":{\"@id\":\"https:\\\/\\\/lasentinelle.dz\\\/#organization\"},\"image\":{\"@id\":\"https:\\\/\\\/lasentinelle.dz\\\/index.php\\\/2024\\\/12\\\/12\\\/le-projet-de-banque-de-genes-sera-livre-au-premier-semestre-de-2025-consolider-la-souverainete-agricole\\\/#primaryimage\"},\"thumbnailUrl\":\"https:\\\/\\\/lasentinelle.dz\\\/wp-content\\\/uploads\\\/2024\\\/12\\\/cherfa.jpg\",\"articleSection\":[\"\u00c9conomie\"],\"inLanguage\":\"fr-FR\",\"potentialAction\":[{\"@type\":\"CommentAction\",\"name\":\"Comment\",\"target\":[\"https:\\\/\\\/lasentinelle.dz\\\/index.php\\\/2024\\\/12\\\/12\\\/le-projet-de-banque-de-genes-sera-livre-au-premier-semestre-de-2025-consolider-la-souverainete-agricole\\\/#respond\"]}]},{\"@type\":\"WebPage\",\"@id\":\"https:\\\/\\\/lasentinelle.dz\\\/index.php\\\/2024\\\/12\\\/12\\\/le-projet-de-banque-de-genes-sera-livre-au-premier-semestre-de-2025-consolider-la-souverainete-agricole\\\/\",\"url\":\"https:\\\/\\\/lasentinelle.dz\\\/index.php\\\/2024\\\/12\\\/12\\\/le-projet-de-banque-de-genes-sera-livre-au-premier-semestre-de-2025-consolider-la-souverainete-agricole\\\/\",\"name\":\"Le projet de banque de g\u00e8nes sera livr\u00e9 au premier semestre de 2025 : Consolider la souverainet\u00e9 agricole - La Sentinelle\",\"isPartOf\":{\"@id\":\"https:\\\/\\\/lasentinelle.dz\\\/#website\"},\"primaryImageOfPage\":{\"@id\":\"https:\\\/\\\/lasentinelle.dz\\\/index.php\\\/2024\\\/12\\\/12\\\/le-projet-de-banque-de-genes-sera-livre-au-premier-semestre-de-2025-consolider-la-souverainete-agricole\\\/#primaryimage\"},\"image\":{\"@id\":\"https:\\\/\\\/lasentinelle.dz\\\/index.php\\\/2024\\\/12\\\/12\\\/le-projet-de-banque-de-genes-sera-livre-au-premier-semestre-de-2025-consolider-la-souverainete-agricole\\\/#primaryimage\"},\"thumbnailUrl\":\"https:\\\/\\\/lasentinelle.dz\\\/wp-content\\\/uploads\\\/2024\\\/12\\\/cherfa.jpg\",\"datePublished\":\"2024-12-12T10:58:59+00:00\",\"dateModified\":\"2024-12-14T11:01:14+00:00\",\"breadcrumb\":{\"@id\":\"https:\\\/\\\/lasentinelle.dz\\\/index.php\\\/2024\\\/12\\\/12\\\/le-projet-de-banque-de-genes-sera-livre-au-premier-semestre-de-2025-consolider-la-souverainete-agricole\\\/#breadcrumb\"},\"inLanguage\":\"fr-FR\",\"potentialAction\":[{\"@type\":\"ReadAction\",\"target\":[\"https:\\\/\\\/lasentinelle.dz\\\/index.php\\\/2024\\\/12\\\/12\\\/le-projet-de-banque-de-genes-sera-livre-au-premier-semestre-de-2025-consolider-la-souverainete-agricole\\\/\"]}]},{\"@type\":\"ImageObject\",\"inLanguage\":\"fr-FR\",\"@id\":\"https:\\\/\\\/lasentinelle.dz\\\/index.php\\\/2024\\\/12\\\/12\\\/le-projet-de-banque-de-genes-sera-livre-au-premier-semestre-de-2025-consolider-la-souverainete-agricole\\\/#primaryimage\",\"url\":\"https:\\\/\\\/lasentinelle.dz\\\/wp-content\\\/uploads\\\/2024\\\/12\\\/cherfa.jpg\",\"contentUrl\":\"https:\\\/\\\/lasentinelle.dz\\\/wp-content\\\/uploads\\\/2024\\\/12\\\/cherfa.jpg\",\"width\":1600,\"height\":1066},{\"@type\":\"BreadcrumbList\",\"@id\":\"https:\\\/\\\/lasentinelle.dz\\\/index.php\\\/2024\\\/12\\\/12\\\/le-projet-de-banque-de-genes-sera-livre-au-premier-semestre-de-2025-consolider-la-souverainete-agricole\\\/#breadcrumb\",\"itemListElement\":[{\"@type\":\"ListItem\",\"position\":1,\"name\":\"Accueil\",\"item\":\"https:\\\/\\\/lasentinelle.dz\\\/\"},{\"@type\":\"ListItem\",\"position\":2,\"name\":\"Le projet de banque de g\u00e8nes sera livr\u00e9 au premier semestre de 2025 : Consolider la souverainet\u00e9 agricole\"}]},{\"@type\":\"WebSite\",\"@id\":\"https:\\\/\\\/lasentinelle.dz\\\/#website\",\"url\":\"https:\\\/\\\/lasentinelle.dz\\\/\",\"name\":\"La Sentinelle\",\"description\":\"Quotidien national d&#039;information\",\"publisher\":{\"@id\":\"https:\\\/\\\/lasentinelle.dz\\\/#organization\"},\"potentialAction\":[{\"@type\":\"SearchAction\",\"target\":{\"@type\":\"EntryPoint\",\"urlTemplate\":\"https:\\\/\\\/lasentinelle.dz\\\/?s={search_term_string}\"},\"query-input\":{\"@type\":\"PropertyValueSpecification\",\"valueRequired\":true,\"valueName\":\"search_term_string\"}}],\"inLanguage\":\"fr-FR\"},{\"@type\":\"Organization\",\"@id\":\"https:\\\/\\\/lasentinelle.dz\\\/#organization\",\"name\":\"Quotidien La Sentinelle\",\"url\":\"https:\\\/\\\/lasentinelle.dz\\\/\",\"logo\":{\"@type\":\"ImageObject\",\"inLanguage\":\"fr-FR\",\"@id\":\"https:\\\/\\\/lasentinelle.dz\\\/#\\\/schema\\\/logo\\\/image\\\/\",\"url\":\"https:\\\/\\\/lasentinelle.dz\\\/wp-content\\\/uploads\\\/2021\\\/09\\\/logo-sentinelleSLOGAN-1.png\",\"contentUrl\":\"https:\\\/\\\/lasentinelle.dz\\\/wp-content\\\/uploads\\\/2021\\\/09\\\/logo-sentinelleSLOGAN-1.png\",\"width\":615,\"height\":142,\"caption\":\"Quotidien La Sentinelle\"},\"image\":{\"@id\":\"https:\\\/\\\/lasentinelle.dz\\\/#\\\/schema\\\/logo\\\/image\\\/\"},\"sameAs\":[\"https:\\\/\\\/www.facebook.com\\\/La-Sentinelle-104059864394773\"]},{\"@type\":\"Person\",\"@id\":\"https:\\\/\\\/lasentinelle.dz\\\/#\\\/schema\\\/person\\\/729ee0024f24e0b8c5ec17232f8e8b41\",\"name\":\"admin\",\"image\":{\"@type\":\"ImageObject\",\"inLanguage\":\"fr-FR\",\"@id\":\"https:\\\/\\\/secure.gravatar.com\\\/avatar\\\/4c81fed838786e9b53f540bf46533e750f5d292099ae3b66cfc6fb1982e29df7?s=96&d=mm&r=g\",\"url\":\"https:\\\/\\\/secure.gravatar.com\\\/avatar\\\/4c81fed838786e9b53f540bf46533e750f5d292099ae3b66cfc6fb1982e29df7?s=96&d=mm&r=g\",\"contentUrl\":\"https:\\\/\\\/secure.gravatar.com\\\/avatar\\\/4c81fed838786e9b53f540bf46533e750f5d292099ae3b66cfc6fb1982e29df7?s=96&d=mm&r=g\",\"caption\":\"admin\"},\"description\":\"admin\",\"url\":\"https:\\\/\\\/lasentinelle.dz\\\/author\\\/admin\\\/\"}]}<\/script>\n<!-- \/ Yoast SEO plugin. -->","yoast_head_json":{"title":"Le projet de banque de g\u00e8nes sera livr\u00e9 au premier semestre de 2025 : Consolider la souverainet\u00e9 agricole - La Sentinelle","robots":{"index":"index","follow":"follow","max-snippet":"max-snippet:-1","max-image-preview":"max-image-preview:large","max-video-preview":"max-video-preview:-1"},"canonical":"https:\/\/lasentinelle.dz\/index.php\/2024\/12\/12\/le-projet-de-banque-de-genes-sera-livre-au-premier-semestre-de-2025-consolider-la-souverainete-agricole\/","og_locale":"fr_FR","og_type":"article","og_title":"Le projet de banque de g\u00e8nes sera livr\u00e9 au premier semestre de 2025 : Consolider la souverainet\u00e9 agricole - La Sentinelle","og_description":"La cr\u00e9ation prochaine d&rsquo;une banque de g\u00e8nes nationale constitue un tournant strat\u00e9gique pour l&rsquo;agriculture alg\u00e9rienne. Initi\u00e9e par le minist\u00e8re de","og_url":"https:\/\/lasentinelle.dz\/index.php\/2024\/12\/12\/le-projet-de-banque-de-genes-sera-livre-au-premier-semestre-de-2025-consolider-la-souverainete-agricole\/","og_site_name":"La Sentinelle","article_publisher":"https:\/\/www.facebook.com\/La-Sentinelle-104059864394773","article_published_time":"2024-12-12T10:58:59+00:00","article_modified_time":"2024-12-14T11:01:14+00:00","og_image":[{"width":1600,"height":1066,"url":"https:\/\/lasentinelle.dz\/wp-content\/uploads\/2024\/12\/cherfa.jpg","type":"image\/jpeg"}],"author":"admin","twitter_card":"summary_large_image","twitter_misc":{"\u00c9crit par":"admin","Dur\u00e9e de lecture estim\u00e9e":"2 minutes"},"schema":{"@context":"https:\/\/schema.org","@graph":[{"@type":"Article","@id":"https:\/\/lasentinelle.dz\/index.php\/2024\/12\/12\/le-projet-de-banque-de-genes-sera-livre-au-premier-semestre-de-2025-consolider-la-souverainete-agricole\/#article","isPartOf":{"@id":"https:\/\/lasentinelle.dz\/index.php\/2024\/12\/12\/le-projet-de-banque-de-genes-sera-livre-au-premier-semestre-de-2025-consolider-la-souverainete-agricole\/"},"author":{"name":"admin","@id":"https:\/\/lasentinelle.dz\/#\/schema\/person\/729ee0024f24e0b8c5ec17232f8e8b41"},"headline":"Le projet de banque de g\u00e8nes sera livr\u00e9 au premier semestre de 2025 : Consolider la souverainet\u00e9 agricole","datePublished":"2024-12-12T10:58:59+00:00","dateModified":"2024-12-14T11:01:14+00:00","mainEntityOfPage":{"@id":"https:\/\/lasentinelle.dz\/index.php\/2024\/12\/12\/le-projet-de-banque-de-genes-sera-livre-au-premier-semestre-de-2025-consolider-la-souverainete-agricole\/"},"wordCount":405,"commentCount":0,"publisher":{"@id":"https:\/\/lasentinelle.dz\/#organization"},"image":{"@id":"https:\/\/lasentinelle.dz\/index.php\/2024\/12\/12\/le-projet-de-banque-de-genes-sera-livre-au-premier-semestre-de-2025-consolider-la-souverainete-agricole\/#primaryimage"},"thumbnailUrl":"https:\/\/lasentinelle.dz\/wp-content\/uploads\/2024\/12\/cherfa.jpg","articleSection":["\u00c9conomie"],"inLanguage":"fr-FR","potentialAction":[{"@type":"CommentAction","name":"Comment","target":["https:\/\/lasentinelle.dz\/index.php\/2024\/12\/12\/le-projet-de-banque-de-genes-sera-livre-au-premier-semestre-de-2025-consolider-la-souverainete-agricole\/#respond"]}]},{"@type":"WebPage","@id":"https:\/\/lasentinelle.dz\/index.php\/2024\/12\/12\/le-projet-de-banque-de-genes-sera-livre-au-premier-semestre-de-2025-consolider-la-souverainete-agricole\/","url":"https:\/\/lasentinelle.dz\/index.php\/2024\/12\/12\/le-projet-de-banque-de-genes-sera-livre-au-premier-semestre-de-2025-consolider-la-souverainete-agricole\/","name":"Le projet de banque de g\u00e8nes sera livr\u00e9 au premier semestre de 2025 : Consolider la souverainet\u00e9 agricole - La Sentinelle","isPartOf":{"@id":"https:\/\/lasentinelle.dz\/#website"},"primaryImageOfPage":{"@id":"https:\/\/lasentinelle.dz\/index.php\/2024\/12\/12\/le-projet-de-banque-de-genes-sera-livre-au-premier-semestre-de-2025-consolider-la-souverainete-agricole\/#primaryimage"},"image":{"@id":"https:\/\/lasentinelle.dz\/index.php\/2024\/12\/12\/le-projet-de-banque-de-genes-sera-livre-au-premier-semestre-de-2025-consolider-la-souverainete-agricole\/#primaryimage"},"thumbnailUrl":"https:\/\/lasentinelle.dz\/wp-content\/uploads\/2024\/12\/cherfa.jpg","datePublished":"2024-12-12T10:58:59+00:00","dateModified":"2024-12-14T11:01:14+00:00","breadcrumb":{"@id":"https:\/\/lasentinelle.dz\/index.php\/2024\/12\/12\/le-projet-de-banque-de-genes-sera-livre-au-premier-semestre-de-2025-consolider-la-souverainete-agricole\/#breadcrumb"},"inLanguage":"fr-FR","potentialAction":[{"@type":"ReadAction","target":["https:\/\/lasentinelle.dz\/index.php\/2024\/12\/12\/le-projet-de-banque-de-genes-sera-livre-au-premier-semestre-de-2025-consolider-la-souverainete-agricole\/"]}]},{"@type":"ImageObject","inLanguage":"fr-FR","@id":"https:\/\/lasentinelle.dz\/index.php\/2024\/12\/12\/le-projet-de-banque-de-genes-sera-livre-au-premier-semestre-de-2025-consolider-la-souverainete-agricole\/#primaryimage","url":"https:\/\/lasentinelle.dz\/wp-content\/uploads\/2024\/12\/cherfa.jpg","contentUrl":"https:\/\/lasentinelle.dz\/wp-content\/uploads\/2024\/12\/cherfa.jpg","width":1600,"height":1066},{"@type":"BreadcrumbList","@id":"https:\/\/lasentinelle.dz\/index.php\/2024\/12\/12\/le-projet-de-banque-de-genes-sera-livre-au-premier-semestre-de-2025-consolider-la-souverainete-agricole\/#breadcrumb","itemListElement":[{"@type":"ListItem","position":1,"name":"Accueil","item":"https:\/\/lasentinelle.dz\/"},{"@type":"ListItem","position":2,"name":"Le projet de banque de g\u00e8nes sera livr\u00e9 au premier semestre de 2025 : Consolider la souverainet\u00e9 agricole"}]},{"@type":"WebSite","@id":"https:\/\/lasentinelle.dz\/#website","url":"https:\/\/lasentinelle.dz\/","name":"La Sentinelle","description":"Quotidien national d&#039;information","publisher":{"@id":"https:\/\/lasentinelle.dz\/#organization"},"potentialAction":[{"@type":"SearchAction","target":{"@type":"EntryPoint","urlTemplate":"https:\/\/lasentinelle.dz\/?s={search_term_string}"},"query-input":{"@type":"PropertyValueSpecification","valueRequired":true,"valueName":"search_term_string"}}],"inLanguage":"fr-FR"},{"@type":"Organization","@id":"https:\/\/lasentinelle.dz\/#organization","name":"Quotidien La Sentinelle","url":"https:\/\/lasentinelle.dz\/","logo":{"@type":"ImageObject","inLanguage":"fr-FR","@id":"https:\/\/lasentinelle.dz\/#\/schema\/logo\/image\/","url":"https:\/\/lasentinelle.dz\/wp-content\/uploads\/2021\/09\/logo-sentinelleSLOGAN-1.png","contentUrl":"https:\/\/lasentinelle.dz\/wp-content\/uploads\/2021\/09\/logo-sentinelleSLOGAN-1.png","width":615,"height":142,"caption":"Quotidien La Sentinelle"},"image":{"@id":"https:\/\/lasentinelle.dz\/#\/schema\/logo\/image\/"},"sameAs":["https:\/\/www.facebook.com\/La-Sentinelle-104059864394773"]},{"@type":"Person","@id":"https:\/\/lasentinelle.dz\/#\/schema\/person\/729ee0024f24e0b8c5ec17232f8e8b41","name":"admin","image":{"@type":"ImageObject","inLanguage":"fr-FR","@id":"https:\/\/secure.gravatar.com\/avatar\/4c81fed838786e9b53f540bf46533e750f5d292099ae3b66cfc6fb1982e29df7?s=96&d=mm&r=g","url":"https:\/\/secure.gravatar.com\/avatar\/4c81fed838786e9b53f540bf46533e750f5d292099ae3b66cfc6fb1982e29df7?s=96&d=mm&r=g","contentUrl":"https:\/\/secure.gravatar.com\/avatar\/4c81fed838786e9b53f540bf46533e750f5d292099ae3b66cfc6fb1982e29df7?s=96&d=mm&r=g","caption":"admin"},"description":"admin","url":"https:\/\/lasentinelle.dz\/author\/admin\/"}]}},"_links":{"self":[{"href":"https:\/\/lasentinelle.dz\/index.php\/wp-json\/wp\/v2\/posts\/60474","targetHints":{"allow":["GET"]}}],"collection":[{"href":"https:\/\/lasentinelle.dz\/index.php\/wp-json\/wp\/v2\/posts"}],"about":[{"href":"https:\/\/lasentinelle.dz\/index.php\/wp-json\/wp\/v2\/types\/post"}],"author":[{"embeddable":true,"href":"https:\/\/lasentinelle.dz\/index.php\/wp-json\/wp\/v2\/users\/6"}],"replies":[{"embeddable":true,"href":"https:\/\/lasentinelle.dz\/index.php\/wp-json\/wp\/v2\/comments?post=60474"}],"version-history":[{"count":1,"href":"https:\/\/lasentinelle.dz\/index.php\/wp-json\/wp\/v2\/posts\/60474\/revisions"}],"predecessor-version":[{"id":60476,"href":"https:\/\/lasentinelle.dz\/index.php\/wp-json\/wp\/v2\/posts\/60474\/revisions\/60476"}],"wp:featuredmedia":[{"embeddable":true,"href":"https:\/\/lasentinelle.dz\/index.php\/wp-json\/wp\/v2\/media\/60475"}],"wp:attachment":[{"href":"https:\/\/lasentinelle.dz\/index.php\/wp-json\/wp\/v2\/media?parent=60474"}],"wp:term":[{"taxonomy":"category","embeddable":true,"href":"https:\/\/lasentinelle.dz\/index.php\/wp-json\/wp\/v2\/categories?post=60474"},{"taxonomy":"post_tag","embeddable":true,"href":"https:\/\/lasentinelle.dz\/index.php\/wp-json\/wp\/v2\/tags?post=60474"}],"curies":[{"name":"wp","href":"https:\/\/api.w.org\/{rel}","templated":true}]}}