{"id":60477,"date":"2024-12-12T12:01:25","date_gmt":"2024-12-12T11:01:25","guid":{"rendered":"https:\/\/lasentinelle.dz\/?p=60477"},"modified":"2024-12-14T12:01:57","modified_gmt":"2024-12-14T11:01:57","slug":"lentreprise-signe-un-accord-avec-la-dgf-sonatrach-en-phase-avec-ses-objectifs-climatiques","status":"publish","type":"post","link":"https:\/\/lasentinelle.dz\/index.php\/2024\/12\/12\/lentreprise-signe-un-accord-avec-la-dgf-sonatrach-en-phase-avec-ses-objectifs-climatiques\/","title":{"rendered":"L\u2019entreprise signe un accord avec la DGF: Sonatrach en phase avec ses objectifs climatiques"},"content":{"rendered":"\n<p>Dans une d\u00e9marche ambitieuse qui illustre l&rsquo;engagement croissant du secteur \u00e9nerg\u00e9tique dans la lutte contre le changement climatique, Sonatrach a sign\u00e9 hier un protocole d&rsquo;accord r\u00e9volutionnaire avec la Direction g\u00e9n\u00e9rale des for\u00eats (DGF). Ce projet pharaonique vise \u00e0 planter pas moins de 423 millions de plants sur une p\u00e9riode de 10 ans, transformant ainsi des hectares arides en v\u00e9ritables puits de carbone naturels certifi\u00e9s. Sign\u00e9 \u00e0 Tipaza en pr\u00e9sence de hauts responsables gouvernementaux, dont le PDG de Sonatrach Rachid Hachichi, cet accord entre dans le cadre de la strat\u00e9gie climatique du groupe p\u00e9trolier et gazier permettra de compenser les \u00e9missions de gaz \u00e0 effet de serre g\u00e9n\u00e9r\u00e9es par les activit\u00e9s op\u00e9rationnelles du groupe p\u00e9trolier. Le projet, qui couvrira une superficie impressionnante de 520 000 hectares, se d\u00e9composera en trois volets strat\u00e9giques : 300 millions de plants pour le reboisement classique, 120 millions pour la r\u00e9habilitation des paysages forestiers, et 3 millions d\u00e9di\u00e9s au d\u00e9veloppement de l&rsquo;agroforesterie. Un investissement massif de 150 milliards de dinars alg\u00e9riens qui d\u00e9montre la volont\u00e9 de Sonatrach de r\u00e9inventer son mod\u00e8le \u00e9conomique. Avec un co\u00fbt total estim\u00e9 \u00e0 150 milliards de DA, ce projet structurant sera concr\u00e9tis\u00e9 \u00e0 travers la mise en \u0153uvre d&rsquo;un projet pilote de deux ans, couvrant une superficie \u00e0 d\u00e9terminer en accord avec les parties concern\u00e9es, sur la base d&rsquo;une \u00e9tude de faisabilit\u00e9. Le projet pilote tend \u00e0 permettre \u00e0 toutes les parties concern\u00e9es d&rsquo;acqu\u00e9rir l&rsquo;expertise n\u00e9cessaire dans ce domaine, de maitriser les m\u00e9canismes d&rsquo;enregistrement, de certification et de g\u00e9n\u00e9ration des cr\u00e9dits carbone, garantissant ainsi les conditions n\u00e9cessaires \u00e0 la r\u00e9ussite et \u00e0 la r\u00e9alisation du projet selon les normes. Selon les estimations initiales, le projet pr\u00e9liminaire pr\u00e9voit la plantation de 41,3 millions de plants sur une superficie totale de 43.000 hectares de couvert v\u00e9g\u00e9tal diversifi\u00e9 sur plusieurs wilayas.<\/p>\n\n\n\n<p>Chokri Hafed<\/p>\n","protected":false},"excerpt":{"rendered":"<p>Dans une d\u00e9marche ambitieuse qui illustre l&rsquo;engagement croissant du secteur \u00e9nerg\u00e9tique dans la lutte contre le changement climatique, Sonatrach a<\/p>\n","protected":false},"author":6,"featured_media":60478,"comment_status":"open","ping_status":"closed","sticky":false,"template":"","format":"standard","meta":{"colormag_page_container_layout":"default_layout","colormag_page_sidebar_layout":"default_layout","om_disable_all_campaigns":false,"_monsterinsights_skip_tracking":false,"_monsterinsights_sitenote_active":false,"_monsterinsights_sitenote_note":"","_monsterinsights_sitenote_category":0,"footnotes":"","_wpscppro_dont_share_socialmedia":false,"_wpscppro_custom_social_share_image":0,"_facebook_share_type":"default","_twitter_share_type":"default","_linkedin_share_type":"default","_pinterest_share_type":"default","_linkedin_share_type_page":"","_instagram_share_type":"default","_medium_share_type":"default","_threads_share_type":"","_google_business_share_type":"","_selected_social_profile":[],"_wpsp_enable_custom_social_template":false,"_wpsp_social_scheduling":{"enabled":false,"datetime":null,"platforms":[],"status":"template_only","dateOption":"today","timeOption":"now","customDays":"","customHours":"","customDate":"","customTime":"","schedulingType":"absolute"},"_wpsp_active_default_template":true},"categories":[29],"tags":[],"class_list":["post-60477","post","type-post","status-publish","format-standard","has-post-thumbnail","hentry","category-economie"],"aioseo_notices":[],"yoast_head":"<!-- This site is optimized with the Yoast SEO plugin v27.5 - https:\/\/yoast.com\/product\/yoast-seo-wordpress\/ -->\n<title>L\u2019entreprise signe un accord avec la DGF: Sonatrach en phase avec ses objectifs climatiques - La Sentinelle<\/title>\n<meta name=\"robots\" content=\"index, follow, max-snippet:-1, max-image-preview:large, max-video-preview:-1\" \/>\n<link rel=\"canonical\" href=\"https:\/\/lasentinelle.dz\/index.php\/2024\/12\/12\/lentreprise-signe-un-accord-avec-la-dgf-sonatrach-en-phase-avec-ses-objectifs-climatiques\/\" \/>\n<meta property=\"og:locale\" content=\"fr_FR\" \/>\n<meta property=\"og:type\" content=\"article\" \/>\n<meta property=\"og:title\" content=\"L\u2019entreprise signe un accord avec la DGF: Sonatrach en phase avec ses objectifs climatiques - La Sentinelle\" \/>\n<meta property=\"og:description\" content=\"Dans une d\u00e9marche ambitieuse qui illustre l&rsquo;engagement croissant du secteur \u00e9nerg\u00e9tique dans la lutte contre le changement climatique, Sonatrach a\" \/>\n<meta property=\"og:url\" content=\"https:\/\/lasentinelle.dz\/index.php\/2024\/12\/12\/lentreprise-signe-un-accord-avec-la-dgf-sonatrach-en-phase-avec-ses-objectifs-climatiques\/\" \/>\n<meta property=\"og:site_name\" content=\"La Sentinelle\" \/>\n<meta property=\"article:publisher\" content=\"https:\/\/www.facebook.com\/La-Sentinelle-104059864394773\" \/>\n<meta property=\"article:published_time\" content=\"2024-12-12T11:01:25+00:00\" \/>\n<meta property=\"article:modified_time\" content=\"2024-12-14T11:01:57+00:00\" \/>\n<meta property=\"og:image\" content=\"https:\/\/lasentinelle.dz\/wp-content\/uploads\/2024\/12\/Sonatrach-DGF.jpg\" \/>\n\t<meta property=\"og:image:width\" content=\"2048\" \/>\n\t<meta property=\"og:image:height\" content=\"1268\" \/>\n\t<meta property=\"og:image:type\" content=\"image\/jpeg\" \/>\n<meta name=\"author\" content=\"admin\" \/>\n<meta name=\"twitter:card\" content=\"summary_large_image\" \/>\n<meta name=\"twitter:label1\" content=\"\u00c9crit par\" \/>\n\t<meta name=\"twitter:data1\" content=\"admin\" \/>\n\t<meta name=\"twitter:label2\" content=\"Dur\u00e9e de lecture estim\u00e9e\" \/>\n\t<meta name=\"twitter:data2\" content=\"2 minutes\" \/>\n<script type=\"application\/ld+json\" class=\"yoast-schema-graph\">{\"@context\":\"https:\\\/\\\/schema.org\",\"@graph\":[{\"@type\":\"Article\",\"@id\":\"https:\\\/\\\/lasentinelle.dz\\\/index.php\\\/2024\\\/12\\\/12\\\/lentreprise-signe-un-accord-avec-la-dgf-sonatrach-en-phase-avec-ses-objectifs-climatiques\\\/#article\",\"isPartOf\":{\"@id\":\"https:\\\/\\\/lasentinelle.dz\\\/index.php\\\/2024\\\/12\\\/12\\\/lentreprise-signe-un-accord-avec-la-dgf-sonatrach-en-phase-avec-ses-objectifs-climatiques\\\/\"},\"author\":{\"name\":\"admin\",\"@id\":\"https:\\\/\\\/lasentinelle.dz\\\/#\\\/schema\\\/person\\\/729ee0024f24e0b8c5ec17232f8e8b41\"},\"headline\":\"L\u2019entreprise signe un accord avec la DGF: Sonatrach en phase avec ses objectifs climatiques\",\"datePublished\":\"2024-12-12T11:01:25+00:00\",\"dateModified\":\"2024-12-14T11:01:57+00:00\",\"mainEntityOfPage\":{\"@id\":\"https:\\\/\\\/lasentinelle.dz\\\/index.php\\\/2024\\\/12\\\/12\\\/lentreprise-signe-un-accord-avec-la-dgf-sonatrach-en-phase-avec-ses-objectifs-climatiques\\\/\"},\"wordCount\":346,\"commentCount\":0,\"publisher\":{\"@id\":\"https:\\\/\\\/lasentinelle.dz\\\/#organization\"},\"image\":{\"@id\":\"https:\\\/\\\/lasentinelle.dz\\\/index.php\\\/2024\\\/12\\\/12\\\/lentreprise-signe-un-accord-avec-la-dgf-sonatrach-en-phase-avec-ses-objectifs-climatiques\\\/#primaryimage\"},\"thumbnailUrl\":\"https:\\\/\\\/lasentinelle.dz\\\/wp-content\\\/uploads\\\/2024\\\/12\\\/Sonatrach-DGF.jpg\",\"articleSection\":[\"\u00c9conomie\"],\"inLanguage\":\"fr-FR\",\"potentialAction\":[{\"@type\":\"CommentAction\",\"name\":\"Comment\",\"target\":[\"https:\\\/\\\/lasentinelle.dz\\\/index.php\\\/2024\\\/12\\\/12\\\/lentreprise-signe-un-accord-avec-la-dgf-sonatrach-en-phase-avec-ses-objectifs-climatiques\\\/#respond\"]}]},{\"@type\":\"WebPage\",\"@id\":\"https:\\\/\\\/lasentinelle.dz\\\/index.php\\\/2024\\\/12\\\/12\\\/lentreprise-signe-un-accord-avec-la-dgf-sonatrach-en-phase-avec-ses-objectifs-climatiques\\\/\",\"url\":\"https:\\\/\\\/lasentinelle.dz\\\/index.php\\\/2024\\\/12\\\/12\\\/lentreprise-signe-un-accord-avec-la-dgf-sonatrach-en-phase-avec-ses-objectifs-climatiques\\\/\",\"name\":\"L\u2019entreprise signe un accord avec la DGF: Sonatrach en phase avec ses objectifs climatiques - La Sentinelle\",\"isPartOf\":{\"@id\":\"https:\\\/\\\/lasentinelle.dz\\\/#website\"},\"primaryImageOfPage\":{\"@id\":\"https:\\\/\\\/lasentinelle.dz\\\/index.php\\\/2024\\\/12\\\/12\\\/lentreprise-signe-un-accord-avec-la-dgf-sonatrach-en-phase-avec-ses-objectifs-climatiques\\\/#primaryimage\"},\"image\":{\"@id\":\"https:\\\/\\\/lasentinelle.dz\\\/index.php\\\/2024\\\/12\\\/12\\\/lentreprise-signe-un-accord-avec-la-dgf-sonatrach-en-phase-avec-ses-objectifs-climatiques\\\/#primaryimage\"},\"thumbnailUrl\":\"https:\\\/\\\/lasentinelle.dz\\\/wp-content\\\/uploads\\\/2024\\\/12\\\/Sonatrach-DGF.jpg\",\"datePublished\":\"2024-12-12T11:01:25+00:00\",\"dateModified\":\"2024-12-14T11:01:57+00:00\",\"breadcrumb\":{\"@id\":\"https:\\\/\\\/lasentinelle.dz\\\/index.php\\\/2024\\\/12\\\/12\\\/lentreprise-signe-un-accord-avec-la-dgf-sonatrach-en-phase-avec-ses-objectifs-climatiques\\\/#breadcrumb\"},\"inLanguage\":\"fr-FR\",\"potentialAction\":[{\"@type\":\"ReadAction\",\"target\":[\"https:\\\/\\\/lasentinelle.dz\\\/index.php\\\/2024\\\/12\\\/12\\\/lentreprise-signe-un-accord-avec-la-dgf-sonatrach-en-phase-avec-ses-objectifs-climatiques\\\/\"]}]},{\"@type\":\"ImageObject\",\"inLanguage\":\"fr-FR\",\"@id\":\"https:\\\/\\\/lasentinelle.dz\\\/index.php\\\/2024\\\/12\\\/12\\\/lentreprise-signe-un-accord-avec-la-dgf-sonatrach-en-phase-avec-ses-objectifs-climatiques\\\/#primaryimage\",\"url\":\"https:\\\/\\\/lasentinelle.dz\\\/wp-content\\\/uploads\\\/2024\\\/12\\\/Sonatrach-DGF.jpg\",\"contentUrl\":\"https:\\\/\\\/lasentinelle.dz\\\/wp-content\\\/uploads\\\/2024\\\/12\\\/Sonatrach-DGF.jpg\",\"width\":2048,\"height\":1268},{\"@type\":\"BreadcrumbList\",\"@id\":\"https:\\\/\\\/lasentinelle.dz\\\/index.php\\\/2024\\\/12\\\/12\\\/lentreprise-signe-un-accord-avec-la-dgf-sonatrach-en-phase-avec-ses-objectifs-climatiques\\\/#breadcrumb\",\"itemListElement\":[{\"@type\":\"ListItem\",\"position\":1,\"name\":\"Accueil\",\"item\":\"https:\\\/\\\/lasentinelle.dz\\\/\"},{\"@type\":\"ListItem\",\"position\":2,\"name\":\"L\u2019entreprise signe un accord avec la DGF: Sonatrach en phase avec ses objectifs climatiques\"}]},{\"@type\":\"WebSite\",\"@id\":\"https:\\\/\\\/lasentinelle.dz\\\/#website\",\"url\":\"https:\\\/\\\/lasentinelle.dz\\\/\",\"name\":\"La Sentinelle\",\"description\":\"Quotidien national d&#039;information\",\"publisher\":{\"@id\":\"https:\\\/\\\/lasentinelle.dz\\\/#organization\"},\"potentialAction\":[{\"@type\":\"SearchAction\",\"target\":{\"@type\":\"EntryPoint\",\"urlTemplate\":\"https:\\\/\\\/lasentinelle.dz\\\/?s={search_term_string}\"},\"query-input\":{\"@type\":\"PropertyValueSpecification\",\"valueRequired\":true,\"valueName\":\"search_term_string\"}}],\"inLanguage\":\"fr-FR\"},{\"@type\":\"Organization\",\"@id\":\"https:\\\/\\\/lasentinelle.dz\\\/#organization\",\"name\":\"Quotidien La Sentinelle\",\"url\":\"https:\\\/\\\/lasentinelle.dz\\\/\",\"logo\":{\"@type\":\"ImageObject\",\"inLanguage\":\"fr-FR\",\"@id\":\"https:\\\/\\\/lasentinelle.dz\\\/#\\\/schema\\\/logo\\\/image\\\/\",\"url\":\"https:\\\/\\\/lasentinelle.dz\\\/wp-content\\\/uploads\\\/2021\\\/09\\\/logo-sentinelleSLOGAN-1.png\",\"contentUrl\":\"https:\\\/\\\/lasentinelle.dz\\\/wp-content\\\/uploads\\\/2021\\\/09\\\/logo-sentinelleSLOGAN-1.png\",\"width\":615,\"height\":142,\"caption\":\"Quotidien La Sentinelle\"},\"image\":{\"@id\":\"https:\\\/\\\/lasentinelle.dz\\\/#\\\/schema\\\/logo\\\/image\\\/\"},\"sameAs\":[\"https:\\\/\\\/www.facebook.com\\\/La-Sentinelle-104059864394773\"]},{\"@type\":\"Person\",\"@id\":\"https:\\\/\\\/lasentinelle.dz\\\/#\\\/schema\\\/person\\\/729ee0024f24e0b8c5ec17232f8e8b41\",\"name\":\"admin\",\"image\":{\"@type\":\"ImageObject\",\"inLanguage\":\"fr-FR\",\"@id\":\"https:\\\/\\\/secure.gravatar.com\\\/avatar\\\/4c81fed838786e9b53f540bf46533e750f5d292099ae3b66cfc6fb1982e29df7?s=96&d=mm&r=g\",\"url\":\"https:\\\/\\\/secure.gravatar.com\\\/avatar\\\/4c81fed838786e9b53f540bf46533e750f5d292099ae3b66cfc6fb1982e29df7?s=96&d=mm&r=g\",\"contentUrl\":\"https:\\\/\\\/secure.gravatar.com\\\/avatar\\\/4c81fed838786e9b53f540bf46533e750f5d292099ae3b66cfc6fb1982e29df7?s=96&d=mm&r=g\",\"caption\":\"admin\"},\"description\":\"admin\",\"url\":\"https:\\\/\\\/lasentinelle.dz\\\/author\\\/admin\\\/\"}]}<\/script>\n<!-- \/ Yoast SEO plugin. -->","yoast_head_json":{"title":"L\u2019entreprise signe un accord avec la DGF: Sonatrach en phase avec ses objectifs climatiques - La Sentinelle","robots":{"index":"index","follow":"follow","max-snippet":"max-snippet:-1","max-image-preview":"max-image-preview:large","max-video-preview":"max-video-preview:-1"},"canonical":"https:\/\/lasentinelle.dz\/index.php\/2024\/12\/12\/lentreprise-signe-un-accord-avec-la-dgf-sonatrach-en-phase-avec-ses-objectifs-climatiques\/","og_locale":"fr_FR","og_type":"article","og_title":"L\u2019entreprise signe un accord avec la DGF: Sonatrach en phase avec ses objectifs climatiques - La Sentinelle","og_description":"Dans une d\u00e9marche ambitieuse qui illustre l&rsquo;engagement croissant du secteur \u00e9nerg\u00e9tique dans la lutte contre le changement climatique, Sonatrach a","og_url":"https:\/\/lasentinelle.dz\/index.php\/2024\/12\/12\/lentreprise-signe-un-accord-avec-la-dgf-sonatrach-en-phase-avec-ses-objectifs-climatiques\/","og_site_name":"La Sentinelle","article_publisher":"https:\/\/www.facebook.com\/La-Sentinelle-104059864394773","article_published_time":"2024-12-12T11:01:25+00:00","article_modified_time":"2024-12-14T11:01:57+00:00","og_image":[{"width":2048,"height":1268,"url":"https:\/\/lasentinelle.dz\/wp-content\/uploads\/2024\/12\/Sonatrach-DGF.jpg","type":"image\/jpeg"}],"author":"admin","twitter_card":"summary_large_image","twitter_misc":{"\u00c9crit par":"admin","Dur\u00e9e de lecture estim\u00e9e":"2 minutes"},"schema":{"@context":"https:\/\/schema.org","@graph":[{"@type":"Article","@id":"https:\/\/lasentinelle.dz\/index.php\/2024\/12\/12\/lentreprise-signe-un-accord-avec-la-dgf-sonatrach-en-phase-avec-ses-objectifs-climatiques\/#article","isPartOf":{"@id":"https:\/\/lasentinelle.dz\/index.php\/2024\/12\/12\/lentreprise-signe-un-accord-avec-la-dgf-sonatrach-en-phase-avec-ses-objectifs-climatiques\/"},"author":{"name":"admin","@id":"https:\/\/lasentinelle.dz\/#\/schema\/person\/729ee0024f24e0b8c5ec17232f8e8b41"},"headline":"L\u2019entreprise signe un accord avec la DGF: Sonatrach en phase avec ses objectifs climatiques","datePublished":"2024-12-12T11:01:25+00:00","dateModified":"2024-12-14T11:01:57+00:00","mainEntityOfPage":{"@id":"https:\/\/lasentinelle.dz\/index.php\/2024\/12\/12\/lentreprise-signe-un-accord-avec-la-dgf-sonatrach-en-phase-avec-ses-objectifs-climatiques\/"},"wordCount":346,"commentCount":0,"publisher":{"@id":"https:\/\/lasentinelle.dz\/#organization"},"image":{"@id":"https:\/\/lasentinelle.dz\/index.php\/2024\/12\/12\/lentreprise-signe-un-accord-avec-la-dgf-sonatrach-en-phase-avec-ses-objectifs-climatiques\/#primaryimage"},"thumbnailUrl":"https:\/\/lasentinelle.dz\/wp-content\/uploads\/2024\/12\/Sonatrach-DGF.jpg","articleSection":["\u00c9conomie"],"inLanguage":"fr-FR","potentialAction":[{"@type":"CommentAction","name":"Comment","target":["https:\/\/lasentinelle.dz\/index.php\/2024\/12\/12\/lentreprise-signe-un-accord-avec-la-dgf-sonatrach-en-phase-avec-ses-objectifs-climatiques\/#respond"]}]},{"@type":"WebPage","@id":"https:\/\/lasentinelle.dz\/index.php\/2024\/12\/12\/lentreprise-signe-un-accord-avec-la-dgf-sonatrach-en-phase-avec-ses-objectifs-climatiques\/","url":"https:\/\/lasentinelle.dz\/index.php\/2024\/12\/12\/lentreprise-signe-un-accord-avec-la-dgf-sonatrach-en-phase-avec-ses-objectifs-climatiques\/","name":"L\u2019entreprise signe un accord avec la DGF: Sonatrach en phase avec ses objectifs climatiques - La Sentinelle","isPartOf":{"@id":"https:\/\/lasentinelle.dz\/#website"},"primaryImageOfPage":{"@id":"https:\/\/lasentinelle.dz\/index.php\/2024\/12\/12\/lentreprise-signe-un-accord-avec-la-dgf-sonatrach-en-phase-avec-ses-objectifs-climatiques\/#primaryimage"},"image":{"@id":"https:\/\/lasentinelle.dz\/index.php\/2024\/12\/12\/lentreprise-signe-un-accord-avec-la-dgf-sonatrach-en-phase-avec-ses-objectifs-climatiques\/#primaryimage"},"thumbnailUrl":"https:\/\/lasentinelle.dz\/wp-content\/uploads\/2024\/12\/Sonatrach-DGF.jpg","datePublished":"2024-12-12T11:01:25+00:00","dateModified":"2024-12-14T11:01:57+00:00","breadcrumb":{"@id":"https:\/\/lasentinelle.dz\/index.php\/2024\/12\/12\/lentreprise-signe-un-accord-avec-la-dgf-sonatrach-en-phase-avec-ses-objectifs-climatiques\/#breadcrumb"},"inLanguage":"fr-FR","potentialAction":[{"@type":"ReadAction","target":["https:\/\/lasentinelle.dz\/index.php\/2024\/12\/12\/lentreprise-signe-un-accord-avec-la-dgf-sonatrach-en-phase-avec-ses-objectifs-climatiques\/"]}]},{"@type":"ImageObject","inLanguage":"fr-FR","@id":"https:\/\/lasentinelle.dz\/index.php\/2024\/12\/12\/lentreprise-signe-un-accord-avec-la-dgf-sonatrach-en-phase-avec-ses-objectifs-climatiques\/#primaryimage","url":"https:\/\/lasentinelle.dz\/wp-content\/uploads\/2024\/12\/Sonatrach-DGF.jpg","contentUrl":"https:\/\/lasentinelle.dz\/wp-content\/uploads\/2024\/12\/Sonatrach-DGF.jpg","width":2048,"height":1268},{"@type":"BreadcrumbList","@id":"https:\/\/lasentinelle.dz\/index.php\/2024\/12\/12\/lentreprise-signe-un-accord-avec-la-dgf-sonatrach-en-phase-avec-ses-objectifs-climatiques\/#breadcrumb","itemListElement":[{"@type":"ListItem","position":1,"name":"Accueil","item":"https:\/\/lasentinelle.dz\/"},{"@type":"ListItem","position":2,"name":"L\u2019entreprise signe un accord avec la DGF: Sonatrach en phase avec ses objectifs climatiques"}]},{"@type":"WebSite","@id":"https:\/\/lasentinelle.dz\/#website","url":"https:\/\/lasentinelle.dz\/","name":"La Sentinelle","description":"Quotidien national d&#039;information","publisher":{"@id":"https:\/\/lasentinelle.dz\/#organization"},"potentialAction":[{"@type":"SearchAction","target":{"@type":"EntryPoint","urlTemplate":"https:\/\/lasentinelle.dz\/?s={search_term_string}"},"query-input":{"@type":"PropertyValueSpecification","valueRequired":true,"valueName":"search_term_string"}}],"inLanguage":"fr-FR"},{"@type":"Organization","@id":"https:\/\/lasentinelle.dz\/#organization","name":"Quotidien La Sentinelle","url":"https:\/\/lasentinelle.dz\/","logo":{"@type":"ImageObject","inLanguage":"fr-FR","@id":"https:\/\/lasentinelle.dz\/#\/schema\/logo\/image\/","url":"https:\/\/lasentinelle.dz\/wp-content\/uploads\/2021\/09\/logo-sentinelleSLOGAN-1.png","contentUrl":"https:\/\/lasentinelle.dz\/wp-content\/uploads\/2021\/09\/logo-sentinelleSLOGAN-1.png","width":615,"height":142,"caption":"Quotidien La Sentinelle"},"image":{"@id":"https:\/\/lasentinelle.dz\/#\/schema\/logo\/image\/"},"sameAs":["https:\/\/www.facebook.com\/La-Sentinelle-104059864394773"]},{"@type":"Person","@id":"https:\/\/lasentinelle.dz\/#\/schema\/person\/729ee0024f24e0b8c5ec17232f8e8b41","name":"admin","image":{"@type":"ImageObject","inLanguage":"fr-FR","@id":"https:\/\/secure.gravatar.com\/avatar\/4c81fed838786e9b53f540bf46533e750f5d292099ae3b66cfc6fb1982e29df7?s=96&d=mm&r=g","url":"https:\/\/secure.gravatar.com\/avatar\/4c81fed838786e9b53f540bf46533e750f5d292099ae3b66cfc6fb1982e29df7?s=96&d=mm&r=g","contentUrl":"https:\/\/secure.gravatar.com\/avatar\/4c81fed838786e9b53f540bf46533e750f5d292099ae3b66cfc6fb1982e29df7?s=96&d=mm&r=g","caption":"admin"},"description":"admin","url":"https:\/\/lasentinelle.dz\/author\/admin\/"}]}},"_links":{"self":[{"href":"https:\/\/lasentinelle.dz\/index.php\/wp-json\/wp\/v2\/posts\/60477","targetHints":{"allow":["GET"]}}],"collection":[{"href":"https:\/\/lasentinelle.dz\/index.php\/wp-json\/wp\/v2\/posts"}],"about":[{"href":"https:\/\/lasentinelle.dz\/index.php\/wp-json\/wp\/v2\/types\/post"}],"author":[{"embeddable":true,"href":"https:\/\/lasentinelle.dz\/index.php\/wp-json\/wp\/v2\/users\/6"}],"replies":[{"embeddable":true,"href":"https:\/\/lasentinelle.dz\/index.php\/wp-json\/wp\/v2\/comments?post=60477"}],"version-history":[{"count":1,"href":"https:\/\/lasentinelle.dz\/index.php\/wp-json\/wp\/v2\/posts\/60477\/revisions"}],"predecessor-version":[{"id":60479,"href":"https:\/\/lasentinelle.dz\/index.php\/wp-json\/wp\/v2\/posts\/60477\/revisions\/60479"}],"wp:featuredmedia":[{"embeddable":true,"href":"https:\/\/lasentinelle.dz\/index.php\/wp-json\/wp\/v2\/media\/60478"}],"wp:attachment":[{"href":"https:\/\/lasentinelle.dz\/index.php\/wp-json\/wp\/v2\/media?parent=60477"}],"wp:term":[{"taxonomy":"category","embeddable":true,"href":"https:\/\/lasentinelle.dz\/index.php\/wp-json\/wp\/v2\/categories?post=60477"},{"taxonomy":"post_tag","embeddable":true,"href":"https:\/\/lasentinelle.dz\/index.php\/wp-json\/wp\/v2\/tags?post=60477"}],"curies":[{"name":"wp","href":"https:\/\/api.w.org\/{rel}","templated":true}]}}