{"id":60574,"date":"2024-12-16T12:17:42","date_gmt":"2024-12-16T11:17:42","guid":{"rendered":"https:\/\/lasentinelle.dz\/?p=60574"},"modified":"2024-12-16T12:17:42","modified_gmt":"2024-12-16T11:17:42","slug":"crise-politique-en-coree-du-sud-la-cour-constitutionnelle-appelee-a-sceller-le-sort-de-yoon-suk-yeol","status":"publish","type":"post","link":"https:\/\/lasentinelle.dz\/index.php\/2024\/12\/16\/crise-politique-en-coree-du-sud-la-cour-constitutionnelle-appelee-a-sceller-le-sort-de-yoon-suk-yeol\/","title":{"rendered":"Crise politique en Cor\u00e9e du Sud : La Cour constitutionnelle appel\u00e9e \u00e0 sceller le sort de Yoon Suk Yeol"},"content":{"rendered":"\n<p>La Cour constitutionnelle sud-cor\u00e9enne est d\u00e9sormais au c\u0153ur d&rsquo;une crise politique sans pr\u00e9c\u00e9dent, appel\u00e9e \u00e0 sceller le sort du pr\u00e9sident d\u00e9chu Yoon Suk Yeol dans un d\u00e9lai de six mois.&nbsp; D\u00e8s samedi soir, son pr\u00e9sident Moon Hyung-bae a promis une \u00ab\u00a0proc\u00e9dure rapide et juste\u00a0\u00bb en convoquant imm\u00e9diatement une premi\u00e8re r\u00e9union des juges pour examiner la proc\u00e9dure de destitution vot\u00e9e par le Parlement.<\/p>\n\n\n\n<p>Le chef de l&rsquo;opposition sud-cor\u00e9enne a appel\u00e9 dimanche la Cour constitutionnelle \u00e0 sceller rapidement le sort du pr\u00e9sident d\u00e9chu Yoon Suk Yeol, afin que le pays puisse se remettre du \u00ab\u00a0trouble national\u00a0\u00bb et de la \u00ab\u00a0situation absurde\u00a0\u00bb cr\u00e9\u00e9s par l&rsquo;imposition surprise de la loi martiale le 3 d\u00e9cembre. La Cour constitutionnelle a six mois pour valider ou non la destitution de M. Yoon, vot\u00e9e samedi par le Parlement. Dans l&rsquo;affirmative, une \u00e9lection pr\u00e9sidentielle sera organis\u00e9e dans les deux mois. \u00ab\u00a0La Cour constitutionnelle doit rapidement traiter la proc\u00e9dure de destitution du pr\u00e9sident\u00a0\u00bb, a d\u00e9clar\u00e9 dimanche Lee Jae-myung, le pr\u00e9sident du Parti d\u00e9mocrate, principale force d&rsquo;opposition. \u00ab\u00a0C&rsquo;est la seule fa\u00e7on de limiter le trouble national et d&rsquo;all\u00e9ger les souffrances de la population\u00a0\u00bb, a-t-il ajout\u00e9. Le chef de l&rsquo;opposition a \u00e9galement exig\u00e9 une enqu\u00eate approfondie sur les \u00e9v\u00e9nements de la nuit du 3 au 4 octobre, quand M. Yoon avait annonc\u00e9 \u00e0 la surprise g\u00e9n\u00e9rale l&rsquo;imposition de la loi martiale et envoy\u00e9 l&rsquo;arm\u00e9e au Parlement pour tenter de le museler, avant de faire marche arri\u00e8re sous la pression des d\u00e9put\u00e9s et des manifestants.<\/p>\n\n\n\n<p>Le pr\u00e9sident de la Cour constitutionnelle, Moon Hyung-bae, a promis d\u00e8s samedi soir \u00ab\u00a0une proc\u00e9dure rapide et juste\u00a0\u00bb. Il a convoqu\u00e9 les autres juges pour une premi\u00e8re r\u00e9union sur cette affaire lundi matin. Selon la plupart des experts, l&rsquo;issue ne fait gu\u00e8re de doute tant les violations de la Constitution et de la loi reproch\u00e9es \u00e0 M. Yoon sont flagrantes.<\/p>\n\n\n\n<p>Parall\u00e8lement, l&rsquo;appareil judiciaire sud-cor\u00e9en a intensifi\u00e9 sa traque des principaux protagonistes impliqu\u00e9s dans la tentative de coup de force du 3 d\u00e9cembre. Les procureurs ont franchi une nouvelle \u00e9tape en demandant un mandat d&rsquo;arr\u00eat contre Kwak Jong-geun, chef du Commandement de guerre sp\u00e9ciale (SWC) de l&rsquo;arm\u00e9e. Celui-ci est accus\u00e9 d&rsquo;insurrection et d&rsquo;abus de pouvoir pour avoir envoy\u00e9 des troupes \u00e0 l&rsquo;Assembl\u00e9e nationale lors de l&rsquo;imposition controvers\u00e9e de la loi martiale. D\u00e9j\u00e0 suspendu de ses fonctions, Kwak Jong-geun a \u00e9t\u00e9 plac\u00e9 sous interdiction de voyager. Les investigations r\u00e9v\u00e8lent qu&rsquo;il aurait \u00e9t\u00e9 de connivence avec Yoon et l&rsquo;ancien ministre de la D\u00e9fense Kim Yong-hyun dans une tentative de subvertir la Constitution. Cette proc\u00e9dure s&rsquo;inscrit dans une strat\u00e9gie judiciaire plus large visant \u00e0 d\u00e9manteler le r\u00e9seau politique ayant soutenu la man\u0153uvre pr\u00e9sidentielle. La police a \u00e9galement proc\u00e9d\u00e9 \u00e0 l&rsquo;arrestation de l&rsquo;actuel et de l&rsquo;ancien chef du commandement du renseignement militaire. Samedi, Yeo In-hyung, chef du contre-espionnage, avait d\u00e9j\u00e0 \u00e9t\u00e9 interpell\u00e9, illustrant la d\u00e9termination des autorit\u00e9s \u00e0 faire toute la lumi\u00e8re sur cette crise constitutionnelle. Yoon Suk Yeol lui-m\u00eame fait l&rsquo;objet d&rsquo;une enqu\u00eate p\u00e9nale pour \u00ab\u00a0r\u00e9bellion\u00a0\u00bb, un crime passible de la peine de mort. Les procureurs l&rsquo;ont convoqu\u00e9 dimanche matin, mais celui-ci a refus\u00e9 de se pr\u00e9senter, provoquant l&rsquo;annonce d&rsquo;une deuxi\u00e8me convocation. Le pr\u00e9sident d\u00e9chu n&rsquo;a plus le droit de quitter le pays, marquant une limitation drastique de sa libert\u00e9 de mouvement.<\/p>\n\n\n\n<p>R.I.<\/p>\n","protected":false},"excerpt":{"rendered":"<p>La Cour constitutionnelle sud-cor\u00e9enne est d\u00e9sormais au c\u0153ur d&rsquo;une crise politique sans pr\u00e9c\u00e9dent, appel\u00e9e \u00e0 sceller le sort du pr\u00e9sident<\/p>\n","protected":false},"author":6,"featured_media":60231,"comment_status":"open","ping_status":"closed","sticky":false,"template":"","format":"standard","meta":{"colormag_page_container_layout":"default_layout","colormag_page_sidebar_layout":"default_layout","om_disable_all_campaigns":false,"_monsterinsights_skip_tracking":false,"_monsterinsights_sitenote_active":false,"_monsterinsights_sitenote_note":"","_monsterinsights_sitenote_category":0,"footnotes":"","_wpscppro_dont_share_socialmedia":false,"_wpscppro_custom_social_share_image":0,"_facebook_share_type":"default","_twitter_share_type":"default","_linkedin_share_type":"default","_pinterest_share_type":"default","_linkedin_share_type_page":"","_instagram_share_type":"default","_medium_share_type":"default","_threads_share_type":"","_google_business_share_type":"","_selected_social_profile":[],"_wpsp_enable_custom_social_template":false,"_wpsp_social_scheduling":{"enabled":false,"datetime":null,"platforms":[],"status":"template_only","dateOption":"today","timeOption":"now","customDays":"","customHours":"","customDate":"","customTime":"","schedulingType":"absolute"},"_wpsp_active_default_template":true},"categories":[37],"tags":[],"class_list":["post-60574","post","type-post","status-publish","format-standard","has-post-thumbnail","hentry","category-monde"],"aioseo_notices":[],"yoast_head":"<!-- This site is optimized with the Yoast SEO plugin v27.4 - https:\/\/yoast.com\/product\/yoast-seo-wordpress\/ -->\n<title>Crise politique en Cor\u00e9e du Sud : La Cour constitutionnelle appel\u00e9e \u00e0 sceller le sort de Yoon Suk Yeol - La Sentinelle<\/title>\n<meta name=\"robots\" content=\"index, follow, max-snippet:-1, max-image-preview:large, max-video-preview:-1\" \/>\n<link rel=\"canonical\" href=\"https:\/\/lasentinelle.dz\/index.php\/2024\/12\/16\/crise-politique-en-coree-du-sud-la-cour-constitutionnelle-appelee-a-sceller-le-sort-de-yoon-suk-yeol\/\" \/>\n<meta property=\"og:locale\" content=\"fr_FR\" \/>\n<meta property=\"og:type\" content=\"article\" \/>\n<meta property=\"og:title\" content=\"Crise politique en Cor\u00e9e du Sud : La Cour constitutionnelle appel\u00e9e \u00e0 sceller le sort de Yoon Suk Yeol - La Sentinelle\" \/>\n<meta property=\"og:description\" content=\"La Cour constitutionnelle sud-cor\u00e9enne est d\u00e9sormais au c\u0153ur d&rsquo;une crise politique sans pr\u00e9c\u00e9dent, appel\u00e9e \u00e0 sceller le sort du pr\u00e9sident\" \/>\n<meta property=\"og:url\" content=\"https:\/\/lasentinelle.dz\/index.php\/2024\/12\/16\/crise-politique-en-coree-du-sud-la-cour-constitutionnelle-appelee-a-sceller-le-sort-de-yoon-suk-yeol\/\" \/>\n<meta property=\"og:site_name\" content=\"La Sentinelle\" \/>\n<meta property=\"article:publisher\" content=\"https:\/\/www.facebook.com\/La-Sentinelle-104059864394773\" \/>\n<meta property=\"article:published_time\" content=\"2024-12-16T11:17:42+00:00\" \/>\n<meta property=\"og:image\" content=\"https:\/\/lasentinelle.dz\/wp-content\/uploads\/2024\/12\/Yoon-Suk-Yeol-.jpg\" \/>\n\t<meta property=\"og:image:width\" content=\"800\" \/>\n\t<meta property=\"og:image:height\" content=\"533\" \/>\n\t<meta property=\"og:image:type\" content=\"image\/jpeg\" \/>\n<meta name=\"author\" content=\"admin\" \/>\n<meta name=\"twitter:card\" content=\"summary_large_image\" \/>\n<meta name=\"twitter:label1\" content=\"\u00c9crit par\" \/>\n\t<meta name=\"twitter:data1\" content=\"admin\" \/>\n\t<meta name=\"twitter:label2\" content=\"Dur\u00e9e de lecture estim\u00e9e\" \/>\n\t<meta name=\"twitter:data2\" content=\"3 minutes\" \/>\n<script type=\"application\/ld+json\" class=\"yoast-schema-graph\">{\"@context\":\"https:\\\/\\\/schema.org\",\"@graph\":[{\"@type\":\"Article\",\"@id\":\"https:\\\/\\\/lasentinelle.dz\\\/index.php\\\/2024\\\/12\\\/16\\\/crise-politique-en-coree-du-sud-la-cour-constitutionnelle-appelee-a-sceller-le-sort-de-yoon-suk-yeol\\\/#article\",\"isPartOf\":{\"@id\":\"https:\\\/\\\/lasentinelle.dz\\\/index.php\\\/2024\\\/12\\\/16\\\/crise-politique-en-coree-du-sud-la-cour-constitutionnelle-appelee-a-sceller-le-sort-de-yoon-suk-yeol\\\/\"},\"author\":{\"name\":\"admin\",\"@id\":\"https:\\\/\\\/lasentinelle.dz\\\/#\\\/schema\\\/person\\\/729ee0024f24e0b8c5ec17232f8e8b41\"},\"headline\":\"Crise politique en Cor\u00e9e du Sud : La Cour constitutionnelle appel\u00e9e \u00e0 sceller le sort de Yoon Suk Yeol\",\"datePublished\":\"2024-12-16T11:17:42+00:00\",\"mainEntityOfPage\":{\"@id\":\"https:\\\/\\\/lasentinelle.dz\\\/index.php\\\/2024\\\/12\\\/16\\\/crise-politique-en-coree-du-sud-la-cour-constitutionnelle-appelee-a-sceller-le-sort-de-yoon-suk-yeol\\\/\"},\"wordCount\":649,\"commentCount\":0,\"publisher\":{\"@id\":\"https:\\\/\\\/lasentinelle.dz\\\/#organization\"},\"image\":{\"@id\":\"https:\\\/\\\/lasentinelle.dz\\\/index.php\\\/2024\\\/12\\\/16\\\/crise-politique-en-coree-du-sud-la-cour-constitutionnelle-appelee-a-sceller-le-sort-de-yoon-suk-yeol\\\/#primaryimage\"},\"thumbnailUrl\":\"https:\\\/\\\/lasentinelle.dz\\\/wp-content\\\/uploads\\\/2024\\\/12\\\/Yoon-Suk-Yeol-.jpg\",\"articleSection\":[\"Monde\"],\"inLanguage\":\"fr-FR\",\"potentialAction\":[{\"@type\":\"CommentAction\",\"name\":\"Comment\",\"target\":[\"https:\\\/\\\/lasentinelle.dz\\\/index.php\\\/2024\\\/12\\\/16\\\/crise-politique-en-coree-du-sud-la-cour-constitutionnelle-appelee-a-sceller-le-sort-de-yoon-suk-yeol\\\/#respond\"]}]},{\"@type\":\"WebPage\",\"@id\":\"https:\\\/\\\/lasentinelle.dz\\\/index.php\\\/2024\\\/12\\\/16\\\/crise-politique-en-coree-du-sud-la-cour-constitutionnelle-appelee-a-sceller-le-sort-de-yoon-suk-yeol\\\/\",\"url\":\"https:\\\/\\\/lasentinelle.dz\\\/index.php\\\/2024\\\/12\\\/16\\\/crise-politique-en-coree-du-sud-la-cour-constitutionnelle-appelee-a-sceller-le-sort-de-yoon-suk-yeol\\\/\",\"name\":\"Crise politique en Cor\u00e9e du Sud : La Cour constitutionnelle appel\u00e9e \u00e0 sceller le sort de Yoon Suk Yeol - La Sentinelle\",\"isPartOf\":{\"@id\":\"https:\\\/\\\/lasentinelle.dz\\\/#website\"},\"primaryImageOfPage\":{\"@id\":\"https:\\\/\\\/lasentinelle.dz\\\/index.php\\\/2024\\\/12\\\/16\\\/crise-politique-en-coree-du-sud-la-cour-constitutionnelle-appelee-a-sceller-le-sort-de-yoon-suk-yeol\\\/#primaryimage\"},\"image\":{\"@id\":\"https:\\\/\\\/lasentinelle.dz\\\/index.php\\\/2024\\\/12\\\/16\\\/crise-politique-en-coree-du-sud-la-cour-constitutionnelle-appelee-a-sceller-le-sort-de-yoon-suk-yeol\\\/#primaryimage\"},\"thumbnailUrl\":\"https:\\\/\\\/lasentinelle.dz\\\/wp-content\\\/uploads\\\/2024\\\/12\\\/Yoon-Suk-Yeol-.jpg\",\"datePublished\":\"2024-12-16T11:17:42+00:00\",\"breadcrumb\":{\"@id\":\"https:\\\/\\\/lasentinelle.dz\\\/index.php\\\/2024\\\/12\\\/16\\\/crise-politique-en-coree-du-sud-la-cour-constitutionnelle-appelee-a-sceller-le-sort-de-yoon-suk-yeol\\\/#breadcrumb\"},\"inLanguage\":\"fr-FR\",\"potentialAction\":[{\"@type\":\"ReadAction\",\"target\":[\"https:\\\/\\\/lasentinelle.dz\\\/index.php\\\/2024\\\/12\\\/16\\\/crise-politique-en-coree-du-sud-la-cour-constitutionnelle-appelee-a-sceller-le-sort-de-yoon-suk-yeol\\\/\"]}]},{\"@type\":\"ImageObject\",\"inLanguage\":\"fr-FR\",\"@id\":\"https:\\\/\\\/lasentinelle.dz\\\/index.php\\\/2024\\\/12\\\/16\\\/crise-politique-en-coree-du-sud-la-cour-constitutionnelle-appelee-a-sceller-le-sort-de-yoon-suk-yeol\\\/#primaryimage\",\"url\":\"https:\\\/\\\/lasentinelle.dz\\\/wp-content\\\/uploads\\\/2024\\\/12\\\/Yoon-Suk-Yeol-.jpg\",\"contentUrl\":\"https:\\\/\\\/lasentinelle.dz\\\/wp-content\\\/uploads\\\/2024\\\/12\\\/Yoon-Suk-Yeol-.jpg\",\"width\":800,\"height\":533},{\"@type\":\"BreadcrumbList\",\"@id\":\"https:\\\/\\\/lasentinelle.dz\\\/index.php\\\/2024\\\/12\\\/16\\\/crise-politique-en-coree-du-sud-la-cour-constitutionnelle-appelee-a-sceller-le-sort-de-yoon-suk-yeol\\\/#breadcrumb\",\"itemListElement\":[{\"@type\":\"ListItem\",\"position\":1,\"name\":\"Accueil\",\"item\":\"https:\\\/\\\/lasentinelle.dz\\\/\"},{\"@type\":\"ListItem\",\"position\":2,\"name\":\"Crise politique en Cor\u00e9e du Sud : La Cour constitutionnelle appel\u00e9e \u00e0 sceller le sort de Yoon Suk Yeol\"}]},{\"@type\":\"WebSite\",\"@id\":\"https:\\\/\\\/lasentinelle.dz\\\/#website\",\"url\":\"https:\\\/\\\/lasentinelle.dz\\\/\",\"name\":\"La Sentinelle\",\"description\":\"Quotidien national d&#039;information\",\"publisher\":{\"@id\":\"https:\\\/\\\/lasentinelle.dz\\\/#organization\"},\"potentialAction\":[{\"@type\":\"SearchAction\",\"target\":{\"@type\":\"EntryPoint\",\"urlTemplate\":\"https:\\\/\\\/lasentinelle.dz\\\/?s={search_term_string}\"},\"query-input\":{\"@type\":\"PropertyValueSpecification\",\"valueRequired\":true,\"valueName\":\"search_term_string\"}}],\"inLanguage\":\"fr-FR\"},{\"@type\":\"Organization\",\"@id\":\"https:\\\/\\\/lasentinelle.dz\\\/#organization\",\"name\":\"Quotidien La Sentinelle\",\"url\":\"https:\\\/\\\/lasentinelle.dz\\\/\",\"logo\":{\"@type\":\"ImageObject\",\"inLanguage\":\"fr-FR\",\"@id\":\"https:\\\/\\\/lasentinelle.dz\\\/#\\\/schema\\\/logo\\\/image\\\/\",\"url\":\"https:\\\/\\\/lasentinelle.dz\\\/wp-content\\\/uploads\\\/2021\\\/09\\\/logo-sentinelleSLOGAN-1.png\",\"contentUrl\":\"https:\\\/\\\/lasentinelle.dz\\\/wp-content\\\/uploads\\\/2021\\\/09\\\/logo-sentinelleSLOGAN-1.png\",\"width\":615,\"height\":142,\"caption\":\"Quotidien La Sentinelle\"},\"image\":{\"@id\":\"https:\\\/\\\/lasentinelle.dz\\\/#\\\/schema\\\/logo\\\/image\\\/\"},\"sameAs\":[\"https:\\\/\\\/www.facebook.com\\\/La-Sentinelle-104059864394773\"]},{\"@type\":\"Person\",\"@id\":\"https:\\\/\\\/lasentinelle.dz\\\/#\\\/schema\\\/person\\\/729ee0024f24e0b8c5ec17232f8e8b41\",\"name\":\"admin\",\"image\":{\"@type\":\"ImageObject\",\"inLanguage\":\"fr-FR\",\"@id\":\"https:\\\/\\\/secure.gravatar.com\\\/avatar\\\/4c81fed838786e9b53f540bf46533e750f5d292099ae3b66cfc6fb1982e29df7?s=96&d=mm&r=g\",\"url\":\"https:\\\/\\\/secure.gravatar.com\\\/avatar\\\/4c81fed838786e9b53f540bf46533e750f5d292099ae3b66cfc6fb1982e29df7?s=96&d=mm&r=g\",\"contentUrl\":\"https:\\\/\\\/secure.gravatar.com\\\/avatar\\\/4c81fed838786e9b53f540bf46533e750f5d292099ae3b66cfc6fb1982e29df7?s=96&d=mm&r=g\",\"caption\":\"admin\"},\"description\":\"admin\",\"url\":\"https:\\\/\\\/lasentinelle.dz\\\/author\\\/admin\\\/\"}]}<\/script>\n<!-- \/ Yoast SEO plugin. -->","yoast_head_json":{"title":"Crise politique en Cor\u00e9e du Sud : La Cour constitutionnelle appel\u00e9e \u00e0 sceller le sort de Yoon Suk Yeol - La Sentinelle","robots":{"index":"index","follow":"follow","max-snippet":"max-snippet:-1","max-image-preview":"max-image-preview:large","max-video-preview":"max-video-preview:-1"},"canonical":"https:\/\/lasentinelle.dz\/index.php\/2024\/12\/16\/crise-politique-en-coree-du-sud-la-cour-constitutionnelle-appelee-a-sceller-le-sort-de-yoon-suk-yeol\/","og_locale":"fr_FR","og_type":"article","og_title":"Crise politique en Cor\u00e9e du Sud : La Cour constitutionnelle appel\u00e9e \u00e0 sceller le sort de Yoon Suk Yeol - La Sentinelle","og_description":"La Cour constitutionnelle sud-cor\u00e9enne est d\u00e9sormais au c\u0153ur d&rsquo;une crise politique sans pr\u00e9c\u00e9dent, appel\u00e9e \u00e0 sceller le sort du pr\u00e9sident","og_url":"https:\/\/lasentinelle.dz\/index.php\/2024\/12\/16\/crise-politique-en-coree-du-sud-la-cour-constitutionnelle-appelee-a-sceller-le-sort-de-yoon-suk-yeol\/","og_site_name":"La Sentinelle","article_publisher":"https:\/\/www.facebook.com\/La-Sentinelle-104059864394773","article_published_time":"2024-12-16T11:17:42+00:00","og_image":[{"width":800,"height":533,"url":"https:\/\/lasentinelle.dz\/wp-content\/uploads\/2024\/12\/Yoon-Suk-Yeol-.jpg","type":"image\/jpeg"}],"author":"admin","twitter_card":"summary_large_image","twitter_misc":{"\u00c9crit par":"admin","Dur\u00e9e de lecture estim\u00e9e":"3 minutes"},"schema":{"@context":"https:\/\/schema.org","@graph":[{"@type":"Article","@id":"https:\/\/lasentinelle.dz\/index.php\/2024\/12\/16\/crise-politique-en-coree-du-sud-la-cour-constitutionnelle-appelee-a-sceller-le-sort-de-yoon-suk-yeol\/#article","isPartOf":{"@id":"https:\/\/lasentinelle.dz\/index.php\/2024\/12\/16\/crise-politique-en-coree-du-sud-la-cour-constitutionnelle-appelee-a-sceller-le-sort-de-yoon-suk-yeol\/"},"author":{"name":"admin","@id":"https:\/\/lasentinelle.dz\/#\/schema\/person\/729ee0024f24e0b8c5ec17232f8e8b41"},"headline":"Crise politique en Cor\u00e9e du Sud : La Cour constitutionnelle appel\u00e9e \u00e0 sceller le sort de Yoon Suk Yeol","datePublished":"2024-12-16T11:17:42+00:00","mainEntityOfPage":{"@id":"https:\/\/lasentinelle.dz\/index.php\/2024\/12\/16\/crise-politique-en-coree-du-sud-la-cour-constitutionnelle-appelee-a-sceller-le-sort-de-yoon-suk-yeol\/"},"wordCount":649,"commentCount":0,"publisher":{"@id":"https:\/\/lasentinelle.dz\/#organization"},"image":{"@id":"https:\/\/lasentinelle.dz\/index.php\/2024\/12\/16\/crise-politique-en-coree-du-sud-la-cour-constitutionnelle-appelee-a-sceller-le-sort-de-yoon-suk-yeol\/#primaryimage"},"thumbnailUrl":"https:\/\/lasentinelle.dz\/wp-content\/uploads\/2024\/12\/Yoon-Suk-Yeol-.jpg","articleSection":["Monde"],"inLanguage":"fr-FR","potentialAction":[{"@type":"CommentAction","name":"Comment","target":["https:\/\/lasentinelle.dz\/index.php\/2024\/12\/16\/crise-politique-en-coree-du-sud-la-cour-constitutionnelle-appelee-a-sceller-le-sort-de-yoon-suk-yeol\/#respond"]}]},{"@type":"WebPage","@id":"https:\/\/lasentinelle.dz\/index.php\/2024\/12\/16\/crise-politique-en-coree-du-sud-la-cour-constitutionnelle-appelee-a-sceller-le-sort-de-yoon-suk-yeol\/","url":"https:\/\/lasentinelle.dz\/index.php\/2024\/12\/16\/crise-politique-en-coree-du-sud-la-cour-constitutionnelle-appelee-a-sceller-le-sort-de-yoon-suk-yeol\/","name":"Crise politique en Cor\u00e9e du Sud : La Cour constitutionnelle appel\u00e9e \u00e0 sceller le sort de Yoon Suk Yeol - La Sentinelle","isPartOf":{"@id":"https:\/\/lasentinelle.dz\/#website"},"primaryImageOfPage":{"@id":"https:\/\/lasentinelle.dz\/index.php\/2024\/12\/16\/crise-politique-en-coree-du-sud-la-cour-constitutionnelle-appelee-a-sceller-le-sort-de-yoon-suk-yeol\/#primaryimage"},"image":{"@id":"https:\/\/lasentinelle.dz\/index.php\/2024\/12\/16\/crise-politique-en-coree-du-sud-la-cour-constitutionnelle-appelee-a-sceller-le-sort-de-yoon-suk-yeol\/#primaryimage"},"thumbnailUrl":"https:\/\/lasentinelle.dz\/wp-content\/uploads\/2024\/12\/Yoon-Suk-Yeol-.jpg","datePublished":"2024-12-16T11:17:42+00:00","breadcrumb":{"@id":"https:\/\/lasentinelle.dz\/index.php\/2024\/12\/16\/crise-politique-en-coree-du-sud-la-cour-constitutionnelle-appelee-a-sceller-le-sort-de-yoon-suk-yeol\/#breadcrumb"},"inLanguage":"fr-FR","potentialAction":[{"@type":"ReadAction","target":["https:\/\/lasentinelle.dz\/index.php\/2024\/12\/16\/crise-politique-en-coree-du-sud-la-cour-constitutionnelle-appelee-a-sceller-le-sort-de-yoon-suk-yeol\/"]}]},{"@type":"ImageObject","inLanguage":"fr-FR","@id":"https:\/\/lasentinelle.dz\/index.php\/2024\/12\/16\/crise-politique-en-coree-du-sud-la-cour-constitutionnelle-appelee-a-sceller-le-sort-de-yoon-suk-yeol\/#primaryimage","url":"https:\/\/lasentinelle.dz\/wp-content\/uploads\/2024\/12\/Yoon-Suk-Yeol-.jpg","contentUrl":"https:\/\/lasentinelle.dz\/wp-content\/uploads\/2024\/12\/Yoon-Suk-Yeol-.jpg","width":800,"height":533},{"@type":"BreadcrumbList","@id":"https:\/\/lasentinelle.dz\/index.php\/2024\/12\/16\/crise-politique-en-coree-du-sud-la-cour-constitutionnelle-appelee-a-sceller-le-sort-de-yoon-suk-yeol\/#breadcrumb","itemListElement":[{"@type":"ListItem","position":1,"name":"Accueil","item":"https:\/\/lasentinelle.dz\/"},{"@type":"ListItem","position":2,"name":"Crise politique en Cor\u00e9e du Sud : La Cour constitutionnelle appel\u00e9e \u00e0 sceller le sort de Yoon Suk Yeol"}]},{"@type":"WebSite","@id":"https:\/\/lasentinelle.dz\/#website","url":"https:\/\/lasentinelle.dz\/","name":"La Sentinelle","description":"Quotidien national d&#039;information","publisher":{"@id":"https:\/\/lasentinelle.dz\/#organization"},"potentialAction":[{"@type":"SearchAction","target":{"@type":"EntryPoint","urlTemplate":"https:\/\/lasentinelle.dz\/?s={search_term_string}"},"query-input":{"@type":"PropertyValueSpecification","valueRequired":true,"valueName":"search_term_string"}}],"inLanguage":"fr-FR"},{"@type":"Organization","@id":"https:\/\/lasentinelle.dz\/#organization","name":"Quotidien La Sentinelle","url":"https:\/\/lasentinelle.dz\/","logo":{"@type":"ImageObject","inLanguage":"fr-FR","@id":"https:\/\/lasentinelle.dz\/#\/schema\/logo\/image\/","url":"https:\/\/lasentinelle.dz\/wp-content\/uploads\/2021\/09\/logo-sentinelleSLOGAN-1.png","contentUrl":"https:\/\/lasentinelle.dz\/wp-content\/uploads\/2021\/09\/logo-sentinelleSLOGAN-1.png","width":615,"height":142,"caption":"Quotidien La Sentinelle"},"image":{"@id":"https:\/\/lasentinelle.dz\/#\/schema\/logo\/image\/"},"sameAs":["https:\/\/www.facebook.com\/La-Sentinelle-104059864394773"]},{"@type":"Person","@id":"https:\/\/lasentinelle.dz\/#\/schema\/person\/729ee0024f24e0b8c5ec17232f8e8b41","name":"admin","image":{"@type":"ImageObject","inLanguage":"fr-FR","@id":"https:\/\/secure.gravatar.com\/avatar\/4c81fed838786e9b53f540bf46533e750f5d292099ae3b66cfc6fb1982e29df7?s=96&d=mm&r=g","url":"https:\/\/secure.gravatar.com\/avatar\/4c81fed838786e9b53f540bf46533e750f5d292099ae3b66cfc6fb1982e29df7?s=96&d=mm&r=g","contentUrl":"https:\/\/secure.gravatar.com\/avatar\/4c81fed838786e9b53f540bf46533e750f5d292099ae3b66cfc6fb1982e29df7?s=96&d=mm&r=g","caption":"admin"},"description":"admin","url":"https:\/\/lasentinelle.dz\/author\/admin\/"}]}},"_links":{"self":[{"href":"https:\/\/lasentinelle.dz\/index.php\/wp-json\/wp\/v2\/posts\/60574","targetHints":{"allow":["GET"]}}],"collection":[{"href":"https:\/\/lasentinelle.dz\/index.php\/wp-json\/wp\/v2\/posts"}],"about":[{"href":"https:\/\/lasentinelle.dz\/index.php\/wp-json\/wp\/v2\/types\/post"}],"author":[{"embeddable":true,"href":"https:\/\/lasentinelle.dz\/index.php\/wp-json\/wp\/v2\/users\/6"}],"replies":[{"embeddable":true,"href":"https:\/\/lasentinelle.dz\/index.php\/wp-json\/wp\/v2\/comments?post=60574"}],"version-history":[{"count":1,"href":"https:\/\/lasentinelle.dz\/index.php\/wp-json\/wp\/v2\/posts\/60574\/revisions"}],"predecessor-version":[{"id":60575,"href":"https:\/\/lasentinelle.dz\/index.php\/wp-json\/wp\/v2\/posts\/60574\/revisions\/60575"}],"wp:featuredmedia":[{"embeddable":true,"href":"https:\/\/lasentinelle.dz\/index.php\/wp-json\/wp\/v2\/media\/60231"}],"wp:attachment":[{"href":"https:\/\/lasentinelle.dz\/index.php\/wp-json\/wp\/v2\/media?parent=60574"}],"wp:term":[{"taxonomy":"category","embeddable":true,"href":"https:\/\/lasentinelle.dz\/index.php\/wp-json\/wp\/v2\/categories?post=60574"},{"taxonomy":"post_tag","embeddable":true,"href":"https:\/\/lasentinelle.dz\/index.php\/wp-json\/wp\/v2\/tags?post=60574"}],"curies":[{"name":"wp","href":"https:\/\/api.w.org\/{rel}","templated":true}]}}