{"id":60582,"date":"2024-12-16T12:23:35","date_gmt":"2024-12-16T11:23:35","guid":{"rendered":"https:\/\/lasentinelle.dz\/?p=60582"},"modified":"2024-12-16T12:23:36","modified_gmt":"2024-12-16T11:23:36","slug":"maintien-du-president-de-la-faf-en-detention-zetchi-deboute-par-la-chambre-daccusation","status":"publish","type":"post","link":"https:\/\/lasentinelle.dz\/index.php\/2024\/12\/16\/maintien-du-president-de-la-faf-en-detention-zetchi-deboute-par-la-chambre-daccusation\/","title":{"rendered":"Maintien du pr\u00e9sident de la FAF en d\u00e9tention: \u00a0Zetchi d\u00e9bout\u00e9 par la chambre d\u2019accusation"},"content":{"rendered":"\n<p>Plac\u00e9 en d\u00e9tention provisoire en novembre dernier, l\u2019ancien pr\u00e9sident de la F\u00e9d\u00e9ration alg\u00e9rienne de football (FAF), Kheireddine Zetchi&nbsp;reste sous mandat de d\u00e9p\u00f4t. Telle est la d\u00e9cision prise par la chambre d\u2019accusation pr\u00e8s la cour de justice d\u2019Alger, apprend-on de source judiciaire.<\/p>\n\n\n\n<p>Le verdict de la l\u2019instance de justice a \u00e9t\u00e9 rendu en fin de semaine \u00e9coul\u00e9e, en maintenant l\u2019ex-pr\u00e9sident de la FAF en \u00e9tat de d\u00e9tention, a ajout\u00e9 la m\u00eame source. Celle \u2013ci a fait savoir que cette d\u00e9cision vient confirmer celle prise par le juge d\u2019instruction, de la troisi\u00e8me chambre pr\u00e8s le p\u00f4le p\u00e9nal&nbsp;financier et \u00e9conomique de Sidi M\u2019Hamed. On rappelle qu\u2019apr\u00e8s instruction, Kheireddine Zetchi a \u00e9t\u00e9 plac\u00e9 en d\u00e9tention \u00e0 la prison de Kol\u00e9a, avec plusieurs autres membres de l\u2019ancien bureau f\u00e9d\u00e9ral de la FAF. Il s\u2019agit en l\u2019occurrence de (M.S) et (M.D) tous deux ex-secr\u00e9taires g\u00e9n\u00e9raux de la FAF. Est \u00e9galement impliqu\u00e9 dans cette affaire et plac\u00e9 en d\u00e9tention, (AB. N), ancien directeur de l\u2019administration g\u00e9n\u00e9rale de la FAF. Les pr\u00e9venus, dont Kheireddine Zetchi, sont accus\u00e9s de conclusion de contrats en violation des proc\u00e9dures internes, dans le but d&rsquo;accorder d&rsquo;indus-avantages&nbsp;\u00e0 des tiers, occasionnant la dilapidation de deniers de la F\u00e9d\u00e9ration alg\u00e9rienne de football et du Tr\u00e9sor public. On rappelle que l&rsquo;ancien dirigeant de la FAF a \u00e9t\u00e9 auditionn\u00e9 dans le cadre d\u2019une vaste enqu\u00eate sur la gestion de la FAF entre 2020 et 2023, dont notamment les primes gratifi\u00e9es \u00e0 l\u2019encadrement technique apr\u00e8s la victoire de l\u2019Alg\u00e9rie \u00e0 la Coupe d\u2019Afrique des Nations (CAN) en 2019. \u00c0 cela s&rsquo;ajoutent les d\u00e9penses de l\u2019organisation la de Coupe d\u2019Afrique des moins de 17 ans, dont les d\u00e9penses ont \u00e9t\u00e9 jug\u00e9es tr\u00e8s excessives. Une enqu\u00eate qui concerne les deux autres pr\u00e9sidents de la FAF durant cette p\u00e9riode \u00e0 savoir Charaf Eddine Amara et Djahid Zefizef. \u00c0 l\u2019issue de son audition, Kheireddine Zetchi a \u00e9t\u00e9 poursuivi dans le cadre de la loi 01\/06 relative \u00e0 lutte contre la corruption, en plus des faits cit\u00e9s ci-dessus, est accus\u00e9 \u00e9galement du mauvais usage intentionnel de la fonction, dilapidation intentionnelle et la participation \u00e0 la dilapidation de fonds publics. Il est aussi accus\u00e9 de la contraction de contrat en contradiction avec la l\u00e9gislation et la r\u00e9glementation en vue d&rsquo;attribution d&rsquo;avantages injustifi\u00e9s en plus du b\u00e9n\u00e9fice d&rsquo;avantages injustifi\u00e9s, lors de la conclusion de contrats avec un pays \u00e9tranger ou avec une institution ou bien un organe y relevant. L&rsquo;enqu\u00eate a \u00e9galement r\u00e9v\u00e9l\u00e9 que les violations vont au-del\u00e0 des accords et des contrats qu\u2019il a conclus, \u00e0 la faveur d\u2019anciens responsables de la FAF, qui ont b\u00e9n\u00e9fici\u00e9 de bonus et de subventions financi\u00e8res, offrant des subventions de match \u00e0 des joueurs internationaux locaux en devises fortes, ainsi qu\u2019au gaspillage de l\u2019argent public en gonflant les factures d\u2019h\u00e9bergement et de nourriture en recourant \u00e0 un h\u00f4tel priv\u00e9 pour l\u2019h\u00e9bergement des membres de la conf\u00e9d\u00e9ration africaine de foot Ball (CAF). En outre, il s&rsquo;est \u00e9galement av\u00e9r\u00e9 que Zetchi a conclu un contrat au nom de la FAF avec une agence de tourisme tunisienne, qui est accus\u00e9e dans cette affaire. Celle-ci a effectu\u00e9 toutes les proc\u00e9dures li\u00e9es aux frais d&rsquo;h\u00f4tel, d&rsquo;h\u00e9bergement et d&rsquo;alimentation en plus des billets, sans recourir \u00e0 la \u2018\u2019 concurrence\u2019\u2019, choisis de l&rsquo;une des agences alg\u00e9riennes. Un grief pour lequel Kheireddine Zetchi a plaid\u00e9 devant le juge d&rsquo;instruction \u00e0 la troisi\u00e8me chambre du p\u00f4le \u00e9conomique et financier, que l&rsquo;agence tunisienne est accr\u00e9dit\u00e9e au niveau de la FAF. En attendant d\u2019autres r\u00e9v\u00e9lations, on rappelle que les deux autres anciens pr\u00e9sidents de la FAF, \u00e0 savoir Charaf Eddine Amara et Djahid Zefizef ont tous les deux plac\u00e9s sous contr\u00f4le judiciaire, par le m\u00eame magistrat instructeur pr\u00e8s le magistrat instructeur du tribunal de Sidi M&rsquo;Hamed. Les deux mis en causes, ainsi que 14 autres coaccus\u00e9s, ont \u00e9t\u00e9 auditionn\u00e9s sur la gestion de la FAF depuis 2020 jusqu&rsquo;\u00e0 2023. Une gestion, dont l&rsquo;enqu\u00eate pr\u00e9liminaire a d\u00e9bouch\u00e9 sur la pr\u00e9sence d&rsquo;un trou financier de huit milliards de dinars, mis au grand jour par l\u2019actuel pr\u00e9sident de la FAF. L\u2019information judiciaire engag\u00e9e, rappelons-le, en juillet dernier, par le parquet d\u2019Alger est encore en cours.<\/p>\n\n\n\n<p><strong>Sofia Chahine<\/strong><\/p>\n","protected":false},"excerpt":{"rendered":"<p>Plac\u00e9 en d\u00e9tention provisoire en novembre dernier, l\u2019ancien pr\u00e9sident de la F\u00e9d\u00e9ration alg\u00e9rienne de football (FAF), Kheireddine Zetchi&nbsp;reste sous mandat<\/p>\n","protected":false},"author":6,"featured_media":60583,"comment_status":"open","ping_status":"closed","sticky":false,"template":"","format":"standard","meta":{"colormag_page_container_layout":"default_layout","colormag_page_sidebar_layout":"default_layout","om_disable_all_campaigns":false,"_monsterinsights_skip_tracking":false,"_monsterinsights_sitenote_active":false,"_monsterinsights_sitenote_note":"","_monsterinsights_sitenote_category":0,"footnotes":"","_wpscppro_dont_share_socialmedia":false,"_wpscppro_custom_social_share_image":0,"_facebook_share_type":"default","_twitter_share_type":"default","_linkedin_share_type":"default","_pinterest_share_type":"default","_linkedin_share_type_page":"","_instagram_share_type":"default","_medium_share_type":"default","_threads_share_type":"","_google_business_share_type":"","_selected_social_profile":[],"_wpsp_enable_custom_social_template":false,"_wpsp_social_scheduling":{"enabled":false,"datetime":null,"platforms":[],"status":"template_only","dateOption":"today","timeOption":"now","customDays":"","customHours":"","customDate":"","customTime":"","schedulingType":"absolute"},"_wpsp_active_default_template":true},"categories":[33],"tags":[],"class_list":["post-60582","post","type-post","status-publish","format-standard","has-post-thumbnail","hentry","category-sports"],"aioseo_notices":[],"yoast_head":"<!-- This site is optimized with the Yoast SEO plugin v27.5 - https:\/\/yoast.com\/product\/yoast-seo-wordpress\/ -->\n<title>Maintien du pr\u00e9sident de la FAF en d\u00e9tention: \u00a0Zetchi d\u00e9bout\u00e9 par la chambre d\u2019accusation - La Sentinelle<\/title>\n<meta name=\"robots\" content=\"index, follow, max-snippet:-1, max-image-preview:large, max-video-preview:-1\" \/>\n<link rel=\"canonical\" href=\"https:\/\/lasentinelle.dz\/index.php\/2024\/12\/16\/maintien-du-president-de-la-faf-en-detention-zetchi-deboute-par-la-chambre-daccusation\/\" \/>\n<meta property=\"og:locale\" content=\"fr_FR\" \/>\n<meta property=\"og:type\" content=\"article\" \/>\n<meta property=\"og:title\" content=\"Maintien du pr\u00e9sident de la FAF en d\u00e9tention: \u00a0Zetchi d\u00e9bout\u00e9 par la chambre d\u2019accusation - La Sentinelle\" \/>\n<meta property=\"og:description\" content=\"Plac\u00e9 en d\u00e9tention provisoire en novembre dernier, l\u2019ancien pr\u00e9sident de la F\u00e9d\u00e9ration alg\u00e9rienne de football (FAF), Kheireddine Zetchi&nbsp;reste sous mandat\" \/>\n<meta property=\"og:url\" content=\"https:\/\/lasentinelle.dz\/index.php\/2024\/12\/16\/maintien-du-president-de-la-faf-en-detention-zetchi-deboute-par-la-chambre-daccusation\/\" \/>\n<meta property=\"og:site_name\" content=\"La Sentinelle\" \/>\n<meta property=\"article:publisher\" content=\"https:\/\/www.facebook.com\/La-Sentinelle-104059864394773\" \/>\n<meta property=\"article:published_time\" content=\"2024-12-16T11:23:35+00:00\" \/>\n<meta property=\"article:modified_time\" content=\"2024-12-16T11:23:36+00:00\" \/>\n<meta property=\"og:image\" content=\"https:\/\/lasentinelle.dz\/wp-content\/uploads\/2024\/12\/Zetchi.jpeg\" \/>\n\t<meta property=\"og:image:width\" content=\"300\" \/>\n\t<meta property=\"og:image:height\" content=\"168\" \/>\n\t<meta property=\"og:image:type\" content=\"image\/jpeg\" \/>\n<meta name=\"author\" content=\"admin\" \/>\n<meta name=\"twitter:card\" content=\"summary_large_image\" \/>\n<meta name=\"twitter:label1\" content=\"\u00c9crit par\" \/>\n\t<meta name=\"twitter:data1\" content=\"admin\" \/>\n\t<meta name=\"twitter:label2\" content=\"Dur\u00e9e de lecture estim\u00e9e\" \/>\n\t<meta name=\"twitter:data2\" content=\"4 minutes\" \/>\n<script type=\"application\/ld+json\" class=\"yoast-schema-graph\">{\"@context\":\"https:\\\/\\\/schema.org\",\"@graph\":[{\"@type\":\"Article\",\"@id\":\"https:\\\/\\\/lasentinelle.dz\\\/index.php\\\/2024\\\/12\\\/16\\\/maintien-du-president-de-la-faf-en-detention-zetchi-deboute-par-la-chambre-daccusation\\\/#article\",\"isPartOf\":{\"@id\":\"https:\\\/\\\/lasentinelle.dz\\\/index.php\\\/2024\\\/12\\\/16\\\/maintien-du-president-de-la-faf-en-detention-zetchi-deboute-par-la-chambre-daccusation\\\/\"},\"author\":{\"name\":\"admin\",\"@id\":\"https:\\\/\\\/lasentinelle.dz\\\/#\\\/schema\\\/person\\\/729ee0024f24e0b8c5ec17232f8e8b41\"},\"headline\":\"Maintien du pr\u00e9sident de la FAF en d\u00e9tention: \u00a0Zetchi d\u00e9bout\u00e9 par la chambre d\u2019accusation\",\"datePublished\":\"2024-12-16T11:23:35+00:00\",\"dateModified\":\"2024-12-16T11:23:36+00:00\",\"mainEntityOfPage\":{\"@id\":\"https:\\\/\\\/lasentinelle.dz\\\/index.php\\\/2024\\\/12\\\/16\\\/maintien-du-president-de-la-faf-en-detention-zetchi-deboute-par-la-chambre-daccusation\\\/\"},\"wordCount\":814,\"commentCount\":0,\"publisher\":{\"@id\":\"https:\\\/\\\/lasentinelle.dz\\\/#organization\"},\"image\":{\"@id\":\"https:\\\/\\\/lasentinelle.dz\\\/index.php\\\/2024\\\/12\\\/16\\\/maintien-du-president-de-la-faf-en-detention-zetchi-deboute-par-la-chambre-daccusation\\\/#primaryimage\"},\"thumbnailUrl\":\"https:\\\/\\\/lasentinelle.dz\\\/wp-content\\\/uploads\\\/2024\\\/12\\\/Zetchi.jpeg\",\"articleSection\":[\"Sports\"],\"inLanguage\":\"fr-FR\",\"potentialAction\":[{\"@type\":\"CommentAction\",\"name\":\"Comment\",\"target\":[\"https:\\\/\\\/lasentinelle.dz\\\/index.php\\\/2024\\\/12\\\/16\\\/maintien-du-president-de-la-faf-en-detention-zetchi-deboute-par-la-chambre-daccusation\\\/#respond\"]}]},{\"@type\":\"WebPage\",\"@id\":\"https:\\\/\\\/lasentinelle.dz\\\/index.php\\\/2024\\\/12\\\/16\\\/maintien-du-president-de-la-faf-en-detention-zetchi-deboute-par-la-chambre-daccusation\\\/\",\"url\":\"https:\\\/\\\/lasentinelle.dz\\\/index.php\\\/2024\\\/12\\\/16\\\/maintien-du-president-de-la-faf-en-detention-zetchi-deboute-par-la-chambre-daccusation\\\/\",\"name\":\"Maintien du pr\u00e9sident de la FAF en d\u00e9tention: \u00a0Zetchi d\u00e9bout\u00e9 par la chambre d\u2019accusation - La Sentinelle\",\"isPartOf\":{\"@id\":\"https:\\\/\\\/lasentinelle.dz\\\/#website\"},\"primaryImageOfPage\":{\"@id\":\"https:\\\/\\\/lasentinelle.dz\\\/index.php\\\/2024\\\/12\\\/16\\\/maintien-du-president-de-la-faf-en-detention-zetchi-deboute-par-la-chambre-daccusation\\\/#primaryimage\"},\"image\":{\"@id\":\"https:\\\/\\\/lasentinelle.dz\\\/index.php\\\/2024\\\/12\\\/16\\\/maintien-du-president-de-la-faf-en-detention-zetchi-deboute-par-la-chambre-daccusation\\\/#primaryimage\"},\"thumbnailUrl\":\"https:\\\/\\\/lasentinelle.dz\\\/wp-content\\\/uploads\\\/2024\\\/12\\\/Zetchi.jpeg\",\"datePublished\":\"2024-12-16T11:23:35+00:00\",\"dateModified\":\"2024-12-16T11:23:36+00:00\",\"breadcrumb\":{\"@id\":\"https:\\\/\\\/lasentinelle.dz\\\/index.php\\\/2024\\\/12\\\/16\\\/maintien-du-president-de-la-faf-en-detention-zetchi-deboute-par-la-chambre-daccusation\\\/#breadcrumb\"},\"inLanguage\":\"fr-FR\",\"potentialAction\":[{\"@type\":\"ReadAction\",\"target\":[\"https:\\\/\\\/lasentinelle.dz\\\/index.php\\\/2024\\\/12\\\/16\\\/maintien-du-president-de-la-faf-en-detention-zetchi-deboute-par-la-chambre-daccusation\\\/\"]}]},{\"@type\":\"ImageObject\",\"inLanguage\":\"fr-FR\",\"@id\":\"https:\\\/\\\/lasentinelle.dz\\\/index.php\\\/2024\\\/12\\\/16\\\/maintien-du-president-de-la-faf-en-detention-zetchi-deboute-par-la-chambre-daccusation\\\/#primaryimage\",\"url\":\"https:\\\/\\\/lasentinelle.dz\\\/wp-content\\\/uploads\\\/2024\\\/12\\\/Zetchi.jpeg\",\"contentUrl\":\"https:\\\/\\\/lasentinelle.dz\\\/wp-content\\\/uploads\\\/2024\\\/12\\\/Zetchi.jpeg\",\"width\":300,\"height\":168},{\"@type\":\"BreadcrumbList\",\"@id\":\"https:\\\/\\\/lasentinelle.dz\\\/index.php\\\/2024\\\/12\\\/16\\\/maintien-du-president-de-la-faf-en-detention-zetchi-deboute-par-la-chambre-daccusation\\\/#breadcrumb\",\"itemListElement\":[{\"@type\":\"ListItem\",\"position\":1,\"name\":\"Accueil\",\"item\":\"https:\\\/\\\/lasentinelle.dz\\\/\"},{\"@type\":\"ListItem\",\"position\":2,\"name\":\"Maintien du pr\u00e9sident de la FAF en d\u00e9tention: \u00a0Zetchi d\u00e9bout\u00e9 par la chambre d\u2019accusation\"}]},{\"@type\":\"WebSite\",\"@id\":\"https:\\\/\\\/lasentinelle.dz\\\/#website\",\"url\":\"https:\\\/\\\/lasentinelle.dz\\\/\",\"name\":\"La Sentinelle\",\"description\":\"Quotidien national d&#039;information\",\"publisher\":{\"@id\":\"https:\\\/\\\/lasentinelle.dz\\\/#organization\"},\"potentialAction\":[{\"@type\":\"SearchAction\",\"target\":{\"@type\":\"EntryPoint\",\"urlTemplate\":\"https:\\\/\\\/lasentinelle.dz\\\/?s={search_term_string}\"},\"query-input\":{\"@type\":\"PropertyValueSpecification\",\"valueRequired\":true,\"valueName\":\"search_term_string\"}}],\"inLanguage\":\"fr-FR\"},{\"@type\":\"Organization\",\"@id\":\"https:\\\/\\\/lasentinelle.dz\\\/#organization\",\"name\":\"Quotidien La Sentinelle\",\"url\":\"https:\\\/\\\/lasentinelle.dz\\\/\",\"logo\":{\"@type\":\"ImageObject\",\"inLanguage\":\"fr-FR\",\"@id\":\"https:\\\/\\\/lasentinelle.dz\\\/#\\\/schema\\\/logo\\\/image\\\/\",\"url\":\"https:\\\/\\\/lasentinelle.dz\\\/wp-content\\\/uploads\\\/2021\\\/09\\\/logo-sentinelleSLOGAN-1.png\",\"contentUrl\":\"https:\\\/\\\/lasentinelle.dz\\\/wp-content\\\/uploads\\\/2021\\\/09\\\/logo-sentinelleSLOGAN-1.png\",\"width\":615,\"height\":142,\"caption\":\"Quotidien La Sentinelle\"},\"image\":{\"@id\":\"https:\\\/\\\/lasentinelle.dz\\\/#\\\/schema\\\/logo\\\/image\\\/\"},\"sameAs\":[\"https:\\\/\\\/www.facebook.com\\\/La-Sentinelle-104059864394773\"]},{\"@type\":\"Person\",\"@id\":\"https:\\\/\\\/lasentinelle.dz\\\/#\\\/schema\\\/person\\\/729ee0024f24e0b8c5ec17232f8e8b41\",\"name\":\"admin\",\"image\":{\"@type\":\"ImageObject\",\"inLanguage\":\"fr-FR\",\"@id\":\"https:\\\/\\\/secure.gravatar.com\\\/avatar\\\/4c81fed838786e9b53f540bf46533e750f5d292099ae3b66cfc6fb1982e29df7?s=96&d=mm&r=g\",\"url\":\"https:\\\/\\\/secure.gravatar.com\\\/avatar\\\/4c81fed838786e9b53f540bf46533e750f5d292099ae3b66cfc6fb1982e29df7?s=96&d=mm&r=g\",\"contentUrl\":\"https:\\\/\\\/secure.gravatar.com\\\/avatar\\\/4c81fed838786e9b53f540bf46533e750f5d292099ae3b66cfc6fb1982e29df7?s=96&d=mm&r=g\",\"caption\":\"admin\"},\"description\":\"admin\",\"url\":\"https:\\\/\\\/lasentinelle.dz\\\/author\\\/admin\\\/\"}]}<\/script>\n<!-- \/ Yoast SEO plugin. -->","yoast_head_json":{"title":"Maintien du pr\u00e9sident de la FAF en d\u00e9tention: \u00a0Zetchi d\u00e9bout\u00e9 par la chambre d\u2019accusation - La Sentinelle","robots":{"index":"index","follow":"follow","max-snippet":"max-snippet:-1","max-image-preview":"max-image-preview:large","max-video-preview":"max-video-preview:-1"},"canonical":"https:\/\/lasentinelle.dz\/index.php\/2024\/12\/16\/maintien-du-president-de-la-faf-en-detention-zetchi-deboute-par-la-chambre-daccusation\/","og_locale":"fr_FR","og_type":"article","og_title":"Maintien du pr\u00e9sident de la FAF en d\u00e9tention: \u00a0Zetchi d\u00e9bout\u00e9 par la chambre d\u2019accusation - La Sentinelle","og_description":"Plac\u00e9 en d\u00e9tention provisoire en novembre dernier, l\u2019ancien pr\u00e9sident de la F\u00e9d\u00e9ration alg\u00e9rienne de football (FAF), Kheireddine Zetchi&nbsp;reste sous mandat","og_url":"https:\/\/lasentinelle.dz\/index.php\/2024\/12\/16\/maintien-du-president-de-la-faf-en-detention-zetchi-deboute-par-la-chambre-daccusation\/","og_site_name":"La Sentinelle","article_publisher":"https:\/\/www.facebook.com\/La-Sentinelle-104059864394773","article_published_time":"2024-12-16T11:23:35+00:00","article_modified_time":"2024-12-16T11:23:36+00:00","og_image":[{"width":300,"height":168,"url":"https:\/\/lasentinelle.dz\/wp-content\/uploads\/2024\/12\/Zetchi.jpeg","type":"image\/jpeg"}],"author":"admin","twitter_card":"summary_large_image","twitter_misc":{"\u00c9crit par":"admin","Dur\u00e9e de lecture estim\u00e9e":"4 minutes"},"schema":{"@context":"https:\/\/schema.org","@graph":[{"@type":"Article","@id":"https:\/\/lasentinelle.dz\/index.php\/2024\/12\/16\/maintien-du-president-de-la-faf-en-detention-zetchi-deboute-par-la-chambre-daccusation\/#article","isPartOf":{"@id":"https:\/\/lasentinelle.dz\/index.php\/2024\/12\/16\/maintien-du-president-de-la-faf-en-detention-zetchi-deboute-par-la-chambre-daccusation\/"},"author":{"name":"admin","@id":"https:\/\/lasentinelle.dz\/#\/schema\/person\/729ee0024f24e0b8c5ec17232f8e8b41"},"headline":"Maintien du pr\u00e9sident de la FAF en d\u00e9tention: \u00a0Zetchi d\u00e9bout\u00e9 par la chambre d\u2019accusation","datePublished":"2024-12-16T11:23:35+00:00","dateModified":"2024-12-16T11:23:36+00:00","mainEntityOfPage":{"@id":"https:\/\/lasentinelle.dz\/index.php\/2024\/12\/16\/maintien-du-president-de-la-faf-en-detention-zetchi-deboute-par-la-chambre-daccusation\/"},"wordCount":814,"commentCount":0,"publisher":{"@id":"https:\/\/lasentinelle.dz\/#organization"},"image":{"@id":"https:\/\/lasentinelle.dz\/index.php\/2024\/12\/16\/maintien-du-president-de-la-faf-en-detention-zetchi-deboute-par-la-chambre-daccusation\/#primaryimage"},"thumbnailUrl":"https:\/\/lasentinelle.dz\/wp-content\/uploads\/2024\/12\/Zetchi.jpeg","articleSection":["Sports"],"inLanguage":"fr-FR","potentialAction":[{"@type":"CommentAction","name":"Comment","target":["https:\/\/lasentinelle.dz\/index.php\/2024\/12\/16\/maintien-du-president-de-la-faf-en-detention-zetchi-deboute-par-la-chambre-daccusation\/#respond"]}]},{"@type":"WebPage","@id":"https:\/\/lasentinelle.dz\/index.php\/2024\/12\/16\/maintien-du-president-de-la-faf-en-detention-zetchi-deboute-par-la-chambre-daccusation\/","url":"https:\/\/lasentinelle.dz\/index.php\/2024\/12\/16\/maintien-du-president-de-la-faf-en-detention-zetchi-deboute-par-la-chambre-daccusation\/","name":"Maintien du pr\u00e9sident de la FAF en d\u00e9tention: \u00a0Zetchi d\u00e9bout\u00e9 par la chambre d\u2019accusation - La Sentinelle","isPartOf":{"@id":"https:\/\/lasentinelle.dz\/#website"},"primaryImageOfPage":{"@id":"https:\/\/lasentinelle.dz\/index.php\/2024\/12\/16\/maintien-du-president-de-la-faf-en-detention-zetchi-deboute-par-la-chambre-daccusation\/#primaryimage"},"image":{"@id":"https:\/\/lasentinelle.dz\/index.php\/2024\/12\/16\/maintien-du-president-de-la-faf-en-detention-zetchi-deboute-par-la-chambre-daccusation\/#primaryimage"},"thumbnailUrl":"https:\/\/lasentinelle.dz\/wp-content\/uploads\/2024\/12\/Zetchi.jpeg","datePublished":"2024-12-16T11:23:35+00:00","dateModified":"2024-12-16T11:23:36+00:00","breadcrumb":{"@id":"https:\/\/lasentinelle.dz\/index.php\/2024\/12\/16\/maintien-du-president-de-la-faf-en-detention-zetchi-deboute-par-la-chambre-daccusation\/#breadcrumb"},"inLanguage":"fr-FR","potentialAction":[{"@type":"ReadAction","target":["https:\/\/lasentinelle.dz\/index.php\/2024\/12\/16\/maintien-du-president-de-la-faf-en-detention-zetchi-deboute-par-la-chambre-daccusation\/"]}]},{"@type":"ImageObject","inLanguage":"fr-FR","@id":"https:\/\/lasentinelle.dz\/index.php\/2024\/12\/16\/maintien-du-president-de-la-faf-en-detention-zetchi-deboute-par-la-chambre-daccusation\/#primaryimage","url":"https:\/\/lasentinelle.dz\/wp-content\/uploads\/2024\/12\/Zetchi.jpeg","contentUrl":"https:\/\/lasentinelle.dz\/wp-content\/uploads\/2024\/12\/Zetchi.jpeg","width":300,"height":168},{"@type":"BreadcrumbList","@id":"https:\/\/lasentinelle.dz\/index.php\/2024\/12\/16\/maintien-du-president-de-la-faf-en-detention-zetchi-deboute-par-la-chambre-daccusation\/#breadcrumb","itemListElement":[{"@type":"ListItem","position":1,"name":"Accueil","item":"https:\/\/lasentinelle.dz\/"},{"@type":"ListItem","position":2,"name":"Maintien du pr\u00e9sident de la FAF en d\u00e9tention: \u00a0Zetchi d\u00e9bout\u00e9 par la chambre d\u2019accusation"}]},{"@type":"WebSite","@id":"https:\/\/lasentinelle.dz\/#website","url":"https:\/\/lasentinelle.dz\/","name":"La Sentinelle","description":"Quotidien national d&#039;information","publisher":{"@id":"https:\/\/lasentinelle.dz\/#organization"},"potentialAction":[{"@type":"SearchAction","target":{"@type":"EntryPoint","urlTemplate":"https:\/\/lasentinelle.dz\/?s={search_term_string}"},"query-input":{"@type":"PropertyValueSpecification","valueRequired":true,"valueName":"search_term_string"}}],"inLanguage":"fr-FR"},{"@type":"Organization","@id":"https:\/\/lasentinelle.dz\/#organization","name":"Quotidien La Sentinelle","url":"https:\/\/lasentinelle.dz\/","logo":{"@type":"ImageObject","inLanguage":"fr-FR","@id":"https:\/\/lasentinelle.dz\/#\/schema\/logo\/image\/","url":"https:\/\/lasentinelle.dz\/wp-content\/uploads\/2021\/09\/logo-sentinelleSLOGAN-1.png","contentUrl":"https:\/\/lasentinelle.dz\/wp-content\/uploads\/2021\/09\/logo-sentinelleSLOGAN-1.png","width":615,"height":142,"caption":"Quotidien La Sentinelle"},"image":{"@id":"https:\/\/lasentinelle.dz\/#\/schema\/logo\/image\/"},"sameAs":["https:\/\/www.facebook.com\/La-Sentinelle-104059864394773"]},{"@type":"Person","@id":"https:\/\/lasentinelle.dz\/#\/schema\/person\/729ee0024f24e0b8c5ec17232f8e8b41","name":"admin","image":{"@type":"ImageObject","inLanguage":"fr-FR","@id":"https:\/\/secure.gravatar.com\/avatar\/4c81fed838786e9b53f540bf46533e750f5d292099ae3b66cfc6fb1982e29df7?s=96&d=mm&r=g","url":"https:\/\/secure.gravatar.com\/avatar\/4c81fed838786e9b53f540bf46533e750f5d292099ae3b66cfc6fb1982e29df7?s=96&d=mm&r=g","contentUrl":"https:\/\/secure.gravatar.com\/avatar\/4c81fed838786e9b53f540bf46533e750f5d292099ae3b66cfc6fb1982e29df7?s=96&d=mm&r=g","caption":"admin"},"description":"admin","url":"https:\/\/lasentinelle.dz\/author\/admin\/"}]}},"_links":{"self":[{"href":"https:\/\/lasentinelle.dz\/index.php\/wp-json\/wp\/v2\/posts\/60582","targetHints":{"allow":["GET"]}}],"collection":[{"href":"https:\/\/lasentinelle.dz\/index.php\/wp-json\/wp\/v2\/posts"}],"about":[{"href":"https:\/\/lasentinelle.dz\/index.php\/wp-json\/wp\/v2\/types\/post"}],"author":[{"embeddable":true,"href":"https:\/\/lasentinelle.dz\/index.php\/wp-json\/wp\/v2\/users\/6"}],"replies":[{"embeddable":true,"href":"https:\/\/lasentinelle.dz\/index.php\/wp-json\/wp\/v2\/comments?post=60582"}],"version-history":[{"count":1,"href":"https:\/\/lasentinelle.dz\/index.php\/wp-json\/wp\/v2\/posts\/60582\/revisions"}],"predecessor-version":[{"id":60584,"href":"https:\/\/lasentinelle.dz\/index.php\/wp-json\/wp\/v2\/posts\/60582\/revisions\/60584"}],"wp:featuredmedia":[{"embeddable":true,"href":"https:\/\/lasentinelle.dz\/index.php\/wp-json\/wp\/v2\/media\/60583"}],"wp:attachment":[{"href":"https:\/\/lasentinelle.dz\/index.php\/wp-json\/wp\/v2\/media?parent=60582"}],"wp:term":[{"taxonomy":"category","embeddable":true,"href":"https:\/\/lasentinelle.dz\/index.php\/wp-json\/wp\/v2\/categories?post=60582"},{"taxonomy":"post_tag","embeddable":true,"href":"https:\/\/lasentinelle.dz\/index.php\/wp-json\/wp\/v2\/tags?post=60582"}],"curies":[{"name":"wp","href":"https:\/\/api.w.org\/{rel}","templated":true}]}}